{"id":4312,"date":"2026-02-17T14:43:28","date_gmt":"2026-02-17T12:43:28","guid":{"rendered":"https:\/\/blogg.svenskakyrkan.se\/opinion\/?p=4312"},"modified":"2026-04-22T17:44:29","modified_gmt":"2026-04-22T15:44:29","slug":"social-trygghet-ar-ett-politiskt-val-inte-en-teknisk-detalj","status":"publish","type":"post","link":"https:\/\/blogg.svenskakyrkan.se\/opinion\/2026\/02\/17\/social-trygghet-ar-ett-politiskt-val-inte-en-teknisk-detalj\/","title":{"rendered":"Social trygghet \u00e4r\u00a0ett politiskt val, inte en teknisk detalj\u00a0"},"content":{"rendered":"\n<p class=\"is-style-intro\">Bist\u00e5nd till social trygghetssystem handlar inte om teknik, utan om vilket samh\u00e4lle vi vill bygga. Ett samtal p\u00e5 ABF-huset nyligen visade hur riktade fattigdomsprogram ofta stigmatiserar, exkluderar och urholkar tilliten \u2013 medan universella system skapar v\u00e4rdighet, stabilitet och brett politiskt st\u00f6d.<\/p>\n<figure class=\"wp-block-post-featured-image\"><img loading=\"lazy\" decoding=\"async\" width=\"2560\" height=\"1815\" src=\"https:\/\/blogg.svenskakyrkan.se\/opinion\/files\/2026\/02\/5-feb-speakers-ABF-beskuren-scaled.jpeg\" class=\"attachment-post-thumbnail size-post-thumbnail wp-post-image\" alt=\"Gunnel Axelsson Nycander, Tomas Eneroth och Matthew Greenslade\" style=\"object-fit:cover;\" srcset=\"https:\/\/blogg.svenskakyrkan.se\/opinion\/files\/2026\/02\/5-feb-speakers-ABF-beskuren-scaled.jpeg 2560w, https:\/\/blogg.svenskakyrkan.se\/opinion\/files\/2026\/02\/5-feb-speakers-ABF-beskuren-300x213.jpeg 300w, https:\/\/blogg.svenskakyrkan.se\/opinion\/files\/2026\/02\/5-feb-speakers-ABF-beskuren-1024x726.jpeg 1024w, https:\/\/blogg.svenskakyrkan.se\/opinion\/files\/2026\/02\/5-feb-speakers-ABF-beskuren-768x544.jpeg 768w, https:\/\/blogg.svenskakyrkan.se\/opinion\/files\/2026\/02\/5-feb-speakers-ABF-beskuren-1536x1089.jpeg 1536w, https:\/\/blogg.svenskakyrkan.se\/opinion\/files\/2026\/02\/5-feb-speakers-ABF-beskuren-2048x1452.jpeg 2048w, https:\/\/blogg.svenskakyrkan.se\/opinion\/files\/2026\/02\/5-feb-speakers-ABF-beskuren-1200x851.jpeg 1200w\" sizes=\"auto, (max-width: 2560px) 100vw, 2560px\" \/><\/figure>\n\n\n<p>Den 5 februari h\u00f6lls ett f\u00f6rfattarsamtal p\u00e5 ABF-huset i Stockholm&nbsp;mellan&nbsp;f\u00f6rfattaren&nbsp;Matthew Greenslade&nbsp;och&nbsp;Tomas Eneroth,&nbsp;tidigare&nbsp;minister och riksdagsledamot f\u00f6r&nbsp;Socialdemokraterna. Samtalet som&nbsp;leddes av&nbsp;Gunnel Axelsson Nycander p\u00e5 Act svenska kyrkan handlade&nbsp;om&nbsp;hur&nbsp;sociala&nbsp;trygghetssystem&nbsp;kan utformas p\u00e5 olika s\u00e4tt,&nbsp;och&nbsp;om hur V\u00e4rldsbanken p\u00e5verkar enskilda l\u00e4nders&nbsp;v\u00e4gv\u00e4l. Utg\u00e5ngspunkten var den bok som Greenslade nyligen publicerat och som kan l\u00e4sas gratis online tack vare st\u00f6d fr\u00e5n Act Svenska kyrkan: <br><a href=\"https:\/\/www.bloomsbury.com\/uk\/beyond-the-world-bank-9781350508828\/\">Beyond the World Bank: The Fight for Universal Social Protection in the Global South<\/a>.<\/p>\n\n\n\n<p>Det som kunde ha blivit ett tekniskt samtal om v\u00e4lf\u00e4rdssystem och bist\u00e5ndsmodeller blev i st\u00e4llet n\u00e5got betydligt mer grundl\u00e4ggande:&nbsp;ett samtal om politik, moral och hopp.&nbsp;<\/p>\n\n\n\n<p>I centrum stod en kritik mot en av de mest dominerande id\u00e9erna inom internationell utvecklingspolitik de senaste decennierna: att fattigdom fr\u00e4mst ska bek\u00e4mpas genom riktade insatser. Mycket av detta t\u00e4nkande har drivits av V\u00e4rldsbankens fokus p\u00e5&nbsp;<em>proxy&nbsp;means&nbsp;testing<\/em>&nbsp;och&nbsp;<em>poverty&nbsp;targeting<\/em>,&nbsp;det vill s\u00e4ga system som syftar till att identifiera och st\u00f6dja endast dem som klassas som \u201dtillr\u00e4ckligt fattiga\u201d.&nbsp;<\/p>\n\n\n\n<p>Problemet, som flera av talarna lyfte, \u00e4r inte bara att dessa system ofta fungerar d\u00e5ligt i praktiken&nbsp;och \u00e4r oerh\u00f6rt dyra.&nbsp;(De&nbsp;\u00e4r till exempel helt r\u00e4ttsos\u00e4kra och&nbsp;exkluderar&nbsp;en majoritet av de m\u00e4nniskor de \u00e4r t\u00e4nkta att&nbsp;identifiera.)&nbsp;&nbsp;Problemet \u00e4r att de bygger p\u00e5 en felaktig utg\u00e5ngspunkt: att \u201dfattiga m\u00e4nniskor\u201d \u00e4r en avgr\u00e4nsad grupp som \u00e4r hyfsat stabil \u00f6ver tid.&nbsp;<\/p>\n\n\n\n<h2 class=\"wp-block-heading\">Universella system fungerar och de spelar roll&nbsp;<\/h2>\n\n\n\n<p>Alternativet \u00e4r universellt socialt skydd: system som omfattar alla, eftersom alla&nbsp;\u00e4r s\u00e5rbara och kan&nbsp;beh\u00f6va&nbsp;st\u00f6d, s\u00e4rskilt&nbsp;i vissa skeden i livet, snarare \u00e4n att sortera m\u00e4nniskor&nbsp;som fattiga\/inte fattiga. Samtalet beskrev en tydlig och pragmatisk v\u00e4g fram\u00e5t. M\u00e5nga l\u00e4nder b\u00f6rjar med en allm\u00e4n pension, f\u00f6ljer upp med barnbidrag och st\u00f6d till personer med funktionsneds\u00e4ttning, och bygger d\u00e4refter gradvis ut systemen i takt med \u00f6kat finanspolitiskt utrymme och politiskt st\u00f6d.&nbsp;&nbsp;<\/p>\n\n\n\n<p>Detta \u00e4r inte teori. Det \u00e4r bepr\u00f6vad praktik&nbsp;som fungerar&nbsp;i olika regioner&nbsp;och&nbsp;under olika ekonomiska f\u00f6ruts\u00e4ttningar.&nbsp;I sj\u00e4lva verket \u00e4r detta en helt central del av&nbsp;Sveriges&nbsp;utveckling under 1900-talet, som Tomas Eneroth&nbsp;p\u00e5pekade.&nbsp;<\/p>\n\n\n\n<h2 class=\"wp-block-heading\">D\u00e4rf\u00f6r \u00e4r pension ett logiskt f\u00f6rsta steg<\/h2>\n\n\n\n<p>M\u00e5nga l\u00e5g- och medelinkomstl\u00e4nder har unga befolkningar, vilket inneb\u00e4r att andelen \u00e4ldre \u00e4r relativt liten. Det g\u00f6r universella pensionssystem betydligt billigare att inf\u00f6ra initialt \u00e4n vad som ofta antas i internationella policydebatter, samtidigt som de \u00e4ldre ofta&nbsp;\u00e4r s\u00e4rskilt utsatta f\u00f6r&nbsp;fattigdom.&nbsp;<\/p>\n\n\n\n<p>Samtidigt \u00e4r pensioner politiskt smarta. Alla vill bli gamla. Ett allm\u00e4nt pensionssystem gynnar inte bara dagens \u00e4ldre, utan ocks\u00e5 dagens unga som vet att systemet en dag kommer att omfatta dem sj\u00e4lva. Det skapar ett brett folkligt st\u00f6d och ett starkt \u201dbuy&nbsp;in\u201d \u00f6ver generationer, vilket i sin tur g\u00f6r systemen mer h\u00e5llbara \u00f6ver tid.&nbsp; <\/p>\n\n\n\n<p>Det \u00e4r d\u00e4rf\u00f6r ingen slump att&nbsp;pensioner ofta&nbsp;\u00e4r det&nbsp;f\u00f6rsta steget&nbsp;i uppbyggnaden av universellt socialt skydd: l\u00e5g initial kostnad, h\u00f6g social effekt och stark politisk legitimitet.&nbsp;<\/p>\n\n\n\n<h2 class=\"wp-block-heading\"><strong>Inte tekniskt&nbsp;utan&nbsp;politik och moral<\/strong>&nbsp;<\/h2>\n\n\n\n<p>En av de viktigaste po\u00e4ngerna under samtalet var att sociala trygghetssystem&nbsp;alltf\u00f6r ofta framst\u00e4lls som en teknisk fr\u00e5ga. I sj\u00e4lva verket&nbsp;handlar det i grunden om&nbsp;politik och moral.&nbsp;<\/p>\n\n\n\n<p>Riktade system kr\u00e4ver st\u00e4ndig \u00f6vervakning, kategorisering och exkludering. De avg\u00f6r vem som \u00e4r \u201dv\u00e4rdig\u201d st\u00f6d och vem som faller utanf\u00f6r. Universella system bygger i st\u00e4llet p\u00e5 id\u00e9n om gemensamt medborgarskap och kollektivt ansvar. Social&nbsp;trygghet&nbsp;ses inte som v\u00e4lg\u00f6renhet, utan som en r\u00e4ttighet.&nbsp;<\/p>\n\n\n\n<p>Detta har konsekvenser. Universella system \u00e4r ofta mer robusta, mindre stigmatiserande och politiskt mer motst\u00e5ndskraftiga. De skapar breda grupper av m\u00e4nniskor som har ett intresse av att f\u00f6rsvara dem och det \u00e4r d\u00e4rf\u00f6r de tenderar att best\u00e5.&nbsp;&nbsp;<\/p>\n\n\n\n<h2 class=\"wp-block-heading\">En ber\u00e4ttelse om hopp<strong>&nbsp;<\/strong><\/h2>\n\n\n\n<p>I en tid d\u00e5 den globala utvecklingsdebatten ofta pr\u00e4glas av pessimism erbj\u00f6d detta samtal n\u00e5got ovanligt: en genuin ber\u00e4ttelse om hopp.&nbsp;<\/p>\n\n\n\n<p>Ser man till helheten \u00e4r den globala utbyggnaden av sociala trygghetssystem&nbsp;inte ett misslyckande, utan i m\u00e5nga avseenden en framg\u00e5ng&nbsp;\u2013 eller \u201den triumf f\u00f6r m\u00e4nskligheten\u201d, som Matthew Greenslade menade. Fler m\u00e4nniskor \u00e4n n\u00e5gonsin har idag tillg\u00e5ng till n\u00e5gon form av inkomsttrygghet. L\u00f6sningarna finns. Utmaningen \u00e4r inte om de fungerar&nbsp;utan om det finns politisk vilja att skala upp dem.&nbsp;<\/p>\n\n\n\n<p>Detta \u00e4r ett viktigt bidrag till den svenska bist\u00e5ndsdebatten, s\u00e4rskilt i en tid d\u00e5 utvecklingspolitiken allt oftare betonar kontroll, effektivitet och kortsiktiga resultat. Universellt socialt skydd p\u00e5minner oss om att l\u00e5ngsiktig, strukturell f\u00f6r\u00e4ndring b\u00e5de \u00e4r m\u00f6jlig och m\u00e4tbar.&nbsp;<\/p>\n\n\n\n<h2 class=\"wp-block-heading\">Behovet av internationellt politiskt ledarskap<\/h2>\n\n\n\n<p>Samtalet v\u00e4ckte ocks\u00e5 fr\u00e5gan om politiskt ledarskap. Var finns de akt\u00f6rer som driver denna agenda internationellt?&nbsp;Greenslade visar i sin bok hur V\u00e4rldsbanken pressar&nbsp;en l\u00e5ng rad&nbsp;l\u00e4nder att bygga sn\u00e4vt fattigdomsriktade&nbsp;system,&nbsp;trots att detta st\u00e5r i strid med hur m\u00e5nga av V\u00e4rldsbankens stora \u00e4gare agerar p\u00e5 hemmaplan.&nbsp;Hur kan V\u00e4rldsbanken f\u00f6rm\u00e5s att bli mer&nbsp;\u00f6ppnare f\u00f6r&nbsp;m\u00f6jligheten att bygga&nbsp;universella&nbsp;system, och mer respektfull i relation till nationella regeringars v\u00e4gval?&nbsp;<\/p>\n\n\n\n<p>Ett f\u00f6rslag som lyftes var att skapa en internationell j\u00e4mlikhetskommission, i linje med initiativ som Global Deal. En annan id\u00e9 \u00e4r att&nbsp;organisera n\u00e4tverk av europeiska politiker&nbsp;som&nbsp;skulle kunna s\u00e4tta tryck p\u00e5&nbsp;V\u00e4rldsbanken och&nbsp;p\u00e5 policyprocesser.&nbsp;<\/p>\n\n\n\n<p>Detta \u00e4r avg\u00f6rande, eftersom institutioner som V\u00e4rldsbanken s\u00e4tter normen f\u00f6r vad som uppfattas som \u201dgod\u201d utvecklingspolitik. Att utmana dominansen av&nbsp;fattigdomsriktade modeller kr\u00e4ver politisk samordning, inte bara mer evidens.&nbsp;<\/p>\n\n\n\n<h2 class=\"wp-block-heading\">Att v\u00e4lja&nbsp;det&nbsp;universella&nbsp;<\/h2>\n\n\n\n<p>Universella sociala trygghetssystem&nbsp;\u00e4r ingen utopi. Det \u00e4r ett konkret, bepr\u00f6vat politiskt val. Men det \u00e4r ocks\u00e5 ett st\u00e4llningstagande f\u00f6r vilken sorts samh\u00e4llen vi vill bygga globalt och nationellt.&nbsp;<\/p>\n\n\n\n<p>F\u00f6rfattarsamtalet p\u00e5 ABF-huset gjorde en sak tydlig: att bek\u00e4mpa fattigdom handlar inte fr\u00e4mst om b\u00e4ttre algoritmer eller mer finmaskig\u00a0behovspr\u00f6vning. Det handlar om att v\u00e4lja universalism, solidaritet och v\u00e4rdighet.\u00a0<\/p>\n\n\n\n<p><strong>Text: Gunnel Axelsson Nycander<\/strong><\/p>\n","protected":false},"excerpt":{"rendered":"<p>Bist\u00e5nd till social trygghetssystem handlar inte om teknik, utan om vilket samh\u00e4lle vi vill bygga. Ett samtal p\u00e5 ABF-huset nyligen visade hur riktade fattigdomsprogram ofta stigmatiserar, exkluderar och urholkar tilliten \u2013 medan universella system skapar v\u00e4rdighet, stabilitet och brett politiskt st\u00f6d. Den 5 februari h\u00f6lls ett f\u00f6rfattarsamtal p\u00e5 ABF-huset i Stockholm&nbsp;mellan&nbsp;f\u00f6rfattaren&nbsp;Matthew Greenslade&nbsp;och&nbsp;Tomas Eneroth,&nbsp;tidigare&nbsp;minister och riksdagsledamot [&hellip;]<\/p>\n","protected":false},"author":696,"featured_media":4318,"comment_status":"closed","ping_status":"open","sticky":false,"template":"","format":"standard","meta":{"_acf_changed":false,"footnotes":""},"categories":[196431,8628],"tags":[],"class_list":["post-4312","post","type-post","status-publish","format-standard","has-post-thumbnail","hentry","category-bistandspolitik","category-sociala-trygghetssystem"],"acf":[],"yoast_head":"<!-- This site is optimized with the Yoast SEO plugin v27.1.1 - https:\/\/yoast.com\/product\/yoast-seo-wordpress\/ -->\n<title>Social trygghet \u00e4r\u00a0ett politiskt val, inte en teknisk detalj\u00a0 - Opinion<\/title>\n<meta name=\"robots\" content=\"index, follow, max-snippet:-1, max-image-preview:large, max-video-preview:-1\" \/>\n<link rel=\"canonical\" href=\"https:\/\/blogg.svenskakyrkan.se\/opinion\/2026\/02\/17\/social-trygghet-ar-ett-politiskt-val-inte-en-teknisk-detalj\/\" \/>\n<meta property=\"og:locale\" content=\"sv_SE\" \/>\n<meta property=\"og:type\" content=\"article\" \/>\n<meta property=\"og:title\" content=\"Social trygghet \u00e4r\u00a0ett politiskt val, inte en teknisk detalj\u00a0 - Opinion\" \/>\n<meta property=\"og:description\" content=\"Bist\u00e5nd till social trygghetssystem handlar inte om teknik, utan om vilket samh\u00e4lle vi vill bygga. Ett samtal p\u00e5 ABF-huset nyligen visade hur riktade fattigdomsprogram ofta stigmatiserar, exkluderar och urholkar tilliten \u2013 medan universella system skapar v\u00e4rdighet, stabilitet och brett politiskt st\u00f6d. Den 5 februari h\u00f6lls ett f\u00f6rfattarsamtal p\u00e5 ABF-huset i Stockholm&nbsp;mellan&nbsp;f\u00f6rfattaren&nbsp;Matthew Greenslade&nbsp;och&nbsp;Tomas Eneroth,&nbsp;tidigare&nbsp;minister och riksdagsledamot [&hellip;]\" \/>\n<meta property=\"og:url\" content=\"https:\/\/blogg.svenskakyrkan.se\/opinion\/2026\/02\/17\/social-trygghet-ar-ett-politiskt-val-inte-en-teknisk-detalj\/\" \/>\n<meta property=\"og:site_name\" content=\"Opinion\" \/>\n<meta property=\"article:published_time\" content=\"2026-02-17T12:43:28+00:00\" \/>\n<meta property=\"article:modified_time\" content=\"2026-04-22T15:44:29+00:00\" \/>\n<meta property=\"og:image\" content=\"http:\/\/blogg.svenskakyrkan.se\/opinion\/files\/2026\/02\/5-feb-speakers-ABF-beskuren-scaled.jpeg\" \/>\n\t<meta property=\"og:image:width\" content=\"2560\" \/>\n\t<meta property=\"og:image:height\" content=\"1815\" \/>\n\t<meta property=\"og:image:type\" content=\"image\/jpeg\" \/>\n<meta name=\"author\" content=\"Act Svenska kyrkan\" \/>\n<meta name=\"twitter:card\" content=\"summary_large_image\" \/>\n<meta name=\"twitter:label1\" content=\"Skriven av\" \/>\n\t<meta name=\"twitter:data1\" content=\"Act Svenska kyrkan\" \/>\n\t<meta name=\"twitter:label2\" content=\"Ber\u00e4knad l\u00e4stid\" \/>\n\t<meta name=\"twitter:data2\" content=\"6 minuter\" \/>\n<script type=\"application\/ld+json\" class=\"yoast-schema-graph\">{\"@context\":\"https:\/\/schema.org\",\"@graph\":[{\"@type\":\"Article\",\"@id\":\"https:\/\/blogg.svenskakyrkan.se\/opinion\/2026\/02\/17\/social-trygghet-ar-ett-politiskt-val-inte-en-teknisk-detalj\/#article\",\"isPartOf\":{\"@id\":\"https:\/\/blogg.svenskakyrkan.se\/opinion\/2026\/02\/17\/social-trygghet-ar-ett-politiskt-val-inte-en-teknisk-detalj\/\"},\"author\":{\"name\":\"Act Svenska kyrkan\",\"@id\":\"https:\/\/blogg.svenskakyrkan.se\/opinion\/#\/schema\/person\/9bf731c3d4419e86b92c0b4d9f9424fe\"},\"headline\":\"Social trygghet \u00e4r\u00a0ett politiskt val, inte en teknisk detalj\u00a0\",\"datePublished\":\"2026-02-17T12:43:28+00:00\",\"dateModified\":\"2026-04-22T15:44:29+00:00\",\"mainEntityOfPage\":{\"@id\":\"https:\/\/blogg.svenskakyrkan.se\/opinion\/2026\/02\/17\/social-trygghet-ar-ett-politiskt-val-inte-en-teknisk-detalj\/\"},\"wordCount\":1248,\"image\":{\"@id\":\"https:\/\/blogg.svenskakyrkan.se\/opinion\/2026\/02\/17\/social-trygghet-ar-ett-politiskt-val-inte-en-teknisk-detalj\/#primaryimage\"},\"thumbnailUrl\":\"https:\/\/blogg.svenskakyrkan.se\/opinion\/files\/2026\/02\/5-feb-speakers-ABF-beskuren-scaled.jpeg\",\"articleSection\":[\"Bist\u00e5ndspolitik\",\"Sociala trygghetssystem\"],\"inLanguage\":\"sv-SE\"},{\"@type\":\"WebPage\",\"@id\":\"https:\/\/blogg.svenskakyrkan.se\/opinion\/2026\/02\/17\/social-trygghet-ar-ett-politiskt-val-inte-en-teknisk-detalj\/\",\"url\":\"https:\/\/blogg.svenskakyrkan.se\/opinion\/2026\/02\/17\/social-trygghet-ar-ett-politiskt-val-inte-en-teknisk-detalj\/\",\"name\":\"Social trygghet \u00e4r\u00a0ett politiskt val, inte en teknisk detalj\u00a0 - Opinion\",\"isPartOf\":{\"@id\":\"https:\/\/blogg.svenskakyrkan.se\/opinion\/#website\"},\"primaryImageOfPage\":{\"@id\":\"https:\/\/blogg.svenskakyrkan.se\/opinion\/2026\/02\/17\/social-trygghet-ar-ett-politiskt-val-inte-en-teknisk-detalj\/#primaryimage\"},\"image\":{\"@id\":\"https:\/\/blogg.svenskakyrkan.se\/opinion\/2026\/02\/17\/social-trygghet-ar-ett-politiskt-val-inte-en-teknisk-detalj\/#primaryimage\"},\"thumbnailUrl\":\"https:\/\/blogg.svenskakyrkan.se\/opinion\/files\/2026\/02\/5-feb-speakers-ABF-beskuren-scaled.jpeg\",\"datePublished\":\"2026-02-17T12:43:28+00:00\",\"dateModified\":\"2026-04-22T15:44:29+00:00\",\"author\":{\"@id\":\"https:\/\/blogg.svenskakyrkan.se\/opinion\/#\/schema\/person\/9bf731c3d4419e86b92c0b4d9f9424fe\"},\"breadcrumb\":{\"@id\":\"https:\/\/blogg.svenskakyrkan.se\/opinion\/2026\/02\/17\/social-trygghet-ar-ett-politiskt-val-inte-en-teknisk-detalj\/#breadcrumb\"},\"inLanguage\":\"sv-SE\",\"potentialAction\":[{\"@type\":\"ReadAction\",\"target\":[\"https:\/\/blogg.svenskakyrkan.se\/opinion\/2026\/02\/17\/social-trygghet-ar-ett-politiskt-val-inte-en-teknisk-detalj\/\"]}]},{\"@type\":\"ImageObject\",\"inLanguage\":\"sv-SE\",\"@id\":\"https:\/\/blogg.svenskakyrkan.se\/opinion\/2026\/02\/17\/social-trygghet-ar-ett-politiskt-val-inte-en-teknisk-detalj\/#primaryimage\",\"url\":\"https:\/\/blogg.svenskakyrkan.se\/opinion\/files\/2026\/02\/5-feb-speakers-ABF-beskuren-scaled.jpeg\",\"contentUrl\":\"https:\/\/blogg.svenskakyrkan.se\/opinion\/files\/2026\/02\/5-feb-speakers-ABF-beskuren-scaled.jpeg\",\"width\":2560,\"height\":1815,\"caption\":\"Gunnel Axelsson Nycander, Tomas Eneroth och Matthew Greenslade medverkade i samtalet den 5 februari.\"},{\"@type\":\"BreadcrumbList\",\"@id\":\"https:\/\/blogg.svenskakyrkan.se\/opinion\/2026\/02\/17\/social-trygghet-ar-ett-politiskt-val-inte-en-teknisk-detalj\/#breadcrumb\",\"itemListElement\":[{\"@type\":\"ListItem\",\"position\":1,\"name\":\"Hem\",\"item\":\"https:\/\/blogg.svenskakyrkan.se\/opinion\/\"},{\"@type\":\"ListItem\",\"position\":2,\"name\":\"Social trygghet \u00e4r\u00a0ett politiskt val, inte en teknisk detalj\u00a0\"}]},{\"@type\":\"WebSite\",\"@id\":\"https:\/\/blogg.svenskakyrkan.se\/opinion\/#website\",\"url\":\"https:\/\/blogg.svenskakyrkan.se\/opinion\/\",\"name\":\"Opinion\",\"description\":\"Act Svenska kyrkans p\u00e5verkansarbete\",\"potentialAction\":[{\"@type\":\"SearchAction\",\"target\":{\"@type\":\"EntryPoint\",\"urlTemplate\":\"https:\/\/blogg.svenskakyrkan.se\/opinion\/?s={search_term_string}\"},\"query-input\":{\"@type\":\"PropertyValueSpecification\",\"valueRequired\":true,\"valueName\":\"search_term_string\"}}],\"inLanguage\":\"sv-SE\"},{\"@type\":\"Person\",\"@id\":\"https:\/\/blogg.svenskakyrkan.se\/opinion\/#\/schema\/person\/9bf731c3d4419e86b92c0b4d9f9424fe\",\"name\":\"Act Svenska kyrkan\",\"image\":{\"@type\":\"ImageObject\",\"inLanguage\":\"sv-SE\",\"@id\":\"https:\/\/blogg.svenskakyrkan.se\/opinion\/#\/schema\/person\/image\/\",\"url\":\"https:\/\/secure.gravatar.com\/avatar\/dad841196686727e2ffedb0188c265e5bdf1c43732884cfd19099c46d7f62f68?s=96&d=mm&r=g\",\"contentUrl\":\"https:\/\/secure.gravatar.com\/avatar\/dad841196686727e2ffedb0188c265e5bdf1c43732884cfd19099c46d7f62f68?s=96&d=mm&r=g\",\"caption\":\"Act Svenska kyrkan\"},\"url\":\"https:\/\/blogg.svenskakyrkan.se\/opinion\/author\/intkom\/\"}]}<\/script>\n<!-- \/ Yoast SEO plugin. -->","yoast_head_json":{"title":"Social trygghet \u00e4r\u00a0ett politiskt val, inte en teknisk detalj\u00a0 - Opinion","robots":{"index":"index","follow":"follow","max-snippet":"max-snippet:-1","max-image-preview":"max-image-preview:large","max-video-preview":"max-video-preview:-1"},"canonical":"https:\/\/blogg.svenskakyrkan.se\/opinion\/2026\/02\/17\/social-trygghet-ar-ett-politiskt-val-inte-en-teknisk-detalj\/","og_locale":"sv_SE","og_type":"article","og_title":"Social trygghet \u00e4r\u00a0ett politiskt val, inte en teknisk detalj\u00a0 - Opinion","og_description":"Bist\u00e5nd till social trygghetssystem handlar inte om teknik, utan om vilket samh\u00e4lle vi vill bygga. Ett samtal p\u00e5 ABF-huset nyligen visade hur riktade fattigdomsprogram ofta stigmatiserar, exkluderar och urholkar tilliten \u2013 medan universella system skapar v\u00e4rdighet, stabilitet och brett politiskt st\u00f6d. Den 5 februari h\u00f6lls ett f\u00f6rfattarsamtal p\u00e5 ABF-huset i Stockholm&nbsp;mellan&nbsp;f\u00f6rfattaren&nbsp;Matthew Greenslade&nbsp;och&nbsp;Tomas Eneroth,&nbsp;tidigare&nbsp;minister och riksdagsledamot [&hellip;]","og_url":"https:\/\/blogg.svenskakyrkan.se\/opinion\/2026\/02\/17\/social-trygghet-ar-ett-politiskt-val-inte-en-teknisk-detalj\/","og_site_name":"Opinion","article_published_time":"2026-02-17T12:43:28+00:00","article_modified_time":"2026-04-22T15:44:29+00:00","og_image":[{"width":2560,"height":1815,"url":"http:\/\/blogg.svenskakyrkan.se\/opinion\/files\/2026\/02\/5-feb-speakers-ABF-beskuren-scaled.jpeg","type":"image\/jpeg"}],"author":"Act Svenska kyrkan","twitter_card":"summary_large_image","twitter_misc":{"Skriven av":"Act Svenska kyrkan","Ber\u00e4knad l\u00e4stid":"6 minuter"},"schema":{"@context":"https:\/\/schema.org","@graph":[{"@type":"Article","@id":"https:\/\/blogg.svenskakyrkan.se\/opinion\/2026\/02\/17\/social-trygghet-ar-ett-politiskt-val-inte-en-teknisk-detalj\/#article","isPartOf":{"@id":"https:\/\/blogg.svenskakyrkan.se\/opinion\/2026\/02\/17\/social-trygghet-ar-ett-politiskt-val-inte-en-teknisk-detalj\/"},"author":{"name":"Act Svenska kyrkan","@id":"https:\/\/blogg.svenskakyrkan.se\/opinion\/#\/schema\/person\/9bf731c3d4419e86b92c0b4d9f9424fe"},"headline":"Social trygghet \u00e4r\u00a0ett politiskt val, inte en teknisk detalj\u00a0","datePublished":"2026-02-17T12:43:28+00:00","dateModified":"2026-04-22T15:44:29+00:00","mainEntityOfPage":{"@id":"https:\/\/blogg.svenskakyrkan.se\/opinion\/2026\/02\/17\/social-trygghet-ar-ett-politiskt-val-inte-en-teknisk-detalj\/"},"wordCount":1248,"image":{"@id":"https:\/\/blogg.svenskakyrkan.se\/opinion\/2026\/02\/17\/social-trygghet-ar-ett-politiskt-val-inte-en-teknisk-detalj\/#primaryimage"},"thumbnailUrl":"https:\/\/blogg.svenskakyrkan.se\/opinion\/files\/2026\/02\/5-feb-speakers-ABF-beskuren-scaled.jpeg","articleSection":["Bist\u00e5ndspolitik","Sociala trygghetssystem"],"inLanguage":"sv-SE"},{"@type":"WebPage","@id":"https:\/\/blogg.svenskakyrkan.se\/opinion\/2026\/02\/17\/social-trygghet-ar-ett-politiskt-val-inte-en-teknisk-detalj\/","url":"https:\/\/blogg.svenskakyrkan.se\/opinion\/2026\/02\/17\/social-trygghet-ar-ett-politiskt-val-inte-en-teknisk-detalj\/","name":"Social trygghet \u00e4r\u00a0ett politiskt val, inte en teknisk detalj\u00a0 - Opinion","isPartOf":{"@id":"https:\/\/blogg.svenskakyrkan.se\/opinion\/#website"},"primaryImageOfPage":{"@id":"https:\/\/blogg.svenskakyrkan.se\/opinion\/2026\/02\/17\/social-trygghet-ar-ett-politiskt-val-inte-en-teknisk-detalj\/#primaryimage"},"image":{"@id":"https:\/\/blogg.svenskakyrkan.se\/opinion\/2026\/02\/17\/social-trygghet-ar-ett-politiskt-val-inte-en-teknisk-detalj\/#primaryimage"},"thumbnailUrl":"https:\/\/blogg.svenskakyrkan.se\/opinion\/files\/2026\/02\/5-feb-speakers-ABF-beskuren-scaled.jpeg","datePublished":"2026-02-17T12:43:28+00:00","dateModified":"2026-04-22T15:44:29+00:00","author":{"@id":"https:\/\/blogg.svenskakyrkan.se\/opinion\/#\/schema\/person\/9bf731c3d4419e86b92c0b4d9f9424fe"},"breadcrumb":{"@id":"https:\/\/blogg.svenskakyrkan.se\/opinion\/2026\/02\/17\/social-trygghet-ar-ett-politiskt-val-inte-en-teknisk-detalj\/#breadcrumb"},"inLanguage":"sv-SE","potentialAction":[{"@type":"ReadAction","target":["https:\/\/blogg.svenskakyrkan.se\/opinion\/2026\/02\/17\/social-trygghet-ar-ett-politiskt-val-inte-en-teknisk-detalj\/"]}]},{"@type":"ImageObject","inLanguage":"sv-SE","@id":"https:\/\/blogg.svenskakyrkan.se\/opinion\/2026\/02\/17\/social-trygghet-ar-ett-politiskt-val-inte-en-teknisk-detalj\/#primaryimage","url":"https:\/\/blogg.svenskakyrkan.se\/opinion\/files\/2026\/02\/5-feb-speakers-ABF-beskuren-scaled.jpeg","contentUrl":"https:\/\/blogg.svenskakyrkan.se\/opinion\/files\/2026\/02\/5-feb-speakers-ABF-beskuren-scaled.jpeg","width":2560,"height":1815,"caption":"Gunnel Axelsson Nycander, Tomas Eneroth och Matthew Greenslade medverkade i samtalet den 5 februari."},{"@type":"BreadcrumbList","@id":"https:\/\/blogg.svenskakyrkan.se\/opinion\/2026\/02\/17\/social-trygghet-ar-ett-politiskt-val-inte-en-teknisk-detalj\/#breadcrumb","itemListElement":[{"@type":"ListItem","position":1,"name":"Hem","item":"https:\/\/blogg.svenskakyrkan.se\/opinion\/"},{"@type":"ListItem","position":2,"name":"Social trygghet \u00e4r\u00a0ett politiskt val, inte en teknisk detalj\u00a0"}]},{"@type":"WebSite","@id":"https:\/\/blogg.svenskakyrkan.se\/opinion\/#website","url":"https:\/\/blogg.svenskakyrkan.se\/opinion\/","name":"Opinion","description":"Act Svenska kyrkans p\u00e5verkansarbete","potentialAction":[{"@type":"SearchAction","target":{"@type":"EntryPoint","urlTemplate":"https:\/\/blogg.svenskakyrkan.se\/opinion\/?s={search_term_string}"},"query-input":{"@type":"PropertyValueSpecification","valueRequired":true,"valueName":"search_term_string"}}],"inLanguage":"sv-SE"},{"@type":"Person","@id":"https:\/\/blogg.svenskakyrkan.se\/opinion\/#\/schema\/person\/9bf731c3d4419e86b92c0b4d9f9424fe","name":"Act Svenska kyrkan","image":{"@type":"ImageObject","inLanguage":"sv-SE","@id":"https:\/\/blogg.svenskakyrkan.se\/opinion\/#\/schema\/person\/image\/","url":"https:\/\/secure.gravatar.com\/avatar\/dad841196686727e2ffedb0188c265e5bdf1c43732884cfd19099c46d7f62f68?s=96&d=mm&r=g","contentUrl":"https:\/\/secure.gravatar.com\/avatar\/dad841196686727e2ffedb0188c265e5bdf1c43732884cfd19099c46d7f62f68?s=96&d=mm&r=g","caption":"Act Svenska kyrkan"},"url":"https:\/\/blogg.svenskakyrkan.se\/opinion\/author\/intkom\/"}]}},"author_meta":{"ID":"696","user_nicename":"intkom","user_registered":"2019-02-06 08:14:30","display_name":"Act Svenska kyrkan","first_name":"Act Svenska kyrkan","last_name":"Redakt\u00f6r","avatar":"https:\/\/secure.gravatar.com\/avatar\/dad841196686727e2ffedb0188c265e5bdf1c43732884cfd19099c46d7f62f68?s=96&d=mm&r=g"},"featured_image":["https:\/\/blogg.svenskakyrkan.se\/opinion\/files\/2026\/02\/5-feb-speakers-ABF-beskuren-1024x726.jpeg",1024,726,true],"bloginfo":{"name":"Opinion","url":"https:\/\/blogg.svenskakyrkan.se\/opinion"},"_links":{"self":[{"href":"https:\/\/blogg.svenskakyrkan.se\/opinion\/wp-json\/wp\/v2\/posts\/4312","targetHints":{"allow":["GET"]}}],"collection":[{"href":"https:\/\/blogg.svenskakyrkan.se\/opinion\/wp-json\/wp\/v2\/posts"}],"about":[{"href":"https:\/\/blogg.svenskakyrkan.se\/opinion\/wp-json\/wp\/v2\/types\/post"}],"author":[{"embeddable":true,"href":"https:\/\/blogg.svenskakyrkan.se\/opinion\/wp-json\/wp\/v2\/users\/696"}],"replies":[{"embeddable":true,"href":"https:\/\/blogg.svenskakyrkan.se\/opinion\/wp-json\/wp\/v2\/comments?post=4312"}],"version-history":[{"count":4,"href":"https:\/\/blogg.svenskakyrkan.se\/opinion\/wp-json\/wp\/v2\/posts\/4312\/revisions"}],"predecessor-version":[{"id":4522,"href":"https:\/\/blogg.svenskakyrkan.se\/opinion\/wp-json\/wp\/v2\/posts\/4312\/revisions\/4522"}],"wp:featuredmedia":[{"embeddable":true,"href":"https:\/\/blogg.svenskakyrkan.se\/opinion\/wp-json\/wp\/v2\/media\/4318"}],"wp:attachment":[{"href":"https:\/\/blogg.svenskakyrkan.se\/opinion\/wp-json\/wp\/v2\/media?parent=4312"}],"wp:term":[{"taxonomy":"category","embeddable":true,"href":"https:\/\/blogg.svenskakyrkan.se\/opinion\/wp-json\/wp\/v2\/categories?post=4312"},{"taxonomy":"post_tag","embeddable":true,"href":"https:\/\/blogg.svenskakyrkan.se\/opinion\/wp-json\/wp\/v2\/tags?post=4312"}],"curies":[{"name":"wp","href":"https:\/\/api.w.org\/{rel}","templated":true}]}}