{"id":1813,"date":"2020-02-01T21:38:04","date_gmt":"2020-02-01T20:38:04","guid":{"rendered":"http:\/\/blogg.svenskakyrkan.se\/prostenlillos\/?p=1813"},"modified":"2020-02-02T15:46:08","modified_gmt":"2020-02-02T14:46:08","slug":"trostjoller-light-of-revelation","status":"publish","type":"post","link":"https:\/\/blogg.svenskakyrkan.se\/prostenlillos\/trostjoller-light-of-revelation\/","title":{"rendered":"Barnansikte &amp; Light of Revelation"},"content":{"rendered":"\n\n\n<p>Det finns sm\u00e5 hus och det finns stora hus. Det allra pyttigaste minsta huset jag har varit i var en lekstuga.<\/p>\n\n\n\n<p>Tr\u00e4dg\u00e5rden var gr\u00f6n och fin, d\u00e4r fanns \u00e4ppletr\u00e4d, hallonbuskar och vackra blommor. Det luktade riktig sk\u00f6n sommar i tr\u00e4dg\u00e5rden, och utanf\u00f6r den lilla stugan fanns ett bord med m\u00e5nga stolar runtomkring, d\u00e4r satt vi och fikade. Sedan \u00f6ppnade vi d\u00f6rren till lekstugan \u2013 och rummet d\u00e4rinne var s\u00e5 litet, s\u00e5 att inget alls egentligen fick plats. Bara ett pyttelitet sk\u00e5p och ett litet bord med en liten barnstol. Jag tittade in \u2013 men t\u00e4nkte, &#8211; h\u00e4r f\u00e5r jag inte plats \u2013 s\u00e5 jag gick inte in.&nbsp;<\/p>\n\n\n\n<p>N\u00e5got helt annat var det med v\u00e4rldens st\u00f6rsta hus \u2013 ja, f\u00f6r templet i Jerusalem var faktiskt v\u00e4rldens st\u00f6rsta hus, och d\u00e4rf\u00f6r lite \u00f6dsligt och tomt med sina stora, lite halvm\u00f6rka rum, d\u00e4r man inte kunde se \u00e4nda upp i taket. Ingen bodde d\u00e4r.<\/p>\n\n\n\n<p>Templet var s\u00e5 stort att n\u00e4r man kom vandrande till Jerusalem p\u00e5 landsv\u00e4gen, s\u00e5 kunde man se templet p\u00e5 flera mils avst\u00e5nd. Och n\u00e4r man kom dit, s\u00e5 var v\u00e4ggarna och murarna s\u00e5 h\u00f6ga att man trodde att de aldrig skulle ta slut. Skuggorna runt omkring templet upplevdes farligt l\u00e5nga p\u00e5 morgon och kv\u00e4ll.<\/p>\n\n\n\n<p>D\u00e4r inne i templet, r\u00f6rde sig tv\u00e5 m\u00e4nniskor som var alldeles speciella, Symeon och Hanna.<\/p>\n\n\n\n<p>B\u00e5da var de gamla \u2013 och de \u00e4lskade att vara i templet. F\u00f6r dom s\u00f6kte efter n\u00e5got, som de anade att de skulle m\u00f6ta d\u00e4r.<\/p>\n\n\n\n<p>De lyssnade p\u00e5 s\u00e5ngen, de sj\u00f6ng sina lovs\u00e5nger och de t\u00e4nde ljus och bad f\u00f6r v\u00e4rlden, \u00f6nskade bra saker f\u00f6r framtiden, f\u00f6r alla m\u00e4nniskor. Men dom fortsatte att s\u00f6ka, \u00e4ven om de anade att nu \u00e4r det snart n\u00e4ra.<\/p>\n\n\n\n<p>Och ni f\u00f6rst\u00e5r!<\/p>\n\n\n\n<p>En dag n\u00e4r de gick omkring d\u00e4r i v\u00e4rldens st\u00f6rsta hus, som ju var lite tomt \u00e4nd\u00e5 \u2013 s\u00e5 tr\u00e4ffade de en liten familj, Maria, Jesus och Josef. Och de blev s\u00e5 glada \u2013 f\u00f6r b\u00e5de Hanna och Symeon:<\/p>\n\n\n\n<ul class=\"wp-block-list\"><li>K\u00e4nde att Jesus var den dom hade l\u00e4ngtat efter i hela sitt liv.&nbsp;<\/li><\/ul>\n\n\n\n<ul class=\"wp-block-list\"><li>Och dom k\u00e4nde att nu kan de \u00e4ntligen vara trygga, och koppla av.<\/li><\/ul>\n\n\n\n<ul class=\"wp-block-list\"><li>Och fr o m den dagen s\u00e5 \u00e4r templet aldrig n\u00e5gonsin \u00f6dsligt tomt \u2013 f\u00f6r nu   har de sett och f\u00e5tt h\u00e5lla i Jesus och upplevt att verkligheten avsl\u00f6jas och ljuset har blivit t\u00e4nt, och brinner, f\u00f6r evigt.<\/li><li>Ett barnansikte med tr\u00f6st f\u00f6r alla, och som ett k\u00e4rlekssvar p\u00e5 all v\u00e5r sv\u00e5rf\u00f6rst\u00e5eliga och s\u00e5 l\u00e4ttdistraherade l\u00e4ngtan.<\/li><\/ul>\n","protected":false},"excerpt":{"rendered":"<p>Det finns sm\u00e5 hus och det finns stora hus. Det allra pyttigaste minsta huset jag har varit i var en lekstuga. Tr\u00e4dg\u00e5rden var gr\u00f6n och fin, d\u00e4r fanns \u00e4ppletr\u00e4d, hallonbuskar och vackra blommor. Det luktade riktig sk\u00f6n sommar i tr\u00e4dg\u00e5rden, och utanf\u00f6r den lilla stugan fanns ett bord med m\u00e5nga stolar runtomkring, d\u00e4r satt vi [&hellip;]<\/p>\n","protected":false},"author":436,"featured_media":0,"comment_status":"open","ping_status":"open","sticky":false,"template":"","format":"standard","meta":{"_acf_changed":false,"footnotes":""},"categories":[9],"tags":[],"class_list":["post-1813","post","type-post","status-publish","format-standard","hentry","category-okategoriserade"],"acf":[],"yoast_head":"<!-- This site is optimized with the Yoast SEO plugin v27.1.1 - https:\/\/yoast.com\/product\/yoast-seo-wordpress\/ -->\n<title>Barnansikte &amp; Light of Revelation - Prosten Lill\u00f6s blogg<\/title>\n<meta name=\"robots\" content=\"index, follow, max-snippet:-1, max-image-preview:large, max-video-preview:-1\" \/>\n<link rel=\"canonical\" href=\"https:\/\/blogg.svenskakyrkan.se\/prostenlillos\/trostjoller-light-of-revelation\/\" \/>\n<meta property=\"og:locale\" content=\"sv_SE\" \/>\n<meta property=\"og:type\" content=\"article\" \/>\n<meta property=\"og:title\" content=\"Barnansikte &amp; Light of Revelation - Prosten Lill\u00f6s blogg\" \/>\n<meta property=\"og:description\" content=\"Det finns sm\u00e5 hus och det finns stora hus. Det allra pyttigaste minsta huset jag har varit i var en lekstuga. Tr\u00e4dg\u00e5rden var gr\u00f6n och fin, d\u00e4r fanns \u00e4ppletr\u00e4d, hallonbuskar och vackra blommor. Det luktade riktig sk\u00f6n sommar i tr\u00e4dg\u00e5rden, och utanf\u00f6r den lilla stugan fanns ett bord med m\u00e5nga stolar runtomkring, d\u00e4r satt vi [&hellip;]\" \/>\n<meta property=\"og:url\" content=\"https:\/\/blogg.svenskakyrkan.se\/prostenlillos\/trostjoller-light-of-revelation\/\" \/>\n<meta property=\"og:site_name\" content=\"Prosten Lill\u00f6s blogg\" \/>\n<meta property=\"article:published_time\" content=\"2020-02-01T20:38:04+00:00\" \/>\n<meta property=\"article:modified_time\" content=\"2020-02-02T14:46:08+00:00\" \/>\n<meta name=\"author\" content=\"Kristian Lill\u00f6\" \/>\n<meta name=\"twitter:card\" content=\"summary_large_image\" \/>\n<meta name=\"twitter:label1\" content=\"Skriven av\" \/>\n\t<meta name=\"twitter:data1\" content=\"Kristian Lill\u00f6\" \/>\n\t<meta name=\"twitter:label2\" content=\"Ber\u00e4knad l\u00e4stid\" \/>\n\t<meta name=\"twitter:data2\" content=\"2 minuter\" \/>\n<script type=\"application\/ld+json\" class=\"yoast-schema-graph\">{\"@context\":\"https:\/\/schema.org\",\"@graph\":[{\"@type\":\"Article\",\"@id\":\"https:\/\/blogg.svenskakyrkan.se\/prostenlillos\/trostjoller-light-of-revelation\/#article\",\"isPartOf\":{\"@id\":\"https:\/\/blogg.svenskakyrkan.se\/prostenlillos\/trostjoller-light-of-revelation\/\"},\"author\":{\"name\":\"Kristian Lill\u00f6\",\"@id\":\"https:\/\/blogg.svenskakyrkan.se\/prostenlillos\/#\/schema\/person\/2b7f07e4206d3ba21f1780583a2446ec\"},\"headline\":\"Barnansikte &amp; Light of Revelation\",\"datePublished\":\"2020-02-01T20:38:04+00:00\",\"dateModified\":\"2020-02-02T14:46:08+00:00\",\"mainEntityOfPage\":{\"@id\":\"https:\/\/blogg.svenskakyrkan.se\/prostenlillos\/trostjoller-light-of-revelation\/\"},\"wordCount\":491,\"commentCount\":0,\"inLanguage\":\"sv-SE\",\"potentialAction\":[{\"@type\":\"CommentAction\",\"name\":\"Comment\",\"target\":[\"https:\/\/blogg.svenskakyrkan.se\/prostenlillos\/trostjoller-light-of-revelation\/#respond\"]}]},{\"@type\":\"WebPage\",\"@id\":\"https:\/\/blogg.svenskakyrkan.se\/prostenlillos\/trostjoller-light-of-revelation\/\",\"url\":\"https:\/\/blogg.svenskakyrkan.se\/prostenlillos\/trostjoller-light-of-revelation\/\",\"name\":\"Barnansikte &amp; Light of Revelation - Prosten Lill\u00f6s blogg\",\"isPartOf\":{\"@id\":\"https:\/\/blogg.svenskakyrkan.se\/prostenlillos\/#website\"},\"datePublished\":\"2020-02-01T20:38:04+00:00\",\"dateModified\":\"2020-02-02T14:46:08+00:00\",\"author\":{\"@id\":\"https:\/\/blogg.svenskakyrkan.se\/prostenlillos\/#\/schema\/person\/2b7f07e4206d3ba21f1780583a2446ec\"},\"breadcrumb\":{\"@id\":\"https:\/\/blogg.svenskakyrkan.se\/prostenlillos\/trostjoller-light-of-revelation\/#breadcrumb\"},\"inLanguage\":\"sv-SE\",\"potentialAction\":[{\"@type\":\"ReadAction\",\"target\":[\"https:\/\/blogg.svenskakyrkan.se\/prostenlillos\/trostjoller-light-of-revelation\/\"]}]},{\"@type\":\"BreadcrumbList\",\"@id\":\"https:\/\/blogg.svenskakyrkan.se\/prostenlillos\/trostjoller-light-of-revelation\/#breadcrumb\",\"itemListElement\":[{\"@type\":\"ListItem\",\"position\":1,\"name\":\"Hem\",\"item\":\"https:\/\/blogg.svenskakyrkan.se\/prostenlillos\/\"},{\"@type\":\"ListItem\",\"position\":2,\"name\":\"Barnansikte &amp; Light of Revelation\"}]},{\"@type\":\"WebSite\",\"@id\":\"https:\/\/blogg.svenskakyrkan.se\/prostenlillos\/#website\",\"url\":\"https:\/\/blogg.svenskakyrkan.se\/prostenlillos\/\",\"name\":\"Prosten Lill\u00f6s blogg\",\"description\":\"Kristian Lill\u00f6, kyrkoherde i Helsingborgs pastorat\",\"potentialAction\":[{\"@type\":\"SearchAction\",\"target\":{\"@type\":\"EntryPoint\",\"urlTemplate\":\"https:\/\/blogg.svenskakyrkan.se\/prostenlillos\/?s={search_term_string}\"},\"query-input\":{\"@type\":\"PropertyValueSpecification\",\"valueRequired\":true,\"valueName\":\"search_term_string\"}}],\"inLanguage\":\"sv-SE\"},{\"@type\":\"Person\",\"@id\":\"https:\/\/blogg.svenskakyrkan.se\/prostenlillos\/#\/schema\/person\/2b7f07e4206d3ba21f1780583a2446ec\",\"name\":\"Kristian Lill\u00f6\",\"image\":{\"@type\":\"ImageObject\",\"inLanguage\":\"sv-SE\",\"@id\":\"https:\/\/blogg.svenskakyrkan.se\/prostenlillos\/#\/schema\/person\/image\/\",\"url\":\"https:\/\/secure.gravatar.com\/avatar\/43a641be9ed7ce3f0f2802e394c1bcafb36f6fa4ebdfdf1497f112fbc05c6f3a?s=96&d=mm&r=g\",\"contentUrl\":\"https:\/\/secure.gravatar.com\/avatar\/43a641be9ed7ce3f0f2802e394c1bcafb36f6fa4ebdfdf1497f112fbc05c6f3a?s=96&d=mm&r=g\",\"caption\":\"Kristian Lill\u00f6\"},\"url\":\"https:\/\/blogg.svenskakyrkan.se\/prostenlillos\/author\/p0934klo\/\"}]}<\/script>\n<!-- \/ Yoast SEO plugin. -->","yoast_head_json":{"title":"Barnansikte &amp; Light of Revelation - Prosten Lill\u00f6s blogg","robots":{"index":"index","follow":"follow","max-snippet":"max-snippet:-1","max-image-preview":"max-image-preview:large","max-video-preview":"max-video-preview:-1"},"canonical":"https:\/\/blogg.svenskakyrkan.se\/prostenlillos\/trostjoller-light-of-revelation\/","og_locale":"sv_SE","og_type":"article","og_title":"Barnansikte &amp; Light of Revelation - Prosten Lill\u00f6s blogg","og_description":"Det finns sm\u00e5 hus och det finns stora hus. Det allra pyttigaste minsta huset jag har varit i var en lekstuga. Tr\u00e4dg\u00e5rden var gr\u00f6n och fin, d\u00e4r fanns \u00e4ppletr\u00e4d, hallonbuskar och vackra blommor. Det luktade riktig sk\u00f6n sommar i tr\u00e4dg\u00e5rden, och utanf\u00f6r den lilla stugan fanns ett bord med m\u00e5nga stolar runtomkring, d\u00e4r satt vi [&hellip;]","og_url":"https:\/\/blogg.svenskakyrkan.se\/prostenlillos\/trostjoller-light-of-revelation\/","og_site_name":"Prosten Lill\u00f6s blogg","article_published_time":"2020-02-01T20:38:04+00:00","article_modified_time":"2020-02-02T14:46:08+00:00","author":"Kristian Lill\u00f6","twitter_card":"summary_large_image","twitter_misc":{"Skriven av":"Kristian Lill\u00f6","Ber\u00e4knad l\u00e4stid":"2 minuter"},"schema":{"@context":"https:\/\/schema.org","@graph":[{"@type":"Article","@id":"https:\/\/blogg.svenskakyrkan.se\/prostenlillos\/trostjoller-light-of-revelation\/#article","isPartOf":{"@id":"https:\/\/blogg.svenskakyrkan.se\/prostenlillos\/trostjoller-light-of-revelation\/"},"author":{"name":"Kristian Lill\u00f6","@id":"https:\/\/blogg.svenskakyrkan.se\/prostenlillos\/#\/schema\/person\/2b7f07e4206d3ba21f1780583a2446ec"},"headline":"Barnansikte &amp; Light of Revelation","datePublished":"2020-02-01T20:38:04+00:00","dateModified":"2020-02-02T14:46:08+00:00","mainEntityOfPage":{"@id":"https:\/\/blogg.svenskakyrkan.se\/prostenlillos\/trostjoller-light-of-revelation\/"},"wordCount":491,"commentCount":0,"inLanguage":"sv-SE","potentialAction":[{"@type":"CommentAction","name":"Comment","target":["https:\/\/blogg.svenskakyrkan.se\/prostenlillos\/trostjoller-light-of-revelation\/#respond"]}]},{"@type":"WebPage","@id":"https:\/\/blogg.svenskakyrkan.se\/prostenlillos\/trostjoller-light-of-revelation\/","url":"https:\/\/blogg.svenskakyrkan.se\/prostenlillos\/trostjoller-light-of-revelation\/","name":"Barnansikte &amp; Light of Revelation - Prosten Lill\u00f6s blogg","isPartOf":{"@id":"https:\/\/blogg.svenskakyrkan.se\/prostenlillos\/#website"},"datePublished":"2020-02-01T20:38:04+00:00","dateModified":"2020-02-02T14:46:08+00:00","author":{"@id":"https:\/\/blogg.svenskakyrkan.se\/prostenlillos\/#\/schema\/person\/2b7f07e4206d3ba21f1780583a2446ec"},"breadcrumb":{"@id":"https:\/\/blogg.svenskakyrkan.se\/prostenlillos\/trostjoller-light-of-revelation\/#breadcrumb"},"inLanguage":"sv-SE","potentialAction":[{"@type":"ReadAction","target":["https:\/\/blogg.svenskakyrkan.se\/prostenlillos\/trostjoller-light-of-revelation\/"]}]},{"@type":"BreadcrumbList","@id":"https:\/\/blogg.svenskakyrkan.se\/prostenlillos\/trostjoller-light-of-revelation\/#breadcrumb","itemListElement":[{"@type":"ListItem","position":1,"name":"Hem","item":"https:\/\/blogg.svenskakyrkan.se\/prostenlillos\/"},{"@type":"ListItem","position":2,"name":"Barnansikte &amp; Light of Revelation"}]},{"@type":"WebSite","@id":"https:\/\/blogg.svenskakyrkan.se\/prostenlillos\/#website","url":"https:\/\/blogg.svenskakyrkan.se\/prostenlillos\/","name":"Prosten Lill\u00f6s blogg","description":"Kristian Lill\u00f6, kyrkoherde i Helsingborgs pastorat","potentialAction":[{"@type":"SearchAction","target":{"@type":"EntryPoint","urlTemplate":"https:\/\/blogg.svenskakyrkan.se\/prostenlillos\/?s={search_term_string}"},"query-input":{"@type":"PropertyValueSpecification","valueRequired":true,"valueName":"search_term_string"}}],"inLanguage":"sv-SE"},{"@type":"Person","@id":"https:\/\/blogg.svenskakyrkan.se\/prostenlillos\/#\/schema\/person\/2b7f07e4206d3ba21f1780583a2446ec","name":"Kristian Lill\u00f6","image":{"@type":"ImageObject","inLanguage":"sv-SE","@id":"https:\/\/blogg.svenskakyrkan.se\/prostenlillos\/#\/schema\/person\/image\/","url":"https:\/\/secure.gravatar.com\/avatar\/43a641be9ed7ce3f0f2802e394c1bcafb36f6fa4ebdfdf1497f112fbc05c6f3a?s=96&d=mm&r=g","contentUrl":"https:\/\/secure.gravatar.com\/avatar\/43a641be9ed7ce3f0f2802e394c1bcafb36f6fa4ebdfdf1497f112fbc05c6f3a?s=96&d=mm&r=g","caption":"Kristian Lill\u00f6"},"url":"https:\/\/blogg.svenskakyrkan.se\/prostenlillos\/author\/p0934klo\/"}]}},"author_meta":{"ID":"436","user_nicename":"p0934klo","user_registered":"2014-08-27 11:40:01","display_name":"Kristian Lill\u00f6","avatar":"https:\/\/secure.gravatar.com\/avatar\/43a641be9ed7ce3f0f2802e394c1bcafb36f6fa4ebdfdf1497f112fbc05c6f3a?s=96&d=mm&r=g"},"featured_image":false,"bloginfo":{"name":"Prosten Lill\u00f6s blogg","url":"https:\/\/blogg.svenskakyrkan.se\/prostenlillos"},"_links":{"self":[{"href":"https:\/\/blogg.svenskakyrkan.se\/prostenlillos\/wp-json\/wp\/v2\/posts\/1813","targetHints":{"allow":["GET"]}}],"collection":[{"href":"https:\/\/blogg.svenskakyrkan.se\/prostenlillos\/wp-json\/wp\/v2\/posts"}],"about":[{"href":"https:\/\/blogg.svenskakyrkan.se\/prostenlillos\/wp-json\/wp\/v2\/types\/post"}],"author":[{"embeddable":true,"href":"https:\/\/blogg.svenskakyrkan.se\/prostenlillos\/wp-json\/wp\/v2\/users\/436"}],"replies":[{"embeddable":true,"href":"https:\/\/blogg.svenskakyrkan.se\/prostenlillos\/wp-json\/wp\/v2\/comments?post=1813"}],"version-history":[{"count":13,"href":"https:\/\/blogg.svenskakyrkan.se\/prostenlillos\/wp-json\/wp\/v2\/posts\/1813\/revisions"}],"predecessor-version":[{"id":1826,"href":"https:\/\/blogg.svenskakyrkan.se\/prostenlillos\/wp-json\/wp\/v2\/posts\/1813\/revisions\/1826"}],"wp:attachment":[{"href":"https:\/\/blogg.svenskakyrkan.se\/prostenlillos\/wp-json\/wp\/v2\/media?parent=1813"}],"wp:term":[{"taxonomy":"category","embeddable":true,"href":"https:\/\/blogg.svenskakyrkan.se\/prostenlillos\/wp-json\/wp\/v2\/categories?post=1813"},{"taxonomy":"post_tag","embeddable":true,"href":"https:\/\/blogg.svenskakyrkan.se\/prostenlillos\/wp-json\/wp\/v2\/tags?post=1813"}],"curies":[{"name":"wp","href":"https:\/\/api.w.org\/{rel}","templated":true}]}}