{"id":363,"date":"2015-01-20T22:51:09","date_gmt":"2015-01-20T21:51:09","guid":{"rendered":"http:\/\/blogg.svenskakyrkan.se\/prostenlillos\/?p=363"},"modified":"2015-01-30T12:58:46","modified_gmt":"2015-01-30T11:58:46","slug":"satir-och-nar-emil-raddade-alfred-den-kallaste-dagen","status":"publish","type":"post","link":"https:\/\/blogg.svenskakyrkan.se\/prostenlillos\/satir-och-nar-emil-raddade-alfred-den-kallaste-dagen\/","title":{"rendered":"SATIR &#8211; och n\u00e4r Emil r\u00e4ddade Alfred den kallaste natten"},"content":{"rendered":"<p>Minns mina f\u00f6rsta bilder av utvecklingsl\u00e4ran i det som f\u00f6rr kallades mellanstadiet. F\u00f6r att detta biologiska underverk ska upprepas beh\u00f6vs det o\u00e4ndligt m\u00e5nga universa.<\/p>\n<p>Men det ber\u00e4ttade ingen p\u00e5 1970-talet. Vi fick ist\u00e4llet l\u00e4ra oss n\u00e5got helt annat. Vi fick i v\u00e5r biologibok l\u00e4ra oss att dela upp verkligheten, i natur och religion, vetande och trosdogmatism. F\u00f6r n\u00e4r vi skulle l\u00e4ra oss om utvecklingsl\u00e4ran tvingades vi att se p\u00e5 bilden av Charles Darwins ansikte f\u00f6rsett med en apkropp. Och vi fick l\u00e4ra oss att det var s\u00e5 makten, kyrkan och biskoparna s\u00e5g p\u00e5 utvecklingsl\u00e4ran. Vi fick l\u00e4ra oss att tron var of\u00f6renlig med varje tanke p\u00e5 att vi m\u00e4nniskor h\u00f6rde samman med annat levande.<\/p>\n<p>Bilderna av Darwin med apkropp kombinerades med tarvliga uttryck som frodades i broschyrer, salonger och debatter. Fortfarande idag anv\u00e4nds ibland apbeteckningen f\u00f6r att s\u00e4ga n\u00e5got neds\u00e4ttande om en annan m\u00e4nniskas f\u00f6rm\u00e5ga att f\u00f6rst\u00e5.<\/p>\n<p>Idag vet vi litet mer.<br \/>\nMen vi sitter \u00e4nd\u00e5 kvar i en v\u00e4rldsbild pr\u00e4glad av att den tidens makt hade d\u00e5lig koll p\u00e5 sin egen traditions hermeneutiska m\u00f6jligheter och f\u00f6rvillelser, sin egen tros fixpunkt och k\u00e4rlekens axiom. F\u00f6r bilderna som gjordes f\u00f6r att f\u00f6rsvara kyrkans traditionstyngda uppfattning f\u00f6rl\u00f6jligade inte bara personen Darwin utan ocks\u00e5 m\u00e4nniskov\u00e4rdet och naturvetenskap. Dynamiken mellan att tro och veta blev ist\u00e4llet en motsats och det blev en \u00f6desdiger avgrund mellan dem. Alla f\u00f6rlorade. Den modfyllda bejakande nyfikna meningen med livet riskerar att falla mitt emellan. S\u00e5 beh\u00f6ver det inte vara.<\/p>\n<p>T\u00e4nker ofta den senaste tiden, liksom i b\u00f6n, p\u00e5 Emil i L\u00f6nneberga n\u00e4r han r\u00e4ddade livet p\u00e5 den d\u00f6ende Alfred. Den episoden, g\u00e4rna med bild, och de buberianska orden n\u00e4r de badade tillsammans en varm sommardag &#8221;Du och jag Alfred&#8221;, borde f\u00e5 pr\u00e4gla samtidshistorien.<\/p>\n<p>Alla hade gett upp Alfred. (Han var ju bara enkel bonddr\u00e4ng).<br \/>\nDet fanns bara en kvar. Den allra minste. Emil.<br \/>\nSom drog och sl\u00e4pade sl\u00e4den som Alfred l\u00e5g p\u00e5, den kallaste natten.<\/p>\n<p>Hela v\u00e4gen.<\/p>\n<p>Amen<\/p>\n<p><a href=\"http:\/\/blogg.svenskakyrkan.se\/prostenlillos\/files\/2015\/01\/image5.jpg\"><img loading=\"lazy\" decoding=\"async\" class=\"alignnone size-medium wp-image-364\" src=\"http:\/\/blogg.svenskakyrkan.se\/prostenlillos\/files\/2015\/01\/image5-171x300.jpg\" alt=\"image\" width=\"171\" height=\"300\" srcset=\"https:\/\/blogg.svenskakyrkan.se\/prostenlillos\/files\/2015\/01\/image5-171x300.jpg 171w, https:\/\/blogg.svenskakyrkan.se\/prostenlillos\/files\/2015\/01\/image5.jpg 200w\" sizes=\"auto, (max-width: 171px) 100vw, 171px\" \/><\/a><\/p>\n","protected":false},"excerpt":{"rendered":"<p>Minns mina f\u00f6rsta bilder av utvecklingsl\u00e4ran i det som f\u00f6rr kallades mellanstadiet. F\u00f6r att detta biologiska underverk ska upprepas beh\u00f6vs det o\u00e4ndligt m\u00e5nga universa. Men det ber\u00e4ttade ingen p\u00e5 1970-talet. Vi fick ist\u00e4llet l\u00e4ra oss n\u00e5got helt annat. Vi fick i v\u00e5r biologibok l\u00e4ra oss att dela upp verkligheten, i natur och religion, vetande och [&hellip;]<\/p>\n","protected":false},"author":436,"featured_media":0,"comment_status":"open","ping_status":"open","sticky":false,"template":"","format":"standard","meta":{"_acf_changed":false,"footnotes":""},"categories":[9],"tags":[],"class_list":["post-363","post","type-post","status-publish","format-standard","hentry","category-okategoriserade"],"acf":[],"yoast_head":"<!-- This site is optimized with the Yoast SEO plugin v27.1.1 - https:\/\/yoast.com\/product\/yoast-seo-wordpress\/ -->\n<title>SATIR - och n\u00e4r Emil r\u00e4ddade Alfred den kallaste natten - Prosten Lill\u00f6s blogg<\/title>\n<meta name=\"robots\" content=\"index, follow, max-snippet:-1, max-image-preview:large, max-video-preview:-1\" \/>\n<link rel=\"canonical\" href=\"https:\/\/blogg.svenskakyrkan.se\/prostenlillos\/satir-och-nar-emil-raddade-alfred-den-kallaste-dagen\/\" \/>\n<meta property=\"og:locale\" content=\"sv_SE\" \/>\n<meta property=\"og:type\" content=\"article\" \/>\n<meta property=\"og:title\" content=\"SATIR - och n\u00e4r Emil r\u00e4ddade Alfred den kallaste natten - Prosten Lill\u00f6s blogg\" \/>\n<meta property=\"og:description\" content=\"Minns mina f\u00f6rsta bilder av utvecklingsl\u00e4ran i det som f\u00f6rr kallades mellanstadiet. F\u00f6r att detta biologiska underverk ska upprepas beh\u00f6vs det o\u00e4ndligt m\u00e5nga universa. Men det ber\u00e4ttade ingen p\u00e5 1970-talet. Vi fick ist\u00e4llet l\u00e4ra oss n\u00e5got helt annat. Vi fick i v\u00e5r biologibok l\u00e4ra oss att dela upp verkligheten, i natur och religion, vetande och [&hellip;]\" \/>\n<meta property=\"og:url\" content=\"https:\/\/blogg.svenskakyrkan.se\/prostenlillos\/satir-och-nar-emil-raddade-alfred-den-kallaste-dagen\/\" \/>\n<meta property=\"og:site_name\" content=\"Prosten Lill\u00f6s blogg\" \/>\n<meta property=\"article:published_time\" content=\"2015-01-20T21:51:09+00:00\" \/>\n<meta property=\"article:modified_time\" content=\"2015-01-30T11:58:46+00:00\" \/>\n<meta property=\"og:image\" content=\"https:\/\/blogg.svenskakyrkan.se\/prostenlillos\/files\/2015\/01\/image5.jpg\" \/>\n\t<meta property=\"og:image:width\" content=\"200\" \/>\n\t<meta property=\"og:image:height\" content=\"350\" \/>\n\t<meta property=\"og:image:type\" content=\"image\/jpeg\" \/>\n<meta name=\"author\" content=\"Kristian Lill\u00f6\" \/>\n<meta name=\"twitter:card\" content=\"summary_large_image\" \/>\n<meta name=\"twitter:label1\" content=\"Skriven av\" \/>\n\t<meta name=\"twitter:data1\" content=\"Kristian Lill\u00f6\" \/>\n\t<meta name=\"twitter:label2\" content=\"Ber\u00e4knad l\u00e4stid\" \/>\n\t<meta name=\"twitter:data2\" content=\"2 minuter\" \/>\n<script type=\"application\/ld+json\" class=\"yoast-schema-graph\">{\"@context\":\"https:\/\/schema.org\",\"@graph\":[{\"@type\":\"Article\",\"@id\":\"https:\/\/blogg.svenskakyrkan.se\/prostenlillos\/satir-och-nar-emil-raddade-alfred-den-kallaste-dagen\/#article\",\"isPartOf\":{\"@id\":\"https:\/\/blogg.svenskakyrkan.se\/prostenlillos\/satir-och-nar-emil-raddade-alfred-den-kallaste-dagen\/\"},\"author\":{\"name\":\"Kristian Lill\u00f6\",\"@id\":\"https:\/\/blogg.svenskakyrkan.se\/prostenlillos\/#\/schema\/person\/2b7f07e4206d3ba21f1780583a2446ec\"},\"headline\":\"SATIR &#8211; och n\u00e4r Emil r\u00e4ddade Alfred den kallaste natten\",\"datePublished\":\"2015-01-20T21:51:09+00:00\",\"dateModified\":\"2015-01-30T11:58:46+00:00\",\"mainEntityOfPage\":{\"@id\":\"https:\/\/blogg.svenskakyrkan.se\/prostenlillos\/satir-och-nar-emil-raddade-alfred-den-kallaste-dagen\/\"},\"wordCount\":396,\"commentCount\":0,\"image\":{\"@id\":\"https:\/\/blogg.svenskakyrkan.se\/prostenlillos\/satir-och-nar-emil-raddade-alfred-den-kallaste-dagen\/#primaryimage\"},\"thumbnailUrl\":\"http:\/\/blogg.svenskakyrkan.se\/prostenlillos\/files\/2015\/01\/image5-171x300.jpg\",\"inLanguage\":\"sv-SE\",\"potentialAction\":[{\"@type\":\"CommentAction\",\"name\":\"Comment\",\"target\":[\"https:\/\/blogg.svenskakyrkan.se\/prostenlillos\/satir-och-nar-emil-raddade-alfred-den-kallaste-dagen\/#respond\"]}]},{\"@type\":\"WebPage\",\"@id\":\"https:\/\/blogg.svenskakyrkan.se\/prostenlillos\/satir-och-nar-emil-raddade-alfred-den-kallaste-dagen\/\",\"url\":\"https:\/\/blogg.svenskakyrkan.se\/prostenlillos\/satir-och-nar-emil-raddade-alfred-den-kallaste-dagen\/\",\"name\":\"SATIR - och n\u00e4r Emil r\u00e4ddade Alfred den kallaste natten - Prosten Lill\u00f6s blogg\",\"isPartOf\":{\"@id\":\"https:\/\/blogg.svenskakyrkan.se\/prostenlillos\/#website\"},\"primaryImageOfPage\":{\"@id\":\"https:\/\/blogg.svenskakyrkan.se\/prostenlillos\/satir-och-nar-emil-raddade-alfred-den-kallaste-dagen\/#primaryimage\"},\"image\":{\"@id\":\"https:\/\/blogg.svenskakyrkan.se\/prostenlillos\/satir-och-nar-emil-raddade-alfred-den-kallaste-dagen\/#primaryimage\"},\"thumbnailUrl\":\"http:\/\/blogg.svenskakyrkan.se\/prostenlillos\/files\/2015\/01\/image5-171x300.jpg\",\"datePublished\":\"2015-01-20T21:51:09+00:00\",\"dateModified\":\"2015-01-30T11:58:46+00:00\",\"author\":{\"@id\":\"https:\/\/blogg.svenskakyrkan.se\/prostenlillos\/#\/schema\/person\/2b7f07e4206d3ba21f1780583a2446ec\"},\"breadcrumb\":{\"@id\":\"https:\/\/blogg.svenskakyrkan.se\/prostenlillos\/satir-och-nar-emil-raddade-alfred-den-kallaste-dagen\/#breadcrumb\"},\"inLanguage\":\"sv-SE\",\"potentialAction\":[{\"@type\":\"ReadAction\",\"target\":[\"https:\/\/blogg.svenskakyrkan.se\/prostenlillos\/satir-och-nar-emil-raddade-alfred-den-kallaste-dagen\/\"]}]},{\"@type\":\"ImageObject\",\"inLanguage\":\"sv-SE\",\"@id\":\"https:\/\/blogg.svenskakyrkan.se\/prostenlillos\/satir-och-nar-emil-raddade-alfred-den-kallaste-dagen\/#primaryimage\",\"url\":\"https:\/\/blogg.svenskakyrkan.se\/prostenlillos\/files\/2015\/01\/image5.jpg\",\"contentUrl\":\"https:\/\/blogg.svenskakyrkan.se\/prostenlillos\/files\/2015\/01\/image5.jpg\",\"width\":200,\"height\":350},{\"@type\":\"BreadcrumbList\",\"@id\":\"https:\/\/blogg.svenskakyrkan.se\/prostenlillos\/satir-och-nar-emil-raddade-alfred-den-kallaste-dagen\/#breadcrumb\",\"itemListElement\":[{\"@type\":\"ListItem\",\"position\":1,\"name\":\"Hem\",\"item\":\"https:\/\/blogg.svenskakyrkan.se\/prostenlillos\/\"},{\"@type\":\"ListItem\",\"position\":2,\"name\":\"SATIR &#8211; och n\u00e4r Emil r\u00e4ddade Alfred den kallaste natten\"}]},{\"@type\":\"WebSite\",\"@id\":\"https:\/\/blogg.svenskakyrkan.se\/prostenlillos\/#website\",\"url\":\"https:\/\/blogg.svenskakyrkan.se\/prostenlillos\/\",\"name\":\"Prosten Lill\u00f6s blogg\",\"description\":\"Kristian Lill\u00f6, kyrkoherde i Helsingborgs pastorat\",\"potentialAction\":[{\"@type\":\"SearchAction\",\"target\":{\"@type\":\"EntryPoint\",\"urlTemplate\":\"https:\/\/blogg.svenskakyrkan.se\/prostenlillos\/?s={search_term_string}\"},\"query-input\":{\"@type\":\"PropertyValueSpecification\",\"valueRequired\":true,\"valueName\":\"search_term_string\"}}],\"inLanguage\":\"sv-SE\"},{\"@type\":\"Person\",\"@id\":\"https:\/\/blogg.svenskakyrkan.se\/prostenlillos\/#\/schema\/person\/2b7f07e4206d3ba21f1780583a2446ec\",\"name\":\"Kristian Lill\u00f6\",\"image\":{\"@type\":\"ImageObject\",\"inLanguage\":\"sv-SE\",\"@id\":\"https:\/\/blogg.svenskakyrkan.se\/prostenlillos\/#\/schema\/person\/image\/\",\"url\":\"https:\/\/secure.gravatar.com\/avatar\/43a641be9ed7ce3f0f2802e394c1bcafb36f6fa4ebdfdf1497f112fbc05c6f3a?s=96&d=mm&r=g\",\"contentUrl\":\"https:\/\/secure.gravatar.com\/avatar\/43a641be9ed7ce3f0f2802e394c1bcafb36f6fa4ebdfdf1497f112fbc05c6f3a?s=96&d=mm&r=g\",\"caption\":\"Kristian Lill\u00f6\"},\"url\":\"https:\/\/blogg.svenskakyrkan.se\/prostenlillos\/author\/p0934klo\/\"}]}<\/script>\n<!-- \/ Yoast SEO plugin. -->","yoast_head_json":{"title":"SATIR - och n\u00e4r Emil r\u00e4ddade Alfred den kallaste natten - Prosten Lill\u00f6s blogg","robots":{"index":"index","follow":"follow","max-snippet":"max-snippet:-1","max-image-preview":"max-image-preview:large","max-video-preview":"max-video-preview:-1"},"canonical":"https:\/\/blogg.svenskakyrkan.se\/prostenlillos\/satir-och-nar-emil-raddade-alfred-den-kallaste-dagen\/","og_locale":"sv_SE","og_type":"article","og_title":"SATIR - och n\u00e4r Emil r\u00e4ddade Alfred den kallaste natten - Prosten Lill\u00f6s blogg","og_description":"Minns mina f\u00f6rsta bilder av utvecklingsl\u00e4ran i det som f\u00f6rr kallades mellanstadiet. F\u00f6r att detta biologiska underverk ska upprepas beh\u00f6vs det o\u00e4ndligt m\u00e5nga universa. Men det ber\u00e4ttade ingen p\u00e5 1970-talet. Vi fick ist\u00e4llet l\u00e4ra oss n\u00e5got helt annat. Vi fick i v\u00e5r biologibok l\u00e4ra oss att dela upp verkligheten, i natur och religion, vetande och [&hellip;]","og_url":"https:\/\/blogg.svenskakyrkan.se\/prostenlillos\/satir-och-nar-emil-raddade-alfred-den-kallaste-dagen\/","og_site_name":"Prosten Lill\u00f6s blogg","article_published_time":"2015-01-20T21:51:09+00:00","article_modified_time":"2015-01-30T11:58:46+00:00","og_image":[{"width":200,"height":350,"url":"https:\/\/blogg.svenskakyrkan.se\/prostenlillos\/files\/2015\/01\/image5.jpg","type":"image\/jpeg"}],"author":"Kristian Lill\u00f6","twitter_card":"summary_large_image","twitter_misc":{"Skriven av":"Kristian Lill\u00f6","Ber\u00e4knad l\u00e4stid":"2 minuter"},"schema":{"@context":"https:\/\/schema.org","@graph":[{"@type":"Article","@id":"https:\/\/blogg.svenskakyrkan.se\/prostenlillos\/satir-och-nar-emil-raddade-alfred-den-kallaste-dagen\/#article","isPartOf":{"@id":"https:\/\/blogg.svenskakyrkan.se\/prostenlillos\/satir-och-nar-emil-raddade-alfred-den-kallaste-dagen\/"},"author":{"name":"Kristian Lill\u00f6","@id":"https:\/\/blogg.svenskakyrkan.se\/prostenlillos\/#\/schema\/person\/2b7f07e4206d3ba21f1780583a2446ec"},"headline":"SATIR &#8211; och n\u00e4r Emil r\u00e4ddade Alfred den kallaste natten","datePublished":"2015-01-20T21:51:09+00:00","dateModified":"2015-01-30T11:58:46+00:00","mainEntityOfPage":{"@id":"https:\/\/blogg.svenskakyrkan.se\/prostenlillos\/satir-och-nar-emil-raddade-alfred-den-kallaste-dagen\/"},"wordCount":396,"commentCount":0,"image":{"@id":"https:\/\/blogg.svenskakyrkan.se\/prostenlillos\/satir-och-nar-emil-raddade-alfred-den-kallaste-dagen\/#primaryimage"},"thumbnailUrl":"http:\/\/blogg.svenskakyrkan.se\/prostenlillos\/files\/2015\/01\/image5-171x300.jpg","inLanguage":"sv-SE","potentialAction":[{"@type":"CommentAction","name":"Comment","target":["https:\/\/blogg.svenskakyrkan.se\/prostenlillos\/satir-och-nar-emil-raddade-alfred-den-kallaste-dagen\/#respond"]}]},{"@type":"WebPage","@id":"https:\/\/blogg.svenskakyrkan.se\/prostenlillos\/satir-och-nar-emil-raddade-alfred-den-kallaste-dagen\/","url":"https:\/\/blogg.svenskakyrkan.se\/prostenlillos\/satir-och-nar-emil-raddade-alfred-den-kallaste-dagen\/","name":"SATIR - och n\u00e4r Emil r\u00e4ddade Alfred den kallaste natten - Prosten Lill\u00f6s blogg","isPartOf":{"@id":"https:\/\/blogg.svenskakyrkan.se\/prostenlillos\/#website"},"primaryImageOfPage":{"@id":"https:\/\/blogg.svenskakyrkan.se\/prostenlillos\/satir-och-nar-emil-raddade-alfred-den-kallaste-dagen\/#primaryimage"},"image":{"@id":"https:\/\/blogg.svenskakyrkan.se\/prostenlillos\/satir-och-nar-emil-raddade-alfred-den-kallaste-dagen\/#primaryimage"},"thumbnailUrl":"http:\/\/blogg.svenskakyrkan.se\/prostenlillos\/files\/2015\/01\/image5-171x300.jpg","datePublished":"2015-01-20T21:51:09+00:00","dateModified":"2015-01-30T11:58:46+00:00","author":{"@id":"https:\/\/blogg.svenskakyrkan.se\/prostenlillos\/#\/schema\/person\/2b7f07e4206d3ba21f1780583a2446ec"},"breadcrumb":{"@id":"https:\/\/blogg.svenskakyrkan.se\/prostenlillos\/satir-och-nar-emil-raddade-alfred-den-kallaste-dagen\/#breadcrumb"},"inLanguage":"sv-SE","potentialAction":[{"@type":"ReadAction","target":["https:\/\/blogg.svenskakyrkan.se\/prostenlillos\/satir-och-nar-emil-raddade-alfred-den-kallaste-dagen\/"]}]},{"@type":"ImageObject","inLanguage":"sv-SE","@id":"https:\/\/blogg.svenskakyrkan.se\/prostenlillos\/satir-och-nar-emil-raddade-alfred-den-kallaste-dagen\/#primaryimage","url":"https:\/\/blogg.svenskakyrkan.se\/prostenlillos\/files\/2015\/01\/image5.jpg","contentUrl":"https:\/\/blogg.svenskakyrkan.se\/prostenlillos\/files\/2015\/01\/image5.jpg","width":200,"height":350},{"@type":"BreadcrumbList","@id":"https:\/\/blogg.svenskakyrkan.se\/prostenlillos\/satir-och-nar-emil-raddade-alfred-den-kallaste-dagen\/#breadcrumb","itemListElement":[{"@type":"ListItem","position":1,"name":"Hem","item":"https:\/\/blogg.svenskakyrkan.se\/prostenlillos\/"},{"@type":"ListItem","position":2,"name":"SATIR &#8211; och n\u00e4r Emil r\u00e4ddade Alfred den kallaste natten"}]},{"@type":"WebSite","@id":"https:\/\/blogg.svenskakyrkan.se\/prostenlillos\/#website","url":"https:\/\/blogg.svenskakyrkan.se\/prostenlillos\/","name":"Prosten Lill\u00f6s blogg","description":"Kristian Lill\u00f6, kyrkoherde i Helsingborgs pastorat","potentialAction":[{"@type":"SearchAction","target":{"@type":"EntryPoint","urlTemplate":"https:\/\/blogg.svenskakyrkan.se\/prostenlillos\/?s={search_term_string}"},"query-input":{"@type":"PropertyValueSpecification","valueRequired":true,"valueName":"search_term_string"}}],"inLanguage":"sv-SE"},{"@type":"Person","@id":"https:\/\/blogg.svenskakyrkan.se\/prostenlillos\/#\/schema\/person\/2b7f07e4206d3ba21f1780583a2446ec","name":"Kristian Lill\u00f6","image":{"@type":"ImageObject","inLanguage":"sv-SE","@id":"https:\/\/blogg.svenskakyrkan.se\/prostenlillos\/#\/schema\/person\/image\/","url":"https:\/\/secure.gravatar.com\/avatar\/43a641be9ed7ce3f0f2802e394c1bcafb36f6fa4ebdfdf1497f112fbc05c6f3a?s=96&d=mm&r=g","contentUrl":"https:\/\/secure.gravatar.com\/avatar\/43a641be9ed7ce3f0f2802e394c1bcafb36f6fa4ebdfdf1497f112fbc05c6f3a?s=96&d=mm&r=g","caption":"Kristian Lill\u00f6"},"url":"https:\/\/blogg.svenskakyrkan.se\/prostenlillos\/author\/p0934klo\/"}]}},"author_meta":{"ID":"436","user_nicename":"p0934klo","user_registered":"2014-08-27 11:40:01","display_name":"Kristian Lill\u00f6","avatar":"https:\/\/secure.gravatar.com\/avatar\/43a641be9ed7ce3f0f2802e394c1bcafb36f6fa4ebdfdf1497f112fbc05c6f3a?s=96&d=mm&r=g"},"featured_image":false,"bloginfo":{"name":"Prosten Lill\u00f6s blogg","url":"https:\/\/blogg.svenskakyrkan.se\/prostenlillos"},"_links":{"self":[{"href":"https:\/\/blogg.svenskakyrkan.se\/prostenlillos\/wp-json\/wp\/v2\/posts\/363","targetHints":{"allow":["GET"]}}],"collection":[{"href":"https:\/\/blogg.svenskakyrkan.se\/prostenlillos\/wp-json\/wp\/v2\/posts"}],"about":[{"href":"https:\/\/blogg.svenskakyrkan.se\/prostenlillos\/wp-json\/wp\/v2\/types\/post"}],"author":[{"embeddable":true,"href":"https:\/\/blogg.svenskakyrkan.se\/prostenlillos\/wp-json\/wp\/v2\/users\/436"}],"replies":[{"embeddable":true,"href":"https:\/\/blogg.svenskakyrkan.se\/prostenlillos\/wp-json\/wp\/v2\/comments?post=363"}],"version-history":[{"count":15,"href":"https:\/\/blogg.svenskakyrkan.se\/prostenlillos\/wp-json\/wp\/v2\/posts\/363\/revisions"}],"predecessor-version":[{"id":382,"href":"https:\/\/blogg.svenskakyrkan.se\/prostenlillos\/wp-json\/wp\/v2\/posts\/363\/revisions\/382"}],"wp:attachment":[{"href":"https:\/\/blogg.svenskakyrkan.se\/prostenlillos\/wp-json\/wp\/v2\/media?parent=363"}],"wp:term":[{"taxonomy":"category","embeddable":true,"href":"https:\/\/blogg.svenskakyrkan.se\/prostenlillos\/wp-json\/wp\/v2\/categories?post=363"},{"taxonomy":"post_tag","embeddable":true,"href":"https:\/\/blogg.svenskakyrkan.se\/prostenlillos\/wp-json\/wp\/v2\/tags?post=363"}],"curies":[{"name":"wp","href":"https:\/\/api.w.org\/{rel}","templated":true}]}}