{"id":3705,"date":"2025-08-02T07:11:48","date_gmt":"2025-08-02T05:11:48","guid":{"rendered":"https:\/\/blogg.svenskakyrkan.se\/rolandreflekterar\/?p=3705"},"modified":"2025-08-02T07:16:33","modified_gmt":"2025-08-02T05:16:33","slug":"hur-kan-du-pasta-att-gud-ar-god","status":"publish","type":"post","link":"https:\/\/blogg.svenskakyrkan.se\/rolandreflekterar\/2025\/08\/02\/hur-kan-du-pasta-att-gud-ar-god\/","title":{"rendered":"Hur kan du p\u00e5st\u00e5 att Gud \u00e4r god?"},"content":{"rendered":"\n\n\n<p>Att tro p\u00e5 Gud som universums skapare \u00e4r nog f\u00f6r de flesta ganska enkelt eller \u00e5tminstone troligt och en m\u00f6jlig f\u00f6rklaring till dess uppkomst och utveckling. Men att tro p\u00e5 en allsm\u00e4ktig Gud, en Gud som \u00e4r herre \u00f6ver allt \u00e4r sv\u00e5rt. D\u00e5 vi ska \u00e4ndra syns\u00e4tt fr\u00e5n Gud som skaparen till Gud som en betydande maktfaktor blir det sv\u00e5rare att tro. Den verkliga makten ligger nog f\u00f6r de flesta av oss hos m\u00e4n i kostymer, m\u00e4n i uniformer, m\u00e4n med mycket vapen och stora arm\u00e9er. M\u00e4n i keps, m\u00e4n med huvudduk eller turban, mitra eller pr\u00e4stkrage. M\u00e4n i bepansrade limousiner. M\u00e4n med stora berg av pengar. M\u00e4n med positioner i hierarkier. Ja m\u00e4n med stora egon som f\u00f6rs\u00f6ker f\u00e5 oss att tro att deras v\u00e4g \u00e4r den enda r\u00e4tta, och du och jag g\u00e5r p\u00e5 det och l\u00e5ter oss luras. Dessa f\u00f6rvridna sanningar sprider desinformation och kan v\u00e4cka v\u00e5rt tvivel v\u00e5r syn p\u00e5 Gud som en maktfaktor i v\u00e4rlden idag. Det kan f\u00e5 oss att tro mer p\u00e5 m\u00e4ktiga m\u00e4nniskors f\u00f6rm\u00e5ga \u00e4n p\u00e5 Gud. Det kan f\u00e5 oss att tro att m\u00e4nniskan \u00e4r st\u00f6rre \u00e4n Gud.<\/p>\n\n\n\n<p>Men h\u00e4r tror jag, eller jag \u00e4r fullt \u00f6vertygad om att vi t\u00e4nker fel d\u00e5 vi bortser fr\u00e5n att Gud skulle vara en maktfaktor att lita p\u00e5. Vi ber ju i den b\u00f6n Guds son gav oss &#8211;<em> Din \u00e4r makten och \u00e4ran i evighet.<\/em> Amen. Maktens m\u00e4nniskor har l\u00e4tt att ta f\u00f6r stora ord i sin mun. M\u00e4nniskan lovar att just det de s\u00e4ger kommer att ge oss tillbaka v\u00e5rt f\u00f6rlorade paradis bara vi f\u00f6lje deras r\u00e5d och lyder deras lagar. M\u00e4nskligheten blir invaggade i en falsk trygghet n\u00e4r vi s\u00e4tter Gud \u00e5t sidan och ist\u00e4llet lyssnar p\u00e5 m\u00e4nniskors fagra ord. N\u00e4r grumliga f\u00f6rkunnare, frustrerade fanatiker s\u00f6ver oss med l\u00f6ftesrika ord d\u00e5 vill i alla fall jag jag hitta Gud, v\u00e5r himmelske far, den verkliga maktfaktorn och den som h\u00e5ller hela v\u00e4rlden i sin hand. Gud \u00e4r den som ser l\u00e4ngre och t\u00e4nker vidare \u00e4n m\u00e4nniskan. Guds syn har en sk\u00e4rpa och en klarhet och ser m\u00e4nniskan beslut och dess effekter i ett l\u00e5ngtg\u00e5ende och komplext perspektiv.<\/p>\n\n\n\n<p>Men n\u00e4r man v\u00e4ljer att tro p\u00e5 att Gud verkligen besitter kraft \u00f6ver tankar, k\u00e4nslor, handlingar och h\u00e4ndelsef\u00f6rlopp, ja en Gud som verkligen \u00e4r med och p\u00e5verkar de stora v\u00e4rldsh\u00e4ndelserna, n\u00e4r man tror p\u00e5 Gud som en maktfaktor \u00e4r det m\u00e5nga som vill plocka fram dumstruten och s\u00e4tta den p\u00e5 mitt huvud. En v\u00e4lk\u00e4nd strof ekar i de ord som m\u00f6ter mig &#8211; Hur kan en Gud som du p\u00e5st\u00e5r \u00e4r god till\u00e5ta det vi ser idag? Skulle en allsm\u00e4ktig Gud verkligen till\u00e5ta detta? Om nu din Gud har all makt, varf\u00f6r griper han d\u00e5 inte in? <\/p>\n\n\n\n<p>Vi vet alla att det finns ett problem med att tro p\u00e5 en allsm\u00e4ktig Gud som t\u00e4nkare, teologer, filosofer osv. i alla tider och i alla kulturer och religioner har funderat \u00f6ver, teodic\u00e9problemet, men det l\u00e4gger vi \u00e5t sidan i denna reflektion. Men som en parantes kan jag erk\u00e4nna att jag tillh\u00f6r de som tror svaret p\u00e5 detta problem till stor del ligger i m\u00e4nniskans fria vilja, eller i den fria oviljan, oviljan att s\u00e4tta Gud f\u00f6rst i deras liv. Ett best\u00e4mt nej i viljan att blanda in Gud n\u00e4r de stora besluten ska fattas. Gud finns liksom inte p\u00e5 kartan i ord och tankar n\u00e4r viktig beslut ska fattas f\u00f6r d\u00e5 anser sig m\u00e5nga vara klokare \u00e4n Gud. Eller ocks\u00e5 tror de inte att Gud finns till hands n\u00e4r det \u00e4r skarpt l\u00e4ge. Gud finns liksom i bakgrunden som n\u00e5gon vi kan plocka fram vid de tillf\u00e4llen d\u00e5 det passar oss att tro p\u00e5 honom. M\u00e4nniskor fattar beslut och n\u00e4r de \u00e4r f\u00f6rankrade avslutas de oftast med orden &#8221; M\u00e5 Gud vara med oss&#8221;.  Maktens m\u00e4n brukar tro p\u00e5 Gud och tacka honom n\u00e4r de har framg\u00e5ng, och s\u00e5 \u00e4r det nog f\u00f6r oss alla mer eller mindre f\u00f6r vid medvind \u00e4r det l\u00e4tt att tro. Men n\u00e4r motvinden drar in och v\u00e5ra egna beslut och planer g\u00e5r i krasch d\u00e5 gn\u00e4lls det p\u00e5 att Gud inte lyssnar. Hur kan Gud till\u00e5ta att mina planer gick om intet? Man vill ju s\u00e5 g\u00e4rna visa Gud p\u00e5 vilka beslut som \u00e4r de r\u00e4tta och man fr\u00e5gar, varf\u00f6r lyssnar inte Gud p\u00e5 mig?<\/p>\n\n\n\n<p>Vi m\u00e5ste helt enkelt l\u00e5ta Gud vara Gud. M\u00e5nga g\u00e5nger frestas vi att dra ner Gud till v\u00e5r niv\u00e5. Vi vill s\u00e5 g\u00e4rna f\u00f6rst\u00e5 och f\u00f6rklara Gud med m\u00e4nskliga teorier och id\u00e9er. Det \u00e4r kanske f\u00f6rst\u00e5eligt f\u00f6r det \u00e4r s\u00e5 vi m\u00e4nniskor fungerar. Men Gud l\u00e5ter sig inte begr\u00e4nsas till v\u00e5r logik och det rum och inom de ramar vi med v\u00e5rt f\u00f6rnuft f\u00f6rs\u00f6ker placera Gud i. Det \u00e4r bara att b\u00f6ja sig under det faktum att Gud \u00e4r st\u00f6rre \u00e4n det vi kan beskriva. Gud \u00e4r en maktfaktor och \u00e4r alltid mer och st\u00f6rre och det \u00e4r n\u00e5got vi ska vara glada \u00f6ver. Gud \u00e4r Gud och Gud \u00e4r god och det goda segrar alltid. Hur tokiga beslut vi m\u00e4nniskor \u00e4n fattar s\u00e5 tar det goda \u00f6ver till slut. Gud finns alltid med och v\u00e4nder allt till r\u00e4tta. Gud \u00e5terst\u00e4ller ordning och balans efter de perioder vi m\u00e4nniskor skapat problem och kaos. Det \u00e4r som att Gud har sina ramar i hur l\u00e5ngt vi f\u00e5r driva v\u00e5r galenskap. Gud s\u00e4tter till slut ner foten och s\u00e4ger &#8211; Hit men inte l\u00e4ngre. <\/p>\n\n\n\n<p>S\u00e5 hur kan jag tro p\u00e5 en god Gud? Jo men jag tror att Gud \u00e4r god och alltid vill oss v\u00e4l. Till skillnad fr\u00e5n oss m\u00e4nniskor som aldrig kan h\u00e5lla sams och \u00e4lska varandra villkorsl\u00f6st i varken ord eller handling n\u00e5gon l\u00e4ngre stund. Det onda vi ser i v\u00e4rlden \u00e4r ett resultat av de val m\u00e4nniskor g\u00f6r. Vi har alla ett val g\u00e4llande ont och gott. Ingen m\u00e4nniska \u00e4r helt genomrutten och ond och ingen \u00e4r helt god rakt igenom. Bara en \u00e4r god och det \u00e4r Gud. Det vi ser h\u00e4nda p\u00e5 den stora v\u00e4rldsarenan och i v\u00e5r lilla n\u00e4rmilj\u00f6 \u00e4r frukten av v\u00e5rt handlande och v\u00e5ra beslut.<\/p>\n\n\n\n<p>Men varf\u00f6r griper d\u00e5 inte Gud in och g\u00f6r n\u00e5got? Vem skulle klara sin vardag om Gud hela tiden lade sig i och tillr\u00e4ttavisade oss? Jag tror att vi alla skulle bli galna om Gud var en s\u00e5dan Gud. Men det otroliga sker n\u00e4r Gud pl\u00f6tsligt v\u00e4nder det onda vi m\u00e4nniskor skapat genom v\u00e5rt agerande till n\u00e5got gott. Vi kanske inte ser det h\u00e4nda men Gud och Guds godhet finns d\u00e4r i de l\u00e5nga linjerna. Historien \u00e4r ett bevis p\u00e5 hur m\u00e4nskligheten hela tiden har f\u00e5tt g\u00e5 igenom tider av n\u00f6d och tider av v\u00e4lst\u00e5nd. Varf\u00f6r vi inte f\u00e5r leva i ett st\u00e4ndigt \u00f6verfl\u00f6d av lycka f\u00f6rst\u00e5r vi kanske inte men s\u00e5 \u00e4r det. Men civilisationer har kommit och g\u00e5tt. Riken har uppst\u00e5tt f\u00f6r att sedan f\u00f6rsvinna. Lidande och n\u00f6d k\u00e4rlek och v\u00e4lg\u00e5ng \u00e4r st\u00e4ndigt v\u00e5ra f\u00f6ljeslagare varf\u00f6r de \u00e4r s\u00e5 kanske vi aldrig kan hitta svaret p\u00e5, men att Gud \u00e4r god och kan \u00e4ven v\u00e4nda det onda till n\u00e5got gott det tror jag att de flesta f\u00f6rst\u00e5r.<\/p>\n\n\n\n<p>S\u00e5 trots att vi inte alltid kan tro det fullt ut n\u00e4r vi ser allt m\u00f6rker som finns s\u00e5 finns det en Gud som vill oss v\u00e4l. En levande Gud som vi kan be till i sv\u00e5ra tider men som vi ocks\u00e5 ska tacka f\u00f6r hans godhet i goda tider. Och vi ska vara medvetna om att vi alltid har ett val hur vi v\u00e4ljer att vara i v\u00e5r vardag. V\u00e5ra ord och handlingar \u00e4r viktigare \u00e4n vi tror. Ord och handlingar har en gnista som b\u00e5de kan t\u00e4nda och sl\u00e4cka. H\u00e4r g\u00e4ller det att be och tro p\u00e5 att Gud kan ge oss vishet innan vi handlar or\u00e4tt.<\/p>\n\n\n\n<p><\/p>\n","protected":false},"excerpt":{"rendered":"<p>Att tro p\u00e5 Gud som universums skapare \u00e4r nog f\u00f6r de flesta ganska enkelt eller \u00e5tminstone troligt och en m\u00f6jlig f\u00f6rklaring till dess uppkomst och utveckling. Men att tro p\u00e5 en allsm\u00e4ktig Gud, en Gud som \u00e4r herre \u00f6ver allt \u00e4r sv\u00e5rt. D\u00e5 vi ska \u00e4ndra syns\u00e4tt fr\u00e5n Gud som skaparen till Gud som en [&hellip;]<\/p>\n","protected":false},"author":784,"featured_media":0,"comment_status":"open","ping_status":"open","sticky":false,"template":"","format":"standard","meta":{"_acf_changed":false,"footnotes":""},"categories":[1],"tags":[],"class_list":["post-3705","post","type-post","status-publish","format-standard","hentry","category-okategoriserade"],"acf":[],"yoast_head":"<!-- This site is optimized with the Yoast SEO plugin v27.1.1 - https:\/\/yoast.com\/product\/yoast-seo-wordpress\/ -->\n<title>Hur kan du p\u00e5st\u00e5 att Gud \u00e4r god? - Roland reflekterar<\/title>\n<meta name=\"robots\" content=\"index, follow, max-snippet:-1, max-image-preview:large, max-video-preview:-1\" \/>\n<link rel=\"canonical\" href=\"https:\/\/blogg.svenskakyrkan.se\/rolandreflekterar\/2025\/08\/02\/hur-kan-du-pasta-att-gud-ar-god\/\" \/>\n<meta property=\"og:locale\" content=\"sv_SE\" \/>\n<meta property=\"og:type\" content=\"article\" \/>\n<meta property=\"og:title\" content=\"Hur kan du p\u00e5st\u00e5 att Gud \u00e4r god? - Roland reflekterar\" \/>\n<meta property=\"og:description\" content=\"Att tro p\u00e5 Gud som universums skapare \u00e4r nog f\u00f6r de flesta ganska enkelt eller \u00e5tminstone troligt och en m\u00f6jlig f\u00f6rklaring till dess uppkomst och utveckling. Men att tro p\u00e5 en allsm\u00e4ktig Gud, en Gud som \u00e4r herre \u00f6ver allt \u00e4r sv\u00e5rt. D\u00e5 vi ska \u00e4ndra syns\u00e4tt fr\u00e5n Gud som skaparen till Gud som en [&hellip;]\" \/>\n<meta property=\"og:url\" content=\"https:\/\/blogg.svenskakyrkan.se\/rolandreflekterar\/2025\/08\/02\/hur-kan-du-pasta-att-gud-ar-god\/\" \/>\n<meta property=\"og:site_name\" content=\"Roland reflekterar\" \/>\n<meta property=\"article:published_time\" content=\"2025-08-02T05:11:48+00:00\" \/>\n<meta property=\"article:modified_time\" content=\"2025-08-02T05:16:33+00:00\" \/>\n<meta name=\"author\" content=\"Roland Persson\" \/>\n<meta name=\"twitter:card\" content=\"summary_large_image\" \/>\n<meta name=\"twitter:label1\" content=\"Skriven av\" \/>\n\t<meta name=\"twitter:data1\" content=\"Roland Persson\" \/>\n\t<meta name=\"twitter:label2\" content=\"Ber\u00e4knad l\u00e4stid\" \/>\n\t<meta name=\"twitter:data2\" content=\"8 minuter\" \/>\n<script type=\"application\/ld+json\" class=\"yoast-schema-graph\">{\"@context\":\"https:\/\/schema.org\",\"@graph\":[{\"@type\":\"Article\",\"@id\":\"https:\/\/blogg.svenskakyrkan.se\/rolandreflekterar\/2025\/08\/02\/hur-kan-du-pasta-att-gud-ar-god\/#article\",\"isPartOf\":{\"@id\":\"https:\/\/blogg.svenskakyrkan.se\/rolandreflekterar\/2025\/08\/02\/hur-kan-du-pasta-att-gud-ar-god\/\"},\"author\":{\"name\":\"Roland Persson\",\"@id\":\"https:\/\/blogg.svenskakyrkan.se\/rolandreflekterar\/#\/schema\/person\/ac7616e1ca4245053541d6ce5306624d\"},\"headline\":\"Hur kan du p\u00e5st\u00e5 att Gud \u00e4r god?\",\"datePublished\":\"2025-08-02T05:11:48+00:00\",\"dateModified\":\"2025-08-02T05:16:33+00:00\",\"mainEntityOfPage\":{\"@id\":\"https:\/\/blogg.svenskakyrkan.se\/rolandreflekterar\/2025\/08\/02\/hur-kan-du-pasta-att-gud-ar-god\/\"},\"wordCount\":1526,\"commentCount\":0,\"inLanguage\":\"sv-SE\",\"potentialAction\":[{\"@type\":\"CommentAction\",\"name\":\"Comment\",\"target\":[\"https:\/\/blogg.svenskakyrkan.se\/rolandreflekterar\/2025\/08\/02\/hur-kan-du-pasta-att-gud-ar-god\/#respond\"]}]},{\"@type\":\"WebPage\",\"@id\":\"https:\/\/blogg.svenskakyrkan.se\/rolandreflekterar\/2025\/08\/02\/hur-kan-du-pasta-att-gud-ar-god\/\",\"url\":\"https:\/\/blogg.svenskakyrkan.se\/rolandreflekterar\/2025\/08\/02\/hur-kan-du-pasta-att-gud-ar-god\/\",\"name\":\"Hur kan du p\u00e5st\u00e5 att Gud \u00e4r god? - Roland reflekterar\",\"isPartOf\":{\"@id\":\"https:\/\/blogg.svenskakyrkan.se\/rolandreflekterar\/#website\"},\"datePublished\":\"2025-08-02T05:11:48+00:00\",\"dateModified\":\"2025-08-02T05:16:33+00:00\",\"author\":{\"@id\":\"https:\/\/blogg.svenskakyrkan.se\/rolandreflekterar\/#\/schema\/person\/ac7616e1ca4245053541d6ce5306624d\"},\"breadcrumb\":{\"@id\":\"https:\/\/blogg.svenskakyrkan.se\/rolandreflekterar\/2025\/08\/02\/hur-kan-du-pasta-att-gud-ar-god\/#breadcrumb\"},\"inLanguage\":\"sv-SE\",\"potentialAction\":[{\"@type\":\"ReadAction\",\"target\":[\"https:\/\/blogg.svenskakyrkan.se\/rolandreflekterar\/2025\/08\/02\/hur-kan-du-pasta-att-gud-ar-god\/\"]}]},{\"@type\":\"BreadcrumbList\",\"@id\":\"https:\/\/blogg.svenskakyrkan.se\/rolandreflekterar\/2025\/08\/02\/hur-kan-du-pasta-att-gud-ar-god\/#breadcrumb\",\"itemListElement\":[{\"@type\":\"ListItem\",\"position\":1,\"name\":\"Hem\",\"item\":\"https:\/\/blogg.svenskakyrkan.se\/rolandreflekterar\/\"},{\"@type\":\"ListItem\",\"position\":2,\"name\":\"Hur kan du p\u00e5st\u00e5 att Gud \u00e4r god?\"}]},{\"@type\":\"WebSite\",\"@id\":\"https:\/\/blogg.svenskakyrkan.se\/rolandreflekterar\/#website\",\"url\":\"https:\/\/blogg.svenskakyrkan.se\/rolandreflekterar\/\",\"name\":\"Roland reflekterar\",\"description\":\"Reflektioner och tankar om det liv vi lever och hur tron p\u00e5 en levande Gud kan bli n\u00e5got och n\u00e5gon att tro p\u00e5 p\u00e5 riktigt.\",\"potentialAction\":[{\"@type\":\"SearchAction\",\"target\":{\"@type\":\"EntryPoint\",\"urlTemplate\":\"https:\/\/blogg.svenskakyrkan.se\/rolandreflekterar\/?s={search_term_string}\"},\"query-input\":{\"@type\":\"PropertyValueSpecification\",\"valueRequired\":true,\"valueName\":\"search_term_string\"}}],\"inLanguage\":\"sv-SE\"},{\"@type\":\"Person\",\"@id\":\"https:\/\/blogg.svenskakyrkan.se\/rolandreflekterar\/#\/schema\/person\/ac7616e1ca4245053541d6ce5306624d\",\"name\":\"Roland Persson\",\"image\":{\"@type\":\"ImageObject\",\"inLanguage\":\"sv-SE\",\"@id\":\"https:\/\/blogg.svenskakyrkan.se\/rolandreflekterar\/#\/schema\/person\/image\/\",\"url\":\"https:\/\/secure.gravatar.com\/avatar\/6af6d83b54db7027ef15a94667c7eb132da0866feaea804b8aed2bf99cec2dc7?s=96&d=mm&r=g\",\"contentUrl\":\"https:\/\/secure.gravatar.com\/avatar\/6af6d83b54db7027ef15a94667c7eb132da0866feaea804b8aed2bf99cec2dc7?s=96&d=mm&r=g\",\"caption\":\"Roland Persson\"},\"url\":\"https:\/\/blogg.svenskakyrkan.se\/rolandreflekterar\/author\/rolandreflekterar\/\"}]}<\/script>\n<!-- \/ Yoast SEO plugin. -->","yoast_head_json":{"title":"Hur kan du p\u00e5st\u00e5 att Gud \u00e4r god? - Roland reflekterar","robots":{"index":"index","follow":"follow","max-snippet":"max-snippet:-1","max-image-preview":"max-image-preview:large","max-video-preview":"max-video-preview:-1"},"canonical":"https:\/\/blogg.svenskakyrkan.se\/rolandreflekterar\/2025\/08\/02\/hur-kan-du-pasta-att-gud-ar-god\/","og_locale":"sv_SE","og_type":"article","og_title":"Hur kan du p\u00e5st\u00e5 att Gud \u00e4r god? - Roland reflekterar","og_description":"Att tro p\u00e5 Gud som universums skapare \u00e4r nog f\u00f6r de flesta ganska enkelt eller \u00e5tminstone troligt och en m\u00f6jlig f\u00f6rklaring till dess uppkomst och utveckling. Men att tro p\u00e5 en allsm\u00e4ktig Gud, en Gud som \u00e4r herre \u00f6ver allt \u00e4r sv\u00e5rt. D\u00e5 vi ska \u00e4ndra syns\u00e4tt fr\u00e5n Gud som skaparen till Gud som en [&hellip;]","og_url":"https:\/\/blogg.svenskakyrkan.se\/rolandreflekterar\/2025\/08\/02\/hur-kan-du-pasta-att-gud-ar-god\/","og_site_name":"Roland reflekterar","article_published_time":"2025-08-02T05:11:48+00:00","article_modified_time":"2025-08-02T05:16:33+00:00","author":"Roland Persson","twitter_card":"summary_large_image","twitter_misc":{"Skriven av":"Roland Persson","Ber\u00e4knad l\u00e4stid":"8 minuter"},"schema":{"@context":"https:\/\/schema.org","@graph":[{"@type":"Article","@id":"https:\/\/blogg.svenskakyrkan.se\/rolandreflekterar\/2025\/08\/02\/hur-kan-du-pasta-att-gud-ar-god\/#article","isPartOf":{"@id":"https:\/\/blogg.svenskakyrkan.se\/rolandreflekterar\/2025\/08\/02\/hur-kan-du-pasta-att-gud-ar-god\/"},"author":{"name":"Roland Persson","@id":"https:\/\/blogg.svenskakyrkan.se\/rolandreflekterar\/#\/schema\/person\/ac7616e1ca4245053541d6ce5306624d"},"headline":"Hur kan du p\u00e5st\u00e5 att Gud \u00e4r god?","datePublished":"2025-08-02T05:11:48+00:00","dateModified":"2025-08-02T05:16:33+00:00","mainEntityOfPage":{"@id":"https:\/\/blogg.svenskakyrkan.se\/rolandreflekterar\/2025\/08\/02\/hur-kan-du-pasta-att-gud-ar-god\/"},"wordCount":1526,"commentCount":0,"inLanguage":"sv-SE","potentialAction":[{"@type":"CommentAction","name":"Comment","target":["https:\/\/blogg.svenskakyrkan.se\/rolandreflekterar\/2025\/08\/02\/hur-kan-du-pasta-att-gud-ar-god\/#respond"]}]},{"@type":"WebPage","@id":"https:\/\/blogg.svenskakyrkan.se\/rolandreflekterar\/2025\/08\/02\/hur-kan-du-pasta-att-gud-ar-god\/","url":"https:\/\/blogg.svenskakyrkan.se\/rolandreflekterar\/2025\/08\/02\/hur-kan-du-pasta-att-gud-ar-god\/","name":"Hur kan du p\u00e5st\u00e5 att Gud \u00e4r god? - Roland reflekterar","isPartOf":{"@id":"https:\/\/blogg.svenskakyrkan.se\/rolandreflekterar\/#website"},"datePublished":"2025-08-02T05:11:48+00:00","dateModified":"2025-08-02T05:16:33+00:00","author":{"@id":"https:\/\/blogg.svenskakyrkan.se\/rolandreflekterar\/#\/schema\/person\/ac7616e1ca4245053541d6ce5306624d"},"breadcrumb":{"@id":"https:\/\/blogg.svenskakyrkan.se\/rolandreflekterar\/2025\/08\/02\/hur-kan-du-pasta-att-gud-ar-god\/#breadcrumb"},"inLanguage":"sv-SE","potentialAction":[{"@type":"ReadAction","target":["https:\/\/blogg.svenskakyrkan.se\/rolandreflekterar\/2025\/08\/02\/hur-kan-du-pasta-att-gud-ar-god\/"]}]},{"@type":"BreadcrumbList","@id":"https:\/\/blogg.svenskakyrkan.se\/rolandreflekterar\/2025\/08\/02\/hur-kan-du-pasta-att-gud-ar-god\/#breadcrumb","itemListElement":[{"@type":"ListItem","position":1,"name":"Hem","item":"https:\/\/blogg.svenskakyrkan.se\/rolandreflekterar\/"},{"@type":"ListItem","position":2,"name":"Hur kan du p\u00e5st\u00e5 att Gud \u00e4r god?"}]},{"@type":"WebSite","@id":"https:\/\/blogg.svenskakyrkan.se\/rolandreflekterar\/#website","url":"https:\/\/blogg.svenskakyrkan.se\/rolandreflekterar\/","name":"Roland reflekterar","description":"Reflektioner och tankar om det liv vi lever och hur tron p\u00e5 en levande Gud kan bli n\u00e5got och n\u00e5gon att tro p\u00e5 p\u00e5 riktigt.","potentialAction":[{"@type":"SearchAction","target":{"@type":"EntryPoint","urlTemplate":"https:\/\/blogg.svenskakyrkan.se\/rolandreflekterar\/?s={search_term_string}"},"query-input":{"@type":"PropertyValueSpecification","valueRequired":true,"valueName":"search_term_string"}}],"inLanguage":"sv-SE"},{"@type":"Person","@id":"https:\/\/blogg.svenskakyrkan.se\/rolandreflekterar\/#\/schema\/person\/ac7616e1ca4245053541d6ce5306624d","name":"Roland Persson","image":{"@type":"ImageObject","inLanguage":"sv-SE","@id":"https:\/\/blogg.svenskakyrkan.se\/rolandreflekterar\/#\/schema\/person\/image\/","url":"https:\/\/secure.gravatar.com\/avatar\/6af6d83b54db7027ef15a94667c7eb132da0866feaea804b8aed2bf99cec2dc7?s=96&d=mm&r=g","contentUrl":"https:\/\/secure.gravatar.com\/avatar\/6af6d83b54db7027ef15a94667c7eb132da0866feaea804b8aed2bf99cec2dc7?s=96&d=mm&r=g","caption":"Roland Persson"},"url":"https:\/\/blogg.svenskakyrkan.se\/rolandreflekterar\/author\/rolandreflekterar\/"}]}},"author_meta":{"ID":"784","user_nicename":"rolandreflekterar","user_registered":"2021-02-22 08:26:57","display_name":"Roland Persson","first_name":"Roland","last_name":"Persson","avatar":"https:\/\/blogg.svenskakyrkan.se\/rolandreflekterar\/files\/2021\/02\/d\u00f6dsskuggansdal-2-150x150.jpg"},"featured_image":false,"bloginfo":{"name":"Roland reflekterar","url":"https:\/\/blogg.svenskakyrkan.se\/rolandreflekterar"},"_links":{"self":[{"href":"https:\/\/blogg.svenskakyrkan.se\/rolandreflekterar\/wp-json\/wp\/v2\/posts\/3705","targetHints":{"allow":["GET"]}}],"collection":[{"href":"https:\/\/blogg.svenskakyrkan.se\/rolandreflekterar\/wp-json\/wp\/v2\/posts"}],"about":[{"href":"https:\/\/blogg.svenskakyrkan.se\/rolandreflekterar\/wp-json\/wp\/v2\/types\/post"}],"author":[{"embeddable":true,"href":"https:\/\/blogg.svenskakyrkan.se\/rolandreflekterar\/wp-json\/wp\/v2\/users\/784"}],"replies":[{"embeddable":true,"href":"https:\/\/blogg.svenskakyrkan.se\/rolandreflekterar\/wp-json\/wp\/v2\/comments?post=3705"}],"version-history":[{"count":134,"href":"https:\/\/blogg.svenskakyrkan.se\/rolandreflekterar\/wp-json\/wp\/v2\/posts\/3705\/revisions"}],"predecessor-version":[{"id":4195,"href":"https:\/\/blogg.svenskakyrkan.se\/rolandreflekterar\/wp-json\/wp\/v2\/posts\/3705\/revisions\/4195"}],"wp:attachment":[{"href":"https:\/\/blogg.svenskakyrkan.se\/rolandreflekterar\/wp-json\/wp\/v2\/media?parent=3705"}],"wp:term":[{"taxonomy":"category","embeddable":true,"href":"https:\/\/blogg.svenskakyrkan.se\/rolandreflekterar\/wp-json\/wp\/v2\/categories?post=3705"},{"taxonomy":"post_tag","embeddable":true,"href":"https:\/\/blogg.svenskakyrkan.se\/rolandreflekterar\/wp-json\/wp\/v2\/tags?post=3705"}],"curies":[{"name":"wp","href":"https:\/\/api.w.org\/{rel}","templated":true}]}}