{"id":4288,"date":"2025-08-16T07:19:40","date_gmt":"2025-08-16T05:19:40","guid":{"rendered":"https:\/\/blogg.svenskakyrkan.se\/rolandreflekterar\/?p=4288"},"modified":"2025-08-17T07:08:22","modified_gmt":"2025-08-17T05:08:22","slug":"goda-forvaltare-2","status":"publish","type":"post","link":"https:\/\/blogg.svenskakyrkan.se\/rolandreflekterar\/2025\/08\/16\/goda-forvaltare-2\/","title":{"rendered":"Goda f\u00f6rvaltare"},"content":{"rendered":"\n\n\n<p>Att vara goda f\u00f6rvaltare \u00e4r kanske inte alla g\u00e5nger s\u00e5 l\u00e4tt. F\u00f6r d\u00e4r mellan tanke, ord och handling verkar det f\u00f6rekomma n\u00e5gon form av glappkontakt. Att vara ordets h\u00f6rare men inte dess g\u00f6rare \u00e4r ganska vanligt. Det \u00e4r ganska l\u00e4tt att formulera vackra ord och ber\u00e4tta om sina visioner men sedan blir det inte s\u00e5 mycket mer. Eller ocks\u00e5 g\u00f6r man mycket men f\u00f6r egen vinning, man vill gl\u00e4nsa och lysa sj\u00e4lv. I denna reflektion funderar jag kring att vara goda f\u00f6rvaltare. S\u00e5 h\u00e4ng med, nu k\u00f6r vi ut p\u00e5 denna resa i ord och tankar. Kanske \u00e4r jag en god f\u00f6rvaltare av ord och tankar som faller i en god mylla hos dig s\u00e5 att du blir en god f\u00f6rvaltare av orden och tankarna du f\u00e5r n\u00e4r du l\u00e4ser min text. Jag hoppas att det blir s\u00e5.<\/p>\n\n\n\n<p>Vi kanske b\u00f6r rannsaka oss sj\u00e4lva i hur vi f\u00f6rvaltar de g\u00e5vor och f\u00e4rdigheter vi har. Vi b\u00f6r st\u00e4ndigt fr\u00e5ga oss &#8211; \u00e4r vi goda f\u00f6rvaltare? \u00c4r vi goda f\u00f6rvaltare d\u00e5 vi m\u00f6ter andras \u00e5sikter och tankar n\u00e4r de vill dela dem med oss? L\u00e5ter vi andras ord f\u00e5 bli till fr\u00f6n som f\u00e5r ligga och gro inom oss eller har vi t\u00e4nkt klart?<\/p>\n\n\n\n<p>Det kr\u00e4vs mod att vara en god f\u00f6rvaltare av de ord som kommer fr\u00e5n andra. Att ta till sig n\u00e5gon annans tankar och \u00e5sikter som skaver lite mot min bild om hur allt h\u00e4nger ihop \u00e4r j\u00e4tte sv\u00e5rt. Att t\u00e4nka nytt \u00e4r skr\u00e4mmande och det kr\u00e4vs mer jobb \u00e4n man sj\u00e4lv kanske inser att sl\u00e4ppa det man har och v\u00e4lja n\u00e5got annat. Att vara en god f\u00f6rvaltare och pl\u00f6ja upp sin egen inre \u00e5ker f\u00f6r att sedan plantera ord med en annan inneb\u00f6rd \u00e4n den jag \u00e4r van vid \u00e4r inte l\u00e4tt. Min inre \u00e5ker kanske \u00e4r full av sten och ogr\u00e4s d\u00e4rf\u00f6r att jag har l\u00e5tit den legat i tr\u00e4da alldeles f\u00f6r l\u00e4nge. Mina egna tankar som jag planterade f\u00f6r l\u00e4nge sedan har alltid funnits d\u00e4r men jag har inte bem\u00f6dat mig med att arbetat med dem som jag borde. Det finns b\u00e5de v\u00e4xtn\u00e4ring och andra odlingsmetoder, andra synvinklar g\u00e4llande mitt inre andliga liv som jag g\u00e5r miste om d\u00e5 jag inte \u00e4r en god f\u00f6rvaltare av mina medvandrares tankar och ord.<\/p>\n\n\n\n<p>Att stanna till och reflektera \u00f6ver sitt liv och sin beslut ibland tror jag kan vara nyttigt. Det \u00e4r s\u00e5 l\u00e4tt att allt bara blir en rundg\u00e5ng d\u00e4r rutiner och vanor g\u00f6r att man stannar i tillv\u00e4xten. Det \u00e4r l\u00e4ttare att bem\u00f6ta andras tankar och id\u00e9er med skepticism och kritik \u00e4n att f\u00e5nga orden och l\u00e5ta dem ligga och gro i ens inre. Kanske \u00e4r dessa nya tankar n\u00e5got jag beh\u00f6ver f\u00f6r att v\u00e4xa i min tro. Kanske \u00e4r den jag lyssnar p\u00e5 inte farlig utan en god f\u00f6rvaltare som vill v\u00e4l. Kanske \u00e4r denne n\u00e5gon n\u00e5gon som Gud har placerat i min v\u00e4g. Kanske vill Gud ber\u00e4tta genom n\u00e5gon annan att han inte \u00e4r f\u00e4rdig med mig, att jag \u00e4r &#8221;under construction&#8221; s\u00e5 att s\u00e4ga. F\u00f6r Gud arbetar st\u00e4ndigt med oss och vill alltid att vi ska vara levande och goda f\u00f6rvaltare. Goda och lyssnade f\u00f6rvaltare.<\/p>\n\n\n\n<p>V\u00e5ra egna tankar, id\u00e9er och m\u00e5l \u00e4r n\u00f6dv\u00e4ndiga f\u00f6r att vi ska vara en god f\u00f6rvaltare. Men jag tror inte vi ska l\u00e5sa v\u00e5ra tankar vid just v\u00e5ra tankar. Mina egna tankar f\u00e5r inte vara l\u00e5sta utan de m\u00e5ste utvecklas. Livet \u00e4r en resa, en livsresa, d\u00e4r det g\u00e4ller att vara nyfiken. Att se v\u00e4rlden med ett barns nyfikna \u00f6gon kan vara att uppt\u00e4cka n\u00e5got intressant l\u00e4ngs v\u00e4gen d\u00e4r du minst f\u00f6rv\u00e4ntat dig att hitta n\u00e5got. Stora tankar f\u00e5r inte kv\u00e4va de sm\u00e5. Det finns n\u00e5gon som sa att tro som ett litet senapskorn kan gro till n\u00e5got stort. Ja tro kan f\u00f6rflytta berg. Men finns det plats i v\u00e5rt inre f\u00f6r den tanken?<\/p>\n\n\n\n<p>Att vara goda f\u00f6rvaltare i vardagen l\u00e5ngt fr\u00e5n fest och glamour \u00e4r att ta vara p\u00e5 livet. Om vi bara lever f\u00f6r de d\u00e4r extravaganta dagarna d\u00e5 det \u00e4r fest \u00e4r att missa den gr\u00e5 vardagens lycka. \u00c4ven h\u00e4r anser jag att vi b\u00f6r stanna till och fundera en stund. \u00c4r du inte helt n\u00f6jd \u00e4r det n\u00e5got som \u00e4r fel. Vi ska naturligtvis g\u00e5 fram\u00e5t och utvecklas men om vi inte kan se vardagen som n\u00e5got fantastiskt s\u00e5 visst \u00e4r det d\u00e5 n\u00e5got som \u00e4r fel? \u00c4r vi d\u00e5 goda f\u00f6rvaltare av livet? Vi lever bara en g\u00e5ng och det \u00e4r nu idag s\u00e5 det \u00e4r nu vi ska vara goda f\u00f6rvaltare av det vi f\u00e5tt. Morgondagen vet vi inget om och g\u00e5rdagen \u00e4r f\u00f6rbi och passerad det \u00e4r nuet som g\u00e4ller hela tiden. Det stora f\u00e5r inte kv\u00e4va det lilla.<\/p>\n\n\n\n<p>Det finns n\u00e5got stort n\u00e4r vi \u00e4r goda f\u00f6rvaltare av det lilla. N\u00e4r vi f\u00f6rst\u00e5r att den h\u00f6gste Guden \u00e4r den som verkar i det lilla. Viljan att uppleva Guds stora k\u00e4rlek f\u00e5r inte kv\u00e4vas av v\u00e5r ovilja att se Guds lilla k\u00e4rlek i ord och handling fr\u00e5n v\u00e5ra medvandrare. I sm\u00e5 och tillsynes enkla ord och handlingar kan vi finna en skatt, en g\u00e5va fr\u00e5n Gud. <\/p>\n\n\n\n<p>Vi \u00e4r goda f\u00f6rvaltar n\u00e4r vi hittar v\u00e5r k\u00e4rlek till det vardagliga, n\u00e4r m\u00e5ndagen blir en dag att \u00e4lska. N\u00e4r vi inser att Guds k\u00e4rlek \u00e4r med oss alla dagar och att Gud aldrig l\u00e4mnar oss, ja n\u00e4r vi inser detta f\u00f6rst\u00e5r vi inneb\u00f6rden och allvaret av att vara goda f\u00f6rvaltare alla dagar och alltid. Ord sagda med v\u00e4rme och goda och osj\u00e4lviska handlingar \u00e4r att f\u00f6rst\u00e5 att Gud \u00e4r k\u00e4rlek och att vi ska vara goda f\u00f6rvaltare och f\u00f6rmedlare av det budskapet.<\/p>\n\n\n\n<p><\/p>\n","protected":false},"excerpt":{"rendered":"<p>Att vara goda f\u00f6rvaltare \u00e4r kanske inte alla g\u00e5nger s\u00e5 l\u00e4tt. F\u00f6r d\u00e4r mellan tanke, ord och handling verkar det f\u00f6rekomma n\u00e5gon form av glappkontakt. Att vara ordets h\u00f6rare men inte dess g\u00f6rare \u00e4r ganska vanligt. Det \u00e4r ganska l\u00e4tt att formulera vackra ord och ber\u00e4tta om sina visioner men sedan blir det inte s\u00e5 [&hellip;]<\/p>\n","protected":false},"author":784,"featured_media":0,"comment_status":"open","ping_status":"open","sticky":false,"template":"","format":"standard","meta":{"_acf_changed":false,"footnotes":""},"categories":[1],"tags":[],"class_list":["post-4288","post","type-post","status-publish","format-standard","hentry","category-okategoriserade"],"acf":[],"yoast_head":"<!-- This site is optimized with the Yoast SEO plugin v27.1.1 - https:\/\/yoast.com\/product\/yoast-seo-wordpress\/ -->\n<title>Goda f\u00f6rvaltare - Roland reflekterar<\/title>\n<meta name=\"robots\" content=\"index, follow, max-snippet:-1, max-image-preview:large, max-video-preview:-1\" \/>\n<link rel=\"canonical\" href=\"https:\/\/blogg.svenskakyrkan.se\/rolandreflekterar\/2025\/08\/16\/goda-forvaltare-2\/\" \/>\n<meta property=\"og:locale\" content=\"sv_SE\" \/>\n<meta property=\"og:type\" content=\"article\" \/>\n<meta property=\"og:title\" content=\"Goda f\u00f6rvaltare - Roland reflekterar\" \/>\n<meta property=\"og:description\" content=\"Att vara goda f\u00f6rvaltare \u00e4r kanske inte alla g\u00e5nger s\u00e5 l\u00e4tt. F\u00f6r d\u00e4r mellan tanke, ord och handling verkar det f\u00f6rekomma n\u00e5gon form av glappkontakt. Att vara ordets h\u00f6rare men inte dess g\u00f6rare \u00e4r ganska vanligt. Det \u00e4r ganska l\u00e4tt att formulera vackra ord och ber\u00e4tta om sina visioner men sedan blir det inte s\u00e5 [&hellip;]\" \/>\n<meta property=\"og:url\" content=\"https:\/\/blogg.svenskakyrkan.se\/rolandreflekterar\/2025\/08\/16\/goda-forvaltare-2\/\" \/>\n<meta property=\"og:site_name\" content=\"Roland reflekterar\" \/>\n<meta property=\"article:published_time\" content=\"2025-08-16T05:19:40+00:00\" \/>\n<meta property=\"article:modified_time\" content=\"2025-08-17T05:08:22+00:00\" \/>\n<meta name=\"author\" content=\"Roland Persson\" \/>\n<meta name=\"twitter:card\" content=\"summary_large_image\" \/>\n<meta name=\"twitter:label1\" content=\"Skriven av\" \/>\n\t<meta name=\"twitter:data1\" content=\"Roland Persson\" \/>\n\t<meta name=\"twitter:label2\" content=\"Ber\u00e4knad l\u00e4stid\" \/>\n\t<meta name=\"twitter:data2\" content=\"6 minuter\" \/>\n<script type=\"application\/ld+json\" class=\"yoast-schema-graph\">{\"@context\":\"https:\/\/schema.org\",\"@graph\":[{\"@type\":\"Article\",\"@id\":\"https:\/\/blogg.svenskakyrkan.se\/rolandreflekterar\/2025\/08\/16\/goda-forvaltare-2\/#article\",\"isPartOf\":{\"@id\":\"https:\/\/blogg.svenskakyrkan.se\/rolandreflekterar\/2025\/08\/16\/goda-forvaltare-2\/\"},\"author\":{\"name\":\"Roland Persson\",\"@id\":\"https:\/\/blogg.svenskakyrkan.se\/rolandreflekterar\/#\/schema\/person\/ac7616e1ca4245053541d6ce5306624d\"},\"headline\":\"Goda f\u00f6rvaltare\",\"datePublished\":\"2025-08-16T05:19:40+00:00\",\"dateModified\":\"2025-08-17T05:08:22+00:00\",\"mainEntityOfPage\":{\"@id\":\"https:\/\/blogg.svenskakyrkan.se\/rolandreflekterar\/2025\/08\/16\/goda-forvaltare-2\/\"},\"wordCount\":1121,\"commentCount\":0,\"inLanguage\":\"sv-SE\",\"potentialAction\":[{\"@type\":\"CommentAction\",\"name\":\"Comment\",\"target\":[\"https:\/\/blogg.svenskakyrkan.se\/rolandreflekterar\/2025\/08\/16\/goda-forvaltare-2\/#respond\"]}]},{\"@type\":\"WebPage\",\"@id\":\"https:\/\/blogg.svenskakyrkan.se\/rolandreflekterar\/2025\/08\/16\/goda-forvaltare-2\/\",\"url\":\"https:\/\/blogg.svenskakyrkan.se\/rolandreflekterar\/2025\/08\/16\/goda-forvaltare-2\/\",\"name\":\"Goda f\u00f6rvaltare - Roland reflekterar\",\"isPartOf\":{\"@id\":\"https:\/\/blogg.svenskakyrkan.se\/rolandreflekterar\/#website\"},\"datePublished\":\"2025-08-16T05:19:40+00:00\",\"dateModified\":\"2025-08-17T05:08:22+00:00\",\"author\":{\"@id\":\"https:\/\/blogg.svenskakyrkan.se\/rolandreflekterar\/#\/schema\/person\/ac7616e1ca4245053541d6ce5306624d\"},\"breadcrumb\":{\"@id\":\"https:\/\/blogg.svenskakyrkan.se\/rolandreflekterar\/2025\/08\/16\/goda-forvaltare-2\/#breadcrumb\"},\"inLanguage\":\"sv-SE\",\"potentialAction\":[{\"@type\":\"ReadAction\",\"target\":[\"https:\/\/blogg.svenskakyrkan.se\/rolandreflekterar\/2025\/08\/16\/goda-forvaltare-2\/\"]}]},{\"@type\":\"BreadcrumbList\",\"@id\":\"https:\/\/blogg.svenskakyrkan.se\/rolandreflekterar\/2025\/08\/16\/goda-forvaltare-2\/#breadcrumb\",\"itemListElement\":[{\"@type\":\"ListItem\",\"position\":1,\"name\":\"Hem\",\"item\":\"https:\/\/blogg.svenskakyrkan.se\/rolandreflekterar\/\"},{\"@type\":\"ListItem\",\"position\":2,\"name\":\"Goda f\u00f6rvaltare\"}]},{\"@type\":\"WebSite\",\"@id\":\"https:\/\/blogg.svenskakyrkan.se\/rolandreflekterar\/#website\",\"url\":\"https:\/\/blogg.svenskakyrkan.se\/rolandreflekterar\/\",\"name\":\"Roland reflekterar\",\"description\":\"Reflektioner och tankar om det liv vi lever och hur tron p\u00e5 en levande Gud kan bli n\u00e5got och n\u00e5gon att tro p\u00e5 p\u00e5 riktigt.\",\"potentialAction\":[{\"@type\":\"SearchAction\",\"target\":{\"@type\":\"EntryPoint\",\"urlTemplate\":\"https:\/\/blogg.svenskakyrkan.se\/rolandreflekterar\/?s={search_term_string}\"},\"query-input\":{\"@type\":\"PropertyValueSpecification\",\"valueRequired\":true,\"valueName\":\"search_term_string\"}}],\"inLanguage\":\"sv-SE\"},{\"@type\":\"Person\",\"@id\":\"https:\/\/blogg.svenskakyrkan.se\/rolandreflekterar\/#\/schema\/person\/ac7616e1ca4245053541d6ce5306624d\",\"name\":\"Roland Persson\",\"image\":{\"@type\":\"ImageObject\",\"inLanguage\":\"sv-SE\",\"@id\":\"https:\/\/blogg.svenskakyrkan.se\/rolandreflekterar\/#\/schema\/person\/image\/\",\"url\":\"https:\/\/secure.gravatar.com\/avatar\/6af6d83b54db7027ef15a94667c7eb132da0866feaea804b8aed2bf99cec2dc7?s=96&d=mm&r=g\",\"contentUrl\":\"https:\/\/secure.gravatar.com\/avatar\/6af6d83b54db7027ef15a94667c7eb132da0866feaea804b8aed2bf99cec2dc7?s=96&d=mm&r=g\",\"caption\":\"Roland Persson\"},\"url\":\"https:\/\/blogg.svenskakyrkan.se\/rolandreflekterar\/author\/rolandreflekterar\/\"}]}<\/script>\n<!-- \/ Yoast SEO plugin. -->","yoast_head_json":{"title":"Goda f\u00f6rvaltare - Roland reflekterar","robots":{"index":"index","follow":"follow","max-snippet":"max-snippet:-1","max-image-preview":"max-image-preview:large","max-video-preview":"max-video-preview:-1"},"canonical":"https:\/\/blogg.svenskakyrkan.se\/rolandreflekterar\/2025\/08\/16\/goda-forvaltare-2\/","og_locale":"sv_SE","og_type":"article","og_title":"Goda f\u00f6rvaltare - Roland reflekterar","og_description":"Att vara goda f\u00f6rvaltare \u00e4r kanske inte alla g\u00e5nger s\u00e5 l\u00e4tt. F\u00f6r d\u00e4r mellan tanke, ord och handling verkar det f\u00f6rekomma n\u00e5gon form av glappkontakt. Att vara ordets h\u00f6rare men inte dess g\u00f6rare \u00e4r ganska vanligt. Det \u00e4r ganska l\u00e4tt att formulera vackra ord och ber\u00e4tta om sina visioner men sedan blir det inte s\u00e5 [&hellip;]","og_url":"https:\/\/blogg.svenskakyrkan.se\/rolandreflekterar\/2025\/08\/16\/goda-forvaltare-2\/","og_site_name":"Roland reflekterar","article_published_time":"2025-08-16T05:19:40+00:00","article_modified_time":"2025-08-17T05:08:22+00:00","author":"Roland Persson","twitter_card":"summary_large_image","twitter_misc":{"Skriven av":"Roland Persson","Ber\u00e4knad l\u00e4stid":"6 minuter"},"schema":{"@context":"https:\/\/schema.org","@graph":[{"@type":"Article","@id":"https:\/\/blogg.svenskakyrkan.se\/rolandreflekterar\/2025\/08\/16\/goda-forvaltare-2\/#article","isPartOf":{"@id":"https:\/\/blogg.svenskakyrkan.se\/rolandreflekterar\/2025\/08\/16\/goda-forvaltare-2\/"},"author":{"name":"Roland Persson","@id":"https:\/\/blogg.svenskakyrkan.se\/rolandreflekterar\/#\/schema\/person\/ac7616e1ca4245053541d6ce5306624d"},"headline":"Goda f\u00f6rvaltare","datePublished":"2025-08-16T05:19:40+00:00","dateModified":"2025-08-17T05:08:22+00:00","mainEntityOfPage":{"@id":"https:\/\/blogg.svenskakyrkan.se\/rolandreflekterar\/2025\/08\/16\/goda-forvaltare-2\/"},"wordCount":1121,"commentCount":0,"inLanguage":"sv-SE","potentialAction":[{"@type":"CommentAction","name":"Comment","target":["https:\/\/blogg.svenskakyrkan.se\/rolandreflekterar\/2025\/08\/16\/goda-forvaltare-2\/#respond"]}]},{"@type":"WebPage","@id":"https:\/\/blogg.svenskakyrkan.se\/rolandreflekterar\/2025\/08\/16\/goda-forvaltare-2\/","url":"https:\/\/blogg.svenskakyrkan.se\/rolandreflekterar\/2025\/08\/16\/goda-forvaltare-2\/","name":"Goda f\u00f6rvaltare - Roland reflekterar","isPartOf":{"@id":"https:\/\/blogg.svenskakyrkan.se\/rolandreflekterar\/#website"},"datePublished":"2025-08-16T05:19:40+00:00","dateModified":"2025-08-17T05:08:22+00:00","author":{"@id":"https:\/\/blogg.svenskakyrkan.se\/rolandreflekterar\/#\/schema\/person\/ac7616e1ca4245053541d6ce5306624d"},"breadcrumb":{"@id":"https:\/\/blogg.svenskakyrkan.se\/rolandreflekterar\/2025\/08\/16\/goda-forvaltare-2\/#breadcrumb"},"inLanguage":"sv-SE","potentialAction":[{"@type":"ReadAction","target":["https:\/\/blogg.svenskakyrkan.se\/rolandreflekterar\/2025\/08\/16\/goda-forvaltare-2\/"]}]},{"@type":"BreadcrumbList","@id":"https:\/\/blogg.svenskakyrkan.se\/rolandreflekterar\/2025\/08\/16\/goda-forvaltare-2\/#breadcrumb","itemListElement":[{"@type":"ListItem","position":1,"name":"Hem","item":"https:\/\/blogg.svenskakyrkan.se\/rolandreflekterar\/"},{"@type":"ListItem","position":2,"name":"Goda f\u00f6rvaltare"}]},{"@type":"WebSite","@id":"https:\/\/blogg.svenskakyrkan.se\/rolandreflekterar\/#website","url":"https:\/\/blogg.svenskakyrkan.se\/rolandreflekterar\/","name":"Roland reflekterar","description":"Reflektioner och tankar om det liv vi lever och hur tron p\u00e5 en levande Gud kan bli n\u00e5got och n\u00e5gon att tro p\u00e5 p\u00e5 riktigt.","potentialAction":[{"@type":"SearchAction","target":{"@type":"EntryPoint","urlTemplate":"https:\/\/blogg.svenskakyrkan.se\/rolandreflekterar\/?s={search_term_string}"},"query-input":{"@type":"PropertyValueSpecification","valueRequired":true,"valueName":"search_term_string"}}],"inLanguage":"sv-SE"},{"@type":"Person","@id":"https:\/\/blogg.svenskakyrkan.se\/rolandreflekterar\/#\/schema\/person\/ac7616e1ca4245053541d6ce5306624d","name":"Roland Persson","image":{"@type":"ImageObject","inLanguage":"sv-SE","@id":"https:\/\/blogg.svenskakyrkan.se\/rolandreflekterar\/#\/schema\/person\/image\/","url":"https:\/\/secure.gravatar.com\/avatar\/6af6d83b54db7027ef15a94667c7eb132da0866feaea804b8aed2bf99cec2dc7?s=96&d=mm&r=g","contentUrl":"https:\/\/secure.gravatar.com\/avatar\/6af6d83b54db7027ef15a94667c7eb132da0866feaea804b8aed2bf99cec2dc7?s=96&d=mm&r=g","caption":"Roland Persson"},"url":"https:\/\/blogg.svenskakyrkan.se\/rolandreflekterar\/author\/rolandreflekterar\/"}]}},"author_meta":{"ID":"784","user_nicename":"rolandreflekterar","user_registered":"2021-02-22 08:26:57","display_name":"Roland Persson","first_name":"Roland","last_name":"Persson","avatar":"https:\/\/blogg.svenskakyrkan.se\/rolandreflekterar\/files\/2021\/02\/d\u00f6dsskuggansdal-2-150x150.jpg"},"featured_image":false,"bloginfo":{"name":"Roland reflekterar","url":"https:\/\/blogg.svenskakyrkan.se\/rolandreflekterar"},"_links":{"self":[{"href":"https:\/\/blogg.svenskakyrkan.se\/rolandreflekterar\/wp-json\/wp\/v2\/posts\/4288","targetHints":{"allow":["GET"]}}],"collection":[{"href":"https:\/\/blogg.svenskakyrkan.se\/rolandreflekterar\/wp-json\/wp\/v2\/posts"}],"about":[{"href":"https:\/\/blogg.svenskakyrkan.se\/rolandreflekterar\/wp-json\/wp\/v2\/types\/post"}],"author":[{"embeddable":true,"href":"https:\/\/blogg.svenskakyrkan.se\/rolandreflekterar\/wp-json\/wp\/v2\/users\/784"}],"replies":[{"embeddable":true,"href":"https:\/\/blogg.svenskakyrkan.se\/rolandreflekterar\/wp-json\/wp\/v2\/comments?post=4288"}],"version-history":[{"count":64,"href":"https:\/\/blogg.svenskakyrkan.se\/rolandreflekterar\/wp-json\/wp\/v2\/posts\/4288\/revisions"}],"predecessor-version":[{"id":4370,"href":"https:\/\/blogg.svenskakyrkan.se\/rolandreflekterar\/wp-json\/wp\/v2\/posts\/4288\/revisions\/4370"}],"wp:attachment":[{"href":"https:\/\/blogg.svenskakyrkan.se\/rolandreflekterar\/wp-json\/wp\/v2\/media?parent=4288"}],"wp:term":[{"taxonomy":"category","embeddable":true,"href":"https:\/\/blogg.svenskakyrkan.se\/rolandreflekterar\/wp-json\/wp\/v2\/categories?post=4288"},{"taxonomy":"post_tag","embeddable":true,"href":"https:\/\/blogg.svenskakyrkan.se\/rolandreflekterar\/wp-json\/wp\/v2\/tags?post=4288"}],"curies":[{"name":"wp","href":"https:\/\/api.w.org\/{rel}","templated":true}]}}