{"id":4652,"date":"2025-09-14T10:14:26","date_gmt":"2025-09-14T08:14:26","guid":{"rendered":"https:\/\/blogg.svenskakyrkan.se\/rolandreflekterar\/?p=4652"},"modified":"2025-09-14T21:59:45","modified_gmt":"2025-09-14T19:59:45","slug":"medmanniskan","status":"publish","type":"post","link":"https:\/\/blogg.svenskakyrkan.se\/rolandreflekterar\/2025\/09\/14\/medmanniskan\/","title":{"rendered":"Medm\u00e4nniskan"},"content":{"rendered":"\n\n\n<p>Jag funderar ganska ofta varf\u00f6r v\u00e5ra relationer \u00e4r s\u00e5 ytliga. Vi vill ju g\u00e4rna vara s\u00e5 djupa och f\u00f6rst\u00e5ndiga men v\u00e5r vardag blir f\u00f6r det mesta bara fylld med yta utan djup och mening. \u00c4r det kanske f\u00f6r att vi aldrig, eller i alla fall v\u00e4ldigt s\u00e4llan sl\u00e4pper in Gud i v\u00e5r vardag. Vi umg\u00e5s och har trevligt p\u00e5 v\u00e5ra arbetsplatser och med v\u00e4nner och bekanta p\u00e5 fritiden, men k\u00e4nslan av att n\u00e5got saknas g\u00f6r sig p\u00e5mind d\u00e5 och d\u00e5. Jag tror att det \u00e4r sv\u00e5rt att vara p\u00e5 n\u00e5got annat s\u00e4tt f\u00f6r min uppfattning \u00e4r att det \u00e4r sv\u00e5rt att finna djupet i sig sj\u00e4lv utan hj\u00e4lp av dem vi har runt omkring oss. Vi blir till genom hur andra ser och bem\u00f6ter oss. Det \u00e4r s\u00e5 l\u00e4tt att att vi relaterar till medm\u00e4nniskan som \u00e5ldern p\u00e5 kroppar, social status, intelligens, finansiell status eller vad det nu \u00e4r vi ser p\u00e5 hos de andra och gl\u00f6mmer att f\u00f6rs\u00f6ka se p\u00e5 m\u00e4nniskans inre. Kanske \u00e4r det att vara medm\u00e4nniska till medm\u00e4nniskan d\u00e5 vi hj\u00e4lper varandra att finna ljuset som vi alla har i v\u00e5rt inre. Kanske \u00e4r vi m\u00e4nniskor viktigare f\u00f6r varandra \u00e4n vi anar d\u00e5 det g\u00e4ller att finna Gud. F\u00f6lj med mig p\u00e5 jakten efter medm\u00e4nniskan.<\/p>\n\n\n\n<p>Att vara medm\u00e4nniska kan vara att vara en m\u00e4nniska som har varit med l\u00e4nge. \u00c5lder, rynkor och gr\u00e5a h\u00e5rstr\u00e5n \u00e4r n\u00e5got som vi f\u00f6rs\u00f6ker undvika p\u00e5 alla s\u00e4tt. Men jag tror att vi kanske ska b\u00f6rja se p\u00e5 \u00e5ldrande som en g\u00e5va fr\u00e5n Gud. Att se g\u00e5van \u00e4r att v\u00e4lja att \u00f6ppna v\u00e5ra \u00f6gon f\u00f6r allt fantastiskt vi faktisk har runt omkring oss, att Gud har varit n\u00e5dig och gett oss \u00e4nnu ett \u00e5r. T\u00e4nk om vi l\u00e4t \u00e5ldern f\u00f6rvandlas fr\u00e5n n\u00e5got vi alla fruktar till att se p\u00e5 \u00e5ldrandet som n\u00e5got vi f\u00e5tt av Gud. T\u00e4nk om vi skulle p\u00e5 riktigt gratulera varandra p\u00e5 f\u00f6delsedagen, att inse att Gud har varit s\u00e5 n\u00e5dig och barmh\u00e4rtig och gett oss \u00e4nnu ett \u00e5r. T\u00e4nk om vi skulle vara medm\u00e4nniskor som slutade upp att dela in m\u00e4nniskor i grupper av i olika \u00e5ldrar som \u00e4r \u00e5tskilda fr\u00e5n varandra. Med \u00e5ldern kommer vishet och med den ett lugn d\u00e4r man har l\u00e4rt sig att Gud g\u00e5r med en i livets alla stunder och i allt som h\u00e4nder om man v\u00e4ljer att lita p\u00e5 Gud. Att vara medm\u00e4nniska \u00e4r att inte se p\u00e5 \u00e5ldrandet som ett hinder d\u00e5 man vill arbeta f\u00f6r Gud.<\/p>\n\n\n\n<p>Vi ska uppmuntra varandra, be f\u00f6r och med varandra. Vi ska se p\u00e5 livet d\u00e4r varje andetag \u00e4r en g\u00e5va fr\u00e5n Gud. D\u00e4r vi tackar Gud varje dag d\u00e5 vi vaknar p\u00e5 morgonen f\u00f6r \u00e4nnu en dag. D\u00e4r vi v\u00e4ljer att se p\u00e5 varje dag i livet som en g\u00e5va fr\u00e5n Gud. D\u00e4r vi ser att varje dag ger oss en m\u00f6jlighet att vara en medm\u00e4nniska. Att f\u00f6rst\u00e5 att Gud gett oss \u00e4nnu en m\u00f6jlighet att vara medm\u00e4nniskan som \u00e4r en viktig del i Guds plan f\u00f6r de m\u00e4nniskor vi har omkring oss. L\u00e5t inte ditt fokus ligga p\u00e5 vad du inte kan g\u00f6ra p\u00e5 grund av \u00e5ldrandet, nej f\u00f6rs\u00f6k ist\u00e4llet att se p\u00e5 det du faktiskt kan g\u00f6ra och uppmuntra andra med ord som bygger upp.<\/p>\n\n\n\n<p>Att f\u00f6rst\u00e5 att du hela tiden \u00e4r ett f\u00f6rem\u00e5l f\u00f6r Guds intresse. Att vi hela tiden f\u00e5r vara ett verktyg i Guds hand \u00e4r att f\u00f6rst\u00e5 att vi i varje \u00f6gonblick blir skapade och nyskapade av Gud. Det \u00e4r n\u00e5got fantastiskt som vi hela tiden m\u00e5ste p\u00e5minna oss om. Om du \u00e4r gammal eller ung spelar ingen roll f\u00f6r Gud han anv\u00e4nder oss i alla livet skeenden. Gud pensionerar inga arbetare utan han g\u00f6r allt nytt och fr\u00e4scht och vill hela tiden ha med dig som sin samarbetspartner.<\/p>\n\n\n\n<p>L\u00e5t inte \u00e5ldern bli till en brist p\u00e5 sj\u00e4lvrespekt hos dig. R\u00e4kna med Gud och kom till honom med tomma h\u00e4nder och l\u00e5t Gud leda dig i allt du g\u00f6r. Du har ett oerh\u00f6rt v\u00e4rde f\u00f6r Gud s\u00e5 s\u00e4tt dig inte ner och tro att Gud har \u00f6vergett dig bara f\u00f6r att du kommit upp i en viss \u00e5lder. Gud \u00e4r alltid men oss och g\u00f6r n\u00e5got stort av det vi tycker \u00e4r litet och oansenligt. Med \u00e5ldern smyger sig en viss insikt fram, en sanning och en \u00f6dmjukhet d\u00e5 vi inser att allt gott kommer fr\u00e5n Gud. \u00c5lder och \u00e5ldrandet hj\u00e4lper oss att lyfta av illusionen att vi \u00e4r starka i oss sj\u00e4lva och ist\u00e4llet inse att vi \u00e4r helt beroende av Gud. Det \u00e4r en v\u00e4lsignelse, en b\u00f6rda som lyfts fr\u00e5n v\u00e5ra axlar d\u00e5 vi kommer till den insikten. <\/p>\n\n\n\n<p>Under din livstid har du samlat p\u00e5 dig en f\u00f6rm\u00f6genhet i din sj\u00e4l som Gud vill att du ska dela med dig av till de som inte g\u00e5tt s\u00e5 l\u00e5ngt p\u00e5 livets stig som du. Din erfarenheter \u00e4r n\u00e5got som Gud vill att du ska dela med dig av till kommande generationer. Gud vill att du ska vara en medm\u00e4nniska till medm\u00e4nniskan som kommer efter dig. Det du f\u00e5tt fr\u00e5n Gud \u00e4r n\u00e5got du ska dela med dig av. Den skatt du hittat ska du inte g\u00f6mma i ditt inre utan den ska komma till nytta och leda andra till Gud.  <\/p>\n\n\n\n<p>Var en influencer f\u00f6r Guds rike oavsett \u00e5lder. L\u00e5t inte h\u00f6g \u00e5lder vara ett hinder eller en urs\u00e4kt f\u00f6r att sluta arbeta f\u00f6r Gud. \u00c5ldrandet ska vara att forts\u00e4tta att str\u00e4ckas sig fram\u00e5t mot det Gud vill ge och vad han vill att vi ska g\u00f6ra. Vi ska s\u00e5 ord av tro och hopp i hj\u00e4rta p\u00e5 de yngre, till den generation som kommer efter s\u00e5 att det blir till god frukt i deras liv. Du kanske b\u00e4r p\u00e5 svaren som de s\u00e5 desperat s\u00f6ker f\u00f6r att finna. Ditt ljus beh\u00f6vs oavsett \u00e5ldrandets gr\u00e5a h\u00e5r, rynkor eller brist p\u00e5 kraft i kroppen. Gud har en uppgift som passa f\u00f6r dig och en annan som passar f\u00f6r mig.<\/p>\n\n\n\n<p>Du, ja just du \u00e4r viktig f\u00f6r Gud. Var till v\u00e4lsignelse och arbeta f\u00f6r andlig och sj\u00e4lslig uppbyggnad bland dina medm\u00e4nniskor. Var medm\u00e4nniskan som lyser likt en fyr i denna m\u00f6rka tid vi lever i.<\/p>\n\n\n\n<p><\/p>\n","protected":false},"excerpt":{"rendered":"<p>Jag funderar ganska ofta varf\u00f6r v\u00e5ra relationer \u00e4r s\u00e5 ytliga. Vi vill ju g\u00e4rna vara s\u00e5 djupa och f\u00f6rst\u00e5ndiga men v\u00e5r vardag blir f\u00f6r det mesta bara fylld med yta utan djup och mening. \u00c4r det kanske f\u00f6r att vi aldrig, eller i alla fall v\u00e4ldigt s\u00e4llan sl\u00e4pper in Gud i v\u00e5r vardag. Vi umg\u00e5s [&hellip;]<\/p>\n","protected":false},"author":784,"featured_media":0,"comment_status":"open","ping_status":"open","sticky":false,"template":"","format":"standard","meta":{"_acf_changed":false,"footnotes":""},"categories":[1],"tags":[],"class_list":["post-4652","post","type-post","status-publish","format-standard","hentry","category-okategoriserade"],"acf":[],"yoast_head":"<!-- This site is optimized with the Yoast SEO plugin v27.1.1 - https:\/\/yoast.com\/product\/yoast-seo-wordpress\/ -->\n<title>Medm\u00e4nniskan - Roland reflekterar<\/title>\n<meta name=\"robots\" content=\"index, follow, max-snippet:-1, max-image-preview:large, max-video-preview:-1\" \/>\n<link rel=\"canonical\" href=\"https:\/\/blogg.svenskakyrkan.se\/rolandreflekterar\/2025\/09\/14\/medmanniskan\/\" \/>\n<meta property=\"og:locale\" content=\"sv_SE\" \/>\n<meta property=\"og:type\" content=\"article\" \/>\n<meta property=\"og:title\" content=\"Medm\u00e4nniskan - Roland reflekterar\" \/>\n<meta property=\"og:description\" content=\"Jag funderar ganska ofta varf\u00f6r v\u00e5ra relationer \u00e4r s\u00e5 ytliga. Vi vill ju g\u00e4rna vara s\u00e5 djupa och f\u00f6rst\u00e5ndiga men v\u00e5r vardag blir f\u00f6r det mesta bara fylld med yta utan djup och mening. \u00c4r det kanske f\u00f6r att vi aldrig, eller i alla fall v\u00e4ldigt s\u00e4llan sl\u00e4pper in Gud i v\u00e5r vardag. Vi umg\u00e5s [&hellip;]\" \/>\n<meta property=\"og:url\" content=\"https:\/\/blogg.svenskakyrkan.se\/rolandreflekterar\/2025\/09\/14\/medmanniskan\/\" \/>\n<meta property=\"og:site_name\" content=\"Roland reflekterar\" \/>\n<meta property=\"article:published_time\" content=\"2025-09-14T08:14:26+00:00\" \/>\n<meta property=\"article:modified_time\" content=\"2025-09-14T19:59:45+00:00\" \/>\n<meta name=\"author\" content=\"Roland Persson\" \/>\n<meta name=\"twitter:card\" content=\"summary_large_image\" \/>\n<meta name=\"twitter:label1\" content=\"Skriven av\" \/>\n\t<meta name=\"twitter:data1\" content=\"Roland Persson\" \/>\n\t<meta name=\"twitter:label2\" content=\"Ber\u00e4knad l\u00e4stid\" \/>\n\t<meta name=\"twitter:data2\" content=\"6 minuter\" \/>\n<script type=\"application\/ld+json\" class=\"yoast-schema-graph\">{\"@context\":\"https:\/\/schema.org\",\"@graph\":[{\"@type\":\"Article\",\"@id\":\"https:\/\/blogg.svenskakyrkan.se\/rolandreflekterar\/2025\/09\/14\/medmanniskan\/#article\",\"isPartOf\":{\"@id\":\"https:\/\/blogg.svenskakyrkan.se\/rolandreflekterar\/2025\/09\/14\/medmanniskan\/\"},\"author\":{\"name\":\"Roland Persson\",\"@id\":\"https:\/\/blogg.svenskakyrkan.se\/rolandreflekterar\/#\/schema\/person\/ac7616e1ca4245053541d6ce5306624d\"},\"headline\":\"Medm\u00e4nniskan\",\"datePublished\":\"2025-09-14T08:14:26+00:00\",\"dateModified\":\"2025-09-14T19:59:45+00:00\",\"mainEntityOfPage\":{\"@id\":\"https:\/\/blogg.svenskakyrkan.se\/rolandreflekterar\/2025\/09\/14\/medmanniskan\/\"},\"wordCount\":1196,\"commentCount\":0,\"inLanguage\":\"sv-SE\",\"potentialAction\":[{\"@type\":\"CommentAction\",\"name\":\"Comment\",\"target\":[\"https:\/\/blogg.svenskakyrkan.se\/rolandreflekterar\/2025\/09\/14\/medmanniskan\/#respond\"]}]},{\"@type\":\"WebPage\",\"@id\":\"https:\/\/blogg.svenskakyrkan.se\/rolandreflekterar\/2025\/09\/14\/medmanniskan\/\",\"url\":\"https:\/\/blogg.svenskakyrkan.se\/rolandreflekterar\/2025\/09\/14\/medmanniskan\/\",\"name\":\"Medm\u00e4nniskan - Roland reflekterar\",\"isPartOf\":{\"@id\":\"https:\/\/blogg.svenskakyrkan.se\/rolandreflekterar\/#website\"},\"datePublished\":\"2025-09-14T08:14:26+00:00\",\"dateModified\":\"2025-09-14T19:59:45+00:00\",\"author\":{\"@id\":\"https:\/\/blogg.svenskakyrkan.se\/rolandreflekterar\/#\/schema\/person\/ac7616e1ca4245053541d6ce5306624d\"},\"breadcrumb\":{\"@id\":\"https:\/\/blogg.svenskakyrkan.se\/rolandreflekterar\/2025\/09\/14\/medmanniskan\/#breadcrumb\"},\"inLanguage\":\"sv-SE\",\"potentialAction\":[{\"@type\":\"ReadAction\",\"target\":[\"https:\/\/blogg.svenskakyrkan.se\/rolandreflekterar\/2025\/09\/14\/medmanniskan\/\"]}]},{\"@type\":\"BreadcrumbList\",\"@id\":\"https:\/\/blogg.svenskakyrkan.se\/rolandreflekterar\/2025\/09\/14\/medmanniskan\/#breadcrumb\",\"itemListElement\":[{\"@type\":\"ListItem\",\"position\":1,\"name\":\"Hem\",\"item\":\"https:\/\/blogg.svenskakyrkan.se\/rolandreflekterar\/\"},{\"@type\":\"ListItem\",\"position\":2,\"name\":\"Medm\u00e4nniskan\"}]},{\"@type\":\"WebSite\",\"@id\":\"https:\/\/blogg.svenskakyrkan.se\/rolandreflekterar\/#website\",\"url\":\"https:\/\/blogg.svenskakyrkan.se\/rolandreflekterar\/\",\"name\":\"Roland reflekterar\",\"description\":\"Reflektioner och tankar om det liv vi lever och hur tron p\u00e5 en levande Gud kan bli n\u00e5got och n\u00e5gon att tro p\u00e5 p\u00e5 riktigt.\",\"potentialAction\":[{\"@type\":\"SearchAction\",\"target\":{\"@type\":\"EntryPoint\",\"urlTemplate\":\"https:\/\/blogg.svenskakyrkan.se\/rolandreflekterar\/?s={search_term_string}\"},\"query-input\":{\"@type\":\"PropertyValueSpecification\",\"valueRequired\":true,\"valueName\":\"search_term_string\"}}],\"inLanguage\":\"sv-SE\"},{\"@type\":\"Person\",\"@id\":\"https:\/\/blogg.svenskakyrkan.se\/rolandreflekterar\/#\/schema\/person\/ac7616e1ca4245053541d6ce5306624d\",\"name\":\"Roland Persson\",\"image\":{\"@type\":\"ImageObject\",\"inLanguage\":\"sv-SE\",\"@id\":\"https:\/\/blogg.svenskakyrkan.se\/rolandreflekterar\/#\/schema\/person\/image\/\",\"url\":\"https:\/\/secure.gravatar.com\/avatar\/6af6d83b54db7027ef15a94667c7eb132da0866feaea804b8aed2bf99cec2dc7?s=96&d=mm&r=g\",\"contentUrl\":\"https:\/\/secure.gravatar.com\/avatar\/6af6d83b54db7027ef15a94667c7eb132da0866feaea804b8aed2bf99cec2dc7?s=96&d=mm&r=g\",\"caption\":\"Roland Persson\"},\"url\":\"https:\/\/blogg.svenskakyrkan.se\/rolandreflekterar\/author\/rolandreflekterar\/\"}]}<\/script>\n<!-- \/ Yoast SEO plugin. -->","yoast_head_json":{"title":"Medm\u00e4nniskan - Roland reflekterar","robots":{"index":"index","follow":"follow","max-snippet":"max-snippet:-1","max-image-preview":"max-image-preview:large","max-video-preview":"max-video-preview:-1"},"canonical":"https:\/\/blogg.svenskakyrkan.se\/rolandreflekterar\/2025\/09\/14\/medmanniskan\/","og_locale":"sv_SE","og_type":"article","og_title":"Medm\u00e4nniskan - Roland reflekterar","og_description":"Jag funderar ganska ofta varf\u00f6r v\u00e5ra relationer \u00e4r s\u00e5 ytliga. Vi vill ju g\u00e4rna vara s\u00e5 djupa och f\u00f6rst\u00e5ndiga men v\u00e5r vardag blir f\u00f6r det mesta bara fylld med yta utan djup och mening. \u00c4r det kanske f\u00f6r att vi aldrig, eller i alla fall v\u00e4ldigt s\u00e4llan sl\u00e4pper in Gud i v\u00e5r vardag. Vi umg\u00e5s [&hellip;]","og_url":"https:\/\/blogg.svenskakyrkan.se\/rolandreflekterar\/2025\/09\/14\/medmanniskan\/","og_site_name":"Roland reflekterar","article_published_time":"2025-09-14T08:14:26+00:00","article_modified_time":"2025-09-14T19:59:45+00:00","author":"Roland Persson","twitter_card":"summary_large_image","twitter_misc":{"Skriven av":"Roland Persson","Ber\u00e4knad l\u00e4stid":"6 minuter"},"schema":{"@context":"https:\/\/schema.org","@graph":[{"@type":"Article","@id":"https:\/\/blogg.svenskakyrkan.se\/rolandreflekterar\/2025\/09\/14\/medmanniskan\/#article","isPartOf":{"@id":"https:\/\/blogg.svenskakyrkan.se\/rolandreflekterar\/2025\/09\/14\/medmanniskan\/"},"author":{"name":"Roland Persson","@id":"https:\/\/blogg.svenskakyrkan.se\/rolandreflekterar\/#\/schema\/person\/ac7616e1ca4245053541d6ce5306624d"},"headline":"Medm\u00e4nniskan","datePublished":"2025-09-14T08:14:26+00:00","dateModified":"2025-09-14T19:59:45+00:00","mainEntityOfPage":{"@id":"https:\/\/blogg.svenskakyrkan.se\/rolandreflekterar\/2025\/09\/14\/medmanniskan\/"},"wordCount":1196,"commentCount":0,"inLanguage":"sv-SE","potentialAction":[{"@type":"CommentAction","name":"Comment","target":["https:\/\/blogg.svenskakyrkan.se\/rolandreflekterar\/2025\/09\/14\/medmanniskan\/#respond"]}]},{"@type":"WebPage","@id":"https:\/\/blogg.svenskakyrkan.se\/rolandreflekterar\/2025\/09\/14\/medmanniskan\/","url":"https:\/\/blogg.svenskakyrkan.se\/rolandreflekterar\/2025\/09\/14\/medmanniskan\/","name":"Medm\u00e4nniskan - Roland reflekterar","isPartOf":{"@id":"https:\/\/blogg.svenskakyrkan.se\/rolandreflekterar\/#website"},"datePublished":"2025-09-14T08:14:26+00:00","dateModified":"2025-09-14T19:59:45+00:00","author":{"@id":"https:\/\/blogg.svenskakyrkan.se\/rolandreflekterar\/#\/schema\/person\/ac7616e1ca4245053541d6ce5306624d"},"breadcrumb":{"@id":"https:\/\/blogg.svenskakyrkan.se\/rolandreflekterar\/2025\/09\/14\/medmanniskan\/#breadcrumb"},"inLanguage":"sv-SE","potentialAction":[{"@type":"ReadAction","target":["https:\/\/blogg.svenskakyrkan.se\/rolandreflekterar\/2025\/09\/14\/medmanniskan\/"]}]},{"@type":"BreadcrumbList","@id":"https:\/\/blogg.svenskakyrkan.se\/rolandreflekterar\/2025\/09\/14\/medmanniskan\/#breadcrumb","itemListElement":[{"@type":"ListItem","position":1,"name":"Hem","item":"https:\/\/blogg.svenskakyrkan.se\/rolandreflekterar\/"},{"@type":"ListItem","position":2,"name":"Medm\u00e4nniskan"}]},{"@type":"WebSite","@id":"https:\/\/blogg.svenskakyrkan.se\/rolandreflekterar\/#website","url":"https:\/\/blogg.svenskakyrkan.se\/rolandreflekterar\/","name":"Roland reflekterar","description":"Reflektioner och tankar om det liv vi lever och hur tron p\u00e5 en levande Gud kan bli n\u00e5got och n\u00e5gon att tro p\u00e5 p\u00e5 riktigt.","potentialAction":[{"@type":"SearchAction","target":{"@type":"EntryPoint","urlTemplate":"https:\/\/blogg.svenskakyrkan.se\/rolandreflekterar\/?s={search_term_string}"},"query-input":{"@type":"PropertyValueSpecification","valueRequired":true,"valueName":"search_term_string"}}],"inLanguage":"sv-SE"},{"@type":"Person","@id":"https:\/\/blogg.svenskakyrkan.se\/rolandreflekterar\/#\/schema\/person\/ac7616e1ca4245053541d6ce5306624d","name":"Roland Persson","image":{"@type":"ImageObject","inLanguage":"sv-SE","@id":"https:\/\/blogg.svenskakyrkan.se\/rolandreflekterar\/#\/schema\/person\/image\/","url":"https:\/\/secure.gravatar.com\/avatar\/6af6d83b54db7027ef15a94667c7eb132da0866feaea804b8aed2bf99cec2dc7?s=96&d=mm&r=g","contentUrl":"https:\/\/secure.gravatar.com\/avatar\/6af6d83b54db7027ef15a94667c7eb132da0866feaea804b8aed2bf99cec2dc7?s=96&d=mm&r=g","caption":"Roland Persson"},"url":"https:\/\/blogg.svenskakyrkan.se\/rolandreflekterar\/author\/rolandreflekterar\/"}]}},"author_meta":{"ID":"784","user_nicename":"rolandreflekterar","user_registered":"2021-02-22 08:26:57","display_name":"Roland Persson","first_name":"Roland","last_name":"Persson","avatar":"https:\/\/blogg.svenskakyrkan.se\/rolandreflekterar\/files\/2021\/02\/d\u00f6dsskuggansdal-2-150x150.jpg"},"featured_image":false,"bloginfo":{"name":"Roland reflekterar","url":"https:\/\/blogg.svenskakyrkan.se\/rolandreflekterar"},"_links":{"self":[{"href":"https:\/\/blogg.svenskakyrkan.se\/rolandreflekterar\/wp-json\/wp\/v2\/posts\/4652","targetHints":{"allow":["GET"]}}],"collection":[{"href":"https:\/\/blogg.svenskakyrkan.se\/rolandreflekterar\/wp-json\/wp\/v2\/posts"}],"about":[{"href":"https:\/\/blogg.svenskakyrkan.se\/rolandreflekterar\/wp-json\/wp\/v2\/types\/post"}],"author":[{"embeddable":true,"href":"https:\/\/blogg.svenskakyrkan.se\/rolandreflekterar\/wp-json\/wp\/v2\/users\/784"}],"replies":[{"embeddable":true,"href":"https:\/\/blogg.svenskakyrkan.se\/rolandreflekterar\/wp-json\/wp\/v2\/comments?post=4652"}],"version-history":[{"count":43,"href":"https:\/\/blogg.svenskakyrkan.se\/rolandreflekterar\/wp-json\/wp\/v2\/posts\/4652\/revisions"}],"predecessor-version":[{"id":4706,"href":"https:\/\/blogg.svenskakyrkan.se\/rolandreflekterar\/wp-json\/wp\/v2\/posts\/4652\/revisions\/4706"}],"wp:attachment":[{"href":"https:\/\/blogg.svenskakyrkan.se\/rolandreflekterar\/wp-json\/wp\/v2\/media?parent=4652"}],"wp:term":[{"taxonomy":"category","embeddable":true,"href":"https:\/\/blogg.svenskakyrkan.se\/rolandreflekterar\/wp-json\/wp\/v2\/categories?post=4652"},{"taxonomy":"post_tag","embeddable":true,"href":"https:\/\/blogg.svenskakyrkan.se\/rolandreflekterar\/wp-json\/wp\/v2\/tags?post=4652"}],"curies":[{"name":"wp","href":"https:\/\/api.w.org\/{rel}","templated":true}]}}