{"id":6223,"date":"2026-04-04T12:04:30","date_gmt":"2026-04-04T10:04:30","guid":{"rendered":"https:\/\/blogg.svenskakyrkan.se\/rolandreflekterar\/?p=6223"},"modified":"2026-04-04T12:04:31","modified_gmt":"2026-04-04T10:04:31","slug":"tro-pa-den-uppstandne","status":"publish","type":"post","link":"https:\/\/blogg.svenskakyrkan.se\/rolandreflekterar\/2026\/04\/04\/tro-pa-den-uppstandne\/","title":{"rendered":"Tro p\u00e5 den uppst\u00e5ndne"},"content":{"rendered":"\n<p class=\"is-style-intro\"><\/p>\n\n\n<figure class=\"wp-block-post-featured-image\"><img loading=\"lazy\" decoding=\"async\" width=\"2560\" height=\"1152\" src=\"https:\/\/blogg.svenskakyrkan.se\/rolandreflekterar\/files\/2026\/04\/20250428_124050-scaled.jpg\" class=\"attachment-post-thumbnail size-post-thumbnail wp-post-image\" alt=\"\" style=\"object-fit:cover;\" srcset=\"https:\/\/blogg.svenskakyrkan.se\/rolandreflekterar\/files\/2026\/04\/20250428_124050-scaled.jpg 2560w, https:\/\/blogg.svenskakyrkan.se\/rolandreflekterar\/files\/2026\/04\/20250428_124050-300x135.jpg 300w, https:\/\/blogg.svenskakyrkan.se\/rolandreflekterar\/files\/2026\/04\/20250428_124050-1024x461.jpg 1024w, https:\/\/blogg.svenskakyrkan.se\/rolandreflekterar\/files\/2026\/04\/20250428_124050-768x346.jpg 768w, https:\/\/blogg.svenskakyrkan.se\/rolandreflekterar\/files\/2026\/04\/20250428_124050-1536x691.jpg 1536w, https:\/\/blogg.svenskakyrkan.se\/rolandreflekterar\/files\/2026\/04\/20250428_124050-2048x922.jpg 2048w, https:\/\/blogg.svenskakyrkan.se\/rolandreflekterar\/files\/2026\/04\/20250428_124050-1200x540.jpg 1200w\" sizes=\"auto, (max-width: 2560px) 100vw, 2560px\" \/><\/figure>\n\n\n<p>P\u00e5sken \u00e4r en fantastisk tid f\u00f6r mig. F\u00f6rutom mat och godis ger den mig tid att reflektera och t\u00e4nka.  <\/p>\n\n\n\n<p>Jesus dog f\u00f6r hela m\u00e4nskligheten. Jesus dog och reparerade kontakten mellan Gud och m\u00e4nniskan, mellan Gud och mig. Gud vill ha kontakt med mig personligen, med mig! Det \u00e4r en tanke jag inte riktigt kan greppa f\u00f6r den \u00e4r f\u00f6r stor f\u00f6r mig. Jesus tar p\u00e5 sig mina felsteg och misstag och utpl\u00e5nar dem. Allt kn\u00e4ppt allt dumt och alla mina felaktiga tankar mina konstiga id\u00e9er och mina g\u00e4rningar och felsteg. Allt detta som jag g\u00e5r och b\u00e4r p\u00e5 i min ryggs\u00e4ck och som skapar \u00e5ngest och oro \u00e4r f\u00f6rl\u00e5tet av Gud. Men varf\u00f6r har det som Jesus gjorde d\u00e4r i Jerusalem f\u00f6r \u00f6ver 2000 \u00e5r sedan den kraften och makten \u00f6ver mitt liv idag?<\/p>\n\n\n\n<p>Hur kan n\u00e5gon p\u00e5st\u00e5 att Jesu d\u00f6d och hans blod renar mig fr\u00e5n mina synder? Jag tror att det handlar om uppst\u00e5ndelsen. Jesus g\u00e5r fr\u00e5n d\u00f6d till liv och p\u00e5 samma s\u00e4tt g\u00e5r jag fr\u00e5n d\u00f6d till liv. Genom min tro p\u00e5 den uppst\u00e5ndne Jesus och genom mitt dop f\u00e5r \u00e4ven jag tro p\u00e5 min egen uppst\u00e5ndelse. Jag t\u00e4nker s\u00e5 h\u00e4r, Jesus uppst\u00e5r inte fr\u00e5n d\u00f6den ensam utan vi, hela m\u00e4nskligheten, uppst\u00e5r tillsammans med honom. <\/p>\n\n\n\n<p>Genom att tro p\u00e5 dopet har jag d\u00f6tt bort fr\u00e5n synden och uppst\u00e5tt tillsammans med Kristus. Min tro \u00e4r att jag genom dopet har f\u00e5tt ett nytt liv av Jesus Kristus. Mitt liv blir inte perfekt och felfritt. Inte heller bra p\u00e5 alla s\u00e4tt men jag tror p\u00e5 den n\u00e5d som hela tiden rinner genom mig och renar mig. Den n\u00e5den kommer fr\u00e5n Jesus Kristus.<\/p>\n\n\n\n<p>Jag vill i min enfald \u00e4nd\u00e5 f\u00f6rs\u00f6ka leva i tron att jag kan bli en god och felfri m\u00e4nniska p\u00e5 egen hand. Att jag genom att f\u00f6lja strikta regler, lagar och f\u00f6rordningar som m\u00e4nniskor hittat p\u00e5 ska bli god och fri fr\u00e5n synd. Men fy vad jag misslyckas i mina f\u00f6rs\u00f6k.<\/p>\n\n\n\n<p>Paulus v\u00e4nder upp och mer p\u00e5 mina tankar och id\u00e9er g\u00e4llande att jag kan bli fri fr\u00e5n synd p\u00e5 egen hand bara jag anstr\u00e4nger mig tillr\u00e4ckligt. Paulus ger mig en annan syn p\u00e5 livet. Han vill visa mig genom det han skriver i bibeln att det liv och den helighet jag s\u00f6ker f\u00f6r att uppn\u00e5 redan finns inom mig.<\/p>\n\n\n\n<p>Livet jag s\u00f6ker och uppst\u00e5ndelsen fr\u00e5n d\u00f6d till liv finns inom mig genom att Jesus Kristus dog och uppstod f\u00f6r mig. Jag m\u00e5ste bara finna tro som \u00f6vertygar mig att det \u00e4r sant. Jag m\u00e5ste finna det ljus som finns inom mig och l\u00e5ta det str\u00e5la ut. P\u00e5 n\u00e5got s\u00e4tt s\u00e5 p\u00e5verkar tron p\u00e5 den uppst\u00e5ndne Kristus mig s\u00e5 att \u00e4ven jag str\u00e4var efter att bli god, v\u00e4nskaplig och \u00f6dmjuk. <\/p>\n\n\n\n<p>Livet med en tro p\u00e5 den uppst\u00e5ndne Jesus Kristus blir ett mer harmoniskt liv n\u00e4r jag f\u00f6rst\u00e5r att han betalade priset f\u00f6r mina misstag och misslyckanden d\u00e4r p\u00e5 korset. D\u00e5 du och jag f\u00f6rst\u00e5r att det var f\u00f6r dig och mig och v\u00e5ra synder han l\u00e4t sig spikas fast kan vi inte annat \u00e4n att s\u00e4ga, tack f\u00f6r n\u00e5den. Vi f\u00e5r leva i n\u00e5den och vetskapen att vi \u00e4r f\u00f6rl\u00e5tna f\u00f6r allt vi gjort och kommer att g\u00f6ra om vi ber till Gud om f\u00f6rl\u00e5telse och tror p\u00e5 uppst\u00e5ndelsen. Med den vetskapen blir livet l\u00e4ttare att leva.<\/p>\n\n\n\n<p>Den kristna tron \u00e4r en tro som g\u00e5r fr\u00e5n d\u00f6d till liv. Den kristna tron \u00e4r att tro p\u00e5 livet. Den kristna tron \u00e4r att f\u00f6rst\u00e5 att vi alla \u00e4r lemmar i Kristi kropp.<\/p>\n\n\n\n<p><\/p>\n","protected":false},"excerpt":{"rendered":"<p>P\u00e5sken \u00e4r en fantastisk tid f\u00f6r mig. F\u00f6rutom mat och godis ger den mig tid att reflektera och t\u00e4nka. Jesus dog f\u00f6r hela m\u00e4nskligheten. Jesus dog och reparerade kontakten mellan Gud och m\u00e4nniskan, mellan Gud och mig. Gud vill ha kontakt med mig personligen, med mig! Det \u00e4r en tanke jag inte riktigt kan greppa [&hellip;]<\/p>\n","protected":false},"author":784,"featured_media":6233,"comment_status":"open","ping_status":"open","sticky":false,"template":"","format":"standard","meta":{"_acf_changed":false,"footnotes":""},"categories":[1],"tags":[],"class_list":["post-6223","post","type-post","status-publish","format-standard","has-post-thumbnail","hentry","category-okategoriserade"],"acf":[],"yoast_head":"<!-- This site is optimized with the Yoast SEO plugin v27.1.1 - https:\/\/yoast.com\/product\/yoast-seo-wordpress\/ -->\n<title>Tro p\u00e5 den uppst\u00e5ndne - Roland reflekterar<\/title>\n<meta name=\"robots\" content=\"index, follow, max-snippet:-1, max-image-preview:large, max-video-preview:-1\" \/>\n<link rel=\"canonical\" href=\"https:\/\/blogg.svenskakyrkan.se\/rolandreflekterar\/2026\/04\/04\/tro-pa-den-uppstandne\/\" \/>\n<meta property=\"og:locale\" content=\"sv_SE\" \/>\n<meta property=\"og:type\" content=\"article\" \/>\n<meta property=\"og:title\" content=\"Tro p\u00e5 den uppst\u00e5ndne - Roland reflekterar\" \/>\n<meta property=\"og:description\" content=\"P\u00e5sken \u00e4r en fantastisk tid f\u00f6r mig. F\u00f6rutom mat och godis ger den mig tid att reflektera och t\u00e4nka. Jesus dog f\u00f6r hela m\u00e4nskligheten. Jesus dog och reparerade kontakten mellan Gud och m\u00e4nniskan, mellan Gud och mig. Gud vill ha kontakt med mig personligen, med mig! Det \u00e4r en tanke jag inte riktigt kan greppa [&hellip;]\" \/>\n<meta property=\"og:url\" content=\"https:\/\/blogg.svenskakyrkan.se\/rolandreflekterar\/2026\/04\/04\/tro-pa-den-uppstandne\/\" \/>\n<meta property=\"og:site_name\" content=\"Roland reflekterar\" \/>\n<meta property=\"article:published_time\" content=\"2026-04-04T10:04:30+00:00\" \/>\n<meta property=\"article:modified_time\" content=\"2026-04-04T10:04:31+00:00\" \/>\n<meta property=\"og:image\" content=\"http:\/\/blogg.svenskakyrkan.se\/rolandreflekterar\/files\/2026\/04\/20250428_124050-scaled.jpg\" \/>\n\t<meta property=\"og:image:width\" content=\"2560\" \/>\n\t<meta property=\"og:image:height\" content=\"1152\" \/>\n\t<meta property=\"og:image:type\" content=\"image\/jpeg\" \/>\n<meta name=\"author\" content=\"Roland Persson\" \/>\n<meta name=\"twitter:card\" content=\"summary_large_image\" \/>\n<meta name=\"twitter:label1\" content=\"Skriven av\" \/>\n\t<meta name=\"twitter:data1\" content=\"Roland Persson\" \/>\n\t<meta name=\"twitter:label2\" content=\"Ber\u00e4knad l\u00e4stid\" \/>\n\t<meta name=\"twitter:data2\" content=\"4 minuter\" \/>\n<script type=\"application\/ld+json\" class=\"yoast-schema-graph\">{\"@context\":\"https:\/\/schema.org\",\"@graph\":[{\"@type\":\"Article\",\"@id\":\"https:\/\/blogg.svenskakyrkan.se\/rolandreflekterar\/2026\/04\/04\/tro-pa-den-uppstandne\/#article\",\"isPartOf\":{\"@id\":\"https:\/\/blogg.svenskakyrkan.se\/rolandreflekterar\/2026\/04\/04\/tro-pa-den-uppstandne\/\"},\"author\":{\"name\":\"Roland Persson\",\"@id\":\"https:\/\/blogg.svenskakyrkan.se\/rolandreflekterar\/#\/schema\/person\/ac7616e1ca4245053541d6ce5306624d\"},\"headline\":\"Tro p\u00e5 den uppst\u00e5ndne\",\"datePublished\":\"2026-04-04T10:04:30+00:00\",\"dateModified\":\"2026-04-04T10:04:31+00:00\",\"mainEntityOfPage\":{\"@id\":\"https:\/\/blogg.svenskakyrkan.se\/rolandreflekterar\/2026\/04\/04\/tro-pa-den-uppstandne\/\"},\"wordCount\":701,\"commentCount\":0,\"image\":{\"@id\":\"https:\/\/blogg.svenskakyrkan.se\/rolandreflekterar\/2026\/04\/04\/tro-pa-den-uppstandne\/#primaryimage\"},\"thumbnailUrl\":\"https:\/\/blogg.svenskakyrkan.se\/rolandreflekterar\/files\/2026\/04\/20250428_124050-scaled.jpg\",\"inLanguage\":\"sv-SE\",\"potentialAction\":[{\"@type\":\"CommentAction\",\"name\":\"Comment\",\"target\":[\"https:\/\/blogg.svenskakyrkan.se\/rolandreflekterar\/2026\/04\/04\/tro-pa-den-uppstandne\/#respond\"]}]},{\"@type\":\"WebPage\",\"@id\":\"https:\/\/blogg.svenskakyrkan.se\/rolandreflekterar\/2026\/04\/04\/tro-pa-den-uppstandne\/\",\"url\":\"https:\/\/blogg.svenskakyrkan.se\/rolandreflekterar\/2026\/04\/04\/tro-pa-den-uppstandne\/\",\"name\":\"Tro p\u00e5 den uppst\u00e5ndne - Roland reflekterar\",\"isPartOf\":{\"@id\":\"https:\/\/blogg.svenskakyrkan.se\/rolandreflekterar\/#website\"},\"primaryImageOfPage\":{\"@id\":\"https:\/\/blogg.svenskakyrkan.se\/rolandreflekterar\/2026\/04\/04\/tro-pa-den-uppstandne\/#primaryimage\"},\"image\":{\"@id\":\"https:\/\/blogg.svenskakyrkan.se\/rolandreflekterar\/2026\/04\/04\/tro-pa-den-uppstandne\/#primaryimage\"},\"thumbnailUrl\":\"https:\/\/blogg.svenskakyrkan.se\/rolandreflekterar\/files\/2026\/04\/20250428_124050-scaled.jpg\",\"datePublished\":\"2026-04-04T10:04:30+00:00\",\"dateModified\":\"2026-04-04T10:04:31+00:00\",\"author\":{\"@id\":\"https:\/\/blogg.svenskakyrkan.se\/rolandreflekterar\/#\/schema\/person\/ac7616e1ca4245053541d6ce5306624d\"},\"breadcrumb\":{\"@id\":\"https:\/\/blogg.svenskakyrkan.se\/rolandreflekterar\/2026\/04\/04\/tro-pa-den-uppstandne\/#breadcrumb\"},\"inLanguage\":\"sv-SE\",\"potentialAction\":[{\"@type\":\"ReadAction\",\"target\":[\"https:\/\/blogg.svenskakyrkan.se\/rolandreflekterar\/2026\/04\/04\/tro-pa-den-uppstandne\/\"]}]},{\"@type\":\"ImageObject\",\"inLanguage\":\"sv-SE\",\"@id\":\"https:\/\/blogg.svenskakyrkan.se\/rolandreflekterar\/2026\/04\/04\/tro-pa-den-uppstandne\/#primaryimage\",\"url\":\"https:\/\/blogg.svenskakyrkan.se\/rolandreflekterar\/files\/2026\/04\/20250428_124050-scaled.jpg\",\"contentUrl\":\"https:\/\/blogg.svenskakyrkan.se\/rolandreflekterar\/files\/2026\/04\/20250428_124050-scaled.jpg\",\"width\":2560,\"height\":1152},{\"@type\":\"BreadcrumbList\",\"@id\":\"https:\/\/blogg.svenskakyrkan.se\/rolandreflekterar\/2026\/04\/04\/tro-pa-den-uppstandne\/#breadcrumb\",\"itemListElement\":[{\"@type\":\"ListItem\",\"position\":1,\"name\":\"Hem\",\"item\":\"https:\/\/blogg.svenskakyrkan.se\/rolandreflekterar\/\"},{\"@type\":\"ListItem\",\"position\":2,\"name\":\"Tro p\u00e5 den uppst\u00e5ndne\"}]},{\"@type\":\"WebSite\",\"@id\":\"https:\/\/blogg.svenskakyrkan.se\/rolandreflekterar\/#website\",\"url\":\"https:\/\/blogg.svenskakyrkan.se\/rolandreflekterar\/\",\"name\":\"Roland reflekterar\",\"description\":\"Reflektioner och tankar om det liv vi lever och hur tron p\u00e5 en levande Gud kan bli n\u00e5got och n\u00e5gon att tro p\u00e5 p\u00e5 riktigt.\",\"potentialAction\":[{\"@type\":\"SearchAction\",\"target\":{\"@type\":\"EntryPoint\",\"urlTemplate\":\"https:\/\/blogg.svenskakyrkan.se\/rolandreflekterar\/?s={search_term_string}\"},\"query-input\":{\"@type\":\"PropertyValueSpecification\",\"valueRequired\":true,\"valueName\":\"search_term_string\"}}],\"inLanguage\":\"sv-SE\"},{\"@type\":\"Person\",\"@id\":\"https:\/\/blogg.svenskakyrkan.se\/rolandreflekterar\/#\/schema\/person\/ac7616e1ca4245053541d6ce5306624d\",\"name\":\"Roland Persson\",\"image\":{\"@type\":\"ImageObject\",\"inLanguage\":\"sv-SE\",\"@id\":\"https:\/\/blogg.svenskakyrkan.se\/rolandreflekterar\/#\/schema\/person\/image\/\",\"url\":\"https:\/\/secure.gravatar.com\/avatar\/6af6d83b54db7027ef15a94667c7eb132da0866feaea804b8aed2bf99cec2dc7?s=96&d=mm&r=g\",\"contentUrl\":\"https:\/\/secure.gravatar.com\/avatar\/6af6d83b54db7027ef15a94667c7eb132da0866feaea804b8aed2bf99cec2dc7?s=96&d=mm&r=g\",\"caption\":\"Roland Persson\"},\"url\":\"https:\/\/blogg.svenskakyrkan.se\/rolandreflekterar\/author\/rolandreflekterar\/\"}]}<\/script>\n<!-- \/ Yoast SEO plugin. -->","yoast_head_json":{"title":"Tro p\u00e5 den uppst\u00e5ndne - Roland reflekterar","robots":{"index":"index","follow":"follow","max-snippet":"max-snippet:-1","max-image-preview":"max-image-preview:large","max-video-preview":"max-video-preview:-1"},"canonical":"https:\/\/blogg.svenskakyrkan.se\/rolandreflekterar\/2026\/04\/04\/tro-pa-den-uppstandne\/","og_locale":"sv_SE","og_type":"article","og_title":"Tro p\u00e5 den uppst\u00e5ndne - Roland reflekterar","og_description":"P\u00e5sken \u00e4r en fantastisk tid f\u00f6r mig. F\u00f6rutom mat och godis ger den mig tid att reflektera och t\u00e4nka. Jesus dog f\u00f6r hela m\u00e4nskligheten. Jesus dog och reparerade kontakten mellan Gud och m\u00e4nniskan, mellan Gud och mig. Gud vill ha kontakt med mig personligen, med mig! Det \u00e4r en tanke jag inte riktigt kan greppa [&hellip;]","og_url":"https:\/\/blogg.svenskakyrkan.se\/rolandreflekterar\/2026\/04\/04\/tro-pa-den-uppstandne\/","og_site_name":"Roland reflekterar","article_published_time":"2026-04-04T10:04:30+00:00","article_modified_time":"2026-04-04T10:04:31+00:00","og_image":[{"width":2560,"height":1152,"url":"http:\/\/blogg.svenskakyrkan.se\/rolandreflekterar\/files\/2026\/04\/20250428_124050-scaled.jpg","type":"image\/jpeg"}],"author":"Roland Persson","twitter_card":"summary_large_image","twitter_misc":{"Skriven av":"Roland Persson","Ber\u00e4knad l\u00e4stid":"4 minuter"},"schema":{"@context":"https:\/\/schema.org","@graph":[{"@type":"Article","@id":"https:\/\/blogg.svenskakyrkan.se\/rolandreflekterar\/2026\/04\/04\/tro-pa-den-uppstandne\/#article","isPartOf":{"@id":"https:\/\/blogg.svenskakyrkan.se\/rolandreflekterar\/2026\/04\/04\/tro-pa-den-uppstandne\/"},"author":{"name":"Roland Persson","@id":"https:\/\/blogg.svenskakyrkan.se\/rolandreflekterar\/#\/schema\/person\/ac7616e1ca4245053541d6ce5306624d"},"headline":"Tro p\u00e5 den uppst\u00e5ndne","datePublished":"2026-04-04T10:04:30+00:00","dateModified":"2026-04-04T10:04:31+00:00","mainEntityOfPage":{"@id":"https:\/\/blogg.svenskakyrkan.se\/rolandreflekterar\/2026\/04\/04\/tro-pa-den-uppstandne\/"},"wordCount":701,"commentCount":0,"image":{"@id":"https:\/\/blogg.svenskakyrkan.se\/rolandreflekterar\/2026\/04\/04\/tro-pa-den-uppstandne\/#primaryimage"},"thumbnailUrl":"https:\/\/blogg.svenskakyrkan.se\/rolandreflekterar\/files\/2026\/04\/20250428_124050-scaled.jpg","inLanguage":"sv-SE","potentialAction":[{"@type":"CommentAction","name":"Comment","target":["https:\/\/blogg.svenskakyrkan.se\/rolandreflekterar\/2026\/04\/04\/tro-pa-den-uppstandne\/#respond"]}]},{"@type":"WebPage","@id":"https:\/\/blogg.svenskakyrkan.se\/rolandreflekterar\/2026\/04\/04\/tro-pa-den-uppstandne\/","url":"https:\/\/blogg.svenskakyrkan.se\/rolandreflekterar\/2026\/04\/04\/tro-pa-den-uppstandne\/","name":"Tro p\u00e5 den uppst\u00e5ndne - Roland reflekterar","isPartOf":{"@id":"https:\/\/blogg.svenskakyrkan.se\/rolandreflekterar\/#website"},"primaryImageOfPage":{"@id":"https:\/\/blogg.svenskakyrkan.se\/rolandreflekterar\/2026\/04\/04\/tro-pa-den-uppstandne\/#primaryimage"},"image":{"@id":"https:\/\/blogg.svenskakyrkan.se\/rolandreflekterar\/2026\/04\/04\/tro-pa-den-uppstandne\/#primaryimage"},"thumbnailUrl":"https:\/\/blogg.svenskakyrkan.se\/rolandreflekterar\/files\/2026\/04\/20250428_124050-scaled.jpg","datePublished":"2026-04-04T10:04:30+00:00","dateModified":"2026-04-04T10:04:31+00:00","author":{"@id":"https:\/\/blogg.svenskakyrkan.se\/rolandreflekterar\/#\/schema\/person\/ac7616e1ca4245053541d6ce5306624d"},"breadcrumb":{"@id":"https:\/\/blogg.svenskakyrkan.se\/rolandreflekterar\/2026\/04\/04\/tro-pa-den-uppstandne\/#breadcrumb"},"inLanguage":"sv-SE","potentialAction":[{"@type":"ReadAction","target":["https:\/\/blogg.svenskakyrkan.se\/rolandreflekterar\/2026\/04\/04\/tro-pa-den-uppstandne\/"]}]},{"@type":"ImageObject","inLanguage":"sv-SE","@id":"https:\/\/blogg.svenskakyrkan.se\/rolandreflekterar\/2026\/04\/04\/tro-pa-den-uppstandne\/#primaryimage","url":"https:\/\/blogg.svenskakyrkan.se\/rolandreflekterar\/files\/2026\/04\/20250428_124050-scaled.jpg","contentUrl":"https:\/\/blogg.svenskakyrkan.se\/rolandreflekterar\/files\/2026\/04\/20250428_124050-scaled.jpg","width":2560,"height":1152},{"@type":"BreadcrumbList","@id":"https:\/\/blogg.svenskakyrkan.se\/rolandreflekterar\/2026\/04\/04\/tro-pa-den-uppstandne\/#breadcrumb","itemListElement":[{"@type":"ListItem","position":1,"name":"Hem","item":"https:\/\/blogg.svenskakyrkan.se\/rolandreflekterar\/"},{"@type":"ListItem","position":2,"name":"Tro p\u00e5 den uppst\u00e5ndne"}]},{"@type":"WebSite","@id":"https:\/\/blogg.svenskakyrkan.se\/rolandreflekterar\/#website","url":"https:\/\/blogg.svenskakyrkan.se\/rolandreflekterar\/","name":"Roland reflekterar","description":"Reflektioner och tankar om det liv vi lever och hur tron p\u00e5 en levande Gud kan bli n\u00e5got och n\u00e5gon att tro p\u00e5 p\u00e5 riktigt.","potentialAction":[{"@type":"SearchAction","target":{"@type":"EntryPoint","urlTemplate":"https:\/\/blogg.svenskakyrkan.se\/rolandreflekterar\/?s={search_term_string}"},"query-input":{"@type":"PropertyValueSpecification","valueRequired":true,"valueName":"search_term_string"}}],"inLanguage":"sv-SE"},{"@type":"Person","@id":"https:\/\/blogg.svenskakyrkan.se\/rolandreflekterar\/#\/schema\/person\/ac7616e1ca4245053541d6ce5306624d","name":"Roland Persson","image":{"@type":"ImageObject","inLanguage":"sv-SE","@id":"https:\/\/blogg.svenskakyrkan.se\/rolandreflekterar\/#\/schema\/person\/image\/","url":"https:\/\/secure.gravatar.com\/avatar\/6af6d83b54db7027ef15a94667c7eb132da0866feaea804b8aed2bf99cec2dc7?s=96&d=mm&r=g","contentUrl":"https:\/\/secure.gravatar.com\/avatar\/6af6d83b54db7027ef15a94667c7eb132da0866feaea804b8aed2bf99cec2dc7?s=96&d=mm&r=g","caption":"Roland Persson"},"url":"https:\/\/blogg.svenskakyrkan.se\/rolandreflekterar\/author\/rolandreflekterar\/"}]}},"author_meta":{"ID":"784","user_nicename":"rolandreflekterar","user_registered":"2021-02-22 08:26:57","display_name":"Roland Persson","first_name":"Roland","last_name":"Persson","avatar":"https:\/\/blogg.svenskakyrkan.se\/rolandreflekterar\/files\/2021\/02\/d\u00f6dsskuggansdal-2-150x150.jpg"},"featured_image":["https:\/\/blogg.svenskakyrkan.se\/rolandreflekterar\/files\/2026\/04\/20250428_124050-1024x461.jpg",1024,461,true],"bloginfo":{"name":"Roland reflekterar","url":"https:\/\/blogg.svenskakyrkan.se\/rolandreflekterar"},"_links":{"self":[{"href":"https:\/\/blogg.svenskakyrkan.se\/rolandreflekterar\/wp-json\/wp\/v2\/posts\/6223","targetHints":{"allow":["GET"]}}],"collection":[{"href":"https:\/\/blogg.svenskakyrkan.se\/rolandreflekterar\/wp-json\/wp\/v2\/posts"}],"about":[{"href":"https:\/\/blogg.svenskakyrkan.se\/rolandreflekterar\/wp-json\/wp\/v2\/types\/post"}],"author":[{"embeddable":true,"href":"https:\/\/blogg.svenskakyrkan.se\/rolandreflekterar\/wp-json\/wp\/v2\/users\/784"}],"replies":[{"embeddable":true,"href":"https:\/\/blogg.svenskakyrkan.se\/rolandreflekterar\/wp-json\/wp\/v2\/comments?post=6223"}],"version-history":[{"count":20,"href":"https:\/\/blogg.svenskakyrkan.se\/rolandreflekterar\/wp-json\/wp\/v2\/posts\/6223\/revisions"}],"predecessor-version":[{"id":6244,"href":"https:\/\/blogg.svenskakyrkan.se\/rolandreflekterar\/wp-json\/wp\/v2\/posts\/6223\/revisions\/6244"}],"wp:featuredmedia":[{"embeddable":true,"href":"https:\/\/blogg.svenskakyrkan.se\/rolandreflekterar\/wp-json\/wp\/v2\/media\/6233"}],"wp:attachment":[{"href":"https:\/\/blogg.svenskakyrkan.se\/rolandreflekterar\/wp-json\/wp\/v2\/media?parent=6223"}],"wp:term":[{"taxonomy":"category","embeddable":true,"href":"https:\/\/blogg.svenskakyrkan.se\/rolandreflekterar\/wp-json\/wp\/v2\/categories?post=6223"},{"taxonomy":"post_tag","embeddable":true,"href":"https:\/\/blogg.svenskakyrkan.se\/rolandreflekterar\/wp-json\/wp\/v2\/tags?post=6223"}],"curies":[{"name":"wp","href":"https:\/\/api.w.org\/{rel}","templated":true}]}}