{"id":118,"date":"2011-10-14T23:54:41","date_gmt":"2011-10-14T21:54:41","guid":{"rendered":"http:\/\/blogg.svenskakyrkan.se\/sigurhaf\/?p=118"},"modified":"2011-10-14T23:54:41","modified_gmt":"2011-10-14T21:54:41","slug":"vad-ar-det-du-sager","status":"publish","type":"post","link":"https:\/\/blogg.svenskakyrkan.se\/sigurhaf\/2011\/10\/14\/vad-ar-det-du-sager\/","title":{"rendered":"Vad \u00e4r det du s\u00e4ger?"},"content":{"rendered":"<p>Det \u00e4r verkligen en konst det h\u00e4r att kommunicera! Alla som skrivit ett brev, mejlat, sms:at eller haft ett personligt samtal p\u00e5 telefon eller ansikte mot ansikte har upplevt att ibland n\u00e5r man verkligen inte fram. Tanken kan vara hur tydlig som helst i mitt huvud och sedan n\u00e4r jag ska delge den till n\u00e5gon annan s\u00e5 fattar personen min tanke precis upp och ner.<\/p>\n<p><strong> <\/strong><\/p>\n<p><strong><\/p>\n<div id=\"attachment_119\" style=\"width: 209px\" class=\"wp-caption alignright\"><a rel=\"attachment wp-att-119\" href=\"http:\/\/blogg.svenskakyrkan.se\/sigurhaf\/2011\/10\/14\/vad-ar-det-du-sager\/prasten-patrik-magnusson-i-samtal-med-lokalinvanare-i-sodra-egypten\/\"><img loading=\"lazy\" decoding=\"async\" aria-describedby=\"caption-attachment-119\" class=\"size-medium wp-image-119\" src=\"http:\/\/blogg.svenskakyrkan.se\/sigurhaf\/files\/2011\/10\/1011600-199x300.jpg\" alt=\"\" width=\"199\" height=\"300\" srcset=\"https:\/\/blogg.svenskakyrkan.se\/sigurhaf\/files\/2011\/10\/1011600-199x300.jpg 199w, https:\/\/blogg.svenskakyrkan.se\/sigurhaf\/files\/2011\/10\/1011600.jpg 438w\" sizes=\"auto, (max-width: 199px) 100vw, 199px\" \/><\/a><p id=\"caption-attachment-119\" class=\"wp-caption-text\">Den viktiga kommunikationen. Foto: Karin Hollmer \/ IKON<\/p><\/div>\n<p><\/strong><\/p>\n<p><strong> <\/strong><\/p>\n<p><strong> <\/strong><\/p>\n<p>\u201dVad trevligt\u201d kan jag kommentera n\u00e5got min bekant ber\u00e4ttar utan att ha riktigt f\u00f6rst\u00e5tt vad det handlade om. Jag ser sedan hur kompisen blir misst\u00e4nksam och inser att jag inte \u00e4r engagerad och bara kommer med en standardkommentar. Varp\u00e5 jag naturligtvis till\u00e4gger \u201d&#8230; jag menar, jag tycker att det \u00e4r verkligen roligt att det blev s\u00e5!!!\u201d Och jag ser hur kompisen blir \u00e4nnu mer skeptisk. Trenden \u00e4r satt, jag \u00e4r inte \u00e4rlig och vad jag \u00e4n s\u00e4ger s\u00e5 sn\u00e4rjer jag in mig mer i den roll som jag blivit placerad i. Oavsett om jag egentligen tyckte den d\u00e4r grejen var j\u00e4ttetrevlig n\u00e4r jag till slut lyssnade.<\/p>\n<p><strong>Man l\u00e4r sig&#8230;<\/strong><\/p>\n<div class=\"mceTemp\" style=\"font-weight: bold\"><span style=\"font-weight: normal\"><strong><span style=\"font-weight: normal\">N\u00e4r jag tittar tillbaka kan jag hitta n\u00e5gra tillf\u00e4llen f\u00f6r s\u00e4rskilt viktiga insikter i mitt yrkesliv. Insikter som jag alltid kommer att b\u00e4ra med mig. Det \u00e4r kunskap som tr\u00e4ffar r\u00e4tt person i r\u00e4tt tid. Nyligen var jag p\u00e5 en kurs som jag k\u00e4nde p\u00e5 en g\u00e5ng att den var ett s\u00e5nt tillf\u00e4lle.<\/span><\/strong><\/span><\/div>\n<p><strong> <\/strong>Kursen handlade om kommunikation. Jag har nu jobbat med kommunikation i fem \u00e5r nu, utan att ha g\u00e5tt \u201dutbildningen\u201d och tyckte att det var dags att l\u00e4ra mig mera om kommunikationsteorier.<\/p>\n<p>Jag vet nu hur man g\u00f6r en kommunikationsplan fr\u00e5n analys, genom strategi och genomf\u00f6rande till utv\u00e4rdering. Det k\u00e4ndes r\u00e4tt s\u00e5 enkelt och jag upplevde m\u00e5nga delar som sj\u00e4lvklara. Men \u00e4nd\u00e5 handlade det om ny kunskap. Delvis gav auktoriteten fr\u00e5n erfarna kommunikat\u00f6rer en viktig bekr\u00e4ftelse av s\u00e5nt jag tidigare provat mig fram med. Men framf\u00f6r allt var det perspektivet jag fick n\u00e4r alla de olika pusselbitarna lades ihop och skapade en helt ny bild.<\/p>\n<p>Och inte var det heller dumt att strax efter kunde jag f\u00f6ra den nyvunna kunskapen vidare. Jag ber\u00e4ttade kursens tre dagar l\u00e5nga inneh\u00e5ll f\u00f6r min fru samma dag som jag kom hem, full av entusiasm. Ett par veckor senare satt jag p\u00e5 hennes jobb och talade inf\u00f6r hennes kollegor om hur de kunde t\u00e4nka inf\u00f6r lanseringen av sin nya grej.<\/p>\n<p><strong>Detta s\u00e4ger jag till dig<br \/>\n<span style=\"font-weight: normal\">Varf\u00f6r jag ber\u00e4ttar om detta \u00e4r f\u00f6r att det ang\u00e5r alla. Alla kommunicerar vi! Till och med tystnaden och det f\u00f6rtegna \u201dno comments\u201d kommunicerar en hel del.<\/span><\/strong><\/p>\n<p>I min planerade kommunikation g\u00e5r jag inte ut och basunerar \u00f6ver hela v\u00e4rlden vad jag vill s\u00e4ga. En del av kommunikationsteorin talar om att ju fler jag talar till samtidigt, desto f\u00e4rre n\u00e5r jag. Det personliga m\u00f6tet d\u00e4r man lyssnar in \u00e4r n\u00e4stan alltid att f\u00f6redra. D\u00e5 kan jag prata med en person i taget och lyssna in hennes synpunkter och \u00f6nskem\u00e5l. F\u00f6rst d\u00e5 blir det riktig kommunikation, ett samtal.<\/p>\n","protected":false},"excerpt":{"rendered":"<p>Det \u00e4r verkligen en konst det h\u00e4r att kommunicera! Alla som skrivit ett brev, mejlat, sms:at eller haft ett personligt samtal p\u00e5 telefon eller ansikte mot ansikte har upplevt att ibland n\u00e5r man verkligen inte fram. Tanken kan vara hur tydlig som helst i mitt huvud och sedan n\u00e4r jag ska delge den till n\u00e5gon [&hellip;]<\/p>\n","protected":false},"author":103,"featured_media":0,"comment_status":"open","ping_status":"open","sticky":false,"template":"","format":"standard","meta":{"_acf_changed":false,"footnotes":""},"categories":[8254],"tags":[14281,14280,8255],"class_list":["post-118","post","type-post","status-publish","format-standard","hentry","category-kommunikation","tag-det-personliga-motet","tag-kommunikationsplan","tag-kurs"],"acf":[],"yoast_head":"<!-- This site is optimized with the Yoast SEO plugin v27.1.1 - https:\/\/yoast.com\/product\/yoast-seo-wordpress\/ -->\n<title>Vad \u00e4r det du s\u00e4ger? - Samtal i Damaskusporten<\/title>\n<meta name=\"robots\" content=\"index, follow, max-snippet:-1, max-image-preview:large, max-video-preview:-1\" \/>\n<link rel=\"canonical\" href=\"https:\/\/blogg.svenskakyrkan.se\/sigurhaf\/2011\/10\/14\/vad-ar-det-du-sager\/\" \/>\n<meta property=\"og:locale\" content=\"sv_SE\" \/>\n<meta property=\"og:type\" content=\"article\" \/>\n<meta property=\"og:title\" content=\"Vad \u00e4r det du s\u00e4ger? - Samtal i Damaskusporten\" \/>\n<meta property=\"og:description\" content=\"Det \u00e4r verkligen en konst det h\u00e4r att kommunicera! Alla som skrivit ett brev, mejlat, sms:at eller haft ett personligt samtal p\u00e5 telefon eller ansikte mot ansikte har upplevt att ibland n\u00e5r man verkligen inte fram. Tanken kan vara hur tydlig som helst i mitt huvud och sedan n\u00e4r jag ska delge den till n\u00e5gon [&hellip;]\" \/>\n<meta property=\"og:url\" content=\"https:\/\/blogg.svenskakyrkan.se\/sigurhaf\/2011\/10\/14\/vad-ar-det-du-sager\/\" \/>\n<meta property=\"og:site_name\" content=\"Samtal i Damaskusporten\" \/>\n<meta property=\"article:published_time\" content=\"2011-10-14T21:54:41+00:00\" \/>\n<meta property=\"og:image\" content=\"http:\/\/blogg.svenskakyrkan.se\/sigurhaf\/files\/2011\/10\/1011600-199x300.jpg\" \/>\n<meta name=\"author\" content=\"Sigurdur Hafthorsson\" \/>\n<meta name=\"twitter:card\" content=\"summary_large_image\" \/>\n<meta name=\"twitter:label1\" content=\"Skriven av\" \/>\n\t<meta name=\"twitter:data1\" content=\"Sigurdur Hafthorsson\" \/>\n\t<meta name=\"twitter:label2\" content=\"Ber\u00e4knad l\u00e4stid\" \/>\n\t<meta name=\"twitter:data2\" content=\"3 minuter\" \/>\n<script type=\"application\/ld+json\" class=\"yoast-schema-graph\">{\"@context\":\"https:\/\/schema.org\",\"@graph\":[{\"@type\":\"Article\",\"@id\":\"https:\/\/blogg.svenskakyrkan.se\/sigurhaf\/2011\/10\/14\/vad-ar-det-du-sager\/#article\",\"isPartOf\":{\"@id\":\"https:\/\/blogg.svenskakyrkan.se\/sigurhaf\/2011\/10\/14\/vad-ar-det-du-sager\/\"},\"author\":{\"name\":\"Sigurdur Hafthorsson\",\"@id\":\"https:\/\/blogg.svenskakyrkan.se\/sigurhaf\/#\/schema\/person\/5ad3391a356006d50ac032b7b69c159d\"},\"headline\":\"Vad \u00e4r det du s\u00e4ger?\",\"datePublished\":\"2011-10-14T21:54:41+00:00\",\"mainEntityOfPage\":{\"@id\":\"https:\/\/blogg.svenskakyrkan.se\/sigurhaf\/2011\/10\/14\/vad-ar-det-du-sager\/\"},\"wordCount\":584,\"commentCount\":0,\"image\":{\"@id\":\"https:\/\/blogg.svenskakyrkan.se\/sigurhaf\/2011\/10\/14\/vad-ar-det-du-sager\/#primaryimage\"},\"thumbnailUrl\":\"http:\/\/blogg.svenskakyrkan.se\/sigurhaf\/files\/2011\/10\/1011600-199x300.jpg\",\"keywords\":[\"det personliga m\u00f6tet\",\"kommunikationsplan\",\"Kurs\"],\"articleSection\":[\"Kommunikation\"],\"inLanguage\":\"sv-SE\",\"potentialAction\":[{\"@type\":\"CommentAction\",\"name\":\"Comment\",\"target\":[\"https:\/\/blogg.svenskakyrkan.se\/sigurhaf\/2011\/10\/14\/vad-ar-det-du-sager\/#respond\"]}]},{\"@type\":\"WebPage\",\"@id\":\"https:\/\/blogg.svenskakyrkan.se\/sigurhaf\/2011\/10\/14\/vad-ar-det-du-sager\/\",\"url\":\"https:\/\/blogg.svenskakyrkan.se\/sigurhaf\/2011\/10\/14\/vad-ar-det-du-sager\/\",\"name\":\"Vad \u00e4r det du s\u00e4ger? - Samtal i Damaskusporten\",\"isPartOf\":{\"@id\":\"https:\/\/blogg.svenskakyrkan.se\/sigurhaf\/#website\"},\"primaryImageOfPage\":{\"@id\":\"https:\/\/blogg.svenskakyrkan.se\/sigurhaf\/2011\/10\/14\/vad-ar-det-du-sager\/#primaryimage\"},\"image\":{\"@id\":\"https:\/\/blogg.svenskakyrkan.se\/sigurhaf\/2011\/10\/14\/vad-ar-det-du-sager\/#primaryimage\"},\"thumbnailUrl\":\"http:\/\/blogg.svenskakyrkan.se\/sigurhaf\/files\/2011\/10\/1011600-199x300.jpg\",\"datePublished\":\"2011-10-14T21:54:41+00:00\",\"author\":{\"@id\":\"https:\/\/blogg.svenskakyrkan.se\/sigurhaf\/#\/schema\/person\/5ad3391a356006d50ac032b7b69c159d\"},\"breadcrumb\":{\"@id\":\"https:\/\/blogg.svenskakyrkan.se\/sigurhaf\/2011\/10\/14\/vad-ar-det-du-sager\/#breadcrumb\"},\"inLanguage\":\"sv-SE\",\"potentialAction\":[{\"@type\":\"ReadAction\",\"target\":[\"https:\/\/blogg.svenskakyrkan.se\/sigurhaf\/2011\/10\/14\/vad-ar-det-du-sager\/\"]}]},{\"@type\":\"ImageObject\",\"inLanguage\":\"sv-SE\",\"@id\":\"https:\/\/blogg.svenskakyrkan.se\/sigurhaf\/2011\/10\/14\/vad-ar-det-du-sager\/#primaryimage\",\"url\":\"https:\/\/blogg.svenskakyrkan.se\/sigurhaf\/files\/2011\/10\/1011600.jpg\",\"contentUrl\":\"https:\/\/blogg.svenskakyrkan.se\/sigurhaf\/files\/2011\/10\/1011600.jpg\",\"width\":\"438\",\"height\":\"658\",\"caption\":\"Den viktiga kommunikationen. Foto: Karin Hollmer \/ IKON\"},{\"@type\":\"BreadcrumbList\",\"@id\":\"https:\/\/blogg.svenskakyrkan.se\/sigurhaf\/2011\/10\/14\/vad-ar-det-du-sager\/#breadcrumb\",\"itemListElement\":[{\"@type\":\"ListItem\",\"position\":1,\"name\":\"Hem\",\"item\":\"https:\/\/blogg.svenskakyrkan.se\/sigurhaf\/\"},{\"@type\":\"ListItem\",\"position\":2,\"name\":\"Vad \u00e4r det du s\u00e4ger?\"}]},{\"@type\":\"WebSite\",\"@id\":\"https:\/\/blogg.svenskakyrkan.se\/sigurhaf\/#website\",\"url\":\"https:\/\/blogg.svenskakyrkan.se\/sigurhaf\/\",\"name\":\"Samtal i Damaskusporten\",\"description\":\"I biblisk tid tr\u00e4ffades de \u00e4ldste och talade om dagens fr\u00e5gor i stadsporten. Nu fyller sociala medier denna funktion.\",\"potentialAction\":[{\"@type\":\"SearchAction\",\"target\":{\"@type\":\"EntryPoint\",\"urlTemplate\":\"https:\/\/blogg.svenskakyrkan.se\/sigurhaf\/?s={search_term_string}\"},\"query-input\":{\"@type\":\"PropertyValueSpecification\",\"valueRequired\":true,\"valueName\":\"search_term_string\"}}],\"inLanguage\":\"sv-SE\"},{\"@type\":\"Person\",\"@id\":\"https:\/\/blogg.svenskakyrkan.se\/sigurhaf\/#\/schema\/person\/5ad3391a356006d50ac032b7b69c159d\",\"name\":\"Sigurdur Hafthorsson\",\"image\":{\"@type\":\"ImageObject\",\"inLanguage\":\"sv-SE\",\"@id\":\"https:\/\/blogg.svenskakyrkan.se\/sigurhaf\/#\/schema\/person\/image\/\",\"url\":\"https:\/\/secure.gravatar.com\/avatar\/9555024efd78e4779967459adf0bcbd071e66739b61e5fd0e4409bb991d9fe0c?s=96&d=mm&r=g\",\"contentUrl\":\"https:\/\/secure.gravatar.com\/avatar\/9555024efd78e4779967459adf0bcbd071e66739b61e5fd0e4409bb991d9fe0c?s=96&d=mm&r=g\",\"caption\":\"Sigurdur Hafthorsson\"},\"description\":\"Teologisk sekreterare p\u00e5 kyrkokansliet i Uppsala\",\"url\":\"https:\/\/blogg.svenskakyrkan.se\/sigurhaf\/author\/sigurhaf\/\"}]}<\/script>\n<!-- \/ Yoast SEO plugin. -->","yoast_head_json":{"title":"Vad \u00e4r det du s\u00e4ger? - Samtal i Damaskusporten","robots":{"index":"index","follow":"follow","max-snippet":"max-snippet:-1","max-image-preview":"max-image-preview:large","max-video-preview":"max-video-preview:-1"},"canonical":"https:\/\/blogg.svenskakyrkan.se\/sigurhaf\/2011\/10\/14\/vad-ar-det-du-sager\/","og_locale":"sv_SE","og_type":"article","og_title":"Vad \u00e4r det du s\u00e4ger? - Samtal i Damaskusporten","og_description":"Det \u00e4r verkligen en konst det h\u00e4r att kommunicera! Alla som skrivit ett brev, mejlat, sms:at eller haft ett personligt samtal p\u00e5 telefon eller ansikte mot ansikte har upplevt att ibland n\u00e5r man verkligen inte fram. Tanken kan vara hur tydlig som helst i mitt huvud och sedan n\u00e4r jag ska delge den till n\u00e5gon [&hellip;]","og_url":"https:\/\/blogg.svenskakyrkan.se\/sigurhaf\/2011\/10\/14\/vad-ar-det-du-sager\/","og_site_name":"Samtal i Damaskusporten","article_published_time":"2011-10-14T21:54:41+00:00","og_image":[{"url":"http:\/\/blogg.svenskakyrkan.se\/sigurhaf\/files\/2011\/10\/1011600-199x300.jpg","type":"","width":"","height":""}],"author":"Sigurdur Hafthorsson","twitter_card":"summary_large_image","twitter_misc":{"Skriven av":"Sigurdur Hafthorsson","Ber\u00e4knad l\u00e4stid":"3 minuter"},"schema":{"@context":"https:\/\/schema.org","@graph":[{"@type":"Article","@id":"https:\/\/blogg.svenskakyrkan.se\/sigurhaf\/2011\/10\/14\/vad-ar-det-du-sager\/#article","isPartOf":{"@id":"https:\/\/blogg.svenskakyrkan.se\/sigurhaf\/2011\/10\/14\/vad-ar-det-du-sager\/"},"author":{"name":"Sigurdur Hafthorsson","@id":"https:\/\/blogg.svenskakyrkan.se\/sigurhaf\/#\/schema\/person\/5ad3391a356006d50ac032b7b69c159d"},"headline":"Vad \u00e4r det du s\u00e4ger?","datePublished":"2011-10-14T21:54:41+00:00","mainEntityOfPage":{"@id":"https:\/\/blogg.svenskakyrkan.se\/sigurhaf\/2011\/10\/14\/vad-ar-det-du-sager\/"},"wordCount":584,"commentCount":0,"image":{"@id":"https:\/\/blogg.svenskakyrkan.se\/sigurhaf\/2011\/10\/14\/vad-ar-det-du-sager\/#primaryimage"},"thumbnailUrl":"http:\/\/blogg.svenskakyrkan.se\/sigurhaf\/files\/2011\/10\/1011600-199x300.jpg","keywords":["det personliga m\u00f6tet","kommunikationsplan","Kurs"],"articleSection":["Kommunikation"],"inLanguage":"sv-SE","potentialAction":[{"@type":"CommentAction","name":"Comment","target":["https:\/\/blogg.svenskakyrkan.se\/sigurhaf\/2011\/10\/14\/vad-ar-det-du-sager\/#respond"]}]},{"@type":"WebPage","@id":"https:\/\/blogg.svenskakyrkan.se\/sigurhaf\/2011\/10\/14\/vad-ar-det-du-sager\/","url":"https:\/\/blogg.svenskakyrkan.se\/sigurhaf\/2011\/10\/14\/vad-ar-det-du-sager\/","name":"Vad \u00e4r det du s\u00e4ger? - Samtal i Damaskusporten","isPartOf":{"@id":"https:\/\/blogg.svenskakyrkan.se\/sigurhaf\/#website"},"primaryImageOfPage":{"@id":"https:\/\/blogg.svenskakyrkan.se\/sigurhaf\/2011\/10\/14\/vad-ar-det-du-sager\/#primaryimage"},"image":{"@id":"https:\/\/blogg.svenskakyrkan.se\/sigurhaf\/2011\/10\/14\/vad-ar-det-du-sager\/#primaryimage"},"thumbnailUrl":"http:\/\/blogg.svenskakyrkan.se\/sigurhaf\/files\/2011\/10\/1011600-199x300.jpg","datePublished":"2011-10-14T21:54:41+00:00","author":{"@id":"https:\/\/blogg.svenskakyrkan.se\/sigurhaf\/#\/schema\/person\/5ad3391a356006d50ac032b7b69c159d"},"breadcrumb":{"@id":"https:\/\/blogg.svenskakyrkan.se\/sigurhaf\/2011\/10\/14\/vad-ar-det-du-sager\/#breadcrumb"},"inLanguage":"sv-SE","potentialAction":[{"@type":"ReadAction","target":["https:\/\/blogg.svenskakyrkan.se\/sigurhaf\/2011\/10\/14\/vad-ar-det-du-sager\/"]}]},{"@type":"ImageObject","inLanguage":"sv-SE","@id":"https:\/\/blogg.svenskakyrkan.se\/sigurhaf\/2011\/10\/14\/vad-ar-det-du-sager\/#primaryimage","url":"https:\/\/blogg.svenskakyrkan.se\/sigurhaf\/files\/2011\/10\/1011600.jpg","contentUrl":"https:\/\/blogg.svenskakyrkan.se\/sigurhaf\/files\/2011\/10\/1011600.jpg","width":"438","height":"658","caption":"Den viktiga kommunikationen. Foto: Karin Hollmer \/ IKON"},{"@type":"BreadcrumbList","@id":"https:\/\/blogg.svenskakyrkan.se\/sigurhaf\/2011\/10\/14\/vad-ar-det-du-sager\/#breadcrumb","itemListElement":[{"@type":"ListItem","position":1,"name":"Hem","item":"https:\/\/blogg.svenskakyrkan.se\/sigurhaf\/"},{"@type":"ListItem","position":2,"name":"Vad \u00e4r det du s\u00e4ger?"}]},{"@type":"WebSite","@id":"https:\/\/blogg.svenskakyrkan.se\/sigurhaf\/#website","url":"https:\/\/blogg.svenskakyrkan.se\/sigurhaf\/","name":"Samtal i Damaskusporten","description":"I biblisk tid tr\u00e4ffades de \u00e4ldste och talade om dagens fr\u00e5gor i stadsporten. Nu fyller sociala medier denna funktion.","potentialAction":[{"@type":"SearchAction","target":{"@type":"EntryPoint","urlTemplate":"https:\/\/blogg.svenskakyrkan.se\/sigurhaf\/?s={search_term_string}"},"query-input":{"@type":"PropertyValueSpecification","valueRequired":true,"valueName":"search_term_string"}}],"inLanguage":"sv-SE"},{"@type":"Person","@id":"https:\/\/blogg.svenskakyrkan.se\/sigurhaf\/#\/schema\/person\/5ad3391a356006d50ac032b7b69c159d","name":"Sigurdur Hafthorsson","image":{"@type":"ImageObject","inLanguage":"sv-SE","@id":"https:\/\/blogg.svenskakyrkan.se\/sigurhaf\/#\/schema\/person\/image\/","url":"https:\/\/secure.gravatar.com\/avatar\/9555024efd78e4779967459adf0bcbd071e66739b61e5fd0e4409bb991d9fe0c?s=96&d=mm&r=g","contentUrl":"https:\/\/secure.gravatar.com\/avatar\/9555024efd78e4779967459adf0bcbd071e66739b61e5fd0e4409bb991d9fe0c?s=96&d=mm&r=g","caption":"Sigurdur Hafthorsson"},"description":"Teologisk sekreterare p\u00e5 kyrkokansliet i Uppsala","url":"https:\/\/blogg.svenskakyrkan.se\/sigurhaf\/author\/sigurhaf\/"}]}},"author_meta":{"ID":"103","user_nicename":"sigurhaf","user_registered":"2011-10-04 08:33:14","display_name":"Sigurdur Hafthorsson","first_name":"Sigurdur","last_name":"Hafthorsson","avatar":"https:\/\/secure.gravatar.com\/avatar\/9555024efd78e4779967459adf0bcbd071e66739b61e5fd0e4409bb991d9fe0c?s=96&d=mm&r=g"},"featured_image":false,"bloginfo":{"name":"Samtal i Damaskusporten","url":"https:\/\/blogg.svenskakyrkan.se\/sigurhaf"},"_links":{"self":[{"href":"https:\/\/blogg.svenskakyrkan.se\/sigurhaf\/wp-json\/wp\/v2\/posts\/118","targetHints":{"allow":["GET"]}}],"collection":[{"href":"https:\/\/blogg.svenskakyrkan.se\/sigurhaf\/wp-json\/wp\/v2\/posts"}],"about":[{"href":"https:\/\/blogg.svenskakyrkan.se\/sigurhaf\/wp-json\/wp\/v2\/types\/post"}],"author":[{"embeddable":true,"href":"https:\/\/blogg.svenskakyrkan.se\/sigurhaf\/wp-json\/wp\/v2\/users\/103"}],"replies":[{"embeddable":true,"href":"https:\/\/blogg.svenskakyrkan.se\/sigurhaf\/wp-json\/wp\/v2\/comments?post=118"}],"version-history":[{"count":14,"href":"https:\/\/blogg.svenskakyrkan.se\/sigurhaf\/wp-json\/wp\/v2\/posts\/118\/revisions"}],"predecessor-version":[{"id":133,"href":"https:\/\/blogg.svenskakyrkan.se\/sigurhaf\/wp-json\/wp\/v2\/posts\/118\/revisions\/133"}],"wp:attachment":[{"href":"https:\/\/blogg.svenskakyrkan.se\/sigurhaf\/wp-json\/wp\/v2\/media?parent=118"}],"wp:term":[{"taxonomy":"category","embeddable":true,"href":"https:\/\/blogg.svenskakyrkan.se\/sigurhaf\/wp-json\/wp\/v2\/categories?post=118"},{"taxonomy":"post_tag","embeddable":true,"href":"https:\/\/blogg.svenskakyrkan.se\/sigurhaf\/wp-json\/wp\/v2\/tags?post=118"}],"curies":[{"name":"wp","href":"https:\/\/api.w.org\/{rel}","templated":true}]}}