{"id":137,"date":"2011-10-20T19:43:50","date_gmt":"2011-10-20T17:43:50","guid":{"rendered":"http:\/\/blogg.svenskakyrkan.se\/sigurhaf\/?p=137"},"modified":"2011-10-20T19:43:50","modified_gmt":"2011-10-20T17:43:50","slug":"facebook-%e2%80%93-kyrka-hemma-hos-dig","status":"publish","type":"post","link":"https:\/\/blogg.svenskakyrkan.se\/sigurhaf\/2011\/10\/20\/facebook-%e2%80%93-kyrka-hemma-hos-dig\/","title":{"rendered":"Facebook \u2013 kyrka hemma hos dig"},"content":{"rendered":"<p><img loading=\"lazy\" decoding=\"async\" class=\"alignright size-medium wp-image-138\" src=\"http:\/\/blogg.svenskakyrkan.se\/sigurhaf\/files\/2011\/10\/Diverse-047-2-300x224.jpg\" alt=\"\" width=\"300\" height=\"224\" srcset=\"https:\/\/blogg.svenskakyrkan.se\/sigurhaf\/files\/2011\/10\/Diverse-047-2-300x224.jpg 300w, https:\/\/blogg.svenskakyrkan.se\/sigurhaf\/files\/2011\/10\/Diverse-047-2.jpg 519w\" sizes=\"auto, (max-width: 300px) 100vw, 300px\" \/><\/p>\n<p>Idag firade vi p\u00e5 arbetsplatsen att den facebooksida som vi jobbar med, Svenska kyrkan, har f\u00e5tt \u00f6ver 5000 f\u00f6ljare eller \u201dgillanden\u201d. I praktiken inneb\u00e4r det att n\u00e5gots\u00e5n\u00e4r 5000 personer har valt att p\u00e5 sina personliga fb-sidor, f\u00e5 upp det material som vi administrat\u00f6rer f\u00f6r Svenska kyrkans fb-sida, l\u00e4gger upp.<\/p>\n<p>Jag m\u00e4rker att det finns en avf\u00e4rdande attityd hos en del av dem jag pratar med: \u201ddet var v\u00e4l gulligt\u201d, men tycker knappast att gillanden p\u00e5 Facebook utg\u00f6r en viktig milstolpe.<\/p>\n<p>Mot det vill jag inv\u00e4nda! Svenska kyrkans fb-sida visst \u00e4r en viktig sak som b\u00f6r uppm\u00e4rksammas! Det handlar om flera tusen m\u00e4nniskor som har en \u00f6nskan att m\u00f6tas p\u00e5 en kyrklig arena. Som vill f\u00f6lja och delta i diskussioner om tro och liv och ta del av det som sker i Svenska kyrkan.<\/p>\n<p>N\u00e4r vi firar gudstj\u00e4nst samlas vi i kyrkobyggnaden. N\u00e4r vi diskuterar p\u00e5 Facebook samlas vi, diskuterar och blir kyrka hemma hos dig, vi bes\u00f6ker dig p\u00e5 din arbetsplats, p\u00e5 pendelt\u00e5get och tunnelbanan. Din g\u00e4stfrihet \u00e4r ett f\u00f6rtroende som vi m\u00e5ste bli medvetna om och f\u00f6rvalta.<\/p>\n<p><a href=\"http:\/\/www.facebook.com\/svenskakyrkan\" target=\"_blank\">Gilla Svenska kyrkan p\u00e5 Facebook och delta, du med!<\/a><\/p>\n","protected":false},"excerpt":{"rendered":"<p>Idag firade vi p\u00e5 arbetsplatsen att den facebooksida som vi jobbar med, Svenska kyrkan, har f\u00e5tt \u00f6ver 5000 f\u00f6ljare eller \u201dgillanden\u201d. I praktiken inneb\u00e4r det att n\u00e5gots\u00e5n\u00e4r 5000 personer har valt att p\u00e5 sina personliga fb-sidor, f\u00e5 upp det material som vi administrat\u00f6rer f\u00f6r Svenska kyrkans fb-sida, l\u00e4gger upp. Jag m\u00e4rker att det finns en [&hellip;]<\/p>\n","protected":false},"author":103,"featured_media":0,"comment_status":"open","ping_status":"open","sticky":false,"template":"","format":"standard","meta":{"_acf_changed":false,"footnotes":""},"categories":[8254,3999,55],"tags":[14281,70,14286,14285,29],"class_list":["post-137","post","type-post","status-publish","format-standard","hentry","category-kommunikation","category-kyrka","category-religion","tag-det-personliga-motet","tag-facebook","tag-fortroende","tag-gilla","tag-svenska-kyrkan"],"acf":[],"yoast_head":"<!-- This site is optimized with the Yoast SEO plugin v27.1.1 - https:\/\/yoast.com\/product\/yoast-seo-wordpress\/ -->\n<title>Facebook \u2013 kyrka hemma hos dig - Samtal i Damaskusporten<\/title>\n<meta name=\"robots\" content=\"index, follow, max-snippet:-1, max-image-preview:large, max-video-preview:-1\" \/>\n<link rel=\"canonical\" href=\"https:\/\/blogg.svenskakyrkan.se\/sigurhaf\/2011\/10\/20\/facebook-\u2013-kyrka-hemma-hos-dig\/\" \/>\n<meta property=\"og:locale\" content=\"sv_SE\" \/>\n<meta property=\"og:type\" content=\"article\" \/>\n<meta property=\"og:title\" content=\"Facebook \u2013 kyrka hemma hos dig - Samtal i Damaskusporten\" \/>\n<meta property=\"og:description\" content=\"Idag firade vi p\u00e5 arbetsplatsen att den facebooksida som vi jobbar med, Svenska kyrkan, har f\u00e5tt \u00f6ver 5000 f\u00f6ljare eller \u201dgillanden\u201d. I praktiken inneb\u00e4r det att n\u00e5gots\u00e5n\u00e4r 5000 personer har valt att p\u00e5 sina personliga fb-sidor, f\u00e5 upp det material som vi administrat\u00f6rer f\u00f6r Svenska kyrkans fb-sida, l\u00e4gger upp. Jag m\u00e4rker att det finns en [&hellip;]\" \/>\n<meta property=\"og:url\" content=\"https:\/\/blogg.svenskakyrkan.se\/sigurhaf\/2011\/10\/20\/facebook-\u2013-kyrka-hemma-hos-dig\/\" \/>\n<meta property=\"og:site_name\" content=\"Samtal i Damaskusporten\" \/>\n<meta property=\"article:published_time\" content=\"2011-10-20T17:43:50+00:00\" \/>\n<meta property=\"og:image\" content=\"http:\/\/blogg.svenskakyrkan.se\/sigurhaf\/files\/2011\/10\/Diverse-047-2-300x224.jpg\" \/>\n<meta name=\"author\" content=\"Sigurdur Hafthorsson\" \/>\n<meta name=\"twitter:card\" content=\"summary_large_image\" \/>\n<meta name=\"twitter:label1\" content=\"Skriven av\" \/>\n\t<meta name=\"twitter:data1\" content=\"Sigurdur Hafthorsson\" \/>\n\t<meta name=\"twitter:label2\" content=\"Ber\u00e4knad l\u00e4stid\" \/>\n\t<meta name=\"twitter:data2\" content=\"1 minut\" \/>\n<script type=\"application\/ld+json\" class=\"yoast-schema-graph\">{\"@context\":\"https:\/\/schema.org\",\"@graph\":[{\"@type\":\"Article\",\"@id\":\"https:\/\/blogg.svenskakyrkan.se\/sigurhaf\/2011\/10\/20\/facebook-%e2%80%93-kyrka-hemma-hos-dig\/#article\",\"isPartOf\":{\"@id\":\"https:\/\/blogg.svenskakyrkan.se\/sigurhaf\/2011\/10\/20\/facebook-%e2%80%93-kyrka-hemma-hos-dig\/\"},\"author\":{\"name\":\"Sigurdur Hafthorsson\",\"@id\":\"https:\/\/blogg.svenskakyrkan.se\/sigurhaf\/#\/schema\/person\/5ad3391a356006d50ac032b7b69c159d\"},\"headline\":\"Facebook \u2013 kyrka hemma hos dig\",\"datePublished\":\"2011-10-20T17:43:50+00:00\",\"mainEntityOfPage\":{\"@id\":\"https:\/\/blogg.svenskakyrkan.se\/sigurhaf\/2011\/10\/20\/facebook-%e2%80%93-kyrka-hemma-hos-dig\/\"},\"wordCount\":218,\"commentCount\":0,\"image\":{\"@id\":\"https:\/\/blogg.svenskakyrkan.se\/sigurhaf\/2011\/10\/20\/facebook-%e2%80%93-kyrka-hemma-hos-dig\/#primaryimage\"},\"thumbnailUrl\":\"http:\/\/blogg.svenskakyrkan.se\/sigurhaf\/files\/2011\/10\/Diverse-047-2-300x224.jpg\",\"keywords\":[\"det personliga m\u00f6tet\",\"Facebook\",\"f\u00f6rtroende\",\"gilla\",\"Svenska kyrkan\"],\"articleSection\":[\"Kommunikation\",\"Kyrka\",\"Religion\"],\"inLanguage\":\"sv-SE\",\"potentialAction\":[{\"@type\":\"CommentAction\",\"name\":\"Comment\",\"target\":[\"https:\/\/blogg.svenskakyrkan.se\/sigurhaf\/2011\/10\/20\/facebook-%e2%80%93-kyrka-hemma-hos-dig\/#respond\"]}]},{\"@type\":\"WebPage\",\"@id\":\"https:\/\/blogg.svenskakyrkan.se\/sigurhaf\/2011\/10\/20\/facebook-%e2%80%93-kyrka-hemma-hos-dig\/\",\"url\":\"https:\/\/blogg.svenskakyrkan.se\/sigurhaf\/2011\/10\/20\/facebook-%e2%80%93-kyrka-hemma-hos-dig\/\",\"name\":\"Facebook \u2013 kyrka hemma hos dig - Samtal i Damaskusporten\",\"isPartOf\":{\"@id\":\"https:\/\/blogg.svenskakyrkan.se\/sigurhaf\/#website\"},\"primaryImageOfPage\":{\"@id\":\"https:\/\/blogg.svenskakyrkan.se\/sigurhaf\/2011\/10\/20\/facebook-%e2%80%93-kyrka-hemma-hos-dig\/#primaryimage\"},\"image\":{\"@id\":\"https:\/\/blogg.svenskakyrkan.se\/sigurhaf\/2011\/10\/20\/facebook-%e2%80%93-kyrka-hemma-hos-dig\/#primaryimage\"},\"thumbnailUrl\":\"http:\/\/blogg.svenskakyrkan.se\/sigurhaf\/files\/2011\/10\/Diverse-047-2-300x224.jpg\",\"datePublished\":\"2011-10-20T17:43:50+00:00\",\"author\":{\"@id\":\"https:\/\/blogg.svenskakyrkan.se\/sigurhaf\/#\/schema\/person\/5ad3391a356006d50ac032b7b69c159d\"},\"breadcrumb\":{\"@id\":\"https:\/\/blogg.svenskakyrkan.se\/sigurhaf\/2011\/10\/20\/facebook-%e2%80%93-kyrka-hemma-hos-dig\/#breadcrumb\"},\"inLanguage\":\"sv-SE\",\"potentialAction\":[{\"@type\":\"ReadAction\",\"target\":[\"https:\/\/blogg.svenskakyrkan.se\/sigurhaf\/2011\/10\/20\/facebook-%e2%80%93-kyrka-hemma-hos-dig\/\"]}]},{\"@type\":\"ImageObject\",\"inLanguage\":\"sv-SE\",\"@id\":\"https:\/\/blogg.svenskakyrkan.se\/sigurhaf\/2011\/10\/20\/facebook-%e2%80%93-kyrka-hemma-hos-dig\/#primaryimage\",\"url\":\"https:\/\/blogg.svenskakyrkan.se\/sigurhaf\/files\/2011\/10\/Diverse-047-2.jpg\",\"contentUrl\":\"https:\/\/blogg.svenskakyrkan.se\/sigurhaf\/files\/2011\/10\/Diverse-047-2.jpg\",\"width\":\"519\",\"height\":\"388\"},{\"@type\":\"BreadcrumbList\",\"@id\":\"https:\/\/blogg.svenskakyrkan.se\/sigurhaf\/2011\/10\/20\/facebook-%e2%80%93-kyrka-hemma-hos-dig\/#breadcrumb\",\"itemListElement\":[{\"@type\":\"ListItem\",\"position\":1,\"name\":\"Hem\",\"item\":\"https:\/\/blogg.svenskakyrkan.se\/sigurhaf\/\"},{\"@type\":\"ListItem\",\"position\":2,\"name\":\"Facebook \u2013 kyrka hemma hos dig\"}]},{\"@type\":\"WebSite\",\"@id\":\"https:\/\/blogg.svenskakyrkan.se\/sigurhaf\/#website\",\"url\":\"https:\/\/blogg.svenskakyrkan.se\/sigurhaf\/\",\"name\":\"Samtal i Damaskusporten\",\"description\":\"I biblisk tid tr\u00e4ffades de \u00e4ldste och talade om dagens fr\u00e5gor i stadsporten. Nu fyller sociala medier denna funktion.\",\"potentialAction\":[{\"@type\":\"SearchAction\",\"target\":{\"@type\":\"EntryPoint\",\"urlTemplate\":\"https:\/\/blogg.svenskakyrkan.se\/sigurhaf\/?s={search_term_string}\"},\"query-input\":{\"@type\":\"PropertyValueSpecification\",\"valueRequired\":true,\"valueName\":\"search_term_string\"}}],\"inLanguage\":\"sv-SE\"},{\"@type\":\"Person\",\"@id\":\"https:\/\/blogg.svenskakyrkan.se\/sigurhaf\/#\/schema\/person\/5ad3391a356006d50ac032b7b69c159d\",\"name\":\"Sigurdur Hafthorsson\",\"image\":{\"@type\":\"ImageObject\",\"inLanguage\":\"sv-SE\",\"@id\":\"https:\/\/blogg.svenskakyrkan.se\/sigurhaf\/#\/schema\/person\/image\/\",\"url\":\"https:\/\/secure.gravatar.com\/avatar\/9555024efd78e4779967459adf0bcbd071e66739b61e5fd0e4409bb991d9fe0c?s=96&d=mm&r=g\",\"contentUrl\":\"https:\/\/secure.gravatar.com\/avatar\/9555024efd78e4779967459adf0bcbd071e66739b61e5fd0e4409bb991d9fe0c?s=96&d=mm&r=g\",\"caption\":\"Sigurdur Hafthorsson\"},\"description\":\"Teologisk sekreterare p\u00e5 kyrkokansliet i Uppsala\",\"url\":\"https:\/\/blogg.svenskakyrkan.se\/sigurhaf\/author\/sigurhaf\/\"}]}<\/script>\n<!-- \/ Yoast SEO plugin. -->","yoast_head_json":{"title":"Facebook \u2013 kyrka hemma hos dig - Samtal i Damaskusporten","robots":{"index":"index","follow":"follow","max-snippet":"max-snippet:-1","max-image-preview":"max-image-preview:large","max-video-preview":"max-video-preview:-1"},"canonical":"https:\/\/blogg.svenskakyrkan.se\/sigurhaf\/2011\/10\/20\/facebook-\u2013-kyrka-hemma-hos-dig\/","og_locale":"sv_SE","og_type":"article","og_title":"Facebook \u2013 kyrka hemma hos dig - Samtal i Damaskusporten","og_description":"Idag firade vi p\u00e5 arbetsplatsen att den facebooksida som vi jobbar med, Svenska kyrkan, har f\u00e5tt \u00f6ver 5000 f\u00f6ljare eller \u201dgillanden\u201d. I praktiken inneb\u00e4r det att n\u00e5gots\u00e5n\u00e4r 5000 personer har valt att p\u00e5 sina personliga fb-sidor, f\u00e5 upp det material som vi administrat\u00f6rer f\u00f6r Svenska kyrkans fb-sida, l\u00e4gger upp. Jag m\u00e4rker att det finns en [&hellip;]","og_url":"https:\/\/blogg.svenskakyrkan.se\/sigurhaf\/2011\/10\/20\/facebook-\u2013-kyrka-hemma-hos-dig\/","og_site_name":"Samtal i Damaskusporten","article_published_time":"2011-10-20T17:43:50+00:00","og_image":[{"url":"http:\/\/blogg.svenskakyrkan.se\/sigurhaf\/files\/2011\/10\/Diverse-047-2-300x224.jpg","type":"","width":"","height":""}],"author":"Sigurdur Hafthorsson","twitter_card":"summary_large_image","twitter_misc":{"Skriven av":"Sigurdur Hafthorsson","Ber\u00e4knad l\u00e4stid":"1 minut"},"schema":{"@context":"https:\/\/schema.org","@graph":[{"@type":"Article","@id":"https:\/\/blogg.svenskakyrkan.se\/sigurhaf\/2011\/10\/20\/facebook-%e2%80%93-kyrka-hemma-hos-dig\/#article","isPartOf":{"@id":"https:\/\/blogg.svenskakyrkan.se\/sigurhaf\/2011\/10\/20\/facebook-%e2%80%93-kyrka-hemma-hos-dig\/"},"author":{"name":"Sigurdur Hafthorsson","@id":"https:\/\/blogg.svenskakyrkan.se\/sigurhaf\/#\/schema\/person\/5ad3391a356006d50ac032b7b69c159d"},"headline":"Facebook \u2013 kyrka hemma hos dig","datePublished":"2011-10-20T17:43:50+00:00","mainEntityOfPage":{"@id":"https:\/\/blogg.svenskakyrkan.se\/sigurhaf\/2011\/10\/20\/facebook-%e2%80%93-kyrka-hemma-hos-dig\/"},"wordCount":218,"commentCount":0,"image":{"@id":"https:\/\/blogg.svenskakyrkan.se\/sigurhaf\/2011\/10\/20\/facebook-%e2%80%93-kyrka-hemma-hos-dig\/#primaryimage"},"thumbnailUrl":"http:\/\/blogg.svenskakyrkan.se\/sigurhaf\/files\/2011\/10\/Diverse-047-2-300x224.jpg","keywords":["det personliga m\u00f6tet","Facebook","f\u00f6rtroende","gilla","Svenska kyrkan"],"articleSection":["Kommunikation","Kyrka","Religion"],"inLanguage":"sv-SE","potentialAction":[{"@type":"CommentAction","name":"Comment","target":["https:\/\/blogg.svenskakyrkan.se\/sigurhaf\/2011\/10\/20\/facebook-%e2%80%93-kyrka-hemma-hos-dig\/#respond"]}]},{"@type":"WebPage","@id":"https:\/\/blogg.svenskakyrkan.se\/sigurhaf\/2011\/10\/20\/facebook-%e2%80%93-kyrka-hemma-hos-dig\/","url":"https:\/\/blogg.svenskakyrkan.se\/sigurhaf\/2011\/10\/20\/facebook-%e2%80%93-kyrka-hemma-hos-dig\/","name":"Facebook \u2013 kyrka hemma hos dig - Samtal i Damaskusporten","isPartOf":{"@id":"https:\/\/blogg.svenskakyrkan.se\/sigurhaf\/#website"},"primaryImageOfPage":{"@id":"https:\/\/blogg.svenskakyrkan.se\/sigurhaf\/2011\/10\/20\/facebook-%e2%80%93-kyrka-hemma-hos-dig\/#primaryimage"},"image":{"@id":"https:\/\/blogg.svenskakyrkan.se\/sigurhaf\/2011\/10\/20\/facebook-%e2%80%93-kyrka-hemma-hos-dig\/#primaryimage"},"thumbnailUrl":"http:\/\/blogg.svenskakyrkan.se\/sigurhaf\/files\/2011\/10\/Diverse-047-2-300x224.jpg","datePublished":"2011-10-20T17:43:50+00:00","author":{"@id":"https:\/\/blogg.svenskakyrkan.se\/sigurhaf\/#\/schema\/person\/5ad3391a356006d50ac032b7b69c159d"},"breadcrumb":{"@id":"https:\/\/blogg.svenskakyrkan.se\/sigurhaf\/2011\/10\/20\/facebook-%e2%80%93-kyrka-hemma-hos-dig\/#breadcrumb"},"inLanguage":"sv-SE","potentialAction":[{"@type":"ReadAction","target":["https:\/\/blogg.svenskakyrkan.se\/sigurhaf\/2011\/10\/20\/facebook-%e2%80%93-kyrka-hemma-hos-dig\/"]}]},{"@type":"ImageObject","inLanguage":"sv-SE","@id":"https:\/\/blogg.svenskakyrkan.se\/sigurhaf\/2011\/10\/20\/facebook-%e2%80%93-kyrka-hemma-hos-dig\/#primaryimage","url":"https:\/\/blogg.svenskakyrkan.se\/sigurhaf\/files\/2011\/10\/Diverse-047-2.jpg","contentUrl":"https:\/\/blogg.svenskakyrkan.se\/sigurhaf\/files\/2011\/10\/Diverse-047-2.jpg","width":"519","height":"388"},{"@type":"BreadcrumbList","@id":"https:\/\/blogg.svenskakyrkan.se\/sigurhaf\/2011\/10\/20\/facebook-%e2%80%93-kyrka-hemma-hos-dig\/#breadcrumb","itemListElement":[{"@type":"ListItem","position":1,"name":"Hem","item":"https:\/\/blogg.svenskakyrkan.se\/sigurhaf\/"},{"@type":"ListItem","position":2,"name":"Facebook \u2013 kyrka hemma hos dig"}]},{"@type":"WebSite","@id":"https:\/\/blogg.svenskakyrkan.se\/sigurhaf\/#website","url":"https:\/\/blogg.svenskakyrkan.se\/sigurhaf\/","name":"Samtal i Damaskusporten","description":"I biblisk tid tr\u00e4ffades de \u00e4ldste och talade om dagens fr\u00e5gor i stadsporten. Nu fyller sociala medier denna funktion.","potentialAction":[{"@type":"SearchAction","target":{"@type":"EntryPoint","urlTemplate":"https:\/\/blogg.svenskakyrkan.se\/sigurhaf\/?s={search_term_string}"},"query-input":{"@type":"PropertyValueSpecification","valueRequired":true,"valueName":"search_term_string"}}],"inLanguage":"sv-SE"},{"@type":"Person","@id":"https:\/\/blogg.svenskakyrkan.se\/sigurhaf\/#\/schema\/person\/5ad3391a356006d50ac032b7b69c159d","name":"Sigurdur Hafthorsson","image":{"@type":"ImageObject","inLanguage":"sv-SE","@id":"https:\/\/blogg.svenskakyrkan.se\/sigurhaf\/#\/schema\/person\/image\/","url":"https:\/\/secure.gravatar.com\/avatar\/9555024efd78e4779967459adf0bcbd071e66739b61e5fd0e4409bb991d9fe0c?s=96&d=mm&r=g","contentUrl":"https:\/\/secure.gravatar.com\/avatar\/9555024efd78e4779967459adf0bcbd071e66739b61e5fd0e4409bb991d9fe0c?s=96&d=mm&r=g","caption":"Sigurdur Hafthorsson"},"description":"Teologisk sekreterare p\u00e5 kyrkokansliet i Uppsala","url":"https:\/\/blogg.svenskakyrkan.se\/sigurhaf\/author\/sigurhaf\/"}]}},"author_meta":{"ID":"103","user_nicename":"sigurhaf","user_registered":"2011-10-04 08:33:14","display_name":"Sigurdur Hafthorsson","first_name":"Sigurdur","last_name":"Hafthorsson","avatar":"https:\/\/secure.gravatar.com\/avatar\/9555024efd78e4779967459adf0bcbd071e66739b61e5fd0e4409bb991d9fe0c?s=96&d=mm&r=g"},"featured_image":false,"bloginfo":{"name":"Samtal i Damaskusporten","url":"https:\/\/blogg.svenskakyrkan.se\/sigurhaf"},"_links":{"self":[{"href":"https:\/\/blogg.svenskakyrkan.se\/sigurhaf\/wp-json\/wp\/v2\/posts\/137","targetHints":{"allow":["GET"]}}],"collection":[{"href":"https:\/\/blogg.svenskakyrkan.se\/sigurhaf\/wp-json\/wp\/v2\/posts"}],"about":[{"href":"https:\/\/blogg.svenskakyrkan.se\/sigurhaf\/wp-json\/wp\/v2\/types\/post"}],"author":[{"embeddable":true,"href":"https:\/\/blogg.svenskakyrkan.se\/sigurhaf\/wp-json\/wp\/v2\/users\/103"}],"replies":[{"embeddable":true,"href":"https:\/\/blogg.svenskakyrkan.se\/sigurhaf\/wp-json\/wp\/v2\/comments?post=137"}],"version-history":[{"count":5,"href":"https:\/\/blogg.svenskakyrkan.se\/sigurhaf\/wp-json\/wp\/v2\/posts\/137\/revisions"}],"predecessor-version":[{"id":143,"href":"https:\/\/blogg.svenskakyrkan.se\/sigurhaf\/wp-json\/wp\/v2\/posts\/137\/revisions\/143"}],"wp:attachment":[{"href":"https:\/\/blogg.svenskakyrkan.se\/sigurhaf\/wp-json\/wp\/v2\/media?parent=137"}],"wp:term":[{"taxonomy":"category","embeddable":true,"href":"https:\/\/blogg.svenskakyrkan.se\/sigurhaf\/wp-json\/wp\/v2\/categories?post=137"},{"taxonomy":"post_tag","embeddable":true,"href":"https:\/\/blogg.svenskakyrkan.se\/sigurhaf\/wp-json\/wp\/v2\/tags?post=137"}],"curies":[{"name":"wp","href":"https:\/\/api.w.org\/{rel}","templated":true}]}}