{"id":282,"date":"2013-08-09T17:42:34","date_gmt":"2013-08-09T15:42:34","guid":{"rendered":"http:\/\/blogg.svenskakyrkan.se\/sigurhaf\/?p=282"},"modified":"2013-08-09T17:42:34","modified_gmt":"2013-08-09T15:42:34","slug":"hur-man-laker-minnen-samiska-kyrkodagar","status":"publish","type":"post","link":"https:\/\/blogg.svenskakyrkan.se\/sigurhaf\/2013\/08\/09\/hur-man-laker-minnen-samiska-kyrkodagar\/","title":{"rendered":"Hur man l\u00e4ker minnen &#8211; samiska kyrkodagar"},"content":{"rendered":"<h1><b style=\"font-size: 13px\">Nu p\u00e5g\u00e5r det samiska kyrkodagar i Mo i Rana. Det \u00e4r en samling med seminarier, gudstj\u00e4nster, worshops, kulturevenemang och marknad. Idag bes\u00f6kte jag tv\u00e5 seminarier, det f\u00f6rsta p\u00e5 tema samer-kyrka och det andra p\u00e5 tema f\u00f6rsoning.<\/b><\/h1>\n<div id=\"attachment_283\" style=\"width: 210px\" class=\"wp-caption alignright\"><a href=\"http:\/\/blogg.svenskakyrkan.se\/sigurhaf\/files\/2013\/08\/Samiska-kyrkodagar-134.jpg\"><img loading=\"lazy\" decoding=\"async\" aria-describedby=\"caption-attachment-283\" class=\"size-medium wp-image-283\" alt=\"\u00d6ppningsgudstj\u00e4nst p\u00e5 samiska kyrkodagar\" src=\"http:\/\/blogg.svenskakyrkan.se\/sigurhaf\/files\/2013\/08\/Samiska-kyrkodagar-134-200x300.jpg\" width=\"200\" height=\"300\" srcset=\"https:\/\/blogg.svenskakyrkan.se\/sigurhaf\/files\/2013\/08\/Samiska-kyrkodagar-134-200x300.jpg 200w, https:\/\/blogg.svenskakyrkan.se\/sigurhaf\/files\/2013\/08\/Samiska-kyrkodagar-134.jpg 427w\" sizes=\"auto, (max-width: 200px) 100vw, 200px\" \/><\/a><p id=\"caption-attachment-283\" class=\"wp-caption-text\">\u00d6ppningsgudstj\u00e4nst p\u00e5 samiska kyrkodagar<\/p><\/div>\n<p>Den samiska kulturen \u00e4r pr\u00e4glad av en andlighet med stark koppling till naturen, naturreligion. D\u00e4rf\u00f6r \u00e4r det m\u00e5nga som inte kopplar det samiska till kyrkan och kristendomen. Men kyrkan \u00e4r viktig i det samiska sammanhanget, p\u00e5 fler och komplicerade s\u00e4tt. Kyrkans mission bland samer har lett till m\u00e5nga positiva relationer mellan samer och kyrkan idag. Men betydligt viktigare att lyfta fram \u00e4r kunskapen om kyrkan som l\u00e5ngt in p\u00e5 1900-talet starkt bidrog till att ber\u00f6va samer sin kulturella bakgrund, spr\u00e5ket och naturandligheten.<\/p>\n<p>Detta var bakgrunden till huvudseminaret p\u00e5 kyrkodagarna med\u00a0Ole Henrik Magga, samisk spr\u00e5kforskare och politiker, Sofe Petersen, biskop p\u00e5 Gr\u00f6nland och inuit och arrang\u00f6ren Tore Johnsen, generalsekreterare f\u00f6r det norska samiska kyrkor\u00e5det.<\/p>\n<p>Seminariet handlade huvudsakligen om milj\u00f6 och klimathot som p\u00e5verkar de arktiska urfolken i stor grad, men sedan kom diskussionen att handla om samer och kyrkan.<\/p>\n<p>Magga uppmanade kyrkan att akta sig f\u00f6r att kr\u00e4nka m\u00e4nniskor. Men han hade en ov\u00e4ntad vinkling p\u00e5 den uppmaningen. Kyrkan har l\u00e4rt samerna att t.ex. jojken inte \u00e4r n\u00e5got som platsar inom kristendomen. Nu uppmanar man ist\u00e4llet till jojk i kyrkan. D\u00e5 f\u00f6rekommer det att de som tog till sig den tidigare uppmaningen k\u00e4nner stor olust \u00f6ver jojken. Allts\u00e5 de samer som blev \u00f6vertygade om att jojken var n\u00e5got fel, blir idag kr\u00e4nkta av att jojken flyttar in i kyrkan.<\/p>\n<p>Magga undrade ocks\u00e5 hur l\u00e5ngt kyrkan egentligen kan g\u00e5 f\u00f6r att tillm\u00f6tesg\u00e5 den naturreligi\u00f6sa \u00e5dran i hans egets folks, samernas, kultur och \u00e4nd\u00e5 f\u00f6rbli kristen.<\/p>\n<p>Svara gjorde hans samtalspartner p\u00e5 scenen, biskop Sofie: Kristus m\u00e5ste \u00e4nd\u00e5 alltid vara i centrum. Det handlar om att st\u00e4ndigt omtolka sitt budskap och vara \u00f6ppen f\u00f6r andra s\u00e4tt att formulera kristendomens centrala budskap.<\/p>\n<div id=\"attachment_284\" style=\"width: 310px\" class=\"wp-caption aligncenter\"><a href=\"http:\/\/blogg.svenskakyrkan.se\/sigurhaf\/files\/2013\/08\/Samiska-kyrkodagar-164.jpg\"><img loading=\"lazy\" decoding=\"async\" aria-describedby=\"caption-attachment-284\" class=\"size-medium wp-image-284 \" alt=\"Biskop Sofie Petersen, Gr\u00f6nland och Ole Henrik Magga, samisk spr\u00e5kforskare och politiker, Norge\" src=\"http:\/\/blogg.svenskakyrkan.se\/sigurhaf\/files\/2013\/08\/Samiska-kyrkodagar-164-300x125.jpg\" width=\"300\" height=\"125\" srcset=\"https:\/\/blogg.svenskakyrkan.se\/sigurhaf\/files\/2013\/08\/Samiska-kyrkodagar-164-300x125.jpg 300w, https:\/\/blogg.svenskakyrkan.se\/sigurhaf\/files\/2013\/08\/Samiska-kyrkodagar-164.jpg 640w\" sizes=\"auto, (max-width: 300px) 100vw, 300px\" \/><\/a><p id=\"caption-attachment-284\" class=\"wp-caption-text\">Biskop Sofie Petersen, Gr\u00f6nland och Ole Henrik Magga, samisk spr\u00e5kforskare och politiker, Norge<\/p><\/div>\n<p><b>Att l\u00e4ka minnen<\/b><\/p>\n<p>En annan av dagens talare var den anglikanska pr\u00e4sten Michael Lapsley. Hans gripande ber\u00e4ttelse om sin kamp mot apartheid i Sydafrika, som bland annat ledde till att en brevbomb ber\u00f6vade honom b\u00e5da h\u00e4nder, ett \u00f6ga och trumhinnor, l\u00e4mnade ingen ober\u00f6rd.<\/p>\n<p>Lapsleys budskap var \u00e4nd\u00e5 att inte stanna kvar p\u00e5 \u00f6verlevarstadiet. Han hade varit offer f\u00f6r apartheid-krafterna men \u00f6verlevt v\u00e5ldd\u00e5d. Men der var viktigt att ta sig vidare d\u00e4rifr\u00e5n. Han blev en segrare genom att \u00f6vervinna de dehumaniserande krafterna med sina kvarvarande vapen.<\/p>\n<p>&#8211; De tog mina h\u00e4nder, som \u00e4nd\u00e5 inte bar vapen. Men tungan l\u00e4mnade de kvar, det verkliga vapnet, sa Lapsley lugnt.<\/p>\n<div id=\"attachment_285\" style=\"width: 310px\" class=\"wp-caption alignright\"><a href=\"http:\/\/blogg.svenskakyrkan.se\/sigurhaf\/files\/2013\/08\/Samiska-kyrkodagar-167.jpg\"><img loading=\"lazy\" decoding=\"async\" aria-describedby=\"caption-attachment-285\" class=\"size-medium wp-image-285\" alt=\"Rev. Michael Lapsley, Sydafrika (t.v.) och Rolf Steffensson, Norge\" src=\"http:\/\/blogg.svenskakyrkan.se\/sigurhaf\/files\/2013\/08\/Samiska-kyrkodagar-167-300x196.jpg\" width=\"300\" height=\"196\" srcset=\"https:\/\/blogg.svenskakyrkan.se\/sigurhaf\/files\/2013\/08\/Samiska-kyrkodagar-167-300x196.jpg 300w, https:\/\/blogg.svenskakyrkan.se\/sigurhaf\/files\/2013\/08\/Samiska-kyrkodagar-167.jpg 640w\" sizes=\"auto, (max-width: 300px) 100vw, 300px\" \/><\/a><p id=\"caption-attachment-285\" class=\"wp-caption-text\">Rev. Michael Lapsley, Sydafrika (t.v.) och Rolf Steffensson, Norge<\/p><\/div>\n<p>Seminariet som Lapsley medverkade i handlade om f\u00f6rsoning. Men han f\u00f6redrar att tala om att l\u00e4ka minnen, eftersom det i sj\u00e4lva verket \u00e4r detta det hela handlar om. Att l\u00e4ka minnen, sa han, \u00e4r n\u00e5got man m\u00e5ste jobba med aktivt. Att tiden l\u00e4ker alla s\u00e5r, h\u00f6ll han inte med om.<\/p>\n<p>L\u00e4kningsprocessen som han arbetar med g\u00e5r ut p\u00e5 att man tr\u00e4ffas i mindre grupper och f\u00e5r tala om saken, b\u00e5da parter. B\u00e5da sidor har alltid sina s\u00e5r, \u00e4rr och skam som det \u00e4r viktigt att uttala och b\u00f6rja bearbeta. Endast d\u00e5 kommer man vidare.<\/p>\n","protected":false},"excerpt":{"rendered":"<p>Nu p\u00e5g\u00e5r det samiska kyrkodagar i Mo i Rana. Det \u00e4r en samling med seminarier, gudstj\u00e4nster, worshops, kulturevenemang och marknad. Idag bes\u00f6kte jag tv\u00e5 seminarier, det f\u00f6rsta p\u00e5 tema samer-kyrka och det andra p\u00e5 tema f\u00f6rsoning. Den samiska kulturen \u00e4r pr\u00e4glad av en andlighet med stark koppling till naturen, naturreligion. D\u00e4rf\u00f6r \u00e4r det m\u00e5nga som [&hellip;]<\/p>\n","protected":false},"author":103,"featured_media":0,"comment_status":"open","ping_status":"open","sticky":false,"template":"","format":"standard","meta":{"_acf_changed":false,"footnotes":""},"categories":[14308,14310,14309],"tags":[],"class_list":["post-282","post","type-post","status-publish","format-standard","hentry","category-flersprakighet","category-samer","category-urfolk"],"acf":[],"yoast_head":"<!-- This site is optimized with the Yoast SEO plugin v27.1.1 - https:\/\/yoast.com\/product\/yoast-seo-wordpress\/ -->\n<title>Hur man l\u00e4ker minnen - samiska kyrkodagar - Samtal i Damaskusporten<\/title>\n<meta name=\"robots\" content=\"index, follow, max-snippet:-1, max-image-preview:large, max-video-preview:-1\" \/>\n<link rel=\"canonical\" href=\"https:\/\/blogg.svenskakyrkan.se\/sigurhaf\/2013\/08\/09\/hur-man-laker-minnen-samiska-kyrkodagar\/\" \/>\n<meta property=\"og:locale\" content=\"sv_SE\" \/>\n<meta property=\"og:type\" content=\"article\" \/>\n<meta property=\"og:title\" content=\"Hur man l\u00e4ker minnen - samiska kyrkodagar - Samtal i Damaskusporten\" \/>\n<meta property=\"og:description\" content=\"Nu p\u00e5g\u00e5r det samiska kyrkodagar i Mo i Rana. Det \u00e4r en samling med seminarier, gudstj\u00e4nster, worshops, kulturevenemang och marknad. Idag bes\u00f6kte jag tv\u00e5 seminarier, det f\u00f6rsta p\u00e5 tema samer-kyrka och det andra p\u00e5 tema f\u00f6rsoning. Den samiska kulturen \u00e4r pr\u00e4glad av en andlighet med stark koppling till naturen, naturreligion. D\u00e4rf\u00f6r \u00e4r det m\u00e5nga som [&hellip;]\" \/>\n<meta property=\"og:url\" content=\"https:\/\/blogg.svenskakyrkan.se\/sigurhaf\/2013\/08\/09\/hur-man-laker-minnen-samiska-kyrkodagar\/\" \/>\n<meta property=\"og:site_name\" content=\"Samtal i Damaskusporten\" \/>\n<meta property=\"article:published_time\" content=\"2013-08-09T15:42:34+00:00\" \/>\n<meta property=\"og:image\" content=\"http:\/\/blogg.svenskakyrkan.se\/sigurhaf\/files\/2013\/08\/Samiska-kyrkodagar-134-200x300.jpg\" \/>\n<meta name=\"author\" content=\"Sigurdur Hafthorsson\" \/>\n<meta name=\"twitter:card\" content=\"summary_large_image\" \/>\n<meta name=\"twitter:label1\" content=\"Skriven av\" \/>\n\t<meta name=\"twitter:data1\" content=\"Sigurdur Hafthorsson\" \/>\n\t<meta name=\"twitter:label2\" content=\"Ber\u00e4knad l\u00e4stid\" \/>\n\t<meta name=\"twitter:data2\" content=\"3 minuter\" \/>\n<script type=\"application\/ld+json\" class=\"yoast-schema-graph\">{\"@context\":\"https:\/\/schema.org\",\"@graph\":[{\"@type\":\"Article\",\"@id\":\"https:\/\/blogg.svenskakyrkan.se\/sigurhaf\/2013\/08\/09\/hur-man-laker-minnen-samiska-kyrkodagar\/#article\",\"isPartOf\":{\"@id\":\"https:\/\/blogg.svenskakyrkan.se\/sigurhaf\/2013\/08\/09\/hur-man-laker-minnen-samiska-kyrkodagar\/\"},\"author\":{\"name\":\"Sigurdur Hafthorsson\",\"@id\":\"https:\/\/blogg.svenskakyrkan.se\/sigurhaf\/#\/schema\/person\/5ad3391a356006d50ac032b7b69c159d\"},\"headline\":\"Hur man l\u00e4ker minnen &#8211; samiska kyrkodagar\",\"datePublished\":\"2013-08-09T15:42:34+00:00\",\"mainEntityOfPage\":{\"@id\":\"https:\/\/blogg.svenskakyrkan.se\/sigurhaf\/2013\/08\/09\/hur-man-laker-minnen-samiska-kyrkodagar\/\"},\"wordCount\":648,\"commentCount\":0,\"image\":{\"@id\":\"https:\/\/blogg.svenskakyrkan.se\/sigurhaf\/2013\/08\/09\/hur-man-laker-minnen-samiska-kyrkodagar\/#primaryimage\"},\"thumbnailUrl\":\"http:\/\/blogg.svenskakyrkan.se\/sigurhaf\/files\/2013\/08\/Samiska-kyrkodagar-134-200x300.jpg\",\"articleSection\":[\"Flerspr\u00e5kighet\",\"Samer\",\"Urfolk\"],\"inLanguage\":\"sv-SE\",\"potentialAction\":[{\"@type\":\"CommentAction\",\"name\":\"Comment\",\"target\":[\"https:\/\/blogg.svenskakyrkan.se\/sigurhaf\/2013\/08\/09\/hur-man-laker-minnen-samiska-kyrkodagar\/#respond\"]}]},{\"@type\":\"WebPage\",\"@id\":\"https:\/\/blogg.svenskakyrkan.se\/sigurhaf\/2013\/08\/09\/hur-man-laker-minnen-samiska-kyrkodagar\/\",\"url\":\"https:\/\/blogg.svenskakyrkan.se\/sigurhaf\/2013\/08\/09\/hur-man-laker-minnen-samiska-kyrkodagar\/\",\"name\":\"Hur man l\u00e4ker minnen - samiska kyrkodagar - Samtal i Damaskusporten\",\"isPartOf\":{\"@id\":\"https:\/\/blogg.svenskakyrkan.se\/sigurhaf\/#website\"},\"primaryImageOfPage\":{\"@id\":\"https:\/\/blogg.svenskakyrkan.se\/sigurhaf\/2013\/08\/09\/hur-man-laker-minnen-samiska-kyrkodagar\/#primaryimage\"},\"image\":{\"@id\":\"https:\/\/blogg.svenskakyrkan.se\/sigurhaf\/2013\/08\/09\/hur-man-laker-minnen-samiska-kyrkodagar\/#primaryimage\"},\"thumbnailUrl\":\"http:\/\/blogg.svenskakyrkan.se\/sigurhaf\/files\/2013\/08\/Samiska-kyrkodagar-134-200x300.jpg\",\"datePublished\":\"2013-08-09T15:42:34+00:00\",\"author\":{\"@id\":\"https:\/\/blogg.svenskakyrkan.se\/sigurhaf\/#\/schema\/person\/5ad3391a356006d50ac032b7b69c159d\"},\"breadcrumb\":{\"@id\":\"https:\/\/blogg.svenskakyrkan.se\/sigurhaf\/2013\/08\/09\/hur-man-laker-minnen-samiska-kyrkodagar\/#breadcrumb\"},\"inLanguage\":\"sv-SE\",\"potentialAction\":[{\"@type\":\"ReadAction\",\"target\":[\"https:\/\/blogg.svenskakyrkan.se\/sigurhaf\/2013\/08\/09\/hur-man-laker-minnen-samiska-kyrkodagar\/\"]}]},{\"@type\":\"ImageObject\",\"inLanguage\":\"sv-SE\",\"@id\":\"https:\/\/blogg.svenskakyrkan.se\/sigurhaf\/2013\/08\/09\/hur-man-laker-minnen-samiska-kyrkodagar\/#primaryimage\",\"url\":\"https:\/\/blogg.svenskakyrkan.se\/sigurhaf\/files\/2013\/08\/Samiska-kyrkodagar-134.jpg\",\"contentUrl\":\"https:\/\/blogg.svenskakyrkan.se\/sigurhaf\/files\/2013\/08\/Samiska-kyrkodagar-134.jpg\",\"width\":427,\"height\":640,\"caption\":\"\u00d6ppningsgudstj\u00e4nst p\u00e5 samiska kyrkodagar\"},{\"@type\":\"BreadcrumbList\",\"@id\":\"https:\/\/blogg.svenskakyrkan.se\/sigurhaf\/2013\/08\/09\/hur-man-laker-minnen-samiska-kyrkodagar\/#breadcrumb\",\"itemListElement\":[{\"@type\":\"ListItem\",\"position\":1,\"name\":\"Hem\",\"item\":\"https:\/\/blogg.svenskakyrkan.se\/sigurhaf\/\"},{\"@type\":\"ListItem\",\"position\":2,\"name\":\"Hur man l\u00e4ker minnen &#8211; samiska kyrkodagar\"}]},{\"@type\":\"WebSite\",\"@id\":\"https:\/\/blogg.svenskakyrkan.se\/sigurhaf\/#website\",\"url\":\"https:\/\/blogg.svenskakyrkan.se\/sigurhaf\/\",\"name\":\"Samtal i Damaskusporten\",\"description\":\"I biblisk tid tr\u00e4ffades de \u00e4ldste och talade om dagens fr\u00e5gor i stadsporten. Nu fyller sociala medier denna funktion.\",\"potentialAction\":[{\"@type\":\"SearchAction\",\"target\":{\"@type\":\"EntryPoint\",\"urlTemplate\":\"https:\/\/blogg.svenskakyrkan.se\/sigurhaf\/?s={search_term_string}\"},\"query-input\":{\"@type\":\"PropertyValueSpecification\",\"valueRequired\":true,\"valueName\":\"search_term_string\"}}],\"inLanguage\":\"sv-SE\"},{\"@type\":\"Person\",\"@id\":\"https:\/\/blogg.svenskakyrkan.se\/sigurhaf\/#\/schema\/person\/5ad3391a356006d50ac032b7b69c159d\",\"name\":\"Sigurdur Hafthorsson\",\"image\":{\"@type\":\"ImageObject\",\"inLanguage\":\"sv-SE\",\"@id\":\"https:\/\/blogg.svenskakyrkan.se\/sigurhaf\/#\/schema\/person\/image\/\",\"url\":\"https:\/\/secure.gravatar.com\/avatar\/9555024efd78e4779967459adf0bcbd071e66739b61e5fd0e4409bb991d9fe0c?s=96&d=mm&r=g\",\"contentUrl\":\"https:\/\/secure.gravatar.com\/avatar\/9555024efd78e4779967459adf0bcbd071e66739b61e5fd0e4409bb991d9fe0c?s=96&d=mm&r=g\",\"caption\":\"Sigurdur Hafthorsson\"},\"description\":\"Teologisk sekreterare p\u00e5 kyrkokansliet i Uppsala\",\"url\":\"https:\/\/blogg.svenskakyrkan.se\/sigurhaf\/author\/sigurhaf\/\"}]}<\/script>\n<!-- \/ Yoast SEO plugin. -->","yoast_head_json":{"title":"Hur man l\u00e4ker minnen - samiska kyrkodagar - Samtal i Damaskusporten","robots":{"index":"index","follow":"follow","max-snippet":"max-snippet:-1","max-image-preview":"max-image-preview:large","max-video-preview":"max-video-preview:-1"},"canonical":"https:\/\/blogg.svenskakyrkan.se\/sigurhaf\/2013\/08\/09\/hur-man-laker-minnen-samiska-kyrkodagar\/","og_locale":"sv_SE","og_type":"article","og_title":"Hur man l\u00e4ker minnen - samiska kyrkodagar - Samtal i Damaskusporten","og_description":"Nu p\u00e5g\u00e5r det samiska kyrkodagar i Mo i Rana. Det \u00e4r en samling med seminarier, gudstj\u00e4nster, worshops, kulturevenemang och marknad. Idag bes\u00f6kte jag tv\u00e5 seminarier, det f\u00f6rsta p\u00e5 tema samer-kyrka och det andra p\u00e5 tema f\u00f6rsoning. Den samiska kulturen \u00e4r pr\u00e4glad av en andlighet med stark koppling till naturen, naturreligion. D\u00e4rf\u00f6r \u00e4r det m\u00e5nga som [&hellip;]","og_url":"https:\/\/blogg.svenskakyrkan.se\/sigurhaf\/2013\/08\/09\/hur-man-laker-minnen-samiska-kyrkodagar\/","og_site_name":"Samtal i Damaskusporten","article_published_time":"2013-08-09T15:42:34+00:00","og_image":[{"url":"http:\/\/blogg.svenskakyrkan.se\/sigurhaf\/files\/2013\/08\/Samiska-kyrkodagar-134-200x300.jpg","type":"","width":"","height":""}],"author":"Sigurdur Hafthorsson","twitter_card":"summary_large_image","twitter_misc":{"Skriven av":"Sigurdur Hafthorsson","Ber\u00e4knad l\u00e4stid":"3 minuter"},"schema":{"@context":"https:\/\/schema.org","@graph":[{"@type":"Article","@id":"https:\/\/blogg.svenskakyrkan.se\/sigurhaf\/2013\/08\/09\/hur-man-laker-minnen-samiska-kyrkodagar\/#article","isPartOf":{"@id":"https:\/\/blogg.svenskakyrkan.se\/sigurhaf\/2013\/08\/09\/hur-man-laker-minnen-samiska-kyrkodagar\/"},"author":{"name":"Sigurdur Hafthorsson","@id":"https:\/\/blogg.svenskakyrkan.se\/sigurhaf\/#\/schema\/person\/5ad3391a356006d50ac032b7b69c159d"},"headline":"Hur man l\u00e4ker minnen &#8211; samiska kyrkodagar","datePublished":"2013-08-09T15:42:34+00:00","mainEntityOfPage":{"@id":"https:\/\/blogg.svenskakyrkan.se\/sigurhaf\/2013\/08\/09\/hur-man-laker-minnen-samiska-kyrkodagar\/"},"wordCount":648,"commentCount":0,"image":{"@id":"https:\/\/blogg.svenskakyrkan.se\/sigurhaf\/2013\/08\/09\/hur-man-laker-minnen-samiska-kyrkodagar\/#primaryimage"},"thumbnailUrl":"http:\/\/blogg.svenskakyrkan.se\/sigurhaf\/files\/2013\/08\/Samiska-kyrkodagar-134-200x300.jpg","articleSection":["Flerspr\u00e5kighet","Samer","Urfolk"],"inLanguage":"sv-SE","potentialAction":[{"@type":"CommentAction","name":"Comment","target":["https:\/\/blogg.svenskakyrkan.se\/sigurhaf\/2013\/08\/09\/hur-man-laker-minnen-samiska-kyrkodagar\/#respond"]}]},{"@type":"WebPage","@id":"https:\/\/blogg.svenskakyrkan.se\/sigurhaf\/2013\/08\/09\/hur-man-laker-minnen-samiska-kyrkodagar\/","url":"https:\/\/blogg.svenskakyrkan.se\/sigurhaf\/2013\/08\/09\/hur-man-laker-minnen-samiska-kyrkodagar\/","name":"Hur man l\u00e4ker minnen - samiska kyrkodagar - Samtal i Damaskusporten","isPartOf":{"@id":"https:\/\/blogg.svenskakyrkan.se\/sigurhaf\/#website"},"primaryImageOfPage":{"@id":"https:\/\/blogg.svenskakyrkan.se\/sigurhaf\/2013\/08\/09\/hur-man-laker-minnen-samiska-kyrkodagar\/#primaryimage"},"image":{"@id":"https:\/\/blogg.svenskakyrkan.se\/sigurhaf\/2013\/08\/09\/hur-man-laker-minnen-samiska-kyrkodagar\/#primaryimage"},"thumbnailUrl":"http:\/\/blogg.svenskakyrkan.se\/sigurhaf\/files\/2013\/08\/Samiska-kyrkodagar-134-200x300.jpg","datePublished":"2013-08-09T15:42:34+00:00","author":{"@id":"https:\/\/blogg.svenskakyrkan.se\/sigurhaf\/#\/schema\/person\/5ad3391a356006d50ac032b7b69c159d"},"breadcrumb":{"@id":"https:\/\/blogg.svenskakyrkan.se\/sigurhaf\/2013\/08\/09\/hur-man-laker-minnen-samiska-kyrkodagar\/#breadcrumb"},"inLanguage":"sv-SE","potentialAction":[{"@type":"ReadAction","target":["https:\/\/blogg.svenskakyrkan.se\/sigurhaf\/2013\/08\/09\/hur-man-laker-minnen-samiska-kyrkodagar\/"]}]},{"@type":"ImageObject","inLanguage":"sv-SE","@id":"https:\/\/blogg.svenskakyrkan.se\/sigurhaf\/2013\/08\/09\/hur-man-laker-minnen-samiska-kyrkodagar\/#primaryimage","url":"https:\/\/blogg.svenskakyrkan.se\/sigurhaf\/files\/2013\/08\/Samiska-kyrkodagar-134.jpg","contentUrl":"https:\/\/blogg.svenskakyrkan.se\/sigurhaf\/files\/2013\/08\/Samiska-kyrkodagar-134.jpg","width":427,"height":640,"caption":"\u00d6ppningsgudstj\u00e4nst p\u00e5 samiska kyrkodagar"},{"@type":"BreadcrumbList","@id":"https:\/\/blogg.svenskakyrkan.se\/sigurhaf\/2013\/08\/09\/hur-man-laker-minnen-samiska-kyrkodagar\/#breadcrumb","itemListElement":[{"@type":"ListItem","position":1,"name":"Hem","item":"https:\/\/blogg.svenskakyrkan.se\/sigurhaf\/"},{"@type":"ListItem","position":2,"name":"Hur man l\u00e4ker minnen &#8211; samiska kyrkodagar"}]},{"@type":"WebSite","@id":"https:\/\/blogg.svenskakyrkan.se\/sigurhaf\/#website","url":"https:\/\/blogg.svenskakyrkan.se\/sigurhaf\/","name":"Samtal i Damaskusporten","description":"I biblisk tid tr\u00e4ffades de \u00e4ldste och talade om dagens fr\u00e5gor i stadsporten. Nu fyller sociala medier denna funktion.","potentialAction":[{"@type":"SearchAction","target":{"@type":"EntryPoint","urlTemplate":"https:\/\/blogg.svenskakyrkan.se\/sigurhaf\/?s={search_term_string}"},"query-input":{"@type":"PropertyValueSpecification","valueRequired":true,"valueName":"search_term_string"}}],"inLanguage":"sv-SE"},{"@type":"Person","@id":"https:\/\/blogg.svenskakyrkan.se\/sigurhaf\/#\/schema\/person\/5ad3391a356006d50ac032b7b69c159d","name":"Sigurdur Hafthorsson","image":{"@type":"ImageObject","inLanguage":"sv-SE","@id":"https:\/\/blogg.svenskakyrkan.se\/sigurhaf\/#\/schema\/person\/image\/","url":"https:\/\/secure.gravatar.com\/avatar\/9555024efd78e4779967459adf0bcbd071e66739b61e5fd0e4409bb991d9fe0c?s=96&d=mm&r=g","contentUrl":"https:\/\/secure.gravatar.com\/avatar\/9555024efd78e4779967459adf0bcbd071e66739b61e5fd0e4409bb991d9fe0c?s=96&d=mm&r=g","caption":"Sigurdur Hafthorsson"},"description":"Teologisk sekreterare p\u00e5 kyrkokansliet i Uppsala","url":"https:\/\/blogg.svenskakyrkan.se\/sigurhaf\/author\/sigurhaf\/"}]}},"author_meta":{"ID":"103","user_nicename":"sigurhaf","user_registered":"2011-10-04 08:33:14","display_name":"Sigurdur Hafthorsson","first_name":"Sigurdur","last_name":"Hafthorsson","avatar":"https:\/\/secure.gravatar.com\/avatar\/9555024efd78e4779967459adf0bcbd071e66739b61e5fd0e4409bb991d9fe0c?s=96&d=mm&r=g"},"featured_image":false,"bloginfo":{"name":"Samtal i Damaskusporten","url":"https:\/\/blogg.svenskakyrkan.se\/sigurhaf"},"_links":{"self":[{"href":"https:\/\/blogg.svenskakyrkan.se\/sigurhaf\/wp-json\/wp\/v2\/posts\/282","targetHints":{"allow":["GET"]}}],"collection":[{"href":"https:\/\/blogg.svenskakyrkan.se\/sigurhaf\/wp-json\/wp\/v2\/posts"}],"about":[{"href":"https:\/\/blogg.svenskakyrkan.se\/sigurhaf\/wp-json\/wp\/v2\/types\/post"}],"author":[{"embeddable":true,"href":"https:\/\/blogg.svenskakyrkan.se\/sigurhaf\/wp-json\/wp\/v2\/users\/103"}],"replies":[{"embeddable":true,"href":"https:\/\/blogg.svenskakyrkan.se\/sigurhaf\/wp-json\/wp\/v2\/comments?post=282"}],"version-history":[{"count":5,"href":"https:\/\/blogg.svenskakyrkan.se\/sigurhaf\/wp-json\/wp\/v2\/posts\/282\/revisions"}],"predecessor-version":[{"id":290,"href":"https:\/\/blogg.svenskakyrkan.se\/sigurhaf\/wp-json\/wp\/v2\/posts\/282\/revisions\/290"}],"wp:attachment":[{"href":"https:\/\/blogg.svenskakyrkan.se\/sigurhaf\/wp-json\/wp\/v2\/media?parent=282"}],"wp:term":[{"taxonomy":"category","embeddable":true,"href":"https:\/\/blogg.svenskakyrkan.se\/sigurhaf\/wp-json\/wp\/v2\/categories?post=282"},{"taxonomy":"post_tag","embeddable":true,"href":"https:\/\/blogg.svenskakyrkan.se\/sigurhaf\/wp-json\/wp\/v2\/tags?post=282"}],"curies":[{"name":"wp","href":"https:\/\/api.w.org\/{rel}","templated":true}]}}