{"id":299,"date":"2014-03-15T17:30:31","date_gmt":"2014-03-15T16:30:31","guid":{"rendered":"http:\/\/blogg.svenskakyrkan.se\/sigurhaf\/?p=299"},"modified":"2014-03-15T17:30:31","modified_gmt":"2014-03-15T16:30:31","slug":"en-dag-i-nikkaluokta","status":"publish","type":"post","link":"https:\/\/blogg.svenskakyrkan.se\/sigurhaf\/2014\/03\/15\/en-dag-i-nikkaluokta\/","title":{"rendered":"En dag i Nikkaluokta"},"content":{"rendered":"<p>I f\u00f6rg\u00e5r landade vi i Kiruna, jag och Fredrik fr\u00e5n kyrkokansliet och v\u00e5ra fyra g\u00e4ster fr\u00e5n Brasilien som jag skrev om i mitt f\u00f6rra blogginl\u00e4gg.<\/p>\n<p>Det var min f\u00f6rsta g\u00e5ng i Kiruna och det omedelbara intrycket var f\u00f6rst\u00e5s: h\u00e4r \u00e4r gruvan!<\/p>\n<div id=\"attachment_302\" style=\"width: 310px\" class=\"wp-caption alignright\"><a href=\"http:\/\/blogg.svenskakyrkan.se\/sigurhaf\/files\/2014\/03\/IMG_2729.jpg\"><img loading=\"lazy\" decoding=\"async\" aria-describedby=\"caption-attachment-302\" class=\"size-medium wp-image-302\" alt=\"IMG_2729\" src=\"http:\/\/blogg.svenskakyrkan.se\/sigurhaf\/files\/2014\/03\/IMG_2729-300x200.jpg\" width=\"300\" height=\"200\" srcset=\"https:\/\/blogg.svenskakyrkan.se\/sigurhaf\/files\/2014\/03\/IMG_2729-300x200.jpg 300w, https:\/\/blogg.svenskakyrkan.se\/sigurhaf\/files\/2014\/03\/IMG_2729-1024x682.jpg 1024w\" sizes=\"auto, (max-width: 300px) 100vw, 300px\" \/><\/a><p id=\"caption-attachment-302\" class=\"wp-caption-text\">Utanf\u00f6r Sarris restaurang<\/p><\/div>\n<p>Men innan jag hann t\u00e4nka p\u00e5 det n\u00e4rmare gav vi oss iv\u00e4g v\u00e4sterut till Nikkaluokta en timmes bilresa. Dit \u00e5kte vi f\u00f6r att f\u00e5 l\u00e4ra oss mer om platsens samiska historia och f\u00e5 exempel fr\u00e5gor samer brottas med i dagens Sverige.<\/p>\n<p>Ylva Sarri fr\u00e5n Samiska r\u00e5det i Svenska kyrkan som v\u00e4xt upp i &#8217;Nikka&#8217; ber\u00e4ttade f\u00f6r oss hur hennes familj f\u00f6rst b\u00f6rjade ta emot g\u00e4ster som var sugna p\u00e5 friluften i fj\u00e4llen och hur folkstr\u00f6mmen \u00f6kade och de b\u00f6rjade ta betalt f\u00f6r mat och husrum och stugby och restaurang uppstod med tiden.<\/p>\n<div id=\"attachment_303\" style=\"width: 210px\" class=\"wp-caption alignright\"><a href=\"http:\/\/blogg.svenskakyrkan.se\/sigurhaf\/files\/2014\/03\/IMG_2739.jpg\"><img loading=\"lazy\" decoding=\"async\" aria-describedby=\"caption-attachment-303\" class=\"size-medium wp-image-303\" alt=\"Kr\u00e5nglande l\u00e5s till kapellet\" src=\"http:\/\/blogg.svenskakyrkan.se\/sigurhaf\/files\/2014\/03\/IMG_2739-200x300.jpg\" width=\"200\" height=\"300\" srcset=\"https:\/\/blogg.svenskakyrkan.se\/sigurhaf\/files\/2014\/03\/IMG_2739-200x300.jpg 200w, https:\/\/blogg.svenskakyrkan.se\/sigurhaf\/files\/2014\/03\/IMG_2739-682x1024.jpg 682w\" sizes=\"auto, (max-width: 200px) 100vw, 200px\" \/><\/a><p id=\"caption-attachment-303\" class=\"wp-caption-text\">Kr\u00e5nglande l\u00e5s till kapellet<\/p><\/div>\n<p>Vi skulle bes\u00f6ka kapellet men l\u00e5set kr\u00e5nglade s\u00e5 vi stod ist\u00e4llet ute i vackra naturen (och sn\u00e5lbl\u00e5sten) och fick h\u00f6ra historian om dess tillkomst. Ylva ber\u00e4ttade att kapellet byggdes p\u00e5 initiativ av De lappl\u00e4ndska fj\u00e4llkarlarnas klubb som tack f\u00f6r vad\u00a0fj\u00e4llen och fj\u00e4llbygdens m\u00e4nniskor gett dem. Denna klubb f\u00f6rtj\u00e4nar nog en egen bok, men medlammar var de som var f\u00f6rst att bestiga ett fj\u00e4ll \u00f6ver 2000 m! En exklusiv klubb som nu sedan l\u00e4nge \u00e4r nedlagt pga medlemmarnas naturliga avg\u00e5ng.<\/p>\n<div id=\"attachment_310\" style=\"width: 310px\" class=\"wp-caption alignright\"><a href=\"http:\/\/blogg.svenskakyrkan.se\/sigurhaf\/files\/2014\/03\/IMG_2742.jpg\"><img loading=\"lazy\" decoding=\"async\" aria-describedby=\"caption-attachment-310\" class=\"size-medium wp-image-310 \" alt=\"Jocelino med Kebnekaisa n\u00e5gonstans i molnen en bit bort...\" src=\"http:\/\/blogg.svenskakyrkan.se\/sigurhaf\/files\/2014\/03\/IMG_2742-300x200.jpg\" width=\"300\" height=\"200\" srcset=\"https:\/\/blogg.svenskakyrkan.se\/sigurhaf\/files\/2014\/03\/IMG_2742-300x200.jpg 300w, https:\/\/blogg.svenskakyrkan.se\/sigurhaf\/files\/2014\/03\/IMG_2742-1024x682.jpg 1024w\" sizes=\"auto, (max-width: 300px) 100vw, 300px\" \/><\/a><p id=\"caption-attachment-310\" class=\"wp-caption-text\">Jocelino med Kebnekaisa n\u00e5gonstans i molnen en bit bort&#8230;<\/p><\/div>\n<p>Ovan f\u00f6r restaurangen finns f\u00f6r tillf\u00e4llet en utst\u00e4llning \u00f6ver protesterna i somras mot gruvplaner i Kallak. Det \u00e4r en oerh\u00f6rt stark uts\u00e4llning och visar p\u00e5 hur gruvfr\u00e5gorna sliter och drar i den samiska kulturen, renn\u00e4ringen.<\/p>\n<div id=\"attachment_305\" style=\"width: 310px\" class=\"wp-caption alignright\"><a href=\"http:\/\/blogg.svenskakyrkan.se\/sigurhaf\/files\/2014\/03\/IMG_2756.jpg\"><img loading=\"lazy\" decoding=\"async\" aria-describedby=\"caption-attachment-305\" class=\"size-medium wp-image-305 \" alt=\"IMG_2756\" src=\"http:\/\/blogg.svenskakyrkan.se\/sigurhaf\/files\/2014\/03\/IMG_2756-300x200.jpg\" width=\"300\" height=\"200\" srcset=\"https:\/\/blogg.svenskakyrkan.se\/sigurhaf\/files\/2014\/03\/IMG_2756-300x200.jpg 300w, https:\/\/blogg.svenskakyrkan.se\/sigurhaf\/files\/2014\/03\/IMG_2756-1024x682.jpg 1024w\" sizes=\"auto, (max-width: 300px) 100vw, 300px\" \/><\/a><p id=\"caption-attachment-305\" class=\"wp-caption-text\">Utst\u00e4llning om protesterna mot gruvdrift i Kallok 2013<\/p><\/div>\n<div id=\"attachment_306\" style=\"width: 310px\" class=\"wp-caption alignright\"><a href=\"http:\/\/blogg.svenskakyrkan.se\/sigurhaf\/files\/2014\/03\/IMG_2757.jpg\"><img loading=\"lazy\" decoding=\"async\" aria-describedby=\"caption-attachment-306\" class=\"size-medium wp-image-306\" alt=\"IMG_2757\" src=\"http:\/\/blogg.svenskakyrkan.se\/sigurhaf\/files\/2014\/03\/IMG_2757-300x200.jpg\" width=\"300\" height=\"200\" srcset=\"https:\/\/blogg.svenskakyrkan.se\/sigurhaf\/files\/2014\/03\/IMG_2757-300x200.jpg 300w, https:\/\/blogg.svenskakyrkan.se\/sigurhaf\/files\/2014\/03\/IMG_2757-1024x682.jpg 1024w\" sizes=\"auto, (max-width: 300px) 100vw, 300px\" \/><\/a><p id=\"caption-attachment-306\" class=\"wp-caption-text\">Merong och Jocelino s\u00e5g stora likheter med gruvproterser och sina egna protester mot skogssk\u00f6vling i Brasilien.<\/p><\/div>\n<p>Efter en h\u00e4rlig renskavsmiddag \u00a0vid levande ljus (det bl\u00e5ste mycket och elen kom av och p\u00e5) p\u00e5 Sarris restaurang bj\u00f6d hon oss hem d\u00e4r vi hade l\u00e5nga diskussioner om bland annat renens roll i den samiska kulturen, tidigare och idag. Renen \u00e4r n\u00e5got som rensk\u00f6taren lever med, v\u00e5rdar och f\u00f6ljer genom livet. Den ger tillbaka mat och v\u00e4rme. Man anv\u00e4nder traditionellt hela djuren n\u00e4r det slaktas, inget ska f\u00f6rfaras, det vore inte respektfullt mot djuret. Blod och k\u00f6tt anv\u00e4nder man i matlagning, skinnet g\u00f6r man kl\u00e4der utav, hornen anv\u00e4nder man f\u00f6r handverk osv.<\/p>\n<p>En h\u00e4rlig j\u00e4mf\u00f6relse uppstod n\u00e4r jag fr\u00e5gade brasilianska urfolken om det fanns n\u00e5got liknande i deras kultur. Nja, om n\u00e5got s\u00e5 \u00e4r det kokospalmen, kokosn\u00f6ten ger b\u00e5de kokosmj\u00f6k dricka och kokosk\u00f6ttet att \u00e4ta. Stammen anv\u00e4nder man f\u00f6r att bygga hus och bladen blir taket p\u00e5 huset&#8230;<\/p>\n<div id=\"attachment_312\" style=\"width: 310px\" class=\"wp-caption alignright\"><a href=\"http:\/\/blogg.svenskakyrkan.se\/sigurhaf\/files\/2014\/03\/IMG_2761.jpg\"><img loading=\"lazy\" decoding=\"async\" aria-describedby=\"caption-attachment-312\" class=\"size-medium wp-image-312\" alt=\"Hemma hos Ylva\" src=\"http:\/\/blogg.svenskakyrkan.se\/sigurhaf\/files\/2014\/03\/IMG_2761-300x200.jpg\" width=\"300\" height=\"200\" srcset=\"https:\/\/blogg.svenskakyrkan.se\/sigurhaf\/files\/2014\/03\/IMG_2761-300x200.jpg 300w, https:\/\/blogg.svenskakyrkan.se\/sigurhaf\/files\/2014\/03\/IMG_2761-1024x682.jpg 1024w\" sizes=\"auto, (max-width: 300px) 100vw, 300px\" \/><\/a><p id=\"caption-attachment-312\" class=\"wp-caption-text\">Hemma hos Ylva<\/p><\/div>\n<div id=\"attachment_313\" style=\"width: 310px\" class=\"wp-caption alignright\"><a href=\"http:\/\/blogg.svenskakyrkan.se\/sigurhaf\/files\/2014\/03\/IMG_2751.jpg\"><img loading=\"lazy\" decoding=\"async\" aria-describedby=\"caption-attachment-313\" class=\"size-medium wp-image-313 \" alt=\"Merong och Hans\" src=\"http:\/\/blogg.svenskakyrkan.se\/sigurhaf\/files\/2014\/03\/IMG_2751-300x200.jpg\" width=\"300\" height=\"200\" srcset=\"https:\/\/blogg.svenskakyrkan.se\/sigurhaf\/files\/2014\/03\/IMG_2751-300x200.jpg 300w, https:\/\/blogg.svenskakyrkan.se\/sigurhaf\/files\/2014\/03\/IMG_2751-1024x682.jpg 1024w\" sizes=\"auto, (max-width: 300px) 100vw, 300px\" \/><\/a><p id=\"caption-attachment-313\" class=\"wp-caption-text\">Merong och Hans<\/p><\/div>\n<p><a href=\"http:\/\/blogg.svenskakyrkan.se\/sigurhaf\/files\/2014\/03\/IMG_2752.jpg\"><img loading=\"lazy\" decoding=\"async\" class=\"size-medium wp-image-314 alignright\" title=\"Renate\" alt=\"\" src=\"http:\/\/blogg.svenskakyrkan.se\/sigurhaf\/files\/2014\/03\/IMG_2752-200x300.jpg\" width=\"200\" height=\"300\" srcset=\"https:\/\/blogg.svenskakyrkan.se\/sigurhaf\/files\/2014\/03\/IMG_2752-200x300.jpg 200w, https:\/\/blogg.svenskakyrkan.se\/sigurhaf\/files\/2014\/03\/IMG_2752-682x1024.jpg 682w\" sizes=\"auto, (max-width: 200px) 100vw, 200px\" \/><\/a><\/p>\n","protected":false},"excerpt":{"rendered":"<p>I f\u00f6rg\u00e5r landade vi i Kiruna, jag och Fredrik fr\u00e5n kyrkokansliet och v\u00e5ra fyra g\u00e4ster fr\u00e5n Brasilien som jag skrev om i mitt f\u00f6rra blogginl\u00e4gg. Det var min f\u00f6rsta g\u00e5ng i Kiruna och det omedelbara intrycket var f\u00f6rst\u00e5s: h\u00e4r \u00e4r gruvan! Men innan jag hann t\u00e4nka p\u00e5 det n\u00e4rmare gav vi oss iv\u00e4g v\u00e4sterut till [&hellip;]<\/p>\n","protected":false},"author":103,"featured_media":0,"comment_status":"open","ping_status":"open","sticky":false,"template":"","format":"standard","meta":{"_acf_changed":false,"footnotes":""},"categories":[14308,9,14310,14309],"tags":[],"class_list":["post-299","post","type-post","status-publish","format-standard","hentry","category-flersprakighet","category-okategoriserade","category-samer","category-urfolk"],"acf":[],"yoast_head":"<!-- This site is optimized with the Yoast SEO plugin v27.1.1 - https:\/\/yoast.com\/product\/yoast-seo-wordpress\/ -->\n<title>En dag i Nikkaluokta - Samtal i Damaskusporten<\/title>\n<meta name=\"robots\" content=\"index, follow, max-snippet:-1, max-image-preview:large, max-video-preview:-1\" \/>\n<link rel=\"canonical\" href=\"https:\/\/blogg.svenskakyrkan.se\/sigurhaf\/2014\/03\/15\/en-dag-i-nikkaluokta\/\" \/>\n<meta property=\"og:locale\" content=\"sv_SE\" \/>\n<meta property=\"og:type\" content=\"article\" \/>\n<meta property=\"og:title\" content=\"En dag i Nikkaluokta - Samtal i Damaskusporten\" \/>\n<meta property=\"og:description\" content=\"I f\u00f6rg\u00e5r landade vi i Kiruna, jag och Fredrik fr\u00e5n kyrkokansliet och v\u00e5ra fyra g\u00e4ster fr\u00e5n Brasilien som jag skrev om i mitt f\u00f6rra blogginl\u00e4gg. Det var min f\u00f6rsta g\u00e5ng i Kiruna och det omedelbara intrycket var f\u00f6rst\u00e5s: h\u00e4r \u00e4r gruvan! Men innan jag hann t\u00e4nka p\u00e5 det n\u00e4rmare gav vi oss iv\u00e4g v\u00e4sterut till [&hellip;]\" \/>\n<meta property=\"og:url\" content=\"https:\/\/blogg.svenskakyrkan.se\/sigurhaf\/2014\/03\/15\/en-dag-i-nikkaluokta\/\" \/>\n<meta property=\"og:site_name\" content=\"Samtal i Damaskusporten\" \/>\n<meta property=\"article:published_time\" content=\"2014-03-15T16:30:31+00:00\" \/>\n<meta property=\"og:image\" content=\"http:\/\/blogg.svenskakyrkan.se\/sigurhaf\/files\/2014\/03\/IMG_2729-300x200.jpg\" \/>\n<meta name=\"author\" content=\"Sigurdur Hafthorsson\" \/>\n<meta name=\"twitter:card\" content=\"summary_large_image\" \/>\n<meta name=\"twitter:label1\" content=\"Skriven av\" \/>\n\t<meta name=\"twitter:data1\" content=\"Sigurdur Hafthorsson\" \/>\n\t<meta name=\"twitter:label2\" content=\"Ber\u00e4knad l\u00e4stid\" \/>\n\t<meta name=\"twitter:data2\" content=\"3 minuter\" \/>\n<script type=\"application\/ld+json\" class=\"yoast-schema-graph\">{\"@context\":\"https:\/\/schema.org\",\"@graph\":[{\"@type\":\"Article\",\"@id\":\"https:\/\/blogg.svenskakyrkan.se\/sigurhaf\/2014\/03\/15\/en-dag-i-nikkaluokta\/#article\",\"isPartOf\":{\"@id\":\"https:\/\/blogg.svenskakyrkan.se\/sigurhaf\/2014\/03\/15\/en-dag-i-nikkaluokta\/\"},\"author\":{\"name\":\"Sigurdur Hafthorsson\",\"@id\":\"https:\/\/blogg.svenskakyrkan.se\/sigurhaf\/#\/schema\/person\/5ad3391a356006d50ac032b7b69c159d\"},\"headline\":\"En dag i Nikkaluokta\",\"datePublished\":\"2014-03-15T16:30:31+00:00\",\"mainEntityOfPage\":{\"@id\":\"https:\/\/blogg.svenskakyrkan.se\/sigurhaf\/2014\/03\/15\/en-dag-i-nikkaluokta\/\"},\"wordCount\":583,\"commentCount\":0,\"image\":{\"@id\":\"https:\/\/blogg.svenskakyrkan.se\/sigurhaf\/2014\/03\/15\/en-dag-i-nikkaluokta\/#primaryimage\"},\"thumbnailUrl\":\"http:\/\/blogg.svenskakyrkan.se\/sigurhaf\/files\/2014\/03\/IMG_2729-300x200.jpg\",\"articleSection\":{\"0\":\"Flerspr\u00e5kighet\",\"2\":\"Samer\",\"3\":\"Urfolk\"},\"inLanguage\":\"sv-SE\",\"potentialAction\":[{\"@type\":\"CommentAction\",\"name\":\"Comment\",\"target\":[\"https:\/\/blogg.svenskakyrkan.se\/sigurhaf\/2014\/03\/15\/en-dag-i-nikkaluokta\/#respond\"]}]},{\"@type\":\"WebPage\",\"@id\":\"https:\/\/blogg.svenskakyrkan.se\/sigurhaf\/2014\/03\/15\/en-dag-i-nikkaluokta\/\",\"url\":\"https:\/\/blogg.svenskakyrkan.se\/sigurhaf\/2014\/03\/15\/en-dag-i-nikkaluokta\/\",\"name\":\"En dag i Nikkaluokta - Samtal i Damaskusporten\",\"isPartOf\":{\"@id\":\"https:\/\/blogg.svenskakyrkan.se\/sigurhaf\/#website\"},\"primaryImageOfPage\":{\"@id\":\"https:\/\/blogg.svenskakyrkan.se\/sigurhaf\/2014\/03\/15\/en-dag-i-nikkaluokta\/#primaryimage\"},\"image\":{\"@id\":\"https:\/\/blogg.svenskakyrkan.se\/sigurhaf\/2014\/03\/15\/en-dag-i-nikkaluokta\/#primaryimage\"},\"thumbnailUrl\":\"http:\/\/blogg.svenskakyrkan.se\/sigurhaf\/files\/2014\/03\/IMG_2729-300x200.jpg\",\"datePublished\":\"2014-03-15T16:30:31+00:00\",\"author\":{\"@id\":\"https:\/\/blogg.svenskakyrkan.se\/sigurhaf\/#\/schema\/person\/5ad3391a356006d50ac032b7b69c159d\"},\"breadcrumb\":{\"@id\":\"https:\/\/blogg.svenskakyrkan.se\/sigurhaf\/2014\/03\/15\/en-dag-i-nikkaluokta\/#breadcrumb\"},\"inLanguage\":\"sv-SE\",\"potentialAction\":[{\"@type\":\"ReadAction\",\"target\":[\"https:\/\/blogg.svenskakyrkan.se\/sigurhaf\/2014\/03\/15\/en-dag-i-nikkaluokta\/\"]}]},{\"@type\":\"ImageObject\",\"inLanguage\":\"sv-SE\",\"@id\":\"https:\/\/blogg.svenskakyrkan.se\/sigurhaf\/2014\/03\/15\/en-dag-i-nikkaluokta\/#primaryimage\",\"url\":\"https:\/\/blogg.svenskakyrkan.se\/sigurhaf\/files\/2014\/03\/IMG_2729.jpg\",\"contentUrl\":\"https:\/\/blogg.svenskakyrkan.se\/sigurhaf\/files\/2014\/03\/IMG_2729.jpg\",\"width\":4272,\"height\":2848},{\"@type\":\"BreadcrumbList\",\"@id\":\"https:\/\/blogg.svenskakyrkan.se\/sigurhaf\/2014\/03\/15\/en-dag-i-nikkaluokta\/#breadcrumb\",\"itemListElement\":[{\"@type\":\"ListItem\",\"position\":1,\"name\":\"Hem\",\"item\":\"https:\/\/blogg.svenskakyrkan.se\/sigurhaf\/\"},{\"@type\":\"ListItem\",\"position\":2,\"name\":\"En dag i Nikkaluokta\"}]},{\"@type\":\"WebSite\",\"@id\":\"https:\/\/blogg.svenskakyrkan.se\/sigurhaf\/#website\",\"url\":\"https:\/\/blogg.svenskakyrkan.se\/sigurhaf\/\",\"name\":\"Samtal i Damaskusporten\",\"description\":\"I biblisk tid tr\u00e4ffades de \u00e4ldste och talade om dagens fr\u00e5gor i stadsporten. Nu fyller sociala medier denna funktion.\",\"potentialAction\":[{\"@type\":\"SearchAction\",\"target\":{\"@type\":\"EntryPoint\",\"urlTemplate\":\"https:\/\/blogg.svenskakyrkan.se\/sigurhaf\/?s={search_term_string}\"},\"query-input\":{\"@type\":\"PropertyValueSpecification\",\"valueRequired\":true,\"valueName\":\"search_term_string\"}}],\"inLanguage\":\"sv-SE\"},{\"@type\":\"Person\",\"@id\":\"https:\/\/blogg.svenskakyrkan.se\/sigurhaf\/#\/schema\/person\/5ad3391a356006d50ac032b7b69c159d\",\"name\":\"Sigurdur Hafthorsson\",\"image\":{\"@type\":\"ImageObject\",\"inLanguage\":\"sv-SE\",\"@id\":\"https:\/\/blogg.svenskakyrkan.se\/sigurhaf\/#\/schema\/person\/image\/\",\"url\":\"https:\/\/secure.gravatar.com\/avatar\/9555024efd78e4779967459adf0bcbd071e66739b61e5fd0e4409bb991d9fe0c?s=96&d=mm&r=g\",\"contentUrl\":\"https:\/\/secure.gravatar.com\/avatar\/9555024efd78e4779967459adf0bcbd071e66739b61e5fd0e4409bb991d9fe0c?s=96&d=mm&r=g\",\"caption\":\"Sigurdur Hafthorsson\"},\"description\":\"Teologisk sekreterare p\u00e5 kyrkokansliet i Uppsala\",\"url\":\"https:\/\/blogg.svenskakyrkan.se\/sigurhaf\/author\/sigurhaf\/\"}]}<\/script>\n<!-- \/ Yoast SEO plugin. -->","yoast_head_json":{"title":"En dag i Nikkaluokta - Samtal i Damaskusporten","robots":{"index":"index","follow":"follow","max-snippet":"max-snippet:-1","max-image-preview":"max-image-preview:large","max-video-preview":"max-video-preview:-1"},"canonical":"https:\/\/blogg.svenskakyrkan.se\/sigurhaf\/2014\/03\/15\/en-dag-i-nikkaluokta\/","og_locale":"sv_SE","og_type":"article","og_title":"En dag i Nikkaluokta - Samtal i Damaskusporten","og_description":"I f\u00f6rg\u00e5r landade vi i Kiruna, jag och Fredrik fr\u00e5n kyrkokansliet och v\u00e5ra fyra g\u00e4ster fr\u00e5n Brasilien som jag skrev om i mitt f\u00f6rra blogginl\u00e4gg. Det var min f\u00f6rsta g\u00e5ng i Kiruna och det omedelbara intrycket var f\u00f6rst\u00e5s: h\u00e4r \u00e4r gruvan! Men innan jag hann t\u00e4nka p\u00e5 det n\u00e4rmare gav vi oss iv\u00e4g v\u00e4sterut till [&hellip;]","og_url":"https:\/\/blogg.svenskakyrkan.se\/sigurhaf\/2014\/03\/15\/en-dag-i-nikkaluokta\/","og_site_name":"Samtal i Damaskusporten","article_published_time":"2014-03-15T16:30:31+00:00","og_image":[{"url":"http:\/\/blogg.svenskakyrkan.se\/sigurhaf\/files\/2014\/03\/IMG_2729-300x200.jpg","type":"","width":"","height":""}],"author":"Sigurdur Hafthorsson","twitter_card":"summary_large_image","twitter_misc":{"Skriven av":"Sigurdur Hafthorsson","Ber\u00e4knad l\u00e4stid":"3 minuter"},"schema":{"@context":"https:\/\/schema.org","@graph":[{"@type":"Article","@id":"https:\/\/blogg.svenskakyrkan.se\/sigurhaf\/2014\/03\/15\/en-dag-i-nikkaluokta\/#article","isPartOf":{"@id":"https:\/\/blogg.svenskakyrkan.se\/sigurhaf\/2014\/03\/15\/en-dag-i-nikkaluokta\/"},"author":{"name":"Sigurdur Hafthorsson","@id":"https:\/\/blogg.svenskakyrkan.se\/sigurhaf\/#\/schema\/person\/5ad3391a356006d50ac032b7b69c159d"},"headline":"En dag i Nikkaluokta","datePublished":"2014-03-15T16:30:31+00:00","mainEntityOfPage":{"@id":"https:\/\/blogg.svenskakyrkan.se\/sigurhaf\/2014\/03\/15\/en-dag-i-nikkaluokta\/"},"wordCount":583,"commentCount":0,"image":{"@id":"https:\/\/blogg.svenskakyrkan.se\/sigurhaf\/2014\/03\/15\/en-dag-i-nikkaluokta\/#primaryimage"},"thumbnailUrl":"http:\/\/blogg.svenskakyrkan.se\/sigurhaf\/files\/2014\/03\/IMG_2729-300x200.jpg","articleSection":{"0":"Flerspr\u00e5kighet","2":"Samer","3":"Urfolk"},"inLanguage":"sv-SE","potentialAction":[{"@type":"CommentAction","name":"Comment","target":["https:\/\/blogg.svenskakyrkan.se\/sigurhaf\/2014\/03\/15\/en-dag-i-nikkaluokta\/#respond"]}]},{"@type":"WebPage","@id":"https:\/\/blogg.svenskakyrkan.se\/sigurhaf\/2014\/03\/15\/en-dag-i-nikkaluokta\/","url":"https:\/\/blogg.svenskakyrkan.se\/sigurhaf\/2014\/03\/15\/en-dag-i-nikkaluokta\/","name":"En dag i Nikkaluokta - Samtal i Damaskusporten","isPartOf":{"@id":"https:\/\/blogg.svenskakyrkan.se\/sigurhaf\/#website"},"primaryImageOfPage":{"@id":"https:\/\/blogg.svenskakyrkan.se\/sigurhaf\/2014\/03\/15\/en-dag-i-nikkaluokta\/#primaryimage"},"image":{"@id":"https:\/\/blogg.svenskakyrkan.se\/sigurhaf\/2014\/03\/15\/en-dag-i-nikkaluokta\/#primaryimage"},"thumbnailUrl":"http:\/\/blogg.svenskakyrkan.se\/sigurhaf\/files\/2014\/03\/IMG_2729-300x200.jpg","datePublished":"2014-03-15T16:30:31+00:00","author":{"@id":"https:\/\/blogg.svenskakyrkan.se\/sigurhaf\/#\/schema\/person\/5ad3391a356006d50ac032b7b69c159d"},"breadcrumb":{"@id":"https:\/\/blogg.svenskakyrkan.se\/sigurhaf\/2014\/03\/15\/en-dag-i-nikkaluokta\/#breadcrumb"},"inLanguage":"sv-SE","potentialAction":[{"@type":"ReadAction","target":["https:\/\/blogg.svenskakyrkan.se\/sigurhaf\/2014\/03\/15\/en-dag-i-nikkaluokta\/"]}]},{"@type":"ImageObject","inLanguage":"sv-SE","@id":"https:\/\/blogg.svenskakyrkan.se\/sigurhaf\/2014\/03\/15\/en-dag-i-nikkaluokta\/#primaryimage","url":"https:\/\/blogg.svenskakyrkan.se\/sigurhaf\/files\/2014\/03\/IMG_2729.jpg","contentUrl":"https:\/\/blogg.svenskakyrkan.se\/sigurhaf\/files\/2014\/03\/IMG_2729.jpg","width":4272,"height":2848},{"@type":"BreadcrumbList","@id":"https:\/\/blogg.svenskakyrkan.se\/sigurhaf\/2014\/03\/15\/en-dag-i-nikkaluokta\/#breadcrumb","itemListElement":[{"@type":"ListItem","position":1,"name":"Hem","item":"https:\/\/blogg.svenskakyrkan.se\/sigurhaf\/"},{"@type":"ListItem","position":2,"name":"En dag i Nikkaluokta"}]},{"@type":"WebSite","@id":"https:\/\/blogg.svenskakyrkan.se\/sigurhaf\/#website","url":"https:\/\/blogg.svenskakyrkan.se\/sigurhaf\/","name":"Samtal i Damaskusporten","description":"I biblisk tid tr\u00e4ffades de \u00e4ldste och talade om dagens fr\u00e5gor i stadsporten. Nu fyller sociala medier denna funktion.","potentialAction":[{"@type":"SearchAction","target":{"@type":"EntryPoint","urlTemplate":"https:\/\/blogg.svenskakyrkan.se\/sigurhaf\/?s={search_term_string}"},"query-input":{"@type":"PropertyValueSpecification","valueRequired":true,"valueName":"search_term_string"}}],"inLanguage":"sv-SE"},{"@type":"Person","@id":"https:\/\/blogg.svenskakyrkan.se\/sigurhaf\/#\/schema\/person\/5ad3391a356006d50ac032b7b69c159d","name":"Sigurdur Hafthorsson","image":{"@type":"ImageObject","inLanguage":"sv-SE","@id":"https:\/\/blogg.svenskakyrkan.se\/sigurhaf\/#\/schema\/person\/image\/","url":"https:\/\/secure.gravatar.com\/avatar\/9555024efd78e4779967459adf0bcbd071e66739b61e5fd0e4409bb991d9fe0c?s=96&d=mm&r=g","contentUrl":"https:\/\/secure.gravatar.com\/avatar\/9555024efd78e4779967459adf0bcbd071e66739b61e5fd0e4409bb991d9fe0c?s=96&d=mm&r=g","caption":"Sigurdur Hafthorsson"},"description":"Teologisk sekreterare p\u00e5 kyrkokansliet i Uppsala","url":"https:\/\/blogg.svenskakyrkan.se\/sigurhaf\/author\/sigurhaf\/"}]}},"author_meta":{"ID":"103","user_nicename":"sigurhaf","user_registered":"2011-10-04 08:33:14","display_name":"Sigurdur Hafthorsson","first_name":"Sigurdur","last_name":"Hafthorsson","avatar":"https:\/\/secure.gravatar.com\/avatar\/9555024efd78e4779967459adf0bcbd071e66739b61e5fd0e4409bb991d9fe0c?s=96&d=mm&r=g"},"featured_image":false,"bloginfo":{"name":"Samtal i Damaskusporten","url":"https:\/\/blogg.svenskakyrkan.se\/sigurhaf"},"_links":{"self":[{"href":"https:\/\/blogg.svenskakyrkan.se\/sigurhaf\/wp-json\/wp\/v2\/posts\/299","targetHints":{"allow":["GET"]}}],"collection":[{"href":"https:\/\/blogg.svenskakyrkan.se\/sigurhaf\/wp-json\/wp\/v2\/posts"}],"about":[{"href":"https:\/\/blogg.svenskakyrkan.se\/sigurhaf\/wp-json\/wp\/v2\/types\/post"}],"author":[{"embeddable":true,"href":"https:\/\/blogg.svenskakyrkan.se\/sigurhaf\/wp-json\/wp\/v2\/users\/103"}],"replies":[{"embeddable":true,"href":"https:\/\/blogg.svenskakyrkan.se\/sigurhaf\/wp-json\/wp\/v2\/comments?post=299"}],"version-history":[{"count":11,"href":"https:\/\/blogg.svenskakyrkan.se\/sigurhaf\/wp-json\/wp\/v2\/posts\/299\/revisions"}],"predecessor-version":[{"id":319,"href":"https:\/\/blogg.svenskakyrkan.se\/sigurhaf\/wp-json\/wp\/v2\/posts\/299\/revisions\/319"}],"wp:attachment":[{"href":"https:\/\/blogg.svenskakyrkan.se\/sigurhaf\/wp-json\/wp\/v2\/media?parent=299"}],"wp:term":[{"taxonomy":"category","embeddable":true,"href":"https:\/\/blogg.svenskakyrkan.se\/sigurhaf\/wp-json\/wp\/v2\/categories?post=299"},{"taxonomy":"post_tag","embeddable":true,"href":"https:\/\/blogg.svenskakyrkan.se\/sigurhaf\/wp-json\/wp\/v2\/tags?post=299"}],"curies":[{"name":"wp","href":"https:\/\/api.w.org\/{rel}","templated":true}]}}