{"id":354,"date":"2014-09-27T11:22:19","date_gmt":"2014-09-27T09:22:19","guid":{"rendered":"http:\/\/blogg.svenskakyrkan.se\/sigurhaf\/?p=354"},"modified":"2014-09-27T11:37:57","modified_gmt":"2014-09-27T09:37:57","slug":"vad-man-lar-sig-pa-en-konferens-om-diakoni-och-teckensprakiga","status":"publish","type":"post","link":"https:\/\/blogg.svenskakyrkan.se\/sigurhaf\/2014\/09\/27\/vad-man-lar-sig-pa-en-konferens-om-diakoni-och-teckensprakiga\/","title":{"rendered":"Vad man l\u00e4r sig p\u00e5 en konferens om diakoni och teckenspr\u00e5kiga"},"content":{"rendered":"<p><strong>Diakoner \u00e4r \u00e5snor och h\u00f6rande kan m\u00e5 bra av lite utanf\u00f6rskap! Bara n\u00e5gra av nyvunnen kunskap eller insikter som jag fick p\u00e5 veckans konferens om diakoni.<\/strong><\/p>\n<div id=\"attachment_358\" style=\"width: 310px\" class=\"wp-caption alignright\"><a href=\"http:\/\/blogg.svenskakyrkan.se\/sigurhaf\/files\/2014\/09\/IEWG-2014-samtal.jpg\"><img loading=\"lazy\" decoding=\"async\" aria-describedby=\"caption-attachment-358\" class=\"size-medium wp-image-358\" alt=\"Samtal om diakoni. Foto: Sigurdur Hafthorsson\/IKON\" src=\"http:\/\/blogg.svenskakyrkan.se\/sigurhaf\/files\/2014\/09\/IEWG-2014-samtal-300x179.jpg\" width=\"300\" height=\"179\" srcset=\"https:\/\/blogg.svenskakyrkan.se\/sigurhaf\/files\/2014\/09\/IEWG-2014-samtal-300x179.jpg 300w, https:\/\/blogg.svenskakyrkan.se\/sigurhaf\/files\/2014\/09\/IEWG-2014-samtal.jpg 640w\" sizes=\"auto, (max-width: 300px) 100vw, 300px\" \/><\/a><p id=\"caption-attachment-358\" class=\"wp-caption-text\">Samtal om diakoni. Foto: Sigurdur Hafthorsson\/IKON<\/p><\/div>\n<p>N\u00e4r vi samtalade om vad ordet diakoni betyder s\u00e5 var det inte s\u00e5 glasklart f\u00f6r alla, och vi kom fram till n\u00e5gra olika uppfatningar. I samtalet om diakonens roll fastnade jag s\u00e4rskilt f\u00f6r bilden av diakonen som \u00e5sna: stora \u00f6ron, liten mun och f\u00f6rm\u00e5ga att b\u00e4ra m\u00e4nniskor utan att sj\u00e4lv vackla.<br \/>\nKonferensen var internationell och ekumenisk, men st\u00f6rsta antalet av de ca 100 deltagarna kom ifr\u00e5n evangelisk-lutherska kyrkorna i Norden och Tyskland.<\/p>\n<p>Vi samlades i N\u00fcrnberg i Tyskland och \u00f6verskriften var <a href=\"http:\/\/www.deaf-iewg.org\/conference\/2014-nuremberg\/\">Diakonia &#8211; Deaf Ministry as the hands of God<\/a>. F\u00f6r mig var det f\u00f6rsta internationella konferensen inom teckenspr\u00e5ksomr\u00e5det och det var m\u00e5nga nya intryck. N\u00e5got som inte var nytt var \u00e4nd\u00e5 det engagemang som n\u00e4stan str\u00e5lade om medarbetarna fr\u00e5n de olika kyrkorna. Det har jag sett inom den diakonala verksamheten b\u00e5de i Sverige och i andra l\u00e4nder.<\/p>\n<h3>Diakoni som st\u00f6d och m\u00f6jligg\u00f6rande<\/h3>\n<div id=\"attachment_357\" style=\"width: 310px\" class=\"wp-caption alignright\"><a href=\"http:\/\/blogg.svenskakyrkan.se\/sigurhaf\/files\/2014\/09\/IEWG-2014-andakt.jpg\"><img loading=\"lazy\" decoding=\"async\" aria-describedby=\"caption-attachment-357\" class=\"size-medium wp-image-357\" alt=\"Del av konferensens rika andaktsliv p\u00e5 teckenspr\u00e5k. Foto: Sigurdur Hafthorsson\/IKON\" src=\"http:\/\/blogg.svenskakyrkan.se\/sigurhaf\/files\/2014\/09\/IEWG-2014-andakt-300x200.jpg\" width=\"300\" height=\"200\" srcset=\"https:\/\/blogg.svenskakyrkan.se\/sigurhaf\/files\/2014\/09\/IEWG-2014-andakt-300x200.jpg 300w, https:\/\/blogg.svenskakyrkan.se\/sigurhaf\/files\/2014\/09\/IEWG-2014-andakt.jpg 640w\" sizes=\"auto, (max-width: 300px) 100vw, 300px\" \/><\/a><p id=\"caption-attachment-357\" class=\"wp-caption-text\">Del av konferensens rika andaktsliv p\u00e5 teckenspr\u00e5k. Foto: Sigurdur Hafthorsson\/IKON<\/p><\/div>\n<p>En av de fr\u00e5gor som \u00e4r i f\u00f6rgrunden f\u00f6r mig \u00e4r skiftet fr\u00e5n diakoni med d\u00f6va som objekt och passiva mottagare till diakoni som syftar till att g\u00f6ra d\u00f6va och andra teckenspr\u00e5kiga till subjekt, g\u00e5 j\u00e4mnsides eller putta p\u00e5 bakifr\u00e5n. Ge verktyg som d\u00f6va kan anv\u00e4nda f\u00f6r att st\u00e5 upp f\u00f6r sina r\u00e4ttigheter. Detta m\u00e4rks till en viss del i kyrkans medarbetare, d\u00e4r fler och fler d\u00f6va f\u00e5r tj\u00e4nster och arbetar inom den teckenspr\u00e5kiga verksamheten, \u00e4ven om h\u00e4r i Sverige s\u00e5 g\u00e5r den utvecklingen betydligt l\u00e5ngsammare \u00e4n t.ex. i Norge och Tyskland.<\/p>\n<p>Men diakoni \u00e4r mycket mer ocks\u00e5, n\u00e5got som flera talare \u00e5terkom till. Det \u00e4r ocks\u00e5 att ta hand om dem som inte \u00e4r f\u00f6rm\u00f6gna att g\u00f6ra det sj\u00e4lva. Hur m\u00e5nga d\u00f6va finns det inom \u00e4ldrev\u00e5rden som har annat inget val \u00e4n att kommunicera via lappar med sin personal.<\/p>\n<h3>Funktionshinder, ett relativ begrepp<\/h3>\n<p>Ett studiebes\u00f6k p\u00e5 <a href=\"http:\/\/regens-wagner-zell.de\/hp1\/Startseite.htm\">ett hem i Zell, utanf\u00f6r N\u00fcrnberg<\/a>, f\u00f6r personer med flerfunktionsneds\u00e4ttning p\u00e5minde om olikheterna i v\u00e5ra l\u00e4nder. D\u00e4r fanns bland andra d\u00f6va med funktionshinder som g\u00f6r det sv\u00e5rt att bo sj\u00e4lva och som inte har en familj om kan ta hand om dem. I Sverige tror jag s\u00e4kert att det finns boenden f\u00f6r personer med flerfunktionsneds\u00e4ttning som bedrivs av landstingen, men h\u00e4r var det katolska kyrkan i Bayern som sk\u00f6tte en imponerande verksamhet, d\u00e4r individer gavs gott om utrymme att v\u00e4xa utifr\u00e5n sina egna f\u00f6ruts\u00e4ttningar. D\u00e4r f\u00e5r man ocks\u00e5 leva s\u00e5 att funktionsneds\u00e4ttning inte blir ett funktionshinder, d\u00e4r man sj\u00e4lv f\u00e5r vara normen.<\/p>\n<p>Funktionshinder, brukar man s\u00e4ga, \u00e4r <a href=\"http:\/\/www.socialstyrelsen.se\/fragorochsvar\/funktionsnedsattningochfunktio\">ett hinder som uppst\u00e5r i f\u00f6rh\u00e5llande till omgivningen<\/a>. Det \u00e4r inte personen som \u00e4r funktionshindrad. I den bem\u00e4rkelsen var min of\u00f6rm\u00e5ga till kommunikation i detta sammanhang ett hinder f\u00f6r mig: jag var s\u00e4kert den \u00e4nda deltagaren som inte kunde klara sig hj\u00e4lpligt p\u00e5 teckenspr\u00e5k.<\/p>\n<h3>Beroendest\u00e4llning och kommunikation<\/h3>\n<p>Det var m\u00e5nga spr\u00e5k i omlopp, men det finns inget teckenspr\u00e5k som riktigt har engelskans motsvarighet att vara ett spr\u00e5k f\u00f6r alla. Det finns n\u00e5got som kallas internationellt teckenspr\u00e5k, men det funkar inte hela v\u00e4gen. Alla f\u00f6rel\u00e4sningar var antingen givna p\u00e5 engelska eller tolkade till engelska &#8211; och som mest fanns det 6 teckenspr\u00e5kstolkar p\u00e5 scenen som tolkade till olika teckenspr\u00e5k. I h\u00f6rande sammanhang hade det kr\u00e4vt dyr utrustning och enskilda b\u00e5s f\u00f6r tolkar.<\/p>\n<p>Men \u00e4ven om f\u00f6rel\u00e4sningar tolkades s\u00e5 att jag kunde h\u00e4nga med s\u00e5 blev det sv\u00e5rare med det viktiga minglet i pauser och p\u00e5 kv\u00e4llarna. En nyttig l\u00e4xa i det utanf\u00f6rskap som d\u00f6va f\u00e5r uppleva mest hela tiden i h\u00f6rande sammanhang. Som tur var f\u00f6r mig hade jag \u00e4nd\u00e5 ibland tillg\u00e5ng till tolkar och h\u00f6rande kollegor som &#8221;r\u00e4ddade mig&#8221;, tack till er alla! &#8211; och det blev en l\u00e4xa i den beroendest\u00e4llning man \u00e4r i som d\u00f6va i h\u00f6rande sammanhang. Och h\u00f6rande sammanhang \u00e4r det ju f\u00f6r det mesta.<\/p>\n<div id=\"attachment_356\" style=\"width: 310px\" class=\"wp-caption alignright\"><a href=\"http:\/\/blogg.svenskakyrkan.se\/sigurhaf\/files\/2014\/09\/IEWG-2014-Johan-och-tolkar.jpg\"><img loading=\"lazy\" decoding=\"async\" aria-describedby=\"caption-attachment-356\" class=\"size-medium wp-image-356\" alt=\"Johan Selin, d\u00f6v pr\u00e4st i H\u00e4rn\u00f6sands stift pratar om diakoni. Teckenspr\u00e5kstolkar tolkar till fyra andra teckenspr\u00e5k. Foto: Sigurdur Hafthorsson\/IKON\" src=\"http:\/\/blogg.svenskakyrkan.se\/sigurhaf\/files\/2014\/09\/IEWG-2014-Johan-och-tolkar-300x176.jpg\" width=\"300\" height=\"176\" srcset=\"https:\/\/blogg.svenskakyrkan.se\/sigurhaf\/files\/2014\/09\/IEWG-2014-Johan-och-tolkar-300x176.jpg 300w, https:\/\/blogg.svenskakyrkan.se\/sigurhaf\/files\/2014\/09\/IEWG-2014-Johan-och-tolkar.jpg 640w\" sizes=\"auto, (max-width: 300px) 100vw, 300px\" \/><\/a><p id=\"caption-attachment-356\" class=\"wp-caption-text\">Johan Selin, d\u00f6v pr\u00e4st i H\u00e4rn\u00f6sands stift pratar om diakoni. Teckenspr\u00e5kstolkar tolkar till fyra andra teckenspr\u00e5k.<br \/>Foto: Sigurdur Hafthorsson\/IKON<\/p><\/div>\n","protected":false},"excerpt":{"rendered":"<p>Diakoner \u00e4r \u00e5snor och h\u00f6rande kan m\u00e5 bra av lite utanf\u00f6rskap! Bara n\u00e5gra av nyvunnen kunskap eller insikter som jag fick p\u00e5 veckans konferens om diakoni. N\u00e4r vi samtalade om vad ordet diakoni betyder s\u00e5 var det inte s\u00e5 glasklart f\u00f6r alla, och vi kom fram till n\u00e5gra olika uppfatningar. I samtalet om diakonens roll [&hellip;]<\/p>\n","protected":false},"author":103,"featured_media":0,"comment_status":"open","ping_status":"open","sticky":false,"template":"","format":"standard","meta":{"_acf_changed":false,"footnotes":""},"categories":[14308,8254,3999,27219],"tags":[84871,8257],"class_list":["post-354","post","type-post","status-publish","format-standard","hentry","category-flersprakighet","category-kommunikation","category-kyrka","category-teckensprak","tag-iewg","tag-konferens"],"acf":[],"yoast_head":"<!-- This site is optimized with the Yoast SEO plugin v27.1.1 - https:\/\/yoast.com\/product\/yoast-seo-wordpress\/ -->\n<title>Vad man l\u00e4r sig p\u00e5 en konferens om diakoni och teckenspr\u00e5kiga - Samtal i Damaskusporten<\/title>\n<meta name=\"robots\" content=\"index, follow, max-snippet:-1, max-image-preview:large, max-video-preview:-1\" \/>\n<link rel=\"canonical\" href=\"https:\/\/blogg.svenskakyrkan.se\/sigurhaf\/2014\/09\/27\/vad-man-lar-sig-pa-en-konferens-om-diakoni-och-teckensprakiga\/\" \/>\n<meta property=\"og:locale\" content=\"sv_SE\" \/>\n<meta property=\"og:type\" content=\"article\" \/>\n<meta property=\"og:title\" content=\"Vad man l\u00e4r sig p\u00e5 en konferens om diakoni och teckenspr\u00e5kiga - Samtal i Damaskusporten\" \/>\n<meta property=\"og:description\" content=\"Diakoner \u00e4r \u00e5snor och h\u00f6rande kan m\u00e5 bra av lite utanf\u00f6rskap! Bara n\u00e5gra av nyvunnen kunskap eller insikter som jag fick p\u00e5 veckans konferens om diakoni. N\u00e4r vi samtalade om vad ordet diakoni betyder s\u00e5 var det inte s\u00e5 glasklart f\u00f6r alla, och vi kom fram till n\u00e5gra olika uppfatningar. I samtalet om diakonens roll [&hellip;]\" \/>\n<meta property=\"og:url\" content=\"https:\/\/blogg.svenskakyrkan.se\/sigurhaf\/2014\/09\/27\/vad-man-lar-sig-pa-en-konferens-om-diakoni-och-teckensprakiga\/\" \/>\n<meta property=\"og:site_name\" content=\"Samtal i Damaskusporten\" \/>\n<meta property=\"article:published_time\" content=\"2014-09-27T09:22:19+00:00\" \/>\n<meta property=\"article:modified_time\" content=\"2014-09-27T09:37:57+00:00\" \/>\n<meta property=\"og:image\" content=\"http:\/\/blogg.svenskakyrkan.se\/sigurhaf\/files\/2014\/09\/IEWG-2014-samtal-300x179.jpg\" \/>\n<meta name=\"author\" content=\"Sigurdur Hafthorsson\" \/>\n<meta name=\"twitter:card\" content=\"summary_large_image\" \/>\n<meta name=\"twitter:label1\" content=\"Skriven av\" \/>\n\t<meta name=\"twitter:data1\" content=\"Sigurdur Hafthorsson\" \/>\n\t<meta name=\"twitter:label2\" content=\"Ber\u00e4knad l\u00e4stid\" \/>\n\t<meta name=\"twitter:data2\" content=\"4 minuter\" \/>\n<script type=\"application\/ld+json\" class=\"yoast-schema-graph\">{\"@context\":\"https:\/\/schema.org\",\"@graph\":[{\"@type\":\"Article\",\"@id\":\"https:\/\/blogg.svenskakyrkan.se\/sigurhaf\/2014\/09\/27\/vad-man-lar-sig-pa-en-konferens-om-diakoni-och-teckensprakiga\/#article\",\"isPartOf\":{\"@id\":\"https:\/\/blogg.svenskakyrkan.se\/sigurhaf\/2014\/09\/27\/vad-man-lar-sig-pa-en-konferens-om-diakoni-och-teckensprakiga\/\"},\"author\":{\"name\":\"Sigurdur Hafthorsson\",\"@id\":\"https:\/\/blogg.svenskakyrkan.se\/sigurhaf\/#\/schema\/person\/5ad3391a356006d50ac032b7b69c159d\"},\"headline\":\"Vad man l\u00e4r sig p\u00e5 en konferens om diakoni och teckenspr\u00e5kiga\",\"datePublished\":\"2014-09-27T09:22:19+00:00\",\"dateModified\":\"2014-09-27T09:37:57+00:00\",\"mainEntityOfPage\":{\"@id\":\"https:\/\/blogg.svenskakyrkan.se\/sigurhaf\/2014\/09\/27\/vad-man-lar-sig-pa-en-konferens-om-diakoni-och-teckensprakiga\/\"},\"wordCount\":849,\"commentCount\":2,\"image\":{\"@id\":\"https:\/\/blogg.svenskakyrkan.se\/sigurhaf\/2014\/09\/27\/vad-man-lar-sig-pa-en-konferens-om-diakoni-och-teckensprakiga\/#primaryimage\"},\"thumbnailUrl\":\"http:\/\/blogg.svenskakyrkan.se\/sigurhaf\/files\/2014\/09\/IEWG-2014-samtal-300x179.jpg\",\"keywords\":[\"IEWG\",\"Konferens\"],\"articleSection\":[\"Flerspr\u00e5kighet\",\"Kommunikation\",\"Kyrka\",\"Teckenspr\u00e5k\"],\"inLanguage\":\"sv-SE\",\"potentialAction\":[{\"@type\":\"CommentAction\",\"name\":\"Comment\",\"target\":[\"https:\/\/blogg.svenskakyrkan.se\/sigurhaf\/2014\/09\/27\/vad-man-lar-sig-pa-en-konferens-om-diakoni-och-teckensprakiga\/#respond\"]}]},{\"@type\":\"WebPage\",\"@id\":\"https:\/\/blogg.svenskakyrkan.se\/sigurhaf\/2014\/09\/27\/vad-man-lar-sig-pa-en-konferens-om-diakoni-och-teckensprakiga\/\",\"url\":\"https:\/\/blogg.svenskakyrkan.se\/sigurhaf\/2014\/09\/27\/vad-man-lar-sig-pa-en-konferens-om-diakoni-och-teckensprakiga\/\",\"name\":\"Vad man l\u00e4r sig p\u00e5 en konferens om diakoni och teckenspr\u00e5kiga - Samtal i Damaskusporten\",\"isPartOf\":{\"@id\":\"https:\/\/blogg.svenskakyrkan.se\/sigurhaf\/#website\"},\"primaryImageOfPage\":{\"@id\":\"https:\/\/blogg.svenskakyrkan.se\/sigurhaf\/2014\/09\/27\/vad-man-lar-sig-pa-en-konferens-om-diakoni-och-teckensprakiga\/#primaryimage\"},\"image\":{\"@id\":\"https:\/\/blogg.svenskakyrkan.se\/sigurhaf\/2014\/09\/27\/vad-man-lar-sig-pa-en-konferens-om-diakoni-och-teckensprakiga\/#primaryimage\"},\"thumbnailUrl\":\"http:\/\/blogg.svenskakyrkan.se\/sigurhaf\/files\/2014\/09\/IEWG-2014-samtal-300x179.jpg\",\"datePublished\":\"2014-09-27T09:22:19+00:00\",\"dateModified\":\"2014-09-27T09:37:57+00:00\",\"author\":{\"@id\":\"https:\/\/blogg.svenskakyrkan.se\/sigurhaf\/#\/schema\/person\/5ad3391a356006d50ac032b7b69c159d\"},\"breadcrumb\":{\"@id\":\"https:\/\/blogg.svenskakyrkan.se\/sigurhaf\/2014\/09\/27\/vad-man-lar-sig-pa-en-konferens-om-diakoni-och-teckensprakiga\/#breadcrumb\"},\"inLanguage\":\"sv-SE\",\"potentialAction\":[{\"@type\":\"ReadAction\",\"target\":[\"https:\/\/blogg.svenskakyrkan.se\/sigurhaf\/2014\/09\/27\/vad-man-lar-sig-pa-en-konferens-om-diakoni-och-teckensprakiga\/\"]}]},{\"@type\":\"ImageObject\",\"inLanguage\":\"sv-SE\",\"@id\":\"https:\/\/blogg.svenskakyrkan.se\/sigurhaf\/2014\/09\/27\/vad-man-lar-sig-pa-en-konferens-om-diakoni-och-teckensprakiga\/#primaryimage\",\"url\":\"https:\/\/blogg.svenskakyrkan.se\/sigurhaf\/files\/2014\/09\/IEWG-2014-samtal.jpg\",\"contentUrl\":\"https:\/\/blogg.svenskakyrkan.se\/sigurhaf\/files\/2014\/09\/IEWG-2014-samtal.jpg\",\"width\":640,\"height\":382,\"caption\":\"Samtal om diakoni. Foto: Sigurdur Hafthorsson\/IKON\"},{\"@type\":\"BreadcrumbList\",\"@id\":\"https:\/\/blogg.svenskakyrkan.se\/sigurhaf\/2014\/09\/27\/vad-man-lar-sig-pa-en-konferens-om-diakoni-och-teckensprakiga\/#breadcrumb\",\"itemListElement\":[{\"@type\":\"ListItem\",\"position\":1,\"name\":\"Hem\",\"item\":\"https:\/\/blogg.svenskakyrkan.se\/sigurhaf\/\"},{\"@type\":\"ListItem\",\"position\":2,\"name\":\"Vad man l\u00e4r sig p\u00e5 en konferens om diakoni och teckenspr\u00e5kiga\"}]},{\"@type\":\"WebSite\",\"@id\":\"https:\/\/blogg.svenskakyrkan.se\/sigurhaf\/#website\",\"url\":\"https:\/\/blogg.svenskakyrkan.se\/sigurhaf\/\",\"name\":\"Samtal i Damaskusporten\",\"description\":\"I biblisk tid tr\u00e4ffades de \u00e4ldste och talade om dagens fr\u00e5gor i stadsporten. Nu fyller sociala medier denna funktion.\",\"potentialAction\":[{\"@type\":\"SearchAction\",\"target\":{\"@type\":\"EntryPoint\",\"urlTemplate\":\"https:\/\/blogg.svenskakyrkan.se\/sigurhaf\/?s={search_term_string}\"},\"query-input\":{\"@type\":\"PropertyValueSpecification\",\"valueRequired\":true,\"valueName\":\"search_term_string\"}}],\"inLanguage\":\"sv-SE\"},{\"@type\":\"Person\",\"@id\":\"https:\/\/blogg.svenskakyrkan.se\/sigurhaf\/#\/schema\/person\/5ad3391a356006d50ac032b7b69c159d\",\"name\":\"Sigurdur Hafthorsson\",\"image\":{\"@type\":\"ImageObject\",\"inLanguage\":\"sv-SE\",\"@id\":\"https:\/\/blogg.svenskakyrkan.se\/sigurhaf\/#\/schema\/person\/image\/\",\"url\":\"https:\/\/secure.gravatar.com\/avatar\/9555024efd78e4779967459adf0bcbd071e66739b61e5fd0e4409bb991d9fe0c?s=96&d=mm&r=g\",\"contentUrl\":\"https:\/\/secure.gravatar.com\/avatar\/9555024efd78e4779967459adf0bcbd071e66739b61e5fd0e4409bb991d9fe0c?s=96&d=mm&r=g\",\"caption\":\"Sigurdur Hafthorsson\"},\"description\":\"Teologisk sekreterare p\u00e5 kyrkokansliet i Uppsala\",\"url\":\"https:\/\/blogg.svenskakyrkan.se\/sigurhaf\/author\/sigurhaf\/\"}]}<\/script>\n<!-- \/ Yoast SEO plugin. -->","yoast_head_json":{"title":"Vad man l\u00e4r sig p\u00e5 en konferens om diakoni och teckenspr\u00e5kiga - Samtal i Damaskusporten","robots":{"index":"index","follow":"follow","max-snippet":"max-snippet:-1","max-image-preview":"max-image-preview:large","max-video-preview":"max-video-preview:-1"},"canonical":"https:\/\/blogg.svenskakyrkan.se\/sigurhaf\/2014\/09\/27\/vad-man-lar-sig-pa-en-konferens-om-diakoni-och-teckensprakiga\/","og_locale":"sv_SE","og_type":"article","og_title":"Vad man l\u00e4r sig p\u00e5 en konferens om diakoni och teckenspr\u00e5kiga - Samtal i Damaskusporten","og_description":"Diakoner \u00e4r \u00e5snor och h\u00f6rande kan m\u00e5 bra av lite utanf\u00f6rskap! Bara n\u00e5gra av nyvunnen kunskap eller insikter som jag fick p\u00e5 veckans konferens om diakoni. N\u00e4r vi samtalade om vad ordet diakoni betyder s\u00e5 var det inte s\u00e5 glasklart f\u00f6r alla, och vi kom fram till n\u00e5gra olika uppfatningar. I samtalet om diakonens roll [&hellip;]","og_url":"https:\/\/blogg.svenskakyrkan.se\/sigurhaf\/2014\/09\/27\/vad-man-lar-sig-pa-en-konferens-om-diakoni-och-teckensprakiga\/","og_site_name":"Samtal i Damaskusporten","article_published_time":"2014-09-27T09:22:19+00:00","article_modified_time":"2014-09-27T09:37:57+00:00","og_image":[{"url":"http:\/\/blogg.svenskakyrkan.se\/sigurhaf\/files\/2014\/09\/IEWG-2014-samtal-300x179.jpg","type":"","width":"","height":""}],"author":"Sigurdur Hafthorsson","twitter_card":"summary_large_image","twitter_misc":{"Skriven av":"Sigurdur Hafthorsson","Ber\u00e4knad l\u00e4stid":"4 minuter"},"schema":{"@context":"https:\/\/schema.org","@graph":[{"@type":"Article","@id":"https:\/\/blogg.svenskakyrkan.se\/sigurhaf\/2014\/09\/27\/vad-man-lar-sig-pa-en-konferens-om-diakoni-och-teckensprakiga\/#article","isPartOf":{"@id":"https:\/\/blogg.svenskakyrkan.se\/sigurhaf\/2014\/09\/27\/vad-man-lar-sig-pa-en-konferens-om-diakoni-och-teckensprakiga\/"},"author":{"name":"Sigurdur Hafthorsson","@id":"https:\/\/blogg.svenskakyrkan.se\/sigurhaf\/#\/schema\/person\/5ad3391a356006d50ac032b7b69c159d"},"headline":"Vad man l\u00e4r sig p\u00e5 en konferens om diakoni och teckenspr\u00e5kiga","datePublished":"2014-09-27T09:22:19+00:00","dateModified":"2014-09-27T09:37:57+00:00","mainEntityOfPage":{"@id":"https:\/\/blogg.svenskakyrkan.se\/sigurhaf\/2014\/09\/27\/vad-man-lar-sig-pa-en-konferens-om-diakoni-och-teckensprakiga\/"},"wordCount":849,"commentCount":2,"image":{"@id":"https:\/\/blogg.svenskakyrkan.se\/sigurhaf\/2014\/09\/27\/vad-man-lar-sig-pa-en-konferens-om-diakoni-och-teckensprakiga\/#primaryimage"},"thumbnailUrl":"http:\/\/blogg.svenskakyrkan.se\/sigurhaf\/files\/2014\/09\/IEWG-2014-samtal-300x179.jpg","keywords":["IEWG","Konferens"],"articleSection":["Flerspr\u00e5kighet","Kommunikation","Kyrka","Teckenspr\u00e5k"],"inLanguage":"sv-SE","potentialAction":[{"@type":"CommentAction","name":"Comment","target":["https:\/\/blogg.svenskakyrkan.se\/sigurhaf\/2014\/09\/27\/vad-man-lar-sig-pa-en-konferens-om-diakoni-och-teckensprakiga\/#respond"]}]},{"@type":"WebPage","@id":"https:\/\/blogg.svenskakyrkan.se\/sigurhaf\/2014\/09\/27\/vad-man-lar-sig-pa-en-konferens-om-diakoni-och-teckensprakiga\/","url":"https:\/\/blogg.svenskakyrkan.se\/sigurhaf\/2014\/09\/27\/vad-man-lar-sig-pa-en-konferens-om-diakoni-och-teckensprakiga\/","name":"Vad man l\u00e4r sig p\u00e5 en konferens om diakoni och teckenspr\u00e5kiga - Samtal i Damaskusporten","isPartOf":{"@id":"https:\/\/blogg.svenskakyrkan.se\/sigurhaf\/#website"},"primaryImageOfPage":{"@id":"https:\/\/blogg.svenskakyrkan.se\/sigurhaf\/2014\/09\/27\/vad-man-lar-sig-pa-en-konferens-om-diakoni-och-teckensprakiga\/#primaryimage"},"image":{"@id":"https:\/\/blogg.svenskakyrkan.se\/sigurhaf\/2014\/09\/27\/vad-man-lar-sig-pa-en-konferens-om-diakoni-och-teckensprakiga\/#primaryimage"},"thumbnailUrl":"http:\/\/blogg.svenskakyrkan.se\/sigurhaf\/files\/2014\/09\/IEWG-2014-samtal-300x179.jpg","datePublished":"2014-09-27T09:22:19+00:00","dateModified":"2014-09-27T09:37:57+00:00","author":{"@id":"https:\/\/blogg.svenskakyrkan.se\/sigurhaf\/#\/schema\/person\/5ad3391a356006d50ac032b7b69c159d"},"breadcrumb":{"@id":"https:\/\/blogg.svenskakyrkan.se\/sigurhaf\/2014\/09\/27\/vad-man-lar-sig-pa-en-konferens-om-diakoni-och-teckensprakiga\/#breadcrumb"},"inLanguage":"sv-SE","potentialAction":[{"@type":"ReadAction","target":["https:\/\/blogg.svenskakyrkan.se\/sigurhaf\/2014\/09\/27\/vad-man-lar-sig-pa-en-konferens-om-diakoni-och-teckensprakiga\/"]}]},{"@type":"ImageObject","inLanguage":"sv-SE","@id":"https:\/\/blogg.svenskakyrkan.se\/sigurhaf\/2014\/09\/27\/vad-man-lar-sig-pa-en-konferens-om-diakoni-och-teckensprakiga\/#primaryimage","url":"https:\/\/blogg.svenskakyrkan.se\/sigurhaf\/files\/2014\/09\/IEWG-2014-samtal.jpg","contentUrl":"https:\/\/blogg.svenskakyrkan.se\/sigurhaf\/files\/2014\/09\/IEWG-2014-samtal.jpg","width":640,"height":382,"caption":"Samtal om diakoni. Foto: Sigurdur Hafthorsson\/IKON"},{"@type":"BreadcrumbList","@id":"https:\/\/blogg.svenskakyrkan.se\/sigurhaf\/2014\/09\/27\/vad-man-lar-sig-pa-en-konferens-om-diakoni-och-teckensprakiga\/#breadcrumb","itemListElement":[{"@type":"ListItem","position":1,"name":"Hem","item":"https:\/\/blogg.svenskakyrkan.se\/sigurhaf\/"},{"@type":"ListItem","position":2,"name":"Vad man l\u00e4r sig p\u00e5 en konferens om diakoni och teckenspr\u00e5kiga"}]},{"@type":"WebSite","@id":"https:\/\/blogg.svenskakyrkan.se\/sigurhaf\/#website","url":"https:\/\/blogg.svenskakyrkan.se\/sigurhaf\/","name":"Samtal i Damaskusporten","description":"I biblisk tid tr\u00e4ffades de \u00e4ldste och talade om dagens fr\u00e5gor i stadsporten. Nu fyller sociala medier denna funktion.","potentialAction":[{"@type":"SearchAction","target":{"@type":"EntryPoint","urlTemplate":"https:\/\/blogg.svenskakyrkan.se\/sigurhaf\/?s={search_term_string}"},"query-input":{"@type":"PropertyValueSpecification","valueRequired":true,"valueName":"search_term_string"}}],"inLanguage":"sv-SE"},{"@type":"Person","@id":"https:\/\/blogg.svenskakyrkan.se\/sigurhaf\/#\/schema\/person\/5ad3391a356006d50ac032b7b69c159d","name":"Sigurdur Hafthorsson","image":{"@type":"ImageObject","inLanguage":"sv-SE","@id":"https:\/\/blogg.svenskakyrkan.se\/sigurhaf\/#\/schema\/person\/image\/","url":"https:\/\/secure.gravatar.com\/avatar\/9555024efd78e4779967459adf0bcbd071e66739b61e5fd0e4409bb991d9fe0c?s=96&d=mm&r=g","contentUrl":"https:\/\/secure.gravatar.com\/avatar\/9555024efd78e4779967459adf0bcbd071e66739b61e5fd0e4409bb991d9fe0c?s=96&d=mm&r=g","caption":"Sigurdur Hafthorsson"},"description":"Teologisk sekreterare p\u00e5 kyrkokansliet i Uppsala","url":"https:\/\/blogg.svenskakyrkan.se\/sigurhaf\/author\/sigurhaf\/"}]}},"author_meta":{"ID":"103","user_nicename":"sigurhaf","user_registered":"2011-10-04 08:33:14","display_name":"Sigurdur Hafthorsson","first_name":"Sigurdur","last_name":"Hafthorsson","avatar":"https:\/\/secure.gravatar.com\/avatar\/9555024efd78e4779967459adf0bcbd071e66739b61e5fd0e4409bb991d9fe0c?s=96&d=mm&r=g"},"featured_image":false,"bloginfo":{"name":"Samtal i Damaskusporten","url":"https:\/\/blogg.svenskakyrkan.se\/sigurhaf"},"_links":{"self":[{"href":"https:\/\/blogg.svenskakyrkan.se\/sigurhaf\/wp-json\/wp\/v2\/posts\/354","targetHints":{"allow":["GET"]}}],"collection":[{"href":"https:\/\/blogg.svenskakyrkan.se\/sigurhaf\/wp-json\/wp\/v2\/posts"}],"about":[{"href":"https:\/\/blogg.svenskakyrkan.se\/sigurhaf\/wp-json\/wp\/v2\/types\/post"}],"author":[{"embeddable":true,"href":"https:\/\/blogg.svenskakyrkan.se\/sigurhaf\/wp-json\/wp\/v2\/users\/103"}],"replies":[{"embeddable":true,"href":"https:\/\/blogg.svenskakyrkan.se\/sigurhaf\/wp-json\/wp\/v2\/comments?post=354"}],"version-history":[{"count":25,"href":"https:\/\/blogg.svenskakyrkan.se\/sigurhaf\/wp-json\/wp\/v2\/posts\/354\/revisions"}],"predecessor-version":[{"id":380,"href":"https:\/\/blogg.svenskakyrkan.se\/sigurhaf\/wp-json\/wp\/v2\/posts\/354\/revisions\/380"}],"wp:attachment":[{"href":"https:\/\/blogg.svenskakyrkan.se\/sigurhaf\/wp-json\/wp\/v2\/media?parent=354"}],"wp:term":[{"taxonomy":"category","embeddable":true,"href":"https:\/\/blogg.svenskakyrkan.se\/sigurhaf\/wp-json\/wp\/v2\/categories?post=354"},{"taxonomy":"post_tag","embeddable":true,"href":"https:\/\/blogg.svenskakyrkan.se\/sigurhaf\/wp-json\/wp\/v2\/tags?post=354"}],"curies":[{"name":"wp","href":"https:\/\/api.w.org\/{rel}","templated":true}]}}