{"id":398,"date":"2015-02-07T09:28:45","date_gmt":"2015-02-07T08:28:45","guid":{"rendered":"http:\/\/blogg.svenskakyrkan.se\/sigurhaf\/?p=398"},"modified":"2015-02-07T18:06:36","modified_gmt":"2015-02-07T17:06:36","slug":"teologifestival-pa-samefolkets-dag","status":"publish","type":"post","link":"https:\/\/blogg.svenskakyrkan.se\/sigurhaf\/2015\/02\/07\/teologifestival-pa-samefolkets-dag\/","title":{"rendered":"Teologifestival p\u00e5 samefolkets dag"},"content":{"rendered":"<p>Ig\u00e5r drog <a href=\"http:\/\/svenskakyrkan.se\/teologifestivalen\">teologifestivalen i Uppsala ig\u00e5ng.<\/a> Den p\u00e5g\u00e5r under tre dagar med diskussioner om teologi, gudstj\u00e4nstliv och allm\u00e4n festivalst\u00e4mning.<\/p>\n<p><a href=\"http:\/\/blogg.svenskakyrkan.se\/sigurhaf\/files\/2015\/02\/IMG_3611.jpg\"><img loading=\"lazy\" decoding=\"async\" class=\"aligncenter wp-image-399 size-large\" src=\"http:\/\/blogg.svenskakyrkan.se\/sigurhaf\/files\/2015\/02\/IMG_3611-1024x768.jpg\" alt=\"IMG_3611\" width=\"400\" height=\"300\" srcset=\"https:\/\/blogg.svenskakyrkan.se\/sigurhaf\/files\/2015\/02\/IMG_3611-1024x768.jpg 1024w, https:\/\/blogg.svenskakyrkan.se\/sigurhaf\/files\/2015\/02\/IMG_3611-300x225.jpg 300w\" sizes=\"auto, (max-width: 400px) 100vw, 400px\" \/><\/a><\/p>\n<div>\n<p class=\"p1\"><span class=\"s1\">Jag deltog i inledningsgudstj\u00e4nsten och efterf\u00f6ljande program i universitetsaulan ig\u00e5r. Ett tydligt str\u00e5k av samisk kultur fanns med under hela kv\u00e4llen &#8211; ett s\u00e4tt att uppm\u00e4rksamma och fira samefolkets dag 6 februari. Och att uppm\u00e4rksamma Svenska kyrkans samiska verksamhet och del i samiska angel\u00e4genheter b\u00e5de f\u00f6rr och nu.<\/span><\/p>\n<h3 class=\"p1\"><span class=\"s1\">\u00a0M\u00e4ssa i Uppsala domkyrka<\/span><\/h3>\n<p class=\"p1\"><span class=\"s1\">I inledningsgudstj\u00e4nsten h\u00f6rde vi tv\u00e5 personers r\u00f6ster om samers aktuella fr\u00e5gor. Samiska r\u00e5det i Svenska kyrakns vice-ordf\u00f6rande Jan-Olof Ellebrink och pr\u00e4sten Erik-Oscar Oscarsson anm\u00e4rkte b\u00e5da tv\u00e5 att det var bekl\u00e4mmande att kyrkom\u00f6tet valde att inte st\u00e4lla sig bakom en motion som handlade om att Svenska kyrkan mer aktivt arbetade f\u00f6r att Sverige ratificerar\u00a0<\/span><a href=\"http:\/\/sv.wikipedia.org\/wiki\/Konventionen_om_ursprungsfolk_och_stamfolk\">konventionen ILO 169<\/a>, en konvention som ska garantera urfolksr\u00e4ttigheter. Om Sverige ratificerade konventionen skulle inneb\u00e4ra att Sverige beh\u00f6vde p\u00e5 ett mycket tydligare s\u00e4tt f\u00f6lja de m\u00e4nskliga r\u00e4ttigheter man anser sig st\u00e5 bakom.<\/p>\n<p class=\"p1\"><span class=\"s1\">Erik-Oscar liknade dem som motarbetar samernas r\u00e4ttigheter i detta vid en flock vargar och att Svenska kyrkan genom att r\u00f6sta ned kyrkom\u00f6tes motion om detta, riskerar ansluta sig till den vargflocken.<\/span><\/p>\n<p class=\"p1\"><span class=\"s1\">Jan-Olofs och Erik-Oscars kritik \u00e4r helt i linje med reaktioner fr\u00e5n flera samiska f\u00f6retr\u00e4dare och aktivister efter kyrkom\u00f6tesbeslutet. Kan denna eniga kritik vara en katalysator f\u00f6r att Svenska kyrkan tar sig an fr\u00e5gan med mer tyngd en tidigare? F\u00f6r onekligen har Svenska kyrkan verkat f\u00f6r urfolksr\u00e4ttigheter vid flera tillf\u00e4llen, nu senast genom en\u00a0<\/span><a href=\"http:\/\/www.dn.se\/debatt\/samernas-urfolksrattigheter-maste-tas-pa-storre-allvar\/\">debattartikel av \u00e4rkebiskop Antje Jackel\u00e9n<\/a>.<\/p>\n<h3 class=\"p2\"><span class=\"s1\">\u00a0<\/span>Kultur p\u00e5 h\u00f6g niv\u00e5<\/h3>\n<p class=\"p2\"><span class=\"s1\">Ett inledande program i universitetsaulan inramades av umesamiska s\u00e5ngerskan Katarina Barruk som \u00e4r aktuell med sitt debutalbum i dagarna. Hon f\u00f6rtrollade de n\u00e4rvarande med sin jazziga jojk, ackompanjerad av Svante och Olov Lindroth p\u00e5 piano och kontrabas.<\/span><\/p>\n<p class=\"p2\"><span class=\"s1\">\u00a0<\/span>Jag kunde inte l\u00e5ta bli att vara s\u00e4rskilt begeistrat av det faktum att Katarina talar (och sjunger) p\u00e5 umesamiska. En varietet som en g\u00e5ng var s\u00e5 stor att man \u00f6versatte bibeln till spr\u00e5ket, men som nu har f\u00f6rsvagats och bara ett 10-tal talare finns kvar i v\u00e4rlden.<\/p>\n<h3 class=\"p2\"><span class=\"s1\">Toppm\u00f6te<\/span><\/h3>\n<p class=\"p2\"><span class=\"s1\">Efter en lysande tal av festivalens primus motor (prima motrix?) Anna Karin Hammar och Katarinas f\u00f6rtrollande musik blev det ett panelsamtal p\u00e5 h\u00f6g niv\u00e5.<\/span><\/p>\n<p class=\"p2\"><span class=\"s1\">\u00c4rkebiskop Antje Jackel\u00e9n och vice-statsminister \u00c5sa Romson, samt ordf\u00f6rande och vice-ordf\u00f6rande f\u00f6r Svenska kyrkans unga och ordf\u00f6rande f\u00f6r Gr\u00f6n ungdom samt socialdemokraternas ungdomsf\u00f6rbund i Uppland. \u00c4mnet var kyrkans roll i de stora globala fr\u00e5gorna, klimat-, integration- och flyktingfr\u00e5gor.<\/span><\/p>\n<p class=\"p2\"><span class=\"s1\">Fr\u00e5gor st\u00e4lldes fram och tillbaka och diskussionen pr\u00e4glades av stor enhet och likat\u00e4nkande i fr\u00e5gor som g\u00e4ller b\u00e5de klimat-, migrations- och flyktingfr\u00e5gor. \u00c5sa Romson var tydlig med att hon anser att Svenska kyrkan har en viktig roll i dessa fr\u00e5gor och f\u00f6r samh\u00e4llet i stort, bl.a. som ett kitt och som seri\u00f6s debatt\u00f6r av de stora fr\u00e5gorna. Det var mycket gl\u00e4djande att ett regeringsparti har den st\u00e4llningen gentemot kyrkan. Antje kommenterade att det \u00e4r en \u00e4ndring som har skett, att man nu mer ser till kyrkan som en viktig akt\u00f6r.<\/span><\/p>\n<p class=\"p2\"><span class=\"s1\">Som avslutning provocerade moderatorn Anna Karin Hammar genom att fr\u00e5ga varf\u00f6r det ska vara s\u00e5 sv\u00e5rt att ratificera ILO 169 eller st\u00e4lla sig bakom en ratificering. Fr\u00e5gan var st\u00e4lld b\u00e5de till Antje och \u00c5sa.<\/span><\/p>\n<p class=\"p2\"><span class=\"s1\">Vice-statsministern verkade n\u00e5got besv\u00e4rad av fr\u00e5gan. Det finns uppenbarligen inte en samsyn i fr\u00e5gan mellan regeringspartierna, och inte n\u00e5gon majoritet i riksdagen heller. Hon p\u00e5pekade \u00e4nd\u00e5 att hennes eget parti f\u00f6rordar en ratificering, men uppenbarligen har de beh\u00f6vt f\u00f6rhandla bort den fr\u00e5gan.<\/span><\/p>\n<p class=\"p2\"><span class=\"s1\">\u00c4rkebiskopen noterade att det var kyrkom\u00f6tet som avslog motionen och indikerade d\u00e4rmed att hennes egen uppfattning \u00e4r annorlunda. N\u00e4r hon blev tillfr\u00e5gad varf\u00f6r hon tror att man r\u00f6stade ned motionen, n\u00e4mnde hon som en faktor att i kyrkom\u00f6tet finns ett egenintresse vad g\u00e4ller markfr\u00e5gan. Man kanske \u00e4r r\u00e4dd f\u00f6r att en ratificering ger ut\u00f6kade markr\u00e4ttigheter till samerna och skulle inneb\u00e4ra en egendomsf\u00f6rlust f\u00f6r kyrkan. De samiska aktivister jag tr\u00e4ffat uppger precis denna f\u00f6rklaring f\u00f6r varf\u00f6r man tror kyrkom\u00f6tet inte valde att markera i fr\u00e5gan.<\/span><\/p>\n<\/div>\n","protected":false},"excerpt":{"rendered":"<p>Ig\u00e5r drog teologifestivalen i Uppsala ig\u00e5ng. Den p\u00e5g\u00e5r under tre dagar med diskussioner om teologi, gudstj\u00e4nstliv och allm\u00e4n festivalst\u00e4mning. Jag deltog i inledningsgudstj\u00e4nsten och efterf\u00f6ljande program i universitetsaulan ig\u00e5r. Ett tydligt str\u00e5k av samisk kultur fanns med under hela kv\u00e4llen &#8211; ett s\u00e4tt att uppm\u00e4rksamma och fira samefolkets dag 6 februari. Och att uppm\u00e4rksamma Svenska [&hellip;]<\/p>\n","protected":false},"author":103,"featured_media":0,"comment_status":"open","ping_status":"open","sticky":false,"template":"","format":"standard","meta":{"_acf_changed":false,"footnotes":""},"categories":[14308,3999,9,14310,14309],"tags":[84877,84878,84876],"class_list":["post-398","post","type-post","status-publish","format-standard","hentry","category-flersprakighet","category-kyrka","category-okategoriserade","category-samer","category-urfolk","tag-ilo169","tag-jojk","tag-teologifestival"],"acf":[],"yoast_head":"<!-- This site is optimized with the Yoast SEO plugin v27.1.1 - https:\/\/yoast.com\/product\/yoast-seo-wordpress\/ -->\n<title>Teologifestival p\u00e5 samefolkets dag - Samtal i Damaskusporten<\/title>\n<meta name=\"robots\" content=\"index, follow, max-snippet:-1, max-image-preview:large, max-video-preview:-1\" \/>\n<link rel=\"canonical\" href=\"https:\/\/blogg.svenskakyrkan.se\/sigurhaf\/2015\/02\/07\/teologifestival-pa-samefolkets-dag\/\" \/>\n<meta property=\"og:locale\" content=\"sv_SE\" \/>\n<meta property=\"og:type\" content=\"article\" \/>\n<meta property=\"og:title\" content=\"Teologifestival p\u00e5 samefolkets dag - Samtal i Damaskusporten\" \/>\n<meta property=\"og:description\" content=\"Ig\u00e5r drog teologifestivalen i Uppsala ig\u00e5ng. Den p\u00e5g\u00e5r under tre dagar med diskussioner om teologi, gudstj\u00e4nstliv och allm\u00e4n festivalst\u00e4mning. Jag deltog i inledningsgudstj\u00e4nsten och efterf\u00f6ljande program i universitetsaulan ig\u00e5r. Ett tydligt str\u00e5k av samisk kultur fanns med under hela kv\u00e4llen &#8211; ett s\u00e4tt att uppm\u00e4rksamma och fira samefolkets dag 6 februari. Och att uppm\u00e4rksamma Svenska [&hellip;]\" \/>\n<meta property=\"og:url\" content=\"https:\/\/blogg.svenskakyrkan.se\/sigurhaf\/2015\/02\/07\/teologifestival-pa-samefolkets-dag\/\" \/>\n<meta property=\"og:site_name\" content=\"Samtal i Damaskusporten\" \/>\n<meta property=\"article:published_time\" content=\"2015-02-07T08:28:45+00:00\" \/>\n<meta property=\"article:modified_time\" content=\"2015-02-07T17:06:36+00:00\" \/>\n<meta property=\"og:image\" content=\"http:\/\/blogg.svenskakyrkan.se\/sigurhaf\/files\/2015\/02\/IMG_3611-1024x768.jpg\" \/>\n<meta name=\"author\" content=\"Sigurdur Hafthorsson\" \/>\n<meta name=\"twitter:card\" content=\"summary_large_image\" \/>\n<meta name=\"twitter:label1\" content=\"Skriven av\" \/>\n\t<meta name=\"twitter:data1\" content=\"Sigurdur Hafthorsson\" \/>\n\t<meta name=\"twitter:label2\" content=\"Ber\u00e4knad l\u00e4stid\" \/>\n\t<meta name=\"twitter:data2\" content=\"4 minuter\" \/>\n<script type=\"application\/ld+json\" class=\"yoast-schema-graph\">{\"@context\":\"https:\/\/schema.org\",\"@graph\":[{\"@type\":\"Article\",\"@id\":\"https:\/\/blogg.svenskakyrkan.se\/sigurhaf\/2015\/02\/07\/teologifestival-pa-samefolkets-dag\/#article\",\"isPartOf\":{\"@id\":\"https:\/\/blogg.svenskakyrkan.se\/sigurhaf\/2015\/02\/07\/teologifestival-pa-samefolkets-dag\/\"},\"author\":{\"name\":\"Sigurdur Hafthorsson\",\"@id\":\"https:\/\/blogg.svenskakyrkan.se\/sigurhaf\/#\/schema\/person\/5ad3391a356006d50ac032b7b69c159d\"},\"headline\":\"Teologifestival p\u00e5 samefolkets dag\",\"datePublished\":\"2015-02-07T08:28:45+00:00\",\"dateModified\":\"2015-02-07T17:06:36+00:00\",\"mainEntityOfPage\":{\"@id\":\"https:\/\/blogg.svenskakyrkan.se\/sigurhaf\/2015\/02\/07\/teologifestival-pa-samefolkets-dag\/\"},\"wordCount\":781,\"commentCount\":0,\"image\":{\"@id\":\"https:\/\/blogg.svenskakyrkan.se\/sigurhaf\/2015\/02\/07\/teologifestival-pa-samefolkets-dag\/#primaryimage\"},\"thumbnailUrl\":\"http:\/\/blogg.svenskakyrkan.se\/sigurhaf\/files\/2015\/02\/IMG_3611-1024x768.jpg\",\"keywords\":[\"ILO169\",\"Jojk\",\"Teologifestival\"],\"articleSection\":{\"0\":\"Flerspr\u00e5kighet\",\"1\":\"Kyrka\",\"3\":\"Samer\",\"4\":\"Urfolk\"},\"inLanguage\":\"sv-SE\",\"potentialAction\":[{\"@type\":\"CommentAction\",\"name\":\"Comment\",\"target\":[\"https:\/\/blogg.svenskakyrkan.se\/sigurhaf\/2015\/02\/07\/teologifestival-pa-samefolkets-dag\/#respond\"]}]},{\"@type\":\"WebPage\",\"@id\":\"https:\/\/blogg.svenskakyrkan.se\/sigurhaf\/2015\/02\/07\/teologifestival-pa-samefolkets-dag\/\",\"url\":\"https:\/\/blogg.svenskakyrkan.se\/sigurhaf\/2015\/02\/07\/teologifestival-pa-samefolkets-dag\/\",\"name\":\"Teologifestival p\u00e5 samefolkets dag - Samtal i Damaskusporten\",\"isPartOf\":{\"@id\":\"https:\/\/blogg.svenskakyrkan.se\/sigurhaf\/#website\"},\"primaryImageOfPage\":{\"@id\":\"https:\/\/blogg.svenskakyrkan.se\/sigurhaf\/2015\/02\/07\/teologifestival-pa-samefolkets-dag\/#primaryimage\"},\"image\":{\"@id\":\"https:\/\/blogg.svenskakyrkan.se\/sigurhaf\/2015\/02\/07\/teologifestival-pa-samefolkets-dag\/#primaryimage\"},\"thumbnailUrl\":\"http:\/\/blogg.svenskakyrkan.se\/sigurhaf\/files\/2015\/02\/IMG_3611-1024x768.jpg\",\"datePublished\":\"2015-02-07T08:28:45+00:00\",\"dateModified\":\"2015-02-07T17:06:36+00:00\",\"author\":{\"@id\":\"https:\/\/blogg.svenskakyrkan.se\/sigurhaf\/#\/schema\/person\/5ad3391a356006d50ac032b7b69c159d\"},\"breadcrumb\":{\"@id\":\"https:\/\/blogg.svenskakyrkan.se\/sigurhaf\/2015\/02\/07\/teologifestival-pa-samefolkets-dag\/#breadcrumb\"},\"inLanguage\":\"sv-SE\",\"potentialAction\":[{\"@type\":\"ReadAction\",\"target\":[\"https:\/\/blogg.svenskakyrkan.se\/sigurhaf\/2015\/02\/07\/teologifestival-pa-samefolkets-dag\/\"]}]},{\"@type\":\"ImageObject\",\"inLanguage\":\"sv-SE\",\"@id\":\"https:\/\/blogg.svenskakyrkan.se\/sigurhaf\/2015\/02\/07\/teologifestival-pa-samefolkets-dag\/#primaryimage\",\"url\":\"https:\/\/blogg.svenskakyrkan.se\/sigurhaf\/files\/2015\/02\/IMG_3611.jpg\",\"contentUrl\":\"https:\/\/blogg.svenskakyrkan.se\/sigurhaf\/files\/2015\/02\/IMG_3611.jpg\",\"width\":3264,\"height\":2448},{\"@type\":\"BreadcrumbList\",\"@id\":\"https:\/\/blogg.svenskakyrkan.se\/sigurhaf\/2015\/02\/07\/teologifestival-pa-samefolkets-dag\/#breadcrumb\",\"itemListElement\":[{\"@type\":\"ListItem\",\"position\":1,\"name\":\"Hem\",\"item\":\"https:\/\/blogg.svenskakyrkan.se\/sigurhaf\/\"},{\"@type\":\"ListItem\",\"position\":2,\"name\":\"Teologifestival p\u00e5 samefolkets dag\"}]},{\"@type\":\"WebSite\",\"@id\":\"https:\/\/blogg.svenskakyrkan.se\/sigurhaf\/#website\",\"url\":\"https:\/\/blogg.svenskakyrkan.se\/sigurhaf\/\",\"name\":\"Samtal i Damaskusporten\",\"description\":\"I biblisk tid tr\u00e4ffades de \u00e4ldste och talade om dagens fr\u00e5gor i stadsporten. Nu fyller sociala medier denna funktion.\",\"potentialAction\":[{\"@type\":\"SearchAction\",\"target\":{\"@type\":\"EntryPoint\",\"urlTemplate\":\"https:\/\/blogg.svenskakyrkan.se\/sigurhaf\/?s={search_term_string}\"},\"query-input\":{\"@type\":\"PropertyValueSpecification\",\"valueRequired\":true,\"valueName\":\"search_term_string\"}}],\"inLanguage\":\"sv-SE\"},{\"@type\":\"Person\",\"@id\":\"https:\/\/blogg.svenskakyrkan.se\/sigurhaf\/#\/schema\/person\/5ad3391a356006d50ac032b7b69c159d\",\"name\":\"Sigurdur Hafthorsson\",\"image\":{\"@type\":\"ImageObject\",\"inLanguage\":\"sv-SE\",\"@id\":\"https:\/\/blogg.svenskakyrkan.se\/sigurhaf\/#\/schema\/person\/image\/\",\"url\":\"https:\/\/secure.gravatar.com\/avatar\/9555024efd78e4779967459adf0bcbd071e66739b61e5fd0e4409bb991d9fe0c?s=96&d=mm&r=g\",\"contentUrl\":\"https:\/\/secure.gravatar.com\/avatar\/9555024efd78e4779967459adf0bcbd071e66739b61e5fd0e4409bb991d9fe0c?s=96&d=mm&r=g\",\"caption\":\"Sigurdur Hafthorsson\"},\"description\":\"Teologisk sekreterare p\u00e5 kyrkokansliet i Uppsala\",\"url\":\"https:\/\/blogg.svenskakyrkan.se\/sigurhaf\/author\/sigurhaf\/\"}]}<\/script>\n<!-- \/ Yoast SEO plugin. -->","yoast_head_json":{"title":"Teologifestival p\u00e5 samefolkets dag - Samtal i Damaskusporten","robots":{"index":"index","follow":"follow","max-snippet":"max-snippet:-1","max-image-preview":"max-image-preview:large","max-video-preview":"max-video-preview:-1"},"canonical":"https:\/\/blogg.svenskakyrkan.se\/sigurhaf\/2015\/02\/07\/teologifestival-pa-samefolkets-dag\/","og_locale":"sv_SE","og_type":"article","og_title":"Teologifestival p\u00e5 samefolkets dag - Samtal i Damaskusporten","og_description":"Ig\u00e5r drog teologifestivalen i Uppsala ig\u00e5ng. Den p\u00e5g\u00e5r under tre dagar med diskussioner om teologi, gudstj\u00e4nstliv och allm\u00e4n festivalst\u00e4mning. Jag deltog i inledningsgudstj\u00e4nsten och efterf\u00f6ljande program i universitetsaulan ig\u00e5r. Ett tydligt str\u00e5k av samisk kultur fanns med under hela kv\u00e4llen &#8211; ett s\u00e4tt att uppm\u00e4rksamma och fira samefolkets dag 6 februari. Och att uppm\u00e4rksamma Svenska [&hellip;]","og_url":"https:\/\/blogg.svenskakyrkan.se\/sigurhaf\/2015\/02\/07\/teologifestival-pa-samefolkets-dag\/","og_site_name":"Samtal i Damaskusporten","article_published_time":"2015-02-07T08:28:45+00:00","article_modified_time":"2015-02-07T17:06:36+00:00","og_image":[{"url":"http:\/\/blogg.svenskakyrkan.se\/sigurhaf\/files\/2015\/02\/IMG_3611-1024x768.jpg","type":"","width":"","height":""}],"author":"Sigurdur Hafthorsson","twitter_card":"summary_large_image","twitter_misc":{"Skriven av":"Sigurdur Hafthorsson","Ber\u00e4knad l\u00e4stid":"4 minuter"},"schema":{"@context":"https:\/\/schema.org","@graph":[{"@type":"Article","@id":"https:\/\/blogg.svenskakyrkan.se\/sigurhaf\/2015\/02\/07\/teologifestival-pa-samefolkets-dag\/#article","isPartOf":{"@id":"https:\/\/blogg.svenskakyrkan.se\/sigurhaf\/2015\/02\/07\/teologifestival-pa-samefolkets-dag\/"},"author":{"name":"Sigurdur Hafthorsson","@id":"https:\/\/blogg.svenskakyrkan.se\/sigurhaf\/#\/schema\/person\/5ad3391a356006d50ac032b7b69c159d"},"headline":"Teologifestival p\u00e5 samefolkets dag","datePublished":"2015-02-07T08:28:45+00:00","dateModified":"2015-02-07T17:06:36+00:00","mainEntityOfPage":{"@id":"https:\/\/blogg.svenskakyrkan.se\/sigurhaf\/2015\/02\/07\/teologifestival-pa-samefolkets-dag\/"},"wordCount":781,"commentCount":0,"image":{"@id":"https:\/\/blogg.svenskakyrkan.se\/sigurhaf\/2015\/02\/07\/teologifestival-pa-samefolkets-dag\/#primaryimage"},"thumbnailUrl":"http:\/\/blogg.svenskakyrkan.se\/sigurhaf\/files\/2015\/02\/IMG_3611-1024x768.jpg","keywords":["ILO169","Jojk","Teologifestival"],"articleSection":{"0":"Flerspr\u00e5kighet","1":"Kyrka","3":"Samer","4":"Urfolk"},"inLanguage":"sv-SE","potentialAction":[{"@type":"CommentAction","name":"Comment","target":["https:\/\/blogg.svenskakyrkan.se\/sigurhaf\/2015\/02\/07\/teologifestival-pa-samefolkets-dag\/#respond"]}]},{"@type":"WebPage","@id":"https:\/\/blogg.svenskakyrkan.se\/sigurhaf\/2015\/02\/07\/teologifestival-pa-samefolkets-dag\/","url":"https:\/\/blogg.svenskakyrkan.se\/sigurhaf\/2015\/02\/07\/teologifestival-pa-samefolkets-dag\/","name":"Teologifestival p\u00e5 samefolkets dag - Samtal i Damaskusporten","isPartOf":{"@id":"https:\/\/blogg.svenskakyrkan.se\/sigurhaf\/#website"},"primaryImageOfPage":{"@id":"https:\/\/blogg.svenskakyrkan.se\/sigurhaf\/2015\/02\/07\/teologifestival-pa-samefolkets-dag\/#primaryimage"},"image":{"@id":"https:\/\/blogg.svenskakyrkan.se\/sigurhaf\/2015\/02\/07\/teologifestival-pa-samefolkets-dag\/#primaryimage"},"thumbnailUrl":"http:\/\/blogg.svenskakyrkan.se\/sigurhaf\/files\/2015\/02\/IMG_3611-1024x768.jpg","datePublished":"2015-02-07T08:28:45+00:00","dateModified":"2015-02-07T17:06:36+00:00","author":{"@id":"https:\/\/blogg.svenskakyrkan.se\/sigurhaf\/#\/schema\/person\/5ad3391a356006d50ac032b7b69c159d"},"breadcrumb":{"@id":"https:\/\/blogg.svenskakyrkan.se\/sigurhaf\/2015\/02\/07\/teologifestival-pa-samefolkets-dag\/#breadcrumb"},"inLanguage":"sv-SE","potentialAction":[{"@type":"ReadAction","target":["https:\/\/blogg.svenskakyrkan.se\/sigurhaf\/2015\/02\/07\/teologifestival-pa-samefolkets-dag\/"]}]},{"@type":"ImageObject","inLanguage":"sv-SE","@id":"https:\/\/blogg.svenskakyrkan.se\/sigurhaf\/2015\/02\/07\/teologifestival-pa-samefolkets-dag\/#primaryimage","url":"https:\/\/blogg.svenskakyrkan.se\/sigurhaf\/files\/2015\/02\/IMG_3611.jpg","contentUrl":"https:\/\/blogg.svenskakyrkan.se\/sigurhaf\/files\/2015\/02\/IMG_3611.jpg","width":3264,"height":2448},{"@type":"BreadcrumbList","@id":"https:\/\/blogg.svenskakyrkan.se\/sigurhaf\/2015\/02\/07\/teologifestival-pa-samefolkets-dag\/#breadcrumb","itemListElement":[{"@type":"ListItem","position":1,"name":"Hem","item":"https:\/\/blogg.svenskakyrkan.se\/sigurhaf\/"},{"@type":"ListItem","position":2,"name":"Teologifestival p\u00e5 samefolkets dag"}]},{"@type":"WebSite","@id":"https:\/\/blogg.svenskakyrkan.se\/sigurhaf\/#website","url":"https:\/\/blogg.svenskakyrkan.se\/sigurhaf\/","name":"Samtal i Damaskusporten","description":"I biblisk tid tr\u00e4ffades de \u00e4ldste och talade om dagens fr\u00e5gor i stadsporten. Nu fyller sociala medier denna funktion.","potentialAction":[{"@type":"SearchAction","target":{"@type":"EntryPoint","urlTemplate":"https:\/\/blogg.svenskakyrkan.se\/sigurhaf\/?s={search_term_string}"},"query-input":{"@type":"PropertyValueSpecification","valueRequired":true,"valueName":"search_term_string"}}],"inLanguage":"sv-SE"},{"@type":"Person","@id":"https:\/\/blogg.svenskakyrkan.se\/sigurhaf\/#\/schema\/person\/5ad3391a356006d50ac032b7b69c159d","name":"Sigurdur Hafthorsson","image":{"@type":"ImageObject","inLanguage":"sv-SE","@id":"https:\/\/blogg.svenskakyrkan.se\/sigurhaf\/#\/schema\/person\/image\/","url":"https:\/\/secure.gravatar.com\/avatar\/9555024efd78e4779967459adf0bcbd071e66739b61e5fd0e4409bb991d9fe0c?s=96&d=mm&r=g","contentUrl":"https:\/\/secure.gravatar.com\/avatar\/9555024efd78e4779967459adf0bcbd071e66739b61e5fd0e4409bb991d9fe0c?s=96&d=mm&r=g","caption":"Sigurdur Hafthorsson"},"description":"Teologisk sekreterare p\u00e5 kyrkokansliet i Uppsala","url":"https:\/\/blogg.svenskakyrkan.se\/sigurhaf\/author\/sigurhaf\/"}]}},"author_meta":{"ID":"103","user_nicename":"sigurhaf","user_registered":"2011-10-04 08:33:14","display_name":"Sigurdur Hafthorsson","first_name":"Sigurdur","last_name":"Hafthorsson","avatar":"https:\/\/secure.gravatar.com\/avatar\/9555024efd78e4779967459adf0bcbd071e66739b61e5fd0e4409bb991d9fe0c?s=96&d=mm&r=g"},"featured_image":false,"bloginfo":{"name":"Samtal i Damaskusporten","url":"https:\/\/blogg.svenskakyrkan.se\/sigurhaf"},"_links":{"self":[{"href":"https:\/\/blogg.svenskakyrkan.se\/sigurhaf\/wp-json\/wp\/v2\/posts\/398","targetHints":{"allow":["GET"]}}],"collection":[{"href":"https:\/\/blogg.svenskakyrkan.se\/sigurhaf\/wp-json\/wp\/v2\/posts"}],"about":[{"href":"https:\/\/blogg.svenskakyrkan.se\/sigurhaf\/wp-json\/wp\/v2\/types\/post"}],"author":[{"embeddable":true,"href":"https:\/\/blogg.svenskakyrkan.se\/sigurhaf\/wp-json\/wp\/v2\/users\/103"}],"replies":[{"embeddable":true,"href":"https:\/\/blogg.svenskakyrkan.se\/sigurhaf\/wp-json\/wp\/v2\/comments?post=398"}],"version-history":[{"count":7,"href":"https:\/\/blogg.svenskakyrkan.se\/sigurhaf\/wp-json\/wp\/v2\/posts\/398\/revisions"}],"predecessor-version":[{"id":406,"href":"https:\/\/blogg.svenskakyrkan.se\/sigurhaf\/wp-json\/wp\/v2\/posts\/398\/revisions\/406"}],"wp:attachment":[{"href":"https:\/\/blogg.svenskakyrkan.se\/sigurhaf\/wp-json\/wp\/v2\/media?parent=398"}],"wp:term":[{"taxonomy":"category","embeddable":true,"href":"https:\/\/blogg.svenskakyrkan.se\/sigurhaf\/wp-json\/wp\/v2\/categories?post=398"},{"taxonomy":"post_tag","embeddable":true,"href":"https:\/\/blogg.svenskakyrkan.se\/sigurhaf\/wp-json\/wp\/v2\/tags?post=398"}],"curies":[{"name":"wp","href":"https:\/\/api.w.org\/{rel}","templated":true}]}}