{"id":107,"date":"2016-08-21T10:57:03","date_gmt":"2016-08-21T08:57:03","guid":{"rendered":"http:\/\/blogg.svenskakyrkan.se\/tankarinforhelgen\/?p=107"},"modified":"2017-04-07T13:11:37","modified_gmt":"2017-04-07T11:11:37","slug":"en-god-garning-ar-aldrig-nagonsin-bortkastad","status":"publish","type":"post","link":"https:\/\/blogg.svenskakyrkan.se\/tankarinforhelgen\/2016\/08\/21\/en-god-garning-ar-aldrig-nagonsin-bortkastad\/","title":{"rendered":"En god g\u00e4rning \u00e4r aldrig n\u00e5gonsin bortkastad"},"content":{"rendered":"<p><a href=\"http:\/\/blogg.svenskakyrkan.se\/tankarinforhelgen\/files\/2016\/12\/10293721.jpg\"><img loading=\"lazy\" decoding=\"async\" class=\"alignnone size-full wp-image-108\" src=\"http:\/\/blogg.svenskakyrkan.se\/tankarinforhelgen\/files\/2016\/12\/10293721.jpg\" alt=\"_DSC9024\" width=\"1920\" height=\"1281\" srcset=\"https:\/\/blogg.svenskakyrkan.se\/tankarinforhelgen\/files\/2016\/12\/10293721.jpg 1920w, https:\/\/blogg.svenskakyrkan.se\/tankarinforhelgen\/files\/2016\/12\/10293721-300x200.jpg 300w, https:\/\/blogg.svenskakyrkan.se\/tankarinforhelgen\/files\/2016\/12\/10293721-1024x683.jpg 1024w, https:\/\/blogg.svenskakyrkan.se\/tankarinforhelgen\/files\/2016\/12\/10293721-450x300.jpg 450w\" sizes=\"auto, (max-width: 1920px) 100vw, 1920px\" \/><\/a><\/p>\n<p><strong>13:e s\u00f6ndagen efter trefaldighet, 21 augusti<\/strong><\/p>\n<p><em>V\u00e4rldens o\u00e4ndliga behov av medm\u00e4nsklighet kan f\u00e5 oss att sucka uppgivet och maktl\u00f6st. Det lilla vi kan g\u00f6ra k\u00e4nns som ingenting.<\/em><\/p>\n<article class=\"article-content text-editor-content\">I en tid d\u00e5 Kyrie Eleison, &#8221;Herre, f\u00f6rbarma dig&#8221;, tycks vara det omkv\u00e4de som stiger fr\u00e5n jordens alla h\u00f6rn upp till himlens h\u00e4rlighet \u00e4r det l\u00e4tt att inte h\u00f6ra det Gloria, den lovs\u00e5ng, som trots allt g\u00f6r s\u00e5 att v\u00e4rlden snurrar.Vi lever ju ocks\u00e5 i en v\u00e4rld av goda g\u00e4rningar och ibland blir vi s\u00e5 fokuserade p\u00e5 det sargade att vi gl\u00f6mmer bort v\u00e5r f\u00f6rm\u00e5ga att pl\u00e5stra om. Femton\u00e5ringen i konfirmandk\u00e5pan p\u00e5minner mig n\u00e4r han med klar st\u00e4mma ber\u00e4ttar om det senaste dygnets goda nyheter han skrivit ner:<\/p>\n<p><em>\u201dM\u00e5nga m\u00e4nniskor har k\u00e4nt att livet \u00e4r meningsfullt och tusentals m\u00e4nniskor har faktiskt avst\u00e5tt fr\u00e5n att s\u00e4ga eller g\u00f6ra n\u00e5got elakt.<br \/>\n<\/em><br \/>\n<em>Varje sekund har intelligenta, k\u00e4rleksfulla, v\u00e4nskapliga och v\u00e4ldigt modiga handlingar utf\u00f6rts p\u00e5 v\u00e5r planet och gjort att m\u00e5nga m\u00e4nniskor har f\u00e5tt skratta.<\/em><br \/>\n<em>Jorden har inte g\u00e5tt under utan fortsatt snurra runt sin axel som vanligt och det g\u00f6r att solen g\u00e5tt upp \u00f6verallt, \u00e4ven hos dem som \u00e4r hungriga, ledsna och ensamma.<br \/>\n<\/em><br \/>\n<em>Miljontals m\u00e4nniskor har tittat p\u00e5 varandra sn\u00e4llt, har k\u00e4mpat f\u00f6r bra saker och v\u00e4grat ge upp.\u201d<br \/>\n<\/em><br \/>\nTemat f\u00f6r s\u00f6ndagen som kommer \u00e4r Medm\u00e4nniskan och n\u00e4r jag l\u00e4ser bibeltexterna s\u00e5 t\u00e4nker jag p\u00e5 \u00a0medorden vi har. Medm\u00e4nniska, medskapare och medk\u00e4nsla. Med m\u00e4nniska, inte mot m\u00e4nniska, inte mot skapare, och inte mot k\u00e4nsla. Jesu ord \u00e4r glasklara &#8211; \u00e4lska helt enkelt, g\u00f6r det bara!<\/p>\n<p>Det handlar om nickar och leenden i vardagliga m\u00f6ten, ett ber\u00f6mmande ord och en klapp p\u00e5 en axel. Det handlar om att plocka upp det som n\u00e5gon har tappat, att s\u00e4ga tack och att vara en m\u00e4nniska som ser en annans m\u00e4nniskas behov. Att vara en medm\u00e4nniska med m\u00e4nniskor.<\/p>\n<p>V\u00e5ra liv best\u00e5r av m\u00f6ten, v\u00e4nskapsm\u00f6ten, k\u00e4rleksm\u00f6ten och de d\u00e4r m\u00f6tena som f\u00e5r oss att b\u00e5de vilja fly och illa f\u00e4kta, att skamset sjunka genom marken eller att ilsket vilja ge den svidande kommentaren tillbaka.<\/p>\n<section class=\"c-quote quote--article quote--left\">\n<div class=\"quote-container grid-container\">\n<blockquote class=\"quote-content\">\n<p class=\"quote-text\">Med m\u00e4nniska, inte mot m\u00e4nniska, inte mot skapare, och inte mot k\u00e4nsla. Jesu ord \u00e4r glasklara &#8211; \u00e4lska helt enkelt, g\u00f6r det bara!<\/p>\n<\/blockquote>\n<\/div>\n<\/section>\n<p>Och Jesus vet och Jesus l\u00e4r. <em>\u201dGud l\u00e5ter sin sol g\u00e5 upp \u00f6ver b\u00e5de onda och goda, g\u00e5 l\u00e4ngre \u00e4n vad du egentligen har lust och tid till, ge mer \u00e4n vad som beh\u00f6vs och v\u00e4nd inte ryggen till den som beh\u00f6ver dig.\u201d<\/em><\/p>\n<p>V\u00e4rldens o\u00e4ndliga behov av medm\u00e4nsklighet kan f\u00e5 oss att sucka uppgivet och maktl\u00f6st. Det lilla vi kan g\u00f6ra k\u00e4nns som ingenting. Men en god g\u00e4rning \u00e4r aldrig n\u00e5gonsin bortkastad och n\u00e4r vi trots v\u00e5ra goda f\u00f6resatser misslyckas skulle jag vilja l\u00e4gga till en god nyhet till konfirmandens kloka lista:<\/p>\n<p><em>\u201dTusentals m\u00e4nniskor har f\u00e5tt nya m\u00f6jligheter att r\u00e4tta till det som blivit fel och tagit chansen att s\u00e4ga f\u00f6rl\u00e5t, kom, f\u00f6lj med. Tillsammans \u00e4r vi oslagbara.\u201d<\/em><\/p>\n<p>N\u00e4r jag l\u00e4ser evangelietexten en sista g\u00e5ng ser jag f\u00f6r mitt inre hur Jesus och l\u00e4rjungarna g\u00e5r iv\u00e4g. En dag \u00e4r till \u00e4nda, solen sjunker sakta och f\u00e4rgar himlen r\u00f6d, olivtr\u00e4den skimrar som silver och n\u00e4r v\u00e4nnerna l\u00e4gger sig att sova s\u00e5 g\u00e5r solen upp f\u00f6r andra.<\/p>\n<p>Nya dagar med nya m\u00f6jligheter och jag tycker mig h\u00f6ra att en av de 12 nynnar p\u00e5 en s\u00e5ng som jag sj\u00e4lv nynnat p\u00e5 m\u00e5nga g\u00e5nger:<\/p>\n<p><em>\u201dS\u00e5 forts\u00e4tt l\u00e4ngta, hitta mod. V\u00e5ga hoppas, v\u00e5ga tro. Tro p\u00e5 dr\u00f6mmar, ta ett kliv. V\u00e4lt den v\u00e4rld du lever i. Och var en galning, var naiv. Det \u00e4r det som h\u00e5ller oss vid liv.\u201d<\/em><\/p>\n<p><em>Lotta Ingerholt,\u00a0f\u00f6rsamlingspedagog\/gymnasieteolog,\u00a0Svenska kyrkan i Uppsala.<\/em><\/p>\n<\/article>\n<section class=\"c-infobox infobox infobox--article infobox--article-right is-collapsed has-overflow is-checked\">\n<div class=\"infobox-container\"><\/div>\n<\/section>\n","protected":false},"excerpt":{"rendered":"<p>13:e s\u00f6ndagen efter trefaldighet, 21 augusti V\u00e4rldens o\u00e4ndliga behov av medm\u00e4nsklighet kan f\u00e5 oss att sucka uppgivet och maktl\u00f6st. Det lilla vi kan g\u00f6ra k\u00e4nns som ingenting. I en tid d\u00e5 Kyrie Eleison, &#8221;Herre, f\u00f6rbarma dig&#8221;, tycks vara det omkv\u00e4de som stiger fr\u00e5n jordens alla h\u00f6rn upp till himlens h\u00e4rlighet \u00e4r det l\u00e4tt att inte [&hellip;]<\/p>\n","protected":false},"author":458,"featured_media":0,"comment_status":"open","ping_status":"open","sticky":false,"template":"","format":"standard","meta":{"_acf_changed":false,"footnotes":""},"categories":[131951],"tags":[142455],"class_list":["post-107","post","type-post","status-publish","format-standard","hentry","category-13e-sondagen-efter-trefaldighet","tag-trefaldighetstiden"],"acf":[],"yoast_head":"<!-- This site is optimized with the Yoast SEO plugin v27.1.1 - https:\/\/yoast.com\/product\/yoast-seo-wordpress\/ -->\n<title>En god g\u00e4rning \u00e4r aldrig n\u00e5gonsin bortkastad - Tankar inf\u00f6r helgen<\/title>\n<meta name=\"robots\" content=\"index, follow, max-snippet:-1, max-image-preview:large, max-video-preview:-1\" \/>\n<link rel=\"canonical\" href=\"https:\/\/blogg.svenskakyrkan.se\/tankarinforhelgen\/2016\/08\/21\/en-god-garning-ar-aldrig-nagonsin-bortkastad\/\" \/>\n<meta property=\"og:locale\" content=\"sv_SE\" \/>\n<meta property=\"og:type\" content=\"article\" \/>\n<meta property=\"og:title\" content=\"En god g\u00e4rning \u00e4r aldrig n\u00e5gonsin bortkastad - Tankar inf\u00f6r helgen\" \/>\n<meta property=\"og:description\" content=\"13:e s\u00f6ndagen efter trefaldighet, 21 augusti V\u00e4rldens o\u00e4ndliga behov av medm\u00e4nsklighet kan f\u00e5 oss att sucka uppgivet och maktl\u00f6st. Det lilla vi kan g\u00f6ra k\u00e4nns som ingenting. I en tid d\u00e5 Kyrie Eleison, &#8221;Herre, f\u00f6rbarma dig&#8221;, tycks vara det omkv\u00e4de som stiger fr\u00e5n jordens alla h\u00f6rn upp till himlens h\u00e4rlighet \u00e4r det l\u00e4tt att inte [&hellip;]\" \/>\n<meta property=\"og:url\" content=\"https:\/\/blogg.svenskakyrkan.se\/tankarinforhelgen\/2016\/08\/21\/en-god-garning-ar-aldrig-nagonsin-bortkastad\/\" \/>\n<meta property=\"og:site_name\" content=\"Tankar inf\u00f6r helgen\" \/>\n<meta property=\"article:published_time\" content=\"2016-08-21T08:57:03+00:00\" \/>\n<meta property=\"article:modified_time\" content=\"2017-04-07T11:11:37+00:00\" \/>\n<meta property=\"og:image\" content=\"http:\/\/blogg.svenskakyrkan.se\/tankarinforhelgen\/files\/2016\/12\/10293721.jpg\" \/>\n<meta name=\"author\" content=\"Magdalena Wernefeldt\" \/>\n<meta name=\"twitter:card\" content=\"summary_large_image\" \/>\n<meta name=\"twitter:label1\" content=\"Skriven av\" \/>\n\t<meta name=\"twitter:data1\" content=\"Magdalena Wernefeldt\" \/>\n\t<meta name=\"twitter:label2\" content=\"Ber\u00e4knad l\u00e4stid\" \/>\n\t<meta name=\"twitter:data2\" content=\"4 minuter\" \/>\n<script type=\"application\/ld+json\" class=\"yoast-schema-graph\">{\"@context\":\"https:\/\/schema.org\",\"@graph\":[{\"@type\":\"Article\",\"@id\":\"https:\/\/blogg.svenskakyrkan.se\/tankarinforhelgen\/2016\/08\/21\/en-god-garning-ar-aldrig-nagonsin-bortkastad\/#article\",\"isPartOf\":{\"@id\":\"https:\/\/blogg.svenskakyrkan.se\/tankarinforhelgen\/2016\/08\/21\/en-god-garning-ar-aldrig-nagonsin-bortkastad\/\"},\"author\":{\"name\":\"Magdalena Wernefeldt\",\"@id\":\"https:\/\/blogg.svenskakyrkan.se\/tankarinforhelgen\/#\/schema\/person\/c19e8a124f507336a7f712f3b02d924b\"},\"headline\":\"En god g\u00e4rning \u00e4r aldrig n\u00e5gonsin bortkastad\",\"datePublished\":\"2016-08-21T08:57:03+00:00\",\"dateModified\":\"2017-04-07T11:11:37+00:00\",\"mainEntityOfPage\":{\"@id\":\"https:\/\/blogg.svenskakyrkan.se\/tankarinforhelgen\/2016\/08\/21\/en-god-garning-ar-aldrig-nagonsin-bortkastad\/\"},\"wordCount\":747,\"commentCount\":0,\"image\":{\"@id\":\"https:\/\/blogg.svenskakyrkan.se\/tankarinforhelgen\/2016\/08\/21\/en-god-garning-ar-aldrig-nagonsin-bortkastad\/#primaryimage\"},\"thumbnailUrl\":\"http:\/\/blogg.svenskakyrkan.se\/tankarinforhelgen\/files\/2016\/12\/10293721.jpg\",\"keywords\":[\"Trefaldighetstiden\"],\"articleSection\":[\"13:e s\u00f6ndagen efter trefaldighet\"],\"inLanguage\":\"sv-SE\",\"potentialAction\":[{\"@type\":\"CommentAction\",\"name\":\"Comment\",\"target\":[\"https:\/\/blogg.svenskakyrkan.se\/tankarinforhelgen\/2016\/08\/21\/en-god-garning-ar-aldrig-nagonsin-bortkastad\/#respond\"]}]},{\"@type\":\"WebPage\",\"@id\":\"https:\/\/blogg.svenskakyrkan.se\/tankarinforhelgen\/2016\/08\/21\/en-god-garning-ar-aldrig-nagonsin-bortkastad\/\",\"url\":\"https:\/\/blogg.svenskakyrkan.se\/tankarinforhelgen\/2016\/08\/21\/en-god-garning-ar-aldrig-nagonsin-bortkastad\/\",\"name\":\"En god g\u00e4rning \u00e4r aldrig n\u00e5gonsin bortkastad - Tankar inf\u00f6r helgen\",\"isPartOf\":{\"@id\":\"https:\/\/blogg.svenskakyrkan.se\/tankarinforhelgen\/#website\"},\"primaryImageOfPage\":{\"@id\":\"https:\/\/blogg.svenskakyrkan.se\/tankarinforhelgen\/2016\/08\/21\/en-god-garning-ar-aldrig-nagonsin-bortkastad\/#primaryimage\"},\"image\":{\"@id\":\"https:\/\/blogg.svenskakyrkan.se\/tankarinforhelgen\/2016\/08\/21\/en-god-garning-ar-aldrig-nagonsin-bortkastad\/#primaryimage\"},\"thumbnailUrl\":\"http:\/\/blogg.svenskakyrkan.se\/tankarinforhelgen\/files\/2016\/12\/10293721.jpg\",\"datePublished\":\"2016-08-21T08:57:03+00:00\",\"dateModified\":\"2017-04-07T11:11:37+00:00\",\"author\":{\"@id\":\"https:\/\/blogg.svenskakyrkan.se\/tankarinforhelgen\/#\/schema\/person\/c19e8a124f507336a7f712f3b02d924b\"},\"breadcrumb\":{\"@id\":\"https:\/\/blogg.svenskakyrkan.se\/tankarinforhelgen\/2016\/08\/21\/en-god-garning-ar-aldrig-nagonsin-bortkastad\/#breadcrumb\"},\"inLanguage\":\"sv-SE\",\"potentialAction\":[{\"@type\":\"ReadAction\",\"target\":[\"https:\/\/blogg.svenskakyrkan.se\/tankarinforhelgen\/2016\/08\/21\/en-god-garning-ar-aldrig-nagonsin-bortkastad\/\"]}]},{\"@type\":\"ImageObject\",\"inLanguage\":\"sv-SE\",\"@id\":\"https:\/\/blogg.svenskakyrkan.se\/tankarinforhelgen\/2016\/08\/21\/en-god-garning-ar-aldrig-nagonsin-bortkastad\/#primaryimage\",\"url\":\"http:\/\/blogg.svenskakyrkan.se\/tankarinforhelgen\/files\/2016\/12\/10293721.jpg\",\"contentUrl\":\"http:\/\/blogg.svenskakyrkan.se\/tankarinforhelgen\/files\/2016\/12\/10293721.jpg\"},{\"@type\":\"BreadcrumbList\",\"@id\":\"https:\/\/blogg.svenskakyrkan.se\/tankarinforhelgen\/2016\/08\/21\/en-god-garning-ar-aldrig-nagonsin-bortkastad\/#breadcrumb\",\"itemListElement\":[{\"@type\":\"ListItem\",\"position\":1,\"name\":\"Hem\",\"item\":\"https:\/\/blogg.svenskakyrkan.se\/tankarinforhelgen\/\"},{\"@type\":\"ListItem\",\"position\":2,\"name\":\"En god g\u00e4rning \u00e4r aldrig n\u00e5gonsin bortkastad\"}]},{\"@type\":\"WebSite\",\"@id\":\"https:\/\/blogg.svenskakyrkan.se\/tankarinforhelgen\/#website\",\"url\":\"https:\/\/blogg.svenskakyrkan.se\/tankarinforhelgen\/\",\"name\":\"Tankar inf\u00f6r helgen\",\"description\":\"Pr\u00e4ster funderar utifr\u00e5n kommande s\u00f6ndags texter\",\"potentialAction\":[{\"@type\":\"SearchAction\",\"target\":{\"@type\":\"EntryPoint\",\"urlTemplate\":\"https:\/\/blogg.svenskakyrkan.se\/tankarinforhelgen\/?s={search_term_string}\"},\"query-input\":{\"@type\":\"PropertyValueSpecification\",\"valueRequired\":true,\"valueName\":\"search_term_string\"}}],\"inLanguage\":\"sv-SE\"},{\"@type\":\"Person\",\"@id\":\"https:\/\/blogg.svenskakyrkan.se\/tankarinforhelgen\/#\/schema\/person\/c19e8a124f507336a7f712f3b02d924b\",\"name\":\"Magdalena Wernefeldt\",\"image\":{\"@type\":\"ImageObject\",\"inLanguage\":\"sv-SE\",\"@id\":\"https:\/\/blogg.svenskakyrkan.se\/tankarinforhelgen\/#\/schema\/person\/image\/\",\"url\":\"https:\/\/secure.gravatar.com\/avatar\/23dab26aed51bdfcff5c1559ea1a5d339f00dac73f3d56d1d8b724c1d9074328?s=96&d=mm&r=g\",\"contentUrl\":\"https:\/\/secure.gravatar.com\/avatar\/23dab26aed51bdfcff5c1559ea1a5d339f00dac73f3d56d1d8b724c1d9074328?s=96&d=mm&r=g\",\"caption\":\"Magdalena Wernefeldt\"},\"url\":\"https:\/\/blogg.svenskakyrkan.se\/tankarinforhelgen\/author\/svkmwt\/\"}]}<\/script>\n<!-- \/ Yoast SEO plugin. -->","yoast_head_json":{"title":"En god g\u00e4rning \u00e4r aldrig n\u00e5gonsin bortkastad - Tankar inf\u00f6r helgen","robots":{"index":"index","follow":"follow","max-snippet":"max-snippet:-1","max-image-preview":"max-image-preview:large","max-video-preview":"max-video-preview:-1"},"canonical":"https:\/\/blogg.svenskakyrkan.se\/tankarinforhelgen\/2016\/08\/21\/en-god-garning-ar-aldrig-nagonsin-bortkastad\/","og_locale":"sv_SE","og_type":"article","og_title":"En god g\u00e4rning \u00e4r aldrig n\u00e5gonsin bortkastad - Tankar inf\u00f6r helgen","og_description":"13:e s\u00f6ndagen efter trefaldighet, 21 augusti V\u00e4rldens o\u00e4ndliga behov av medm\u00e4nsklighet kan f\u00e5 oss att sucka uppgivet och maktl\u00f6st. Det lilla vi kan g\u00f6ra k\u00e4nns som ingenting. I en tid d\u00e5 Kyrie Eleison, &#8221;Herre, f\u00f6rbarma dig&#8221;, tycks vara det omkv\u00e4de som stiger fr\u00e5n jordens alla h\u00f6rn upp till himlens h\u00e4rlighet \u00e4r det l\u00e4tt att inte [&hellip;]","og_url":"https:\/\/blogg.svenskakyrkan.se\/tankarinforhelgen\/2016\/08\/21\/en-god-garning-ar-aldrig-nagonsin-bortkastad\/","og_site_name":"Tankar inf\u00f6r helgen","article_published_time":"2016-08-21T08:57:03+00:00","article_modified_time":"2017-04-07T11:11:37+00:00","og_image":[{"url":"http:\/\/blogg.svenskakyrkan.se\/tankarinforhelgen\/files\/2016\/12\/10293721.jpg","type":"","width":"","height":""}],"author":"Magdalena Wernefeldt","twitter_card":"summary_large_image","twitter_misc":{"Skriven av":"Magdalena Wernefeldt","Ber\u00e4knad l\u00e4stid":"4 minuter"},"schema":{"@context":"https:\/\/schema.org","@graph":[{"@type":"Article","@id":"https:\/\/blogg.svenskakyrkan.se\/tankarinforhelgen\/2016\/08\/21\/en-god-garning-ar-aldrig-nagonsin-bortkastad\/#article","isPartOf":{"@id":"https:\/\/blogg.svenskakyrkan.se\/tankarinforhelgen\/2016\/08\/21\/en-god-garning-ar-aldrig-nagonsin-bortkastad\/"},"author":{"name":"Magdalena Wernefeldt","@id":"https:\/\/blogg.svenskakyrkan.se\/tankarinforhelgen\/#\/schema\/person\/c19e8a124f507336a7f712f3b02d924b"},"headline":"En god g\u00e4rning \u00e4r aldrig n\u00e5gonsin bortkastad","datePublished":"2016-08-21T08:57:03+00:00","dateModified":"2017-04-07T11:11:37+00:00","mainEntityOfPage":{"@id":"https:\/\/blogg.svenskakyrkan.se\/tankarinforhelgen\/2016\/08\/21\/en-god-garning-ar-aldrig-nagonsin-bortkastad\/"},"wordCount":747,"commentCount":0,"image":{"@id":"https:\/\/blogg.svenskakyrkan.se\/tankarinforhelgen\/2016\/08\/21\/en-god-garning-ar-aldrig-nagonsin-bortkastad\/#primaryimage"},"thumbnailUrl":"http:\/\/blogg.svenskakyrkan.se\/tankarinforhelgen\/files\/2016\/12\/10293721.jpg","keywords":["Trefaldighetstiden"],"articleSection":["13:e s\u00f6ndagen efter trefaldighet"],"inLanguage":"sv-SE","potentialAction":[{"@type":"CommentAction","name":"Comment","target":["https:\/\/blogg.svenskakyrkan.se\/tankarinforhelgen\/2016\/08\/21\/en-god-garning-ar-aldrig-nagonsin-bortkastad\/#respond"]}]},{"@type":"WebPage","@id":"https:\/\/blogg.svenskakyrkan.se\/tankarinforhelgen\/2016\/08\/21\/en-god-garning-ar-aldrig-nagonsin-bortkastad\/","url":"https:\/\/blogg.svenskakyrkan.se\/tankarinforhelgen\/2016\/08\/21\/en-god-garning-ar-aldrig-nagonsin-bortkastad\/","name":"En god g\u00e4rning \u00e4r aldrig n\u00e5gonsin bortkastad - Tankar inf\u00f6r helgen","isPartOf":{"@id":"https:\/\/blogg.svenskakyrkan.se\/tankarinforhelgen\/#website"},"primaryImageOfPage":{"@id":"https:\/\/blogg.svenskakyrkan.se\/tankarinforhelgen\/2016\/08\/21\/en-god-garning-ar-aldrig-nagonsin-bortkastad\/#primaryimage"},"image":{"@id":"https:\/\/blogg.svenskakyrkan.se\/tankarinforhelgen\/2016\/08\/21\/en-god-garning-ar-aldrig-nagonsin-bortkastad\/#primaryimage"},"thumbnailUrl":"http:\/\/blogg.svenskakyrkan.se\/tankarinforhelgen\/files\/2016\/12\/10293721.jpg","datePublished":"2016-08-21T08:57:03+00:00","dateModified":"2017-04-07T11:11:37+00:00","author":{"@id":"https:\/\/blogg.svenskakyrkan.se\/tankarinforhelgen\/#\/schema\/person\/c19e8a124f507336a7f712f3b02d924b"},"breadcrumb":{"@id":"https:\/\/blogg.svenskakyrkan.se\/tankarinforhelgen\/2016\/08\/21\/en-god-garning-ar-aldrig-nagonsin-bortkastad\/#breadcrumb"},"inLanguage":"sv-SE","potentialAction":[{"@type":"ReadAction","target":["https:\/\/blogg.svenskakyrkan.se\/tankarinforhelgen\/2016\/08\/21\/en-god-garning-ar-aldrig-nagonsin-bortkastad\/"]}]},{"@type":"ImageObject","inLanguage":"sv-SE","@id":"https:\/\/blogg.svenskakyrkan.se\/tankarinforhelgen\/2016\/08\/21\/en-god-garning-ar-aldrig-nagonsin-bortkastad\/#primaryimage","url":"http:\/\/blogg.svenskakyrkan.se\/tankarinforhelgen\/files\/2016\/12\/10293721.jpg","contentUrl":"http:\/\/blogg.svenskakyrkan.se\/tankarinforhelgen\/files\/2016\/12\/10293721.jpg"},{"@type":"BreadcrumbList","@id":"https:\/\/blogg.svenskakyrkan.se\/tankarinforhelgen\/2016\/08\/21\/en-god-garning-ar-aldrig-nagonsin-bortkastad\/#breadcrumb","itemListElement":[{"@type":"ListItem","position":1,"name":"Hem","item":"https:\/\/blogg.svenskakyrkan.se\/tankarinforhelgen\/"},{"@type":"ListItem","position":2,"name":"En god g\u00e4rning \u00e4r aldrig n\u00e5gonsin bortkastad"}]},{"@type":"WebSite","@id":"https:\/\/blogg.svenskakyrkan.se\/tankarinforhelgen\/#website","url":"https:\/\/blogg.svenskakyrkan.se\/tankarinforhelgen\/","name":"Tankar inf\u00f6r helgen","description":"Pr\u00e4ster funderar utifr\u00e5n kommande s\u00f6ndags texter","potentialAction":[{"@type":"SearchAction","target":{"@type":"EntryPoint","urlTemplate":"https:\/\/blogg.svenskakyrkan.se\/tankarinforhelgen\/?s={search_term_string}"},"query-input":{"@type":"PropertyValueSpecification","valueRequired":true,"valueName":"search_term_string"}}],"inLanguage":"sv-SE"},{"@type":"Person","@id":"https:\/\/blogg.svenskakyrkan.se\/tankarinforhelgen\/#\/schema\/person\/c19e8a124f507336a7f712f3b02d924b","name":"Magdalena Wernefeldt","image":{"@type":"ImageObject","inLanguage":"sv-SE","@id":"https:\/\/blogg.svenskakyrkan.se\/tankarinforhelgen\/#\/schema\/person\/image\/","url":"https:\/\/secure.gravatar.com\/avatar\/23dab26aed51bdfcff5c1559ea1a5d339f00dac73f3d56d1d8b724c1d9074328?s=96&d=mm&r=g","contentUrl":"https:\/\/secure.gravatar.com\/avatar\/23dab26aed51bdfcff5c1559ea1a5d339f00dac73f3d56d1d8b724c1d9074328?s=96&d=mm&r=g","caption":"Magdalena Wernefeldt"},"url":"https:\/\/blogg.svenskakyrkan.se\/tankarinforhelgen\/author\/svkmwt\/"}]}},"author_meta":{"ID":"458","user_nicename":"svkmwt","user_registered":"2014-10-14 11:18:34","display_name":"Magdalena Wernefeldt","first_name":"Magdalena","last_name":"Wernefeldt","avatar":"https:\/\/secure.gravatar.com\/avatar\/23dab26aed51bdfcff5c1559ea1a5d339f00dac73f3d56d1d8b724c1d9074328?s=96&d=mm&r=g"},"featured_image":false,"bloginfo":{"name":"Tankar inf\u00f6r helgen","url":"https:\/\/blogg.svenskakyrkan.se\/tankarinforhelgen"},"_links":{"self":[{"href":"https:\/\/blogg.svenskakyrkan.se\/tankarinforhelgen\/wp-json\/wp\/v2\/posts\/107","targetHints":{"allow":["GET"]}}],"collection":[{"href":"https:\/\/blogg.svenskakyrkan.se\/tankarinforhelgen\/wp-json\/wp\/v2\/posts"}],"about":[{"href":"https:\/\/blogg.svenskakyrkan.se\/tankarinforhelgen\/wp-json\/wp\/v2\/types\/post"}],"author":[{"embeddable":true,"href":"https:\/\/blogg.svenskakyrkan.se\/tankarinforhelgen\/wp-json\/wp\/v2\/users\/458"}],"replies":[{"embeddable":true,"href":"https:\/\/blogg.svenskakyrkan.se\/tankarinforhelgen\/wp-json\/wp\/v2\/comments?post=107"}],"version-history":[{"count":3,"href":"https:\/\/blogg.svenskakyrkan.se\/tankarinforhelgen\/wp-json\/wp\/v2\/posts\/107\/revisions"}],"predecessor-version":[{"id":260,"href":"https:\/\/blogg.svenskakyrkan.se\/tankarinforhelgen\/wp-json\/wp\/v2\/posts\/107\/revisions\/260"}],"wp:attachment":[{"href":"https:\/\/blogg.svenskakyrkan.se\/tankarinforhelgen\/wp-json\/wp\/v2\/media?parent=107"}],"wp:term":[{"taxonomy":"category","embeddable":true,"href":"https:\/\/blogg.svenskakyrkan.se\/tankarinforhelgen\/wp-json\/wp\/v2\/categories?post=107"},{"taxonomy":"post_tag","embeddable":true,"href":"https:\/\/blogg.svenskakyrkan.se\/tankarinforhelgen\/wp-json\/wp\/v2\/tags?post=107"}],"curies":[{"name":"wp","href":"https:\/\/api.w.org\/{rel}","templated":true}]}}