{"id":1218,"date":"2018-01-05T12:25:28","date_gmt":"2018-01-05T11:25:28","guid":{"rendered":"http:\/\/blogg.svenskakyrkan.se\/tankarinforhelgen\/?p=1218"},"modified":"2018-02-06T13:46:20","modified_gmt":"2018-02-06T12:46:20","slug":"att-se-och-hylla","status":"publish","type":"post","link":"https:\/\/blogg.svenskakyrkan.se\/tankarinforhelgen\/2018\/01\/05\/att-se-och-hylla\/","title":{"rendered":"Att se och hylla"},"content":{"rendered":"<p>Trettonhelgen st\u00e5r f\u00f6r d\u00f6rren, en vacker och viktig helg i kyrko\u00e5ret. Det \u00e4r fortfarande jul, men hetsen kring de \u201dstora\u201d juldagarna \u00e4r borta. Ingen skinka ska griljeras, inga klappar sl\u00e5s in. Det \u00e4r ofta l\u00e4ttare att vila, att ta sig tid att se och k\u00e4nna julen och dess budskap.<\/p>\n<p>Trettonhelgen kretsar mycket kring Betlehemsstj\u00e4rnan och de tre vise m\u00e4nnen, eller de \u00f6sterl\u00e4ndska stj\u00e4rntydarna som de kallas i bibeltexten i Matteus evangelium. Dessa m\u00e4n, v\u00e4gledda av stj\u00e4rnan, kom p\u00e5 bes\u00f6k till den heliga familjen. De s\u00e5g pojken och f\u00f6ll p\u00e5 kn\u00e4 och hyllade honom. De s\u00e5g pojken och hyllade honom.<\/p>\n<p>F\u00f6r att vi ska kunna hylla en m\u00e4nniska, ana storheten hos en m\u00e4nniska, m\u00e5ste vi f\u00f6rst se m\u00e4nniskan. Vi har l\u00e4tt att f\u00e4lla omd\u00f6men om v\u00e5ra medm\u00e4nniskor, omd\u00f6men som grundar sig p\u00e5 saker som vi tror oss veta \u2013 men som egentligen inte st\u00e4mmer med verkligheten. Vi har v\u00e5ra egna referensramar, v\u00e5ra egna mallar d\u00e4r vi f\u00f6rs\u00f6ker placera in v\u00e5ra medm\u00e4nniskor antingen de f\u00e5r plats d\u00e4r eller inte. F\u00f6r det \u00e4r s\u00e5 s\u00e4llan vi stannar till och ser. S\u00e5 s\u00e4llan vi tar oss tid att stanna upp och se, p\u00e5 allvar se, v\u00e5ra medm\u00e4nniskor.<\/p>\n<p>I en bibeltext som anv\u00e4nds vid alla barndop \u00e4r h\u00e4mtad ur Markusevangeliet. D\u00e4r h\u00e5ller Jesus fram ett barn som f\u00f6rebild och s\u00e4ger att vi m\u00e5ste ta emot Guds rike som ett barn. Och det handlar just om att inte l\u00e5sa fast sig i f\u00f6rutfattade meningar. Mycket av Jesu undervisning kretsar kring det.<\/p>\n<p>Inte heller de \u00f6sterl\u00e4ndska stj\u00e4rntydarna tvekade inf\u00f6r att kn\u00e4falla inf\u00f6r ett barn och hylla det. Men f\u00f6r att vi ska kunna ana storheten hos ett barn m\u00e5ste vi f\u00f6rst se barnet, se barnet p\u00e5 allvar. Vi m\u00e5ste se barnets behov och inte minst barnets m\u00f6jligheter. Ett barns sinne \u00e4r mer \u00f6ppet \u00e4n ett vuxet sinne, ett vuxet sinne som har l\u00e4rt sig tolka, ifr\u00e5gas\u00e4tta och tvivla.<\/p>\n<p>I barnets v\u00e4rld kan under fortfarande ske. D\u00e4ri ligger det verkligt stora hos ett barn.<\/p>\n<p>Det \u00e4r det Jesus talar om n\u00e4r han h\u00e5ller fram barnet som en f\u00f6rebild. N\u00e4r vi inser att det inte bara \u00e4r s\u00e5 att vi \u00e4r barnens f\u00f6rebilder, utan i lika h\u00f6g grad barnen som \u00e4r v\u00e5ra f\u00f6rebilder &#8211; d\u00e5 vill vi hylla barnet, och barnet i oss sj\u00e4lva. Och d\u00e5 kan vi se det stora underverk som \u00e4r m\u00e4nniskan, se varje m\u00e4nniska precis s\u00e5 som den m\u00e4nniskan \u00e4r. Med alla brister och f\u00f6rtj\u00e4nster.<\/p>\n<p>Och varje g\u00e5ng barnet i oss vinner, ler den man som sj\u00e4lv en g\u00e5ng var ett barn i en krubba i Betlehem, den pojke som hyllades under Betlehemsstj\u00e4rnans klara sken.<\/p>\n<p>Kjell Dellert, pr\u00e4st<\/p>\n","protected":false},"excerpt":{"rendered":"<p>Trettonhelgen st\u00e5r f\u00f6r d\u00f6rren, en vacker och viktig helg i kyrko\u00e5ret. Det \u00e4r fortfarande jul, men hetsen kring de \u201dstora\u201d juldagarna \u00e4r borta. Ingen skinka ska griljeras, inga klappar sl\u00e5s in. Det \u00e4r ofta l\u00e4ttare att vila, att ta sig tid att se och k\u00e4nna julen och dess budskap. Trettonhelgen kretsar mycket kring Betlehemsstj\u00e4rnan och [&hellip;]<\/p>\n","protected":false},"author":622,"featured_media":1216,"comment_status":"open","ping_status":"open","sticky":false,"template":"","format":"standard","meta":{"_acf_changed":false,"footnotes":""},"categories":[139650],"tags":[142450,142457],"class_list":["post-1218","post","type-post","status-publish","format-standard","has-post-thumbnail","hentry","category-trettondedag-jul","tag-kjell-dellert","tag-tankarinforhelgen"],"acf":[],"yoast_head":"<!-- This site is optimized with the Yoast SEO plugin v27.1.1 - https:\/\/yoast.com\/product\/yoast-seo-wordpress\/ -->\n<title>Att se och hylla - Tankar inf\u00f6r helgen<\/title>\n<meta name=\"robots\" content=\"index, follow, max-snippet:-1, max-image-preview:large, max-video-preview:-1\" \/>\n<link rel=\"canonical\" href=\"https:\/\/blogg.svenskakyrkan.se\/tankarinforhelgen\/2018\/01\/05\/att-se-och-hylla\/\" \/>\n<meta property=\"og:locale\" content=\"sv_SE\" \/>\n<meta property=\"og:type\" content=\"article\" \/>\n<meta property=\"og:title\" content=\"Att se och hylla - Tankar inf\u00f6r helgen\" \/>\n<meta property=\"og:description\" content=\"Trettonhelgen st\u00e5r f\u00f6r d\u00f6rren, en vacker och viktig helg i kyrko\u00e5ret. Det \u00e4r fortfarande jul, men hetsen kring de \u201dstora\u201d juldagarna \u00e4r borta. Ingen skinka ska griljeras, inga klappar sl\u00e5s in. Det \u00e4r ofta l\u00e4ttare att vila, att ta sig tid att se och k\u00e4nna julen och dess budskap. Trettonhelgen kretsar mycket kring Betlehemsstj\u00e4rnan och [&hellip;]\" \/>\n<meta property=\"og:url\" content=\"https:\/\/blogg.svenskakyrkan.se\/tankarinforhelgen\/2018\/01\/05\/att-se-och-hylla\/\" \/>\n<meta property=\"og:site_name\" content=\"Tankar inf\u00f6r helgen\" \/>\n<meta property=\"article:published_time\" content=\"2018-01-05T11:25:28+00:00\" \/>\n<meta property=\"article:modified_time\" content=\"2018-02-06T12:46:20+00:00\" \/>\n<meta name=\"author\" content=\"Kjell Dellert, pr\u00e4st\" \/>\n<meta name=\"twitter:card\" content=\"summary_large_image\" \/>\n<meta name=\"twitter:label1\" content=\"Skriven av\" \/>\n\t<meta name=\"twitter:data1\" content=\"Kjell Dellert, pr\u00e4st\" \/>\n\t<meta name=\"twitter:label2\" content=\"Ber\u00e4knad l\u00e4stid\" \/>\n\t<meta name=\"twitter:data2\" content=\"3 minuter\" \/>\n<script type=\"application\/ld+json\" class=\"yoast-schema-graph\">{\"@context\":\"https:\/\/schema.org\",\"@graph\":[{\"@type\":\"Article\",\"@id\":\"https:\/\/blogg.svenskakyrkan.se\/tankarinforhelgen\/2018\/01\/05\/att-se-och-hylla\/#article\",\"isPartOf\":{\"@id\":\"https:\/\/blogg.svenskakyrkan.se\/tankarinforhelgen\/2018\/01\/05\/att-se-och-hylla\/\"},\"author\":{\"name\":\"Kjell Dellert, pr\u00e4st\",\"@id\":\"https:\/\/blogg.svenskakyrkan.se\/tankarinforhelgen\/#\/schema\/person\/9fbb20960ac259b95769de25e0ef7002\"},\"headline\":\"Att se och hylla\",\"datePublished\":\"2018-01-05T11:25:28+00:00\",\"dateModified\":\"2018-02-06T12:46:20+00:00\",\"mainEntityOfPage\":{\"@id\":\"https:\/\/blogg.svenskakyrkan.se\/tankarinforhelgen\/2018\/01\/05\/att-se-och-hylla\/\"},\"wordCount\":524,\"commentCount\":2,\"image\":{\"@id\":\"https:\/\/blogg.svenskakyrkan.se\/tankarinforhelgen\/2018\/01\/05\/att-se-och-hylla\/#primaryimage\"},\"thumbnailUrl\":\"https:\/\/blogg.svenskakyrkan.se\/tankarinforhelgen\/files\/2017\/12\/trettondagen.png\",\"keywords\":[\"Kjell Dellert\",\"TANKARINFORHELGEN\"],\"articleSection\":[\"Trettondedag jul\"],\"inLanguage\":\"sv-SE\",\"potentialAction\":[{\"@type\":\"CommentAction\",\"name\":\"Comment\",\"target\":[\"https:\/\/blogg.svenskakyrkan.se\/tankarinforhelgen\/2018\/01\/05\/att-se-och-hylla\/#respond\"]}]},{\"@type\":\"WebPage\",\"@id\":\"https:\/\/blogg.svenskakyrkan.se\/tankarinforhelgen\/2018\/01\/05\/att-se-och-hylla\/\",\"url\":\"https:\/\/blogg.svenskakyrkan.se\/tankarinforhelgen\/2018\/01\/05\/att-se-och-hylla\/\",\"name\":\"Att se och hylla - Tankar inf\u00f6r helgen\",\"isPartOf\":{\"@id\":\"https:\/\/blogg.svenskakyrkan.se\/tankarinforhelgen\/#website\"},\"primaryImageOfPage\":{\"@id\":\"https:\/\/blogg.svenskakyrkan.se\/tankarinforhelgen\/2018\/01\/05\/att-se-och-hylla\/#primaryimage\"},\"image\":{\"@id\":\"https:\/\/blogg.svenskakyrkan.se\/tankarinforhelgen\/2018\/01\/05\/att-se-och-hylla\/#primaryimage\"},\"thumbnailUrl\":\"https:\/\/blogg.svenskakyrkan.se\/tankarinforhelgen\/files\/2017\/12\/trettondagen.png\",\"datePublished\":\"2018-01-05T11:25:28+00:00\",\"dateModified\":\"2018-02-06T12:46:20+00:00\",\"author\":{\"@id\":\"https:\/\/blogg.svenskakyrkan.se\/tankarinforhelgen\/#\/schema\/person\/9fbb20960ac259b95769de25e0ef7002\"},\"breadcrumb\":{\"@id\":\"https:\/\/blogg.svenskakyrkan.se\/tankarinforhelgen\/2018\/01\/05\/att-se-och-hylla\/#breadcrumb\"},\"inLanguage\":\"sv-SE\",\"potentialAction\":[{\"@type\":\"ReadAction\",\"target\":[\"https:\/\/blogg.svenskakyrkan.se\/tankarinforhelgen\/2018\/01\/05\/att-se-och-hylla\/\"]}]},{\"@type\":\"ImageObject\",\"inLanguage\":\"sv-SE\",\"@id\":\"https:\/\/blogg.svenskakyrkan.se\/tankarinforhelgen\/2018\/01\/05\/att-se-och-hylla\/#primaryimage\",\"url\":\"https:\/\/blogg.svenskakyrkan.se\/tankarinforhelgen\/files\/2017\/12\/trettondagen.png\",\"contentUrl\":\"https:\/\/blogg.svenskakyrkan.se\/tankarinforhelgen\/files\/2017\/12\/trettondagen.png\",\"width\":1001,\"height\":643},{\"@type\":\"BreadcrumbList\",\"@id\":\"https:\/\/blogg.svenskakyrkan.se\/tankarinforhelgen\/2018\/01\/05\/att-se-och-hylla\/#breadcrumb\",\"itemListElement\":[{\"@type\":\"ListItem\",\"position\":1,\"name\":\"Hem\",\"item\":\"https:\/\/blogg.svenskakyrkan.se\/tankarinforhelgen\/\"},{\"@type\":\"ListItem\",\"position\":2,\"name\":\"Att se och hylla\"}]},{\"@type\":\"WebSite\",\"@id\":\"https:\/\/blogg.svenskakyrkan.se\/tankarinforhelgen\/#website\",\"url\":\"https:\/\/blogg.svenskakyrkan.se\/tankarinforhelgen\/\",\"name\":\"Tankar inf\u00f6r helgen\",\"description\":\"Pr\u00e4ster funderar utifr\u00e5n kommande s\u00f6ndags texter\",\"potentialAction\":[{\"@type\":\"SearchAction\",\"target\":{\"@type\":\"EntryPoint\",\"urlTemplate\":\"https:\/\/blogg.svenskakyrkan.se\/tankarinforhelgen\/?s={search_term_string}\"},\"query-input\":{\"@type\":\"PropertyValueSpecification\",\"valueRequired\":true,\"valueName\":\"search_term_string\"}}],\"inLanguage\":\"sv-SE\"},{\"@type\":\"Person\",\"@id\":\"https:\/\/blogg.svenskakyrkan.se\/tankarinforhelgen\/#\/schema\/person\/9fbb20960ac259b95769de25e0ef7002\",\"name\":\"Kjell Dellert, pr\u00e4st\",\"image\":{\"@type\":\"ImageObject\",\"inLanguage\":\"sv-SE\",\"@id\":\"https:\/\/blogg.svenskakyrkan.se\/tankarinforhelgen\/#\/schema\/person\/image\/\",\"url\":\"https:\/\/secure.gravatar.com\/avatar\/23eb7a08c9ca38f9ae7525f37de54e71d121503f9420825a7029fe46ea1acba8?s=96&d=mm&r=g\",\"contentUrl\":\"https:\/\/secure.gravatar.com\/avatar\/23eb7a08c9ca38f9ae7525f37de54e71d121503f9420825a7029fe46ea1acba8?s=96&d=mm&r=g\",\"caption\":\"Kjell Dellert, pr\u00e4st\"},\"url\":\"https:\/\/blogg.svenskakyrkan.se\/tankarinforhelgen\/author\/kjelldellert\/\"}]}<\/script>\n<!-- \/ Yoast SEO plugin. -->","yoast_head_json":{"title":"Att se och hylla - Tankar inf\u00f6r helgen","robots":{"index":"index","follow":"follow","max-snippet":"max-snippet:-1","max-image-preview":"max-image-preview:large","max-video-preview":"max-video-preview:-1"},"canonical":"https:\/\/blogg.svenskakyrkan.se\/tankarinforhelgen\/2018\/01\/05\/att-se-och-hylla\/","og_locale":"sv_SE","og_type":"article","og_title":"Att se och hylla - Tankar inf\u00f6r helgen","og_description":"Trettonhelgen st\u00e5r f\u00f6r d\u00f6rren, en vacker och viktig helg i kyrko\u00e5ret. Det \u00e4r fortfarande jul, men hetsen kring de \u201dstora\u201d juldagarna \u00e4r borta. Ingen skinka ska griljeras, inga klappar sl\u00e5s in. Det \u00e4r ofta l\u00e4ttare att vila, att ta sig tid att se och k\u00e4nna julen och dess budskap. Trettonhelgen kretsar mycket kring Betlehemsstj\u00e4rnan och [&hellip;]","og_url":"https:\/\/blogg.svenskakyrkan.se\/tankarinforhelgen\/2018\/01\/05\/att-se-och-hylla\/","og_site_name":"Tankar inf\u00f6r helgen","article_published_time":"2018-01-05T11:25:28+00:00","article_modified_time":"2018-02-06T12:46:20+00:00","author":"Kjell Dellert, pr\u00e4st","twitter_card":"summary_large_image","twitter_misc":{"Skriven av":"Kjell Dellert, pr\u00e4st","Ber\u00e4knad l\u00e4stid":"3 minuter"},"schema":{"@context":"https:\/\/schema.org","@graph":[{"@type":"Article","@id":"https:\/\/blogg.svenskakyrkan.se\/tankarinforhelgen\/2018\/01\/05\/att-se-och-hylla\/#article","isPartOf":{"@id":"https:\/\/blogg.svenskakyrkan.se\/tankarinforhelgen\/2018\/01\/05\/att-se-och-hylla\/"},"author":{"name":"Kjell Dellert, pr\u00e4st","@id":"https:\/\/blogg.svenskakyrkan.se\/tankarinforhelgen\/#\/schema\/person\/9fbb20960ac259b95769de25e0ef7002"},"headline":"Att se och hylla","datePublished":"2018-01-05T11:25:28+00:00","dateModified":"2018-02-06T12:46:20+00:00","mainEntityOfPage":{"@id":"https:\/\/blogg.svenskakyrkan.se\/tankarinforhelgen\/2018\/01\/05\/att-se-och-hylla\/"},"wordCount":524,"commentCount":2,"image":{"@id":"https:\/\/blogg.svenskakyrkan.se\/tankarinforhelgen\/2018\/01\/05\/att-se-och-hylla\/#primaryimage"},"thumbnailUrl":"https:\/\/blogg.svenskakyrkan.se\/tankarinforhelgen\/files\/2017\/12\/trettondagen.png","keywords":["Kjell Dellert","TANKARINFORHELGEN"],"articleSection":["Trettondedag jul"],"inLanguage":"sv-SE","potentialAction":[{"@type":"CommentAction","name":"Comment","target":["https:\/\/blogg.svenskakyrkan.se\/tankarinforhelgen\/2018\/01\/05\/att-se-och-hylla\/#respond"]}]},{"@type":"WebPage","@id":"https:\/\/blogg.svenskakyrkan.se\/tankarinforhelgen\/2018\/01\/05\/att-se-och-hylla\/","url":"https:\/\/blogg.svenskakyrkan.se\/tankarinforhelgen\/2018\/01\/05\/att-se-och-hylla\/","name":"Att se och hylla - Tankar inf\u00f6r helgen","isPartOf":{"@id":"https:\/\/blogg.svenskakyrkan.se\/tankarinforhelgen\/#website"},"primaryImageOfPage":{"@id":"https:\/\/blogg.svenskakyrkan.se\/tankarinforhelgen\/2018\/01\/05\/att-se-och-hylla\/#primaryimage"},"image":{"@id":"https:\/\/blogg.svenskakyrkan.se\/tankarinforhelgen\/2018\/01\/05\/att-se-och-hylla\/#primaryimage"},"thumbnailUrl":"https:\/\/blogg.svenskakyrkan.se\/tankarinforhelgen\/files\/2017\/12\/trettondagen.png","datePublished":"2018-01-05T11:25:28+00:00","dateModified":"2018-02-06T12:46:20+00:00","author":{"@id":"https:\/\/blogg.svenskakyrkan.se\/tankarinforhelgen\/#\/schema\/person\/9fbb20960ac259b95769de25e0ef7002"},"breadcrumb":{"@id":"https:\/\/blogg.svenskakyrkan.se\/tankarinforhelgen\/2018\/01\/05\/att-se-och-hylla\/#breadcrumb"},"inLanguage":"sv-SE","potentialAction":[{"@type":"ReadAction","target":["https:\/\/blogg.svenskakyrkan.se\/tankarinforhelgen\/2018\/01\/05\/att-se-och-hylla\/"]}]},{"@type":"ImageObject","inLanguage":"sv-SE","@id":"https:\/\/blogg.svenskakyrkan.se\/tankarinforhelgen\/2018\/01\/05\/att-se-och-hylla\/#primaryimage","url":"https:\/\/blogg.svenskakyrkan.se\/tankarinforhelgen\/files\/2017\/12\/trettondagen.png","contentUrl":"https:\/\/blogg.svenskakyrkan.se\/tankarinforhelgen\/files\/2017\/12\/trettondagen.png","width":1001,"height":643},{"@type":"BreadcrumbList","@id":"https:\/\/blogg.svenskakyrkan.se\/tankarinforhelgen\/2018\/01\/05\/att-se-och-hylla\/#breadcrumb","itemListElement":[{"@type":"ListItem","position":1,"name":"Hem","item":"https:\/\/blogg.svenskakyrkan.se\/tankarinforhelgen\/"},{"@type":"ListItem","position":2,"name":"Att se och hylla"}]},{"@type":"WebSite","@id":"https:\/\/blogg.svenskakyrkan.se\/tankarinforhelgen\/#website","url":"https:\/\/blogg.svenskakyrkan.se\/tankarinforhelgen\/","name":"Tankar inf\u00f6r helgen","description":"Pr\u00e4ster funderar utifr\u00e5n kommande s\u00f6ndags texter","potentialAction":[{"@type":"SearchAction","target":{"@type":"EntryPoint","urlTemplate":"https:\/\/blogg.svenskakyrkan.se\/tankarinforhelgen\/?s={search_term_string}"},"query-input":{"@type":"PropertyValueSpecification","valueRequired":true,"valueName":"search_term_string"}}],"inLanguage":"sv-SE"},{"@type":"Person","@id":"https:\/\/blogg.svenskakyrkan.se\/tankarinforhelgen\/#\/schema\/person\/9fbb20960ac259b95769de25e0ef7002","name":"Kjell Dellert, pr\u00e4st","image":{"@type":"ImageObject","inLanguage":"sv-SE","@id":"https:\/\/blogg.svenskakyrkan.se\/tankarinforhelgen\/#\/schema\/person\/image\/","url":"https:\/\/secure.gravatar.com\/avatar\/23eb7a08c9ca38f9ae7525f37de54e71d121503f9420825a7029fe46ea1acba8?s=96&d=mm&r=g","contentUrl":"https:\/\/secure.gravatar.com\/avatar\/23eb7a08c9ca38f9ae7525f37de54e71d121503f9420825a7029fe46ea1acba8?s=96&d=mm&r=g","caption":"Kjell Dellert, pr\u00e4st"},"url":"https:\/\/blogg.svenskakyrkan.se\/tankarinforhelgen\/author\/kjelldellert\/"}]}},"author_meta":{"ID":"622","user_nicename":"kjelldellert","user_registered":"2017-04-29 07:18:27","display_name":"Kjell Dellert, pr\u00e4st","first_name":"Kjell","last_name":"Dellert, pr\u00e4st","avatar":"https:\/\/secure.gravatar.com\/avatar\/23eb7a08c9ca38f9ae7525f37de54e71d121503f9420825a7029fe46ea1acba8?s=96&d=mm&r=g"},"featured_image":["https:\/\/blogg.svenskakyrkan.se\/tankarinforhelgen\/files\/2017\/12\/trettondagen.png",1001,643,false],"bloginfo":{"name":"Tankar inf\u00f6r helgen","url":"https:\/\/blogg.svenskakyrkan.se\/tankarinforhelgen"},"_links":{"self":[{"href":"https:\/\/blogg.svenskakyrkan.se\/tankarinforhelgen\/wp-json\/wp\/v2\/posts\/1218","targetHints":{"allow":["GET"]}}],"collection":[{"href":"https:\/\/blogg.svenskakyrkan.se\/tankarinforhelgen\/wp-json\/wp\/v2\/posts"}],"about":[{"href":"https:\/\/blogg.svenskakyrkan.se\/tankarinforhelgen\/wp-json\/wp\/v2\/types\/post"}],"author":[{"embeddable":true,"href":"https:\/\/blogg.svenskakyrkan.se\/tankarinforhelgen\/wp-json\/wp\/v2\/users\/622"}],"replies":[{"embeddable":true,"href":"https:\/\/blogg.svenskakyrkan.se\/tankarinforhelgen\/wp-json\/wp\/v2\/comments?post=1218"}],"version-history":[{"count":2,"href":"https:\/\/blogg.svenskakyrkan.se\/tankarinforhelgen\/wp-json\/wp\/v2\/posts\/1218\/revisions"}],"predecessor-version":[{"id":1220,"href":"https:\/\/blogg.svenskakyrkan.se\/tankarinforhelgen\/wp-json\/wp\/v2\/posts\/1218\/revisions\/1220"}],"wp:featuredmedia":[{"embeddable":true,"href":"https:\/\/blogg.svenskakyrkan.se\/tankarinforhelgen\/wp-json\/wp\/v2\/media\/1216"}],"wp:attachment":[{"href":"https:\/\/blogg.svenskakyrkan.se\/tankarinforhelgen\/wp-json\/wp\/v2\/media?parent=1218"}],"wp:term":[{"taxonomy":"category","embeddable":true,"href":"https:\/\/blogg.svenskakyrkan.se\/tankarinforhelgen\/wp-json\/wp\/v2\/categories?post=1218"},{"taxonomy":"post_tag","embeddable":true,"href":"https:\/\/blogg.svenskakyrkan.se\/tankarinforhelgen\/wp-json\/wp\/v2\/tags?post=1218"}],"curies":[{"name":"wp","href":"https:\/\/api.w.org\/{rel}","templated":true}]}}