{"id":1257,"date":"2018-01-31T10:00:28","date_gmt":"2018-01-31T09:00:28","guid":{"rendered":"http:\/\/blogg.svenskakyrkan.se\/tankarinforhelgen\/?p=1257"},"modified":"2018-01-31T10:02:29","modified_gmt":"2018-01-31T09:02:29","slug":"som-ljus","status":"publish","type":"post","link":"https:\/\/blogg.svenskakyrkan.se\/tankarinforhelgen\/2018\/01\/31\/som-ljus\/","title":{"rendered":"Som ljus"},"content":{"rendered":"<p>&#8211; F\u00e5r vi t\u00e4nda ett ljus? fr\u00e5gar f\u00f6r\u00e4ldern med sina tv\u00e5 n\u00e5got rastl\u00f6sa barn som st\u00e5r l\u00e4ngst bak i kyrkan vid ljusb\u00e4raren, efter en gudstj\u00e4nst.<br \/>\n&#8211; Sj\u00e4lvklart! svarar jag.<br \/>\n&#8211; Vi har inga mynt p\u00e5 oss, men barnen skulle g\u00e4rna vilja t\u00e4nda ett var sitt ljus, f\u00e5r jag som svar tillbaka.<br \/>\nJag f\u00f6rs\u00e4krar familjen om att det \u00e4r okej. Det st\u00e5r inget pris f\u00f6r att t\u00e4nda ett ljus, men det g\u00e5r att ge en frivillig g\u00e5va till Stadsmissionen. N\u00e5gra ljus ramlar ut p\u00e5 golvet n\u00e4r barnen ivrigt g\u00e5r fram och t\u00e4nder var sitt ljus. Jag tar upp dem fr\u00e5n golvet och hj\u00e4lper ett av barnen upp p\u00e5 en trappavsats f\u00f6r att n\u00e5 upp till ljusb\u00e4raren. N\u00e4r b\u00e5da t\u00e4nt sina ljus backar de undan en bit och st\u00e4ller sig och tittar p\u00e5 ljusb\u00e4raren. Det lyser i deras \u00f6gon och de k\u00e4nns inte riktigt lika rastl\u00f6sa l\u00e4ngre.<br \/>\n&#8211; Tack, s\u00e4ger f\u00f6r\u00e4ldern.<br \/>\nSedan s\u00e4tter familjen p\u00e5 sig kl\u00e4derna och g\u00e5r ut i den vinterkalla m\u00f6rka kv\u00e4llen. Sj\u00e4lv hj\u00e4lper jag vaktm\u00e4staren att sl\u00e4cka altarljusen innan jag g\u00e5r in i sakristian och byter om, f\u00f6r att p\u00e5b\u00f6rja min hemf\u00e4rd. Jag s\u00e4tter mig i bilen och k\u00f6r hem\u00e5t. Det \u00e4r m\u00f6rkt ute och i kontrasten mot de starka skenen fr\u00e5n de m\u00f6tande billyktorna p\u00e5 landsv\u00e4gen brukar jag uppleva det som extra m\u00f6rkt. Men den h\u00e4r kv\u00e4llen k\u00e4nns det inte s\u00e5 m\u00f6rkt, efter m\u00f6tet med barnen som omsorgsfullt t\u00e4nde sina ljus, f\u00f6r n\u00e5got som var viktigt f\u00f6r dem. De spred ljus till mig, ett ljus som blev kvar.<\/p>\n<p>Varje m\u00e4nniska \u00e4r en ljusb\u00e4rare skriver Mikael Mogren i sin bok Ljusb\u00e4rare. D\u00e4r ber\u00e4ttar han om olika personer, k\u00e4nda som ok\u00e4nda, som varit tydliga ljusb\u00e4rare. Den tydligaste Ljusb\u00e4raren av alla \u00e4r Kristus sj\u00e4lv.<br \/>\nJag h\u00e5ller med om att alla m\u00e4nniskor \u00e4r ljusb\u00e4rare. Jag m\u00f6ter dagligen m\u00e4nniskor som b\u00e4r med sig ljus in i m\u00f6tet. Det finns i alla m\u00e4nniskor: barn, ungdomar eller vuxna. Men jag t\u00e4nker ofta att vi ocks\u00e5 i dessa m\u00f6ten f\u00e5r \u00f6va oss p\u00e5 att vara ljusseende m\u00e4nniskor.<br \/>\nN\u00e4r Maria och Josef i s\u00f6ndagens evangelietext b\u00e4r fram Jesus i templet, k\u00e4nner Symeon genast igen ljuset i det lilla Jesusbarnet. I texten kommer tv\u00e5 nyblivna f\u00f6r\u00e4ldrar b\u00e4rande p\u00e5 sitt barn och Symeon ser direkt ljuset, Uppenbarelsens ljus, Guds ljus. F\u00f6r \u201dGud \u00e4r ljus och inget m\u00f6rker finns i honom.\u201d<\/p>\n<p>Jag \u00f6var mig p\u00e5 att vara en ljusseende m\u00e4nniska, jag har ett kors d\u00e4r Joh 1:8 st\u00e5r ingraverat. D\u00e4r st\u00e5r \u201dsj\u00e4lv var han inte ljuset men han skulle vittna om det\u201d. Orden handlar om Johannes D\u00f6paren som med sitt liv och sitt verk skulle vittna om Jesus. Bibelst\u00e4llet p\u00e5minner mig om att vittna om Jesus som \u00e4r ljuset, men det p\u00e5minner mig ocks\u00e5 om att se ljuset i dem jag m\u00f6ter, i ljusb\u00e4rarna.<\/p>\n<p>Den d\u00e4r vinterkv\u00e4llen blev det tydligt att familjen var ljusb\u00e4rare, trots rastl\u00f6sa ben och ljus p\u00e5 golvet. Eller kanske var det just d\u00e4rf\u00f6r &#8211; det lyste ur deras iver att t\u00e4nda ljus i m\u00f6rkret.<\/p>\n<p>Josefine Jehrlander, pr\u00e4st<\/p>\n","protected":false},"excerpt":{"rendered":"<p>&#8211; F\u00e5r vi t\u00e4nda ett ljus? fr\u00e5gar f\u00f6r\u00e4ldern med sina tv\u00e5 n\u00e5got rastl\u00f6sa barn som st\u00e5r l\u00e4ngst bak i kyrkan vid ljusb\u00e4raren, efter en gudstj\u00e4nst. &#8211; Sj\u00e4lvklart! svarar jag. &#8211; Vi har inga mynt p\u00e5 oss, men barnen skulle g\u00e4rna vilja t\u00e4nda ett var sitt ljus, f\u00e5r jag som svar tillbaka. Jag f\u00f6rs\u00e4krar familjen om [&hellip;]<\/p>\n","protected":false},"author":607,"featured_media":1260,"comment_status":"open","ping_status":"closed","sticky":false,"template":"","format":"standard","meta":{"_acf_changed":false,"footnotes":""},"categories":[138248],"tags":[142461,142457],"class_list":["post-1257","post","type-post","status-publish","format-standard","has-post-thumbnail","hentry","category-kyndelmassodagen","tag-josefine-jehrlander","tag-tankarinforhelgen"],"acf":[],"yoast_head":"<!-- This site is optimized with the Yoast SEO plugin v27.1.1 - https:\/\/yoast.com\/product\/yoast-seo-wordpress\/ -->\n<title>Som ljus - Tankar inf\u00f6r helgen<\/title>\n<meta name=\"robots\" content=\"index, follow, max-snippet:-1, max-image-preview:large, max-video-preview:-1\" \/>\n<link rel=\"canonical\" href=\"https:\/\/blogg.svenskakyrkan.se\/tankarinforhelgen\/2018\/01\/31\/som-ljus\/\" \/>\n<meta property=\"og:locale\" content=\"sv_SE\" \/>\n<meta property=\"og:type\" content=\"article\" \/>\n<meta property=\"og:title\" content=\"Som ljus - Tankar inf\u00f6r helgen\" \/>\n<meta property=\"og:description\" content=\"&#8211; F\u00e5r vi t\u00e4nda ett ljus? fr\u00e5gar f\u00f6r\u00e4ldern med sina tv\u00e5 n\u00e5got rastl\u00f6sa barn som st\u00e5r l\u00e4ngst bak i kyrkan vid ljusb\u00e4raren, efter en gudstj\u00e4nst. &#8211; Sj\u00e4lvklart! svarar jag. &#8211; Vi har inga mynt p\u00e5 oss, men barnen skulle g\u00e4rna vilja t\u00e4nda ett var sitt ljus, f\u00e5r jag som svar tillbaka. Jag f\u00f6rs\u00e4krar familjen om [&hellip;]\" \/>\n<meta property=\"og:url\" content=\"https:\/\/blogg.svenskakyrkan.se\/tankarinforhelgen\/2018\/01\/31\/som-ljus\/\" \/>\n<meta property=\"og:site_name\" content=\"Tankar inf\u00f6r helgen\" \/>\n<meta property=\"article:published_time\" content=\"2018-01-31T09:00:28+00:00\" \/>\n<meta property=\"article:modified_time\" content=\"2018-01-31T09:02:29+00:00\" \/>\n<meta name=\"author\" content=\"Josefine Jehrlander, pr\u00e4st\" \/>\n<meta name=\"twitter:card\" content=\"summary_large_image\" \/>\n<meta name=\"twitter:label1\" content=\"Skriven av\" \/>\n\t<meta name=\"twitter:data1\" content=\"Josefine Jehrlander, pr\u00e4st\" \/>\n\t<meta name=\"twitter:label2\" content=\"Ber\u00e4knad l\u00e4stid\" \/>\n\t<meta name=\"twitter:data2\" content=\"3 minuter\" \/>\n<script type=\"application\/ld+json\" class=\"yoast-schema-graph\">{\"@context\":\"https:\/\/schema.org\",\"@graph\":[{\"@type\":\"Article\",\"@id\":\"https:\/\/blogg.svenskakyrkan.se\/tankarinforhelgen\/2018\/01\/31\/som-ljus\/#article\",\"isPartOf\":{\"@id\":\"https:\/\/blogg.svenskakyrkan.se\/tankarinforhelgen\/2018\/01\/31\/som-ljus\/\"},\"author\":{\"name\":\"Josefine Jehrlander, pr\u00e4st\",\"@id\":\"https:\/\/blogg.svenskakyrkan.se\/tankarinforhelgen\/#\/schema\/person\/c36874f848a4f6a14b804d1949a7df2f\"},\"headline\":\"Som ljus\",\"datePublished\":\"2018-01-31T09:00:28+00:00\",\"dateModified\":\"2018-01-31T09:02:29+00:00\",\"mainEntityOfPage\":{\"@id\":\"https:\/\/blogg.svenskakyrkan.se\/tankarinforhelgen\/2018\/01\/31\/som-ljus\/\"},\"wordCount\":617,\"commentCount\":0,\"image\":{\"@id\":\"https:\/\/blogg.svenskakyrkan.se\/tankarinforhelgen\/2018\/01\/31\/som-ljus\/#primaryimage\"},\"thumbnailUrl\":\"https:\/\/blogg.svenskakyrkan.se\/tankarinforhelgen\/files\/2018\/01\/F7E89E09-AB4D-45CB-A5CC-3207D49537DC.jpeg\",\"keywords\":[\"Josefine Jehrlander\",\"TANKARINFORHELGEN\"],\"articleSection\":[\"Kyndelm\u00e4ssodagen\"],\"inLanguage\":\"sv-SE\",\"potentialAction\":[{\"@type\":\"CommentAction\",\"name\":\"Comment\",\"target\":[\"https:\/\/blogg.svenskakyrkan.se\/tankarinforhelgen\/2018\/01\/31\/som-ljus\/#respond\"]}]},{\"@type\":\"WebPage\",\"@id\":\"https:\/\/blogg.svenskakyrkan.se\/tankarinforhelgen\/2018\/01\/31\/som-ljus\/\",\"url\":\"https:\/\/blogg.svenskakyrkan.se\/tankarinforhelgen\/2018\/01\/31\/som-ljus\/\",\"name\":\"Som ljus - Tankar inf\u00f6r helgen\",\"isPartOf\":{\"@id\":\"https:\/\/blogg.svenskakyrkan.se\/tankarinforhelgen\/#website\"},\"primaryImageOfPage\":{\"@id\":\"https:\/\/blogg.svenskakyrkan.se\/tankarinforhelgen\/2018\/01\/31\/som-ljus\/#primaryimage\"},\"image\":{\"@id\":\"https:\/\/blogg.svenskakyrkan.se\/tankarinforhelgen\/2018\/01\/31\/som-ljus\/#primaryimage\"},\"thumbnailUrl\":\"https:\/\/blogg.svenskakyrkan.se\/tankarinforhelgen\/files\/2018\/01\/F7E89E09-AB4D-45CB-A5CC-3207D49537DC.jpeg\",\"datePublished\":\"2018-01-31T09:00:28+00:00\",\"dateModified\":\"2018-01-31T09:02:29+00:00\",\"author\":{\"@id\":\"https:\/\/blogg.svenskakyrkan.se\/tankarinforhelgen\/#\/schema\/person\/c36874f848a4f6a14b804d1949a7df2f\"},\"breadcrumb\":{\"@id\":\"https:\/\/blogg.svenskakyrkan.se\/tankarinforhelgen\/2018\/01\/31\/som-ljus\/#breadcrumb\"},\"inLanguage\":\"sv-SE\",\"potentialAction\":[{\"@type\":\"ReadAction\",\"target\":[\"https:\/\/blogg.svenskakyrkan.se\/tankarinforhelgen\/2018\/01\/31\/som-ljus\/\"]}]},{\"@type\":\"ImageObject\",\"inLanguage\":\"sv-SE\",\"@id\":\"https:\/\/blogg.svenskakyrkan.se\/tankarinforhelgen\/2018\/01\/31\/som-ljus\/#primaryimage\",\"url\":\"https:\/\/blogg.svenskakyrkan.se\/tankarinforhelgen\/files\/2018\/01\/F7E89E09-AB4D-45CB-A5CC-3207D49537DC.jpeg\",\"contentUrl\":\"https:\/\/blogg.svenskakyrkan.se\/tankarinforhelgen\/files\/2018\/01\/F7E89E09-AB4D-45CB-A5CC-3207D49537DC.jpeg\",\"width\":2048,\"height\":1449},{\"@type\":\"BreadcrumbList\",\"@id\":\"https:\/\/blogg.svenskakyrkan.se\/tankarinforhelgen\/2018\/01\/31\/som-ljus\/#breadcrumb\",\"itemListElement\":[{\"@type\":\"ListItem\",\"position\":1,\"name\":\"Hem\",\"item\":\"https:\/\/blogg.svenskakyrkan.se\/tankarinforhelgen\/\"},{\"@type\":\"ListItem\",\"position\":2,\"name\":\"Som ljus\"}]},{\"@type\":\"WebSite\",\"@id\":\"https:\/\/blogg.svenskakyrkan.se\/tankarinforhelgen\/#website\",\"url\":\"https:\/\/blogg.svenskakyrkan.se\/tankarinforhelgen\/\",\"name\":\"Tankar inf\u00f6r helgen\",\"description\":\"Pr\u00e4ster funderar utifr\u00e5n kommande s\u00f6ndags texter\",\"potentialAction\":[{\"@type\":\"SearchAction\",\"target\":{\"@type\":\"EntryPoint\",\"urlTemplate\":\"https:\/\/blogg.svenskakyrkan.se\/tankarinforhelgen\/?s={search_term_string}\"},\"query-input\":{\"@type\":\"PropertyValueSpecification\",\"valueRequired\":true,\"valueName\":\"search_term_string\"}}],\"inLanguage\":\"sv-SE\"},{\"@type\":\"Person\",\"@id\":\"https:\/\/blogg.svenskakyrkan.se\/tankarinforhelgen\/#\/schema\/person\/c36874f848a4f6a14b804d1949a7df2f\",\"name\":\"Josefine Jehrlander, pr\u00e4st\",\"image\":{\"@type\":\"ImageObject\",\"inLanguage\":\"sv-SE\",\"@id\":\"https:\/\/blogg.svenskakyrkan.se\/tankarinforhelgen\/#\/schema\/person\/image\/\",\"url\":\"https:\/\/secure.gravatar.com\/avatar\/df313e69d5320e02f0f6a886bdf67a99a945b04cfbfbb08da965ee285eb8f1f4?s=96&d=mm&r=g\",\"contentUrl\":\"https:\/\/secure.gravatar.com\/avatar\/df313e69d5320e02f0f6a886bdf67a99a945b04cfbfbb08da965ee285eb8f1f4?s=96&d=mm&r=g\",\"caption\":\"Josefine Jehrlander, pr\u00e4st\"},\"url\":\"https:\/\/blogg.svenskakyrkan.se\/tankarinforhelgen\/author\/josefinefranzen\/\"}]}<\/script>\n<!-- \/ Yoast SEO plugin. -->","yoast_head_json":{"title":"Som ljus - Tankar inf\u00f6r helgen","robots":{"index":"index","follow":"follow","max-snippet":"max-snippet:-1","max-image-preview":"max-image-preview:large","max-video-preview":"max-video-preview:-1"},"canonical":"https:\/\/blogg.svenskakyrkan.se\/tankarinforhelgen\/2018\/01\/31\/som-ljus\/","og_locale":"sv_SE","og_type":"article","og_title":"Som ljus - Tankar inf\u00f6r helgen","og_description":"&#8211; F\u00e5r vi t\u00e4nda ett ljus? fr\u00e5gar f\u00f6r\u00e4ldern med sina tv\u00e5 n\u00e5got rastl\u00f6sa barn som st\u00e5r l\u00e4ngst bak i kyrkan vid ljusb\u00e4raren, efter en gudstj\u00e4nst. &#8211; Sj\u00e4lvklart! svarar jag. &#8211; Vi har inga mynt p\u00e5 oss, men barnen skulle g\u00e4rna vilja t\u00e4nda ett var sitt ljus, f\u00e5r jag som svar tillbaka. Jag f\u00f6rs\u00e4krar familjen om [&hellip;]","og_url":"https:\/\/blogg.svenskakyrkan.se\/tankarinforhelgen\/2018\/01\/31\/som-ljus\/","og_site_name":"Tankar inf\u00f6r helgen","article_published_time":"2018-01-31T09:00:28+00:00","article_modified_time":"2018-01-31T09:02:29+00:00","author":"Josefine Jehrlander, pr\u00e4st","twitter_card":"summary_large_image","twitter_misc":{"Skriven av":"Josefine Jehrlander, pr\u00e4st","Ber\u00e4knad l\u00e4stid":"3 minuter"},"schema":{"@context":"https:\/\/schema.org","@graph":[{"@type":"Article","@id":"https:\/\/blogg.svenskakyrkan.se\/tankarinforhelgen\/2018\/01\/31\/som-ljus\/#article","isPartOf":{"@id":"https:\/\/blogg.svenskakyrkan.se\/tankarinforhelgen\/2018\/01\/31\/som-ljus\/"},"author":{"name":"Josefine Jehrlander, pr\u00e4st","@id":"https:\/\/blogg.svenskakyrkan.se\/tankarinforhelgen\/#\/schema\/person\/c36874f848a4f6a14b804d1949a7df2f"},"headline":"Som ljus","datePublished":"2018-01-31T09:00:28+00:00","dateModified":"2018-01-31T09:02:29+00:00","mainEntityOfPage":{"@id":"https:\/\/blogg.svenskakyrkan.se\/tankarinforhelgen\/2018\/01\/31\/som-ljus\/"},"wordCount":617,"commentCount":0,"image":{"@id":"https:\/\/blogg.svenskakyrkan.se\/tankarinforhelgen\/2018\/01\/31\/som-ljus\/#primaryimage"},"thumbnailUrl":"https:\/\/blogg.svenskakyrkan.se\/tankarinforhelgen\/files\/2018\/01\/F7E89E09-AB4D-45CB-A5CC-3207D49537DC.jpeg","keywords":["Josefine Jehrlander","TANKARINFORHELGEN"],"articleSection":["Kyndelm\u00e4ssodagen"],"inLanguage":"sv-SE","potentialAction":[{"@type":"CommentAction","name":"Comment","target":["https:\/\/blogg.svenskakyrkan.se\/tankarinforhelgen\/2018\/01\/31\/som-ljus\/#respond"]}]},{"@type":"WebPage","@id":"https:\/\/blogg.svenskakyrkan.se\/tankarinforhelgen\/2018\/01\/31\/som-ljus\/","url":"https:\/\/blogg.svenskakyrkan.se\/tankarinforhelgen\/2018\/01\/31\/som-ljus\/","name":"Som ljus - Tankar inf\u00f6r helgen","isPartOf":{"@id":"https:\/\/blogg.svenskakyrkan.se\/tankarinforhelgen\/#website"},"primaryImageOfPage":{"@id":"https:\/\/blogg.svenskakyrkan.se\/tankarinforhelgen\/2018\/01\/31\/som-ljus\/#primaryimage"},"image":{"@id":"https:\/\/blogg.svenskakyrkan.se\/tankarinforhelgen\/2018\/01\/31\/som-ljus\/#primaryimage"},"thumbnailUrl":"https:\/\/blogg.svenskakyrkan.se\/tankarinforhelgen\/files\/2018\/01\/F7E89E09-AB4D-45CB-A5CC-3207D49537DC.jpeg","datePublished":"2018-01-31T09:00:28+00:00","dateModified":"2018-01-31T09:02:29+00:00","author":{"@id":"https:\/\/blogg.svenskakyrkan.se\/tankarinforhelgen\/#\/schema\/person\/c36874f848a4f6a14b804d1949a7df2f"},"breadcrumb":{"@id":"https:\/\/blogg.svenskakyrkan.se\/tankarinforhelgen\/2018\/01\/31\/som-ljus\/#breadcrumb"},"inLanguage":"sv-SE","potentialAction":[{"@type":"ReadAction","target":["https:\/\/blogg.svenskakyrkan.se\/tankarinforhelgen\/2018\/01\/31\/som-ljus\/"]}]},{"@type":"ImageObject","inLanguage":"sv-SE","@id":"https:\/\/blogg.svenskakyrkan.se\/tankarinforhelgen\/2018\/01\/31\/som-ljus\/#primaryimage","url":"https:\/\/blogg.svenskakyrkan.se\/tankarinforhelgen\/files\/2018\/01\/F7E89E09-AB4D-45CB-A5CC-3207D49537DC.jpeg","contentUrl":"https:\/\/blogg.svenskakyrkan.se\/tankarinforhelgen\/files\/2018\/01\/F7E89E09-AB4D-45CB-A5CC-3207D49537DC.jpeg","width":2048,"height":1449},{"@type":"BreadcrumbList","@id":"https:\/\/blogg.svenskakyrkan.se\/tankarinforhelgen\/2018\/01\/31\/som-ljus\/#breadcrumb","itemListElement":[{"@type":"ListItem","position":1,"name":"Hem","item":"https:\/\/blogg.svenskakyrkan.se\/tankarinforhelgen\/"},{"@type":"ListItem","position":2,"name":"Som ljus"}]},{"@type":"WebSite","@id":"https:\/\/blogg.svenskakyrkan.se\/tankarinforhelgen\/#website","url":"https:\/\/blogg.svenskakyrkan.se\/tankarinforhelgen\/","name":"Tankar inf\u00f6r helgen","description":"Pr\u00e4ster funderar utifr\u00e5n kommande s\u00f6ndags texter","potentialAction":[{"@type":"SearchAction","target":{"@type":"EntryPoint","urlTemplate":"https:\/\/blogg.svenskakyrkan.se\/tankarinforhelgen\/?s={search_term_string}"},"query-input":{"@type":"PropertyValueSpecification","valueRequired":true,"valueName":"search_term_string"}}],"inLanguage":"sv-SE"},{"@type":"Person","@id":"https:\/\/blogg.svenskakyrkan.se\/tankarinforhelgen\/#\/schema\/person\/c36874f848a4f6a14b804d1949a7df2f","name":"Josefine Jehrlander, pr\u00e4st","image":{"@type":"ImageObject","inLanguage":"sv-SE","@id":"https:\/\/blogg.svenskakyrkan.se\/tankarinforhelgen\/#\/schema\/person\/image\/","url":"https:\/\/secure.gravatar.com\/avatar\/df313e69d5320e02f0f6a886bdf67a99a945b04cfbfbb08da965ee285eb8f1f4?s=96&d=mm&r=g","contentUrl":"https:\/\/secure.gravatar.com\/avatar\/df313e69d5320e02f0f6a886bdf67a99a945b04cfbfbb08da965ee285eb8f1f4?s=96&d=mm&r=g","caption":"Josefine Jehrlander, pr\u00e4st"},"url":"https:\/\/blogg.svenskakyrkan.se\/tankarinforhelgen\/author\/josefinefranzen\/"}]}},"author_meta":{"ID":"607","user_nicename":"josefinefranzen","user_registered":"2017-01-25 14:48:02","display_name":"Josefine Jehrlander, pr\u00e4st","first_name":"Josefine","last_name":"Jehrlander, pr\u00e4st","avatar":"https:\/\/secure.gravatar.com\/avatar\/df313e69d5320e02f0f6a886bdf67a99a945b04cfbfbb08da965ee285eb8f1f4?s=96&d=mm&r=g"},"featured_image":["https:\/\/blogg.svenskakyrkan.se\/tankarinforhelgen\/files\/2018\/01\/F7E89E09-AB4D-45CB-A5CC-3207D49537DC-1024x725.jpeg",1024,725,true],"bloginfo":{"name":"Tankar inf\u00f6r helgen","url":"https:\/\/blogg.svenskakyrkan.se\/tankarinforhelgen"},"_links":{"self":[{"href":"https:\/\/blogg.svenskakyrkan.se\/tankarinforhelgen\/wp-json\/wp\/v2\/posts\/1257","targetHints":{"allow":["GET"]}}],"collection":[{"href":"https:\/\/blogg.svenskakyrkan.se\/tankarinforhelgen\/wp-json\/wp\/v2\/posts"}],"about":[{"href":"https:\/\/blogg.svenskakyrkan.se\/tankarinforhelgen\/wp-json\/wp\/v2\/types\/post"}],"author":[{"embeddable":true,"href":"https:\/\/blogg.svenskakyrkan.se\/tankarinforhelgen\/wp-json\/wp\/v2\/users\/607"}],"replies":[{"embeddable":true,"href":"https:\/\/blogg.svenskakyrkan.se\/tankarinforhelgen\/wp-json\/wp\/v2\/comments?post=1257"}],"version-history":[{"count":2,"href":"https:\/\/blogg.svenskakyrkan.se\/tankarinforhelgen\/wp-json\/wp\/v2\/posts\/1257\/revisions"}],"predecessor-version":[{"id":1261,"href":"https:\/\/blogg.svenskakyrkan.se\/tankarinforhelgen\/wp-json\/wp\/v2\/posts\/1257\/revisions\/1261"}],"wp:featuredmedia":[{"embeddable":true,"href":"https:\/\/blogg.svenskakyrkan.se\/tankarinforhelgen\/wp-json\/wp\/v2\/media\/1260"}],"wp:attachment":[{"href":"https:\/\/blogg.svenskakyrkan.se\/tankarinforhelgen\/wp-json\/wp\/v2\/media?parent=1257"}],"wp:term":[{"taxonomy":"category","embeddable":true,"href":"https:\/\/blogg.svenskakyrkan.se\/tankarinforhelgen\/wp-json\/wp\/v2\/categories?post=1257"},{"taxonomy":"post_tag","embeddable":true,"href":"https:\/\/blogg.svenskakyrkan.se\/tankarinforhelgen\/wp-json\/wp\/v2\/tags?post=1257"}],"curies":[{"name":"wp","href":"https:\/\/api.w.org\/{rel}","templated":true}]}}