{"id":1262,"date":"2018-02-06T13:07:08","date_gmt":"2018-02-06T12:07:08","guid":{"rendered":"http:\/\/blogg.svenskakyrkan.se\/tankarinforhelgen\/?p=1262"},"modified":"2018-02-06T13:45:44","modified_gmt":"2018-02-06T12:45:44","slug":"den-stora-karleken","status":"publish","type":"post","link":"https:\/\/blogg.svenskakyrkan.se\/tankarinforhelgen\/2018\/02\/06\/den-stora-karleken\/","title":{"rendered":"Den stora k\u00e4rleken"},"content":{"rendered":"<p>\u201dAv detta begrep l\u00e4rjungarna ingenting. Vad han menade var f\u00f6rdolt f\u00f6r dem, och de kunde inte f\u00f6rst\u00e5 vad han sa.\u201d S\u00e5 st\u00e5r det p\u00e5 ett st\u00e4lle i Bibeln, d\u00e4r Jesus ber\u00e4ttar n\u00e5got f\u00f6r sina l\u00e4rjungar. Ibland t\u00e4nker jag att det \u00e4r betydelsefullt, att inte veta och inte f\u00f6rst\u00e5. Det ger \u00f6dmjukhet inf\u00f6r det vi m\u00f6ter. Vi \u00e4r ofta lite mer f\u00f6rsiktiga och lyh\u00f6rda inf\u00f6r det obegripliga.<\/p>\n<p>Vi m\u00e4nniskor f\u00f6rs\u00f6ker ofta, v\u00e4ldigt ofta, vara v\u00e5ra egna sm\u00e5 gudar. Lite p\u00e5 olika s\u00e4tt f\u00f6rs\u00f6ker vi vara det. Vi vill vara beundrade, valda av andra och popul\u00e4ra. Om jag g\u00f6r gott f\u00f6r andra s\u00e5 kanske jag t\u00e4nker att mitt v\u00e4rde h\u00f6js, g\u00f6r jag gott f\u00f6r andra blir jag omtyckt.<\/p>\n<p>Jesus kom inte till v\u00e4rlden f\u00f6r att bli popul\u00e4r utan f\u00f6r att \u00e4lska. Det st\u00e5r: \u201dM\u00e5nga f\u00f6rf\u00e4rades \u00f6ver honom, s\u00e5 vanst\u00e4llt var han yttre, s\u00e5 f\u00f6ga m\u00e4nskligt hans utseende.\u201d Jag tror att Jesus absolut fick erfara hur det kan vara att inte vara vald och popul\u00e4r. Men jag tror att han visste att han var vald av Gud. I alla fall gjorde han det f\u00f6r det mesta. P\u00e5 korset tvivlade han och trodde att Gud hade \u00f6vergivit honom. K\u00e4nns det igen, att vi ocks\u00e5 kan k\u00e4nna s\u00e5 ibland?<\/p>\n<p>Du \u00e4r ocks\u00e5 vald av Gud, \u00e4ven n\u00e4r du inte sj\u00e4lv k\u00e4nner det. Det \u00e4r det viktiga. Gud s\u00e4nder dig inte ut i v\u00e4rlden f\u00f6r att bli ber\u00f6md eller f\u00f6r att m\u00e4nniskor skulle se upp till dig, inte ens f\u00f6r dina goda g\u00e4rningars skull. Gud s\u00e4nder dig ut i v\u00e4rlden f\u00f6r att \u00e4lska. \u00c4lska i handling, tanke och hj\u00e4rta.<\/p>\n<p>Om jag g\u00f6r gott utan att g\u00f6ra det med villkorsl\u00f6s k\u00e4rlek har jag ingenting vunnit. Att g\u00f6ra gott f\u00f6r att f\u00e5 ber\u00f6m, skapar ofta yttre och inre krav att jag hela tiden m\u00e5ste vara bra och god, att jag hela tiden m\u00e5ste r\u00e4cka till.<\/p>\n<p>Det kan vara sk\u00f6nt att inse att vad det hela egentligen handlar om \u00e4r att g\u00e5 ut och \u00e4lska. \u00c4lska v\u00e4rlden tillbaka till Gud. Det l\u00e5ter stort och kr\u00e4vande. Men egentligen \u00e4r det inte s\u00e5. Jag beh\u00f6ver inte t\u00e4nka p\u00e5 om jag \u00e4r duktig, god, beundrad eller popul\u00e4r eller om jag \u00e4lskar tillr\u00e4ckligt mycket. Jag \u00e4r \u00e4lskad av Gud och kan ge hans k\u00e4rlek vidare utan att beh\u00f6va m\u00e4ta vare sig den eller mig sj\u00e4lv.<\/p>\n<p>Jag l\u00e4ste n\u00e5gonstans att det st\u00f6rsta bevis p\u00e5 att ge eller g\u00f6ra n\u00e5got i k\u00e4rlek \u00e4r n\u00e4r man gjort n\u00e5got f\u00f6r n\u00e5gon som aldrig kan ge n\u00e5gonting tillbaka. Kanske \u00e4r det s\u00e5? Kanske kan man ocks\u00e5 v\u00e4nda p\u00e5 det att det st\u00f6rsta beviset p\u00e5 k\u00e4rlek \u00e4r n\u00e4r jag sj\u00e4lv aldrig kan ge n\u00e5got tillbaka till den jag f\u00e5tt k\u00e4rlek av? F\u00f6r att g\u00e5 ut och \u00e4lska i handling och tanke \u00e4r ocks\u00e5 att v\u00e5ga ta emot den k\u00e4rlek man m\u00f6ter. Sv\u00e5rt, men viktigt!<\/p>\n<p>Kanske \u00e4r det s\u00e5 att en hel del av de verkliga k\u00e4rleksfulla g\u00e4rningarna \u00e4r de som aldrig kommer att synas f\u00f6r v\u00e4rlden, som aldrig kommer att bli beundrade?<\/p>\n<p>Agneta Holmstr\u00f6m, pr\u00e4st<\/p>\n","protected":false},"excerpt":{"rendered":"<p>\u201dAv detta begrep l\u00e4rjungarna ingenting. Vad han menade var f\u00f6rdolt f\u00f6r dem, och de kunde inte f\u00f6rst\u00e5 vad han sa.\u201d S\u00e5 st\u00e5r det p\u00e5 ett st\u00e4lle i Bibeln, d\u00e4r Jesus ber\u00e4ttar n\u00e5got f\u00f6r sina l\u00e4rjungar. Ibland t\u00e4nker jag att det \u00e4r betydelsefullt, att inte veta och inte f\u00f6rst\u00e5. Det ger \u00f6dmjukhet inf\u00f6r det vi m\u00f6ter. [&hellip;]<\/p>\n","protected":false},"author":663,"featured_media":1265,"comment_status":"open","ping_status":"open","sticky":false,"template":"","format":"standard","meta":{"_acf_changed":false,"footnotes":""},"categories":[138009],"tags":[142460,142457],"class_list":["post-1262","post","type-post","status-publish","format-standard","has-post-thumbnail","hentry","category-fastlagssondagen","tag-agneta-holmstrom","tag-tankarinforhelgen"],"acf":[],"yoast_head":"<!-- This site is optimized with the Yoast SEO plugin v27.1.1 - https:\/\/yoast.com\/product\/yoast-seo-wordpress\/ -->\n<title>Den stora k\u00e4rleken - Tankar inf\u00f6r helgen<\/title>\n<meta name=\"robots\" content=\"index, follow, max-snippet:-1, max-image-preview:large, max-video-preview:-1\" \/>\n<link rel=\"canonical\" href=\"https:\/\/blogg.svenskakyrkan.se\/tankarinforhelgen\/2018\/02\/06\/den-stora-karleken\/\" \/>\n<meta property=\"og:locale\" content=\"sv_SE\" \/>\n<meta property=\"og:type\" content=\"article\" \/>\n<meta property=\"og:title\" content=\"Den stora k\u00e4rleken - Tankar inf\u00f6r helgen\" \/>\n<meta property=\"og:description\" content=\"\u201dAv detta begrep l\u00e4rjungarna ingenting. Vad han menade var f\u00f6rdolt f\u00f6r dem, och de kunde inte f\u00f6rst\u00e5 vad han sa.\u201d S\u00e5 st\u00e5r det p\u00e5 ett st\u00e4lle i Bibeln, d\u00e4r Jesus ber\u00e4ttar n\u00e5got f\u00f6r sina l\u00e4rjungar. Ibland t\u00e4nker jag att det \u00e4r betydelsefullt, att inte veta och inte f\u00f6rst\u00e5. Det ger \u00f6dmjukhet inf\u00f6r det vi m\u00f6ter. [&hellip;]\" \/>\n<meta property=\"og:url\" content=\"https:\/\/blogg.svenskakyrkan.se\/tankarinforhelgen\/2018\/02\/06\/den-stora-karleken\/\" \/>\n<meta property=\"og:site_name\" content=\"Tankar inf\u00f6r helgen\" \/>\n<meta property=\"article:published_time\" content=\"2018-02-06T12:07:08+00:00\" \/>\n<meta property=\"article:modified_time\" content=\"2018-02-06T12:45:44+00:00\" \/>\n<meta name=\"author\" content=\"Agneta Holmstr\u00f6m, pr\u00e4st\" \/>\n<meta name=\"twitter:card\" content=\"summary_large_image\" \/>\n<meta name=\"twitter:label1\" content=\"Skriven av\" \/>\n\t<meta name=\"twitter:data1\" content=\"Agneta Holmstr\u00f6m, pr\u00e4st\" \/>\n\t<meta name=\"twitter:label2\" content=\"Ber\u00e4knad l\u00e4stid\" \/>\n\t<meta name=\"twitter:data2\" content=\"3 minuter\" \/>\n<script type=\"application\/ld+json\" class=\"yoast-schema-graph\">{\"@context\":\"https:\/\/schema.org\",\"@graph\":[{\"@type\":\"Article\",\"@id\":\"https:\/\/blogg.svenskakyrkan.se\/tankarinforhelgen\/2018\/02\/06\/den-stora-karleken\/#article\",\"isPartOf\":{\"@id\":\"https:\/\/blogg.svenskakyrkan.se\/tankarinforhelgen\/2018\/02\/06\/den-stora-karleken\/\"},\"author\":{\"name\":\"Agneta Holmstr\u00f6m, pr\u00e4st\",\"@id\":\"https:\/\/blogg.svenskakyrkan.se\/tankarinforhelgen\/#\/schema\/person\/6e2f249737f65007a8daf203ed669cb1\"},\"headline\":\"Den stora k\u00e4rleken\",\"datePublished\":\"2018-02-06T12:07:08+00:00\",\"dateModified\":\"2018-02-06T12:45:44+00:00\",\"mainEntityOfPage\":{\"@id\":\"https:\/\/blogg.svenskakyrkan.se\/tankarinforhelgen\/2018\/02\/06\/den-stora-karleken\/\"},\"wordCount\":616,\"commentCount\":2,\"image\":{\"@id\":\"https:\/\/blogg.svenskakyrkan.se\/tankarinforhelgen\/2018\/02\/06\/den-stora-karleken\/#primaryimage\"},\"thumbnailUrl\":\"https:\/\/blogg.svenskakyrkan.se\/tankarinforhelgen\/files\/2018\/02\/last-supper-2606022_1920.jpg\",\"keywords\":[\"Agneta Holmstr\u00f6m\",\"TANKARINFORHELGEN\"],\"articleSection\":[\"Fastlagss\u00f6ndagen\"],\"inLanguage\":\"sv-SE\",\"potentialAction\":[{\"@type\":\"CommentAction\",\"name\":\"Comment\",\"target\":[\"https:\/\/blogg.svenskakyrkan.se\/tankarinforhelgen\/2018\/02\/06\/den-stora-karleken\/#respond\"]}]},{\"@type\":\"WebPage\",\"@id\":\"https:\/\/blogg.svenskakyrkan.se\/tankarinforhelgen\/2018\/02\/06\/den-stora-karleken\/\",\"url\":\"https:\/\/blogg.svenskakyrkan.se\/tankarinforhelgen\/2018\/02\/06\/den-stora-karleken\/\",\"name\":\"Den stora k\u00e4rleken - Tankar inf\u00f6r helgen\",\"isPartOf\":{\"@id\":\"https:\/\/blogg.svenskakyrkan.se\/tankarinforhelgen\/#website\"},\"primaryImageOfPage\":{\"@id\":\"https:\/\/blogg.svenskakyrkan.se\/tankarinforhelgen\/2018\/02\/06\/den-stora-karleken\/#primaryimage\"},\"image\":{\"@id\":\"https:\/\/blogg.svenskakyrkan.se\/tankarinforhelgen\/2018\/02\/06\/den-stora-karleken\/#primaryimage\"},\"thumbnailUrl\":\"https:\/\/blogg.svenskakyrkan.se\/tankarinforhelgen\/files\/2018\/02\/last-supper-2606022_1920.jpg\",\"datePublished\":\"2018-02-06T12:07:08+00:00\",\"dateModified\":\"2018-02-06T12:45:44+00:00\",\"author\":{\"@id\":\"https:\/\/blogg.svenskakyrkan.se\/tankarinforhelgen\/#\/schema\/person\/6e2f249737f65007a8daf203ed669cb1\"},\"breadcrumb\":{\"@id\":\"https:\/\/blogg.svenskakyrkan.se\/tankarinforhelgen\/2018\/02\/06\/den-stora-karleken\/#breadcrumb\"},\"inLanguage\":\"sv-SE\",\"potentialAction\":[{\"@type\":\"ReadAction\",\"target\":[\"https:\/\/blogg.svenskakyrkan.se\/tankarinforhelgen\/2018\/02\/06\/den-stora-karleken\/\"]}]},{\"@type\":\"ImageObject\",\"inLanguage\":\"sv-SE\",\"@id\":\"https:\/\/blogg.svenskakyrkan.se\/tankarinforhelgen\/2018\/02\/06\/den-stora-karleken\/#primaryimage\",\"url\":\"https:\/\/blogg.svenskakyrkan.se\/tankarinforhelgen\/files\/2018\/02\/last-supper-2606022_1920.jpg\",\"contentUrl\":\"https:\/\/blogg.svenskakyrkan.se\/tankarinforhelgen\/files\/2018\/02\/last-supper-2606022_1920.jpg\",\"width\":1920,\"height\":1131},{\"@type\":\"BreadcrumbList\",\"@id\":\"https:\/\/blogg.svenskakyrkan.se\/tankarinforhelgen\/2018\/02\/06\/den-stora-karleken\/#breadcrumb\",\"itemListElement\":[{\"@type\":\"ListItem\",\"position\":1,\"name\":\"Hem\",\"item\":\"https:\/\/blogg.svenskakyrkan.se\/tankarinforhelgen\/\"},{\"@type\":\"ListItem\",\"position\":2,\"name\":\"Den stora k\u00e4rleken\"}]},{\"@type\":\"WebSite\",\"@id\":\"https:\/\/blogg.svenskakyrkan.se\/tankarinforhelgen\/#website\",\"url\":\"https:\/\/blogg.svenskakyrkan.se\/tankarinforhelgen\/\",\"name\":\"Tankar inf\u00f6r helgen\",\"description\":\"Pr\u00e4ster funderar utifr\u00e5n kommande s\u00f6ndags texter\",\"potentialAction\":[{\"@type\":\"SearchAction\",\"target\":{\"@type\":\"EntryPoint\",\"urlTemplate\":\"https:\/\/blogg.svenskakyrkan.se\/tankarinforhelgen\/?s={search_term_string}\"},\"query-input\":{\"@type\":\"PropertyValueSpecification\",\"valueRequired\":true,\"valueName\":\"search_term_string\"}}],\"inLanguage\":\"sv-SE\"},{\"@type\":\"Person\",\"@id\":\"https:\/\/blogg.svenskakyrkan.se\/tankarinforhelgen\/#\/schema\/person\/6e2f249737f65007a8daf203ed669cb1\",\"name\":\"Agneta Holmstr\u00f6m, pr\u00e4st\",\"image\":{\"@type\":\"ImageObject\",\"inLanguage\":\"sv-SE\",\"@id\":\"https:\/\/blogg.svenskakyrkan.se\/tankarinforhelgen\/#\/schema\/person\/image\/\",\"url\":\"https:\/\/secure.gravatar.com\/avatar\/a47a1c72651dc25e0dbb01297c5f1384bc6800dd38d27c6e571be8465e3efe02?s=96&d=mm&r=g\",\"contentUrl\":\"https:\/\/secure.gravatar.com\/avatar\/a47a1c72651dc25e0dbb01297c5f1384bc6800dd38d27c6e571be8465e3efe02?s=96&d=mm&r=g\",\"caption\":\"Agneta Holmstr\u00f6m, pr\u00e4st\"},\"url\":\"https:\/\/blogg.svenskakyrkan.se\/tankarinforhelgen\/author\/agnetaholmstrom\/\"}]}<\/script>\n<!-- \/ Yoast SEO plugin. -->","yoast_head_json":{"title":"Den stora k\u00e4rleken - Tankar inf\u00f6r helgen","robots":{"index":"index","follow":"follow","max-snippet":"max-snippet:-1","max-image-preview":"max-image-preview:large","max-video-preview":"max-video-preview:-1"},"canonical":"https:\/\/blogg.svenskakyrkan.se\/tankarinforhelgen\/2018\/02\/06\/den-stora-karleken\/","og_locale":"sv_SE","og_type":"article","og_title":"Den stora k\u00e4rleken - Tankar inf\u00f6r helgen","og_description":"\u201dAv detta begrep l\u00e4rjungarna ingenting. Vad han menade var f\u00f6rdolt f\u00f6r dem, och de kunde inte f\u00f6rst\u00e5 vad han sa.\u201d S\u00e5 st\u00e5r det p\u00e5 ett st\u00e4lle i Bibeln, d\u00e4r Jesus ber\u00e4ttar n\u00e5got f\u00f6r sina l\u00e4rjungar. Ibland t\u00e4nker jag att det \u00e4r betydelsefullt, att inte veta och inte f\u00f6rst\u00e5. Det ger \u00f6dmjukhet inf\u00f6r det vi m\u00f6ter. [&hellip;]","og_url":"https:\/\/blogg.svenskakyrkan.se\/tankarinforhelgen\/2018\/02\/06\/den-stora-karleken\/","og_site_name":"Tankar inf\u00f6r helgen","article_published_time":"2018-02-06T12:07:08+00:00","article_modified_time":"2018-02-06T12:45:44+00:00","author":"Agneta Holmstr\u00f6m, pr\u00e4st","twitter_card":"summary_large_image","twitter_misc":{"Skriven av":"Agneta Holmstr\u00f6m, pr\u00e4st","Ber\u00e4knad l\u00e4stid":"3 minuter"},"schema":{"@context":"https:\/\/schema.org","@graph":[{"@type":"Article","@id":"https:\/\/blogg.svenskakyrkan.se\/tankarinforhelgen\/2018\/02\/06\/den-stora-karleken\/#article","isPartOf":{"@id":"https:\/\/blogg.svenskakyrkan.se\/tankarinforhelgen\/2018\/02\/06\/den-stora-karleken\/"},"author":{"name":"Agneta Holmstr\u00f6m, pr\u00e4st","@id":"https:\/\/blogg.svenskakyrkan.se\/tankarinforhelgen\/#\/schema\/person\/6e2f249737f65007a8daf203ed669cb1"},"headline":"Den stora k\u00e4rleken","datePublished":"2018-02-06T12:07:08+00:00","dateModified":"2018-02-06T12:45:44+00:00","mainEntityOfPage":{"@id":"https:\/\/blogg.svenskakyrkan.se\/tankarinforhelgen\/2018\/02\/06\/den-stora-karleken\/"},"wordCount":616,"commentCount":2,"image":{"@id":"https:\/\/blogg.svenskakyrkan.se\/tankarinforhelgen\/2018\/02\/06\/den-stora-karleken\/#primaryimage"},"thumbnailUrl":"https:\/\/blogg.svenskakyrkan.se\/tankarinforhelgen\/files\/2018\/02\/last-supper-2606022_1920.jpg","keywords":["Agneta Holmstr\u00f6m","TANKARINFORHELGEN"],"articleSection":["Fastlagss\u00f6ndagen"],"inLanguage":"sv-SE","potentialAction":[{"@type":"CommentAction","name":"Comment","target":["https:\/\/blogg.svenskakyrkan.se\/tankarinforhelgen\/2018\/02\/06\/den-stora-karleken\/#respond"]}]},{"@type":"WebPage","@id":"https:\/\/blogg.svenskakyrkan.se\/tankarinforhelgen\/2018\/02\/06\/den-stora-karleken\/","url":"https:\/\/blogg.svenskakyrkan.se\/tankarinforhelgen\/2018\/02\/06\/den-stora-karleken\/","name":"Den stora k\u00e4rleken - Tankar inf\u00f6r helgen","isPartOf":{"@id":"https:\/\/blogg.svenskakyrkan.se\/tankarinforhelgen\/#website"},"primaryImageOfPage":{"@id":"https:\/\/blogg.svenskakyrkan.se\/tankarinforhelgen\/2018\/02\/06\/den-stora-karleken\/#primaryimage"},"image":{"@id":"https:\/\/blogg.svenskakyrkan.se\/tankarinforhelgen\/2018\/02\/06\/den-stora-karleken\/#primaryimage"},"thumbnailUrl":"https:\/\/blogg.svenskakyrkan.se\/tankarinforhelgen\/files\/2018\/02\/last-supper-2606022_1920.jpg","datePublished":"2018-02-06T12:07:08+00:00","dateModified":"2018-02-06T12:45:44+00:00","author":{"@id":"https:\/\/blogg.svenskakyrkan.se\/tankarinforhelgen\/#\/schema\/person\/6e2f249737f65007a8daf203ed669cb1"},"breadcrumb":{"@id":"https:\/\/blogg.svenskakyrkan.se\/tankarinforhelgen\/2018\/02\/06\/den-stora-karleken\/#breadcrumb"},"inLanguage":"sv-SE","potentialAction":[{"@type":"ReadAction","target":["https:\/\/blogg.svenskakyrkan.se\/tankarinforhelgen\/2018\/02\/06\/den-stora-karleken\/"]}]},{"@type":"ImageObject","inLanguage":"sv-SE","@id":"https:\/\/blogg.svenskakyrkan.se\/tankarinforhelgen\/2018\/02\/06\/den-stora-karleken\/#primaryimage","url":"https:\/\/blogg.svenskakyrkan.se\/tankarinforhelgen\/files\/2018\/02\/last-supper-2606022_1920.jpg","contentUrl":"https:\/\/blogg.svenskakyrkan.se\/tankarinforhelgen\/files\/2018\/02\/last-supper-2606022_1920.jpg","width":1920,"height":1131},{"@type":"BreadcrumbList","@id":"https:\/\/blogg.svenskakyrkan.se\/tankarinforhelgen\/2018\/02\/06\/den-stora-karleken\/#breadcrumb","itemListElement":[{"@type":"ListItem","position":1,"name":"Hem","item":"https:\/\/blogg.svenskakyrkan.se\/tankarinforhelgen\/"},{"@type":"ListItem","position":2,"name":"Den stora k\u00e4rleken"}]},{"@type":"WebSite","@id":"https:\/\/blogg.svenskakyrkan.se\/tankarinforhelgen\/#website","url":"https:\/\/blogg.svenskakyrkan.se\/tankarinforhelgen\/","name":"Tankar inf\u00f6r helgen","description":"Pr\u00e4ster funderar utifr\u00e5n kommande s\u00f6ndags texter","potentialAction":[{"@type":"SearchAction","target":{"@type":"EntryPoint","urlTemplate":"https:\/\/blogg.svenskakyrkan.se\/tankarinforhelgen\/?s={search_term_string}"},"query-input":{"@type":"PropertyValueSpecification","valueRequired":true,"valueName":"search_term_string"}}],"inLanguage":"sv-SE"},{"@type":"Person","@id":"https:\/\/blogg.svenskakyrkan.se\/tankarinforhelgen\/#\/schema\/person\/6e2f249737f65007a8daf203ed669cb1","name":"Agneta Holmstr\u00f6m, pr\u00e4st","image":{"@type":"ImageObject","inLanguage":"sv-SE","@id":"https:\/\/blogg.svenskakyrkan.se\/tankarinforhelgen\/#\/schema\/person\/image\/","url":"https:\/\/secure.gravatar.com\/avatar\/a47a1c72651dc25e0dbb01297c5f1384bc6800dd38d27c6e571be8465e3efe02?s=96&d=mm&r=g","contentUrl":"https:\/\/secure.gravatar.com\/avatar\/a47a1c72651dc25e0dbb01297c5f1384bc6800dd38d27c6e571be8465e3efe02?s=96&d=mm&r=g","caption":"Agneta Holmstr\u00f6m, pr\u00e4st"},"url":"https:\/\/blogg.svenskakyrkan.se\/tankarinforhelgen\/author\/agnetaholmstrom\/"}]}},"author_meta":{"ID":"663","user_nicename":"agnetaholmstrom","user_registered":"2018-02-06 12:29:16","display_name":"Agneta Holmstr\u00f6m, pr\u00e4st","first_name":"Agneta","last_name":"Holmstr\u00f6m, pr\u00e4st","avatar":"https:\/\/secure.gravatar.com\/avatar\/a47a1c72651dc25e0dbb01297c5f1384bc6800dd38d27c6e571be8465e3efe02?s=96&d=mm&r=g"},"featured_image":["https:\/\/blogg.svenskakyrkan.se\/tankarinforhelgen\/files\/2018\/02\/last-supper-2606022_1920-1024x603.jpg",1024,603,true],"bloginfo":{"name":"Tankar inf\u00f6r helgen","url":"https:\/\/blogg.svenskakyrkan.se\/tankarinforhelgen"},"_links":{"self":[{"href":"https:\/\/blogg.svenskakyrkan.se\/tankarinforhelgen\/wp-json\/wp\/v2\/posts\/1262","targetHints":{"allow":["GET"]}}],"collection":[{"href":"https:\/\/blogg.svenskakyrkan.se\/tankarinforhelgen\/wp-json\/wp\/v2\/posts"}],"about":[{"href":"https:\/\/blogg.svenskakyrkan.se\/tankarinforhelgen\/wp-json\/wp\/v2\/types\/post"}],"author":[{"embeddable":true,"href":"https:\/\/blogg.svenskakyrkan.se\/tankarinforhelgen\/wp-json\/wp\/v2\/users\/663"}],"replies":[{"embeddable":true,"href":"https:\/\/blogg.svenskakyrkan.se\/tankarinforhelgen\/wp-json\/wp\/v2\/comments?post=1262"}],"version-history":[{"count":4,"href":"https:\/\/blogg.svenskakyrkan.se\/tankarinforhelgen\/wp-json\/wp\/v2\/posts\/1262\/revisions"}],"predecessor-version":[{"id":1268,"href":"https:\/\/blogg.svenskakyrkan.se\/tankarinforhelgen\/wp-json\/wp\/v2\/posts\/1262\/revisions\/1268"}],"wp:featuredmedia":[{"embeddable":true,"href":"https:\/\/blogg.svenskakyrkan.se\/tankarinforhelgen\/wp-json\/wp\/v2\/media\/1265"}],"wp:attachment":[{"href":"https:\/\/blogg.svenskakyrkan.se\/tankarinforhelgen\/wp-json\/wp\/v2\/media?parent=1262"}],"wp:term":[{"taxonomy":"category","embeddable":true,"href":"https:\/\/blogg.svenskakyrkan.se\/tankarinforhelgen\/wp-json\/wp\/v2\/categories?post=1262"},{"taxonomy":"post_tag","embeddable":true,"href":"https:\/\/blogg.svenskakyrkan.se\/tankarinforhelgen\/wp-json\/wp\/v2\/tags?post=1262"}],"curies":[{"name":"wp","href":"https:\/\/api.w.org\/{rel}","templated":true}]}}