{"id":1290,"date":"2018-03-07T21:01:13","date_gmt":"2018-03-07T20:01:13","guid":{"rendered":"http:\/\/blogg.svenskakyrkan.se\/tankarinforhelgen\/?p=1290"},"modified":"2018-03-09T15:17:19","modified_gmt":"2018-03-09T14:17:19","slug":"brodet-som-ar-mer-an-brod","status":"publish","type":"post","link":"https:\/\/blogg.svenskakyrkan.se\/tankarinforhelgen\/2018\/03\/07\/brodet-som-ar-mer-an-brod\/","title":{"rendered":"Br\u00f6det som \u00e4r mer \u00e4n br\u00f6d"},"content":{"rendered":"<p>Jag t\u00e4nkte aldrig p\u00e5 det n\u00e4r jag bodde hemma i Sverige. D\u00e5 var det liksom sj\u00e4lvklart. S\u00e5 vardagligt att det n\u00e4stan blev lite tr\u00e5kigt. En limpskiva med sm\u00f6r, ost och kanske lite kaviar p\u00e5. Det var den d\u00e4r snabba mackan som snabbt gjordes iordning och \u00e5ts p\u00e5 v\u00e4g mellan skola och tr\u00e4ning. Alternativt den enkla frukosten. Med ett glas mj\u00f6lk till.<\/p>\n<p>Som student, d\u00e4r varje krona noga \u00f6verv\u00e4gdes innan den spenderades blev den snabba limpmackan mer v\u00e4rdefull. Var de n\u00e5gon g\u00e5ng p\u00e5 extrapris k\u00f6ptes kanske tv\u00e5 limpor och den ena tvingades in i det lilla frysfacket i studentrummets minimala kylsk\u00e5p. Men lyxigast \u00e4nd\u00e5 var \u00e4nd\u00e5 att \u00e4ta den f\u00e4rsk. Kanske till och med unna sig tv\u00e5 skivor, trots att det var l\u00e5ngt kvar till n\u00e4sta utbetalning. Allt som oftast var det en sm\u00f6rg\u00e5s, med eller utan p\u00e5l\u00e4gg, det som fick utg\u00f6ra dagens m\u00e5l mat.<\/p>\n<p>Nu bor jag utomlands sedan flera \u00e5r. Den snabba enkla frukostmackan eller studietidens basf\u00f6da har nu blivit exklusiv lyx. Att f\u00e5 s\u00e4tta t\u00e4nderna i en f\u00e4rsk limpmacka, med sm\u00f6r, ost och kanske till och med kaviar p\u00e5, allt nedsk\u00f6ljt med ett glas kylsk\u00e5pskall mj\u00f6lk, frammanar minnen av barndomens somrar.<\/p>\n<p>P\u00e5 s\u00f6ndag \u00e4r temat Livets br\u00f6d. Vi kommer f\u00e5 h\u00f6ra om hur Jesus m\u00e4ttar flera tusen m\u00e4nniskor. Nej, jag tror inte att det var en svensk limpmacka med ost och kaviar som bj\u00f6ds. Samtidigt \u00e4r just den f\u00f6r mig en symbol f\u00f6r liv.<\/p>\n<p>Den enkla sm\u00f6rg\u00e5sen. Delad tillsammans med n\u00e5gon annan. Vid k\u00f6ksbordet. Nedpackad i v\u00e4skan som utflyktsmat. P\u00e5 vintern n\u00e4r vi \u00e5kte skidor aldrig med ost, utan alltid med prickig korv p\u00e5.<\/p>\n<p>Idag n\u00e4r jag g\u00e5r i min nya hemstad ser jag hur man i allt fr\u00e5n de enkla gatust\u00e5nden och kioskerna till de mer hippa restaurangerna och barerna alltid kan k\u00f6pa en sm\u00f6rg\u00e5s. En bit br\u00f6d med p\u00e5l\u00e4gg. Br\u00f6det \u00e4r annorlunda. P\u00e5l\u00e4ggen likas\u00e5. Jag g\u00e5r f\u00f6rbi tv\u00e5 personer som sitter p\u00e5 tunnelbanas perrong och delar p\u00e5 en sm\u00f6rg\u00e5s. Det \u00e4r l\u00e5ngt ifr\u00e5n barndomens skidbacke och limpmacka med prickig korv. Men grunden \u00e4r densamma. Br\u00f6d och gemenskap.<\/p>\n<p>Min tanke \u00e5terv\u00e4nder till den d\u00e4r g\u00e5ngen f\u00f6r 2000 \u00e5r sedan. Br\u00f6det, att dela och \u00e4ta tillsammans, \u00e4r samma d\u00e5 som nu. Gemenskapen i att dela en m\u00e5ltid. Uttrycket Livets br\u00f6d f\u00e5r en dubbel betydelse. Inte bara det rent n\u00e4ringsm\u00e4ssiga. Att br\u00f6det m\u00e4ttar, ger energi och kraft. Utan gemenskapen. Att f\u00e5 dela sin m\u00e5ltid med andra. Att i det \u00f6ppna m\u00f6tet, i m\u00e5ltidens gemenskap, f\u00e5 energi och kraft. Inte bara kroppsligt, utan ocks\u00e5 sj\u00e4lsligt. Det \u00e4r l\u00e5ngt mellan barndomens limpmacka och nattvardens lilla oblat. Samtidigt s\u00e5 n\u00e4ra.<\/p>\n<p>Vi delar br\u00f6det. Vi delar gemenskap. Vi delar Liv.<\/p>\n","protected":false},"excerpt":{"rendered":"<p>Jag t\u00e4nkte aldrig p\u00e5 det n\u00e4r jag bodde hemma i Sverige. D\u00e5 var det liksom sj\u00e4lvklart. S\u00e5 vardagligt att det n\u00e4stan blev lite tr\u00e5kigt. En limpskiva med sm\u00f6r, ost och kanske lite kaviar p\u00e5. Det var den d\u00e4r snabba mackan som snabbt gjordes iordning och \u00e5ts p\u00e5 v\u00e4g mellan skola och tr\u00e4ning. Alternativt den enkla [&hellip;]<\/p>\n","protected":false},"author":620,"featured_media":1295,"comment_status":"open","ping_status":"open","sticky":false,"template":"","format":"standard","meta":{"_acf_changed":false,"footnotes":""},"categories":[99411],"tags":[142440,142457],"class_list":["post-1290","post","type-post","status-publish","format-standard","has-post-thumbnail","hentry","category-midfastosondagen","tag-maria-scharffenberg","tag-tankarinforhelgen"],"acf":[],"yoast_head":"<!-- This site is optimized with the Yoast SEO plugin v27.1.1 - https:\/\/yoast.com\/product\/yoast-seo-wordpress\/ -->\n<title>Br\u00f6det som \u00e4r mer \u00e4n br\u00f6d - Tankar inf\u00f6r helgen<\/title>\n<meta name=\"robots\" content=\"index, follow, max-snippet:-1, max-image-preview:large, max-video-preview:-1\" \/>\n<link rel=\"canonical\" href=\"https:\/\/blogg.svenskakyrkan.se\/tankarinforhelgen\/2018\/03\/07\/brodet-som-ar-mer-an-brod\/\" \/>\n<meta property=\"og:locale\" content=\"sv_SE\" \/>\n<meta property=\"og:type\" content=\"article\" \/>\n<meta property=\"og:title\" content=\"Br\u00f6det som \u00e4r mer \u00e4n br\u00f6d - Tankar inf\u00f6r helgen\" \/>\n<meta property=\"og:description\" content=\"Jag t\u00e4nkte aldrig p\u00e5 det n\u00e4r jag bodde hemma i Sverige. D\u00e5 var det liksom sj\u00e4lvklart. S\u00e5 vardagligt att det n\u00e4stan blev lite tr\u00e5kigt. En limpskiva med sm\u00f6r, ost och kanske lite kaviar p\u00e5. Det var den d\u00e4r snabba mackan som snabbt gjordes iordning och \u00e5ts p\u00e5 v\u00e4g mellan skola och tr\u00e4ning. Alternativt den enkla [&hellip;]\" \/>\n<meta property=\"og:url\" content=\"https:\/\/blogg.svenskakyrkan.se\/tankarinforhelgen\/2018\/03\/07\/brodet-som-ar-mer-an-brod\/\" \/>\n<meta property=\"og:site_name\" content=\"Tankar inf\u00f6r helgen\" \/>\n<meta property=\"article:published_time\" content=\"2018-03-07T20:01:13+00:00\" \/>\n<meta property=\"article:modified_time\" content=\"2018-03-09T14:17:19+00:00\" \/>\n<meta name=\"author\" content=\"Maria Scharffenberg, pr\u00e4st\" \/>\n<meta name=\"twitter:card\" content=\"summary_large_image\" \/>\n<meta name=\"twitter:label1\" content=\"Skriven av\" \/>\n\t<meta name=\"twitter:data1\" content=\"Maria Scharffenberg, pr\u00e4st\" \/>\n\t<meta name=\"twitter:label2\" content=\"Ber\u00e4knad l\u00e4stid\" \/>\n\t<meta name=\"twitter:data2\" content=\"3 minuter\" \/>\n<script type=\"application\/ld+json\" class=\"yoast-schema-graph\">{\"@context\":\"https:\/\/schema.org\",\"@graph\":[{\"@type\":\"Article\",\"@id\":\"https:\/\/blogg.svenskakyrkan.se\/tankarinforhelgen\/2018\/03\/07\/brodet-som-ar-mer-an-brod\/#article\",\"isPartOf\":{\"@id\":\"https:\/\/blogg.svenskakyrkan.se\/tankarinforhelgen\/2018\/03\/07\/brodet-som-ar-mer-an-brod\/\"},\"author\":{\"name\":\"Maria Scharffenberg, pr\u00e4st\",\"@id\":\"https:\/\/blogg.svenskakyrkan.se\/tankarinforhelgen\/#\/schema\/person\/3f50c58ee789e9c3a0f46452362f6294\"},\"headline\":\"Br\u00f6det som \u00e4r mer \u00e4n br\u00f6d\",\"datePublished\":\"2018-03-07T20:01:13+00:00\",\"dateModified\":\"2018-03-09T14:17:19+00:00\",\"mainEntityOfPage\":{\"@id\":\"https:\/\/blogg.svenskakyrkan.se\/tankarinforhelgen\/2018\/03\/07\/brodet-som-ar-mer-an-brod\/\"},\"wordCount\":531,\"commentCount\":0,\"image\":{\"@id\":\"https:\/\/blogg.svenskakyrkan.se\/tankarinforhelgen\/2018\/03\/07\/brodet-som-ar-mer-an-brod\/#primaryimage\"},\"thumbnailUrl\":\"https:\/\/blogg.svenskakyrkan.se\/tankarinforhelgen\/files\/2018\/03\/2sk\u00e4rm.png\",\"keywords\":[\"Maria Scharffenberg\",\"TANKARINFORHELGEN\"],\"articleSection\":[\"Midfastos\u00f6ndagen\"],\"inLanguage\":\"sv-SE\",\"potentialAction\":[{\"@type\":\"CommentAction\",\"name\":\"Comment\",\"target\":[\"https:\/\/blogg.svenskakyrkan.se\/tankarinforhelgen\/2018\/03\/07\/brodet-som-ar-mer-an-brod\/#respond\"]}]},{\"@type\":\"WebPage\",\"@id\":\"https:\/\/blogg.svenskakyrkan.se\/tankarinforhelgen\/2018\/03\/07\/brodet-som-ar-mer-an-brod\/\",\"url\":\"https:\/\/blogg.svenskakyrkan.se\/tankarinforhelgen\/2018\/03\/07\/brodet-som-ar-mer-an-brod\/\",\"name\":\"Br\u00f6det som \u00e4r mer \u00e4n br\u00f6d - Tankar inf\u00f6r helgen\",\"isPartOf\":{\"@id\":\"https:\/\/blogg.svenskakyrkan.se\/tankarinforhelgen\/#website\"},\"primaryImageOfPage\":{\"@id\":\"https:\/\/blogg.svenskakyrkan.se\/tankarinforhelgen\/2018\/03\/07\/brodet-som-ar-mer-an-brod\/#primaryimage\"},\"image\":{\"@id\":\"https:\/\/blogg.svenskakyrkan.se\/tankarinforhelgen\/2018\/03\/07\/brodet-som-ar-mer-an-brod\/#primaryimage\"},\"thumbnailUrl\":\"https:\/\/blogg.svenskakyrkan.se\/tankarinforhelgen\/files\/2018\/03\/2sk\u00e4rm.png\",\"datePublished\":\"2018-03-07T20:01:13+00:00\",\"dateModified\":\"2018-03-09T14:17:19+00:00\",\"author\":{\"@id\":\"https:\/\/blogg.svenskakyrkan.se\/tankarinforhelgen\/#\/schema\/person\/3f50c58ee789e9c3a0f46452362f6294\"},\"breadcrumb\":{\"@id\":\"https:\/\/blogg.svenskakyrkan.se\/tankarinforhelgen\/2018\/03\/07\/brodet-som-ar-mer-an-brod\/#breadcrumb\"},\"inLanguage\":\"sv-SE\",\"potentialAction\":[{\"@type\":\"ReadAction\",\"target\":[\"https:\/\/blogg.svenskakyrkan.se\/tankarinforhelgen\/2018\/03\/07\/brodet-som-ar-mer-an-brod\/\"]}]},{\"@type\":\"ImageObject\",\"inLanguage\":\"sv-SE\",\"@id\":\"https:\/\/blogg.svenskakyrkan.se\/tankarinforhelgen\/2018\/03\/07\/brodet-som-ar-mer-an-brod\/#primaryimage\",\"url\":\"https:\/\/blogg.svenskakyrkan.se\/tankarinforhelgen\/files\/2018\/03\/2sk\u00e4rm.png\",\"contentUrl\":\"https:\/\/blogg.svenskakyrkan.se\/tankarinforhelgen\/files\/2018\/03\/2sk\u00e4rm.png\",\"width\":821,\"height\":664},{\"@type\":\"BreadcrumbList\",\"@id\":\"https:\/\/blogg.svenskakyrkan.se\/tankarinforhelgen\/2018\/03\/07\/brodet-som-ar-mer-an-brod\/#breadcrumb\",\"itemListElement\":[{\"@type\":\"ListItem\",\"position\":1,\"name\":\"Hem\",\"item\":\"https:\/\/blogg.svenskakyrkan.se\/tankarinforhelgen\/\"},{\"@type\":\"ListItem\",\"position\":2,\"name\":\"Br\u00f6det som \u00e4r mer \u00e4n br\u00f6d\"}]},{\"@type\":\"WebSite\",\"@id\":\"https:\/\/blogg.svenskakyrkan.se\/tankarinforhelgen\/#website\",\"url\":\"https:\/\/blogg.svenskakyrkan.se\/tankarinforhelgen\/\",\"name\":\"Tankar inf\u00f6r helgen\",\"description\":\"Pr\u00e4ster funderar utifr\u00e5n kommande s\u00f6ndags texter\",\"potentialAction\":[{\"@type\":\"SearchAction\",\"target\":{\"@type\":\"EntryPoint\",\"urlTemplate\":\"https:\/\/blogg.svenskakyrkan.se\/tankarinforhelgen\/?s={search_term_string}\"},\"query-input\":{\"@type\":\"PropertyValueSpecification\",\"valueRequired\":true,\"valueName\":\"search_term_string\"}}],\"inLanguage\":\"sv-SE\"},{\"@type\":\"Person\",\"@id\":\"https:\/\/blogg.svenskakyrkan.se\/tankarinforhelgen\/#\/schema\/person\/3f50c58ee789e9c3a0f46452362f6294\",\"name\":\"Maria Scharffenberg, pr\u00e4st\",\"image\":{\"@type\":\"ImageObject\",\"inLanguage\":\"sv-SE\",\"@id\":\"https:\/\/blogg.svenskakyrkan.se\/tankarinforhelgen\/#\/schema\/person\/image\/\",\"url\":\"https:\/\/secure.gravatar.com\/avatar\/107a9e0984072024dc45f018755d2248f476561fc0eafc75d51f93d1e06c36ff?s=96&d=mm&r=g\",\"contentUrl\":\"https:\/\/secure.gravatar.com\/avatar\/107a9e0984072024dc45f018755d2248f476561fc0eafc75d51f93d1e06c36ff?s=96&d=mm&r=g\",\"caption\":\"Maria Scharffenberg, pr\u00e4st\"},\"url\":\"https:\/\/blogg.svenskakyrkan.se\/tankarinforhelgen\/author\/mariascharffenberg\/\"}]}<\/script>\n<!-- \/ Yoast SEO plugin. -->","yoast_head_json":{"title":"Br\u00f6det som \u00e4r mer \u00e4n br\u00f6d - Tankar inf\u00f6r helgen","robots":{"index":"index","follow":"follow","max-snippet":"max-snippet:-1","max-image-preview":"max-image-preview:large","max-video-preview":"max-video-preview:-1"},"canonical":"https:\/\/blogg.svenskakyrkan.se\/tankarinforhelgen\/2018\/03\/07\/brodet-som-ar-mer-an-brod\/","og_locale":"sv_SE","og_type":"article","og_title":"Br\u00f6det som \u00e4r mer \u00e4n br\u00f6d - Tankar inf\u00f6r helgen","og_description":"Jag t\u00e4nkte aldrig p\u00e5 det n\u00e4r jag bodde hemma i Sverige. D\u00e5 var det liksom sj\u00e4lvklart. S\u00e5 vardagligt att det n\u00e4stan blev lite tr\u00e5kigt. En limpskiva med sm\u00f6r, ost och kanske lite kaviar p\u00e5. Det var den d\u00e4r snabba mackan som snabbt gjordes iordning och \u00e5ts p\u00e5 v\u00e4g mellan skola och tr\u00e4ning. Alternativt den enkla [&hellip;]","og_url":"https:\/\/blogg.svenskakyrkan.se\/tankarinforhelgen\/2018\/03\/07\/brodet-som-ar-mer-an-brod\/","og_site_name":"Tankar inf\u00f6r helgen","article_published_time":"2018-03-07T20:01:13+00:00","article_modified_time":"2018-03-09T14:17:19+00:00","author":"Maria Scharffenberg, pr\u00e4st","twitter_card":"summary_large_image","twitter_misc":{"Skriven av":"Maria Scharffenberg, pr\u00e4st","Ber\u00e4knad l\u00e4stid":"3 minuter"},"schema":{"@context":"https:\/\/schema.org","@graph":[{"@type":"Article","@id":"https:\/\/blogg.svenskakyrkan.se\/tankarinforhelgen\/2018\/03\/07\/brodet-som-ar-mer-an-brod\/#article","isPartOf":{"@id":"https:\/\/blogg.svenskakyrkan.se\/tankarinforhelgen\/2018\/03\/07\/brodet-som-ar-mer-an-brod\/"},"author":{"name":"Maria Scharffenberg, pr\u00e4st","@id":"https:\/\/blogg.svenskakyrkan.se\/tankarinforhelgen\/#\/schema\/person\/3f50c58ee789e9c3a0f46452362f6294"},"headline":"Br\u00f6det som \u00e4r mer \u00e4n br\u00f6d","datePublished":"2018-03-07T20:01:13+00:00","dateModified":"2018-03-09T14:17:19+00:00","mainEntityOfPage":{"@id":"https:\/\/blogg.svenskakyrkan.se\/tankarinforhelgen\/2018\/03\/07\/brodet-som-ar-mer-an-brod\/"},"wordCount":531,"commentCount":0,"image":{"@id":"https:\/\/blogg.svenskakyrkan.se\/tankarinforhelgen\/2018\/03\/07\/brodet-som-ar-mer-an-brod\/#primaryimage"},"thumbnailUrl":"https:\/\/blogg.svenskakyrkan.se\/tankarinforhelgen\/files\/2018\/03\/2sk\u00e4rm.png","keywords":["Maria Scharffenberg","TANKARINFORHELGEN"],"articleSection":["Midfastos\u00f6ndagen"],"inLanguage":"sv-SE","potentialAction":[{"@type":"CommentAction","name":"Comment","target":["https:\/\/blogg.svenskakyrkan.se\/tankarinforhelgen\/2018\/03\/07\/brodet-som-ar-mer-an-brod\/#respond"]}]},{"@type":"WebPage","@id":"https:\/\/blogg.svenskakyrkan.se\/tankarinforhelgen\/2018\/03\/07\/brodet-som-ar-mer-an-brod\/","url":"https:\/\/blogg.svenskakyrkan.se\/tankarinforhelgen\/2018\/03\/07\/brodet-som-ar-mer-an-brod\/","name":"Br\u00f6det som \u00e4r mer \u00e4n br\u00f6d - Tankar inf\u00f6r helgen","isPartOf":{"@id":"https:\/\/blogg.svenskakyrkan.se\/tankarinforhelgen\/#website"},"primaryImageOfPage":{"@id":"https:\/\/blogg.svenskakyrkan.se\/tankarinforhelgen\/2018\/03\/07\/brodet-som-ar-mer-an-brod\/#primaryimage"},"image":{"@id":"https:\/\/blogg.svenskakyrkan.se\/tankarinforhelgen\/2018\/03\/07\/brodet-som-ar-mer-an-brod\/#primaryimage"},"thumbnailUrl":"https:\/\/blogg.svenskakyrkan.se\/tankarinforhelgen\/files\/2018\/03\/2sk\u00e4rm.png","datePublished":"2018-03-07T20:01:13+00:00","dateModified":"2018-03-09T14:17:19+00:00","author":{"@id":"https:\/\/blogg.svenskakyrkan.se\/tankarinforhelgen\/#\/schema\/person\/3f50c58ee789e9c3a0f46452362f6294"},"breadcrumb":{"@id":"https:\/\/blogg.svenskakyrkan.se\/tankarinforhelgen\/2018\/03\/07\/brodet-som-ar-mer-an-brod\/#breadcrumb"},"inLanguage":"sv-SE","potentialAction":[{"@type":"ReadAction","target":["https:\/\/blogg.svenskakyrkan.se\/tankarinforhelgen\/2018\/03\/07\/brodet-som-ar-mer-an-brod\/"]}]},{"@type":"ImageObject","inLanguage":"sv-SE","@id":"https:\/\/blogg.svenskakyrkan.se\/tankarinforhelgen\/2018\/03\/07\/brodet-som-ar-mer-an-brod\/#primaryimage","url":"https:\/\/blogg.svenskakyrkan.se\/tankarinforhelgen\/files\/2018\/03\/2sk\u00e4rm.png","contentUrl":"https:\/\/blogg.svenskakyrkan.se\/tankarinforhelgen\/files\/2018\/03\/2sk\u00e4rm.png","width":821,"height":664},{"@type":"BreadcrumbList","@id":"https:\/\/blogg.svenskakyrkan.se\/tankarinforhelgen\/2018\/03\/07\/brodet-som-ar-mer-an-brod\/#breadcrumb","itemListElement":[{"@type":"ListItem","position":1,"name":"Hem","item":"https:\/\/blogg.svenskakyrkan.se\/tankarinforhelgen\/"},{"@type":"ListItem","position":2,"name":"Br\u00f6det som \u00e4r mer \u00e4n br\u00f6d"}]},{"@type":"WebSite","@id":"https:\/\/blogg.svenskakyrkan.se\/tankarinforhelgen\/#website","url":"https:\/\/blogg.svenskakyrkan.se\/tankarinforhelgen\/","name":"Tankar inf\u00f6r helgen","description":"Pr\u00e4ster funderar utifr\u00e5n kommande s\u00f6ndags texter","potentialAction":[{"@type":"SearchAction","target":{"@type":"EntryPoint","urlTemplate":"https:\/\/blogg.svenskakyrkan.se\/tankarinforhelgen\/?s={search_term_string}"},"query-input":{"@type":"PropertyValueSpecification","valueRequired":true,"valueName":"search_term_string"}}],"inLanguage":"sv-SE"},{"@type":"Person","@id":"https:\/\/blogg.svenskakyrkan.se\/tankarinforhelgen\/#\/schema\/person\/3f50c58ee789e9c3a0f46452362f6294","name":"Maria Scharffenberg, pr\u00e4st","image":{"@type":"ImageObject","inLanguage":"sv-SE","@id":"https:\/\/blogg.svenskakyrkan.se\/tankarinforhelgen\/#\/schema\/person\/image\/","url":"https:\/\/secure.gravatar.com\/avatar\/107a9e0984072024dc45f018755d2248f476561fc0eafc75d51f93d1e06c36ff?s=96&d=mm&r=g","contentUrl":"https:\/\/secure.gravatar.com\/avatar\/107a9e0984072024dc45f018755d2248f476561fc0eafc75d51f93d1e06c36ff?s=96&d=mm&r=g","caption":"Maria Scharffenberg, pr\u00e4st"},"url":"https:\/\/blogg.svenskakyrkan.se\/tankarinforhelgen\/author\/mariascharffenberg\/"}]}},"author_meta":{"ID":"620","user_nicename":"mariascharffenberg","user_registered":"2017-04-09 08:20:01","display_name":"Maria Scharffenberg, pr\u00e4st","first_name":"Maria","last_name":"Scharffenberg, pr\u00e4st","avatar":"https:\/\/secure.gravatar.com\/avatar\/107a9e0984072024dc45f018755d2248f476561fc0eafc75d51f93d1e06c36ff?s=96&d=mm&r=g"},"featured_image":["https:\/\/blogg.svenskakyrkan.se\/tankarinforhelgen\/files\/2018\/03\/2sk\u00e4rm.png",821,664,false],"bloginfo":{"name":"Tankar inf\u00f6r helgen","url":"https:\/\/blogg.svenskakyrkan.se\/tankarinforhelgen"},"_links":{"self":[{"href":"https:\/\/blogg.svenskakyrkan.se\/tankarinforhelgen\/wp-json\/wp\/v2\/posts\/1290","targetHints":{"allow":["GET"]}}],"collection":[{"href":"https:\/\/blogg.svenskakyrkan.se\/tankarinforhelgen\/wp-json\/wp\/v2\/posts"}],"about":[{"href":"https:\/\/blogg.svenskakyrkan.se\/tankarinforhelgen\/wp-json\/wp\/v2\/types\/post"}],"author":[{"embeddable":true,"href":"https:\/\/blogg.svenskakyrkan.se\/tankarinforhelgen\/wp-json\/wp\/v2\/users\/620"}],"replies":[{"embeddable":true,"href":"https:\/\/blogg.svenskakyrkan.se\/tankarinforhelgen\/wp-json\/wp\/v2\/comments?post=1290"}],"version-history":[{"count":2,"href":"https:\/\/blogg.svenskakyrkan.se\/tankarinforhelgen\/wp-json\/wp\/v2\/posts\/1290\/revisions"}],"predecessor-version":[{"id":1296,"href":"https:\/\/blogg.svenskakyrkan.se\/tankarinforhelgen\/wp-json\/wp\/v2\/posts\/1290\/revisions\/1296"}],"wp:featuredmedia":[{"embeddable":true,"href":"https:\/\/blogg.svenskakyrkan.se\/tankarinforhelgen\/wp-json\/wp\/v2\/media\/1295"}],"wp:attachment":[{"href":"https:\/\/blogg.svenskakyrkan.se\/tankarinforhelgen\/wp-json\/wp\/v2\/media?parent=1290"}],"wp:term":[{"taxonomy":"category","embeddable":true,"href":"https:\/\/blogg.svenskakyrkan.se\/tankarinforhelgen\/wp-json\/wp\/v2\/categories?post=1290"},{"taxonomy":"post_tag","embeddable":true,"href":"https:\/\/blogg.svenskakyrkan.se\/tankarinforhelgen\/wp-json\/wp\/v2\/tags?post=1290"}],"curies":[{"name":"wp","href":"https:\/\/api.w.org\/{rel}","templated":true}]}}