{"id":1302,"date":"2018-03-20T09:29:43","date_gmt":"2018-03-20T08:29:43","guid":{"rendered":"http:\/\/blogg.svenskakyrkan.se\/tankarinforhelgen\/?p=1302"},"modified":"2018-03-22T16:23:03","modified_gmt":"2018-03-22T15:23:03","slug":"for-var-skull","status":"publish","type":"post","link":"https:\/\/blogg.svenskakyrkan.se\/tankarinforhelgen\/2018\/03\/20\/for-var-skull\/","title":{"rendered":"F\u00f6r v\u00e5r skull"},"content":{"rendered":"<p>Kunde Jesus f\u00f6rutse vad som skulle h\u00e4nda med honom? Visste han att han skulle d\u00f6 och uppst\u00e5? Visste han redan n\u00e4r han f\u00f6rsta g\u00e5ngen s\u00e5g Judas att han denne man skulle f\u00f6rr\u00e5da honom?<\/p>\n<p>Eller var det tv\u00e4rtom, var Jesus bara en helt vanlig m\u00e4nniska som blev offer f\u00f6r omst\u00e4ndigheterna och dog n\u00e4stan utan att det var meningen?<\/p>\n<p>Ja, s\u00e5 d\u00e4r kan man diskutera. Man kan ocks\u00e5 ha olika uppfattningar om huruvida Jesus visste vad som skulle h\u00e4nda n\u00e5gra dagar efter att han ridit in i Jerusalem och hyllats av folket som en kung. Visste han allt om planerna p\u00e5 att d\u00f6da honom?<\/p>\n<p>Oavsett vilken syn man har p\u00e5 Jesus s\u00e5 m\u00e5ste han ha haft sina aningar om vad som var p\u00e5 g\u00e5ng. Han hade retat upp b\u00e5de den kyrkliga och den v\u00e4rldsliga makten, och det gjorde man inte ostraffat. Jesus visste s\u00e4kert vad det var han utsatte sig sj\u00e4lv f\u00f6r n\u00e4r han predikade och utmanade makten. Men han gjorde det \u00e4nd\u00e5. Han gjorde det f\u00f6r v\u00e5r skull. S\u00e5 viktigt var budskapet som Jesus hade att f\u00f6rmedla: han utsatte sig f\u00f6r livsfara och s\u00e5 sm\u00e5ningom d\u00f6d f\u00f6r att vi skulle f\u00e5 ta del av just det budskapet. Och vi vet vad som v\u00e4ntar.<\/p>\n<p>Vi k\u00e4nner till gripandet av Jesus, och vi k\u00e4nner till korsf\u00e4stelsen. Vi vet, eller vi anar \u00e5tminstone, att int\u00e5get i Jerusalem inte bara var jubel utan ocks\u00e5 \u00e5ngest f\u00f6r Jesus fr\u00e5n Nasaret. F\u00f6r han ville inte d\u00f6. Han var en m\u00e4nniska och oftast vill inte m\u00e4nniskor d\u00f6, i alla fall inte en pl\u00e5gsam och utdragen d\u00f6d. Bara en stund innan han s\u00e5 sm\u00e5ningom greps av vakterna p\u00e5 sk\u00e4rtorsdagen bad han innerligt att f\u00e5 slippa. Men samtidigt visste han att det inte var m\u00f6jligt.<\/p>\n<p>N\u00e4r han red in i Jerusalem p\u00e5 \u00e5snan gav han egentligen upp alla anspr\u00e5k p\u00e5 att komma d\u00e4rifr\u00e5n levande. \u00c4nd\u00e5 valde han inte att h\u00e5lla sig undan utanf\u00f6r staden trots att det s\u00e4kert skulle ha varit m\u00f6jligt. F\u00f6r att vi beh\u00f6vde h\u00f6ra budskapet, f\u00f6r att vi beh\u00f6vde r\u00e4ddas, h\u00f6ll sig inte Jesus undan. F\u00f6r v\u00e5r skull red han in i Jerusalem, f\u00f6r v\u00e5r skull greps han. F\u00f6r v\u00e5r skull d\u00f6mdes han, f\u00f6r v\u00e5r skull korsf\u00e4stes han. F\u00f6r v\u00e5r skull dog han. F\u00f6r v\u00e5r r\u00e4ddnings skull: F\u00f6r att vi skulle f\u00e5 h\u00f6ra budskapet, de glada nyheterna om att Gud \u00e4r en god Gud, en k\u00e4rleksfull Gud. Gud \u00e4r inte straffande och d\u00f6mande utan k\u00e4rleksfull. Och vi \u00e4r aldrig ensamma. Gud finns alltid hos oss, inte l\u00e5ngt bort, utan h\u00e4r mitt ibland oss.<\/p>\n<p>Det var f\u00f6r att ber\u00e4tta bland annat de h\u00e4r sakerna som Jesus vandrade runt med fara f\u00f6r sitt eget liv. Det var f\u00f6r att m\u00e4nniskorna skulle f\u00e5 h\u00f6ra det h\u00e4r som Jesus utsatte sig f\u00f6r f\u00f6rf\u00f6ljelse, dom och korsf\u00e4stelse. Det var f\u00f6r v\u00e5r skull som han red in i Jerusalem. Och folket, b\u00e5de de som gick f\u00f6re och de som f\u00f6ljde efter, ropade: \u201dHosianna, Davids son! V\u00e4lsignad \u00e4r han som kommer i Herrens namn\u201d<\/p>\n","protected":false},"excerpt":{"rendered":"<p>Kunde Jesus f\u00f6rutse vad som skulle h\u00e4nda med honom? Visste han att han skulle d\u00f6 och uppst\u00e5? Visste han redan n\u00e4r han f\u00f6rsta g\u00e5ngen s\u00e5g Judas att han denne man skulle f\u00f6rr\u00e5da honom? Eller var det tv\u00e4rtom, var Jesus bara en helt vanlig m\u00e4nniska som blev offer f\u00f6r omst\u00e4ndigheterna och dog n\u00e4stan utan att det [&hellip;]<\/p>\n","protected":false},"author":622,"featured_media":1303,"comment_status":"open","ping_status":"open","sticky":false,"template":"","format":"standard","meta":{"_acf_changed":false,"footnotes":""},"categories":[99413],"tags":[142450,159852,142457],"class_list":["post-1302","post","type-post","status-publish","format-standard","has-post-thumbnail","hentry","category-palmsondagen","tag-kjell-dellert","tag-paskens-drama","tag-tankarinforhelgen"],"acf":[],"yoast_head":"<!-- This site is optimized with the Yoast SEO plugin v27.1.1 - https:\/\/yoast.com\/product\/yoast-seo-wordpress\/ -->\n<title>F\u00f6r v\u00e5r skull - Tankar inf\u00f6r helgen<\/title>\n<meta name=\"robots\" content=\"index, follow, max-snippet:-1, max-image-preview:large, max-video-preview:-1\" \/>\n<link rel=\"canonical\" href=\"https:\/\/blogg.svenskakyrkan.se\/tankarinforhelgen\/2018\/03\/20\/for-var-skull\/\" \/>\n<meta property=\"og:locale\" content=\"sv_SE\" \/>\n<meta property=\"og:type\" content=\"article\" \/>\n<meta property=\"og:title\" content=\"F\u00f6r v\u00e5r skull - Tankar inf\u00f6r helgen\" \/>\n<meta property=\"og:description\" content=\"Kunde Jesus f\u00f6rutse vad som skulle h\u00e4nda med honom? Visste han att han skulle d\u00f6 och uppst\u00e5? Visste han redan n\u00e4r han f\u00f6rsta g\u00e5ngen s\u00e5g Judas att han denne man skulle f\u00f6rr\u00e5da honom? Eller var det tv\u00e4rtom, var Jesus bara en helt vanlig m\u00e4nniska som blev offer f\u00f6r omst\u00e4ndigheterna och dog n\u00e4stan utan att det [&hellip;]\" \/>\n<meta property=\"og:url\" content=\"https:\/\/blogg.svenskakyrkan.se\/tankarinforhelgen\/2018\/03\/20\/for-var-skull\/\" \/>\n<meta property=\"og:site_name\" content=\"Tankar inf\u00f6r helgen\" \/>\n<meta property=\"article:published_time\" content=\"2018-03-20T08:29:43+00:00\" \/>\n<meta property=\"article:modified_time\" content=\"2018-03-22T15:23:03+00:00\" \/>\n<meta name=\"author\" content=\"Kjell Dellert, pr\u00e4st\" \/>\n<meta name=\"twitter:card\" content=\"summary_large_image\" \/>\n<meta name=\"twitter:label1\" content=\"Skriven av\" \/>\n\t<meta name=\"twitter:data1\" content=\"Kjell Dellert, pr\u00e4st\" \/>\n\t<meta name=\"twitter:label2\" content=\"Ber\u00e4knad l\u00e4stid\" \/>\n\t<meta name=\"twitter:data2\" content=\"3 minuter\" \/>\n<script type=\"application\/ld+json\" class=\"yoast-schema-graph\">{\"@context\":\"https:\/\/schema.org\",\"@graph\":[{\"@type\":\"Article\",\"@id\":\"https:\/\/blogg.svenskakyrkan.se\/tankarinforhelgen\/2018\/03\/20\/for-var-skull\/#article\",\"isPartOf\":{\"@id\":\"https:\/\/blogg.svenskakyrkan.se\/tankarinforhelgen\/2018\/03\/20\/for-var-skull\/\"},\"author\":{\"name\":\"Kjell Dellert, pr\u00e4st\",\"@id\":\"https:\/\/blogg.svenskakyrkan.se\/tankarinforhelgen\/#\/schema\/person\/9fbb20960ac259b95769de25e0ef7002\"},\"headline\":\"F\u00f6r v\u00e5r skull\",\"datePublished\":\"2018-03-20T08:29:43+00:00\",\"dateModified\":\"2018-03-22T15:23:03+00:00\",\"mainEntityOfPage\":{\"@id\":\"https:\/\/blogg.svenskakyrkan.se\/tankarinforhelgen\/2018\/03\/20\/for-var-skull\/\"},\"wordCount\":597,\"commentCount\":2,\"image\":{\"@id\":\"https:\/\/blogg.svenskakyrkan.se\/tankarinforhelgen\/2018\/03\/20\/for-var-skull\/#primaryimage\"},\"thumbnailUrl\":\"https:\/\/blogg.svenskakyrkan.se\/tankarinforhelgen\/files\/2018\/03\/D8760043-52E3-4DD0-9362-777B95EF71F1.jpeg\",\"keywords\":[\"Kjell Dellert\",\"P\u00e5skens drama\",\"TANKARINFORHELGEN\"],\"articleSection\":[\"Palms\u00f6ndagen\"],\"inLanguage\":\"sv-SE\",\"potentialAction\":[{\"@type\":\"CommentAction\",\"name\":\"Comment\",\"target\":[\"https:\/\/blogg.svenskakyrkan.se\/tankarinforhelgen\/2018\/03\/20\/for-var-skull\/#respond\"]}]},{\"@type\":\"WebPage\",\"@id\":\"https:\/\/blogg.svenskakyrkan.se\/tankarinforhelgen\/2018\/03\/20\/for-var-skull\/\",\"url\":\"https:\/\/blogg.svenskakyrkan.se\/tankarinforhelgen\/2018\/03\/20\/for-var-skull\/\",\"name\":\"F\u00f6r v\u00e5r skull - Tankar inf\u00f6r helgen\",\"isPartOf\":{\"@id\":\"https:\/\/blogg.svenskakyrkan.se\/tankarinforhelgen\/#website\"},\"primaryImageOfPage\":{\"@id\":\"https:\/\/blogg.svenskakyrkan.se\/tankarinforhelgen\/2018\/03\/20\/for-var-skull\/#primaryimage\"},\"image\":{\"@id\":\"https:\/\/blogg.svenskakyrkan.se\/tankarinforhelgen\/2018\/03\/20\/for-var-skull\/#primaryimage\"},\"thumbnailUrl\":\"https:\/\/blogg.svenskakyrkan.se\/tankarinforhelgen\/files\/2018\/03\/D8760043-52E3-4DD0-9362-777B95EF71F1.jpeg\",\"datePublished\":\"2018-03-20T08:29:43+00:00\",\"dateModified\":\"2018-03-22T15:23:03+00:00\",\"author\":{\"@id\":\"https:\/\/blogg.svenskakyrkan.se\/tankarinforhelgen\/#\/schema\/person\/9fbb20960ac259b95769de25e0ef7002\"},\"breadcrumb\":{\"@id\":\"https:\/\/blogg.svenskakyrkan.se\/tankarinforhelgen\/2018\/03\/20\/for-var-skull\/#breadcrumb\"},\"inLanguage\":\"sv-SE\",\"potentialAction\":[{\"@type\":\"ReadAction\",\"target\":[\"https:\/\/blogg.svenskakyrkan.se\/tankarinforhelgen\/2018\/03\/20\/for-var-skull\/\"]}]},{\"@type\":\"ImageObject\",\"inLanguage\":\"sv-SE\",\"@id\":\"https:\/\/blogg.svenskakyrkan.se\/tankarinforhelgen\/2018\/03\/20\/for-var-skull\/#primaryimage\",\"url\":\"https:\/\/blogg.svenskakyrkan.se\/tankarinforhelgen\/files\/2018\/03\/D8760043-52E3-4DD0-9362-777B95EF71F1.jpeg\",\"contentUrl\":\"https:\/\/blogg.svenskakyrkan.se\/tankarinforhelgen\/files\/2018\/03\/D8760043-52E3-4DD0-9362-777B95EF71F1.jpeg\",\"width\":1920,\"height\":1440},{\"@type\":\"BreadcrumbList\",\"@id\":\"https:\/\/blogg.svenskakyrkan.se\/tankarinforhelgen\/2018\/03\/20\/for-var-skull\/#breadcrumb\",\"itemListElement\":[{\"@type\":\"ListItem\",\"position\":1,\"name\":\"Hem\",\"item\":\"https:\/\/blogg.svenskakyrkan.se\/tankarinforhelgen\/\"},{\"@type\":\"ListItem\",\"position\":2,\"name\":\"F\u00f6r v\u00e5r skull\"}]},{\"@type\":\"WebSite\",\"@id\":\"https:\/\/blogg.svenskakyrkan.se\/tankarinforhelgen\/#website\",\"url\":\"https:\/\/blogg.svenskakyrkan.se\/tankarinforhelgen\/\",\"name\":\"Tankar inf\u00f6r helgen\",\"description\":\"Pr\u00e4ster funderar utifr\u00e5n kommande s\u00f6ndags texter\",\"potentialAction\":[{\"@type\":\"SearchAction\",\"target\":{\"@type\":\"EntryPoint\",\"urlTemplate\":\"https:\/\/blogg.svenskakyrkan.se\/tankarinforhelgen\/?s={search_term_string}\"},\"query-input\":{\"@type\":\"PropertyValueSpecification\",\"valueRequired\":true,\"valueName\":\"search_term_string\"}}],\"inLanguage\":\"sv-SE\"},{\"@type\":\"Person\",\"@id\":\"https:\/\/blogg.svenskakyrkan.se\/tankarinforhelgen\/#\/schema\/person\/9fbb20960ac259b95769de25e0ef7002\",\"name\":\"Kjell Dellert, pr\u00e4st\",\"image\":{\"@type\":\"ImageObject\",\"inLanguage\":\"sv-SE\",\"@id\":\"https:\/\/blogg.svenskakyrkan.se\/tankarinforhelgen\/#\/schema\/person\/image\/\",\"url\":\"https:\/\/secure.gravatar.com\/avatar\/23eb7a08c9ca38f9ae7525f37de54e71d121503f9420825a7029fe46ea1acba8?s=96&d=mm&r=g\",\"contentUrl\":\"https:\/\/secure.gravatar.com\/avatar\/23eb7a08c9ca38f9ae7525f37de54e71d121503f9420825a7029fe46ea1acba8?s=96&d=mm&r=g\",\"caption\":\"Kjell Dellert, pr\u00e4st\"},\"url\":\"https:\/\/blogg.svenskakyrkan.se\/tankarinforhelgen\/author\/kjelldellert\/\"}]}<\/script>\n<!-- \/ Yoast SEO plugin. -->","yoast_head_json":{"title":"F\u00f6r v\u00e5r skull - Tankar inf\u00f6r helgen","robots":{"index":"index","follow":"follow","max-snippet":"max-snippet:-1","max-image-preview":"max-image-preview:large","max-video-preview":"max-video-preview:-1"},"canonical":"https:\/\/blogg.svenskakyrkan.se\/tankarinforhelgen\/2018\/03\/20\/for-var-skull\/","og_locale":"sv_SE","og_type":"article","og_title":"F\u00f6r v\u00e5r skull - Tankar inf\u00f6r helgen","og_description":"Kunde Jesus f\u00f6rutse vad som skulle h\u00e4nda med honom? Visste han att han skulle d\u00f6 och uppst\u00e5? Visste han redan n\u00e4r han f\u00f6rsta g\u00e5ngen s\u00e5g Judas att han denne man skulle f\u00f6rr\u00e5da honom? Eller var det tv\u00e4rtom, var Jesus bara en helt vanlig m\u00e4nniska som blev offer f\u00f6r omst\u00e4ndigheterna och dog n\u00e4stan utan att det [&hellip;]","og_url":"https:\/\/blogg.svenskakyrkan.se\/tankarinforhelgen\/2018\/03\/20\/for-var-skull\/","og_site_name":"Tankar inf\u00f6r helgen","article_published_time":"2018-03-20T08:29:43+00:00","article_modified_time":"2018-03-22T15:23:03+00:00","author":"Kjell Dellert, pr\u00e4st","twitter_card":"summary_large_image","twitter_misc":{"Skriven av":"Kjell Dellert, pr\u00e4st","Ber\u00e4knad l\u00e4stid":"3 minuter"},"schema":{"@context":"https:\/\/schema.org","@graph":[{"@type":"Article","@id":"https:\/\/blogg.svenskakyrkan.se\/tankarinforhelgen\/2018\/03\/20\/for-var-skull\/#article","isPartOf":{"@id":"https:\/\/blogg.svenskakyrkan.se\/tankarinforhelgen\/2018\/03\/20\/for-var-skull\/"},"author":{"name":"Kjell Dellert, pr\u00e4st","@id":"https:\/\/blogg.svenskakyrkan.se\/tankarinforhelgen\/#\/schema\/person\/9fbb20960ac259b95769de25e0ef7002"},"headline":"F\u00f6r v\u00e5r skull","datePublished":"2018-03-20T08:29:43+00:00","dateModified":"2018-03-22T15:23:03+00:00","mainEntityOfPage":{"@id":"https:\/\/blogg.svenskakyrkan.se\/tankarinforhelgen\/2018\/03\/20\/for-var-skull\/"},"wordCount":597,"commentCount":2,"image":{"@id":"https:\/\/blogg.svenskakyrkan.se\/tankarinforhelgen\/2018\/03\/20\/for-var-skull\/#primaryimage"},"thumbnailUrl":"https:\/\/blogg.svenskakyrkan.se\/tankarinforhelgen\/files\/2018\/03\/D8760043-52E3-4DD0-9362-777B95EF71F1.jpeg","keywords":["Kjell Dellert","P\u00e5skens drama","TANKARINFORHELGEN"],"articleSection":["Palms\u00f6ndagen"],"inLanguage":"sv-SE","potentialAction":[{"@type":"CommentAction","name":"Comment","target":["https:\/\/blogg.svenskakyrkan.se\/tankarinforhelgen\/2018\/03\/20\/for-var-skull\/#respond"]}]},{"@type":"WebPage","@id":"https:\/\/blogg.svenskakyrkan.se\/tankarinforhelgen\/2018\/03\/20\/for-var-skull\/","url":"https:\/\/blogg.svenskakyrkan.se\/tankarinforhelgen\/2018\/03\/20\/for-var-skull\/","name":"F\u00f6r v\u00e5r skull - Tankar inf\u00f6r helgen","isPartOf":{"@id":"https:\/\/blogg.svenskakyrkan.se\/tankarinforhelgen\/#website"},"primaryImageOfPage":{"@id":"https:\/\/blogg.svenskakyrkan.se\/tankarinforhelgen\/2018\/03\/20\/for-var-skull\/#primaryimage"},"image":{"@id":"https:\/\/blogg.svenskakyrkan.se\/tankarinforhelgen\/2018\/03\/20\/for-var-skull\/#primaryimage"},"thumbnailUrl":"https:\/\/blogg.svenskakyrkan.se\/tankarinforhelgen\/files\/2018\/03\/D8760043-52E3-4DD0-9362-777B95EF71F1.jpeg","datePublished":"2018-03-20T08:29:43+00:00","dateModified":"2018-03-22T15:23:03+00:00","author":{"@id":"https:\/\/blogg.svenskakyrkan.se\/tankarinforhelgen\/#\/schema\/person\/9fbb20960ac259b95769de25e0ef7002"},"breadcrumb":{"@id":"https:\/\/blogg.svenskakyrkan.se\/tankarinforhelgen\/2018\/03\/20\/for-var-skull\/#breadcrumb"},"inLanguage":"sv-SE","potentialAction":[{"@type":"ReadAction","target":["https:\/\/blogg.svenskakyrkan.se\/tankarinforhelgen\/2018\/03\/20\/for-var-skull\/"]}]},{"@type":"ImageObject","inLanguage":"sv-SE","@id":"https:\/\/blogg.svenskakyrkan.se\/tankarinforhelgen\/2018\/03\/20\/for-var-skull\/#primaryimage","url":"https:\/\/blogg.svenskakyrkan.se\/tankarinforhelgen\/files\/2018\/03\/D8760043-52E3-4DD0-9362-777B95EF71F1.jpeg","contentUrl":"https:\/\/blogg.svenskakyrkan.se\/tankarinforhelgen\/files\/2018\/03\/D8760043-52E3-4DD0-9362-777B95EF71F1.jpeg","width":1920,"height":1440},{"@type":"BreadcrumbList","@id":"https:\/\/blogg.svenskakyrkan.se\/tankarinforhelgen\/2018\/03\/20\/for-var-skull\/#breadcrumb","itemListElement":[{"@type":"ListItem","position":1,"name":"Hem","item":"https:\/\/blogg.svenskakyrkan.se\/tankarinforhelgen\/"},{"@type":"ListItem","position":2,"name":"F\u00f6r v\u00e5r skull"}]},{"@type":"WebSite","@id":"https:\/\/blogg.svenskakyrkan.se\/tankarinforhelgen\/#website","url":"https:\/\/blogg.svenskakyrkan.se\/tankarinforhelgen\/","name":"Tankar inf\u00f6r helgen","description":"Pr\u00e4ster funderar utifr\u00e5n kommande s\u00f6ndags texter","potentialAction":[{"@type":"SearchAction","target":{"@type":"EntryPoint","urlTemplate":"https:\/\/blogg.svenskakyrkan.se\/tankarinforhelgen\/?s={search_term_string}"},"query-input":{"@type":"PropertyValueSpecification","valueRequired":true,"valueName":"search_term_string"}}],"inLanguage":"sv-SE"},{"@type":"Person","@id":"https:\/\/blogg.svenskakyrkan.se\/tankarinforhelgen\/#\/schema\/person\/9fbb20960ac259b95769de25e0ef7002","name":"Kjell Dellert, pr\u00e4st","image":{"@type":"ImageObject","inLanguage":"sv-SE","@id":"https:\/\/blogg.svenskakyrkan.se\/tankarinforhelgen\/#\/schema\/person\/image\/","url":"https:\/\/secure.gravatar.com\/avatar\/23eb7a08c9ca38f9ae7525f37de54e71d121503f9420825a7029fe46ea1acba8?s=96&d=mm&r=g","contentUrl":"https:\/\/secure.gravatar.com\/avatar\/23eb7a08c9ca38f9ae7525f37de54e71d121503f9420825a7029fe46ea1acba8?s=96&d=mm&r=g","caption":"Kjell Dellert, pr\u00e4st"},"url":"https:\/\/blogg.svenskakyrkan.se\/tankarinforhelgen\/author\/kjelldellert\/"}]}},"author_meta":{"ID":"622","user_nicename":"kjelldellert","user_registered":"2017-04-29 07:18:27","display_name":"Kjell Dellert, pr\u00e4st","first_name":"Kjell","last_name":"Dellert, pr\u00e4st","avatar":"https:\/\/secure.gravatar.com\/avatar\/23eb7a08c9ca38f9ae7525f37de54e71d121503f9420825a7029fe46ea1acba8?s=96&d=mm&r=g"},"featured_image":["https:\/\/blogg.svenskakyrkan.se\/tankarinforhelgen\/files\/2018\/03\/D8760043-52E3-4DD0-9362-777B95EF71F1-1024x768.jpeg",1024,768,true],"bloginfo":{"name":"Tankar inf\u00f6r helgen","url":"https:\/\/blogg.svenskakyrkan.se\/tankarinforhelgen"},"_links":{"self":[{"href":"https:\/\/blogg.svenskakyrkan.se\/tankarinforhelgen\/wp-json\/wp\/v2\/posts\/1302","targetHints":{"allow":["GET"]}}],"collection":[{"href":"https:\/\/blogg.svenskakyrkan.se\/tankarinforhelgen\/wp-json\/wp\/v2\/posts"}],"about":[{"href":"https:\/\/blogg.svenskakyrkan.se\/tankarinforhelgen\/wp-json\/wp\/v2\/types\/post"}],"author":[{"embeddable":true,"href":"https:\/\/blogg.svenskakyrkan.se\/tankarinforhelgen\/wp-json\/wp\/v2\/users\/622"}],"replies":[{"embeddable":true,"href":"https:\/\/blogg.svenskakyrkan.se\/tankarinforhelgen\/wp-json\/wp\/v2\/comments?post=1302"}],"version-history":[{"count":1,"href":"https:\/\/blogg.svenskakyrkan.se\/tankarinforhelgen\/wp-json\/wp\/v2\/posts\/1302\/revisions"}],"predecessor-version":[{"id":1304,"href":"https:\/\/blogg.svenskakyrkan.se\/tankarinforhelgen\/wp-json\/wp\/v2\/posts\/1302\/revisions\/1304"}],"wp:featuredmedia":[{"embeddable":true,"href":"https:\/\/blogg.svenskakyrkan.se\/tankarinforhelgen\/wp-json\/wp\/v2\/media\/1303"}],"wp:attachment":[{"href":"https:\/\/blogg.svenskakyrkan.se\/tankarinforhelgen\/wp-json\/wp\/v2\/media?parent=1302"}],"wp:term":[{"taxonomy":"category","embeddable":true,"href":"https:\/\/blogg.svenskakyrkan.se\/tankarinforhelgen\/wp-json\/wp\/v2\/categories?post=1302"},{"taxonomy":"post_tag","embeddable":true,"href":"https:\/\/blogg.svenskakyrkan.se\/tankarinforhelgen\/wp-json\/wp\/v2\/tags?post=1302"}],"curies":[{"name":"wp","href":"https:\/\/api.w.org\/{rel}","templated":true}]}}