{"id":1305,"date":"2018-04-01T17:24:33","date_gmt":"2018-04-01T15:24:33","guid":{"rendered":"http:\/\/blogg.svenskakyrkan.se\/tankarinforhelgen\/?p=1305"},"modified":"2019-10-27T19:38:25","modified_gmt":"2019-10-27T18:38:25","slug":"en-dag-kommer-du-att-komma-fram-till-emmaus","status":"publish","type":"post","link":"https:\/\/blogg.svenskakyrkan.se\/tankarinforhelgen\/2018\/04\/01\/en-dag-kommer-du-att-komma-fram-till-emmaus\/","title":{"rendered":"En dag kommer du att komma fram till Emmaus"},"content":{"rendered":"<p>T\u00e4nk n\u00e4r du kommer fram till Emmaus.<\/p>\n<p>Innan dess kommer du att ha blivit dammig, tr\u00f6tt, sliten. Du kommer att vara i sorg.<\/p>\n<p>Du g\u00e5r planl\u00f6st, mest f\u00f6r att du beh\u00f6ver g\u00f6ra det, beh\u00f6ver g\u00e5: r\u00f6ra p\u00e5 dig, lyfta f\u00f6tterna, g\u00e5 fram\u00e5t. Men du g\u00e5r inte l\u00e4ngre \u00e5t n\u00e5got speciellt h\u00e5ll. Det g\u00f6r man inte n\u00e4r s\u00e5 m\u00e5nga m\u00e5l har visat sig om\u00f6jliga att n\u00e5.<\/p>\n<p>S\u00e5 nu bara g\u00e5r du. Ibland med n\u00e5gon annan, oftast sj\u00e4lv. Men g\u00e5r, det g\u00f6r du. F\u00f6r det g\u00f6r livet: Livet g\u00e5r. Fram\u00e5t, steg f\u00f6r steg. Du t\u00e4nker inte lika mycket p\u00e5 det nu som du gjorde en g\u00e5ng, det d\u00e4r att livet tar steg och att du mest f\u00f6ljer med. Du t\u00e4nker inte l\u00e4ngre p\u00e5 om livet springer framf\u00f6r dig, g\u00e5r vid din sida eller f\u00f6ljer efter dig. Du g\u00e5r och g\u00e5r. Och livet med. Och ni kommer aldrig n\u00e5gonsin till d\u00f6rren.<\/p>\n<p>Men t\u00e4nk \u00e4nd\u00e5, n\u00e4r du kommer fram till Emmaus.<\/p>\n<p>Du kommer att se tecknen innan. Du kommer att f\u00e5 s\u00e4llskap p\u00e5 f\u00e4rden. En annan, som har samma ursprung och m\u00e5l som du. Det vill s\u00e4ga: ditt s\u00e4llskap kommer fr\u00e5n ingenstans och ska inte till n\u00e5got s\u00e4rskilt st\u00e4lle.<\/p>\n<p>Och \u00e4nd\u00e5 \u00e4r Emmaus m\u00e5let.<\/p>\n<p>Fast det vet ni inte. Ni tr\u00e4ffas, och ni g\u00e5r tillsammans. Ni pratar, som man g\u00f6r, n\u00e4r man delar en bit v\u00e4g. Pratar om det hemska som h\u00e4nt. Mannen som dog, kroppen som \u00e4r f\u00f6rsvunnen, ryktena som florerar. Ni enas om att det \u00e4r obegripligt, fruktansv\u00e4rt. Eller? Kan det vara ett under? Kan han ha besegrat d\u00f6den?<\/p>\n<p>Nej, s\u00e4ger ni best\u00e4mt till varandra. (Kanske, viskar ni oh\u00f6rbart i ert inre). Nej, upprepar ni, och m\u00f6ter varandras blick. Det finns gr\u00e4nser som inte kan upph\u00e4vas. D\u00f6den \u00e4r en s\u00e5dan gr\u00e4ns.<\/p>\n<p>Nu \u00e4r ni r\u00e4tt s\u00e5 n\u00e4ra Emmaus.<\/p>\n<p>Och d\u00e5 kommer han. Fr\u00e4mlingen.<\/p>\n<p>Du g\u00e5r redan med en fr\u00e4mling f\u00f6rst\u00e5s. Men den h\u00e4r nya fr\u00e4mlingen \u00e4r liksom extra fr\u00e4mmande. Han g\u00e5r med er. Ni delar med er av nyheter och resonemang. Han k\u00e4nner inte till nyheterna, men resonerar \u00e4nd\u00e5. Han har tankar och id\u00e9er, verkar veta vad han pratar om.<\/p>\n<p>Era steg faller in i samma takt. Det blir s\u00e5 n\u00e4r man g\u00e5r. Era tankar g\u00e5r i samma sp\u00e5r. Det blir s\u00e5 n\u00e4r man pratar.<\/p>\n<p>Och s\u00e5 s\u00e4ger han det: Kan det vara ett underverk? Nej, s\u00e4ger ni, best\u00e4mt. Kanske, viskar era inre. Och nu viskar de h\u00f6gre, ot\u00e5ligare, mer entr\u00e4get. KANSKE. Kan ske. Kan. Ske.<\/p>\n<p>Vad har h\u00e4nt? Vad g\u00f6r att hoppet har grott i ert inre? M\u00e5ste vara n\u00e5got s\u00e5 vardagligt som hunger.<\/p>\n<p>S\u00e5 ni stannar, delar mats\u00e4ckar med varandra. Han har br\u00f6d. Ni har vin. Det som beh\u00f6vs finns d\u00e4r. Tag och \u00e4t.<\/p>\n<p>Han bryter br\u00f6det. Och allt f\u00f6rvandlas. Han f\u00f6rvandlas inf\u00f6r er, ni f\u00f6rvandlas inf\u00f6r er sj\u00e4lva. Hoppet, som dolde sig i era hj\u00e4rtan, bryter ut som en ljusstr\u00e5le ur ett m\u00f6rker. JA! skriker det i er. D\u00f6den \u00e4r besegrad. Livet har vunnit. Kraften b\u00e4r.<\/p>\n<p>Han ler mot er, lite finurligt, n\u00e4stan blygt. Nu vet ni, s\u00e4ger han. Nu vet ni att hoppet vinner. Tron vinner. K\u00e4rleken vinner.<\/p>\n<p>Och det vet ni sannerligen.<\/p>\n<p>Och det \u00e4r Emmaus.<\/p>\n<p>Mer dramatiskt \u00e4n s\u00e5 \u00e4r det inte. Mindre livsomv\u00e4lvande \u00e4n s\u00e5 \u00e4r det inte heller.<br \/>\nOch fr\u00e5n den stunden ska dina f\u00f6tter ha ett m\u00e5l, dina steg ett syfte, ditt hj\u00e4rta en l\u00e4ngtan.<br \/>\nFr\u00e5n den stunden ska hoppet bo i dig, tron leda dig, k\u00e4rleken lysa ur ditt hj\u00e4rta.<\/p>\n<p>Och d\u00e4rf\u00f6r kommer du en dag att komma fram till Emmaus.<\/p>\n","protected":false},"excerpt":{"rendered":"<p>T\u00e4nk n\u00e4r du kommer fram till Emmaus. Innan dess kommer du att ha blivit dammig, tr\u00f6tt, sliten. Du kommer att vara i sorg. Du g\u00e5r planl\u00f6st, mest f\u00f6r att du beh\u00f6ver g\u00f6ra det, beh\u00f6ver g\u00e5: r\u00f6ra p\u00e5 dig, lyfta f\u00f6tterna, g\u00e5 fram\u00e5t. Men du g\u00e5r inte l\u00e4ngre \u00e5t n\u00e5got speciellt h\u00e5ll. Det g\u00f6r man inte [&hellip;]<\/p>\n","protected":false},"author":569,"featured_media":1311,"comment_status":"open","ping_status":"open","sticky":false,"template":"","format":"standard","meta":{"_acf_changed":false,"footnotes":""},"categories":[74331],"tags":[142062,159852,142457],"class_list":["post-1305","post","type-post","status-publish","format-standard","has-post-thumbnail","hentry","category-annandag-pask","tag-charlotte-frycklund","tag-paskens-drama","tag-tankarinforhelgen"],"acf":[],"yoast_head":"<!-- This site is optimized with the Yoast SEO plugin v27.1.1 - https:\/\/yoast.com\/product\/yoast-seo-wordpress\/ -->\n<title>En dag kommer du att komma fram till Emmaus - Tankar inf\u00f6r helgen<\/title>\n<meta name=\"robots\" content=\"index, follow, max-snippet:-1, max-image-preview:large, max-video-preview:-1\" \/>\n<link rel=\"canonical\" href=\"https:\/\/blogg.svenskakyrkan.se\/tankarinforhelgen\/2018\/04\/01\/en-dag-kommer-du-att-komma-fram-till-emmaus\/\" \/>\n<meta property=\"og:locale\" content=\"sv_SE\" \/>\n<meta property=\"og:type\" content=\"article\" \/>\n<meta property=\"og:title\" content=\"En dag kommer du att komma fram till Emmaus - Tankar inf\u00f6r helgen\" \/>\n<meta property=\"og:description\" content=\"T\u00e4nk n\u00e4r du kommer fram till Emmaus. Innan dess kommer du att ha blivit dammig, tr\u00f6tt, sliten. Du kommer att vara i sorg. Du g\u00e5r planl\u00f6st, mest f\u00f6r att du beh\u00f6ver g\u00f6ra det, beh\u00f6ver g\u00e5: r\u00f6ra p\u00e5 dig, lyfta f\u00f6tterna, g\u00e5 fram\u00e5t. Men du g\u00e5r inte l\u00e4ngre \u00e5t n\u00e5got speciellt h\u00e5ll. Det g\u00f6r man inte [&hellip;]\" \/>\n<meta property=\"og:url\" content=\"https:\/\/blogg.svenskakyrkan.se\/tankarinforhelgen\/2018\/04\/01\/en-dag-kommer-du-att-komma-fram-till-emmaus\/\" \/>\n<meta property=\"og:site_name\" content=\"Tankar inf\u00f6r helgen\" \/>\n<meta property=\"article:published_time\" content=\"2018-04-01T15:24:33+00:00\" \/>\n<meta property=\"article:modified_time\" content=\"2019-10-27T18:38:25+00:00\" \/>\n<meta name=\"author\" content=\"Charlotte Frycklund, pr\u00e4st\" \/>\n<meta name=\"twitter:card\" content=\"summary_large_image\" \/>\n<meta name=\"twitter:label1\" content=\"Skriven av\" \/>\n\t<meta name=\"twitter:data1\" content=\"Charlotte Frycklund, pr\u00e4st\" \/>\n\t<meta name=\"twitter:label2\" content=\"Ber\u00e4knad l\u00e4stid\" \/>\n\t<meta name=\"twitter:data2\" content=\"4 minuter\" \/>\n<script type=\"application\/ld+json\" class=\"yoast-schema-graph\">{\"@context\":\"https:\/\/schema.org\",\"@graph\":[{\"@type\":\"Article\",\"@id\":\"https:\/\/blogg.svenskakyrkan.se\/tankarinforhelgen\/2018\/04\/01\/en-dag-kommer-du-att-komma-fram-till-emmaus\/#article\",\"isPartOf\":{\"@id\":\"https:\/\/blogg.svenskakyrkan.se\/tankarinforhelgen\/2018\/04\/01\/en-dag-kommer-du-att-komma-fram-till-emmaus\/\"},\"author\":{\"name\":\"Charlotte Frycklund, pr\u00e4st\",\"@id\":\"https:\/\/blogg.svenskakyrkan.se\/tankarinforhelgen\/#\/schema\/person\/595d75da5bf93cf9ca814c398b63ed6d\"},\"headline\":\"En dag kommer du att komma fram till Emmaus\",\"datePublished\":\"2018-04-01T15:24:33+00:00\",\"dateModified\":\"2019-10-27T18:38:25+00:00\",\"mainEntityOfPage\":{\"@id\":\"https:\/\/blogg.svenskakyrkan.se\/tankarinforhelgen\/2018\/04\/01\/en-dag-kommer-du-att-komma-fram-till-emmaus\/\"},\"wordCount\":720,\"commentCount\":10,\"image\":{\"@id\":\"https:\/\/blogg.svenskakyrkan.se\/tankarinforhelgen\/2018\/04\/01\/en-dag-kommer-du-att-komma-fram-till-emmaus\/#primaryimage\"},\"thumbnailUrl\":\"https:\/\/blogg.svenskakyrkan.se\/tankarinforhelgen\/files\/2018\/03\/EF651D86-5781-4822-A77C-B725DDFBF5EF.jpeg\",\"keywords\":[\"Charlotte Frycklund\",\"P\u00e5skens drama\",\"TANKARINFORHELGEN\"],\"articleSection\":[\"Annandag p\u00e5sk\"],\"inLanguage\":\"sv-SE\",\"potentialAction\":[{\"@type\":\"CommentAction\",\"name\":\"Comment\",\"target\":[\"https:\/\/blogg.svenskakyrkan.se\/tankarinforhelgen\/2018\/04\/01\/en-dag-kommer-du-att-komma-fram-till-emmaus\/#respond\"]}]},{\"@type\":\"WebPage\",\"@id\":\"https:\/\/blogg.svenskakyrkan.se\/tankarinforhelgen\/2018\/04\/01\/en-dag-kommer-du-att-komma-fram-till-emmaus\/\",\"url\":\"https:\/\/blogg.svenskakyrkan.se\/tankarinforhelgen\/2018\/04\/01\/en-dag-kommer-du-att-komma-fram-till-emmaus\/\",\"name\":\"En dag kommer du att komma fram till Emmaus - Tankar inf\u00f6r helgen\",\"isPartOf\":{\"@id\":\"https:\/\/blogg.svenskakyrkan.se\/tankarinforhelgen\/#website\"},\"primaryImageOfPage\":{\"@id\":\"https:\/\/blogg.svenskakyrkan.se\/tankarinforhelgen\/2018\/04\/01\/en-dag-kommer-du-att-komma-fram-till-emmaus\/#primaryimage\"},\"image\":{\"@id\":\"https:\/\/blogg.svenskakyrkan.se\/tankarinforhelgen\/2018\/04\/01\/en-dag-kommer-du-att-komma-fram-till-emmaus\/#primaryimage\"},\"thumbnailUrl\":\"https:\/\/blogg.svenskakyrkan.se\/tankarinforhelgen\/files\/2018\/03\/EF651D86-5781-4822-A77C-B725DDFBF5EF.jpeg\",\"datePublished\":\"2018-04-01T15:24:33+00:00\",\"dateModified\":\"2019-10-27T18:38:25+00:00\",\"author\":{\"@id\":\"https:\/\/blogg.svenskakyrkan.se\/tankarinforhelgen\/#\/schema\/person\/595d75da5bf93cf9ca814c398b63ed6d\"},\"breadcrumb\":{\"@id\":\"https:\/\/blogg.svenskakyrkan.se\/tankarinforhelgen\/2018\/04\/01\/en-dag-kommer-du-att-komma-fram-till-emmaus\/#breadcrumb\"},\"inLanguage\":\"sv-SE\",\"potentialAction\":[{\"@type\":\"ReadAction\",\"target\":[\"https:\/\/blogg.svenskakyrkan.se\/tankarinforhelgen\/2018\/04\/01\/en-dag-kommer-du-att-komma-fram-till-emmaus\/\"]}]},{\"@type\":\"ImageObject\",\"inLanguage\":\"sv-SE\",\"@id\":\"https:\/\/blogg.svenskakyrkan.se\/tankarinforhelgen\/2018\/04\/01\/en-dag-kommer-du-att-komma-fram-till-emmaus\/#primaryimage\",\"url\":\"https:\/\/blogg.svenskakyrkan.se\/tankarinforhelgen\/files\/2018\/03\/EF651D86-5781-4822-A77C-B725DDFBF5EF.jpeg\",\"contentUrl\":\"https:\/\/blogg.svenskakyrkan.se\/tankarinforhelgen\/files\/2018\/03\/EF651D86-5781-4822-A77C-B725DDFBF5EF.jpeg\",\"width\":2048,\"height\":1321},{\"@type\":\"BreadcrumbList\",\"@id\":\"https:\/\/blogg.svenskakyrkan.se\/tankarinforhelgen\/2018\/04\/01\/en-dag-kommer-du-att-komma-fram-till-emmaus\/#breadcrumb\",\"itemListElement\":[{\"@type\":\"ListItem\",\"position\":1,\"name\":\"Hem\",\"item\":\"https:\/\/blogg.svenskakyrkan.se\/tankarinforhelgen\/\"},{\"@type\":\"ListItem\",\"position\":2,\"name\":\"En dag kommer du att komma fram till Emmaus\"}]},{\"@type\":\"WebSite\",\"@id\":\"https:\/\/blogg.svenskakyrkan.se\/tankarinforhelgen\/#website\",\"url\":\"https:\/\/blogg.svenskakyrkan.se\/tankarinforhelgen\/\",\"name\":\"Tankar inf\u00f6r helgen\",\"description\":\"Pr\u00e4ster funderar utifr\u00e5n kommande s\u00f6ndags texter\",\"potentialAction\":[{\"@type\":\"SearchAction\",\"target\":{\"@type\":\"EntryPoint\",\"urlTemplate\":\"https:\/\/blogg.svenskakyrkan.se\/tankarinforhelgen\/?s={search_term_string}\"},\"query-input\":{\"@type\":\"PropertyValueSpecification\",\"valueRequired\":true,\"valueName\":\"search_term_string\"}}],\"inLanguage\":\"sv-SE\"},{\"@type\":\"Person\",\"@id\":\"https:\/\/blogg.svenskakyrkan.se\/tankarinforhelgen\/#\/schema\/person\/595d75da5bf93cf9ca814c398b63ed6d\",\"name\":\"Charlotte Frycklund, pr\u00e4st\",\"image\":{\"@type\":\"ImageObject\",\"inLanguage\":\"sv-SE\",\"@id\":\"https:\/\/blogg.svenskakyrkan.se\/tankarinforhelgen\/#\/schema\/person\/image\/\",\"url\":\"https:\/\/secure.gravatar.com\/avatar\/10f37b82bf44def60f716a446302420cc1eb214cca306b573a488614ab47ee87?s=96&d=mm&r=g\",\"contentUrl\":\"https:\/\/secure.gravatar.com\/avatar\/10f37b82bf44def60f716a446302420cc1eb214cca306b573a488614ab47ee87?s=96&d=mm&r=g\",\"caption\":\"Charlotte Frycklund, pr\u00e4st\"},\"url\":\"https:\/\/blogg.svenskakyrkan.se\/tankarinforhelgen\/author\/charlottefrycklund\/\"}]}<\/script>\n<!-- \/ Yoast SEO plugin. -->","yoast_head_json":{"title":"En dag kommer du att komma fram till Emmaus - Tankar inf\u00f6r helgen","robots":{"index":"index","follow":"follow","max-snippet":"max-snippet:-1","max-image-preview":"max-image-preview:large","max-video-preview":"max-video-preview:-1"},"canonical":"https:\/\/blogg.svenskakyrkan.se\/tankarinforhelgen\/2018\/04\/01\/en-dag-kommer-du-att-komma-fram-till-emmaus\/","og_locale":"sv_SE","og_type":"article","og_title":"En dag kommer du att komma fram till Emmaus - Tankar inf\u00f6r helgen","og_description":"T\u00e4nk n\u00e4r du kommer fram till Emmaus. Innan dess kommer du att ha blivit dammig, tr\u00f6tt, sliten. Du kommer att vara i sorg. Du g\u00e5r planl\u00f6st, mest f\u00f6r att du beh\u00f6ver g\u00f6ra det, beh\u00f6ver g\u00e5: r\u00f6ra p\u00e5 dig, lyfta f\u00f6tterna, g\u00e5 fram\u00e5t. Men du g\u00e5r inte l\u00e4ngre \u00e5t n\u00e5got speciellt h\u00e5ll. Det g\u00f6r man inte [&hellip;]","og_url":"https:\/\/blogg.svenskakyrkan.se\/tankarinforhelgen\/2018\/04\/01\/en-dag-kommer-du-att-komma-fram-till-emmaus\/","og_site_name":"Tankar inf\u00f6r helgen","article_published_time":"2018-04-01T15:24:33+00:00","article_modified_time":"2019-10-27T18:38:25+00:00","author":"Charlotte Frycklund, pr\u00e4st","twitter_card":"summary_large_image","twitter_misc":{"Skriven av":"Charlotte Frycklund, pr\u00e4st","Ber\u00e4knad l\u00e4stid":"4 minuter"},"schema":{"@context":"https:\/\/schema.org","@graph":[{"@type":"Article","@id":"https:\/\/blogg.svenskakyrkan.se\/tankarinforhelgen\/2018\/04\/01\/en-dag-kommer-du-att-komma-fram-till-emmaus\/#article","isPartOf":{"@id":"https:\/\/blogg.svenskakyrkan.se\/tankarinforhelgen\/2018\/04\/01\/en-dag-kommer-du-att-komma-fram-till-emmaus\/"},"author":{"name":"Charlotte Frycklund, pr\u00e4st","@id":"https:\/\/blogg.svenskakyrkan.se\/tankarinforhelgen\/#\/schema\/person\/595d75da5bf93cf9ca814c398b63ed6d"},"headline":"En dag kommer du att komma fram till Emmaus","datePublished":"2018-04-01T15:24:33+00:00","dateModified":"2019-10-27T18:38:25+00:00","mainEntityOfPage":{"@id":"https:\/\/blogg.svenskakyrkan.se\/tankarinforhelgen\/2018\/04\/01\/en-dag-kommer-du-att-komma-fram-till-emmaus\/"},"wordCount":720,"commentCount":10,"image":{"@id":"https:\/\/blogg.svenskakyrkan.se\/tankarinforhelgen\/2018\/04\/01\/en-dag-kommer-du-att-komma-fram-till-emmaus\/#primaryimage"},"thumbnailUrl":"https:\/\/blogg.svenskakyrkan.se\/tankarinforhelgen\/files\/2018\/03\/EF651D86-5781-4822-A77C-B725DDFBF5EF.jpeg","keywords":["Charlotte Frycklund","P\u00e5skens drama","TANKARINFORHELGEN"],"articleSection":["Annandag p\u00e5sk"],"inLanguage":"sv-SE","potentialAction":[{"@type":"CommentAction","name":"Comment","target":["https:\/\/blogg.svenskakyrkan.se\/tankarinforhelgen\/2018\/04\/01\/en-dag-kommer-du-att-komma-fram-till-emmaus\/#respond"]}]},{"@type":"WebPage","@id":"https:\/\/blogg.svenskakyrkan.se\/tankarinforhelgen\/2018\/04\/01\/en-dag-kommer-du-att-komma-fram-till-emmaus\/","url":"https:\/\/blogg.svenskakyrkan.se\/tankarinforhelgen\/2018\/04\/01\/en-dag-kommer-du-att-komma-fram-till-emmaus\/","name":"En dag kommer du att komma fram till Emmaus - Tankar inf\u00f6r helgen","isPartOf":{"@id":"https:\/\/blogg.svenskakyrkan.se\/tankarinforhelgen\/#website"},"primaryImageOfPage":{"@id":"https:\/\/blogg.svenskakyrkan.se\/tankarinforhelgen\/2018\/04\/01\/en-dag-kommer-du-att-komma-fram-till-emmaus\/#primaryimage"},"image":{"@id":"https:\/\/blogg.svenskakyrkan.se\/tankarinforhelgen\/2018\/04\/01\/en-dag-kommer-du-att-komma-fram-till-emmaus\/#primaryimage"},"thumbnailUrl":"https:\/\/blogg.svenskakyrkan.se\/tankarinforhelgen\/files\/2018\/03\/EF651D86-5781-4822-A77C-B725DDFBF5EF.jpeg","datePublished":"2018-04-01T15:24:33+00:00","dateModified":"2019-10-27T18:38:25+00:00","author":{"@id":"https:\/\/blogg.svenskakyrkan.se\/tankarinforhelgen\/#\/schema\/person\/595d75da5bf93cf9ca814c398b63ed6d"},"breadcrumb":{"@id":"https:\/\/blogg.svenskakyrkan.se\/tankarinforhelgen\/2018\/04\/01\/en-dag-kommer-du-att-komma-fram-till-emmaus\/#breadcrumb"},"inLanguage":"sv-SE","potentialAction":[{"@type":"ReadAction","target":["https:\/\/blogg.svenskakyrkan.se\/tankarinforhelgen\/2018\/04\/01\/en-dag-kommer-du-att-komma-fram-till-emmaus\/"]}]},{"@type":"ImageObject","inLanguage":"sv-SE","@id":"https:\/\/blogg.svenskakyrkan.se\/tankarinforhelgen\/2018\/04\/01\/en-dag-kommer-du-att-komma-fram-till-emmaus\/#primaryimage","url":"https:\/\/blogg.svenskakyrkan.se\/tankarinforhelgen\/files\/2018\/03\/EF651D86-5781-4822-A77C-B725DDFBF5EF.jpeg","contentUrl":"https:\/\/blogg.svenskakyrkan.se\/tankarinforhelgen\/files\/2018\/03\/EF651D86-5781-4822-A77C-B725DDFBF5EF.jpeg","width":2048,"height":1321},{"@type":"BreadcrumbList","@id":"https:\/\/blogg.svenskakyrkan.se\/tankarinforhelgen\/2018\/04\/01\/en-dag-kommer-du-att-komma-fram-till-emmaus\/#breadcrumb","itemListElement":[{"@type":"ListItem","position":1,"name":"Hem","item":"https:\/\/blogg.svenskakyrkan.se\/tankarinforhelgen\/"},{"@type":"ListItem","position":2,"name":"En dag kommer du att komma fram till Emmaus"}]},{"@type":"WebSite","@id":"https:\/\/blogg.svenskakyrkan.se\/tankarinforhelgen\/#website","url":"https:\/\/blogg.svenskakyrkan.se\/tankarinforhelgen\/","name":"Tankar inf\u00f6r helgen","description":"Pr\u00e4ster funderar utifr\u00e5n kommande s\u00f6ndags texter","potentialAction":[{"@type":"SearchAction","target":{"@type":"EntryPoint","urlTemplate":"https:\/\/blogg.svenskakyrkan.se\/tankarinforhelgen\/?s={search_term_string}"},"query-input":{"@type":"PropertyValueSpecification","valueRequired":true,"valueName":"search_term_string"}}],"inLanguage":"sv-SE"},{"@type":"Person","@id":"https:\/\/blogg.svenskakyrkan.se\/tankarinforhelgen\/#\/schema\/person\/595d75da5bf93cf9ca814c398b63ed6d","name":"Charlotte Frycklund, pr\u00e4st","image":{"@type":"ImageObject","inLanguage":"sv-SE","@id":"https:\/\/blogg.svenskakyrkan.se\/tankarinforhelgen\/#\/schema\/person\/image\/","url":"https:\/\/secure.gravatar.com\/avatar\/10f37b82bf44def60f716a446302420cc1eb214cca306b573a488614ab47ee87?s=96&d=mm&r=g","contentUrl":"https:\/\/secure.gravatar.com\/avatar\/10f37b82bf44def60f716a446302420cc1eb214cca306b573a488614ab47ee87?s=96&d=mm&r=g","caption":"Charlotte Frycklund, pr\u00e4st"},"url":"https:\/\/blogg.svenskakyrkan.se\/tankarinforhelgen\/author\/charlottefrycklund\/"}]}},"author_meta":{"ID":"569","user_nicename":"charlottefrycklund","user_registered":"2016-05-24 11:46:19","display_name":"Charlotte Frycklund, pr\u00e4st","first_name":"Charlotte","last_name":"Frycklund, pr\u00e4st","avatar":"https:\/\/secure.gravatar.com\/avatar\/10f37b82bf44def60f716a446302420cc1eb214cca306b573a488614ab47ee87?s=96&d=mm&r=g"},"featured_image":["https:\/\/blogg.svenskakyrkan.se\/tankarinforhelgen\/files\/2018\/03\/EF651D86-5781-4822-A77C-B725DDFBF5EF-1024x661.jpeg",1024,661,true],"bloginfo":{"name":"Tankar inf\u00f6r helgen","url":"https:\/\/blogg.svenskakyrkan.se\/tankarinforhelgen"},"_links":{"self":[{"href":"https:\/\/blogg.svenskakyrkan.se\/tankarinforhelgen\/wp-json\/wp\/v2\/posts\/1305","targetHints":{"allow":["GET"]}}],"collection":[{"href":"https:\/\/blogg.svenskakyrkan.se\/tankarinforhelgen\/wp-json\/wp\/v2\/posts"}],"about":[{"href":"https:\/\/blogg.svenskakyrkan.se\/tankarinforhelgen\/wp-json\/wp\/v2\/types\/post"}],"author":[{"embeddable":true,"href":"https:\/\/blogg.svenskakyrkan.se\/tankarinforhelgen\/wp-json\/wp\/v2\/users\/569"}],"replies":[{"embeddable":true,"href":"https:\/\/blogg.svenskakyrkan.se\/tankarinforhelgen\/wp-json\/wp\/v2\/comments?post=1305"}],"version-history":[{"count":4,"href":"https:\/\/blogg.svenskakyrkan.se\/tankarinforhelgen\/wp-json\/wp\/v2\/posts\/1305\/revisions"}],"predecessor-version":[{"id":1323,"href":"https:\/\/blogg.svenskakyrkan.se\/tankarinforhelgen\/wp-json\/wp\/v2\/posts\/1305\/revisions\/1323"}],"wp:featuredmedia":[{"embeddable":true,"href":"https:\/\/blogg.svenskakyrkan.se\/tankarinforhelgen\/wp-json\/wp\/v2\/media\/1311"}],"wp:attachment":[{"href":"https:\/\/blogg.svenskakyrkan.se\/tankarinforhelgen\/wp-json\/wp\/v2\/media?parent=1305"}],"wp:term":[{"taxonomy":"category","embeddable":true,"href":"https:\/\/blogg.svenskakyrkan.se\/tankarinforhelgen\/wp-json\/wp\/v2\/categories?post=1305"},{"taxonomy":"post_tag","embeddable":true,"href":"https:\/\/blogg.svenskakyrkan.se\/tankarinforhelgen\/wp-json\/wp\/v2\/tags?post=1305"}],"curies":[{"name":"wp","href":"https:\/\/api.w.org\/{rel}","templated":true}]}}