{"id":1317,"date":"2018-03-31T11:23:37","date_gmt":"2018-03-31T09:23:37","guid":{"rendered":"http:\/\/blogg.svenskakyrkan.se\/tankarinforhelgen\/?p=1317"},"modified":"2018-03-31T21:32:27","modified_gmt":"2018-03-31T19:32:27","slug":"en-morgon-med-ett-under","status":"publish","type":"post","link":"https:\/\/blogg.svenskakyrkan.se\/tankarinforhelgen\/2018\/03\/31\/en-morgon-med-ett-under\/","title":{"rendered":"En morgon med ett under"},"content":{"rendered":"<p>Tre kvinnor kommer till graven, deras liv \u00e4r s\u00f6nderslaget. Den personen som talat till dem och undervisat dem, liksom han undervisade m\u00e4nnen, han som de hade f\u00f6ljt i flera \u00e5rs tid hade nu d\u00f6tt. Uppspikad p\u00e5 ett kors under stora pl\u00e5gor hade han d\u00f6tt, och de hade inte ens hunnit g\u00f6ra iordning hans kropp innan Sabbatsvilan startade.<\/p>\n<p>Nu skulle de slutligen f\u00e5 komma dit och de skulle f\u00e5 g\u00f6ra den sista tj\u00e4nsten f\u00f6r honom.<\/p>\n<p>Men n\u00e4r de kommer fram forts\u00e4tter mardr\u00f6mmen, inte nog med att deras v\u00e4n hade blivit avr\u00e4ttad, nu hade n\u00e5gon eller n\u00e5gra rullat bort stenen fr\u00e5n gravens \u00f6ppning och de hade stulit kroppen.<\/p>\n<p>Det v\u00e4rsta som kunde h\u00e4nda hade h\u00e4nt. Igen.<\/p>\n<p>Men s\u00e5 h\u00e4nder n\u00e5got som de inte har v\u00e4ntat sig. Inne i graven sitter en man och ber\u00e4ttar att Jesus har uppst\u00e5tt och strax efter visar han sig ocks\u00e5 f\u00f6r Maria fr\u00e5n Magdala.<\/p>\n<p>Jesus hade segrat \u00f6ver d\u00f6den och han hade d\u00f6tt f\u00f6r v\u00e5ra synder och hela v\u00e4rldens synd. Jesus hade \u00e5ter \u00f6ppnat v\u00e4gen till Gud och gett oss en m\u00f6jlighet att ha direkt kontakt.<\/p>\n<p>Nu handlar det om dig och mig, vi kan ha vandrat med Jesus i hela v\u00e5rt liv eller kanske \u00e4r du helt ny i att vandra p\u00e5 den v\u00e4gen som han har \u00f6ppnat. Den stora skillnaden p\u00e5 kristendomen och andra religioner \u00e4r just den h\u00e4r helgen.<\/p>\n<p>Vi tror inte p\u00e5 en Gud som kr\u00e4ver att vi skall bli som gudar. Vi tror p\u00e5 en Gud som v\u00e4ljer att komma ner som en m\u00e4nniska, bli f\u00f6rr\u00e5dd, torterad, d\u00f6dad och besegra d\u00f6den.<\/p>\n<p>En Gud som kan identifiera sig med hur det \u00e4r att vara en m\u00e4nniska, en Gud som vill ha kontakt med dig och mig. En Gud som f\u00f6rst\u00e5r n\u00e4r vi m\u00e5r d\u00e5ligt och n\u00e4r vi m\u00e5r bra, och en Gud som vill vara med oss i allting.<\/p>\n<p>Kristus dog f\u00f6r oss, men han uppstod ocks\u00e5 och finns hos oss idag.<br \/>\nKristus \u00e4r uppst\u00e5nden!<br \/>\nJa han \u00e4r sannerligen uppst\u00e5nden!<\/p>\n","protected":false},"excerpt":{"rendered":"<p>Tre kvinnor kommer till graven, deras liv \u00e4r s\u00f6nderslaget. Den personen som talat till dem och undervisat dem, liksom han undervisade m\u00e4nnen, han som de hade f\u00f6ljt i flera \u00e5rs tid hade nu d\u00f6tt. Uppspikad p\u00e5 ett kors under stora pl\u00e5gor hade han d\u00f6tt, och de hade inte ens hunnit g\u00f6ra iordning hans kropp innan [&hellip;]<\/p>\n","protected":false},"author":458,"featured_media":1318,"comment_status":"open","ping_status":"open","sticky":false,"template":"","format":"standard","meta":{"_acf_changed":false,"footnotes":""},"categories":[74330],"tags":[142452,159852,142457],"class_list":["post-1317","post","type-post","status-publish","format-standard","has-post-thumbnail","hentry","category-paskdagen","tag-daniel-jansson","tag-paskens-drama","tag-tankarinforhelgen"],"acf":[],"yoast_head":"<!-- This site is optimized with the Yoast SEO plugin v27.1.1 - https:\/\/yoast.com\/product\/yoast-seo-wordpress\/ -->\n<title>En morgon med ett under - Tankar inf\u00f6r helgen<\/title>\n<meta name=\"robots\" content=\"index, follow, max-snippet:-1, max-image-preview:large, max-video-preview:-1\" \/>\n<link rel=\"canonical\" href=\"https:\/\/blogg.svenskakyrkan.se\/tankarinforhelgen\/2018\/03\/31\/en-morgon-med-ett-under\/\" \/>\n<meta property=\"og:locale\" content=\"sv_SE\" \/>\n<meta property=\"og:type\" content=\"article\" \/>\n<meta property=\"og:title\" content=\"En morgon med ett under - Tankar inf\u00f6r helgen\" \/>\n<meta property=\"og:description\" content=\"Tre kvinnor kommer till graven, deras liv \u00e4r s\u00f6nderslaget. Den personen som talat till dem och undervisat dem, liksom han undervisade m\u00e4nnen, han som de hade f\u00f6ljt i flera \u00e5rs tid hade nu d\u00f6tt. Uppspikad p\u00e5 ett kors under stora pl\u00e5gor hade han d\u00f6tt, och de hade inte ens hunnit g\u00f6ra iordning hans kropp innan [&hellip;]\" \/>\n<meta property=\"og:url\" content=\"https:\/\/blogg.svenskakyrkan.se\/tankarinforhelgen\/2018\/03\/31\/en-morgon-med-ett-under\/\" \/>\n<meta property=\"og:site_name\" content=\"Tankar inf\u00f6r helgen\" \/>\n<meta property=\"article:published_time\" content=\"2018-03-31T09:23:37+00:00\" \/>\n<meta property=\"article:modified_time\" content=\"2018-03-31T19:32:27+00:00\" \/>\n<meta name=\"author\" content=\"Magdalena Wernefeldt\" \/>\n<meta name=\"twitter:card\" content=\"summary_large_image\" \/>\n<meta name=\"twitter:label1\" content=\"Skriven av\" \/>\n\t<meta name=\"twitter:data1\" content=\"Magdalena Wernefeldt\" \/>\n\t<meta name=\"twitter:label2\" content=\"Ber\u00e4knad l\u00e4stid\" \/>\n\t<meta name=\"twitter:data2\" content=\"2 minuter\" \/>\n<script type=\"application\/ld+json\" class=\"yoast-schema-graph\">{\"@context\":\"https:\/\/schema.org\",\"@graph\":[{\"@type\":\"Article\",\"@id\":\"https:\/\/blogg.svenskakyrkan.se\/tankarinforhelgen\/2018\/03\/31\/en-morgon-med-ett-under\/#article\",\"isPartOf\":{\"@id\":\"https:\/\/blogg.svenskakyrkan.se\/tankarinforhelgen\/2018\/03\/31\/en-morgon-med-ett-under\/\"},\"author\":{\"name\":\"Magdalena Wernefeldt\",\"@id\":\"https:\/\/blogg.svenskakyrkan.se\/tankarinforhelgen\/#\/schema\/person\/c19e8a124f507336a7f712f3b02d924b\"},\"headline\":\"En morgon med ett under\",\"datePublished\":\"2018-03-31T09:23:37+00:00\",\"dateModified\":\"2018-03-31T19:32:27+00:00\",\"mainEntityOfPage\":{\"@id\":\"https:\/\/blogg.svenskakyrkan.se\/tankarinforhelgen\/2018\/03\/31\/en-morgon-med-ett-under\/\"},\"wordCount\":388,\"commentCount\":0,\"image\":{\"@id\":\"https:\/\/blogg.svenskakyrkan.se\/tankarinforhelgen\/2018\/03\/31\/en-morgon-med-ett-under\/#primaryimage\"},\"thumbnailUrl\":\"https:\/\/blogg.svenskakyrkan.se\/tankarinforhelgen\/files\/2018\/03\/2561E789-7319-48D2-BB71-3132493664DA.jpeg\",\"keywords\":[\"Daniel Jansson\",\"P\u00e5skens drama\",\"TANKARINFORHELGEN\"],\"articleSection\":[\"P\u00e5skdagen\"],\"inLanguage\":\"sv-SE\",\"potentialAction\":[{\"@type\":\"CommentAction\",\"name\":\"Comment\",\"target\":[\"https:\/\/blogg.svenskakyrkan.se\/tankarinforhelgen\/2018\/03\/31\/en-morgon-med-ett-under\/#respond\"]}]},{\"@type\":\"WebPage\",\"@id\":\"https:\/\/blogg.svenskakyrkan.se\/tankarinforhelgen\/2018\/03\/31\/en-morgon-med-ett-under\/\",\"url\":\"https:\/\/blogg.svenskakyrkan.se\/tankarinforhelgen\/2018\/03\/31\/en-morgon-med-ett-under\/\",\"name\":\"En morgon med ett under - Tankar inf\u00f6r helgen\",\"isPartOf\":{\"@id\":\"https:\/\/blogg.svenskakyrkan.se\/tankarinforhelgen\/#website\"},\"primaryImageOfPage\":{\"@id\":\"https:\/\/blogg.svenskakyrkan.se\/tankarinforhelgen\/2018\/03\/31\/en-morgon-med-ett-under\/#primaryimage\"},\"image\":{\"@id\":\"https:\/\/blogg.svenskakyrkan.se\/tankarinforhelgen\/2018\/03\/31\/en-morgon-med-ett-under\/#primaryimage\"},\"thumbnailUrl\":\"https:\/\/blogg.svenskakyrkan.se\/tankarinforhelgen\/files\/2018\/03\/2561E789-7319-48D2-BB71-3132493664DA.jpeg\",\"datePublished\":\"2018-03-31T09:23:37+00:00\",\"dateModified\":\"2018-03-31T19:32:27+00:00\",\"author\":{\"@id\":\"https:\/\/blogg.svenskakyrkan.se\/tankarinforhelgen\/#\/schema\/person\/c19e8a124f507336a7f712f3b02d924b\"},\"breadcrumb\":{\"@id\":\"https:\/\/blogg.svenskakyrkan.se\/tankarinforhelgen\/2018\/03\/31\/en-morgon-med-ett-under\/#breadcrumb\"},\"inLanguage\":\"sv-SE\",\"potentialAction\":[{\"@type\":\"ReadAction\",\"target\":[\"https:\/\/blogg.svenskakyrkan.se\/tankarinforhelgen\/2018\/03\/31\/en-morgon-med-ett-under\/\"]}]},{\"@type\":\"ImageObject\",\"inLanguage\":\"sv-SE\",\"@id\":\"https:\/\/blogg.svenskakyrkan.se\/tankarinforhelgen\/2018\/03\/31\/en-morgon-med-ett-under\/#primaryimage\",\"url\":\"https:\/\/blogg.svenskakyrkan.se\/tankarinforhelgen\/files\/2018\/03\/2561E789-7319-48D2-BB71-3132493664DA.jpeg\",\"contentUrl\":\"https:\/\/blogg.svenskakyrkan.se\/tankarinforhelgen\/files\/2018\/03\/2561E789-7319-48D2-BB71-3132493664DA.jpeg\",\"width\":1655,\"height\":1073},{\"@type\":\"BreadcrumbList\",\"@id\":\"https:\/\/blogg.svenskakyrkan.se\/tankarinforhelgen\/2018\/03\/31\/en-morgon-med-ett-under\/#breadcrumb\",\"itemListElement\":[{\"@type\":\"ListItem\",\"position\":1,\"name\":\"Hem\",\"item\":\"https:\/\/blogg.svenskakyrkan.se\/tankarinforhelgen\/\"},{\"@type\":\"ListItem\",\"position\":2,\"name\":\"En morgon med ett under\"}]},{\"@type\":\"WebSite\",\"@id\":\"https:\/\/blogg.svenskakyrkan.se\/tankarinforhelgen\/#website\",\"url\":\"https:\/\/blogg.svenskakyrkan.se\/tankarinforhelgen\/\",\"name\":\"Tankar inf\u00f6r helgen\",\"description\":\"Pr\u00e4ster funderar utifr\u00e5n kommande s\u00f6ndags texter\",\"potentialAction\":[{\"@type\":\"SearchAction\",\"target\":{\"@type\":\"EntryPoint\",\"urlTemplate\":\"https:\/\/blogg.svenskakyrkan.se\/tankarinforhelgen\/?s={search_term_string}\"},\"query-input\":{\"@type\":\"PropertyValueSpecification\",\"valueRequired\":true,\"valueName\":\"search_term_string\"}}],\"inLanguage\":\"sv-SE\"},{\"@type\":\"Person\",\"@id\":\"https:\/\/blogg.svenskakyrkan.se\/tankarinforhelgen\/#\/schema\/person\/c19e8a124f507336a7f712f3b02d924b\",\"name\":\"Magdalena Wernefeldt\",\"image\":{\"@type\":\"ImageObject\",\"inLanguage\":\"sv-SE\",\"@id\":\"https:\/\/blogg.svenskakyrkan.se\/tankarinforhelgen\/#\/schema\/person\/image\/\",\"url\":\"https:\/\/secure.gravatar.com\/avatar\/23dab26aed51bdfcff5c1559ea1a5d339f00dac73f3d56d1d8b724c1d9074328?s=96&d=mm&r=g\",\"contentUrl\":\"https:\/\/secure.gravatar.com\/avatar\/23dab26aed51bdfcff5c1559ea1a5d339f00dac73f3d56d1d8b724c1d9074328?s=96&d=mm&r=g\",\"caption\":\"Magdalena Wernefeldt\"},\"url\":\"https:\/\/blogg.svenskakyrkan.se\/tankarinforhelgen\/author\/svkmwt\/\"}]}<\/script>\n<!-- \/ Yoast SEO plugin. -->","yoast_head_json":{"title":"En morgon med ett under - Tankar inf\u00f6r helgen","robots":{"index":"index","follow":"follow","max-snippet":"max-snippet:-1","max-image-preview":"max-image-preview:large","max-video-preview":"max-video-preview:-1"},"canonical":"https:\/\/blogg.svenskakyrkan.se\/tankarinforhelgen\/2018\/03\/31\/en-morgon-med-ett-under\/","og_locale":"sv_SE","og_type":"article","og_title":"En morgon med ett under - Tankar inf\u00f6r helgen","og_description":"Tre kvinnor kommer till graven, deras liv \u00e4r s\u00f6nderslaget. Den personen som talat till dem och undervisat dem, liksom han undervisade m\u00e4nnen, han som de hade f\u00f6ljt i flera \u00e5rs tid hade nu d\u00f6tt. Uppspikad p\u00e5 ett kors under stora pl\u00e5gor hade han d\u00f6tt, och de hade inte ens hunnit g\u00f6ra iordning hans kropp innan [&hellip;]","og_url":"https:\/\/blogg.svenskakyrkan.se\/tankarinforhelgen\/2018\/03\/31\/en-morgon-med-ett-under\/","og_site_name":"Tankar inf\u00f6r helgen","article_published_time":"2018-03-31T09:23:37+00:00","article_modified_time":"2018-03-31T19:32:27+00:00","author":"Magdalena Wernefeldt","twitter_card":"summary_large_image","twitter_misc":{"Skriven av":"Magdalena Wernefeldt","Ber\u00e4knad l\u00e4stid":"2 minuter"},"schema":{"@context":"https:\/\/schema.org","@graph":[{"@type":"Article","@id":"https:\/\/blogg.svenskakyrkan.se\/tankarinforhelgen\/2018\/03\/31\/en-morgon-med-ett-under\/#article","isPartOf":{"@id":"https:\/\/blogg.svenskakyrkan.se\/tankarinforhelgen\/2018\/03\/31\/en-morgon-med-ett-under\/"},"author":{"name":"Magdalena Wernefeldt","@id":"https:\/\/blogg.svenskakyrkan.se\/tankarinforhelgen\/#\/schema\/person\/c19e8a124f507336a7f712f3b02d924b"},"headline":"En morgon med ett under","datePublished":"2018-03-31T09:23:37+00:00","dateModified":"2018-03-31T19:32:27+00:00","mainEntityOfPage":{"@id":"https:\/\/blogg.svenskakyrkan.se\/tankarinforhelgen\/2018\/03\/31\/en-morgon-med-ett-under\/"},"wordCount":388,"commentCount":0,"image":{"@id":"https:\/\/blogg.svenskakyrkan.se\/tankarinforhelgen\/2018\/03\/31\/en-morgon-med-ett-under\/#primaryimage"},"thumbnailUrl":"https:\/\/blogg.svenskakyrkan.se\/tankarinforhelgen\/files\/2018\/03\/2561E789-7319-48D2-BB71-3132493664DA.jpeg","keywords":["Daniel Jansson","P\u00e5skens drama","TANKARINFORHELGEN"],"articleSection":["P\u00e5skdagen"],"inLanguage":"sv-SE","potentialAction":[{"@type":"CommentAction","name":"Comment","target":["https:\/\/blogg.svenskakyrkan.se\/tankarinforhelgen\/2018\/03\/31\/en-morgon-med-ett-under\/#respond"]}]},{"@type":"WebPage","@id":"https:\/\/blogg.svenskakyrkan.se\/tankarinforhelgen\/2018\/03\/31\/en-morgon-med-ett-under\/","url":"https:\/\/blogg.svenskakyrkan.se\/tankarinforhelgen\/2018\/03\/31\/en-morgon-med-ett-under\/","name":"En morgon med ett under - Tankar inf\u00f6r helgen","isPartOf":{"@id":"https:\/\/blogg.svenskakyrkan.se\/tankarinforhelgen\/#website"},"primaryImageOfPage":{"@id":"https:\/\/blogg.svenskakyrkan.se\/tankarinforhelgen\/2018\/03\/31\/en-morgon-med-ett-under\/#primaryimage"},"image":{"@id":"https:\/\/blogg.svenskakyrkan.se\/tankarinforhelgen\/2018\/03\/31\/en-morgon-med-ett-under\/#primaryimage"},"thumbnailUrl":"https:\/\/blogg.svenskakyrkan.se\/tankarinforhelgen\/files\/2018\/03\/2561E789-7319-48D2-BB71-3132493664DA.jpeg","datePublished":"2018-03-31T09:23:37+00:00","dateModified":"2018-03-31T19:32:27+00:00","author":{"@id":"https:\/\/blogg.svenskakyrkan.se\/tankarinforhelgen\/#\/schema\/person\/c19e8a124f507336a7f712f3b02d924b"},"breadcrumb":{"@id":"https:\/\/blogg.svenskakyrkan.se\/tankarinforhelgen\/2018\/03\/31\/en-morgon-med-ett-under\/#breadcrumb"},"inLanguage":"sv-SE","potentialAction":[{"@type":"ReadAction","target":["https:\/\/blogg.svenskakyrkan.se\/tankarinforhelgen\/2018\/03\/31\/en-morgon-med-ett-under\/"]}]},{"@type":"ImageObject","inLanguage":"sv-SE","@id":"https:\/\/blogg.svenskakyrkan.se\/tankarinforhelgen\/2018\/03\/31\/en-morgon-med-ett-under\/#primaryimage","url":"https:\/\/blogg.svenskakyrkan.se\/tankarinforhelgen\/files\/2018\/03\/2561E789-7319-48D2-BB71-3132493664DA.jpeg","contentUrl":"https:\/\/blogg.svenskakyrkan.se\/tankarinforhelgen\/files\/2018\/03\/2561E789-7319-48D2-BB71-3132493664DA.jpeg","width":1655,"height":1073},{"@type":"BreadcrumbList","@id":"https:\/\/blogg.svenskakyrkan.se\/tankarinforhelgen\/2018\/03\/31\/en-morgon-med-ett-under\/#breadcrumb","itemListElement":[{"@type":"ListItem","position":1,"name":"Hem","item":"https:\/\/blogg.svenskakyrkan.se\/tankarinforhelgen\/"},{"@type":"ListItem","position":2,"name":"En morgon med ett under"}]},{"@type":"WebSite","@id":"https:\/\/blogg.svenskakyrkan.se\/tankarinforhelgen\/#website","url":"https:\/\/blogg.svenskakyrkan.se\/tankarinforhelgen\/","name":"Tankar inf\u00f6r helgen","description":"Pr\u00e4ster funderar utifr\u00e5n kommande s\u00f6ndags texter","potentialAction":[{"@type":"SearchAction","target":{"@type":"EntryPoint","urlTemplate":"https:\/\/blogg.svenskakyrkan.se\/tankarinforhelgen\/?s={search_term_string}"},"query-input":{"@type":"PropertyValueSpecification","valueRequired":true,"valueName":"search_term_string"}}],"inLanguage":"sv-SE"},{"@type":"Person","@id":"https:\/\/blogg.svenskakyrkan.se\/tankarinforhelgen\/#\/schema\/person\/c19e8a124f507336a7f712f3b02d924b","name":"Magdalena Wernefeldt","image":{"@type":"ImageObject","inLanguage":"sv-SE","@id":"https:\/\/blogg.svenskakyrkan.se\/tankarinforhelgen\/#\/schema\/person\/image\/","url":"https:\/\/secure.gravatar.com\/avatar\/23dab26aed51bdfcff5c1559ea1a5d339f00dac73f3d56d1d8b724c1d9074328?s=96&d=mm&r=g","contentUrl":"https:\/\/secure.gravatar.com\/avatar\/23dab26aed51bdfcff5c1559ea1a5d339f00dac73f3d56d1d8b724c1d9074328?s=96&d=mm&r=g","caption":"Magdalena Wernefeldt"},"url":"https:\/\/blogg.svenskakyrkan.se\/tankarinforhelgen\/author\/svkmwt\/"}]}},"author_meta":{"ID":"458","user_nicename":"svkmwt","user_registered":"2014-10-14 11:18:34","display_name":"Magdalena Wernefeldt","first_name":"Magdalena","last_name":"Wernefeldt","avatar":"https:\/\/secure.gravatar.com\/avatar\/23dab26aed51bdfcff5c1559ea1a5d339f00dac73f3d56d1d8b724c1d9074328?s=96&d=mm&r=g"},"featured_image":["https:\/\/blogg.svenskakyrkan.se\/tankarinforhelgen\/files\/2018\/03\/2561E789-7319-48D2-BB71-3132493664DA-1024x664.jpeg",1024,664,true],"bloginfo":{"name":"Tankar inf\u00f6r helgen","url":"https:\/\/blogg.svenskakyrkan.se\/tankarinforhelgen"},"_links":{"self":[{"href":"https:\/\/blogg.svenskakyrkan.se\/tankarinforhelgen\/wp-json\/wp\/v2\/posts\/1317","targetHints":{"allow":["GET"]}}],"collection":[{"href":"https:\/\/blogg.svenskakyrkan.se\/tankarinforhelgen\/wp-json\/wp\/v2\/posts"}],"about":[{"href":"https:\/\/blogg.svenskakyrkan.se\/tankarinforhelgen\/wp-json\/wp\/v2\/types\/post"}],"author":[{"embeddable":true,"href":"https:\/\/blogg.svenskakyrkan.se\/tankarinforhelgen\/wp-json\/wp\/v2\/users\/458"}],"replies":[{"embeddable":true,"href":"https:\/\/blogg.svenskakyrkan.se\/tankarinforhelgen\/wp-json\/wp\/v2\/comments?post=1317"}],"version-history":[{"count":2,"href":"https:\/\/blogg.svenskakyrkan.se\/tankarinforhelgen\/wp-json\/wp\/v2\/posts\/1317\/revisions"}],"predecessor-version":[{"id":1320,"href":"https:\/\/blogg.svenskakyrkan.se\/tankarinforhelgen\/wp-json\/wp\/v2\/posts\/1317\/revisions\/1320"}],"wp:featuredmedia":[{"embeddable":true,"href":"https:\/\/blogg.svenskakyrkan.se\/tankarinforhelgen\/wp-json\/wp\/v2\/media\/1318"}],"wp:attachment":[{"href":"https:\/\/blogg.svenskakyrkan.se\/tankarinforhelgen\/wp-json\/wp\/v2\/media?parent=1317"}],"wp:term":[{"taxonomy":"category","embeddable":true,"href":"https:\/\/blogg.svenskakyrkan.se\/tankarinforhelgen\/wp-json\/wp\/v2\/categories?post=1317"},{"taxonomy":"post_tag","embeddable":true,"href":"https:\/\/blogg.svenskakyrkan.se\/tankarinforhelgen\/wp-json\/wp\/v2\/tags?post=1317"}],"curies":[{"name":"wp","href":"https:\/\/api.w.org\/{rel}","templated":true}]}}