{"id":1330,"date":"2018-04-16T22:29:54","date_gmt":"2018-04-16T20:29:54","guid":{"rendered":"http:\/\/blogg.svenskakyrkan.se\/tankarinforhelgen\/?p=1330"},"modified":"2018-04-19T12:59:54","modified_gmt":"2018-04-19T10:59:54","slug":"den-som-vantar-pa-nagot-gott","status":"publish","type":"post","link":"https:\/\/blogg.svenskakyrkan.se\/tankarinforhelgen\/2018\/04\/16\/den-som-vantar-pa-nagot-gott\/","title":{"rendered":"Den som v\u00e4ntar p\u00e5 n\u00e5got gott"},"content":{"rendered":"<p>Den som v\u00e4ntar p\u00e5 n\u00e5got gott, v\u00e4ntar aldrig f\u00f6r l\u00e4nge. Det st\u00e4mmer ju r\u00e4tt bra n\u00e4r det g\u00e4ller efterr\u00e4tter och l\u00f6rdagsgodis, men inte f\u00f6r den som v\u00e4ntar p\u00e5 fred, asylbeslut eller Kristi \u00e5terkomst.<\/p>\n<p>Egentligen \u00e4r det kanske inte v\u00e4ntan som \u00e4r jobbig, utan ovissheten om n\u00e4r den tar slut. \u201dBara jag f\u00e5r ett besked, oavsett vilket, d\u00e5 kan jag g\u00e5 vidare.\u201d<br \/>\nJesus drar bort ovisshetens sl\u00f6ja fr\u00e5n l\u00e4rjungarnas \u00f6gon och s\u00e4ger att deras v\u00e4ntan \u00e4r kort. En kort tid av m\u00f6rker och natt, \u00e4nnu en kort tid och Jesus \u00e4r \u00e5ter.<\/p>\n<p>Jag \u00e4r f\u00f6r\u00e4ldraledig med v\u00e5r 9 m\u00e5nader gamla son. Han sover inte mycket om natten, eller jo, han sover n\u00e4r han sover p\u00e5 mig och jag samtidigt sitter i v\u00e5r rej\u00e4la bl\u00e5 f\u00e5t\u00f6lj. Han sover, men inte alltid jag. Efter n\u00e5gon timme n\u00e4r han kommit ned i djupare s\u00f6mn kan jag l\u00e4gga ned honom i hans s\u00e4ng och d\u00e5 f\u00e5r jag l\u00e4gga mig i min egen, men ganska snart \u00e4r det dags igen.<\/p>\n<p>Hoppet om att morgonen \u00f6verhuvudtaget ska randas \u00e4r olika, det beror p\u00e5 vilken tid vi s\u00e4tter oss i f\u00e5t\u00f6ljen. V\u00e4rst \u00e4r vargtimmen, tiden innan gryningen. Aldrig har natten k\u00e4nts lika l\u00e5ng.<\/p>\n<p>Men det beh\u00f6ver bara b\u00f6rja ljusna svagt, bara de d\u00e4r f\u00f6rsta gr\u00e5a str\u00e5ken som bryter m\u00f6rkret, f\u00f6r att hoppet ska t\u00e4ndas i mig. Natten \u00e4r inte alls s\u00e5 sv\u00e5r eller l\u00e5ng l\u00e4ngre. Jag tror p\u00e5 att morgonen n\u00e4rmar sig \u00e4ven om det \u00e4r flera timmar kvar. Ljuset skvallrar om morgonens \u00e5terkomst.<\/p>\n<p>Det \u00e4r ovissheten som \u00e4r jobbigast. Ska natten ta slut? Det var den ovissheten Jesus vill bespara l\u00e4rjungarna n\u00e4r han ber\u00e4ttade f\u00f6r dem att natten skulle ta slut. \u201dEn kort tid och ni ser mig inte l\u00e4ngre, \u00e4nnu en kort tid och ni ska se mig igen\u201d.<\/p>\n<p>Men Jesus m\u00e4rker att l\u00e4rjungarna inte riktigt f\u00f6rst\u00e5r och b\u00f6rjar f\u00f6rklara. F\u00f6rst ska de gr\u00e5ta och klaga, men allt ska bli gl\u00e4dje. Men ocks\u00e5 det \u00e4r sv\u00e5rt att f\u00f6rst\u00e5, s\u00e5 Jesus lyfter det tydligaste exemplet som finns. Hur ogripbar sm\u00e4rta att f\u00f6da barn kan bytas till obeskrivlig gl\u00e4dje n\u00e4r barnet \u00e4r f\u00f6tt &#8211; omedelbart \u00e4ndras allt.<\/p>\n<p>Jag vet inte hur det k\u00e4ndes f\u00f6r min fru n\u00e4r v\u00e5ra barn f\u00f6ddes, men jag minns n\u00e4r avgrundsvr\u00e5let blev till till gl\u00e4djet\u00e5rar. Hur stark hon var, och hur \u00f6msint.<\/p>\n<p>Jag minns r\u00e4dslan och ovissheten om n\u00e4r, eller ens om, sm\u00e4rtan skulle ta slut n\u00e4r v\u00e5rt f\u00f6rsta barn f\u00f6ddes. Vid v\u00e5rt andra barns f\u00f6dsel var ovissheten mindre, och erfarenheten st\u00f6rre. Det gav hopp. Genom livet r\u00f6r sig ovissheten mot visshet och pr\u00f6vningen mot erfarenhet.<\/p>\n<p>Jesus hj\u00e4lper l\u00e4rjungarna att g\u00e5 fr\u00e5n ovisshet till visshet, fr\u00e5n m\u00f6rker till ljus, fr\u00e5n natt till dag.<\/p>\n<p>Vi vet ju att morgonen och ljuset kommer \u00e5ter, \u00e4nd\u00e5 gl\u00f6mmer vi det n\u00e4r natten k\u00e4nns f\u00f6r l\u00e5ng. Uppst\u00e5ndelsens kunskap fanns \u00e4nnu inte n\u00e4r Jesus talade med l\u00e4rjungarna. De hade inte facit s\u00e5 som vi har. De hade bara l\u00f6ftet. L\u00f6ftet om att han kommer \u00e5ter, l\u00f6ftet om att n\u00e4r han g\u00f6r det s\u00e5 kommer nattens pr\u00f6vningar blekna.<\/p>\n<p>Det l\u00f6ftet g\u00e4ller s\u00e5v\u00e4l de stora h\u00e4ndelserna som vardagens sm\u00e5. S\u00e5 n\u00e4r jag g\u00f6r mig redo f\u00f6r en ny natt i den bl\u00e5 f\u00e5t\u00f6ljen t\u00e4nker jag att det \u00e4r en kort tid och att jag snart ska se morgonljuset igen. En kort tid bara, f\u00f6r den som v\u00e4ntar p\u00e5 n\u00e5got gott.<\/p>\n<p>Erik Olebark Ringheim, pr\u00e4st<\/p>\n","protected":false},"excerpt":{"rendered":"<p>Den som v\u00e4ntar p\u00e5 n\u00e5got gott, v\u00e4ntar aldrig f\u00f6r l\u00e4nge. Det st\u00e4mmer ju r\u00e4tt bra n\u00e4r det g\u00e4ller efterr\u00e4tter och l\u00f6rdagsgodis, men inte f\u00f6r den som v\u00e4ntar p\u00e5 fred, asylbeslut eller Kristi \u00e5terkomst. Egentligen \u00e4r det kanske inte v\u00e4ntan som \u00e4r jobbig, utan ovissheten om n\u00e4r den tar slut. \u201dBara jag f\u00e5r ett besked, oavsett [&hellip;]<\/p>\n","protected":false},"author":670,"featured_media":1341,"comment_status":"open","ping_status":"open","sticky":false,"template":"","format":"standard","meta":{"_acf_changed":false,"footnotes":""},"categories":[136721],"tags":[142466,142457],"class_list":["post-1330","post","type-post","status-publish","format-standard","has-post-thumbnail","hentry","category-fjarde-sondagen-i-pasktiden","tag-erik-olebark-ringheim","tag-tankarinforhelgen"],"acf":[],"yoast_head":"<!-- This site is optimized with the Yoast SEO plugin v27.1.1 - https:\/\/yoast.com\/product\/yoast-seo-wordpress\/ -->\n<title>Den som v\u00e4ntar p\u00e5 n\u00e5got gott - Tankar inf\u00f6r helgen<\/title>\n<meta name=\"robots\" content=\"index, follow, max-snippet:-1, max-image-preview:large, max-video-preview:-1\" \/>\n<link rel=\"canonical\" href=\"https:\/\/blogg.svenskakyrkan.se\/tankarinforhelgen\/2018\/04\/16\/den-som-vantar-pa-nagot-gott\/\" \/>\n<meta property=\"og:locale\" content=\"sv_SE\" \/>\n<meta property=\"og:type\" content=\"article\" \/>\n<meta property=\"og:title\" content=\"Den som v\u00e4ntar p\u00e5 n\u00e5got gott - Tankar inf\u00f6r helgen\" \/>\n<meta property=\"og:description\" content=\"Den som v\u00e4ntar p\u00e5 n\u00e5got gott, v\u00e4ntar aldrig f\u00f6r l\u00e4nge. Det st\u00e4mmer ju r\u00e4tt bra n\u00e4r det g\u00e4ller efterr\u00e4tter och l\u00f6rdagsgodis, men inte f\u00f6r den som v\u00e4ntar p\u00e5 fred, asylbeslut eller Kristi \u00e5terkomst. Egentligen \u00e4r det kanske inte v\u00e4ntan som \u00e4r jobbig, utan ovissheten om n\u00e4r den tar slut. \u201dBara jag f\u00e5r ett besked, oavsett [&hellip;]\" \/>\n<meta property=\"og:url\" content=\"https:\/\/blogg.svenskakyrkan.se\/tankarinforhelgen\/2018\/04\/16\/den-som-vantar-pa-nagot-gott\/\" \/>\n<meta property=\"og:site_name\" content=\"Tankar inf\u00f6r helgen\" \/>\n<meta property=\"article:published_time\" content=\"2018-04-16T20:29:54+00:00\" \/>\n<meta property=\"article:modified_time\" content=\"2018-04-19T10:59:54+00:00\" \/>\n<meta name=\"author\" content=\"Redakt\u00f6r\" \/>\n<meta name=\"twitter:card\" content=\"summary_large_image\" \/>\n<meta name=\"twitter:label1\" content=\"Skriven av\" \/>\n\t<meta name=\"twitter:data1\" content=\"Redakt\u00f6r\" \/>\n\t<meta name=\"twitter:label2\" content=\"Ber\u00e4knad l\u00e4stid\" \/>\n\t<meta name=\"twitter:data2\" content=\"3 minuter\" \/>\n<script type=\"application\/ld+json\" class=\"yoast-schema-graph\">{\"@context\":\"https:\/\/schema.org\",\"@graph\":[{\"@type\":\"Article\",\"@id\":\"https:\/\/blogg.svenskakyrkan.se\/tankarinforhelgen\/2018\/04\/16\/den-som-vantar-pa-nagot-gott\/#article\",\"isPartOf\":{\"@id\":\"https:\/\/blogg.svenskakyrkan.se\/tankarinforhelgen\/2018\/04\/16\/den-som-vantar-pa-nagot-gott\/\"},\"author\":{\"name\":\"Redakt\u00f6r\",\"@id\":\"https:\/\/blogg.svenskakyrkan.se\/tankarinforhelgen\/#\/schema\/person\/45262a1ade6bf1a378b2bc2ea516a471\"},\"headline\":\"Den som v\u00e4ntar p\u00e5 n\u00e5got gott\",\"datePublished\":\"2018-04-16T20:29:54+00:00\",\"dateModified\":\"2018-04-19T10:59:54+00:00\",\"mainEntityOfPage\":{\"@id\":\"https:\/\/blogg.svenskakyrkan.se\/tankarinforhelgen\/2018\/04\/16\/den-som-vantar-pa-nagot-gott\/\"},\"wordCount\":693,\"commentCount\":2,\"image\":{\"@id\":\"https:\/\/blogg.svenskakyrkan.se\/tankarinforhelgen\/2018\/04\/16\/den-som-vantar-pa-nagot-gott\/#primaryimage\"},\"thumbnailUrl\":\"https:\/\/blogg.svenskakyrkan.se\/tankarinforhelgen\/files\/2018\/04\/603F15B0-5690-4EDF-B7F2-6995B329E6BD.jpeg\",\"keywords\":[\"Erik Olebark Ringheim\",\"TANKARINFORHELGEN\"],\"articleSection\":[\"Fj\u00e4rde s\u00f6ndagen i p\u00e5sktiden\"],\"inLanguage\":\"sv-SE\",\"potentialAction\":[{\"@type\":\"CommentAction\",\"name\":\"Comment\",\"target\":[\"https:\/\/blogg.svenskakyrkan.se\/tankarinforhelgen\/2018\/04\/16\/den-som-vantar-pa-nagot-gott\/#respond\"]}]},{\"@type\":\"WebPage\",\"@id\":\"https:\/\/blogg.svenskakyrkan.se\/tankarinforhelgen\/2018\/04\/16\/den-som-vantar-pa-nagot-gott\/\",\"url\":\"https:\/\/blogg.svenskakyrkan.se\/tankarinforhelgen\/2018\/04\/16\/den-som-vantar-pa-nagot-gott\/\",\"name\":\"Den som v\u00e4ntar p\u00e5 n\u00e5got gott - Tankar inf\u00f6r helgen\",\"isPartOf\":{\"@id\":\"https:\/\/blogg.svenskakyrkan.se\/tankarinforhelgen\/#website\"},\"primaryImageOfPage\":{\"@id\":\"https:\/\/blogg.svenskakyrkan.se\/tankarinforhelgen\/2018\/04\/16\/den-som-vantar-pa-nagot-gott\/#primaryimage\"},\"image\":{\"@id\":\"https:\/\/blogg.svenskakyrkan.se\/tankarinforhelgen\/2018\/04\/16\/den-som-vantar-pa-nagot-gott\/#primaryimage\"},\"thumbnailUrl\":\"https:\/\/blogg.svenskakyrkan.se\/tankarinforhelgen\/files\/2018\/04\/603F15B0-5690-4EDF-B7F2-6995B329E6BD.jpeg\",\"datePublished\":\"2018-04-16T20:29:54+00:00\",\"dateModified\":\"2018-04-19T10:59:54+00:00\",\"author\":{\"@id\":\"https:\/\/blogg.svenskakyrkan.se\/tankarinforhelgen\/#\/schema\/person\/45262a1ade6bf1a378b2bc2ea516a471\"},\"breadcrumb\":{\"@id\":\"https:\/\/blogg.svenskakyrkan.se\/tankarinforhelgen\/2018\/04\/16\/den-som-vantar-pa-nagot-gott\/#breadcrumb\"},\"inLanguage\":\"sv-SE\",\"potentialAction\":[{\"@type\":\"ReadAction\",\"target\":[\"https:\/\/blogg.svenskakyrkan.se\/tankarinforhelgen\/2018\/04\/16\/den-som-vantar-pa-nagot-gott\/\"]}]},{\"@type\":\"ImageObject\",\"inLanguage\":\"sv-SE\",\"@id\":\"https:\/\/blogg.svenskakyrkan.se\/tankarinforhelgen\/2018\/04\/16\/den-som-vantar-pa-nagot-gott\/#primaryimage\",\"url\":\"https:\/\/blogg.svenskakyrkan.se\/tankarinforhelgen\/files\/2018\/04\/603F15B0-5690-4EDF-B7F2-6995B329E6BD.jpeg\",\"contentUrl\":\"https:\/\/blogg.svenskakyrkan.se\/tankarinforhelgen\/files\/2018\/04\/603F15B0-5690-4EDF-B7F2-6995B329E6BD.jpeg\",\"width\":1663,\"height\":1102},{\"@type\":\"BreadcrumbList\",\"@id\":\"https:\/\/blogg.svenskakyrkan.se\/tankarinforhelgen\/2018\/04\/16\/den-som-vantar-pa-nagot-gott\/#breadcrumb\",\"itemListElement\":[{\"@type\":\"ListItem\",\"position\":1,\"name\":\"Hem\",\"item\":\"https:\/\/blogg.svenskakyrkan.se\/tankarinforhelgen\/\"},{\"@type\":\"ListItem\",\"position\":2,\"name\":\"Den som v\u00e4ntar p\u00e5 n\u00e5got gott\"}]},{\"@type\":\"WebSite\",\"@id\":\"https:\/\/blogg.svenskakyrkan.se\/tankarinforhelgen\/#website\",\"url\":\"https:\/\/blogg.svenskakyrkan.se\/tankarinforhelgen\/\",\"name\":\"Tankar inf\u00f6r helgen\",\"description\":\"Pr\u00e4ster funderar utifr\u00e5n kommande s\u00f6ndags texter\",\"potentialAction\":[{\"@type\":\"SearchAction\",\"target\":{\"@type\":\"EntryPoint\",\"urlTemplate\":\"https:\/\/blogg.svenskakyrkan.se\/tankarinforhelgen\/?s={search_term_string}\"},\"query-input\":{\"@type\":\"PropertyValueSpecification\",\"valueRequired\":true,\"valueName\":\"search_term_string\"}}],\"inLanguage\":\"sv-SE\"},{\"@type\":\"Person\",\"@id\":\"https:\/\/blogg.svenskakyrkan.se\/tankarinforhelgen\/#\/schema\/person\/45262a1ade6bf1a378b2bc2ea516a471\",\"name\":\"Redakt\u00f6r\",\"image\":{\"@type\":\"ImageObject\",\"inLanguage\":\"sv-SE\",\"@id\":\"https:\/\/blogg.svenskakyrkan.se\/tankarinforhelgen\/#\/schema\/person\/image\/\",\"url\":\"https:\/\/secure.gravatar.com\/avatar\/4c212d91dd43b8df8a6804f4890843cb55b8a4948a08d870700f9fb64c6c73c2?s=96&d=mm&r=g\",\"contentUrl\":\"https:\/\/secure.gravatar.com\/avatar\/4c212d91dd43b8df8a6804f4890843cb55b8a4948a08d870700f9fb64c6c73c2?s=96&d=mm&r=g\",\"caption\":\"Redakt\u00f6r\"},\"url\":\"https:\/\/blogg.svenskakyrkan.se\/tankarinforhelgen\/author\/annabarbier\/\"}]}<\/script>\n<!-- \/ Yoast SEO plugin. -->","yoast_head_json":{"title":"Den som v\u00e4ntar p\u00e5 n\u00e5got gott - Tankar inf\u00f6r helgen","robots":{"index":"index","follow":"follow","max-snippet":"max-snippet:-1","max-image-preview":"max-image-preview:large","max-video-preview":"max-video-preview:-1"},"canonical":"https:\/\/blogg.svenskakyrkan.se\/tankarinforhelgen\/2018\/04\/16\/den-som-vantar-pa-nagot-gott\/","og_locale":"sv_SE","og_type":"article","og_title":"Den som v\u00e4ntar p\u00e5 n\u00e5got gott - Tankar inf\u00f6r helgen","og_description":"Den som v\u00e4ntar p\u00e5 n\u00e5got gott, v\u00e4ntar aldrig f\u00f6r l\u00e4nge. Det st\u00e4mmer ju r\u00e4tt bra n\u00e4r det g\u00e4ller efterr\u00e4tter och l\u00f6rdagsgodis, men inte f\u00f6r den som v\u00e4ntar p\u00e5 fred, asylbeslut eller Kristi \u00e5terkomst. Egentligen \u00e4r det kanske inte v\u00e4ntan som \u00e4r jobbig, utan ovissheten om n\u00e4r den tar slut. \u201dBara jag f\u00e5r ett besked, oavsett [&hellip;]","og_url":"https:\/\/blogg.svenskakyrkan.se\/tankarinforhelgen\/2018\/04\/16\/den-som-vantar-pa-nagot-gott\/","og_site_name":"Tankar inf\u00f6r helgen","article_published_time":"2018-04-16T20:29:54+00:00","article_modified_time":"2018-04-19T10:59:54+00:00","author":"Redakt\u00f6r","twitter_card":"summary_large_image","twitter_misc":{"Skriven av":"Redakt\u00f6r","Ber\u00e4knad l\u00e4stid":"3 minuter"},"schema":{"@context":"https:\/\/schema.org","@graph":[{"@type":"Article","@id":"https:\/\/blogg.svenskakyrkan.se\/tankarinforhelgen\/2018\/04\/16\/den-som-vantar-pa-nagot-gott\/#article","isPartOf":{"@id":"https:\/\/blogg.svenskakyrkan.se\/tankarinforhelgen\/2018\/04\/16\/den-som-vantar-pa-nagot-gott\/"},"author":{"name":"Redakt\u00f6r","@id":"https:\/\/blogg.svenskakyrkan.se\/tankarinforhelgen\/#\/schema\/person\/45262a1ade6bf1a378b2bc2ea516a471"},"headline":"Den som v\u00e4ntar p\u00e5 n\u00e5got gott","datePublished":"2018-04-16T20:29:54+00:00","dateModified":"2018-04-19T10:59:54+00:00","mainEntityOfPage":{"@id":"https:\/\/blogg.svenskakyrkan.se\/tankarinforhelgen\/2018\/04\/16\/den-som-vantar-pa-nagot-gott\/"},"wordCount":693,"commentCount":2,"image":{"@id":"https:\/\/blogg.svenskakyrkan.se\/tankarinforhelgen\/2018\/04\/16\/den-som-vantar-pa-nagot-gott\/#primaryimage"},"thumbnailUrl":"https:\/\/blogg.svenskakyrkan.se\/tankarinforhelgen\/files\/2018\/04\/603F15B0-5690-4EDF-B7F2-6995B329E6BD.jpeg","keywords":["Erik Olebark Ringheim","TANKARINFORHELGEN"],"articleSection":["Fj\u00e4rde s\u00f6ndagen i p\u00e5sktiden"],"inLanguage":"sv-SE","potentialAction":[{"@type":"CommentAction","name":"Comment","target":["https:\/\/blogg.svenskakyrkan.se\/tankarinforhelgen\/2018\/04\/16\/den-som-vantar-pa-nagot-gott\/#respond"]}]},{"@type":"WebPage","@id":"https:\/\/blogg.svenskakyrkan.se\/tankarinforhelgen\/2018\/04\/16\/den-som-vantar-pa-nagot-gott\/","url":"https:\/\/blogg.svenskakyrkan.se\/tankarinforhelgen\/2018\/04\/16\/den-som-vantar-pa-nagot-gott\/","name":"Den som v\u00e4ntar p\u00e5 n\u00e5got gott - Tankar inf\u00f6r helgen","isPartOf":{"@id":"https:\/\/blogg.svenskakyrkan.se\/tankarinforhelgen\/#website"},"primaryImageOfPage":{"@id":"https:\/\/blogg.svenskakyrkan.se\/tankarinforhelgen\/2018\/04\/16\/den-som-vantar-pa-nagot-gott\/#primaryimage"},"image":{"@id":"https:\/\/blogg.svenskakyrkan.se\/tankarinforhelgen\/2018\/04\/16\/den-som-vantar-pa-nagot-gott\/#primaryimage"},"thumbnailUrl":"https:\/\/blogg.svenskakyrkan.se\/tankarinforhelgen\/files\/2018\/04\/603F15B0-5690-4EDF-B7F2-6995B329E6BD.jpeg","datePublished":"2018-04-16T20:29:54+00:00","dateModified":"2018-04-19T10:59:54+00:00","author":{"@id":"https:\/\/blogg.svenskakyrkan.se\/tankarinforhelgen\/#\/schema\/person\/45262a1ade6bf1a378b2bc2ea516a471"},"breadcrumb":{"@id":"https:\/\/blogg.svenskakyrkan.se\/tankarinforhelgen\/2018\/04\/16\/den-som-vantar-pa-nagot-gott\/#breadcrumb"},"inLanguage":"sv-SE","potentialAction":[{"@type":"ReadAction","target":["https:\/\/blogg.svenskakyrkan.se\/tankarinforhelgen\/2018\/04\/16\/den-som-vantar-pa-nagot-gott\/"]}]},{"@type":"ImageObject","inLanguage":"sv-SE","@id":"https:\/\/blogg.svenskakyrkan.se\/tankarinforhelgen\/2018\/04\/16\/den-som-vantar-pa-nagot-gott\/#primaryimage","url":"https:\/\/blogg.svenskakyrkan.se\/tankarinforhelgen\/files\/2018\/04\/603F15B0-5690-4EDF-B7F2-6995B329E6BD.jpeg","contentUrl":"https:\/\/blogg.svenskakyrkan.se\/tankarinforhelgen\/files\/2018\/04\/603F15B0-5690-4EDF-B7F2-6995B329E6BD.jpeg","width":1663,"height":1102},{"@type":"BreadcrumbList","@id":"https:\/\/blogg.svenskakyrkan.se\/tankarinforhelgen\/2018\/04\/16\/den-som-vantar-pa-nagot-gott\/#breadcrumb","itemListElement":[{"@type":"ListItem","position":1,"name":"Hem","item":"https:\/\/blogg.svenskakyrkan.se\/tankarinforhelgen\/"},{"@type":"ListItem","position":2,"name":"Den som v\u00e4ntar p\u00e5 n\u00e5got gott"}]},{"@type":"WebSite","@id":"https:\/\/blogg.svenskakyrkan.se\/tankarinforhelgen\/#website","url":"https:\/\/blogg.svenskakyrkan.se\/tankarinforhelgen\/","name":"Tankar inf\u00f6r helgen","description":"Pr\u00e4ster funderar utifr\u00e5n kommande s\u00f6ndags texter","potentialAction":[{"@type":"SearchAction","target":{"@type":"EntryPoint","urlTemplate":"https:\/\/blogg.svenskakyrkan.se\/tankarinforhelgen\/?s={search_term_string}"},"query-input":{"@type":"PropertyValueSpecification","valueRequired":true,"valueName":"search_term_string"}}],"inLanguage":"sv-SE"},{"@type":"Person","@id":"https:\/\/blogg.svenskakyrkan.se\/tankarinforhelgen\/#\/schema\/person\/45262a1ade6bf1a378b2bc2ea516a471","name":"Redakt\u00f6r","image":{"@type":"ImageObject","inLanguage":"sv-SE","@id":"https:\/\/blogg.svenskakyrkan.se\/tankarinforhelgen\/#\/schema\/person\/image\/","url":"https:\/\/secure.gravatar.com\/avatar\/4c212d91dd43b8df8a6804f4890843cb55b8a4948a08d870700f9fb64c6c73c2?s=96&d=mm&r=g","contentUrl":"https:\/\/secure.gravatar.com\/avatar\/4c212d91dd43b8df8a6804f4890843cb55b8a4948a08d870700f9fb64c6c73c2?s=96&d=mm&r=g","caption":"Redakt\u00f6r"},"url":"https:\/\/blogg.svenskakyrkan.se\/tankarinforhelgen\/author\/annabarbier\/"}]}},"author_meta":{"ID":"670","user_nicename":"annabarbier","user_registered":"2018-03-04 09:17:03","display_name":"Redakt\u00f6r","avatar":"https:\/\/secure.gravatar.com\/avatar\/4c212d91dd43b8df8a6804f4890843cb55b8a4948a08d870700f9fb64c6c73c2?s=96&d=mm&r=g"},"featured_image":["https:\/\/blogg.svenskakyrkan.se\/tankarinforhelgen\/files\/2018\/04\/603F15B0-5690-4EDF-B7F2-6995B329E6BD-1024x679.jpeg",1024,679,true],"bloginfo":{"name":"Tankar inf\u00f6r helgen","url":"https:\/\/blogg.svenskakyrkan.se\/tankarinforhelgen"},"_links":{"self":[{"href":"https:\/\/blogg.svenskakyrkan.se\/tankarinforhelgen\/wp-json\/wp\/v2\/posts\/1330","targetHints":{"allow":["GET"]}}],"collection":[{"href":"https:\/\/blogg.svenskakyrkan.se\/tankarinforhelgen\/wp-json\/wp\/v2\/posts"}],"about":[{"href":"https:\/\/blogg.svenskakyrkan.se\/tankarinforhelgen\/wp-json\/wp\/v2\/types\/post"}],"author":[{"embeddable":true,"href":"https:\/\/blogg.svenskakyrkan.se\/tankarinforhelgen\/wp-json\/wp\/v2\/users\/670"}],"replies":[{"embeddable":true,"href":"https:\/\/blogg.svenskakyrkan.se\/tankarinforhelgen\/wp-json\/wp\/v2\/comments?post=1330"}],"version-history":[{"count":6,"href":"https:\/\/blogg.svenskakyrkan.se\/tankarinforhelgen\/wp-json\/wp\/v2\/posts\/1330\/revisions"}],"predecessor-version":[{"id":1345,"href":"https:\/\/blogg.svenskakyrkan.se\/tankarinforhelgen\/wp-json\/wp\/v2\/posts\/1330\/revisions\/1345"}],"wp:featuredmedia":[{"embeddable":true,"href":"https:\/\/blogg.svenskakyrkan.se\/tankarinforhelgen\/wp-json\/wp\/v2\/media\/1341"}],"wp:attachment":[{"href":"https:\/\/blogg.svenskakyrkan.se\/tankarinforhelgen\/wp-json\/wp\/v2\/media?parent=1330"}],"wp:term":[{"taxonomy":"category","embeddable":true,"href":"https:\/\/blogg.svenskakyrkan.se\/tankarinforhelgen\/wp-json\/wp\/v2\/categories?post=1330"},{"taxonomy":"post_tag","embeddable":true,"href":"https:\/\/blogg.svenskakyrkan.se\/tankarinforhelgen\/wp-json\/wp\/v2\/tags?post=1330"}],"curies":[{"name":"wp","href":"https:\/\/api.w.org\/{rel}","templated":true}]}}