{"id":1349,"date":"2018-05-02T09:57:08","date_gmt":"2018-05-02T07:57:08","guid":{"rendered":"http:\/\/blogg.svenskakyrkan.se\/tankarinforhelgen\/?p=1349"},"modified":"2018-05-02T09:57:19","modified_gmt":"2018-05-02T07:57:19","slug":"vaga-be","status":"publish","type":"post","link":"https:\/\/blogg.svenskakyrkan.se\/tankarinforhelgen\/2018\/05\/02\/vaga-be\/","title":{"rendered":"V\u00e5ga be"},"content":{"rendered":"<p><a href=\"http:\/\/blogg.svenskakyrkan.se\/tankarinforhelgen\/files\/2018\/05\/tankarinf\u00f6rhelgen.png\"><img loading=\"lazy\" decoding=\"async\" width=\"786\" height=\"590\" class=\"alignnone size-full wp-image-1362\" src=\"http:\/\/blogg.svenskakyrkan.se\/tankarinforhelgen\/files\/2018\/05\/tankarinf\u00f6rhelgen.png\" alt=\"\" srcset=\"https:\/\/blogg.svenskakyrkan.se\/tankarinforhelgen\/files\/2018\/05\/tankarinf\u00f6rhelgen.png 786w, https:\/\/blogg.svenskakyrkan.se\/tankarinforhelgen\/files\/2018\/05\/tankarinf\u00f6rhelgen-300x225.png 300w, https:\/\/blogg.svenskakyrkan.se\/tankarinforhelgen\/files\/2018\/05\/tankarinf\u00f6rhelgen-768x576.png 768w\" sizes=\"auto, (max-width: 786px) 100vw, 786px\" \/><\/a><br \/>\nJesus s\u00e4ger till m\u00e4nniskorna att alltid be och inte ge upp. Jag tycker om b\u00f6n. F\u00f6r att det \u00e4r s\u00e5 enkelt, n\u00e4r ingenting annat i livet fungerar kan jag \u00e4nd\u00e5 be. Att ha m\u00f6jligheten att be ger mig hopp.<\/p>\n<p>Det h\u00e4r med att be och ordet b\u00f6n inte \u00e4r s\u00e5 enkelt f\u00f6r alla m\u00e4nniskor. Kanske f\u00f6r att man tror att det \u00e4r mer sv\u00e5rt \u00e4n det egentligen \u00e4r? Kanske f\u00f6r att man sett kyrkliga ritualer kring b\u00f6n som man inte f\u00f6rst\u00e5r? Kanske f\u00f6r att man inte riktigt f\u00f6rst\u00e5r varf\u00f6r man ska be?<\/p>\n<p>Egentligen \u00e4r det inte sv\u00e5rare \u00e4n att helt enkelt prata med Gud, precis som du pratar med en annan m\u00e4nniska. Det sv\u00e5ra kan vara att du pratar med n\u00e5gon du inte ser. Jag vet ju inte heller hur Gud ser ut om jag ska vara \u00e4rlig. Kanske \u00e4r det d\u00e4rf\u00f6r vi gjort bilder av Jesus i v\u00e5ra kyrkor, f\u00f6r att vi p\u00e5 n\u00e5got s\u00e4tt \u00e4nd\u00e5 ska kunna \u201dse\u201d den vi pratar med? Ibland t\u00e4nder vi ljus n\u00e4r vi ber. Kanske den fladdrande l\u00e5gan kan ge oss en slags k\u00e4nsla av n\u00e5gons n\u00e4rvaro?<\/p>\n<p>Kanske man l\u00e5ter bli att be f\u00f6r att man tror att man inte kan eller f\u00e5r be till en Gud om man inte riktigt kan tro? Jag \u00e4r \u00f6vertygad om att man kan be \u00e4nd\u00e5. Gud lyssnar \u00e4ven p\u00e5 den som inte tror. Gud lyssnar inte mer p\u00e5 pr\u00e4ster \u00e4n p\u00e5 andra m\u00e4nniskor.<\/p>\n<p>Ibland f\u00e5r jag h\u00f6ra att m\u00e4nniskor tror att man m\u00e5ste be p\u00e5 ett speciellt s\u00e4tt, t ex b\u00f6rja b\u00f6nen med \u201dHerre Gud, v\u00e4rldens fr\u00e4lsare\u201d. \u00c4rligt talat s\u00e5 tror jag Gud \u00e4r mer intresserad av dina egna ord ist\u00e4llet f\u00f6r fina \u201dkyrkord\u201d. Ibland kanske b\u00f6nen blir ett enda ord: \u201dHj\u00e4lp\u201d! D\u00e5 tror jag Gud hellre h\u00f6r detta ord \u201dhj\u00e4lp\u201d \u00e4n orden \u201dHerre Gud, v\u00e4rldens fr\u00e4lsare\u201d. F\u00f6r Gud vill h\u00f6ra dig, dina ord, som du \u00e4r. Du beh\u00f6ver inte ens s\u00e4ga orden h\u00f6gt. Du kan t\u00e4nka dem. Gud h\u00f6r dina tankar. Gud k\u00e4nner dig utan och innan. Innan orden finns p\u00e5 dina l\u00e4ppar vet Gud om dem.<\/p>\n<p>Men om Gud redan k\u00e4nner mig utan och innan, varf\u00f6r ska jag d\u00e5 be? Jo, f\u00f6r att Gud \u00e4lskar att h\u00f6ra dina ord. Jag som \u00e4r mamma \u00e4lskar att h\u00f6ra mina barns r\u00f6ster. Precis s\u00e5 \u00e4lskar Gud att h\u00f6ra din r\u00f6st. Jag som har st\u00f6rre barn kan ibland bli lite r\u00f6rd n\u00e4r jag h\u00f6r mina barn. Jag tror det \u00e4r s\u00e5 med Gud ocks\u00e5. Gud kan nog f\u00e4lla en och annan t\u00e5r av r\u00f6rdhet n\u00e4r du ber.<br \/>\nIbland h\u00f6r jag m\u00e4nniskor som s\u00e4ger: jag kan inte tro p\u00e5 Gud p\u00e5 grund av all ondska i v\u00e4rlden. Jag t\u00e4nker tv\u00e4rtom: just p\u00e5 grund av all ondska i v\u00e4rlden s\u00e5 m\u00e5ste jag tro p\u00e5 en god makt. Jag kallar den goda makten Gud. Gud, som aldrig n\u00e5gonsin kommer att ge upp i att k\u00e4mpa mot v\u00e4rldens ondska och inte heller kommer att ge upp p\u00e5 dig och mig. Ord som jag tycker om \u00e4r \u201df\u00f6r Gud \u00e4r ingenting om\u00f6jligt.\u201d<\/p>\n<p>Gud vill prata med oss s\u00e5 mycket som m\u00f6jligt och p\u00e5 v\u00e5rt eget vis, var vi \u00e4n befinner oss just nu. Be ofta! Be p\u00e5 ditt s\u00e4tt! Kanske n\u00e5gonting h\u00e4nder? Kanske p\u00e5 ett s\u00e4tt som du inte t\u00e4nkt dig? Och n\u00e4r du inte kan g\u00f6ra n\u00e5got konkret f\u00f6r din egen situation eller f\u00f6r n\u00e5gon annans situation s\u00e5 kan du i alla fall be. Du har inget att f\u00f6rlora p\u00e5 att ha ett litet samtal med Gud. Det \u00e4r ett hopp att b\u00e4ra med sig.<\/p>\n","protected":false},"excerpt":{"rendered":"<p>Jesus s\u00e4ger till m\u00e4nniskorna att alltid be och inte ge upp. Jag tycker om b\u00f6n. F\u00f6r att det \u00e4r s\u00e5 enkelt, n\u00e4r ingenting annat i livet fungerar kan jag \u00e4nd\u00e5 be. Att ha m\u00f6jligheten att be ger mig hopp. Det h\u00e4r med att be och ordet b\u00f6n inte \u00e4r s\u00e5 enkelt f\u00f6r alla m\u00e4nniskor. Kanske [&hellip;]<\/p>\n","protected":false},"author":663,"featured_media":0,"comment_status":"open","ping_status":"open","sticky":false,"template":"","format":"standard","meta":{"_acf_changed":false,"footnotes":""},"categories":[136192],"tags":[142460,142457],"class_list":["post-1349","post","type-post","status-publish","format-standard","hentry","category-bonsondagen","tag-agneta-holmstrom","tag-tankarinforhelgen"],"acf":[],"yoast_head":"<!-- This site is optimized with the Yoast SEO plugin v27.1.1 - https:\/\/yoast.com\/product\/yoast-seo-wordpress\/ -->\n<title>V\u00e5ga be - Tankar inf\u00f6r helgen<\/title>\n<meta name=\"robots\" content=\"index, follow, max-snippet:-1, max-image-preview:large, max-video-preview:-1\" \/>\n<link rel=\"canonical\" href=\"https:\/\/blogg.svenskakyrkan.se\/tankarinforhelgen\/2018\/05\/02\/vaga-be\/\" \/>\n<meta property=\"og:locale\" content=\"sv_SE\" \/>\n<meta property=\"og:type\" content=\"article\" \/>\n<meta property=\"og:title\" content=\"V\u00e5ga be - Tankar inf\u00f6r helgen\" \/>\n<meta property=\"og:description\" content=\"Jesus s\u00e4ger till m\u00e4nniskorna att alltid be och inte ge upp. Jag tycker om b\u00f6n. F\u00f6r att det \u00e4r s\u00e5 enkelt, n\u00e4r ingenting annat i livet fungerar kan jag \u00e4nd\u00e5 be. Att ha m\u00f6jligheten att be ger mig hopp. Det h\u00e4r med att be och ordet b\u00f6n inte \u00e4r s\u00e5 enkelt f\u00f6r alla m\u00e4nniskor. Kanske [&hellip;]\" \/>\n<meta property=\"og:url\" content=\"https:\/\/blogg.svenskakyrkan.se\/tankarinforhelgen\/2018\/05\/02\/vaga-be\/\" \/>\n<meta property=\"og:site_name\" content=\"Tankar inf\u00f6r helgen\" \/>\n<meta property=\"article:published_time\" content=\"2018-05-02T07:57:08+00:00\" \/>\n<meta property=\"article:modified_time\" content=\"2018-05-02T07:57:19+00:00\" \/>\n<meta name=\"author\" content=\"Agneta Holmstr\u00f6m, pr\u00e4st\" \/>\n<meta name=\"twitter:card\" content=\"summary_large_image\" \/>\n<meta name=\"twitter:label1\" content=\"Skriven av\" \/>\n\t<meta name=\"twitter:data1\" content=\"Agneta Holmstr\u00f6m, pr\u00e4st\" \/>\n\t<meta name=\"twitter:label2\" content=\"Ber\u00e4knad l\u00e4stid\" \/>\n\t<meta name=\"twitter:data2\" content=\"3 minuter\" \/>\n<script type=\"application\/ld+json\" class=\"yoast-schema-graph\">{\"@context\":\"https:\/\/schema.org\",\"@graph\":[{\"@type\":\"Article\",\"@id\":\"https:\/\/blogg.svenskakyrkan.se\/tankarinforhelgen\/2018\/05\/02\/vaga-be\/#article\",\"isPartOf\":{\"@id\":\"https:\/\/blogg.svenskakyrkan.se\/tankarinforhelgen\/2018\/05\/02\/vaga-be\/\"},\"author\":{\"name\":\"Agneta Holmstr\u00f6m, pr\u00e4st\",\"@id\":\"https:\/\/blogg.svenskakyrkan.se\/tankarinforhelgen\/#\/schema\/person\/6e2f249737f65007a8daf203ed669cb1\"},\"headline\":\"V\u00e5ga be\",\"datePublished\":\"2018-05-02T07:57:08+00:00\",\"dateModified\":\"2018-05-02T07:57:19+00:00\",\"mainEntityOfPage\":{\"@id\":\"https:\/\/blogg.svenskakyrkan.se\/tankarinforhelgen\/2018\/05\/02\/vaga-be\/\"},\"wordCount\":697,\"commentCount\":7,\"keywords\":[\"Agneta Holmstr\u00f6m\",\"TANKARINFORHELGEN\"],\"articleSection\":[\"B\u00f6ns\u00f6ndagen\"],\"inLanguage\":\"sv-SE\",\"potentialAction\":[{\"@type\":\"CommentAction\",\"name\":\"Comment\",\"target\":[\"https:\/\/blogg.svenskakyrkan.se\/tankarinforhelgen\/2018\/05\/02\/vaga-be\/#respond\"]}]},{\"@type\":\"WebPage\",\"@id\":\"https:\/\/blogg.svenskakyrkan.se\/tankarinforhelgen\/2018\/05\/02\/vaga-be\/\",\"url\":\"https:\/\/blogg.svenskakyrkan.se\/tankarinforhelgen\/2018\/05\/02\/vaga-be\/\",\"name\":\"V\u00e5ga be - Tankar inf\u00f6r helgen\",\"isPartOf\":{\"@id\":\"https:\/\/blogg.svenskakyrkan.se\/tankarinforhelgen\/#website\"},\"datePublished\":\"2018-05-02T07:57:08+00:00\",\"dateModified\":\"2018-05-02T07:57:19+00:00\",\"author\":{\"@id\":\"https:\/\/blogg.svenskakyrkan.se\/tankarinforhelgen\/#\/schema\/person\/6e2f249737f65007a8daf203ed669cb1\"},\"breadcrumb\":{\"@id\":\"https:\/\/blogg.svenskakyrkan.se\/tankarinforhelgen\/2018\/05\/02\/vaga-be\/#breadcrumb\"},\"inLanguage\":\"sv-SE\",\"potentialAction\":[{\"@type\":\"ReadAction\",\"target\":[\"https:\/\/blogg.svenskakyrkan.se\/tankarinforhelgen\/2018\/05\/02\/vaga-be\/\"]}]},{\"@type\":\"BreadcrumbList\",\"@id\":\"https:\/\/blogg.svenskakyrkan.se\/tankarinforhelgen\/2018\/05\/02\/vaga-be\/#breadcrumb\",\"itemListElement\":[{\"@type\":\"ListItem\",\"position\":1,\"name\":\"Hem\",\"item\":\"https:\/\/blogg.svenskakyrkan.se\/tankarinforhelgen\/\"},{\"@type\":\"ListItem\",\"position\":2,\"name\":\"V\u00e5ga be\"}]},{\"@type\":\"WebSite\",\"@id\":\"https:\/\/blogg.svenskakyrkan.se\/tankarinforhelgen\/#website\",\"url\":\"https:\/\/blogg.svenskakyrkan.se\/tankarinforhelgen\/\",\"name\":\"Tankar inf\u00f6r helgen\",\"description\":\"Pr\u00e4ster funderar utifr\u00e5n kommande s\u00f6ndags texter\",\"potentialAction\":[{\"@type\":\"SearchAction\",\"target\":{\"@type\":\"EntryPoint\",\"urlTemplate\":\"https:\/\/blogg.svenskakyrkan.se\/tankarinforhelgen\/?s={search_term_string}\"},\"query-input\":{\"@type\":\"PropertyValueSpecification\",\"valueRequired\":true,\"valueName\":\"search_term_string\"}}],\"inLanguage\":\"sv-SE\"},{\"@type\":\"Person\",\"@id\":\"https:\/\/blogg.svenskakyrkan.se\/tankarinforhelgen\/#\/schema\/person\/6e2f249737f65007a8daf203ed669cb1\",\"name\":\"Agneta Holmstr\u00f6m, pr\u00e4st\",\"image\":{\"@type\":\"ImageObject\",\"inLanguage\":\"sv-SE\",\"@id\":\"https:\/\/blogg.svenskakyrkan.se\/tankarinforhelgen\/#\/schema\/person\/image\/\",\"url\":\"https:\/\/secure.gravatar.com\/avatar\/a47a1c72651dc25e0dbb01297c5f1384bc6800dd38d27c6e571be8465e3efe02?s=96&d=mm&r=g\",\"contentUrl\":\"https:\/\/secure.gravatar.com\/avatar\/a47a1c72651dc25e0dbb01297c5f1384bc6800dd38d27c6e571be8465e3efe02?s=96&d=mm&r=g\",\"caption\":\"Agneta Holmstr\u00f6m, pr\u00e4st\"},\"url\":\"https:\/\/blogg.svenskakyrkan.se\/tankarinforhelgen\/author\/agnetaholmstrom\/\"}]}<\/script>\n<!-- \/ Yoast SEO plugin. -->","yoast_head_json":{"title":"V\u00e5ga be - Tankar inf\u00f6r helgen","robots":{"index":"index","follow":"follow","max-snippet":"max-snippet:-1","max-image-preview":"max-image-preview:large","max-video-preview":"max-video-preview:-1"},"canonical":"https:\/\/blogg.svenskakyrkan.se\/tankarinforhelgen\/2018\/05\/02\/vaga-be\/","og_locale":"sv_SE","og_type":"article","og_title":"V\u00e5ga be - Tankar inf\u00f6r helgen","og_description":"Jesus s\u00e4ger till m\u00e4nniskorna att alltid be och inte ge upp. Jag tycker om b\u00f6n. F\u00f6r att det \u00e4r s\u00e5 enkelt, n\u00e4r ingenting annat i livet fungerar kan jag \u00e4nd\u00e5 be. Att ha m\u00f6jligheten att be ger mig hopp. Det h\u00e4r med att be och ordet b\u00f6n inte \u00e4r s\u00e5 enkelt f\u00f6r alla m\u00e4nniskor. Kanske [&hellip;]","og_url":"https:\/\/blogg.svenskakyrkan.se\/tankarinforhelgen\/2018\/05\/02\/vaga-be\/","og_site_name":"Tankar inf\u00f6r helgen","article_published_time":"2018-05-02T07:57:08+00:00","article_modified_time":"2018-05-02T07:57:19+00:00","author":"Agneta Holmstr\u00f6m, pr\u00e4st","twitter_card":"summary_large_image","twitter_misc":{"Skriven av":"Agneta Holmstr\u00f6m, pr\u00e4st","Ber\u00e4knad l\u00e4stid":"3 minuter"},"schema":{"@context":"https:\/\/schema.org","@graph":[{"@type":"Article","@id":"https:\/\/blogg.svenskakyrkan.se\/tankarinforhelgen\/2018\/05\/02\/vaga-be\/#article","isPartOf":{"@id":"https:\/\/blogg.svenskakyrkan.se\/tankarinforhelgen\/2018\/05\/02\/vaga-be\/"},"author":{"name":"Agneta Holmstr\u00f6m, pr\u00e4st","@id":"https:\/\/blogg.svenskakyrkan.se\/tankarinforhelgen\/#\/schema\/person\/6e2f249737f65007a8daf203ed669cb1"},"headline":"V\u00e5ga be","datePublished":"2018-05-02T07:57:08+00:00","dateModified":"2018-05-02T07:57:19+00:00","mainEntityOfPage":{"@id":"https:\/\/blogg.svenskakyrkan.se\/tankarinforhelgen\/2018\/05\/02\/vaga-be\/"},"wordCount":697,"commentCount":7,"keywords":["Agneta Holmstr\u00f6m","TANKARINFORHELGEN"],"articleSection":["B\u00f6ns\u00f6ndagen"],"inLanguage":"sv-SE","potentialAction":[{"@type":"CommentAction","name":"Comment","target":["https:\/\/blogg.svenskakyrkan.se\/tankarinforhelgen\/2018\/05\/02\/vaga-be\/#respond"]}]},{"@type":"WebPage","@id":"https:\/\/blogg.svenskakyrkan.se\/tankarinforhelgen\/2018\/05\/02\/vaga-be\/","url":"https:\/\/blogg.svenskakyrkan.se\/tankarinforhelgen\/2018\/05\/02\/vaga-be\/","name":"V\u00e5ga be - Tankar inf\u00f6r helgen","isPartOf":{"@id":"https:\/\/blogg.svenskakyrkan.se\/tankarinforhelgen\/#website"},"datePublished":"2018-05-02T07:57:08+00:00","dateModified":"2018-05-02T07:57:19+00:00","author":{"@id":"https:\/\/blogg.svenskakyrkan.se\/tankarinforhelgen\/#\/schema\/person\/6e2f249737f65007a8daf203ed669cb1"},"breadcrumb":{"@id":"https:\/\/blogg.svenskakyrkan.se\/tankarinforhelgen\/2018\/05\/02\/vaga-be\/#breadcrumb"},"inLanguage":"sv-SE","potentialAction":[{"@type":"ReadAction","target":["https:\/\/blogg.svenskakyrkan.se\/tankarinforhelgen\/2018\/05\/02\/vaga-be\/"]}]},{"@type":"BreadcrumbList","@id":"https:\/\/blogg.svenskakyrkan.se\/tankarinforhelgen\/2018\/05\/02\/vaga-be\/#breadcrumb","itemListElement":[{"@type":"ListItem","position":1,"name":"Hem","item":"https:\/\/blogg.svenskakyrkan.se\/tankarinforhelgen\/"},{"@type":"ListItem","position":2,"name":"V\u00e5ga be"}]},{"@type":"WebSite","@id":"https:\/\/blogg.svenskakyrkan.se\/tankarinforhelgen\/#website","url":"https:\/\/blogg.svenskakyrkan.se\/tankarinforhelgen\/","name":"Tankar inf\u00f6r helgen","description":"Pr\u00e4ster funderar utifr\u00e5n kommande s\u00f6ndags texter","potentialAction":[{"@type":"SearchAction","target":{"@type":"EntryPoint","urlTemplate":"https:\/\/blogg.svenskakyrkan.se\/tankarinforhelgen\/?s={search_term_string}"},"query-input":{"@type":"PropertyValueSpecification","valueRequired":true,"valueName":"search_term_string"}}],"inLanguage":"sv-SE"},{"@type":"Person","@id":"https:\/\/blogg.svenskakyrkan.se\/tankarinforhelgen\/#\/schema\/person\/6e2f249737f65007a8daf203ed669cb1","name":"Agneta Holmstr\u00f6m, pr\u00e4st","image":{"@type":"ImageObject","inLanguage":"sv-SE","@id":"https:\/\/blogg.svenskakyrkan.se\/tankarinforhelgen\/#\/schema\/person\/image\/","url":"https:\/\/secure.gravatar.com\/avatar\/a47a1c72651dc25e0dbb01297c5f1384bc6800dd38d27c6e571be8465e3efe02?s=96&d=mm&r=g","contentUrl":"https:\/\/secure.gravatar.com\/avatar\/a47a1c72651dc25e0dbb01297c5f1384bc6800dd38d27c6e571be8465e3efe02?s=96&d=mm&r=g","caption":"Agneta Holmstr\u00f6m, pr\u00e4st"},"url":"https:\/\/blogg.svenskakyrkan.se\/tankarinforhelgen\/author\/agnetaholmstrom\/"}]}},"author_meta":{"ID":"663","user_nicename":"agnetaholmstrom","user_registered":"2018-02-06 12:29:16","display_name":"Agneta Holmstr\u00f6m, pr\u00e4st","first_name":"Agneta","last_name":"Holmstr\u00f6m, pr\u00e4st","avatar":"https:\/\/secure.gravatar.com\/avatar\/a47a1c72651dc25e0dbb01297c5f1384bc6800dd38d27c6e571be8465e3efe02?s=96&d=mm&r=g"},"featured_image":false,"bloginfo":{"name":"Tankar inf\u00f6r helgen","url":"https:\/\/blogg.svenskakyrkan.se\/tankarinforhelgen"},"_links":{"self":[{"href":"https:\/\/blogg.svenskakyrkan.se\/tankarinforhelgen\/wp-json\/wp\/v2\/posts\/1349","targetHints":{"allow":["GET"]}}],"collection":[{"href":"https:\/\/blogg.svenskakyrkan.se\/tankarinforhelgen\/wp-json\/wp\/v2\/posts"}],"about":[{"href":"https:\/\/blogg.svenskakyrkan.se\/tankarinforhelgen\/wp-json\/wp\/v2\/types\/post"}],"author":[{"embeddable":true,"href":"https:\/\/blogg.svenskakyrkan.se\/tankarinforhelgen\/wp-json\/wp\/v2\/users\/663"}],"replies":[{"embeddable":true,"href":"https:\/\/blogg.svenskakyrkan.se\/tankarinforhelgen\/wp-json\/wp\/v2\/comments?post=1349"}],"version-history":[{"count":2,"href":"https:\/\/blogg.svenskakyrkan.se\/tankarinforhelgen\/wp-json\/wp\/v2\/posts\/1349\/revisions"}],"predecessor-version":[{"id":1363,"href":"https:\/\/blogg.svenskakyrkan.se\/tankarinforhelgen\/wp-json\/wp\/v2\/posts\/1349\/revisions\/1363"}],"wp:attachment":[{"href":"https:\/\/blogg.svenskakyrkan.se\/tankarinforhelgen\/wp-json\/wp\/v2\/media?parent=1349"}],"wp:term":[{"taxonomy":"category","embeddable":true,"href":"https:\/\/blogg.svenskakyrkan.se\/tankarinforhelgen\/wp-json\/wp\/v2\/categories?post=1349"},{"taxonomy":"post_tag","embeddable":true,"href":"https:\/\/blogg.svenskakyrkan.se\/tankarinforhelgen\/wp-json\/wp\/v2\/tags?post=1349"}],"curies":[{"name":"wp","href":"https:\/\/api.w.org\/{rel}","templated":true}]}}