{"id":1375,"date":"2018-05-23T11:17:38","date_gmt":"2018-05-23T09:17:38","guid":{"rendered":"http:\/\/blogg.svenskakyrkan.se\/tankarinforhelgen\/?p=1375"},"modified":"2018-05-23T15:25:57","modified_gmt":"2018-05-23T13:25:57","slug":"aldrig-ensam","status":"publish","type":"post","link":"https:\/\/blogg.svenskakyrkan.se\/tankarinforhelgen\/2018\/05\/23\/aldrig-ensam\/","title":{"rendered":"Aldrig ensam"},"content":{"rendered":"<p><a href=\"http:\/\/blogg.svenskakyrkan.se\/tankarinforhelgen\/files\/2018\/05\/bff.png\"><img loading=\"lazy\" decoding=\"async\" width=\"941\" height=\"721\" class=\"alignnone size-full wp-image-1378\" src=\"http:\/\/blogg.svenskakyrkan.se\/tankarinforhelgen\/files\/2018\/05\/bff.png\" alt=\"\" srcset=\"https:\/\/blogg.svenskakyrkan.se\/tankarinforhelgen\/files\/2018\/05\/bff.png 941w, https:\/\/blogg.svenskakyrkan.se\/tankarinforhelgen\/files\/2018\/05\/bff-300x230.png 300w, https:\/\/blogg.svenskakyrkan.se\/tankarinforhelgen\/files\/2018\/05\/bff-768x588.png 768w\" sizes=\"auto, (max-width: 941px) 100vw, 941px\" \/><\/a><\/p>\n<p>I en av texterna f\u00f6r helgen pratas det om d\u00f6dens v\u00e5nda. Det handlar om Jesus v\u00e5nda inf\u00f6r sin d\u00f6d, som Gud l\u00f6ste honom fr\u00e5n. Jesus liv handlar ocks\u00e5 om v\u00e5ra liv. Det kan handla om v\u00e5ndan inf\u00f6r d\u00f6den. Men ocks\u00e5 f\u00f6r en del m\u00e4nniskor v\u00e5ndan inf\u00f6r livet. Den d\u00f6dsv\u00e5nda som kan komma n\u00e4r livet blir s\u00e5 sv\u00e5rt att orka med, att inte leva ses som den minst d\u00e5liga utv\u00e4gen. N\u00e4r det enda alternativet man kan se \u00e4r att avsluta sitt liv. Fast det egentligen inte \u00e4r s\u00e5.<\/p>\n<p>Min ena konfirmandgrupp valde p\u00e5 sin konfirmation f\u00f6rra helgen att hedra Avicii, Tim Bergling, som dog f\u00f6r ett tag sedan i sj\u00e4lvmord. De valde att hedra honom genom att spela hans l\u00e5t \u201dWake me up\u201d. De valde ocks\u00e5 att deras kollekt skulle g\u00e5 till organisationen \u201dAldrig ensam\u201d som arbetar f\u00f6r att hj\u00e4lpa m\u00e4nniskor med psykisk oh\u00e4lsa och f\u00f6rhindra sj\u00e4lvmord.<\/p>\n<p>I namnet \u201dAldrig ensam\u201d har grundaren Charlie Eriksson, lyckats s\u00e4tta ord p\u00e5 n\u00e5gonting viktigt. Att inte orka leva kan ha massvis med olika orsaker men n\u00e5got som ofta \u00e5terkommer \u00e4r k\u00e4nslan av ensamhet. Vi beh\u00f6ver k\u00e4nna att vi inte \u00e4r ensamma, k\u00e4nna att vi \u00e4r \u00e4lskade f\u00f6r de vi \u00e4r och att andra vill v\u00e5rt liv.<\/p>\n<p>Gemenskap \u00e4r motsatsen till ensamhet. De flesta m\u00e4nniskor \u00e4r med i en eller flera gemenskaper, i alla fall ut\u00e5t sett &#8211; och ibland \u00e4r det alldeles tillr\u00e4ckligt. Men i en gemenskap kan man ocks\u00e5 k\u00e4nna sig v\u00e4ldigt ensam. Ensam bland andra m\u00e4nniskor. Kanske \u00e4r det den v\u00e4rsta sortens ensamhet? Jag t\u00e4nker att vi beh\u00f6ver den djupa gemenskapen, den gemenskap d\u00e4r vi kan m\u00f6tas p\u00e5 djupet, d\u00e4r sj\u00e4lar m\u00f6ter sj\u00e4lar, d\u00e4r vi kan vara s\u00e5rbara inf\u00f6r varandra. Det tror jag f\u00e5r oss att k\u00e4nna att vi h\u00f6r till, att vi beh\u00f6vs, att vi \u00e4r viktiga.<\/p>\n<p>Denna s\u00f6ndag handlar temat om treenigheten. Ett sv\u00e5rt ord att f\u00f6rst\u00e5. Men en av inneb\u00f6rderna i ordet \u00e4r gemenskap. Gud \u00e4r en men \u00e4nd\u00e5 tre. Inte ens Gud \u00e4r ensam. Och Gud vill med det visa att vi beh\u00f6ver varandra.<\/p>\n<p>Vi brukar s\u00e4ga: I Faderns, Sonens och den helige Andes namn. Ibland v\u00e4ljer vi andra ord: i Skaparens, Befriarens och Livgivarens namn. Jag t\u00e4nker p\u00e5 det sista ordet: Livgivaren. N\u00e4r jag t\u00e4nker p\u00e5 det nu s\u00e5 inser jag att det inte r\u00e4cker att jag blir skapad, jag beh\u00f6ver ocks\u00e5 bli liv-given. Att f\u00e5 k\u00e4nna livet i mig. Lust att leva.<br \/>\nJag tror att vi alla kan, genom att Gud arbetar genom oss, vara med och ge varandra liv. I en av de andra texterna f\u00f6r helgen st\u00e5r det om k\u00e4rleken till Gud och som ocks\u00e5 \u00e4r Guds k\u00e4rlek till oss och som vi uppmanas att inpr\u00e4nta i v\u00e5ra barn och skriva p\u00e5 v\u00e5ra d\u00f6rrposter. K\u00e4rlek kan vara som en hand som h\u00e5ller den m\u00e4nniska som inte orkar finnas i handen.<\/p>\n<p>Jag tror det \u00e4r s\u00e5 f\u00f6r m\u00e5nga som inte orkar leva att man egentligen inte vill d\u00f6 utan att det \u00e4r som i Aviciis s\u00e5ng \u201dso wake me up when it\u00b4s all over\u201d. V\u00e4ck mig n\u00e4r sm\u00e4rtan\/det sv\u00e5ra \u00e4r borta. D\u00e4r beh\u00f6ver vi vara medm\u00e4nniskor som fr\u00e5gar, som h\u00e5ller om, som h\u00e5ller n\u00e5gon i handen tills sm\u00e4rtan eller det sv\u00e5ra \u00e4r \u00f6ver. Och ocks\u00e5 sj\u00e4lva be om hj\u00e4lp och ber\u00e4tta n\u00e4r vi k\u00e4nner att livet blir f\u00f6r sv\u00e5rt att leva.<\/p>\n<p>\/Agneta Holmstr\u00f6m, pr\u00e4st<\/p>\n","protected":false},"excerpt":{"rendered":"<p>I en av texterna f\u00f6r helgen pratas det om d\u00f6dens v\u00e5nda. Det handlar om Jesus v\u00e5nda inf\u00f6r sin d\u00f6d, som Gud l\u00f6ste honom fr\u00e5n. Jesus liv handlar ocks\u00e5 om v\u00e5ra liv. Det kan handla om v\u00e5ndan inf\u00f6r d\u00f6den. Men ocks\u00e5 f\u00f6r en del m\u00e4nniskor v\u00e5ndan inf\u00f6r livet. Den d\u00f6dsv\u00e5nda som kan komma n\u00e4r livet blir [&hellip;]<\/p>\n","protected":false},"author":663,"featured_media":0,"comment_status":"open","ping_status":"open","sticky":false,"template":"","format":"standard","meta":{"_acf_changed":false,"footnotes":""},"categories":[135118],"tags":[142460,142457],"class_list":["post-1375","post","type-post","status-publish","format-standard","hentry","category-heliga-trefaldighets-dag","tag-agneta-holmstrom","tag-tankarinforhelgen"],"acf":[],"yoast_head":"<!-- This site is optimized with the Yoast SEO plugin v27.1.1 - https:\/\/yoast.com\/product\/yoast-seo-wordpress\/ -->\n<title>Aldrig ensam - Tankar inf\u00f6r helgen<\/title>\n<meta name=\"robots\" content=\"index, follow, max-snippet:-1, max-image-preview:large, max-video-preview:-1\" \/>\n<link rel=\"canonical\" href=\"https:\/\/blogg.svenskakyrkan.se\/tankarinforhelgen\/2018\/05\/23\/aldrig-ensam\/\" \/>\n<meta property=\"og:locale\" content=\"sv_SE\" \/>\n<meta property=\"og:type\" content=\"article\" \/>\n<meta property=\"og:title\" content=\"Aldrig ensam - Tankar inf\u00f6r helgen\" \/>\n<meta property=\"og:description\" content=\"I en av texterna f\u00f6r helgen pratas det om d\u00f6dens v\u00e5nda. Det handlar om Jesus v\u00e5nda inf\u00f6r sin d\u00f6d, som Gud l\u00f6ste honom fr\u00e5n. Jesus liv handlar ocks\u00e5 om v\u00e5ra liv. Det kan handla om v\u00e5ndan inf\u00f6r d\u00f6den. Men ocks\u00e5 f\u00f6r en del m\u00e4nniskor v\u00e5ndan inf\u00f6r livet. Den d\u00f6dsv\u00e5nda som kan komma n\u00e4r livet blir [&hellip;]\" \/>\n<meta property=\"og:url\" content=\"https:\/\/blogg.svenskakyrkan.se\/tankarinforhelgen\/2018\/05\/23\/aldrig-ensam\/\" \/>\n<meta property=\"og:site_name\" content=\"Tankar inf\u00f6r helgen\" \/>\n<meta property=\"article:published_time\" content=\"2018-05-23T09:17:38+00:00\" \/>\n<meta property=\"article:modified_time\" content=\"2018-05-23T13:25:57+00:00\" \/>\n<meta property=\"og:image\" content=\"http:\/\/blogg.svenskakyrkan.se\/tankarinforhelgen\/files\/2018\/05\/bff.png\" \/>\n<meta name=\"author\" content=\"Agneta Holmstr\u00f6m, pr\u00e4st\" \/>\n<meta name=\"twitter:card\" content=\"summary_large_image\" \/>\n<meta name=\"twitter:label1\" content=\"Skriven av\" \/>\n\t<meta name=\"twitter:data1\" content=\"Agneta Holmstr\u00f6m, pr\u00e4st\" \/>\n\t<meta name=\"twitter:label2\" content=\"Ber\u00e4knad l\u00e4stid\" \/>\n\t<meta name=\"twitter:data2\" content=\"3 minuter\" \/>\n<script type=\"application\/ld+json\" class=\"yoast-schema-graph\">{\"@context\":\"https:\/\/schema.org\",\"@graph\":[{\"@type\":\"Article\",\"@id\":\"https:\/\/blogg.svenskakyrkan.se\/tankarinforhelgen\/2018\/05\/23\/aldrig-ensam\/#article\",\"isPartOf\":{\"@id\":\"https:\/\/blogg.svenskakyrkan.se\/tankarinforhelgen\/2018\/05\/23\/aldrig-ensam\/\"},\"author\":{\"name\":\"Agneta Holmstr\u00f6m, pr\u00e4st\",\"@id\":\"https:\/\/blogg.svenskakyrkan.se\/tankarinforhelgen\/#\/schema\/person\/6e2f249737f65007a8daf203ed669cb1\"},\"headline\":\"Aldrig ensam\",\"datePublished\":\"2018-05-23T09:17:38+00:00\",\"dateModified\":\"2018-05-23T13:25:57+00:00\",\"mainEntityOfPage\":{\"@id\":\"https:\/\/blogg.svenskakyrkan.se\/tankarinforhelgen\/2018\/05\/23\/aldrig-ensam\/\"},\"wordCount\":666,\"commentCount\":3,\"image\":{\"@id\":\"https:\/\/blogg.svenskakyrkan.se\/tankarinforhelgen\/2018\/05\/23\/aldrig-ensam\/#primaryimage\"},\"thumbnailUrl\":\"http:\/\/blogg.svenskakyrkan.se\/tankarinforhelgen\/files\/2018\/05\/bff.png\",\"keywords\":[\"Agneta Holmstr\u00f6m\",\"TANKARINFORHELGEN\"],\"articleSection\":[\"Heliga trefaldighets dag\"],\"inLanguage\":\"sv-SE\",\"potentialAction\":[{\"@type\":\"CommentAction\",\"name\":\"Comment\",\"target\":[\"https:\/\/blogg.svenskakyrkan.se\/tankarinforhelgen\/2018\/05\/23\/aldrig-ensam\/#respond\"]}]},{\"@type\":\"WebPage\",\"@id\":\"https:\/\/blogg.svenskakyrkan.se\/tankarinforhelgen\/2018\/05\/23\/aldrig-ensam\/\",\"url\":\"https:\/\/blogg.svenskakyrkan.se\/tankarinforhelgen\/2018\/05\/23\/aldrig-ensam\/\",\"name\":\"Aldrig ensam - Tankar inf\u00f6r helgen\",\"isPartOf\":{\"@id\":\"https:\/\/blogg.svenskakyrkan.se\/tankarinforhelgen\/#website\"},\"primaryImageOfPage\":{\"@id\":\"https:\/\/blogg.svenskakyrkan.se\/tankarinforhelgen\/2018\/05\/23\/aldrig-ensam\/#primaryimage\"},\"image\":{\"@id\":\"https:\/\/blogg.svenskakyrkan.se\/tankarinforhelgen\/2018\/05\/23\/aldrig-ensam\/#primaryimage\"},\"thumbnailUrl\":\"http:\/\/blogg.svenskakyrkan.se\/tankarinforhelgen\/files\/2018\/05\/bff.png\",\"datePublished\":\"2018-05-23T09:17:38+00:00\",\"dateModified\":\"2018-05-23T13:25:57+00:00\",\"author\":{\"@id\":\"https:\/\/blogg.svenskakyrkan.se\/tankarinforhelgen\/#\/schema\/person\/6e2f249737f65007a8daf203ed669cb1\"},\"breadcrumb\":{\"@id\":\"https:\/\/blogg.svenskakyrkan.se\/tankarinforhelgen\/2018\/05\/23\/aldrig-ensam\/#breadcrumb\"},\"inLanguage\":\"sv-SE\",\"potentialAction\":[{\"@type\":\"ReadAction\",\"target\":[\"https:\/\/blogg.svenskakyrkan.se\/tankarinforhelgen\/2018\/05\/23\/aldrig-ensam\/\"]}]},{\"@type\":\"ImageObject\",\"inLanguage\":\"sv-SE\",\"@id\":\"https:\/\/blogg.svenskakyrkan.se\/tankarinforhelgen\/2018\/05\/23\/aldrig-ensam\/#primaryimage\",\"url\":\"http:\/\/blogg.svenskakyrkan.se\/tankarinforhelgen\/files\/2018\/05\/bff.png\",\"contentUrl\":\"http:\/\/blogg.svenskakyrkan.se\/tankarinforhelgen\/files\/2018\/05\/bff.png\"},{\"@type\":\"BreadcrumbList\",\"@id\":\"https:\/\/blogg.svenskakyrkan.se\/tankarinforhelgen\/2018\/05\/23\/aldrig-ensam\/#breadcrumb\",\"itemListElement\":[{\"@type\":\"ListItem\",\"position\":1,\"name\":\"Hem\",\"item\":\"https:\/\/blogg.svenskakyrkan.se\/tankarinforhelgen\/\"},{\"@type\":\"ListItem\",\"position\":2,\"name\":\"Aldrig ensam\"}]},{\"@type\":\"WebSite\",\"@id\":\"https:\/\/blogg.svenskakyrkan.se\/tankarinforhelgen\/#website\",\"url\":\"https:\/\/blogg.svenskakyrkan.se\/tankarinforhelgen\/\",\"name\":\"Tankar inf\u00f6r helgen\",\"description\":\"Pr\u00e4ster funderar utifr\u00e5n kommande s\u00f6ndags texter\",\"potentialAction\":[{\"@type\":\"SearchAction\",\"target\":{\"@type\":\"EntryPoint\",\"urlTemplate\":\"https:\/\/blogg.svenskakyrkan.se\/tankarinforhelgen\/?s={search_term_string}\"},\"query-input\":{\"@type\":\"PropertyValueSpecification\",\"valueRequired\":true,\"valueName\":\"search_term_string\"}}],\"inLanguage\":\"sv-SE\"},{\"@type\":\"Person\",\"@id\":\"https:\/\/blogg.svenskakyrkan.se\/tankarinforhelgen\/#\/schema\/person\/6e2f249737f65007a8daf203ed669cb1\",\"name\":\"Agneta Holmstr\u00f6m, pr\u00e4st\",\"image\":{\"@type\":\"ImageObject\",\"inLanguage\":\"sv-SE\",\"@id\":\"https:\/\/blogg.svenskakyrkan.se\/tankarinforhelgen\/#\/schema\/person\/image\/\",\"url\":\"https:\/\/secure.gravatar.com\/avatar\/a47a1c72651dc25e0dbb01297c5f1384bc6800dd38d27c6e571be8465e3efe02?s=96&d=mm&r=g\",\"contentUrl\":\"https:\/\/secure.gravatar.com\/avatar\/a47a1c72651dc25e0dbb01297c5f1384bc6800dd38d27c6e571be8465e3efe02?s=96&d=mm&r=g\",\"caption\":\"Agneta Holmstr\u00f6m, pr\u00e4st\"},\"url\":\"https:\/\/blogg.svenskakyrkan.se\/tankarinforhelgen\/author\/agnetaholmstrom\/\"}]}<\/script>\n<!-- \/ Yoast SEO plugin. -->","yoast_head_json":{"title":"Aldrig ensam - Tankar inf\u00f6r helgen","robots":{"index":"index","follow":"follow","max-snippet":"max-snippet:-1","max-image-preview":"max-image-preview:large","max-video-preview":"max-video-preview:-1"},"canonical":"https:\/\/blogg.svenskakyrkan.se\/tankarinforhelgen\/2018\/05\/23\/aldrig-ensam\/","og_locale":"sv_SE","og_type":"article","og_title":"Aldrig ensam - Tankar inf\u00f6r helgen","og_description":"I en av texterna f\u00f6r helgen pratas det om d\u00f6dens v\u00e5nda. Det handlar om Jesus v\u00e5nda inf\u00f6r sin d\u00f6d, som Gud l\u00f6ste honom fr\u00e5n. Jesus liv handlar ocks\u00e5 om v\u00e5ra liv. Det kan handla om v\u00e5ndan inf\u00f6r d\u00f6den. Men ocks\u00e5 f\u00f6r en del m\u00e4nniskor v\u00e5ndan inf\u00f6r livet. Den d\u00f6dsv\u00e5nda som kan komma n\u00e4r livet blir [&hellip;]","og_url":"https:\/\/blogg.svenskakyrkan.se\/tankarinforhelgen\/2018\/05\/23\/aldrig-ensam\/","og_site_name":"Tankar inf\u00f6r helgen","article_published_time":"2018-05-23T09:17:38+00:00","article_modified_time":"2018-05-23T13:25:57+00:00","og_image":[{"url":"http:\/\/blogg.svenskakyrkan.se\/tankarinforhelgen\/files\/2018\/05\/bff.png","type":"","width":"","height":""}],"author":"Agneta Holmstr\u00f6m, pr\u00e4st","twitter_card":"summary_large_image","twitter_misc":{"Skriven av":"Agneta Holmstr\u00f6m, pr\u00e4st","Ber\u00e4knad l\u00e4stid":"3 minuter"},"schema":{"@context":"https:\/\/schema.org","@graph":[{"@type":"Article","@id":"https:\/\/blogg.svenskakyrkan.se\/tankarinforhelgen\/2018\/05\/23\/aldrig-ensam\/#article","isPartOf":{"@id":"https:\/\/blogg.svenskakyrkan.se\/tankarinforhelgen\/2018\/05\/23\/aldrig-ensam\/"},"author":{"name":"Agneta Holmstr\u00f6m, pr\u00e4st","@id":"https:\/\/blogg.svenskakyrkan.se\/tankarinforhelgen\/#\/schema\/person\/6e2f249737f65007a8daf203ed669cb1"},"headline":"Aldrig ensam","datePublished":"2018-05-23T09:17:38+00:00","dateModified":"2018-05-23T13:25:57+00:00","mainEntityOfPage":{"@id":"https:\/\/blogg.svenskakyrkan.se\/tankarinforhelgen\/2018\/05\/23\/aldrig-ensam\/"},"wordCount":666,"commentCount":3,"image":{"@id":"https:\/\/blogg.svenskakyrkan.se\/tankarinforhelgen\/2018\/05\/23\/aldrig-ensam\/#primaryimage"},"thumbnailUrl":"http:\/\/blogg.svenskakyrkan.se\/tankarinforhelgen\/files\/2018\/05\/bff.png","keywords":["Agneta Holmstr\u00f6m","TANKARINFORHELGEN"],"articleSection":["Heliga trefaldighets dag"],"inLanguage":"sv-SE","potentialAction":[{"@type":"CommentAction","name":"Comment","target":["https:\/\/blogg.svenskakyrkan.se\/tankarinforhelgen\/2018\/05\/23\/aldrig-ensam\/#respond"]}]},{"@type":"WebPage","@id":"https:\/\/blogg.svenskakyrkan.se\/tankarinforhelgen\/2018\/05\/23\/aldrig-ensam\/","url":"https:\/\/blogg.svenskakyrkan.se\/tankarinforhelgen\/2018\/05\/23\/aldrig-ensam\/","name":"Aldrig ensam - Tankar inf\u00f6r helgen","isPartOf":{"@id":"https:\/\/blogg.svenskakyrkan.se\/tankarinforhelgen\/#website"},"primaryImageOfPage":{"@id":"https:\/\/blogg.svenskakyrkan.se\/tankarinforhelgen\/2018\/05\/23\/aldrig-ensam\/#primaryimage"},"image":{"@id":"https:\/\/blogg.svenskakyrkan.se\/tankarinforhelgen\/2018\/05\/23\/aldrig-ensam\/#primaryimage"},"thumbnailUrl":"http:\/\/blogg.svenskakyrkan.se\/tankarinforhelgen\/files\/2018\/05\/bff.png","datePublished":"2018-05-23T09:17:38+00:00","dateModified":"2018-05-23T13:25:57+00:00","author":{"@id":"https:\/\/blogg.svenskakyrkan.se\/tankarinforhelgen\/#\/schema\/person\/6e2f249737f65007a8daf203ed669cb1"},"breadcrumb":{"@id":"https:\/\/blogg.svenskakyrkan.se\/tankarinforhelgen\/2018\/05\/23\/aldrig-ensam\/#breadcrumb"},"inLanguage":"sv-SE","potentialAction":[{"@type":"ReadAction","target":["https:\/\/blogg.svenskakyrkan.se\/tankarinforhelgen\/2018\/05\/23\/aldrig-ensam\/"]}]},{"@type":"ImageObject","inLanguage":"sv-SE","@id":"https:\/\/blogg.svenskakyrkan.se\/tankarinforhelgen\/2018\/05\/23\/aldrig-ensam\/#primaryimage","url":"http:\/\/blogg.svenskakyrkan.se\/tankarinforhelgen\/files\/2018\/05\/bff.png","contentUrl":"http:\/\/blogg.svenskakyrkan.se\/tankarinforhelgen\/files\/2018\/05\/bff.png"},{"@type":"BreadcrumbList","@id":"https:\/\/blogg.svenskakyrkan.se\/tankarinforhelgen\/2018\/05\/23\/aldrig-ensam\/#breadcrumb","itemListElement":[{"@type":"ListItem","position":1,"name":"Hem","item":"https:\/\/blogg.svenskakyrkan.se\/tankarinforhelgen\/"},{"@type":"ListItem","position":2,"name":"Aldrig ensam"}]},{"@type":"WebSite","@id":"https:\/\/blogg.svenskakyrkan.se\/tankarinforhelgen\/#website","url":"https:\/\/blogg.svenskakyrkan.se\/tankarinforhelgen\/","name":"Tankar inf\u00f6r helgen","description":"Pr\u00e4ster funderar utifr\u00e5n kommande s\u00f6ndags texter","potentialAction":[{"@type":"SearchAction","target":{"@type":"EntryPoint","urlTemplate":"https:\/\/blogg.svenskakyrkan.se\/tankarinforhelgen\/?s={search_term_string}"},"query-input":{"@type":"PropertyValueSpecification","valueRequired":true,"valueName":"search_term_string"}}],"inLanguage":"sv-SE"},{"@type":"Person","@id":"https:\/\/blogg.svenskakyrkan.se\/tankarinforhelgen\/#\/schema\/person\/6e2f249737f65007a8daf203ed669cb1","name":"Agneta Holmstr\u00f6m, pr\u00e4st","image":{"@type":"ImageObject","inLanguage":"sv-SE","@id":"https:\/\/blogg.svenskakyrkan.se\/tankarinforhelgen\/#\/schema\/person\/image\/","url":"https:\/\/secure.gravatar.com\/avatar\/a47a1c72651dc25e0dbb01297c5f1384bc6800dd38d27c6e571be8465e3efe02?s=96&d=mm&r=g","contentUrl":"https:\/\/secure.gravatar.com\/avatar\/a47a1c72651dc25e0dbb01297c5f1384bc6800dd38d27c6e571be8465e3efe02?s=96&d=mm&r=g","caption":"Agneta Holmstr\u00f6m, pr\u00e4st"},"url":"https:\/\/blogg.svenskakyrkan.se\/tankarinforhelgen\/author\/agnetaholmstrom\/"}]}},"author_meta":{"ID":"663","user_nicename":"agnetaholmstrom","user_registered":"2018-02-06 12:29:16","display_name":"Agneta Holmstr\u00f6m, pr\u00e4st","first_name":"Agneta","last_name":"Holmstr\u00f6m, pr\u00e4st","avatar":"https:\/\/secure.gravatar.com\/avatar\/a47a1c72651dc25e0dbb01297c5f1384bc6800dd38d27c6e571be8465e3efe02?s=96&d=mm&r=g"},"featured_image":false,"bloginfo":{"name":"Tankar inf\u00f6r helgen","url":"https:\/\/blogg.svenskakyrkan.se\/tankarinforhelgen"},"_links":{"self":[{"href":"https:\/\/blogg.svenskakyrkan.se\/tankarinforhelgen\/wp-json\/wp\/v2\/posts\/1375","targetHints":{"allow":["GET"]}}],"collection":[{"href":"https:\/\/blogg.svenskakyrkan.se\/tankarinforhelgen\/wp-json\/wp\/v2\/posts"}],"about":[{"href":"https:\/\/blogg.svenskakyrkan.se\/tankarinforhelgen\/wp-json\/wp\/v2\/types\/post"}],"author":[{"embeddable":true,"href":"https:\/\/blogg.svenskakyrkan.se\/tankarinforhelgen\/wp-json\/wp\/v2\/users\/663"}],"replies":[{"embeddable":true,"href":"https:\/\/blogg.svenskakyrkan.se\/tankarinforhelgen\/wp-json\/wp\/v2\/comments?post=1375"}],"version-history":[{"count":2,"href":"https:\/\/blogg.svenskakyrkan.se\/tankarinforhelgen\/wp-json\/wp\/v2\/posts\/1375\/revisions"}],"predecessor-version":[{"id":1379,"href":"https:\/\/blogg.svenskakyrkan.se\/tankarinforhelgen\/wp-json\/wp\/v2\/posts\/1375\/revisions\/1379"}],"wp:attachment":[{"href":"https:\/\/blogg.svenskakyrkan.se\/tankarinforhelgen\/wp-json\/wp\/v2\/media?parent=1375"}],"wp:term":[{"taxonomy":"category","embeddable":true,"href":"https:\/\/blogg.svenskakyrkan.se\/tankarinforhelgen\/wp-json\/wp\/v2\/categories?post=1375"},{"taxonomy":"post_tag","embeddable":true,"href":"https:\/\/blogg.svenskakyrkan.se\/tankarinforhelgen\/wp-json\/wp\/v2\/tags?post=1375"}],"curies":[{"name":"wp","href":"https:\/\/api.w.org\/{rel}","templated":true}]}}