{"id":1388,"date":"2018-06-07T22:38:44","date_gmt":"2018-06-07T20:38:44","guid":{"rendered":"http:\/\/blogg.svenskakyrkan.se\/tankarinforhelgen\/?p=1388"},"modified":"2018-06-07T23:18:14","modified_gmt":"2018-06-07T21:18:14","slug":"inga-brorsor","status":"publish","type":"post","link":"https:\/\/blogg.svenskakyrkan.se\/tankarinforhelgen\/2018\/06\/07\/inga-brorsor\/","title":{"rendered":"INGA BRORSOR"},"content":{"rendered":"<p>Det ska bli \u201d\u00c5rets b\u00e4sta dockfest\u201d. Hon har satt dem runt sitt lilla bord och dukat med maskrosor i en vas. Hon har nogsamt brutit s\u00f6nder en bit Falu r\u00e5grut i rutor s\u00e5 att alla dockorna ska f\u00e5 varsin lagom stor bit till kaffekalaset. <\/p>\n<p>Hon har satt upp en skylt p\u00e5 d\u00f6rren d\u00e4r det med obegripliga sm\u00e5barnsbokst\u00e4ver st\u00e5r \u201dINGA BRORSOR\u201d. F\u00f6r detta \u00e4r en viktig fest. Ingen f\u00e5r dra pruttsk\u00e4mt eller skratta s\u00e5 mycket att man ramlar av stolen. D\u00e4rf\u00f6r f\u00e5r inga brorsor komma. Bara dockor.<\/p>\n<p>Och sedan sitter hon d\u00e4r. Omgiven av dockor. Stora dockan, Lilla dockan, Gamla dockan och Dockbebisarna. Hennes superhj\u00e4ltar: i en prydlig rad av muskler och mod sitter de i en Hello Kitty-soffa &#8211; Batman, Spiderman, Groot, Captain America. N\u00e5gra teddybj\u00f6rnar, och flera Barbiesar, alla nykammade. <\/p>\n<p>Hon \u00e4r vacker sj\u00e4lv ocks\u00e5. Alla p\u00e4rlhalsband och alla h\u00e5rsnoddar. Fin l\u00e5ngkl\u00e4nning. <\/p>\n<p>Hon har h\u00e4llt upp vatten i alla sm\u00e5 kaffemuggar och nogsamt f\u00f6rdelat ut r\u00e5grutsrutorna. Nu h\u00f6r jag hur hon artigt konverserar dem. \u201dFungerar din bil bra, Barbie?\u201d  \u201dBatman, vill du ha en kaka till?\u201d<\/p>\n<p>Jag lyssnar utanf\u00f6r d\u00f6rren, imponerad av hur m\u00e5nga konversations\u00f6ppningar hon har. Man f\u00e5r sk\u00f6ta mycket av snacket sj\u00e4lv n\u00e4r man har dockor p\u00e5 kalas. De \u00e4r av den tystl\u00e5tna starka typen.<\/p>\n<p>Hon tittar sig omkring envist. De SKA ha roligt och umg\u00e5s. Hon f\u00f6resl\u00e5r s\u00e5ngstund. \u201dDu kan spela p\u00e5 gitarren, Spiderman\u201d f\u00f6resl\u00e5r hon. Men han vill inte. Han tjurar i tystnad. <\/p>\n<p>Till sist kommer hon ut till mig. Vill jag komma p\u00e5 kalas? Jag f\u00f6ljer med in och konverserar lika artigt som hon &#8211; men hur vi \u00e4n g\u00f6r \u00e4r det bara vi som pratar. <\/p>\n<p>\u201dDe \u00e4r tr\u00f6tta,\u201d best\u00e4mmer hon. \u201dDe ska sova nu.\u201d Noggrant b\u00e4ddar vi ner dem och sjunger aftonb\u00f6n f\u00f6r dem. <\/p>\n<p>Men vad g\u00f6r man d\u00e5 d\u00e5? N\u00e4r man \u00e4r fin och uppkl\u00e4dd och alla g\u00e4sterna har somnat? Det finns faktiskt bara en sak att g\u00f6ra. <\/p>\n<p>Hon f\u00e5r revidera sin skylt och sitt pruttsk\u00e4mtsf\u00f6rbud. Nogsamt skriver vi tillsammans BRORSOR F\u00c5R KOMMA NU. <\/p>\n<p>Brorsorna kommer. De visar inte den r\u00e4tta aktningen n\u00e4r de \u00e4ter r\u00e5grutsrutor. De undrar om det finns godis eller glass och de l\u00e5tsas att vattnet \u00e4r f\u00f6rgiftat av ondskefulla aliens. De konverserar inte artigt. De f\u00f6rs\u00f6ker v\u00e4cka Groot, som faktiskt beh\u00f6ver sin sk\u00f6nhetss\u00f6mn. Men de \u00e4r roliga. De g\u00f6r roliga r\u00f6ster och ber\u00e4ttar historier om den underbara skolv\u00e4rlden som hon, i sin ungdomlighet, bara kan dr\u00f6mma om \u00e4n s\u00e5 l\u00e4nge. De g\u00f6r pruttsk\u00e4mt och ibland skrattar de s\u00e5 mycket att de trillar av stolarna.<\/p>\n<p>De \u00e4r g\u00e4ster som man kan lita p\u00e5. G\u00e4ster som dyker upp. G\u00e4ster som pratar. G\u00e4ster som var glada \u00f6ver inbjudan. <\/p>\n<p>Festen blir en predikan f\u00f6r mig. En l\u00e4rdom att vi inte ska sitta i kyrkor som bara \u00e4r fyllda till en tiondel och sucka \u00f6ver att \u201dingen vill komma\u201d. Ist\u00e4llet ska vi gl\u00e4djas \u00e5t dem vi har. Alla brorsor som kommer, var och en med sina egenheter, och g\u00f6r f\u00f6rsamlingen levande.<\/p>\n<p>Den h\u00e4r festen blir en b\u00f6n f\u00f6r mig: Hj\u00e4lp oss att vara \u00f6ppna f\u00f6r varandra, v\u00e4lkomna alla som vill vara med, gl\u00e4djas \u00e5t varje person som kommer till kyrkan och skrattar s\u00e5 mycket att de ramlar av stolen. Och hj\u00e4lp oss att undvika pruttsk\u00e4mtsf\u00f6rbud. Amen.<\/p>\n","protected":false},"excerpt":{"rendered":"<p>Det ska bli \u201d\u00c5rets b\u00e4sta dockfest\u201d. Hon har satt dem runt sitt lilla bord och dukat med maskrosor i en vas. Hon har nogsamt brutit s\u00f6nder en bit Falu r\u00e5grut i rutor s\u00e5 att alla dockorna ska f\u00e5 varsin lagom stor bit till kaffekalaset. Hon har satt upp en skylt p\u00e5 d\u00f6rren d\u00e4r det med [&hellip;]<\/p>\n","protected":false},"author":569,"featured_media":1391,"comment_status":"open","ping_status":"open","sticky":false,"template":"","format":"standard","meta":{"_acf_changed":false,"footnotes":""},"categories":[134620],"tags":[142062,142457],"class_list":["post-1388","post","type-post","status-publish","format-standard","has-post-thumbnail","hentry","category-2a-sondagen-efter-trefaldighet","tag-charlotte-frycklund","tag-tankarinforhelgen"],"acf":[],"yoast_head":"<!-- This site is optimized with the Yoast SEO plugin v27.1.1 - https:\/\/yoast.com\/product\/yoast-seo-wordpress\/ -->\n<title>INGA BRORSOR - Tankar inf\u00f6r helgen<\/title>\n<meta name=\"robots\" content=\"index, follow, max-snippet:-1, max-image-preview:large, max-video-preview:-1\" \/>\n<link rel=\"canonical\" href=\"https:\/\/blogg.svenskakyrkan.se\/tankarinforhelgen\/2018\/06\/07\/inga-brorsor\/\" \/>\n<meta property=\"og:locale\" content=\"sv_SE\" \/>\n<meta property=\"og:type\" content=\"article\" \/>\n<meta property=\"og:title\" content=\"INGA BRORSOR - Tankar inf\u00f6r helgen\" \/>\n<meta property=\"og:description\" content=\"Det ska bli \u201d\u00c5rets b\u00e4sta dockfest\u201d. Hon har satt dem runt sitt lilla bord och dukat med maskrosor i en vas. Hon har nogsamt brutit s\u00f6nder en bit Falu r\u00e5grut i rutor s\u00e5 att alla dockorna ska f\u00e5 varsin lagom stor bit till kaffekalaset. Hon har satt upp en skylt p\u00e5 d\u00f6rren d\u00e4r det med [&hellip;]\" \/>\n<meta property=\"og:url\" content=\"https:\/\/blogg.svenskakyrkan.se\/tankarinforhelgen\/2018\/06\/07\/inga-brorsor\/\" \/>\n<meta property=\"og:site_name\" content=\"Tankar inf\u00f6r helgen\" \/>\n<meta property=\"article:published_time\" content=\"2018-06-07T20:38:44+00:00\" \/>\n<meta property=\"article:modified_time\" content=\"2018-06-07T21:18:14+00:00\" \/>\n<meta name=\"author\" content=\"Charlotte Frycklund, pr\u00e4st\" \/>\n<meta name=\"twitter:card\" content=\"summary_large_image\" \/>\n<meta name=\"twitter:label1\" content=\"Skriven av\" \/>\n\t<meta name=\"twitter:data1\" content=\"Charlotte Frycklund, pr\u00e4st\" \/>\n\t<meta name=\"twitter:label2\" content=\"Ber\u00e4knad l\u00e4stid\" \/>\n\t<meta name=\"twitter:data2\" content=\"3 minuter\" \/>\n<script type=\"application\/ld+json\" class=\"yoast-schema-graph\">{\"@context\":\"https:\/\/schema.org\",\"@graph\":[{\"@type\":\"Article\",\"@id\":\"https:\/\/blogg.svenskakyrkan.se\/tankarinforhelgen\/2018\/06\/07\/inga-brorsor\/#article\",\"isPartOf\":{\"@id\":\"https:\/\/blogg.svenskakyrkan.se\/tankarinforhelgen\/2018\/06\/07\/inga-brorsor\/\"},\"author\":{\"name\":\"Charlotte Frycklund, pr\u00e4st\",\"@id\":\"https:\/\/blogg.svenskakyrkan.se\/tankarinforhelgen\/#\/schema\/person\/595d75da5bf93cf9ca814c398b63ed6d\"},\"headline\":\"INGA BRORSOR\",\"datePublished\":\"2018-06-07T20:38:44+00:00\",\"dateModified\":\"2018-06-07T21:18:14+00:00\",\"mainEntityOfPage\":{\"@id\":\"https:\/\/blogg.svenskakyrkan.se\/tankarinforhelgen\/2018\/06\/07\/inga-brorsor\/\"},\"wordCount\":632,\"commentCount\":1,\"image\":{\"@id\":\"https:\/\/blogg.svenskakyrkan.se\/tankarinforhelgen\/2018\/06\/07\/inga-brorsor\/#primaryimage\"},\"thumbnailUrl\":\"https:\/\/blogg.svenskakyrkan.se\/tankarinforhelgen\/files\/2018\/06\/5935CC55-441F-4BAE-9E4D-BEF488CBFBEC.jpeg\",\"keywords\":[\"Charlotte Frycklund\",\"TANKARINFORHELGEN\"],\"articleSection\":[\"2:a s\u00f6ndagen efter trefaldighet\"],\"inLanguage\":\"sv-SE\",\"potentialAction\":[{\"@type\":\"CommentAction\",\"name\":\"Comment\",\"target\":[\"https:\/\/blogg.svenskakyrkan.se\/tankarinforhelgen\/2018\/06\/07\/inga-brorsor\/#respond\"]}]},{\"@type\":\"WebPage\",\"@id\":\"https:\/\/blogg.svenskakyrkan.se\/tankarinforhelgen\/2018\/06\/07\/inga-brorsor\/\",\"url\":\"https:\/\/blogg.svenskakyrkan.se\/tankarinforhelgen\/2018\/06\/07\/inga-brorsor\/\",\"name\":\"INGA BRORSOR - Tankar inf\u00f6r helgen\",\"isPartOf\":{\"@id\":\"https:\/\/blogg.svenskakyrkan.se\/tankarinforhelgen\/#website\"},\"primaryImageOfPage\":{\"@id\":\"https:\/\/blogg.svenskakyrkan.se\/tankarinforhelgen\/2018\/06\/07\/inga-brorsor\/#primaryimage\"},\"image\":{\"@id\":\"https:\/\/blogg.svenskakyrkan.se\/tankarinforhelgen\/2018\/06\/07\/inga-brorsor\/#primaryimage\"},\"thumbnailUrl\":\"https:\/\/blogg.svenskakyrkan.se\/tankarinforhelgen\/files\/2018\/06\/5935CC55-441F-4BAE-9E4D-BEF488CBFBEC.jpeg\",\"datePublished\":\"2018-06-07T20:38:44+00:00\",\"dateModified\":\"2018-06-07T21:18:14+00:00\",\"author\":{\"@id\":\"https:\/\/blogg.svenskakyrkan.se\/tankarinforhelgen\/#\/schema\/person\/595d75da5bf93cf9ca814c398b63ed6d\"},\"breadcrumb\":{\"@id\":\"https:\/\/blogg.svenskakyrkan.se\/tankarinforhelgen\/2018\/06\/07\/inga-brorsor\/#breadcrumb\"},\"inLanguage\":\"sv-SE\",\"potentialAction\":[{\"@type\":\"ReadAction\",\"target\":[\"https:\/\/blogg.svenskakyrkan.se\/tankarinforhelgen\/2018\/06\/07\/inga-brorsor\/\"]}]},{\"@type\":\"ImageObject\",\"inLanguage\":\"sv-SE\",\"@id\":\"https:\/\/blogg.svenskakyrkan.se\/tankarinforhelgen\/2018\/06\/07\/inga-brorsor\/#primaryimage\",\"url\":\"https:\/\/blogg.svenskakyrkan.se\/tankarinforhelgen\/files\/2018\/06\/5935CC55-441F-4BAE-9E4D-BEF488CBFBEC.jpeg\",\"contentUrl\":\"https:\/\/blogg.svenskakyrkan.se\/tankarinforhelgen\/files\/2018\/06\/5935CC55-441F-4BAE-9E4D-BEF488CBFBEC.jpeg\",\"width\":1808,\"height\":1370},{\"@type\":\"BreadcrumbList\",\"@id\":\"https:\/\/blogg.svenskakyrkan.se\/tankarinforhelgen\/2018\/06\/07\/inga-brorsor\/#breadcrumb\",\"itemListElement\":[{\"@type\":\"ListItem\",\"position\":1,\"name\":\"Hem\",\"item\":\"https:\/\/blogg.svenskakyrkan.se\/tankarinforhelgen\/\"},{\"@type\":\"ListItem\",\"position\":2,\"name\":\"INGA BRORSOR\"}]},{\"@type\":\"WebSite\",\"@id\":\"https:\/\/blogg.svenskakyrkan.se\/tankarinforhelgen\/#website\",\"url\":\"https:\/\/blogg.svenskakyrkan.se\/tankarinforhelgen\/\",\"name\":\"Tankar inf\u00f6r helgen\",\"description\":\"Pr\u00e4ster funderar utifr\u00e5n kommande s\u00f6ndags texter\",\"potentialAction\":[{\"@type\":\"SearchAction\",\"target\":{\"@type\":\"EntryPoint\",\"urlTemplate\":\"https:\/\/blogg.svenskakyrkan.se\/tankarinforhelgen\/?s={search_term_string}\"},\"query-input\":{\"@type\":\"PropertyValueSpecification\",\"valueRequired\":true,\"valueName\":\"search_term_string\"}}],\"inLanguage\":\"sv-SE\"},{\"@type\":\"Person\",\"@id\":\"https:\/\/blogg.svenskakyrkan.se\/tankarinforhelgen\/#\/schema\/person\/595d75da5bf93cf9ca814c398b63ed6d\",\"name\":\"Charlotte Frycklund, pr\u00e4st\",\"image\":{\"@type\":\"ImageObject\",\"inLanguage\":\"sv-SE\",\"@id\":\"https:\/\/blogg.svenskakyrkan.se\/tankarinforhelgen\/#\/schema\/person\/image\/\",\"url\":\"https:\/\/secure.gravatar.com\/avatar\/10f37b82bf44def60f716a446302420cc1eb214cca306b573a488614ab47ee87?s=96&d=mm&r=g\",\"contentUrl\":\"https:\/\/secure.gravatar.com\/avatar\/10f37b82bf44def60f716a446302420cc1eb214cca306b573a488614ab47ee87?s=96&d=mm&r=g\",\"caption\":\"Charlotte Frycklund, pr\u00e4st\"},\"url\":\"https:\/\/blogg.svenskakyrkan.se\/tankarinforhelgen\/author\/charlottefrycklund\/\"}]}<\/script>\n<!-- \/ Yoast SEO plugin. -->","yoast_head_json":{"title":"INGA BRORSOR - Tankar inf\u00f6r helgen","robots":{"index":"index","follow":"follow","max-snippet":"max-snippet:-1","max-image-preview":"max-image-preview:large","max-video-preview":"max-video-preview:-1"},"canonical":"https:\/\/blogg.svenskakyrkan.se\/tankarinforhelgen\/2018\/06\/07\/inga-brorsor\/","og_locale":"sv_SE","og_type":"article","og_title":"INGA BRORSOR - Tankar inf\u00f6r helgen","og_description":"Det ska bli \u201d\u00c5rets b\u00e4sta dockfest\u201d. Hon har satt dem runt sitt lilla bord och dukat med maskrosor i en vas. Hon har nogsamt brutit s\u00f6nder en bit Falu r\u00e5grut i rutor s\u00e5 att alla dockorna ska f\u00e5 varsin lagom stor bit till kaffekalaset. Hon har satt upp en skylt p\u00e5 d\u00f6rren d\u00e4r det med [&hellip;]","og_url":"https:\/\/blogg.svenskakyrkan.se\/tankarinforhelgen\/2018\/06\/07\/inga-brorsor\/","og_site_name":"Tankar inf\u00f6r helgen","article_published_time":"2018-06-07T20:38:44+00:00","article_modified_time":"2018-06-07T21:18:14+00:00","author":"Charlotte Frycklund, pr\u00e4st","twitter_card":"summary_large_image","twitter_misc":{"Skriven av":"Charlotte Frycklund, pr\u00e4st","Ber\u00e4knad l\u00e4stid":"3 minuter"},"schema":{"@context":"https:\/\/schema.org","@graph":[{"@type":"Article","@id":"https:\/\/blogg.svenskakyrkan.se\/tankarinforhelgen\/2018\/06\/07\/inga-brorsor\/#article","isPartOf":{"@id":"https:\/\/blogg.svenskakyrkan.se\/tankarinforhelgen\/2018\/06\/07\/inga-brorsor\/"},"author":{"name":"Charlotte Frycklund, pr\u00e4st","@id":"https:\/\/blogg.svenskakyrkan.se\/tankarinforhelgen\/#\/schema\/person\/595d75da5bf93cf9ca814c398b63ed6d"},"headline":"INGA BRORSOR","datePublished":"2018-06-07T20:38:44+00:00","dateModified":"2018-06-07T21:18:14+00:00","mainEntityOfPage":{"@id":"https:\/\/blogg.svenskakyrkan.se\/tankarinforhelgen\/2018\/06\/07\/inga-brorsor\/"},"wordCount":632,"commentCount":1,"image":{"@id":"https:\/\/blogg.svenskakyrkan.se\/tankarinforhelgen\/2018\/06\/07\/inga-brorsor\/#primaryimage"},"thumbnailUrl":"https:\/\/blogg.svenskakyrkan.se\/tankarinforhelgen\/files\/2018\/06\/5935CC55-441F-4BAE-9E4D-BEF488CBFBEC.jpeg","keywords":["Charlotte Frycklund","TANKARINFORHELGEN"],"articleSection":["2:a s\u00f6ndagen efter trefaldighet"],"inLanguage":"sv-SE","potentialAction":[{"@type":"CommentAction","name":"Comment","target":["https:\/\/blogg.svenskakyrkan.se\/tankarinforhelgen\/2018\/06\/07\/inga-brorsor\/#respond"]}]},{"@type":"WebPage","@id":"https:\/\/blogg.svenskakyrkan.se\/tankarinforhelgen\/2018\/06\/07\/inga-brorsor\/","url":"https:\/\/blogg.svenskakyrkan.se\/tankarinforhelgen\/2018\/06\/07\/inga-brorsor\/","name":"INGA BRORSOR - Tankar inf\u00f6r helgen","isPartOf":{"@id":"https:\/\/blogg.svenskakyrkan.se\/tankarinforhelgen\/#website"},"primaryImageOfPage":{"@id":"https:\/\/blogg.svenskakyrkan.se\/tankarinforhelgen\/2018\/06\/07\/inga-brorsor\/#primaryimage"},"image":{"@id":"https:\/\/blogg.svenskakyrkan.se\/tankarinforhelgen\/2018\/06\/07\/inga-brorsor\/#primaryimage"},"thumbnailUrl":"https:\/\/blogg.svenskakyrkan.se\/tankarinforhelgen\/files\/2018\/06\/5935CC55-441F-4BAE-9E4D-BEF488CBFBEC.jpeg","datePublished":"2018-06-07T20:38:44+00:00","dateModified":"2018-06-07T21:18:14+00:00","author":{"@id":"https:\/\/blogg.svenskakyrkan.se\/tankarinforhelgen\/#\/schema\/person\/595d75da5bf93cf9ca814c398b63ed6d"},"breadcrumb":{"@id":"https:\/\/blogg.svenskakyrkan.se\/tankarinforhelgen\/2018\/06\/07\/inga-brorsor\/#breadcrumb"},"inLanguage":"sv-SE","potentialAction":[{"@type":"ReadAction","target":["https:\/\/blogg.svenskakyrkan.se\/tankarinforhelgen\/2018\/06\/07\/inga-brorsor\/"]}]},{"@type":"ImageObject","inLanguage":"sv-SE","@id":"https:\/\/blogg.svenskakyrkan.se\/tankarinforhelgen\/2018\/06\/07\/inga-brorsor\/#primaryimage","url":"https:\/\/blogg.svenskakyrkan.se\/tankarinforhelgen\/files\/2018\/06\/5935CC55-441F-4BAE-9E4D-BEF488CBFBEC.jpeg","contentUrl":"https:\/\/blogg.svenskakyrkan.se\/tankarinforhelgen\/files\/2018\/06\/5935CC55-441F-4BAE-9E4D-BEF488CBFBEC.jpeg","width":1808,"height":1370},{"@type":"BreadcrumbList","@id":"https:\/\/blogg.svenskakyrkan.se\/tankarinforhelgen\/2018\/06\/07\/inga-brorsor\/#breadcrumb","itemListElement":[{"@type":"ListItem","position":1,"name":"Hem","item":"https:\/\/blogg.svenskakyrkan.se\/tankarinforhelgen\/"},{"@type":"ListItem","position":2,"name":"INGA BRORSOR"}]},{"@type":"WebSite","@id":"https:\/\/blogg.svenskakyrkan.se\/tankarinforhelgen\/#website","url":"https:\/\/blogg.svenskakyrkan.se\/tankarinforhelgen\/","name":"Tankar inf\u00f6r helgen","description":"Pr\u00e4ster funderar utifr\u00e5n kommande s\u00f6ndags texter","potentialAction":[{"@type":"SearchAction","target":{"@type":"EntryPoint","urlTemplate":"https:\/\/blogg.svenskakyrkan.se\/tankarinforhelgen\/?s={search_term_string}"},"query-input":{"@type":"PropertyValueSpecification","valueRequired":true,"valueName":"search_term_string"}}],"inLanguage":"sv-SE"},{"@type":"Person","@id":"https:\/\/blogg.svenskakyrkan.se\/tankarinforhelgen\/#\/schema\/person\/595d75da5bf93cf9ca814c398b63ed6d","name":"Charlotte Frycklund, pr\u00e4st","image":{"@type":"ImageObject","inLanguage":"sv-SE","@id":"https:\/\/blogg.svenskakyrkan.se\/tankarinforhelgen\/#\/schema\/person\/image\/","url":"https:\/\/secure.gravatar.com\/avatar\/10f37b82bf44def60f716a446302420cc1eb214cca306b573a488614ab47ee87?s=96&d=mm&r=g","contentUrl":"https:\/\/secure.gravatar.com\/avatar\/10f37b82bf44def60f716a446302420cc1eb214cca306b573a488614ab47ee87?s=96&d=mm&r=g","caption":"Charlotte Frycklund, pr\u00e4st"},"url":"https:\/\/blogg.svenskakyrkan.se\/tankarinforhelgen\/author\/charlottefrycklund\/"}]}},"author_meta":{"ID":"569","user_nicename":"charlottefrycklund","user_registered":"2016-05-24 11:46:19","display_name":"Charlotte Frycklund, pr\u00e4st","first_name":"Charlotte","last_name":"Frycklund, pr\u00e4st","avatar":"https:\/\/secure.gravatar.com\/avatar\/10f37b82bf44def60f716a446302420cc1eb214cca306b573a488614ab47ee87?s=96&d=mm&r=g"},"featured_image":["https:\/\/blogg.svenskakyrkan.se\/tankarinforhelgen\/files\/2018\/06\/5935CC55-441F-4BAE-9E4D-BEF488CBFBEC-1024x776.jpeg",1024,776,true],"bloginfo":{"name":"Tankar inf\u00f6r helgen","url":"https:\/\/blogg.svenskakyrkan.se\/tankarinforhelgen"},"_links":{"self":[{"href":"https:\/\/blogg.svenskakyrkan.se\/tankarinforhelgen\/wp-json\/wp\/v2\/posts\/1388","targetHints":{"allow":["GET"]}}],"collection":[{"href":"https:\/\/blogg.svenskakyrkan.se\/tankarinforhelgen\/wp-json\/wp\/v2\/posts"}],"about":[{"href":"https:\/\/blogg.svenskakyrkan.se\/tankarinforhelgen\/wp-json\/wp\/v2\/types\/post"}],"author":[{"embeddable":true,"href":"https:\/\/blogg.svenskakyrkan.se\/tankarinforhelgen\/wp-json\/wp\/v2\/users\/569"}],"replies":[{"embeddable":true,"href":"https:\/\/blogg.svenskakyrkan.se\/tankarinforhelgen\/wp-json\/wp\/v2\/comments?post=1388"}],"version-history":[{"count":2,"href":"https:\/\/blogg.svenskakyrkan.se\/tankarinforhelgen\/wp-json\/wp\/v2\/posts\/1388\/revisions"}],"predecessor-version":[{"id":1392,"href":"https:\/\/blogg.svenskakyrkan.se\/tankarinforhelgen\/wp-json\/wp\/v2\/posts\/1388\/revisions\/1392"}],"wp:featuredmedia":[{"embeddable":true,"href":"https:\/\/blogg.svenskakyrkan.se\/tankarinforhelgen\/wp-json\/wp\/v2\/media\/1391"}],"wp:attachment":[{"href":"https:\/\/blogg.svenskakyrkan.se\/tankarinforhelgen\/wp-json\/wp\/v2\/media?parent=1388"}],"wp:term":[{"taxonomy":"category","embeddable":true,"href":"https:\/\/blogg.svenskakyrkan.se\/tankarinforhelgen\/wp-json\/wp\/v2\/categories?post=1388"},{"taxonomy":"post_tag","embeddable":true,"href":"https:\/\/blogg.svenskakyrkan.se\/tankarinforhelgen\/wp-json\/wp\/v2\/tags?post=1388"}],"curies":[{"name":"wp","href":"https:\/\/api.w.org\/{rel}","templated":true}]}}