{"id":1393,"date":"2018-06-13T13:38:41","date_gmt":"2018-06-13T11:38:41","guid":{"rendered":"http:\/\/blogg.svenskakyrkan.se\/tankarinforhelgen\/?p=1393"},"modified":"2018-06-15T23:13:02","modified_gmt":"2018-06-15T21:13:02","slug":"det-ar-da-gud-bar-oss","status":"publish","type":"post","link":"https:\/\/blogg.svenskakyrkan.se\/tankarinforhelgen\/2018\/06\/13\/det-ar-da-gud-bar-oss\/","title":{"rendered":"Det \u00e4r d\u00e5 Gud b\u00e4r oss"},"content":{"rendered":"<p>Kanske \u00e4r gl\u00e4djen aldrig s\u00e5 stor som n\u00e4r man \u00e5terser eller \u00e5terf\u00e5r n\u00e5got som man trodde att man f\u00f6rlorat. Kanske \u00e4r det en v\u00e4n som man tappat kontakten med, n\u00e5gon man saknar men \u00e4nd\u00e5 inte f\u00f6rm\u00e5r att s\u00f6ka upp. Men s\u00e5 en dag kanske det d\u00e4r m\u00f6tet \u00e4nd\u00e5 sker. Det som varit ligger d\u00e4r i bakgrunden men gl\u00e4djen \u00f6ver att ses \u00e4r st\u00f6rre och n\u00e5got nytt f\u00e5r ta form.<\/p>\n<p>Kanske \u00e4r det tron p\u00e5 en sj\u00e4lv man har f\u00f6rlorat. Jag tvivlar p\u00e5 mig sj\u00e4lv, p\u00e5 vem jag \u00e4r och vad jag kan. Men s\u00e5 en dag m\u00f6ter jag n\u00e5gon som lyfter mig. N\u00e5gon som ser mig och lyssnar p\u00e5 mig. N\u00e5gon som g\u00f6r att jag v\u00e5gar jag tro p\u00e5 mig sj\u00e4lv igen och \u00e5terf\u00e5 min f\u00f6rlorade sj\u00e4lvbild.<\/p>\n<p>Kanske \u00e4r det flyktingen som f\u00f6rlorat sitt hem och sina n\u00e4ra och som en dag m\u00f6ts av en v\u00e4lkomnade famn.<br \/>\nVad \u00e4r det som du och jag har f\u00f6rlorat och som vi vill \u00e5terfinna i v\u00e5ra liv? Var finner vi gl\u00e4djen, hoppet och k\u00e4nslan av att vara funnen och sedd?<\/p>\n<p>M\u00e5nga av bibelns ber\u00e4ttelser handlar om just detta. Om att f\u00f6rlora f\u00f6r att \u00e5terfinna men ocks\u00e5 f\u00f6r att bli \u00e5terfunnen. Om att l\u00e4mna n\u00e5got f\u00f6r att uppt\u00e4cka n\u00e5got annat. Om att v\u00e5ga \u00f6ppna st\u00e4ngda d\u00f6rrar f\u00f6r att ta emot. Om att f\u00f6rl\u00e5ta f\u00f6r att kunna bli f\u00f6rl\u00e5ten.<\/p>\n<p>En av de bibeltexter som l\u00e4ses p\u00e5 s\u00f6ndag handlar om gl\u00e4djen \u00f6ver att finna det som varit f\u00f6rlorat och Jesus ber\u00e4ttar om det i en liknelse. Den handlar om n\u00e5gon som har 100 f\u00e5r men som tappar bort ett. Det \u00e4r s\u00e5 viktigt att leta efter det borttappade f\u00e5ret s\u00e5 att de \u00f6vriga 99 l\u00e4mnas i \u00f6knen. N\u00e4r det borttappade f\u00e5ret hittas d\u00e5 \u00e4r gl\u00e4djen stor, s\u00e5 stor att de samlas till fest f\u00f6r att gl\u00e4djas tillsammans.<\/p>\n<p>Precis s\u00e5 s\u00f6ker och gl\u00e4ds Gud \u00f6ver oss. N\u00e4r vi trevar och s\u00f6ker i v\u00e5ra liv har Gud redan s\u00f6kt oss. N\u00e4r vi k\u00e4nner oss f\u00f6rlorade \u00e4r vi redan \u00e5terfunna hos Gud. N\u00e4r vi k\u00e4nner oss \u00f6vergivna och inte upplever att Gud g\u00e5r bredvid oss \u2013 det \u00e4r d\u00e5 Gud b\u00e4r oss.<\/p>\n<p>Varf\u00f6r gick vi bort att s\u00f6ka dig som alltid hos oss var?<br \/>\nLjuset s\u00e5g vi, men vi s\u00e5g ej dig som ljusets kl\u00e4dnad bar,<br \/>\nvisste ej att i v\u00e5rt m\u00f6rker allra n\u00e4rmast oss du var.<br \/>\nSpeglingar vi s\u00e5g och f\u00f6ljde, s\u00f6kte dig i deras glans,<br \/>\nh\u00f6rde ej ditt svar som f\u00f6re v\u00e5ra rop och fr\u00e5gor fanns,<br \/>\ns\u00e5g ej nyckeln som vid tr\u00f6skeln l\u00e5g och v\u00e4ntade v\u00e5r hand.<br \/>\nI v\u00e5rt st\u00e4ngda hus du s\u00f6kt oss. Ingen visste du var d\u00e4r.<br \/>\nMen n\u00e4r br\u00f6det bryts och delas vet vi pl\u00f6tsligt vem du \u00e4r.<br \/>\nInte du, men vi, var borta. Du \u00e4r alltid bland hos h\u00e4r.<br \/>\n(Sv.Ps 531)<\/p>\n<p>Anna Lundgren, pr\u00e4st<\/p>\n","protected":false},"excerpt":{"rendered":"<p>Kanske \u00e4r gl\u00e4djen aldrig s\u00e5 stor som n\u00e4r man \u00e5terser eller \u00e5terf\u00e5r n\u00e5got som man trodde att man f\u00f6rlorat. Kanske \u00e4r det en v\u00e4n som man tappat kontakten med, n\u00e5gon man saknar men \u00e4nd\u00e5 inte f\u00f6rm\u00e5r att s\u00f6ka upp. Men s\u00e5 en dag kanske det d\u00e4r m\u00f6tet \u00e4nd\u00e5 sker. Det som varit ligger d\u00e4r i [&hellip;]<\/p>\n","protected":false},"author":670,"featured_media":1396,"comment_status":"open","ping_status":"open","sticky":false,"template":"","format":"standard","meta":{"_acf_changed":false,"footnotes":""},"categories":[134266],"tags":[159855,142457],"class_list":["post-1393","post","type-post","status-publish","format-standard","has-post-thumbnail","hentry","category-3e-sondagen-efter-trefaldighet","tag-anna-lundgren","tag-tankarinforhelgen"],"acf":[],"yoast_head":"<!-- This site is optimized with the Yoast SEO plugin v27.1.1 - https:\/\/yoast.com\/product\/yoast-seo-wordpress\/ -->\n<title>Det \u00e4r d\u00e5 Gud b\u00e4r oss - Tankar inf\u00f6r helgen<\/title>\n<meta name=\"robots\" content=\"index, follow, max-snippet:-1, max-image-preview:large, max-video-preview:-1\" \/>\n<link rel=\"canonical\" href=\"https:\/\/blogg.svenskakyrkan.se\/tankarinforhelgen\/2018\/06\/13\/det-ar-da-gud-bar-oss\/\" \/>\n<meta property=\"og:locale\" content=\"sv_SE\" \/>\n<meta property=\"og:type\" content=\"article\" \/>\n<meta property=\"og:title\" content=\"Det \u00e4r d\u00e5 Gud b\u00e4r oss - Tankar inf\u00f6r helgen\" \/>\n<meta property=\"og:description\" content=\"Kanske \u00e4r gl\u00e4djen aldrig s\u00e5 stor som n\u00e4r man \u00e5terser eller \u00e5terf\u00e5r n\u00e5got som man trodde att man f\u00f6rlorat. Kanske \u00e4r det en v\u00e4n som man tappat kontakten med, n\u00e5gon man saknar men \u00e4nd\u00e5 inte f\u00f6rm\u00e5r att s\u00f6ka upp. Men s\u00e5 en dag kanske det d\u00e4r m\u00f6tet \u00e4nd\u00e5 sker. Det som varit ligger d\u00e4r i [&hellip;]\" \/>\n<meta property=\"og:url\" content=\"https:\/\/blogg.svenskakyrkan.se\/tankarinforhelgen\/2018\/06\/13\/det-ar-da-gud-bar-oss\/\" \/>\n<meta property=\"og:site_name\" content=\"Tankar inf\u00f6r helgen\" \/>\n<meta property=\"article:published_time\" content=\"2018-06-13T11:38:41+00:00\" \/>\n<meta property=\"article:modified_time\" content=\"2018-06-15T21:13:02+00:00\" \/>\n<meta name=\"author\" content=\"Redakt\u00f6r\" \/>\n<meta name=\"twitter:card\" content=\"summary_large_image\" \/>\n<meta name=\"twitter:label1\" content=\"Skriven av\" \/>\n\t<meta name=\"twitter:data1\" content=\"Redakt\u00f6r\" \/>\n\t<meta name=\"twitter:label2\" content=\"Ber\u00e4knad l\u00e4stid\" \/>\n\t<meta name=\"twitter:data2\" content=\"3 minuter\" \/>\n<script type=\"application\/ld+json\" class=\"yoast-schema-graph\">{\"@context\":\"https:\/\/schema.org\",\"@graph\":[{\"@type\":\"Article\",\"@id\":\"https:\/\/blogg.svenskakyrkan.se\/tankarinforhelgen\/2018\/06\/13\/det-ar-da-gud-bar-oss\/#article\",\"isPartOf\":{\"@id\":\"https:\/\/blogg.svenskakyrkan.se\/tankarinforhelgen\/2018\/06\/13\/det-ar-da-gud-bar-oss\/\"},\"author\":{\"name\":\"Redakt\u00f6r\",\"@id\":\"https:\/\/blogg.svenskakyrkan.se\/tankarinforhelgen\/#\/schema\/person\/45262a1ade6bf1a378b2bc2ea516a471\"},\"headline\":\"Det \u00e4r d\u00e5 Gud b\u00e4r oss\",\"datePublished\":\"2018-06-13T11:38:41+00:00\",\"dateModified\":\"2018-06-15T21:13:02+00:00\",\"mainEntityOfPage\":{\"@id\":\"https:\/\/blogg.svenskakyrkan.se\/tankarinforhelgen\/2018\/06\/13\/det-ar-da-gud-bar-oss\/\"},\"wordCount\":577,\"commentCount\":0,\"image\":{\"@id\":\"https:\/\/blogg.svenskakyrkan.se\/tankarinforhelgen\/2018\/06\/13\/det-ar-da-gud-bar-oss\/#primaryimage\"},\"thumbnailUrl\":\"https:\/\/blogg.svenskakyrkan.se\/tankarinforhelgen\/files\/2018\/06\/hittad2.png\",\"keywords\":[\"Anna Lundgren\",\"TANKARINFORHELGEN\"],\"articleSection\":[\"3:e s\u00f6ndagen efter trefaldighet\"],\"inLanguage\":\"sv-SE\",\"potentialAction\":[{\"@type\":\"CommentAction\",\"name\":\"Comment\",\"target\":[\"https:\/\/blogg.svenskakyrkan.se\/tankarinforhelgen\/2018\/06\/13\/det-ar-da-gud-bar-oss\/#respond\"]}]},{\"@type\":\"WebPage\",\"@id\":\"https:\/\/blogg.svenskakyrkan.se\/tankarinforhelgen\/2018\/06\/13\/det-ar-da-gud-bar-oss\/\",\"url\":\"https:\/\/blogg.svenskakyrkan.se\/tankarinforhelgen\/2018\/06\/13\/det-ar-da-gud-bar-oss\/\",\"name\":\"Det \u00e4r d\u00e5 Gud b\u00e4r oss - Tankar inf\u00f6r helgen\",\"isPartOf\":{\"@id\":\"https:\/\/blogg.svenskakyrkan.se\/tankarinforhelgen\/#website\"},\"primaryImageOfPage\":{\"@id\":\"https:\/\/blogg.svenskakyrkan.se\/tankarinforhelgen\/2018\/06\/13\/det-ar-da-gud-bar-oss\/#primaryimage\"},\"image\":{\"@id\":\"https:\/\/blogg.svenskakyrkan.se\/tankarinforhelgen\/2018\/06\/13\/det-ar-da-gud-bar-oss\/#primaryimage\"},\"thumbnailUrl\":\"https:\/\/blogg.svenskakyrkan.se\/tankarinforhelgen\/files\/2018\/06\/hittad2.png\",\"datePublished\":\"2018-06-13T11:38:41+00:00\",\"dateModified\":\"2018-06-15T21:13:02+00:00\",\"author\":{\"@id\":\"https:\/\/blogg.svenskakyrkan.se\/tankarinforhelgen\/#\/schema\/person\/45262a1ade6bf1a378b2bc2ea516a471\"},\"breadcrumb\":{\"@id\":\"https:\/\/blogg.svenskakyrkan.se\/tankarinforhelgen\/2018\/06\/13\/det-ar-da-gud-bar-oss\/#breadcrumb\"},\"inLanguage\":\"sv-SE\",\"potentialAction\":[{\"@type\":\"ReadAction\",\"target\":[\"https:\/\/blogg.svenskakyrkan.se\/tankarinforhelgen\/2018\/06\/13\/det-ar-da-gud-bar-oss\/\"]}]},{\"@type\":\"ImageObject\",\"inLanguage\":\"sv-SE\",\"@id\":\"https:\/\/blogg.svenskakyrkan.se\/tankarinforhelgen\/2018\/06\/13\/det-ar-da-gud-bar-oss\/#primaryimage\",\"url\":\"https:\/\/blogg.svenskakyrkan.se\/tankarinforhelgen\/files\/2018\/06\/hittad2.png\",\"contentUrl\":\"https:\/\/blogg.svenskakyrkan.se\/tankarinforhelgen\/files\/2018\/06\/hittad2.png\",\"width\":1200,\"height\":900},{\"@type\":\"BreadcrumbList\",\"@id\":\"https:\/\/blogg.svenskakyrkan.se\/tankarinforhelgen\/2018\/06\/13\/det-ar-da-gud-bar-oss\/#breadcrumb\",\"itemListElement\":[{\"@type\":\"ListItem\",\"position\":1,\"name\":\"Hem\",\"item\":\"https:\/\/blogg.svenskakyrkan.se\/tankarinforhelgen\/\"},{\"@type\":\"ListItem\",\"position\":2,\"name\":\"Det \u00e4r d\u00e5 Gud b\u00e4r oss\"}]},{\"@type\":\"WebSite\",\"@id\":\"https:\/\/blogg.svenskakyrkan.se\/tankarinforhelgen\/#website\",\"url\":\"https:\/\/blogg.svenskakyrkan.se\/tankarinforhelgen\/\",\"name\":\"Tankar inf\u00f6r helgen\",\"description\":\"Pr\u00e4ster funderar utifr\u00e5n kommande s\u00f6ndags texter\",\"potentialAction\":[{\"@type\":\"SearchAction\",\"target\":{\"@type\":\"EntryPoint\",\"urlTemplate\":\"https:\/\/blogg.svenskakyrkan.se\/tankarinforhelgen\/?s={search_term_string}\"},\"query-input\":{\"@type\":\"PropertyValueSpecification\",\"valueRequired\":true,\"valueName\":\"search_term_string\"}}],\"inLanguage\":\"sv-SE\"},{\"@type\":\"Person\",\"@id\":\"https:\/\/blogg.svenskakyrkan.se\/tankarinforhelgen\/#\/schema\/person\/45262a1ade6bf1a378b2bc2ea516a471\",\"name\":\"Redakt\u00f6r\",\"image\":{\"@type\":\"ImageObject\",\"inLanguage\":\"sv-SE\",\"@id\":\"https:\/\/blogg.svenskakyrkan.se\/tankarinforhelgen\/#\/schema\/person\/image\/\",\"url\":\"https:\/\/secure.gravatar.com\/avatar\/4c212d91dd43b8df8a6804f4890843cb55b8a4948a08d870700f9fb64c6c73c2?s=96&d=mm&r=g\",\"contentUrl\":\"https:\/\/secure.gravatar.com\/avatar\/4c212d91dd43b8df8a6804f4890843cb55b8a4948a08d870700f9fb64c6c73c2?s=96&d=mm&r=g\",\"caption\":\"Redakt\u00f6r\"},\"url\":\"https:\/\/blogg.svenskakyrkan.se\/tankarinforhelgen\/author\/annabarbier\/\"}]}<\/script>\n<!-- \/ Yoast SEO plugin. -->","yoast_head_json":{"title":"Det \u00e4r d\u00e5 Gud b\u00e4r oss - Tankar inf\u00f6r helgen","robots":{"index":"index","follow":"follow","max-snippet":"max-snippet:-1","max-image-preview":"max-image-preview:large","max-video-preview":"max-video-preview:-1"},"canonical":"https:\/\/blogg.svenskakyrkan.se\/tankarinforhelgen\/2018\/06\/13\/det-ar-da-gud-bar-oss\/","og_locale":"sv_SE","og_type":"article","og_title":"Det \u00e4r d\u00e5 Gud b\u00e4r oss - Tankar inf\u00f6r helgen","og_description":"Kanske \u00e4r gl\u00e4djen aldrig s\u00e5 stor som n\u00e4r man \u00e5terser eller \u00e5terf\u00e5r n\u00e5got som man trodde att man f\u00f6rlorat. Kanske \u00e4r det en v\u00e4n som man tappat kontakten med, n\u00e5gon man saknar men \u00e4nd\u00e5 inte f\u00f6rm\u00e5r att s\u00f6ka upp. Men s\u00e5 en dag kanske det d\u00e4r m\u00f6tet \u00e4nd\u00e5 sker. Det som varit ligger d\u00e4r i [&hellip;]","og_url":"https:\/\/blogg.svenskakyrkan.se\/tankarinforhelgen\/2018\/06\/13\/det-ar-da-gud-bar-oss\/","og_site_name":"Tankar inf\u00f6r helgen","article_published_time":"2018-06-13T11:38:41+00:00","article_modified_time":"2018-06-15T21:13:02+00:00","author":"Redakt\u00f6r","twitter_card":"summary_large_image","twitter_misc":{"Skriven av":"Redakt\u00f6r","Ber\u00e4knad l\u00e4stid":"3 minuter"},"schema":{"@context":"https:\/\/schema.org","@graph":[{"@type":"Article","@id":"https:\/\/blogg.svenskakyrkan.se\/tankarinforhelgen\/2018\/06\/13\/det-ar-da-gud-bar-oss\/#article","isPartOf":{"@id":"https:\/\/blogg.svenskakyrkan.se\/tankarinforhelgen\/2018\/06\/13\/det-ar-da-gud-bar-oss\/"},"author":{"name":"Redakt\u00f6r","@id":"https:\/\/blogg.svenskakyrkan.se\/tankarinforhelgen\/#\/schema\/person\/45262a1ade6bf1a378b2bc2ea516a471"},"headline":"Det \u00e4r d\u00e5 Gud b\u00e4r oss","datePublished":"2018-06-13T11:38:41+00:00","dateModified":"2018-06-15T21:13:02+00:00","mainEntityOfPage":{"@id":"https:\/\/blogg.svenskakyrkan.se\/tankarinforhelgen\/2018\/06\/13\/det-ar-da-gud-bar-oss\/"},"wordCount":577,"commentCount":0,"image":{"@id":"https:\/\/blogg.svenskakyrkan.se\/tankarinforhelgen\/2018\/06\/13\/det-ar-da-gud-bar-oss\/#primaryimage"},"thumbnailUrl":"https:\/\/blogg.svenskakyrkan.se\/tankarinforhelgen\/files\/2018\/06\/hittad2.png","keywords":["Anna Lundgren","TANKARINFORHELGEN"],"articleSection":["3:e s\u00f6ndagen efter trefaldighet"],"inLanguage":"sv-SE","potentialAction":[{"@type":"CommentAction","name":"Comment","target":["https:\/\/blogg.svenskakyrkan.se\/tankarinforhelgen\/2018\/06\/13\/det-ar-da-gud-bar-oss\/#respond"]}]},{"@type":"WebPage","@id":"https:\/\/blogg.svenskakyrkan.se\/tankarinforhelgen\/2018\/06\/13\/det-ar-da-gud-bar-oss\/","url":"https:\/\/blogg.svenskakyrkan.se\/tankarinforhelgen\/2018\/06\/13\/det-ar-da-gud-bar-oss\/","name":"Det \u00e4r d\u00e5 Gud b\u00e4r oss - Tankar inf\u00f6r helgen","isPartOf":{"@id":"https:\/\/blogg.svenskakyrkan.se\/tankarinforhelgen\/#website"},"primaryImageOfPage":{"@id":"https:\/\/blogg.svenskakyrkan.se\/tankarinforhelgen\/2018\/06\/13\/det-ar-da-gud-bar-oss\/#primaryimage"},"image":{"@id":"https:\/\/blogg.svenskakyrkan.se\/tankarinforhelgen\/2018\/06\/13\/det-ar-da-gud-bar-oss\/#primaryimage"},"thumbnailUrl":"https:\/\/blogg.svenskakyrkan.se\/tankarinforhelgen\/files\/2018\/06\/hittad2.png","datePublished":"2018-06-13T11:38:41+00:00","dateModified":"2018-06-15T21:13:02+00:00","author":{"@id":"https:\/\/blogg.svenskakyrkan.se\/tankarinforhelgen\/#\/schema\/person\/45262a1ade6bf1a378b2bc2ea516a471"},"breadcrumb":{"@id":"https:\/\/blogg.svenskakyrkan.se\/tankarinforhelgen\/2018\/06\/13\/det-ar-da-gud-bar-oss\/#breadcrumb"},"inLanguage":"sv-SE","potentialAction":[{"@type":"ReadAction","target":["https:\/\/blogg.svenskakyrkan.se\/tankarinforhelgen\/2018\/06\/13\/det-ar-da-gud-bar-oss\/"]}]},{"@type":"ImageObject","inLanguage":"sv-SE","@id":"https:\/\/blogg.svenskakyrkan.se\/tankarinforhelgen\/2018\/06\/13\/det-ar-da-gud-bar-oss\/#primaryimage","url":"https:\/\/blogg.svenskakyrkan.se\/tankarinforhelgen\/files\/2018\/06\/hittad2.png","contentUrl":"https:\/\/blogg.svenskakyrkan.se\/tankarinforhelgen\/files\/2018\/06\/hittad2.png","width":1200,"height":900},{"@type":"BreadcrumbList","@id":"https:\/\/blogg.svenskakyrkan.se\/tankarinforhelgen\/2018\/06\/13\/det-ar-da-gud-bar-oss\/#breadcrumb","itemListElement":[{"@type":"ListItem","position":1,"name":"Hem","item":"https:\/\/blogg.svenskakyrkan.se\/tankarinforhelgen\/"},{"@type":"ListItem","position":2,"name":"Det \u00e4r d\u00e5 Gud b\u00e4r oss"}]},{"@type":"WebSite","@id":"https:\/\/blogg.svenskakyrkan.se\/tankarinforhelgen\/#website","url":"https:\/\/blogg.svenskakyrkan.se\/tankarinforhelgen\/","name":"Tankar inf\u00f6r helgen","description":"Pr\u00e4ster funderar utifr\u00e5n kommande s\u00f6ndags texter","potentialAction":[{"@type":"SearchAction","target":{"@type":"EntryPoint","urlTemplate":"https:\/\/blogg.svenskakyrkan.se\/tankarinforhelgen\/?s={search_term_string}"},"query-input":{"@type":"PropertyValueSpecification","valueRequired":true,"valueName":"search_term_string"}}],"inLanguage":"sv-SE"},{"@type":"Person","@id":"https:\/\/blogg.svenskakyrkan.se\/tankarinforhelgen\/#\/schema\/person\/45262a1ade6bf1a378b2bc2ea516a471","name":"Redakt\u00f6r","image":{"@type":"ImageObject","inLanguage":"sv-SE","@id":"https:\/\/blogg.svenskakyrkan.se\/tankarinforhelgen\/#\/schema\/person\/image\/","url":"https:\/\/secure.gravatar.com\/avatar\/4c212d91dd43b8df8a6804f4890843cb55b8a4948a08d870700f9fb64c6c73c2?s=96&d=mm&r=g","contentUrl":"https:\/\/secure.gravatar.com\/avatar\/4c212d91dd43b8df8a6804f4890843cb55b8a4948a08d870700f9fb64c6c73c2?s=96&d=mm&r=g","caption":"Redakt\u00f6r"},"url":"https:\/\/blogg.svenskakyrkan.se\/tankarinforhelgen\/author\/annabarbier\/"}]}},"author_meta":{"ID":"670","user_nicename":"annabarbier","user_registered":"2018-03-04 09:17:03","display_name":"Redakt\u00f6r","avatar":"https:\/\/secure.gravatar.com\/avatar\/4c212d91dd43b8df8a6804f4890843cb55b8a4948a08d870700f9fb64c6c73c2?s=96&d=mm&r=g"},"featured_image":["https:\/\/blogg.svenskakyrkan.se\/tankarinforhelgen\/files\/2018\/06\/hittad2-1024x768.png",1024,768,true],"bloginfo":{"name":"Tankar inf\u00f6r helgen","url":"https:\/\/blogg.svenskakyrkan.se\/tankarinforhelgen"},"_links":{"self":[{"href":"https:\/\/blogg.svenskakyrkan.se\/tankarinforhelgen\/wp-json\/wp\/v2\/posts\/1393","targetHints":{"allow":["GET"]}}],"collection":[{"href":"https:\/\/blogg.svenskakyrkan.se\/tankarinforhelgen\/wp-json\/wp\/v2\/posts"}],"about":[{"href":"https:\/\/blogg.svenskakyrkan.se\/tankarinforhelgen\/wp-json\/wp\/v2\/types\/post"}],"author":[{"embeddable":true,"href":"https:\/\/blogg.svenskakyrkan.se\/tankarinforhelgen\/wp-json\/wp\/v2\/users\/670"}],"replies":[{"embeddable":true,"href":"https:\/\/blogg.svenskakyrkan.se\/tankarinforhelgen\/wp-json\/wp\/v2\/comments?post=1393"}],"version-history":[{"count":2,"href":"https:\/\/blogg.svenskakyrkan.se\/tankarinforhelgen\/wp-json\/wp\/v2\/posts\/1393\/revisions"}],"predecessor-version":[{"id":1397,"href":"https:\/\/blogg.svenskakyrkan.se\/tankarinforhelgen\/wp-json\/wp\/v2\/posts\/1393\/revisions\/1397"}],"wp:featuredmedia":[{"embeddable":true,"href":"https:\/\/blogg.svenskakyrkan.se\/tankarinforhelgen\/wp-json\/wp\/v2\/media\/1396"}],"wp:attachment":[{"href":"https:\/\/blogg.svenskakyrkan.se\/tankarinforhelgen\/wp-json\/wp\/v2\/media?parent=1393"}],"wp:term":[{"taxonomy":"category","embeddable":true,"href":"https:\/\/blogg.svenskakyrkan.se\/tankarinforhelgen\/wp-json\/wp\/v2\/categories?post=1393"},{"taxonomy":"post_tag","embeddable":true,"href":"https:\/\/blogg.svenskakyrkan.se\/tankarinforhelgen\/wp-json\/wp\/v2\/tags?post=1393"}],"curies":[{"name":"wp","href":"https:\/\/api.w.org\/{rel}","templated":true}]}}