{"id":1416,"date":"2018-07-02T09:24:40","date_gmt":"2018-07-02T07:24:40","guid":{"rendered":"http:\/\/blogg.svenskakyrkan.se\/tankarinforhelgen\/?p=1416"},"modified":"2018-07-02T11:24:50","modified_gmt":"2018-07-02T09:24:50","slug":"vad-jag-larde-mig-av-en-osthyvel","status":"publish","type":"post","link":"https:\/\/blogg.svenskakyrkan.se\/tankarinforhelgen\/2018\/07\/02\/vad-jag-larde-mig-av-en-osthyvel\/","title":{"rendered":"Vad jag l\u00e4rde mig av en osthyvel"},"content":{"rendered":"<p>\u201dDu skall inte dr\u00e4pa!\u201d<br \/>\nBudord nummer fem. Minnesregel \u2013 det \u00e4r fem bokst\u00e4ver i ordet dr\u00e4pa.<br \/>\nDet \u00e4r en av de minnesregler f\u00f6r budord som brukar vara l\u00e4ttast att komma ih\u00e5g f\u00f6r konfirmanderna, f\u00f6r drar du ett platt streck f\u00f6r varje bokstav, ja, d\u00e5 blir det som n\u00e4r man ska h\u00e4nga gubbe \u2013 och det \u00e4r ju att dr\u00e4pa.<\/p>\n<p>Jesus s\u00e4ger i bergspredikan, som helgens text \u00e4r h\u00e4mtad ur, att den som dr\u00e4per inte undg\u00e5r sin dom men inte bara dr\u00e4paren utan \u00e4ven varje som blir vred, okv\u00e4dar eller f\u00f6rbannar sin broder. Du ska inte heller ha n\u00e5got otalt med din bror innan du g\u00e5r fram inf\u00f6r altaret, utan du ska l\u00f6st alla era konflikter.<br \/>\nI denna predikan av Jesus, s\u00e5 sk\u00e4rper han lagen. Ni vet, du ska \u00e4lska din n\u00e4sta OCH dina fiender, du ska inte betala ont med ont utan v\u00e4nda andra kinden till, du ska g\u00e5 tv\u00e5 mil med den som beg\u00e4r att du ska g\u00e5 en mil med honom och s\u00e5 vidare.<\/p>\n<p>Och jag k\u00e4nner hur jag brottas med texten. Vi pratar s\u00e5 ofta om den f\u00f6rl\u00e5tande Jesus, den som l\u00e5ter n\u00e5den breda ut sig. Men h\u00e4r \u00e4r det s\u00e5 mycket mer uppfodrande, vi kan helt enkelt inte synda p\u00e5 n\u00e5den om vi lyssnar till Jesu ord.<br \/>\nJag vill liksom hitta en genv\u00e4g, en v\u00e4g att f\u00e5 ihop allt, b\u00e5de de sk\u00e4rpta buden och n\u00e5den &#8211; en snygg l\u00f6sning d\u00e4r Jesus avslutar predikan med att s\u00e4ga typ \u201df\u00f6rs\u00f6k lite grann s\u00e5 \u00e4r det bra sedan.\u201d Det hade varit himla bekv\u00e4mt.<\/p>\n<p>Men det g\u00f6r han inte.<\/p>\n<p>Och jag sl\u00e4pper texten och g\u00e5r frustrerat ut och tar lite luft. D\u00e4r hamnar jag i samspr\u00e5k med en konfirmand och ber\u00e4ttar just det, att jag skriver tankar inf\u00f6r helgen och att Gud frustrerar mig just nu, och han svarar:<br \/>\n\u201dMen Erik, g\u00f6r s\u00e5 h\u00e4r. Be och g\u00e5 sedan och l\u00e4gg dig. N\u00e4r du vaknar ber du igen och s\u00e5 ska du se att svaret kommer.\u201d Det \u00e4r ju ett r\u00e5d som heter duga och f\u00f6r bra att inte f\u00f6lja.<\/p>\n<p>Morgonen efter st\u00e5r jag i matsalen n\u00e4r en av ledarna som dukar fram inf\u00f6r frukosten s\u00e4ger \u201d\u00c5h, nu minns jag inte vilken osthyvel som \u00e4r sl\u00f6, man ser ju ingen skillnad p\u00e5 dem\u201d.<\/p>\n<p>Och jag svarar: \u201dNej man ser inte p\u00e5 osthyveln om den \u00e4r bra eller d\u00e5lig, men man m\u00e4rker det p\u00e5 hur den sk\u00e4r osten. Om det \u00e4r s\u00e5 att vi f\u00e5r den d\u00e5liga osthyveln beh\u00f6ver den bara svingas med extra omsorg f\u00f6r att vi ska kunna hyvla en bra ostskiva. Vi beh\u00f6ver koncentrera oss lite mer, anstr\u00e4nga oss lite mer, f\u00f6r att f\u00e5 n\u00e5got p\u00e5 mackan.\u201d<\/p>\n<p>Och s\u00e5 klack det till i mig. Det \u00e4r ju det Jesus s\u00e4ger. Vi beh\u00f6ver anstr\u00e4nga oss mer f\u00f6r att v\u00e5ra relationer mellan varandra ska fungera, vi beh\u00f6ver g\u00e5 en extra mil i varandras tj\u00e4nst, vi beh\u00f6ver g\u00e5 och prata ut med v\u00e5r broder, f\u00f6rl\u00e5ta v\u00e5ra fiender och be f\u00f6r den som f\u00f6rf\u00f6ljer oss.<\/p>\n<p>Likt den sl\u00f6a osthyveln beh\u00f6ver svingas med extra omsorg, beh\u00f6ver vi ge extra omsorg kring det som \u00e4r sv\u00e5rt.<br \/>\nOch s\u00e5 fick en osthyvel bli minnesregel f\u00f6r Bergspredikans sk\u00e4rpta bud.<\/p>\n<p>S\u00e5 be, g\u00e5 och l\u00e4gg dig, vakna upp igen och g\u00e5 ut och hyvla med omsorg om det sv\u00e5ra.<\/p>\n","protected":false},"excerpt":{"rendered":"<p>\u201dDu skall inte dr\u00e4pa!\u201d Budord nummer fem. Minnesregel \u2013 det \u00e4r fem bokst\u00e4ver i ordet dr\u00e4pa. Det \u00e4r en av de minnesregler f\u00f6r budord som brukar vara l\u00e4ttast att komma ih\u00e5g f\u00f6r konfirmanderna, f\u00f6r drar du ett platt streck f\u00f6r varje bokstav, ja, d\u00e5 blir det som n\u00e4r man ska h\u00e4nga gubbe \u2013 och det [&hellip;]<\/p>\n","protected":false},"author":670,"featured_media":1420,"comment_status":"open","ping_status":"open","sticky":false,"template":"","format":"standard","meta":{"_acf_changed":false,"footnotes":""},"categories":[133530],"tags":[142466,142457],"class_list":["post-1416","post","type-post","status-publish","format-standard","has-post-thumbnail","hentry","category-6e-sondagen-efter-trefaldighet","tag-erik-olebark-ringheim","tag-tankarinforhelgen"],"acf":[],"yoast_head":"<!-- This site is optimized with the Yoast SEO plugin v27.1.1 - https:\/\/yoast.com\/product\/yoast-seo-wordpress\/ -->\n<title>Vad jag l\u00e4rde mig av en osthyvel - Tankar inf\u00f6r helgen<\/title>\n<meta name=\"robots\" content=\"index, follow, max-snippet:-1, max-image-preview:large, max-video-preview:-1\" \/>\n<link rel=\"canonical\" href=\"https:\/\/blogg.svenskakyrkan.se\/tankarinforhelgen\/2018\/07\/02\/vad-jag-larde-mig-av-en-osthyvel\/\" \/>\n<meta property=\"og:locale\" content=\"sv_SE\" \/>\n<meta property=\"og:type\" content=\"article\" \/>\n<meta property=\"og:title\" content=\"Vad jag l\u00e4rde mig av en osthyvel - Tankar inf\u00f6r helgen\" \/>\n<meta property=\"og:description\" content=\"\u201dDu skall inte dr\u00e4pa!\u201d Budord nummer fem. Minnesregel \u2013 det \u00e4r fem bokst\u00e4ver i ordet dr\u00e4pa. Det \u00e4r en av de minnesregler f\u00f6r budord som brukar vara l\u00e4ttast att komma ih\u00e5g f\u00f6r konfirmanderna, f\u00f6r drar du ett platt streck f\u00f6r varje bokstav, ja, d\u00e5 blir det som n\u00e4r man ska h\u00e4nga gubbe \u2013 och det [&hellip;]\" \/>\n<meta property=\"og:url\" content=\"https:\/\/blogg.svenskakyrkan.se\/tankarinforhelgen\/2018\/07\/02\/vad-jag-larde-mig-av-en-osthyvel\/\" \/>\n<meta property=\"og:site_name\" content=\"Tankar inf\u00f6r helgen\" \/>\n<meta property=\"article:published_time\" content=\"2018-07-02T07:24:40+00:00\" \/>\n<meta property=\"article:modified_time\" content=\"2018-07-02T09:24:50+00:00\" \/>\n<meta name=\"author\" content=\"Redakt\u00f6r\" \/>\n<meta name=\"twitter:card\" content=\"summary_large_image\" \/>\n<meta name=\"twitter:label1\" content=\"Skriven av\" \/>\n\t<meta name=\"twitter:data1\" content=\"Redakt\u00f6r\" \/>\n\t<meta name=\"twitter:label2\" content=\"Ber\u00e4knad l\u00e4stid\" \/>\n\t<meta name=\"twitter:data2\" content=\"3 minuter\" \/>\n<script type=\"application\/ld+json\" class=\"yoast-schema-graph\">{\"@context\":\"https:\/\/schema.org\",\"@graph\":[{\"@type\":\"Article\",\"@id\":\"https:\/\/blogg.svenskakyrkan.se\/tankarinforhelgen\/2018\/07\/02\/vad-jag-larde-mig-av-en-osthyvel\/#article\",\"isPartOf\":{\"@id\":\"https:\/\/blogg.svenskakyrkan.se\/tankarinforhelgen\/2018\/07\/02\/vad-jag-larde-mig-av-en-osthyvel\/\"},\"author\":{\"name\":\"Redakt\u00f6r\",\"@id\":\"https:\/\/blogg.svenskakyrkan.se\/tankarinforhelgen\/#\/schema\/person\/45262a1ade6bf1a378b2bc2ea516a471\"},\"headline\":\"Vad jag l\u00e4rde mig av en osthyvel\",\"datePublished\":\"2018-07-02T07:24:40+00:00\",\"dateModified\":\"2018-07-02T09:24:50+00:00\",\"mainEntityOfPage\":{\"@id\":\"https:\/\/blogg.svenskakyrkan.se\/tankarinforhelgen\/2018\/07\/02\/vad-jag-larde-mig-av-en-osthyvel\/\"},\"wordCount\":644,\"commentCount\":2,\"image\":{\"@id\":\"https:\/\/blogg.svenskakyrkan.se\/tankarinforhelgen\/2018\/07\/02\/vad-jag-larde-mig-av-en-osthyvel\/#primaryimage\"},\"thumbnailUrl\":\"https:\/\/blogg.svenskakyrkan.se\/tankarinforhelgen\/files\/2018\/07\/osthyvlar2.png\",\"keywords\":[\"Erik Olebark Ringheim\",\"TANKARINFORHELGEN\"],\"articleSection\":[\"6:e s\u00f6ndagen efter trefaldighet\"],\"inLanguage\":\"sv-SE\",\"potentialAction\":[{\"@type\":\"CommentAction\",\"name\":\"Comment\",\"target\":[\"https:\/\/blogg.svenskakyrkan.se\/tankarinforhelgen\/2018\/07\/02\/vad-jag-larde-mig-av-en-osthyvel\/#respond\"]}]},{\"@type\":\"WebPage\",\"@id\":\"https:\/\/blogg.svenskakyrkan.se\/tankarinforhelgen\/2018\/07\/02\/vad-jag-larde-mig-av-en-osthyvel\/\",\"url\":\"https:\/\/blogg.svenskakyrkan.se\/tankarinforhelgen\/2018\/07\/02\/vad-jag-larde-mig-av-en-osthyvel\/\",\"name\":\"Vad jag l\u00e4rde mig av en osthyvel - Tankar inf\u00f6r helgen\",\"isPartOf\":{\"@id\":\"https:\/\/blogg.svenskakyrkan.se\/tankarinforhelgen\/#website\"},\"primaryImageOfPage\":{\"@id\":\"https:\/\/blogg.svenskakyrkan.se\/tankarinforhelgen\/2018\/07\/02\/vad-jag-larde-mig-av-en-osthyvel\/#primaryimage\"},\"image\":{\"@id\":\"https:\/\/blogg.svenskakyrkan.se\/tankarinforhelgen\/2018\/07\/02\/vad-jag-larde-mig-av-en-osthyvel\/#primaryimage\"},\"thumbnailUrl\":\"https:\/\/blogg.svenskakyrkan.se\/tankarinforhelgen\/files\/2018\/07\/osthyvlar2.png\",\"datePublished\":\"2018-07-02T07:24:40+00:00\",\"dateModified\":\"2018-07-02T09:24:50+00:00\",\"author\":{\"@id\":\"https:\/\/blogg.svenskakyrkan.se\/tankarinforhelgen\/#\/schema\/person\/45262a1ade6bf1a378b2bc2ea516a471\"},\"breadcrumb\":{\"@id\":\"https:\/\/blogg.svenskakyrkan.se\/tankarinforhelgen\/2018\/07\/02\/vad-jag-larde-mig-av-en-osthyvel\/#breadcrumb\"},\"inLanguage\":\"sv-SE\",\"potentialAction\":[{\"@type\":\"ReadAction\",\"target\":[\"https:\/\/blogg.svenskakyrkan.se\/tankarinforhelgen\/2018\/07\/02\/vad-jag-larde-mig-av-en-osthyvel\/\"]}]},{\"@type\":\"ImageObject\",\"inLanguage\":\"sv-SE\",\"@id\":\"https:\/\/blogg.svenskakyrkan.se\/tankarinforhelgen\/2018\/07\/02\/vad-jag-larde-mig-av-en-osthyvel\/#primaryimage\",\"url\":\"https:\/\/blogg.svenskakyrkan.se\/tankarinforhelgen\/files\/2018\/07\/osthyvlar2.png\",\"contentUrl\":\"https:\/\/blogg.svenskakyrkan.se\/tankarinforhelgen\/files\/2018\/07\/osthyvlar2.png\",\"width\":788,\"height\":584},{\"@type\":\"BreadcrumbList\",\"@id\":\"https:\/\/blogg.svenskakyrkan.se\/tankarinforhelgen\/2018\/07\/02\/vad-jag-larde-mig-av-en-osthyvel\/#breadcrumb\",\"itemListElement\":[{\"@type\":\"ListItem\",\"position\":1,\"name\":\"Hem\",\"item\":\"https:\/\/blogg.svenskakyrkan.se\/tankarinforhelgen\/\"},{\"@type\":\"ListItem\",\"position\":2,\"name\":\"Vad jag l\u00e4rde mig av en osthyvel\"}]},{\"@type\":\"WebSite\",\"@id\":\"https:\/\/blogg.svenskakyrkan.se\/tankarinforhelgen\/#website\",\"url\":\"https:\/\/blogg.svenskakyrkan.se\/tankarinforhelgen\/\",\"name\":\"Tankar inf\u00f6r helgen\",\"description\":\"Pr\u00e4ster funderar utifr\u00e5n kommande s\u00f6ndags texter\",\"potentialAction\":[{\"@type\":\"SearchAction\",\"target\":{\"@type\":\"EntryPoint\",\"urlTemplate\":\"https:\/\/blogg.svenskakyrkan.se\/tankarinforhelgen\/?s={search_term_string}\"},\"query-input\":{\"@type\":\"PropertyValueSpecification\",\"valueRequired\":true,\"valueName\":\"search_term_string\"}}],\"inLanguage\":\"sv-SE\"},{\"@type\":\"Person\",\"@id\":\"https:\/\/blogg.svenskakyrkan.se\/tankarinforhelgen\/#\/schema\/person\/45262a1ade6bf1a378b2bc2ea516a471\",\"name\":\"Redakt\u00f6r\",\"image\":{\"@type\":\"ImageObject\",\"inLanguage\":\"sv-SE\",\"@id\":\"https:\/\/blogg.svenskakyrkan.se\/tankarinforhelgen\/#\/schema\/person\/image\/\",\"url\":\"https:\/\/secure.gravatar.com\/avatar\/4c212d91dd43b8df8a6804f4890843cb55b8a4948a08d870700f9fb64c6c73c2?s=96&d=mm&r=g\",\"contentUrl\":\"https:\/\/secure.gravatar.com\/avatar\/4c212d91dd43b8df8a6804f4890843cb55b8a4948a08d870700f9fb64c6c73c2?s=96&d=mm&r=g\",\"caption\":\"Redakt\u00f6r\"},\"url\":\"https:\/\/blogg.svenskakyrkan.se\/tankarinforhelgen\/author\/annabarbier\/\"}]}<\/script>\n<!-- \/ Yoast SEO plugin. -->","yoast_head_json":{"title":"Vad jag l\u00e4rde mig av en osthyvel - Tankar inf\u00f6r helgen","robots":{"index":"index","follow":"follow","max-snippet":"max-snippet:-1","max-image-preview":"max-image-preview:large","max-video-preview":"max-video-preview:-1"},"canonical":"https:\/\/blogg.svenskakyrkan.se\/tankarinforhelgen\/2018\/07\/02\/vad-jag-larde-mig-av-en-osthyvel\/","og_locale":"sv_SE","og_type":"article","og_title":"Vad jag l\u00e4rde mig av en osthyvel - Tankar inf\u00f6r helgen","og_description":"\u201dDu skall inte dr\u00e4pa!\u201d Budord nummer fem. Minnesregel \u2013 det \u00e4r fem bokst\u00e4ver i ordet dr\u00e4pa. Det \u00e4r en av de minnesregler f\u00f6r budord som brukar vara l\u00e4ttast att komma ih\u00e5g f\u00f6r konfirmanderna, f\u00f6r drar du ett platt streck f\u00f6r varje bokstav, ja, d\u00e5 blir det som n\u00e4r man ska h\u00e4nga gubbe \u2013 och det [&hellip;]","og_url":"https:\/\/blogg.svenskakyrkan.se\/tankarinforhelgen\/2018\/07\/02\/vad-jag-larde-mig-av-en-osthyvel\/","og_site_name":"Tankar inf\u00f6r helgen","article_published_time":"2018-07-02T07:24:40+00:00","article_modified_time":"2018-07-02T09:24:50+00:00","author":"Redakt\u00f6r","twitter_card":"summary_large_image","twitter_misc":{"Skriven av":"Redakt\u00f6r","Ber\u00e4knad l\u00e4stid":"3 minuter"},"schema":{"@context":"https:\/\/schema.org","@graph":[{"@type":"Article","@id":"https:\/\/blogg.svenskakyrkan.se\/tankarinforhelgen\/2018\/07\/02\/vad-jag-larde-mig-av-en-osthyvel\/#article","isPartOf":{"@id":"https:\/\/blogg.svenskakyrkan.se\/tankarinforhelgen\/2018\/07\/02\/vad-jag-larde-mig-av-en-osthyvel\/"},"author":{"name":"Redakt\u00f6r","@id":"https:\/\/blogg.svenskakyrkan.se\/tankarinforhelgen\/#\/schema\/person\/45262a1ade6bf1a378b2bc2ea516a471"},"headline":"Vad jag l\u00e4rde mig av en osthyvel","datePublished":"2018-07-02T07:24:40+00:00","dateModified":"2018-07-02T09:24:50+00:00","mainEntityOfPage":{"@id":"https:\/\/blogg.svenskakyrkan.se\/tankarinforhelgen\/2018\/07\/02\/vad-jag-larde-mig-av-en-osthyvel\/"},"wordCount":644,"commentCount":2,"image":{"@id":"https:\/\/blogg.svenskakyrkan.se\/tankarinforhelgen\/2018\/07\/02\/vad-jag-larde-mig-av-en-osthyvel\/#primaryimage"},"thumbnailUrl":"https:\/\/blogg.svenskakyrkan.se\/tankarinforhelgen\/files\/2018\/07\/osthyvlar2.png","keywords":["Erik Olebark Ringheim","TANKARINFORHELGEN"],"articleSection":["6:e s\u00f6ndagen efter trefaldighet"],"inLanguage":"sv-SE","potentialAction":[{"@type":"CommentAction","name":"Comment","target":["https:\/\/blogg.svenskakyrkan.se\/tankarinforhelgen\/2018\/07\/02\/vad-jag-larde-mig-av-en-osthyvel\/#respond"]}]},{"@type":"WebPage","@id":"https:\/\/blogg.svenskakyrkan.se\/tankarinforhelgen\/2018\/07\/02\/vad-jag-larde-mig-av-en-osthyvel\/","url":"https:\/\/blogg.svenskakyrkan.se\/tankarinforhelgen\/2018\/07\/02\/vad-jag-larde-mig-av-en-osthyvel\/","name":"Vad jag l\u00e4rde mig av en osthyvel - Tankar inf\u00f6r helgen","isPartOf":{"@id":"https:\/\/blogg.svenskakyrkan.se\/tankarinforhelgen\/#website"},"primaryImageOfPage":{"@id":"https:\/\/blogg.svenskakyrkan.se\/tankarinforhelgen\/2018\/07\/02\/vad-jag-larde-mig-av-en-osthyvel\/#primaryimage"},"image":{"@id":"https:\/\/blogg.svenskakyrkan.se\/tankarinforhelgen\/2018\/07\/02\/vad-jag-larde-mig-av-en-osthyvel\/#primaryimage"},"thumbnailUrl":"https:\/\/blogg.svenskakyrkan.se\/tankarinforhelgen\/files\/2018\/07\/osthyvlar2.png","datePublished":"2018-07-02T07:24:40+00:00","dateModified":"2018-07-02T09:24:50+00:00","author":{"@id":"https:\/\/blogg.svenskakyrkan.se\/tankarinforhelgen\/#\/schema\/person\/45262a1ade6bf1a378b2bc2ea516a471"},"breadcrumb":{"@id":"https:\/\/blogg.svenskakyrkan.se\/tankarinforhelgen\/2018\/07\/02\/vad-jag-larde-mig-av-en-osthyvel\/#breadcrumb"},"inLanguage":"sv-SE","potentialAction":[{"@type":"ReadAction","target":["https:\/\/blogg.svenskakyrkan.se\/tankarinforhelgen\/2018\/07\/02\/vad-jag-larde-mig-av-en-osthyvel\/"]}]},{"@type":"ImageObject","inLanguage":"sv-SE","@id":"https:\/\/blogg.svenskakyrkan.se\/tankarinforhelgen\/2018\/07\/02\/vad-jag-larde-mig-av-en-osthyvel\/#primaryimage","url":"https:\/\/blogg.svenskakyrkan.se\/tankarinforhelgen\/files\/2018\/07\/osthyvlar2.png","contentUrl":"https:\/\/blogg.svenskakyrkan.se\/tankarinforhelgen\/files\/2018\/07\/osthyvlar2.png","width":788,"height":584},{"@type":"BreadcrumbList","@id":"https:\/\/blogg.svenskakyrkan.se\/tankarinforhelgen\/2018\/07\/02\/vad-jag-larde-mig-av-en-osthyvel\/#breadcrumb","itemListElement":[{"@type":"ListItem","position":1,"name":"Hem","item":"https:\/\/blogg.svenskakyrkan.se\/tankarinforhelgen\/"},{"@type":"ListItem","position":2,"name":"Vad jag l\u00e4rde mig av en osthyvel"}]},{"@type":"WebSite","@id":"https:\/\/blogg.svenskakyrkan.se\/tankarinforhelgen\/#website","url":"https:\/\/blogg.svenskakyrkan.se\/tankarinforhelgen\/","name":"Tankar inf\u00f6r helgen","description":"Pr\u00e4ster funderar utifr\u00e5n kommande s\u00f6ndags texter","potentialAction":[{"@type":"SearchAction","target":{"@type":"EntryPoint","urlTemplate":"https:\/\/blogg.svenskakyrkan.se\/tankarinforhelgen\/?s={search_term_string}"},"query-input":{"@type":"PropertyValueSpecification","valueRequired":true,"valueName":"search_term_string"}}],"inLanguage":"sv-SE"},{"@type":"Person","@id":"https:\/\/blogg.svenskakyrkan.se\/tankarinforhelgen\/#\/schema\/person\/45262a1ade6bf1a378b2bc2ea516a471","name":"Redakt\u00f6r","image":{"@type":"ImageObject","inLanguage":"sv-SE","@id":"https:\/\/blogg.svenskakyrkan.se\/tankarinforhelgen\/#\/schema\/person\/image\/","url":"https:\/\/secure.gravatar.com\/avatar\/4c212d91dd43b8df8a6804f4890843cb55b8a4948a08d870700f9fb64c6c73c2?s=96&d=mm&r=g","contentUrl":"https:\/\/secure.gravatar.com\/avatar\/4c212d91dd43b8df8a6804f4890843cb55b8a4948a08d870700f9fb64c6c73c2?s=96&d=mm&r=g","caption":"Redakt\u00f6r"},"url":"https:\/\/blogg.svenskakyrkan.se\/tankarinforhelgen\/author\/annabarbier\/"}]}},"author_meta":{"ID":"670","user_nicename":"annabarbier","user_registered":"2018-03-04 09:17:03","display_name":"Redakt\u00f6r","avatar":"https:\/\/secure.gravatar.com\/avatar\/4c212d91dd43b8df8a6804f4890843cb55b8a4948a08d870700f9fb64c6c73c2?s=96&d=mm&r=g"},"featured_image":["https:\/\/blogg.svenskakyrkan.se\/tankarinforhelgen\/files\/2018\/07\/osthyvlar2.png",788,584,false],"bloginfo":{"name":"Tankar inf\u00f6r helgen","url":"https:\/\/blogg.svenskakyrkan.se\/tankarinforhelgen"},"_links":{"self":[{"href":"https:\/\/blogg.svenskakyrkan.se\/tankarinforhelgen\/wp-json\/wp\/v2\/posts\/1416","targetHints":{"allow":["GET"]}}],"collection":[{"href":"https:\/\/blogg.svenskakyrkan.se\/tankarinforhelgen\/wp-json\/wp\/v2\/posts"}],"about":[{"href":"https:\/\/blogg.svenskakyrkan.se\/tankarinforhelgen\/wp-json\/wp\/v2\/types\/post"}],"author":[{"embeddable":true,"href":"https:\/\/blogg.svenskakyrkan.se\/tankarinforhelgen\/wp-json\/wp\/v2\/users\/670"}],"replies":[{"embeddable":true,"href":"https:\/\/blogg.svenskakyrkan.se\/tankarinforhelgen\/wp-json\/wp\/v2\/comments?post=1416"}],"version-history":[{"count":2,"href":"https:\/\/blogg.svenskakyrkan.se\/tankarinforhelgen\/wp-json\/wp\/v2\/posts\/1416\/revisions"}],"predecessor-version":[{"id":1421,"href":"https:\/\/blogg.svenskakyrkan.se\/tankarinforhelgen\/wp-json\/wp\/v2\/posts\/1416\/revisions\/1421"}],"wp:featuredmedia":[{"embeddable":true,"href":"https:\/\/blogg.svenskakyrkan.se\/tankarinforhelgen\/wp-json\/wp\/v2\/media\/1420"}],"wp:attachment":[{"href":"https:\/\/blogg.svenskakyrkan.se\/tankarinforhelgen\/wp-json\/wp\/v2\/media?parent=1416"}],"wp:term":[{"taxonomy":"category","embeddable":true,"href":"https:\/\/blogg.svenskakyrkan.se\/tankarinforhelgen\/wp-json\/wp\/v2\/categories?post=1416"},{"taxonomy":"post_tag","embeddable":true,"href":"https:\/\/blogg.svenskakyrkan.se\/tankarinforhelgen\/wp-json\/wp\/v2\/tags?post=1416"}],"curies":[{"name":"wp","href":"https:\/\/api.w.org\/{rel}","templated":true}]}}