{"id":1439,"date":"2018-07-26T11:31:29","date_gmt":"2018-07-26T09:31:29","guid":{"rendered":"http:\/\/blogg.svenskakyrkan.se\/tankarinforhelgen\/?p=1439"},"modified":"2018-07-26T12:56:11","modified_gmt":"2018-07-26T10:56:11","slug":"om-att-vara-sann","status":"publish","type":"post","link":"https:\/\/blogg.svenskakyrkan.se\/tankarinforhelgen\/2018\/07\/26\/om-att-vara-sann\/","title":{"rendered":"Om att vara sann"},"content":{"rendered":"<p style=\"margin: 0cm;margin-bottom: .0001pt\">I psykiatri\u00f6verl\u00e4karen David Eberhards sommarprogram ber\u00e4ttas om bristen p\u00e5 beredskap hos oss individer n\u00e4r vi m\u00f6ts av livets sv\u00e5righeter.<\/p>\n<p style=\"margin: 0cm;margin-bottom: .0001pt\">Jag blev s\u00e5 glad av hans program. R\u00e4tt och sl\u00e4tt ber\u00e4ttade han hur hans liv tett sig och jag kunde k\u00e4nna igen mej, fast\u00e4n vi lever helt olika liv och \u00e4r tv\u00e5 olika generationer. Det \u00e4r n\u00e5got alldeles s\u00e4rskilt med \u00e4rliga personliga ber\u00e4ttelser, som inte g\u00f6r oss till varken offer eller hj\u00e4ltar, utan bara nakna m\u00e4nniskor.<\/p>\n<p style=\"margin: 0cm;margin-bottom: .0001pt\">Idag kan vi l\u00e4ra oss mycket om hur vi kan skyla v\u00e5r nakenhet. Sociala medier \u00e4r b\u00e5de en tillg\u00e5ng och ett ok n\u00e4r det handlar om att v\u00e5ga vara den man \u00e4r.<\/p>\n<p style=\"margin: 0cm;margin-bottom: .0001pt\">F\u00f6r det \u00e4r nog det som \u00e4r v\u00e5r s\u00f6ndags tema; att vara en god f\u00f6rvaltare. Hur f\u00f6rvaltar vi oss sj\u00e4lva, med allt vad vi \u00e4r?<\/p>\n<p style=\"margin: 0cm;margin-bottom: .0001pt\">Det kan givetvis handla om hur vi f\u00f6rvaltar v\u00e5ra goda egenskaper eller den jord vi f\u00e5tt, vilket \u00e4r h\u00f6gaktuellt i denna evinnerliga torka som uts\u00e4tter medm\u00e4nniskor f\u00f6r extremt k\u00e4mpande i br\u00e4nder och lantbruk.<\/p>\n<p style=\"margin: 0cm;margin-bottom: .0001pt\">Men det kan ocks\u00e5 handla om var och en av oss, hur tar jag hand om mej och du dej? Hur kan det vara till hj\u00e4lp f\u00f6r andra att vi g\u00f6r det.<\/p>\n<p style=\"margin: 0cm;margin-bottom: .0001pt\">Att f\u00f6rvalta n\u00e5got handlar ju om att fundera och anv\u00e4nda det en har f\u00e5tt till sig, oavsett vad det \u00e4r. Vi har v\u00e5ra kroppar, sj\u00e4lar och ande. Det \u00e4r inte varje dag jag t\u00e4nker p\u00e5 att jag har makten och ansvaret att f\u00f6rvalta detta.<\/p>\n<p style=\"margin: 0cm;margin-bottom: .0001pt\">Det \u00e4r ju faktiskt riktigt l\u00e4skigt att t\u00e4nka s\u00e5. Att det inte handlar om n\u00e5gon annan \u00e4n mej sj\u00e4lv. Att v\u00e5ga vara s\u00e5 naken inf\u00f6r sig sj\u00e4lv. Titta sig sj\u00e4lv b\u00e5de i den spegel som jag kan se min kropp i och i den spegel d\u00e4r jag kan se min sj\u00e4l. Och s\u00e5 anden. Vilka speglar anv\u00e4nder man till det?<\/p>\n<p style=\"margin: 0cm;margin-bottom: .0001pt\">Ja, hur g\u00f6r man egentligen n\u00e4r man f\u00f6rvaltar sig sj\u00e4lv?<\/p>\n<p style=\"margin: 0cm;margin-bottom: .0001pt\">Det skulle jag vilja se en kurs i en f\u00f6rsamling; \u201dSj\u00e4lvf\u00f6rvaltande\u201d.<\/p>\n<p style=\"margin: 0cm;margin-bottom: .0001pt\">Samtidigt \u00e4r det just det vi g\u00f6r, kanske varje dag eller varje vecka eller n\u00e5gong\u00e5ng ibland.<\/p>\n<p style=\"margin: 0cm;margin-bottom: .0001pt\">Vi ber, d\u00e4r kan vi spegla oss i andens spegel. Vi m\u00f6ts, d\u00e4r kan vi spegla oss i sj\u00e4lens spegel. Vi lever, r\u00f6r oss och finns till &#8211; d\u00e4r kan vi spegla oss i kroppens spegel.<\/p>\n<p style=\"margin: 0cm;margin-bottom: .0001pt\">Om vi l\u00e4rde oss att spegla oss redan som sm\u00e5 barn, kanske beredskapen f\u00f6r livets sv\u00e5righeter inte skulle vara lika l\u00e5g d\u00e5.<\/p>\n<p style=\"margin: 0cm;margin-bottom: .0001pt\">Om vi v\u00e5gade m\u00f6tas som nakna individer, med allt vad vi \u00e4r; med sorg och ilska, med f\u00f6r\u00e4lskelse och hopp, med r\u00e4dsla och f\u00f6rv\u00e4ntan &#8211; kanske det g\u00e5r att leva helare d\u00e5?<\/p>\n","protected":false},"excerpt":{"rendered":"<p>I psykiatri\u00f6verl\u00e4karen David Eberhards sommarprogram ber\u00e4ttas om bristen p\u00e5 beredskap hos oss individer n\u00e4r vi m\u00f6ts av livets sv\u00e5righeter. Jag blev s\u00e5 glad av hans program. R\u00e4tt och sl\u00e4tt ber\u00e4ttade han hur hans liv tett sig och jag kunde k\u00e4nna igen mej, fast\u00e4n vi lever helt olika liv och \u00e4r tv\u00e5 olika generationer. Det \u00e4r [&hellip;]<\/p>\n","protected":false},"author":673,"featured_media":1440,"comment_status":"open","ping_status":"open","sticky":false,"template":"","format":"standard","meta":{"_acf_changed":false,"footnotes":""},"categories":[132857],"tags":[142464,142457],"class_list":["post-1439","post","type-post","status-publish","format-standard","has-post-thumbnail","hentry","category-9e-sondagen-efter-trefaldighet","tag-magdalena-erixon","tag-tankarinforhelgen"],"acf":[],"yoast_head":"<!-- This site is optimized with the Yoast SEO plugin v27.1.1 - https:\/\/yoast.com\/product\/yoast-seo-wordpress\/ -->\n<title>Om att vara sann - Tankar inf\u00f6r helgen<\/title>\n<meta name=\"robots\" content=\"index, follow, max-snippet:-1, max-image-preview:large, max-video-preview:-1\" \/>\n<link rel=\"canonical\" href=\"https:\/\/blogg.svenskakyrkan.se\/tankarinforhelgen\/2018\/07\/26\/om-att-vara-sann\/\" \/>\n<meta property=\"og:locale\" content=\"sv_SE\" \/>\n<meta property=\"og:type\" content=\"article\" \/>\n<meta property=\"og:title\" content=\"Om att vara sann - Tankar inf\u00f6r helgen\" \/>\n<meta property=\"og:description\" content=\"I psykiatri\u00f6verl\u00e4karen David Eberhards sommarprogram ber\u00e4ttas om bristen p\u00e5 beredskap hos oss individer n\u00e4r vi m\u00f6ts av livets sv\u00e5righeter. Jag blev s\u00e5 glad av hans program. R\u00e4tt och sl\u00e4tt ber\u00e4ttade han hur hans liv tett sig och jag kunde k\u00e4nna igen mej, fast\u00e4n vi lever helt olika liv och \u00e4r tv\u00e5 olika generationer. Det \u00e4r [&hellip;]\" \/>\n<meta property=\"og:url\" content=\"https:\/\/blogg.svenskakyrkan.se\/tankarinforhelgen\/2018\/07\/26\/om-att-vara-sann\/\" \/>\n<meta property=\"og:site_name\" content=\"Tankar inf\u00f6r helgen\" \/>\n<meta property=\"article:published_time\" content=\"2018-07-26T09:31:29+00:00\" \/>\n<meta property=\"article:modified_time\" content=\"2018-07-26T10:56:11+00:00\" \/>\n<meta name=\"author\" content=\"Magdalena Erixon, pr\u00e4st\" \/>\n<meta name=\"twitter:card\" content=\"summary_large_image\" \/>\n<meta name=\"twitter:label1\" content=\"Skriven av\" \/>\n\t<meta name=\"twitter:data1\" content=\"Magdalena Erixon, pr\u00e4st\" \/>\n\t<meta name=\"twitter:label2\" content=\"Ber\u00e4knad l\u00e4stid\" \/>\n\t<meta name=\"twitter:data2\" content=\"3 minuter\" \/>\n<script type=\"application\/ld+json\" class=\"yoast-schema-graph\">{\"@context\":\"https:\/\/schema.org\",\"@graph\":[{\"@type\":\"Article\",\"@id\":\"https:\/\/blogg.svenskakyrkan.se\/tankarinforhelgen\/2018\/07\/26\/om-att-vara-sann\/#article\",\"isPartOf\":{\"@id\":\"https:\/\/blogg.svenskakyrkan.se\/tankarinforhelgen\/2018\/07\/26\/om-att-vara-sann\/\"},\"author\":{\"name\":\"Magdalena Erixon, pr\u00e4st\",\"@id\":\"https:\/\/blogg.svenskakyrkan.se\/tankarinforhelgen\/#\/schema\/person\/06f9ef63b668d2893c6ed6e973eae1b4\"},\"headline\":\"Om att vara sann\",\"datePublished\":\"2018-07-26T09:31:29+00:00\",\"dateModified\":\"2018-07-26T10:56:11+00:00\",\"mainEntityOfPage\":{\"@id\":\"https:\/\/blogg.svenskakyrkan.se\/tankarinforhelgen\/2018\/07\/26\/om-att-vara-sann\/\"},\"wordCount\":521,\"commentCount\":1,\"image\":{\"@id\":\"https:\/\/blogg.svenskakyrkan.se\/tankarinforhelgen\/2018\/07\/26\/om-att-vara-sann\/#primaryimage\"},\"thumbnailUrl\":\"https:\/\/blogg.svenskakyrkan.se\/tankarinforhelgen\/files\/2018\/07\/blue-925209_1920.jpg\",\"keywords\":[\"Magdalena Erixon\",\"TANKARINFORHELGEN\"],\"articleSection\":[\"9:e s\u00f6ndagen efter trefaldighet\"],\"inLanguage\":\"sv-SE\",\"potentialAction\":[{\"@type\":\"CommentAction\",\"name\":\"Comment\",\"target\":[\"https:\/\/blogg.svenskakyrkan.se\/tankarinforhelgen\/2018\/07\/26\/om-att-vara-sann\/#respond\"]}]},{\"@type\":\"WebPage\",\"@id\":\"https:\/\/blogg.svenskakyrkan.se\/tankarinforhelgen\/2018\/07\/26\/om-att-vara-sann\/\",\"url\":\"https:\/\/blogg.svenskakyrkan.se\/tankarinforhelgen\/2018\/07\/26\/om-att-vara-sann\/\",\"name\":\"Om att vara sann - Tankar inf\u00f6r helgen\",\"isPartOf\":{\"@id\":\"https:\/\/blogg.svenskakyrkan.se\/tankarinforhelgen\/#website\"},\"primaryImageOfPage\":{\"@id\":\"https:\/\/blogg.svenskakyrkan.se\/tankarinforhelgen\/2018\/07\/26\/om-att-vara-sann\/#primaryimage\"},\"image\":{\"@id\":\"https:\/\/blogg.svenskakyrkan.se\/tankarinforhelgen\/2018\/07\/26\/om-att-vara-sann\/#primaryimage\"},\"thumbnailUrl\":\"https:\/\/blogg.svenskakyrkan.se\/tankarinforhelgen\/files\/2018\/07\/blue-925209_1920.jpg\",\"datePublished\":\"2018-07-26T09:31:29+00:00\",\"dateModified\":\"2018-07-26T10:56:11+00:00\",\"author\":{\"@id\":\"https:\/\/blogg.svenskakyrkan.se\/tankarinforhelgen\/#\/schema\/person\/06f9ef63b668d2893c6ed6e973eae1b4\"},\"breadcrumb\":{\"@id\":\"https:\/\/blogg.svenskakyrkan.se\/tankarinforhelgen\/2018\/07\/26\/om-att-vara-sann\/#breadcrumb\"},\"inLanguage\":\"sv-SE\",\"potentialAction\":[{\"@type\":\"ReadAction\",\"target\":[\"https:\/\/blogg.svenskakyrkan.se\/tankarinforhelgen\/2018\/07\/26\/om-att-vara-sann\/\"]}]},{\"@type\":\"ImageObject\",\"inLanguage\":\"sv-SE\",\"@id\":\"https:\/\/blogg.svenskakyrkan.se\/tankarinforhelgen\/2018\/07\/26\/om-att-vara-sann\/#primaryimage\",\"url\":\"https:\/\/blogg.svenskakyrkan.se\/tankarinforhelgen\/files\/2018\/07\/blue-925209_1920.jpg\",\"contentUrl\":\"https:\/\/blogg.svenskakyrkan.se\/tankarinforhelgen\/files\/2018\/07\/blue-925209_1920.jpg\",\"width\":1920,\"height\":1529},{\"@type\":\"BreadcrumbList\",\"@id\":\"https:\/\/blogg.svenskakyrkan.se\/tankarinforhelgen\/2018\/07\/26\/om-att-vara-sann\/#breadcrumb\",\"itemListElement\":[{\"@type\":\"ListItem\",\"position\":1,\"name\":\"Hem\",\"item\":\"https:\/\/blogg.svenskakyrkan.se\/tankarinforhelgen\/\"},{\"@type\":\"ListItem\",\"position\":2,\"name\":\"Om att vara sann\"}]},{\"@type\":\"WebSite\",\"@id\":\"https:\/\/blogg.svenskakyrkan.se\/tankarinforhelgen\/#website\",\"url\":\"https:\/\/blogg.svenskakyrkan.se\/tankarinforhelgen\/\",\"name\":\"Tankar inf\u00f6r helgen\",\"description\":\"Pr\u00e4ster funderar utifr\u00e5n kommande s\u00f6ndags texter\",\"potentialAction\":[{\"@type\":\"SearchAction\",\"target\":{\"@type\":\"EntryPoint\",\"urlTemplate\":\"https:\/\/blogg.svenskakyrkan.se\/tankarinforhelgen\/?s={search_term_string}\"},\"query-input\":{\"@type\":\"PropertyValueSpecification\",\"valueRequired\":true,\"valueName\":\"search_term_string\"}}],\"inLanguage\":\"sv-SE\"},{\"@type\":\"Person\",\"@id\":\"https:\/\/blogg.svenskakyrkan.se\/tankarinforhelgen\/#\/schema\/person\/06f9ef63b668d2893c6ed6e973eae1b4\",\"name\":\"Magdalena Erixon, pr\u00e4st\",\"image\":{\"@type\":\"ImageObject\",\"inLanguage\":\"sv-SE\",\"@id\":\"https:\/\/blogg.svenskakyrkan.se\/tankarinforhelgen\/#\/schema\/person\/image\/\",\"url\":\"https:\/\/secure.gravatar.com\/avatar\/0c0079562c0ba3bbbb0d4645a01896a330df74cc4e8648ba98b12655273934b9?s=96&d=mm&r=g\",\"contentUrl\":\"https:\/\/secure.gravatar.com\/avatar\/0c0079562c0ba3bbbb0d4645a01896a330df74cc4e8648ba98b12655273934b9?s=96&d=mm&r=g\",\"caption\":\"Magdalena Erixon, pr\u00e4st\"},\"url\":\"https:\/\/blogg.svenskakyrkan.se\/tankarinforhelgen\/author\/magdalenaerixon\/\"}]}<\/script>\n<!-- \/ Yoast SEO plugin. -->","yoast_head_json":{"title":"Om att vara sann - Tankar inf\u00f6r helgen","robots":{"index":"index","follow":"follow","max-snippet":"max-snippet:-1","max-image-preview":"max-image-preview:large","max-video-preview":"max-video-preview:-1"},"canonical":"https:\/\/blogg.svenskakyrkan.se\/tankarinforhelgen\/2018\/07\/26\/om-att-vara-sann\/","og_locale":"sv_SE","og_type":"article","og_title":"Om att vara sann - Tankar inf\u00f6r helgen","og_description":"I psykiatri\u00f6verl\u00e4karen David Eberhards sommarprogram ber\u00e4ttas om bristen p\u00e5 beredskap hos oss individer n\u00e4r vi m\u00f6ts av livets sv\u00e5righeter. Jag blev s\u00e5 glad av hans program. R\u00e4tt och sl\u00e4tt ber\u00e4ttade han hur hans liv tett sig och jag kunde k\u00e4nna igen mej, fast\u00e4n vi lever helt olika liv och \u00e4r tv\u00e5 olika generationer. Det \u00e4r [&hellip;]","og_url":"https:\/\/blogg.svenskakyrkan.se\/tankarinforhelgen\/2018\/07\/26\/om-att-vara-sann\/","og_site_name":"Tankar inf\u00f6r helgen","article_published_time":"2018-07-26T09:31:29+00:00","article_modified_time":"2018-07-26T10:56:11+00:00","author":"Magdalena Erixon, pr\u00e4st","twitter_card":"summary_large_image","twitter_misc":{"Skriven av":"Magdalena Erixon, pr\u00e4st","Ber\u00e4knad l\u00e4stid":"3 minuter"},"schema":{"@context":"https:\/\/schema.org","@graph":[{"@type":"Article","@id":"https:\/\/blogg.svenskakyrkan.se\/tankarinforhelgen\/2018\/07\/26\/om-att-vara-sann\/#article","isPartOf":{"@id":"https:\/\/blogg.svenskakyrkan.se\/tankarinforhelgen\/2018\/07\/26\/om-att-vara-sann\/"},"author":{"name":"Magdalena Erixon, pr\u00e4st","@id":"https:\/\/blogg.svenskakyrkan.se\/tankarinforhelgen\/#\/schema\/person\/06f9ef63b668d2893c6ed6e973eae1b4"},"headline":"Om att vara sann","datePublished":"2018-07-26T09:31:29+00:00","dateModified":"2018-07-26T10:56:11+00:00","mainEntityOfPage":{"@id":"https:\/\/blogg.svenskakyrkan.se\/tankarinforhelgen\/2018\/07\/26\/om-att-vara-sann\/"},"wordCount":521,"commentCount":1,"image":{"@id":"https:\/\/blogg.svenskakyrkan.se\/tankarinforhelgen\/2018\/07\/26\/om-att-vara-sann\/#primaryimage"},"thumbnailUrl":"https:\/\/blogg.svenskakyrkan.se\/tankarinforhelgen\/files\/2018\/07\/blue-925209_1920.jpg","keywords":["Magdalena Erixon","TANKARINFORHELGEN"],"articleSection":["9:e s\u00f6ndagen efter trefaldighet"],"inLanguage":"sv-SE","potentialAction":[{"@type":"CommentAction","name":"Comment","target":["https:\/\/blogg.svenskakyrkan.se\/tankarinforhelgen\/2018\/07\/26\/om-att-vara-sann\/#respond"]}]},{"@type":"WebPage","@id":"https:\/\/blogg.svenskakyrkan.se\/tankarinforhelgen\/2018\/07\/26\/om-att-vara-sann\/","url":"https:\/\/blogg.svenskakyrkan.se\/tankarinforhelgen\/2018\/07\/26\/om-att-vara-sann\/","name":"Om att vara sann - Tankar inf\u00f6r helgen","isPartOf":{"@id":"https:\/\/blogg.svenskakyrkan.se\/tankarinforhelgen\/#website"},"primaryImageOfPage":{"@id":"https:\/\/blogg.svenskakyrkan.se\/tankarinforhelgen\/2018\/07\/26\/om-att-vara-sann\/#primaryimage"},"image":{"@id":"https:\/\/blogg.svenskakyrkan.se\/tankarinforhelgen\/2018\/07\/26\/om-att-vara-sann\/#primaryimage"},"thumbnailUrl":"https:\/\/blogg.svenskakyrkan.se\/tankarinforhelgen\/files\/2018\/07\/blue-925209_1920.jpg","datePublished":"2018-07-26T09:31:29+00:00","dateModified":"2018-07-26T10:56:11+00:00","author":{"@id":"https:\/\/blogg.svenskakyrkan.se\/tankarinforhelgen\/#\/schema\/person\/06f9ef63b668d2893c6ed6e973eae1b4"},"breadcrumb":{"@id":"https:\/\/blogg.svenskakyrkan.se\/tankarinforhelgen\/2018\/07\/26\/om-att-vara-sann\/#breadcrumb"},"inLanguage":"sv-SE","potentialAction":[{"@type":"ReadAction","target":["https:\/\/blogg.svenskakyrkan.se\/tankarinforhelgen\/2018\/07\/26\/om-att-vara-sann\/"]}]},{"@type":"ImageObject","inLanguage":"sv-SE","@id":"https:\/\/blogg.svenskakyrkan.se\/tankarinforhelgen\/2018\/07\/26\/om-att-vara-sann\/#primaryimage","url":"https:\/\/blogg.svenskakyrkan.se\/tankarinforhelgen\/files\/2018\/07\/blue-925209_1920.jpg","contentUrl":"https:\/\/blogg.svenskakyrkan.se\/tankarinforhelgen\/files\/2018\/07\/blue-925209_1920.jpg","width":1920,"height":1529},{"@type":"BreadcrumbList","@id":"https:\/\/blogg.svenskakyrkan.se\/tankarinforhelgen\/2018\/07\/26\/om-att-vara-sann\/#breadcrumb","itemListElement":[{"@type":"ListItem","position":1,"name":"Hem","item":"https:\/\/blogg.svenskakyrkan.se\/tankarinforhelgen\/"},{"@type":"ListItem","position":2,"name":"Om att vara sann"}]},{"@type":"WebSite","@id":"https:\/\/blogg.svenskakyrkan.se\/tankarinforhelgen\/#website","url":"https:\/\/blogg.svenskakyrkan.se\/tankarinforhelgen\/","name":"Tankar inf\u00f6r helgen","description":"Pr\u00e4ster funderar utifr\u00e5n kommande s\u00f6ndags texter","potentialAction":[{"@type":"SearchAction","target":{"@type":"EntryPoint","urlTemplate":"https:\/\/blogg.svenskakyrkan.se\/tankarinforhelgen\/?s={search_term_string}"},"query-input":{"@type":"PropertyValueSpecification","valueRequired":true,"valueName":"search_term_string"}}],"inLanguage":"sv-SE"},{"@type":"Person","@id":"https:\/\/blogg.svenskakyrkan.se\/tankarinforhelgen\/#\/schema\/person\/06f9ef63b668d2893c6ed6e973eae1b4","name":"Magdalena Erixon, pr\u00e4st","image":{"@type":"ImageObject","inLanguage":"sv-SE","@id":"https:\/\/blogg.svenskakyrkan.se\/tankarinforhelgen\/#\/schema\/person\/image\/","url":"https:\/\/secure.gravatar.com\/avatar\/0c0079562c0ba3bbbb0d4645a01896a330df74cc4e8648ba98b12655273934b9?s=96&d=mm&r=g","contentUrl":"https:\/\/secure.gravatar.com\/avatar\/0c0079562c0ba3bbbb0d4645a01896a330df74cc4e8648ba98b12655273934b9?s=96&d=mm&r=g","caption":"Magdalena Erixon, pr\u00e4st"},"url":"https:\/\/blogg.svenskakyrkan.se\/tankarinforhelgen\/author\/magdalenaerixon\/"}]}},"author_meta":{"ID":"673","user_nicename":"magdalenaerixon","user_registered":"2018-04-10 11:23:18","display_name":"Magdalena Erixon, pr\u00e4st","first_name":"Magdalena","last_name":"Erixon, pr\u00e4st","avatar":"https:\/\/secure.gravatar.com\/avatar\/0c0079562c0ba3bbbb0d4645a01896a330df74cc4e8648ba98b12655273934b9?s=96&d=mm&r=g"},"featured_image":["https:\/\/blogg.svenskakyrkan.se\/tankarinforhelgen\/files\/2018\/07\/blue-925209_1920-1024x815.jpg",1024,815,true],"bloginfo":{"name":"Tankar inf\u00f6r helgen","url":"https:\/\/blogg.svenskakyrkan.se\/tankarinforhelgen"},"_links":{"self":[{"href":"https:\/\/blogg.svenskakyrkan.se\/tankarinforhelgen\/wp-json\/wp\/v2\/posts\/1439","targetHints":{"allow":["GET"]}}],"collection":[{"href":"https:\/\/blogg.svenskakyrkan.se\/tankarinforhelgen\/wp-json\/wp\/v2\/posts"}],"about":[{"href":"https:\/\/blogg.svenskakyrkan.se\/tankarinforhelgen\/wp-json\/wp\/v2\/types\/post"}],"author":[{"embeddable":true,"href":"https:\/\/blogg.svenskakyrkan.se\/tankarinforhelgen\/wp-json\/wp\/v2\/users\/673"}],"replies":[{"embeddable":true,"href":"https:\/\/blogg.svenskakyrkan.se\/tankarinforhelgen\/wp-json\/wp\/v2\/comments?post=1439"}],"version-history":[{"count":3,"href":"https:\/\/blogg.svenskakyrkan.se\/tankarinforhelgen\/wp-json\/wp\/v2\/posts\/1439\/revisions"}],"predecessor-version":[{"id":1443,"href":"https:\/\/blogg.svenskakyrkan.se\/tankarinforhelgen\/wp-json\/wp\/v2\/posts\/1439\/revisions\/1443"}],"wp:featuredmedia":[{"embeddable":true,"href":"https:\/\/blogg.svenskakyrkan.se\/tankarinforhelgen\/wp-json\/wp\/v2\/media\/1440"}],"wp:attachment":[{"href":"https:\/\/blogg.svenskakyrkan.se\/tankarinforhelgen\/wp-json\/wp\/v2\/media?parent=1439"}],"wp:term":[{"taxonomy":"category","embeddable":true,"href":"https:\/\/blogg.svenskakyrkan.se\/tankarinforhelgen\/wp-json\/wp\/v2\/categories?post=1439"},{"taxonomy":"post_tag","embeddable":true,"href":"https:\/\/blogg.svenskakyrkan.se\/tankarinforhelgen\/wp-json\/wp\/v2\/tags?post=1439"}],"curies":[{"name":"wp","href":"https:\/\/api.w.org\/{rel}","templated":true}]}}