{"id":1445,"date":"2018-07-31T14:29:02","date_gmt":"2018-07-31T12:29:02","guid":{"rendered":"http:\/\/blogg.svenskakyrkan.se\/tankarinforhelgen\/?p=1445"},"modified":"2018-07-31T14:29:28","modified_gmt":"2018-07-31T12:29:28","slug":"mote-med-tradgardsmastaren","status":"publish","type":"post","link":"https:\/\/blogg.svenskakyrkan.se\/tankarinforhelgen\/2018\/07\/31\/mote-med-tradgardsmastaren\/","title":{"rendered":"M\u00f6te med tr\u00e4dg\u00e5rdsm\u00e4staren"},"content":{"rendered":"<p>Solen br\u00e4nner och l\u00e4ngtan efter svalka tar mig till en av kyrkorna i n\u00e4rheten. Stenv\u00e4ggarna st\u00e5r emot v\u00e4rme och v\u00e4der l\u00e4ngre \u00e4n vad andra v\u00e4ggar g\u00f6r. Kyrkporten st\u00e4ngs tungt efter mig och jag hittar en plats att vila. Tanken \u00e4r tr\u00f6tt av sommarhetta. Jag \u00e4r glad \u00f6ver de bilder som kyrkvalven ger mig. Det \u00e4r en dag d\u00e5 bilder ber\u00e4ttar b\u00e4ttre \u00e4n ord. Bilder utan upphovsr\u00e4tt och copyrightsavtal. Bilder som \u00e4r gratis.<\/p>\n<p>Min blick vandrar i valvb\u00e5garna. Alldeles ovanf\u00f6r mig, i en skuggig f\u00f6nsternisch, st\u00e5r han, kyrkans tr\u00e4dg\u00e5rdsm\u00e4stare. Han \u00e4r m\u00e5lad som den tr\u00e4dg\u00e5rdsm\u00e4stare som Bibelns Maria fr\u00e5n Magdala m\u00f6ter d\u00e5 hon f\u00f6rtvivlad g\u00e5r till Jesu grav. I mannen hon m\u00f6ter ser hon f\u00f6rst ingen annan \u00e4n tr\u00e4dg\u00e5rdsm\u00e4staren men hon blir i sinom tid \u00f6vertygad om att det i sj\u00e4lva verket inte \u00e4r n\u00e5gon mindre \u00e4n Jesus sj\u00e4lv, uppst\u00e5nden och levande, som st\u00e5r bredvid henne vid graven. Innan hon funderat p\u00e5, best\u00e4llt eller bokat in ett m\u00f6te. Gudsn\u00e4rvaron \u00e4r n\u00e4ra innan hon har kommit p\u00e5 att fr\u00e5ga efter den. Det som finns innan jag har t\u00e4nkt ut det har med det som \u00e4r gratis att g\u00f6ra. Bilden av Jesu m\u00f6te med Maria fr\u00e5n Magdala \u00e4r en bild av n\u00e5got stort som \u00e4r gratis.<\/p>\n<p>Det finns gott om bilder d\u00e4r Gud liknas vid en tr\u00e4dg\u00e5rdsm\u00e4stare. I kyrkan d\u00e4r jag fann svalka \u00e4r det Jesus som blir b\u00e4rare av bilden. I paradistr\u00e4dg\u00e5rden som beskrivs i Bibelns inledning s\u00e4gs Gud vandra omkring, p\u00e5 ett ganska m\u00e4nskligt s\u00e4tt, d\u00e5 det b\u00f6rjar svalkas p\u00e5 eftermiddagen f\u00f6r att se till sin tr\u00e4dg\u00e5rd. I s\u00f6ndagens evangelium talar Jesus om Gud, sin Far, som en vinodlare. Sj\u00e4lv beskriver han sig som vinstocken. I relation till vinodlaren och vinstocken blir vi, hans v\u00e4nner och l\u00e4rjungar, kvistar, grenar och druvor. En druva eller ett vinblad har inte fr\u00e5gat efter den stam och det rotsystem hon har v\u00e4xt fram ur. Det finns av n\u00e5d, gratis. Det finns innan druvan blir varse sina druvkamrater som hon bildar en klase tillsammans med. Det finns innan hon kan b\u00f6rja uppskatta det livgivande vattnet som stammen ger henne. Men det \u00e4r n\u00e4r druvan uppt\u00e4cker att hon h\u00f6r ihop med andra och n\u00e4r hon uppt\u00e4cker att stammens n\u00e4ring beh\u00f6vs f\u00f6r att hon ska v\u00e4xa som hon mognar och blir den frukt hon \u00e4r t\u00e4nkt att bli.<\/p>\n<p>Tr\u00e4dg\u00e5rdsm\u00e4staren p\u00e5 v\u00e4ggen i den svala kyrkan ber\u00e4ttar om n\u00e5d. Han talar uppmuntrande om det i livet som \u00e4r gratis och som p\u00e5 samma g\u00e5ng \u00e4r v\u00e4rt allt. Han vakar och vaktar sin kyrka. B\u00e5de i stenhuset och i m\u00e4nskogemenskapen odlar han sin tr\u00e4dg\u00e5rd. Han vattnar med dopets vatten. Han ger n\u00e4ring i b\u00f6ner och s\u00e5nger och med en orgel som brusar. St\u00f6der genom m\u00e4nniskor som uppmuntrar, l\u00e4r och \u00e4r till f\u00f6r varandra. L\u00e5ter sig f\u00f6rst\u00e5s i Bibelns bilder. Han kommer sj\u00e4lv p\u00e5 bes\u00f6k f\u00f6r att f\u00f6renas med sin tr\u00e4dg\u00e5rd. \u00c5krarnas korn och bergens druvor blir till br\u00f6d och vin som f\u00e5r b\u00e4ra honom sj\u00e4lv till dem som s\u00f6ker svalka.<\/p>\n<p>Tr\u00e4dg\u00e5rdsm\u00e4staren, Kristus, ser p\u00e5 mig fr\u00e5n skuggan vid f\u00f6nsternischen bredvid den s\u00f6rjande Maria fr\u00e5n Magdala. Och medan eftermiddagen svalkas funderar jag p\u00e5 om jag har f\u00f6rst\u00e5tt att det \u00e4r Gud sj\u00e4lv som ser p\u00e5 mig genom det ansiktet.<\/p>\n<p>&nbsp;<\/p>\n<p>&nbsp;<\/p>\n","protected":false},"excerpt":{"rendered":"<p>Solen br\u00e4nner och l\u00e4ngtan efter svalka tar mig till en av kyrkorna i n\u00e4rheten. Stenv\u00e4ggarna st\u00e5r emot v\u00e4rme och v\u00e4der l\u00e4ngre \u00e4n vad andra v\u00e4ggar g\u00f6r. Kyrkporten st\u00e4ngs tungt efter mig och jag hittar en plats att vila. Tanken \u00e4r tr\u00f6tt av sommarhetta. Jag \u00e4r glad \u00f6ver de bilder som kyrkvalven ger mig. Det \u00e4r [&hellip;]<\/p>\n","protected":false},"author":666,"featured_media":1446,"comment_status":"open","ping_status":"open","sticky":false,"template":"","format":"standard","meta":{"_acf_changed":false,"footnotes":""},"categories":[132733],"tags":[159856,142457],"class_list":["post-1445","post","type-post","status-publish","format-standard","has-post-thumbnail","hentry","category-10e-sondagen-efter-trefaldighet","tag-britt-karin-ekstrand","tag-tankarinforhelgen"],"acf":[],"yoast_head":"<!-- This site is optimized with the Yoast SEO plugin v27.1.1 - https:\/\/yoast.com\/product\/yoast-seo-wordpress\/ -->\n<title>M\u00f6te med tr\u00e4dg\u00e5rdsm\u00e4staren - Tankar inf\u00f6r helgen<\/title>\n<meta name=\"robots\" content=\"index, follow, max-snippet:-1, max-image-preview:large, max-video-preview:-1\" \/>\n<link rel=\"canonical\" href=\"https:\/\/blogg.svenskakyrkan.se\/tankarinforhelgen\/2018\/07\/31\/mote-med-tradgardsmastaren\/\" \/>\n<meta property=\"og:locale\" content=\"sv_SE\" \/>\n<meta property=\"og:type\" content=\"article\" \/>\n<meta property=\"og:title\" content=\"M\u00f6te med tr\u00e4dg\u00e5rdsm\u00e4staren - Tankar inf\u00f6r helgen\" \/>\n<meta property=\"og:description\" content=\"Solen br\u00e4nner och l\u00e4ngtan efter svalka tar mig till en av kyrkorna i n\u00e4rheten. Stenv\u00e4ggarna st\u00e5r emot v\u00e4rme och v\u00e4der l\u00e4ngre \u00e4n vad andra v\u00e4ggar g\u00f6r. Kyrkporten st\u00e4ngs tungt efter mig och jag hittar en plats att vila. Tanken \u00e4r tr\u00f6tt av sommarhetta. Jag \u00e4r glad \u00f6ver de bilder som kyrkvalven ger mig. Det \u00e4r [&hellip;]\" \/>\n<meta property=\"og:url\" content=\"https:\/\/blogg.svenskakyrkan.se\/tankarinforhelgen\/2018\/07\/31\/mote-med-tradgardsmastaren\/\" \/>\n<meta property=\"og:site_name\" content=\"Tankar inf\u00f6r helgen\" \/>\n<meta property=\"article:published_time\" content=\"2018-07-31T12:29:02+00:00\" \/>\n<meta property=\"article:modified_time\" content=\"2018-07-31T12:29:28+00:00\" \/>\n<meta name=\"author\" content=\"Britt-Karin Ekstrand, pr\u00e4st\" \/>\n<meta name=\"twitter:card\" content=\"summary_large_image\" \/>\n<meta name=\"twitter:label1\" content=\"Skriven av\" \/>\n\t<meta name=\"twitter:data1\" content=\"Britt-Karin Ekstrand, pr\u00e4st\" \/>\n\t<meta name=\"twitter:label2\" content=\"Ber\u00e4knad l\u00e4stid\" \/>\n\t<meta name=\"twitter:data2\" content=\"3 minuter\" \/>\n<script type=\"application\/ld+json\" class=\"yoast-schema-graph\">{\"@context\":\"https:\/\/schema.org\",\"@graph\":[{\"@type\":\"Article\",\"@id\":\"https:\/\/blogg.svenskakyrkan.se\/tankarinforhelgen\/2018\/07\/31\/mote-med-tradgardsmastaren\/#article\",\"isPartOf\":{\"@id\":\"https:\/\/blogg.svenskakyrkan.se\/tankarinforhelgen\/2018\/07\/31\/mote-med-tradgardsmastaren\/\"},\"author\":{\"name\":\"Britt-Karin Ekstrand, pr\u00e4st\",\"@id\":\"https:\/\/blogg.svenskakyrkan.se\/tankarinforhelgen\/#\/schema\/person\/b71e37fb25791f886e690531c593d0ce\"},\"headline\":\"M\u00f6te med tr\u00e4dg\u00e5rdsm\u00e4staren\",\"datePublished\":\"2018-07-31T12:29:02+00:00\",\"dateModified\":\"2018-07-31T12:29:28+00:00\",\"mainEntityOfPage\":{\"@id\":\"https:\/\/blogg.svenskakyrkan.se\/tankarinforhelgen\/2018\/07\/31\/mote-med-tradgardsmastaren\/\"},\"wordCount\":663,\"commentCount\":1,\"image\":{\"@id\":\"https:\/\/blogg.svenskakyrkan.se\/tankarinforhelgen\/2018\/07\/31\/mote-med-tradgardsmastaren\/#primaryimage\"},\"thumbnailUrl\":\"https:\/\/blogg.svenskakyrkan.se\/tankarinforhelgen\/files\/2018\/07\/garden-1176406_960_720.jpg\",\"keywords\":[\"britt-karin ekstrand\",\"TANKARINFORHELGEN\"],\"articleSection\":[\"10:e s\u00f6ndagen efter trefaldighet\"],\"inLanguage\":\"sv-SE\",\"potentialAction\":[{\"@type\":\"CommentAction\",\"name\":\"Comment\",\"target\":[\"https:\/\/blogg.svenskakyrkan.se\/tankarinforhelgen\/2018\/07\/31\/mote-med-tradgardsmastaren\/#respond\"]}]},{\"@type\":\"WebPage\",\"@id\":\"https:\/\/blogg.svenskakyrkan.se\/tankarinforhelgen\/2018\/07\/31\/mote-med-tradgardsmastaren\/\",\"url\":\"https:\/\/blogg.svenskakyrkan.se\/tankarinforhelgen\/2018\/07\/31\/mote-med-tradgardsmastaren\/\",\"name\":\"M\u00f6te med tr\u00e4dg\u00e5rdsm\u00e4staren - Tankar inf\u00f6r helgen\",\"isPartOf\":{\"@id\":\"https:\/\/blogg.svenskakyrkan.se\/tankarinforhelgen\/#website\"},\"primaryImageOfPage\":{\"@id\":\"https:\/\/blogg.svenskakyrkan.se\/tankarinforhelgen\/2018\/07\/31\/mote-med-tradgardsmastaren\/#primaryimage\"},\"image\":{\"@id\":\"https:\/\/blogg.svenskakyrkan.se\/tankarinforhelgen\/2018\/07\/31\/mote-med-tradgardsmastaren\/#primaryimage\"},\"thumbnailUrl\":\"https:\/\/blogg.svenskakyrkan.se\/tankarinforhelgen\/files\/2018\/07\/garden-1176406_960_720.jpg\",\"datePublished\":\"2018-07-31T12:29:02+00:00\",\"dateModified\":\"2018-07-31T12:29:28+00:00\",\"author\":{\"@id\":\"https:\/\/blogg.svenskakyrkan.se\/tankarinforhelgen\/#\/schema\/person\/b71e37fb25791f886e690531c593d0ce\"},\"breadcrumb\":{\"@id\":\"https:\/\/blogg.svenskakyrkan.se\/tankarinforhelgen\/2018\/07\/31\/mote-med-tradgardsmastaren\/#breadcrumb\"},\"inLanguage\":\"sv-SE\",\"potentialAction\":[{\"@type\":\"ReadAction\",\"target\":[\"https:\/\/blogg.svenskakyrkan.se\/tankarinforhelgen\/2018\/07\/31\/mote-med-tradgardsmastaren\/\"]}]},{\"@type\":\"ImageObject\",\"inLanguage\":\"sv-SE\",\"@id\":\"https:\/\/blogg.svenskakyrkan.se\/tankarinforhelgen\/2018\/07\/31\/mote-med-tradgardsmastaren\/#primaryimage\",\"url\":\"https:\/\/blogg.svenskakyrkan.se\/tankarinforhelgen\/files\/2018\/07\/garden-1176406_960_720.jpg\",\"contentUrl\":\"https:\/\/blogg.svenskakyrkan.se\/tankarinforhelgen\/files\/2018\/07\/garden-1176406_960_720.jpg\",\"width\":960,\"height\":640},{\"@type\":\"BreadcrumbList\",\"@id\":\"https:\/\/blogg.svenskakyrkan.se\/tankarinforhelgen\/2018\/07\/31\/mote-med-tradgardsmastaren\/#breadcrumb\",\"itemListElement\":[{\"@type\":\"ListItem\",\"position\":1,\"name\":\"Hem\",\"item\":\"https:\/\/blogg.svenskakyrkan.se\/tankarinforhelgen\/\"},{\"@type\":\"ListItem\",\"position\":2,\"name\":\"M\u00f6te med tr\u00e4dg\u00e5rdsm\u00e4staren\"}]},{\"@type\":\"WebSite\",\"@id\":\"https:\/\/blogg.svenskakyrkan.se\/tankarinforhelgen\/#website\",\"url\":\"https:\/\/blogg.svenskakyrkan.se\/tankarinforhelgen\/\",\"name\":\"Tankar inf\u00f6r helgen\",\"description\":\"Pr\u00e4ster funderar utifr\u00e5n kommande s\u00f6ndags texter\",\"potentialAction\":[{\"@type\":\"SearchAction\",\"target\":{\"@type\":\"EntryPoint\",\"urlTemplate\":\"https:\/\/blogg.svenskakyrkan.se\/tankarinforhelgen\/?s={search_term_string}\"},\"query-input\":{\"@type\":\"PropertyValueSpecification\",\"valueRequired\":true,\"valueName\":\"search_term_string\"}}],\"inLanguage\":\"sv-SE\"},{\"@type\":\"Person\",\"@id\":\"https:\/\/blogg.svenskakyrkan.se\/tankarinforhelgen\/#\/schema\/person\/b71e37fb25791f886e690531c593d0ce\",\"name\":\"Britt-Karin Ekstrand, pr\u00e4st\",\"image\":{\"@type\":\"ImageObject\",\"inLanguage\":\"sv-SE\",\"@id\":\"https:\/\/blogg.svenskakyrkan.se\/tankarinforhelgen\/#\/schema\/person\/image\/\",\"url\":\"https:\/\/secure.gravatar.com\/avatar\/3084173b0a543e6addb65bacfbd387a5e64218fe28445217e6f305bab4f14203?s=96&d=mm&r=g\",\"contentUrl\":\"https:\/\/secure.gravatar.com\/avatar\/3084173b0a543e6addb65bacfbd387a5e64218fe28445217e6f305bab4f14203?s=96&d=mm&r=g\",\"caption\":\"Britt-Karin Ekstrand, pr\u00e4st\"},\"url\":\"https:\/\/blogg.svenskakyrkan.se\/tankarinforhelgen\/author\/brittkarinekstrand\/\"}]}<\/script>\n<!-- \/ Yoast SEO plugin. -->","yoast_head_json":{"title":"M\u00f6te med tr\u00e4dg\u00e5rdsm\u00e4staren - Tankar inf\u00f6r helgen","robots":{"index":"index","follow":"follow","max-snippet":"max-snippet:-1","max-image-preview":"max-image-preview:large","max-video-preview":"max-video-preview:-1"},"canonical":"https:\/\/blogg.svenskakyrkan.se\/tankarinforhelgen\/2018\/07\/31\/mote-med-tradgardsmastaren\/","og_locale":"sv_SE","og_type":"article","og_title":"M\u00f6te med tr\u00e4dg\u00e5rdsm\u00e4staren - Tankar inf\u00f6r helgen","og_description":"Solen br\u00e4nner och l\u00e4ngtan efter svalka tar mig till en av kyrkorna i n\u00e4rheten. Stenv\u00e4ggarna st\u00e5r emot v\u00e4rme och v\u00e4der l\u00e4ngre \u00e4n vad andra v\u00e4ggar g\u00f6r. Kyrkporten st\u00e4ngs tungt efter mig och jag hittar en plats att vila. Tanken \u00e4r tr\u00f6tt av sommarhetta. Jag \u00e4r glad \u00f6ver de bilder som kyrkvalven ger mig. Det \u00e4r [&hellip;]","og_url":"https:\/\/blogg.svenskakyrkan.se\/tankarinforhelgen\/2018\/07\/31\/mote-med-tradgardsmastaren\/","og_site_name":"Tankar inf\u00f6r helgen","article_published_time":"2018-07-31T12:29:02+00:00","article_modified_time":"2018-07-31T12:29:28+00:00","author":"Britt-Karin Ekstrand, pr\u00e4st","twitter_card":"summary_large_image","twitter_misc":{"Skriven av":"Britt-Karin Ekstrand, pr\u00e4st","Ber\u00e4knad l\u00e4stid":"3 minuter"},"schema":{"@context":"https:\/\/schema.org","@graph":[{"@type":"Article","@id":"https:\/\/blogg.svenskakyrkan.se\/tankarinforhelgen\/2018\/07\/31\/mote-med-tradgardsmastaren\/#article","isPartOf":{"@id":"https:\/\/blogg.svenskakyrkan.se\/tankarinforhelgen\/2018\/07\/31\/mote-med-tradgardsmastaren\/"},"author":{"name":"Britt-Karin Ekstrand, pr\u00e4st","@id":"https:\/\/blogg.svenskakyrkan.se\/tankarinforhelgen\/#\/schema\/person\/b71e37fb25791f886e690531c593d0ce"},"headline":"M\u00f6te med tr\u00e4dg\u00e5rdsm\u00e4staren","datePublished":"2018-07-31T12:29:02+00:00","dateModified":"2018-07-31T12:29:28+00:00","mainEntityOfPage":{"@id":"https:\/\/blogg.svenskakyrkan.se\/tankarinforhelgen\/2018\/07\/31\/mote-med-tradgardsmastaren\/"},"wordCount":663,"commentCount":1,"image":{"@id":"https:\/\/blogg.svenskakyrkan.se\/tankarinforhelgen\/2018\/07\/31\/mote-med-tradgardsmastaren\/#primaryimage"},"thumbnailUrl":"https:\/\/blogg.svenskakyrkan.se\/tankarinforhelgen\/files\/2018\/07\/garden-1176406_960_720.jpg","keywords":["britt-karin ekstrand","TANKARINFORHELGEN"],"articleSection":["10:e s\u00f6ndagen efter trefaldighet"],"inLanguage":"sv-SE","potentialAction":[{"@type":"CommentAction","name":"Comment","target":["https:\/\/blogg.svenskakyrkan.se\/tankarinforhelgen\/2018\/07\/31\/mote-med-tradgardsmastaren\/#respond"]}]},{"@type":"WebPage","@id":"https:\/\/blogg.svenskakyrkan.se\/tankarinforhelgen\/2018\/07\/31\/mote-med-tradgardsmastaren\/","url":"https:\/\/blogg.svenskakyrkan.se\/tankarinforhelgen\/2018\/07\/31\/mote-med-tradgardsmastaren\/","name":"M\u00f6te med tr\u00e4dg\u00e5rdsm\u00e4staren - Tankar inf\u00f6r helgen","isPartOf":{"@id":"https:\/\/blogg.svenskakyrkan.se\/tankarinforhelgen\/#website"},"primaryImageOfPage":{"@id":"https:\/\/blogg.svenskakyrkan.se\/tankarinforhelgen\/2018\/07\/31\/mote-med-tradgardsmastaren\/#primaryimage"},"image":{"@id":"https:\/\/blogg.svenskakyrkan.se\/tankarinforhelgen\/2018\/07\/31\/mote-med-tradgardsmastaren\/#primaryimage"},"thumbnailUrl":"https:\/\/blogg.svenskakyrkan.se\/tankarinforhelgen\/files\/2018\/07\/garden-1176406_960_720.jpg","datePublished":"2018-07-31T12:29:02+00:00","dateModified":"2018-07-31T12:29:28+00:00","author":{"@id":"https:\/\/blogg.svenskakyrkan.se\/tankarinforhelgen\/#\/schema\/person\/b71e37fb25791f886e690531c593d0ce"},"breadcrumb":{"@id":"https:\/\/blogg.svenskakyrkan.se\/tankarinforhelgen\/2018\/07\/31\/mote-med-tradgardsmastaren\/#breadcrumb"},"inLanguage":"sv-SE","potentialAction":[{"@type":"ReadAction","target":["https:\/\/blogg.svenskakyrkan.se\/tankarinforhelgen\/2018\/07\/31\/mote-med-tradgardsmastaren\/"]}]},{"@type":"ImageObject","inLanguage":"sv-SE","@id":"https:\/\/blogg.svenskakyrkan.se\/tankarinforhelgen\/2018\/07\/31\/mote-med-tradgardsmastaren\/#primaryimage","url":"https:\/\/blogg.svenskakyrkan.se\/tankarinforhelgen\/files\/2018\/07\/garden-1176406_960_720.jpg","contentUrl":"https:\/\/blogg.svenskakyrkan.se\/tankarinforhelgen\/files\/2018\/07\/garden-1176406_960_720.jpg","width":960,"height":640},{"@type":"BreadcrumbList","@id":"https:\/\/blogg.svenskakyrkan.se\/tankarinforhelgen\/2018\/07\/31\/mote-med-tradgardsmastaren\/#breadcrumb","itemListElement":[{"@type":"ListItem","position":1,"name":"Hem","item":"https:\/\/blogg.svenskakyrkan.se\/tankarinforhelgen\/"},{"@type":"ListItem","position":2,"name":"M\u00f6te med tr\u00e4dg\u00e5rdsm\u00e4staren"}]},{"@type":"WebSite","@id":"https:\/\/blogg.svenskakyrkan.se\/tankarinforhelgen\/#website","url":"https:\/\/blogg.svenskakyrkan.se\/tankarinforhelgen\/","name":"Tankar inf\u00f6r helgen","description":"Pr\u00e4ster funderar utifr\u00e5n kommande s\u00f6ndags texter","potentialAction":[{"@type":"SearchAction","target":{"@type":"EntryPoint","urlTemplate":"https:\/\/blogg.svenskakyrkan.se\/tankarinforhelgen\/?s={search_term_string}"},"query-input":{"@type":"PropertyValueSpecification","valueRequired":true,"valueName":"search_term_string"}}],"inLanguage":"sv-SE"},{"@type":"Person","@id":"https:\/\/blogg.svenskakyrkan.se\/tankarinforhelgen\/#\/schema\/person\/b71e37fb25791f886e690531c593d0ce","name":"Britt-Karin Ekstrand, pr\u00e4st","image":{"@type":"ImageObject","inLanguage":"sv-SE","@id":"https:\/\/blogg.svenskakyrkan.se\/tankarinforhelgen\/#\/schema\/person\/image\/","url":"https:\/\/secure.gravatar.com\/avatar\/3084173b0a543e6addb65bacfbd387a5e64218fe28445217e6f305bab4f14203?s=96&d=mm&r=g","contentUrl":"https:\/\/secure.gravatar.com\/avatar\/3084173b0a543e6addb65bacfbd387a5e64218fe28445217e6f305bab4f14203?s=96&d=mm&r=g","caption":"Britt-Karin Ekstrand, pr\u00e4st"},"url":"https:\/\/blogg.svenskakyrkan.se\/tankarinforhelgen\/author\/brittkarinekstrand\/"}]}},"author_meta":{"ID":"666","user_nicename":"brittkarinekstrand","user_registered":"2018-02-06 12:32:13","display_name":"Britt-Karin Ekstrand, pr\u00e4st","first_name":"Britt-Karin","last_name":"Ekstrand, pr\u00e4st","avatar":"https:\/\/secure.gravatar.com\/avatar\/3084173b0a543e6addb65bacfbd387a5e64218fe28445217e6f305bab4f14203?s=96&d=mm&r=g"},"featured_image":["https:\/\/blogg.svenskakyrkan.se\/tankarinforhelgen\/files\/2018\/07\/garden-1176406_960_720.jpg",960,640,false],"bloginfo":{"name":"Tankar inf\u00f6r helgen","url":"https:\/\/blogg.svenskakyrkan.se\/tankarinforhelgen"},"_links":{"self":[{"href":"https:\/\/blogg.svenskakyrkan.se\/tankarinforhelgen\/wp-json\/wp\/v2\/posts\/1445","targetHints":{"allow":["GET"]}}],"collection":[{"href":"https:\/\/blogg.svenskakyrkan.se\/tankarinforhelgen\/wp-json\/wp\/v2\/posts"}],"about":[{"href":"https:\/\/blogg.svenskakyrkan.se\/tankarinforhelgen\/wp-json\/wp\/v2\/types\/post"}],"author":[{"embeddable":true,"href":"https:\/\/blogg.svenskakyrkan.se\/tankarinforhelgen\/wp-json\/wp\/v2\/users\/666"}],"replies":[{"embeddable":true,"href":"https:\/\/blogg.svenskakyrkan.se\/tankarinforhelgen\/wp-json\/wp\/v2\/comments?post=1445"}],"version-history":[{"count":1,"href":"https:\/\/blogg.svenskakyrkan.se\/tankarinforhelgen\/wp-json\/wp\/v2\/posts\/1445\/revisions"}],"predecessor-version":[{"id":1448,"href":"https:\/\/blogg.svenskakyrkan.se\/tankarinforhelgen\/wp-json\/wp\/v2\/posts\/1445\/revisions\/1448"}],"wp:featuredmedia":[{"embeddable":true,"href":"https:\/\/blogg.svenskakyrkan.se\/tankarinforhelgen\/wp-json\/wp\/v2\/media\/1446"}],"wp:attachment":[{"href":"https:\/\/blogg.svenskakyrkan.se\/tankarinforhelgen\/wp-json\/wp\/v2\/media?parent=1445"}],"wp:term":[{"taxonomy":"category","embeddable":true,"href":"https:\/\/blogg.svenskakyrkan.se\/tankarinforhelgen\/wp-json\/wp\/v2\/categories?post=1445"},{"taxonomy":"post_tag","embeddable":true,"href":"https:\/\/blogg.svenskakyrkan.se\/tankarinforhelgen\/wp-json\/wp\/v2\/tags?post=1445"}],"curies":[{"name":"wp","href":"https:\/\/api.w.org\/{rel}","templated":true}]}}