{"id":1463,"date":"2018-08-22T22:33:22","date_gmt":"2018-08-22T20:33:22","guid":{"rendered":"http:\/\/blogg.svenskakyrkan.se\/tankarinforhelgen\/?p=1463"},"modified":"2018-08-22T22:34:05","modified_gmt":"2018-08-22T20:34:05","slug":"karleken-kommer-fran-gud","status":"publish","type":"post","link":"https:\/\/blogg.svenskakyrkan.se\/tankarinforhelgen\/2018\/08\/22\/karleken-kommer-fran-gud\/","title":{"rendered":"K\u00e4rleken kommer fr\u00e5n Gud"},"content":{"rendered":"<p>\u201dJag kan l\u00e4sa tankar. Fast inte mammors tankar f\u00f6r de t\u00e4nker s\u00e5 mycket. Men en sak vet jag. Det \u00e4r att du alltid \u00e4lskar mig, min lillebror och min storasyster.\u201d Det sa mitt ena barn en g\u00e5ng till mig n\u00e4r han var nio \u00e5r. En underbar k\u00e4rleksf\u00f6rklaring som jag alltid kommer att b\u00e4ra med mig i mitt hj\u00e4rta.<\/p>\n<p>I Bibeln st\u00e5r det: \u201dMina k\u00e4ra, l\u00e5t oss \u00e4lska varandra, ty k\u00e4rleken kommer fr\u00e5n Gud.\u201d<\/p>\n<p>Jag har ofta funderat p\u00e5 vad k\u00e4rlek egentligen \u00e4r och t\u00e4nkt att det kan vara s\u00e5 olika saker. Gud \u00e4r den som kan \u00e4lska p\u00e5 det allra djupaste s\u00e4ttet eftersom k\u00e4rleken kommer fr\u00e5n Gud. De s\u00e4tt vi \u00e4lskar p\u00e5 \u00e4r nog egentligen bara sm\u00e5 korn av Guds k\u00e4rlek. Sm\u00e5 korn, men \u00e4nd\u00e5 viktiga, som guldkorn.<\/p>\n<p>Vi kan \u00e4lska i k\u00e4nslan n\u00e4r vi verkligen k\u00e4nner k\u00e4rlek f\u00f6r n\u00e5gon. Den starkaste k\u00e4rlek jag m\u00f6tt \u00e4r den till mina barn. I k\u00e4nslan k\u00e4rlek kan ocks\u00e5 ing\u00e5 k\u00e4rleken till en partner, f\u00f6r\u00e4ldrar, sv\u00e4rf\u00f6r\u00e4ldrar, v\u00e4nner eller andra som st\u00e5r en n\u00e4ra, \u00e4ven om k\u00e4nslan av k\u00e4rlek kan k\u00e4nnas p\u00e5 olika s\u00e4tt. Jag \u00f6nskar att alla m\u00e4nniskor kunde f\u00e5 k\u00e4nna av att bli \u00e4lskade. Att f\u00e5 vara viktig och \u00e4lskad i en annan m\u00e4nniskas \u00f6gon<br \/>\n.<br \/>\nN\u00e4r jag m\u00f6ter en m\u00e4nniska som inte k\u00e4nner sig \u00e4lskad av n\u00e5gon s\u00e5 k\u00e4nner jag stor sorg f\u00f6r det borde inte f\u00e5 vara s\u00e5. Samtidigt vet jag att denna m\u00e4nniska \u00e4r fullt ut och o\u00e4ndligt \u00e4lskad av Gud. Oavsett om hen \u00e4r \u00e4lskad av n\u00e5gon annan. D\u00e5 \u00e4r jag ocks\u00e5 v\u00e4ldigt tacksam \u00f6ver att m\u00e4nniskans v\u00e4rde inte \u00e4r beroende av oss m\u00e4nniskor utan beroende av Gud. Att varje m\u00e4nniska har ett o\u00e4ndligt v\u00e4rde oavsett vad andra tycker om henne.<\/p>\n<p>Om inte Gud skulle finnas som en h\u00f6gre \u201dinstans\u201d som best\u00e4mmer det m\u00e4nskliga v\u00e4rdet utan det skulle vara vi m\u00e4nniskor som best\u00e4mmer det, d\u00e5 skulle olika m\u00e4nniskors v\u00e4rde riskera att bli olika. D\u00e5 blir vissa m\u00e4nniskor v\u00e4rda mer \u00e4n andra. Det \u00e4r ju tyv\u00e4rr s\u00e5 vi m\u00e4nniskor handlar i v\u00e4rlden. Det ser vi tydligt idag. Men tack och lov st\u00e5r Gud \u00f6ver detta. Gud best\u00e4mmer v\u00e5rt v\u00e4rde.<\/p>\n<p>Det finns ocks\u00e5 den sortens k\u00e4rlek d\u00e4r man \u00e4lskar i handling. Den kanske inte alltid utg\u00e5r fr\u00e5n en k\u00e4rlek i k\u00e4nslan utan mer i en k\u00e4nsla eller vilja som uppst\u00e5r av medm\u00e4nsklighet. Det kan vara gentemot n\u00e5gon man k\u00e4nner eller gentemot en fr\u00e4mling. Kanske \u00e4r det fr\u00e4mst det som Jesus menar n\u00e4r han s\u00e4ger att vi ska \u00e4lska varandra? \u00c4lska i handling kan vi g\u00f6ra \u00e4ven om vi inte tycker om en m\u00e4nniska. Att \u00e4lska i handling dras till sin spets just n\u00e4r man g\u00f6r en k\u00e4rleksfull handling mot n\u00e5gon man egentligen inte tycker om.<\/p>\n<p>Jesus uppmaning till oss \u00e4r att g\u00e5 l\u00e4ngre \u00e4n till vanlig medm\u00e4nsklighet. Den uppmanar oss att inse att vi alla, alla m\u00e4nniskor utan undantag \u00e4r br\u00f6der och systrar och har lika v\u00e4rde. T\u00e4nk dig en man som blir nedslagen. Tv\u00e5 m\u00e4nniskor g\u00e5r f\u00f6rbi men den tredje stannar till och visar sin k\u00e4rlek till denna fr\u00e4mling genom att bry sig om honom. Han k\u00e4nner honom inte men ser honom \u00e4nd\u00e5. S\u00e5 \u201dMina k\u00e4ra, l\u00e5t oss \u00e4lska varandra, ty k\u00e4rleken kommer fr\u00e5n Gud.\u201d<\/p>\n","protected":false},"excerpt":{"rendered":"<p>\u201dJag kan l\u00e4sa tankar. Fast inte mammors tankar f\u00f6r de t\u00e4nker s\u00e5 mycket. Men en sak vet jag. Det \u00e4r att du alltid \u00e4lskar mig, min lillebror och min storasyster.\u201d Det sa mitt ena barn en g\u00e5ng till mig n\u00e4r han var nio \u00e5r. En underbar k\u00e4rleksf\u00f6rklaring som jag alltid kommer att b\u00e4ra med mig [&hellip;]<\/p>\n","protected":false},"author":663,"featured_media":1464,"comment_status":"open","ping_status":"open","sticky":false,"template":"","format":"standard","meta":{"_acf_changed":false,"footnotes":""},"categories":[131951],"tags":[142460,142457],"class_list":["post-1463","post","type-post","status-publish","format-standard","has-post-thumbnail","hentry","category-13e-sondagen-efter-trefaldighet","tag-agneta-holmstrom","tag-tankarinforhelgen"],"acf":[],"yoast_head":"<!-- This site is optimized with the Yoast SEO plugin v27.1.1 - https:\/\/yoast.com\/product\/yoast-seo-wordpress\/ -->\n<title>K\u00e4rleken kommer fr\u00e5n Gud - Tankar inf\u00f6r helgen<\/title>\n<meta name=\"robots\" content=\"index, follow, max-snippet:-1, max-image-preview:large, max-video-preview:-1\" \/>\n<link rel=\"canonical\" href=\"https:\/\/blogg.svenskakyrkan.se\/tankarinforhelgen\/2018\/08\/22\/karleken-kommer-fran-gud\/\" \/>\n<meta property=\"og:locale\" content=\"sv_SE\" \/>\n<meta property=\"og:type\" content=\"article\" \/>\n<meta property=\"og:title\" content=\"K\u00e4rleken kommer fr\u00e5n Gud - Tankar inf\u00f6r helgen\" \/>\n<meta property=\"og:description\" content=\"\u201dJag kan l\u00e4sa tankar. Fast inte mammors tankar f\u00f6r de t\u00e4nker s\u00e5 mycket. Men en sak vet jag. Det \u00e4r att du alltid \u00e4lskar mig, min lillebror och min storasyster.\u201d Det sa mitt ena barn en g\u00e5ng till mig n\u00e4r han var nio \u00e5r. En underbar k\u00e4rleksf\u00f6rklaring som jag alltid kommer att b\u00e4ra med mig [&hellip;]\" \/>\n<meta property=\"og:url\" content=\"https:\/\/blogg.svenskakyrkan.se\/tankarinforhelgen\/2018\/08\/22\/karleken-kommer-fran-gud\/\" \/>\n<meta property=\"og:site_name\" content=\"Tankar inf\u00f6r helgen\" \/>\n<meta property=\"article:published_time\" content=\"2018-08-22T20:33:22+00:00\" \/>\n<meta property=\"article:modified_time\" content=\"2018-08-22T20:34:05+00:00\" \/>\n<meta name=\"author\" content=\"Agneta Holmstr\u00f6m, pr\u00e4st\" \/>\n<meta name=\"twitter:card\" content=\"summary_large_image\" \/>\n<meta name=\"twitter:label1\" content=\"Skriven av\" \/>\n\t<meta name=\"twitter:data1\" content=\"Agneta Holmstr\u00f6m, pr\u00e4st\" \/>\n\t<meta name=\"twitter:label2\" content=\"Ber\u00e4knad l\u00e4stid\" \/>\n\t<meta name=\"twitter:data2\" content=\"3 minuter\" \/>\n<script type=\"application\/ld+json\" class=\"yoast-schema-graph\">{\"@context\":\"https:\/\/schema.org\",\"@graph\":[{\"@type\":\"Article\",\"@id\":\"https:\/\/blogg.svenskakyrkan.se\/tankarinforhelgen\/2018\/08\/22\/karleken-kommer-fran-gud\/#article\",\"isPartOf\":{\"@id\":\"https:\/\/blogg.svenskakyrkan.se\/tankarinforhelgen\/2018\/08\/22\/karleken-kommer-fran-gud\/\"},\"author\":{\"name\":\"Agneta Holmstr\u00f6m, pr\u00e4st\",\"@id\":\"https:\/\/blogg.svenskakyrkan.se\/tankarinforhelgen\/#\/schema\/person\/6e2f249737f65007a8daf203ed669cb1\"},\"headline\":\"K\u00e4rleken kommer fr\u00e5n Gud\",\"datePublished\":\"2018-08-22T20:33:22+00:00\",\"dateModified\":\"2018-08-22T20:34:05+00:00\",\"mainEntityOfPage\":{\"@id\":\"https:\/\/blogg.svenskakyrkan.se\/tankarinforhelgen\/2018\/08\/22\/karleken-kommer-fran-gud\/\"},\"wordCount\":648,\"commentCount\":3,\"image\":{\"@id\":\"https:\/\/blogg.svenskakyrkan.se\/tankarinforhelgen\/2018\/08\/22\/karleken-kommer-fran-gud\/#primaryimage\"},\"thumbnailUrl\":\"https:\/\/blogg.svenskakyrkan.se\/tankarinforhelgen\/files\/2018\/08\/C15986F2-B3A5-4047-8E23-8CE9EE54FD41.jpeg\",\"keywords\":[\"Agneta Holmstr\u00f6m\",\"TANKARINFORHELGEN\"],\"articleSection\":[\"13:e s\u00f6ndagen efter trefaldighet\"],\"inLanguage\":\"sv-SE\",\"potentialAction\":[{\"@type\":\"CommentAction\",\"name\":\"Comment\",\"target\":[\"https:\/\/blogg.svenskakyrkan.se\/tankarinforhelgen\/2018\/08\/22\/karleken-kommer-fran-gud\/#respond\"]}]},{\"@type\":\"WebPage\",\"@id\":\"https:\/\/blogg.svenskakyrkan.se\/tankarinforhelgen\/2018\/08\/22\/karleken-kommer-fran-gud\/\",\"url\":\"https:\/\/blogg.svenskakyrkan.se\/tankarinforhelgen\/2018\/08\/22\/karleken-kommer-fran-gud\/\",\"name\":\"K\u00e4rleken kommer fr\u00e5n Gud - Tankar inf\u00f6r helgen\",\"isPartOf\":{\"@id\":\"https:\/\/blogg.svenskakyrkan.se\/tankarinforhelgen\/#website\"},\"primaryImageOfPage\":{\"@id\":\"https:\/\/blogg.svenskakyrkan.se\/tankarinforhelgen\/2018\/08\/22\/karleken-kommer-fran-gud\/#primaryimage\"},\"image\":{\"@id\":\"https:\/\/blogg.svenskakyrkan.se\/tankarinforhelgen\/2018\/08\/22\/karleken-kommer-fran-gud\/#primaryimage\"},\"thumbnailUrl\":\"https:\/\/blogg.svenskakyrkan.se\/tankarinforhelgen\/files\/2018\/08\/C15986F2-B3A5-4047-8E23-8CE9EE54FD41.jpeg\",\"datePublished\":\"2018-08-22T20:33:22+00:00\",\"dateModified\":\"2018-08-22T20:34:05+00:00\",\"author\":{\"@id\":\"https:\/\/blogg.svenskakyrkan.se\/tankarinforhelgen\/#\/schema\/person\/6e2f249737f65007a8daf203ed669cb1\"},\"breadcrumb\":{\"@id\":\"https:\/\/blogg.svenskakyrkan.se\/tankarinforhelgen\/2018\/08\/22\/karleken-kommer-fran-gud\/#breadcrumb\"},\"inLanguage\":\"sv-SE\",\"potentialAction\":[{\"@type\":\"ReadAction\",\"target\":[\"https:\/\/blogg.svenskakyrkan.se\/tankarinforhelgen\/2018\/08\/22\/karleken-kommer-fran-gud\/\"]}]},{\"@type\":\"ImageObject\",\"inLanguage\":\"sv-SE\",\"@id\":\"https:\/\/blogg.svenskakyrkan.se\/tankarinforhelgen\/2018\/08\/22\/karleken-kommer-fran-gud\/#primaryimage\",\"url\":\"https:\/\/blogg.svenskakyrkan.se\/tankarinforhelgen\/files\/2018\/08\/C15986F2-B3A5-4047-8E23-8CE9EE54FD41.jpeg\",\"contentUrl\":\"https:\/\/blogg.svenskakyrkan.se\/tankarinforhelgen\/files\/2018\/08\/C15986F2-B3A5-4047-8E23-8CE9EE54FD41.jpeg\",\"width\":2048,\"height\":1325},{\"@type\":\"BreadcrumbList\",\"@id\":\"https:\/\/blogg.svenskakyrkan.se\/tankarinforhelgen\/2018\/08\/22\/karleken-kommer-fran-gud\/#breadcrumb\",\"itemListElement\":[{\"@type\":\"ListItem\",\"position\":1,\"name\":\"Hem\",\"item\":\"https:\/\/blogg.svenskakyrkan.se\/tankarinforhelgen\/\"},{\"@type\":\"ListItem\",\"position\":2,\"name\":\"K\u00e4rleken kommer fr\u00e5n Gud\"}]},{\"@type\":\"WebSite\",\"@id\":\"https:\/\/blogg.svenskakyrkan.se\/tankarinforhelgen\/#website\",\"url\":\"https:\/\/blogg.svenskakyrkan.se\/tankarinforhelgen\/\",\"name\":\"Tankar inf\u00f6r helgen\",\"description\":\"Pr\u00e4ster funderar utifr\u00e5n kommande s\u00f6ndags texter\",\"potentialAction\":[{\"@type\":\"SearchAction\",\"target\":{\"@type\":\"EntryPoint\",\"urlTemplate\":\"https:\/\/blogg.svenskakyrkan.se\/tankarinforhelgen\/?s={search_term_string}\"},\"query-input\":{\"@type\":\"PropertyValueSpecification\",\"valueRequired\":true,\"valueName\":\"search_term_string\"}}],\"inLanguage\":\"sv-SE\"},{\"@type\":\"Person\",\"@id\":\"https:\/\/blogg.svenskakyrkan.se\/tankarinforhelgen\/#\/schema\/person\/6e2f249737f65007a8daf203ed669cb1\",\"name\":\"Agneta Holmstr\u00f6m, pr\u00e4st\",\"image\":{\"@type\":\"ImageObject\",\"inLanguage\":\"sv-SE\",\"@id\":\"https:\/\/blogg.svenskakyrkan.se\/tankarinforhelgen\/#\/schema\/person\/image\/\",\"url\":\"https:\/\/secure.gravatar.com\/avatar\/a47a1c72651dc25e0dbb01297c5f1384bc6800dd38d27c6e571be8465e3efe02?s=96&d=mm&r=g\",\"contentUrl\":\"https:\/\/secure.gravatar.com\/avatar\/a47a1c72651dc25e0dbb01297c5f1384bc6800dd38d27c6e571be8465e3efe02?s=96&d=mm&r=g\",\"caption\":\"Agneta Holmstr\u00f6m, pr\u00e4st\"},\"url\":\"https:\/\/blogg.svenskakyrkan.se\/tankarinforhelgen\/author\/agnetaholmstrom\/\"}]}<\/script>\n<!-- \/ Yoast SEO plugin. -->","yoast_head_json":{"title":"K\u00e4rleken kommer fr\u00e5n Gud - Tankar inf\u00f6r helgen","robots":{"index":"index","follow":"follow","max-snippet":"max-snippet:-1","max-image-preview":"max-image-preview:large","max-video-preview":"max-video-preview:-1"},"canonical":"https:\/\/blogg.svenskakyrkan.se\/tankarinforhelgen\/2018\/08\/22\/karleken-kommer-fran-gud\/","og_locale":"sv_SE","og_type":"article","og_title":"K\u00e4rleken kommer fr\u00e5n Gud - Tankar inf\u00f6r helgen","og_description":"\u201dJag kan l\u00e4sa tankar. Fast inte mammors tankar f\u00f6r de t\u00e4nker s\u00e5 mycket. Men en sak vet jag. Det \u00e4r att du alltid \u00e4lskar mig, min lillebror och min storasyster.\u201d Det sa mitt ena barn en g\u00e5ng till mig n\u00e4r han var nio \u00e5r. En underbar k\u00e4rleksf\u00f6rklaring som jag alltid kommer att b\u00e4ra med mig [&hellip;]","og_url":"https:\/\/blogg.svenskakyrkan.se\/tankarinforhelgen\/2018\/08\/22\/karleken-kommer-fran-gud\/","og_site_name":"Tankar inf\u00f6r helgen","article_published_time":"2018-08-22T20:33:22+00:00","article_modified_time":"2018-08-22T20:34:05+00:00","author":"Agneta Holmstr\u00f6m, pr\u00e4st","twitter_card":"summary_large_image","twitter_misc":{"Skriven av":"Agneta Holmstr\u00f6m, pr\u00e4st","Ber\u00e4knad l\u00e4stid":"3 minuter"},"schema":{"@context":"https:\/\/schema.org","@graph":[{"@type":"Article","@id":"https:\/\/blogg.svenskakyrkan.se\/tankarinforhelgen\/2018\/08\/22\/karleken-kommer-fran-gud\/#article","isPartOf":{"@id":"https:\/\/blogg.svenskakyrkan.se\/tankarinforhelgen\/2018\/08\/22\/karleken-kommer-fran-gud\/"},"author":{"name":"Agneta Holmstr\u00f6m, pr\u00e4st","@id":"https:\/\/blogg.svenskakyrkan.se\/tankarinforhelgen\/#\/schema\/person\/6e2f249737f65007a8daf203ed669cb1"},"headline":"K\u00e4rleken kommer fr\u00e5n Gud","datePublished":"2018-08-22T20:33:22+00:00","dateModified":"2018-08-22T20:34:05+00:00","mainEntityOfPage":{"@id":"https:\/\/blogg.svenskakyrkan.se\/tankarinforhelgen\/2018\/08\/22\/karleken-kommer-fran-gud\/"},"wordCount":648,"commentCount":3,"image":{"@id":"https:\/\/blogg.svenskakyrkan.se\/tankarinforhelgen\/2018\/08\/22\/karleken-kommer-fran-gud\/#primaryimage"},"thumbnailUrl":"https:\/\/blogg.svenskakyrkan.se\/tankarinforhelgen\/files\/2018\/08\/C15986F2-B3A5-4047-8E23-8CE9EE54FD41.jpeg","keywords":["Agneta Holmstr\u00f6m","TANKARINFORHELGEN"],"articleSection":["13:e s\u00f6ndagen efter trefaldighet"],"inLanguage":"sv-SE","potentialAction":[{"@type":"CommentAction","name":"Comment","target":["https:\/\/blogg.svenskakyrkan.se\/tankarinforhelgen\/2018\/08\/22\/karleken-kommer-fran-gud\/#respond"]}]},{"@type":"WebPage","@id":"https:\/\/blogg.svenskakyrkan.se\/tankarinforhelgen\/2018\/08\/22\/karleken-kommer-fran-gud\/","url":"https:\/\/blogg.svenskakyrkan.se\/tankarinforhelgen\/2018\/08\/22\/karleken-kommer-fran-gud\/","name":"K\u00e4rleken kommer fr\u00e5n Gud - Tankar inf\u00f6r helgen","isPartOf":{"@id":"https:\/\/blogg.svenskakyrkan.se\/tankarinforhelgen\/#website"},"primaryImageOfPage":{"@id":"https:\/\/blogg.svenskakyrkan.se\/tankarinforhelgen\/2018\/08\/22\/karleken-kommer-fran-gud\/#primaryimage"},"image":{"@id":"https:\/\/blogg.svenskakyrkan.se\/tankarinforhelgen\/2018\/08\/22\/karleken-kommer-fran-gud\/#primaryimage"},"thumbnailUrl":"https:\/\/blogg.svenskakyrkan.se\/tankarinforhelgen\/files\/2018\/08\/C15986F2-B3A5-4047-8E23-8CE9EE54FD41.jpeg","datePublished":"2018-08-22T20:33:22+00:00","dateModified":"2018-08-22T20:34:05+00:00","author":{"@id":"https:\/\/blogg.svenskakyrkan.se\/tankarinforhelgen\/#\/schema\/person\/6e2f249737f65007a8daf203ed669cb1"},"breadcrumb":{"@id":"https:\/\/blogg.svenskakyrkan.se\/tankarinforhelgen\/2018\/08\/22\/karleken-kommer-fran-gud\/#breadcrumb"},"inLanguage":"sv-SE","potentialAction":[{"@type":"ReadAction","target":["https:\/\/blogg.svenskakyrkan.se\/tankarinforhelgen\/2018\/08\/22\/karleken-kommer-fran-gud\/"]}]},{"@type":"ImageObject","inLanguage":"sv-SE","@id":"https:\/\/blogg.svenskakyrkan.se\/tankarinforhelgen\/2018\/08\/22\/karleken-kommer-fran-gud\/#primaryimage","url":"https:\/\/blogg.svenskakyrkan.se\/tankarinforhelgen\/files\/2018\/08\/C15986F2-B3A5-4047-8E23-8CE9EE54FD41.jpeg","contentUrl":"https:\/\/blogg.svenskakyrkan.se\/tankarinforhelgen\/files\/2018\/08\/C15986F2-B3A5-4047-8E23-8CE9EE54FD41.jpeg","width":2048,"height":1325},{"@type":"BreadcrumbList","@id":"https:\/\/blogg.svenskakyrkan.se\/tankarinforhelgen\/2018\/08\/22\/karleken-kommer-fran-gud\/#breadcrumb","itemListElement":[{"@type":"ListItem","position":1,"name":"Hem","item":"https:\/\/blogg.svenskakyrkan.se\/tankarinforhelgen\/"},{"@type":"ListItem","position":2,"name":"K\u00e4rleken kommer fr\u00e5n Gud"}]},{"@type":"WebSite","@id":"https:\/\/blogg.svenskakyrkan.se\/tankarinforhelgen\/#website","url":"https:\/\/blogg.svenskakyrkan.se\/tankarinforhelgen\/","name":"Tankar inf\u00f6r helgen","description":"Pr\u00e4ster funderar utifr\u00e5n kommande s\u00f6ndags texter","potentialAction":[{"@type":"SearchAction","target":{"@type":"EntryPoint","urlTemplate":"https:\/\/blogg.svenskakyrkan.se\/tankarinforhelgen\/?s={search_term_string}"},"query-input":{"@type":"PropertyValueSpecification","valueRequired":true,"valueName":"search_term_string"}}],"inLanguage":"sv-SE"},{"@type":"Person","@id":"https:\/\/blogg.svenskakyrkan.se\/tankarinforhelgen\/#\/schema\/person\/6e2f249737f65007a8daf203ed669cb1","name":"Agneta Holmstr\u00f6m, pr\u00e4st","image":{"@type":"ImageObject","inLanguage":"sv-SE","@id":"https:\/\/blogg.svenskakyrkan.se\/tankarinforhelgen\/#\/schema\/person\/image\/","url":"https:\/\/secure.gravatar.com\/avatar\/a47a1c72651dc25e0dbb01297c5f1384bc6800dd38d27c6e571be8465e3efe02?s=96&d=mm&r=g","contentUrl":"https:\/\/secure.gravatar.com\/avatar\/a47a1c72651dc25e0dbb01297c5f1384bc6800dd38d27c6e571be8465e3efe02?s=96&d=mm&r=g","caption":"Agneta Holmstr\u00f6m, pr\u00e4st"},"url":"https:\/\/blogg.svenskakyrkan.se\/tankarinforhelgen\/author\/agnetaholmstrom\/"}]}},"author_meta":{"ID":"663","user_nicename":"agnetaholmstrom","user_registered":"2018-02-06 12:29:16","display_name":"Agneta Holmstr\u00f6m, pr\u00e4st","first_name":"Agneta","last_name":"Holmstr\u00f6m, pr\u00e4st","avatar":"https:\/\/secure.gravatar.com\/avatar\/a47a1c72651dc25e0dbb01297c5f1384bc6800dd38d27c6e571be8465e3efe02?s=96&d=mm&r=g"},"featured_image":["https:\/\/blogg.svenskakyrkan.se\/tankarinforhelgen\/files\/2018\/08\/C15986F2-B3A5-4047-8E23-8CE9EE54FD41-1024x663.jpeg",1024,663,true],"bloginfo":{"name":"Tankar inf\u00f6r helgen","url":"https:\/\/blogg.svenskakyrkan.se\/tankarinforhelgen"},"_links":{"self":[{"href":"https:\/\/blogg.svenskakyrkan.se\/tankarinforhelgen\/wp-json\/wp\/v2\/posts\/1463","targetHints":{"allow":["GET"]}}],"collection":[{"href":"https:\/\/blogg.svenskakyrkan.se\/tankarinforhelgen\/wp-json\/wp\/v2\/posts"}],"about":[{"href":"https:\/\/blogg.svenskakyrkan.se\/tankarinforhelgen\/wp-json\/wp\/v2\/types\/post"}],"author":[{"embeddable":true,"href":"https:\/\/blogg.svenskakyrkan.se\/tankarinforhelgen\/wp-json\/wp\/v2\/users\/663"}],"replies":[{"embeddable":true,"href":"https:\/\/blogg.svenskakyrkan.se\/tankarinforhelgen\/wp-json\/wp\/v2\/comments?post=1463"}],"version-history":[{"count":1,"href":"https:\/\/blogg.svenskakyrkan.se\/tankarinforhelgen\/wp-json\/wp\/v2\/posts\/1463\/revisions"}],"predecessor-version":[{"id":1465,"href":"https:\/\/blogg.svenskakyrkan.se\/tankarinforhelgen\/wp-json\/wp\/v2\/posts\/1463\/revisions\/1465"}],"wp:featuredmedia":[{"embeddable":true,"href":"https:\/\/blogg.svenskakyrkan.se\/tankarinforhelgen\/wp-json\/wp\/v2\/media\/1464"}],"wp:attachment":[{"href":"https:\/\/blogg.svenskakyrkan.se\/tankarinforhelgen\/wp-json\/wp\/v2\/media?parent=1463"}],"wp:term":[{"taxonomy":"category","embeddable":true,"href":"https:\/\/blogg.svenskakyrkan.se\/tankarinforhelgen\/wp-json\/wp\/v2\/categories?post=1463"},{"taxonomy":"post_tag","embeddable":true,"href":"https:\/\/blogg.svenskakyrkan.se\/tankarinforhelgen\/wp-json\/wp\/v2\/tags?post=1463"}],"curies":[{"name":"wp","href":"https:\/\/api.w.org\/{rel}","templated":true}]}}