{"id":1473,"date":"2018-09-04T09:37:01","date_gmt":"2018-09-04T07:37:01","guid":{"rendered":"http:\/\/blogg.svenskakyrkan.se\/tankarinforhelgen\/?p=1473"},"modified":"2018-09-04T09:44:14","modified_gmt":"2018-09-04T07:44:14","slug":"pusselliv-och-livspussel","status":"publish","type":"post","link":"https:\/\/blogg.svenskakyrkan.se\/tankarinforhelgen\/2018\/09\/04\/pusselliv-och-livspussel\/","title":{"rendered":"Pusselliv och livspussel"},"content":{"rendered":"<p>Listan \u00f6ver saker som beh\u00f6ver g\u00f6ras fylls p\u00e5: jobba, handla, st\u00e4da, laga mat och tr\u00e4na fotbollslaget, umg\u00e5s med familjen och s\u00e5 hinna f\u00e5 till n\u00e5gra egna tr\u00e4ningspass. Det var n\u00e5got mer det \u00e4r jag s\u00e4ker p\u00e5, just det: denna vecka f\u00e5r jag verkligen inte gl\u00f6mma att r\u00f6sta. Jag kan bara f\u00f6rest\u00e4lla mig hur listan fylls p\u00e5 f\u00f6r de av mina v\u00e4nner som har barn. Det \u00e4r nog inte bara min vardag som ser ut s\u00e5, det \u00e4r det d\u00e4r som brukar kallas livspusslet.<\/p>\n<p>S\u00e5 h\u00f6r jag Jesu ord fr\u00e5n helgens evangelietext klinga i bakhuvudet. \u201dS\u00f6k f\u00f6rst hans rike och hans r\u00e4ttf\u00e4rdighet, s\u00e5 skall ni f\u00e5 allt det andra ocks\u00e5. G\u00f6r er d\u00e4rf\u00f6r inga bekymmer f\u00f6r morgondagen. Den f\u00e5r sj\u00e4lv b\u00e4ra sina bekymmer. Var dag har nog av sin egen pl\u00e5ga.\u201d Som om allt skulle bli gjort av sig sj\u00e4lv, kan jag fundera. S\u00e5 t\u00e4nker jag ytterligare p\u00e5 orden s\u00f6k f\u00f6rst Hans rike, Guds rike. Jag beh\u00f6ver stanna upp lyssna till Gud mitt bland alla m\u00e5sten, med Jesu ord fortfarande klingande \u201dg\u00f6r er d\u00e4rf\u00f6r inga bekymmer f\u00f6r morgondagen\u201d.<\/p>\n<p>Ibland blir att umg\u00e5s med Gud ytterligare ett av mina m\u00e5sten som ska f\u00e5 plats n\u00e5gonstans bland resten av alla sysslor. Jag beh\u00f6ver be mer f\u00f6r att s\u00f6ka Guds rike. Jag vill g\u00f6ra mitt b\u00e4sta f\u00f6r att vara en s\u00e5 god medm\u00e4nniska som m\u00f6jligt. Det blir fler punkter p\u00e5 att-g\u00f6ra-listan. S\u00e5 t\u00e4nker jag att Jesus ord blir som ett av de d\u00e4r orden m\u00e5nga har p\u00e5 sina v\u00e4ggar s\u00e5 som \u201dCarpe Diem &#8211; f\u00e5nga dagen\u201d. Orden har prytt m\u00e5nga v\u00e4ggar som inredning. Men det \u00e4r ocks\u00e5 en p\u00e5minnelse om att leva i nuet. Det kan verka s\u00e5 l\u00e4tt men det \u00e4r s\u00e5 sv\u00e5rt, att sl\u00e4ppa tankarna p\u00e5 allt annat och bara fokusera p\u00e5 nuet.<\/p>\n<p>Jag tror inte att Jesus vill att vi ska sluta helt med v\u00e5ra sysslor, utan att vi ska stanna upp och inse att allt beh\u00f6ver inte g\u00f6ras p\u00e5 en g\u00e5ng. Temat f\u00f6r helgen \u00e4r \u201dEtt \u00e4r n\u00f6dv\u00e4ndigt\u201d och jag tror det som \u00e4r n\u00f6dv\u00e4ndigt \u00e4r att Gud vill och \u00e4r liv. Gud \u00e4r f\u00f6ruts\u00e4ttningen f\u00f6r allt. S\u00e5 t\u00e4nker jag p\u00e5 alla de d\u00e4r g\u00e5ngerna n\u00e4r det blir extra tydligt att jag umg\u00e5s med Gud. N\u00e4r jag kan landa i stunden precis d\u00e4r jag \u00e4r.<\/p>\n<p>Ibland m\u00f6ter jag Gud under en l\u00f6ptur i skogen, i en bok i f\u00e5t\u00f6ljen, i musiken som str\u00f6mmar genom mina \u00f6ron n\u00e4r jag tar mig fr\u00e5n punkt A till punkt B eller n\u00e4r jag ligger p\u00e5 golvet i ett kapell och deltar i en andakt som ungdomarna jag jobbar med f\u00f6rberett. Som n\u00e4r jag f\u00e5r springa en mil till f\u00f6rm\u00e5n f\u00f6r stadsmissionen i V\u00e4ster\u00e5s, d\u00e4r m\u00f6ter Gud mig och jag f\u00e5r bidra till att v\u00e4rlden blir en lite b\u00e4ttre plats. I alla dessa stunder blir det tydligt f\u00f6r mig att Gud \u00e4r d\u00e4r med mig hela tiden, jag beh\u00f6ver bara stanna upp och inte oroa mig. Det blir ocks\u00e5 tydligt att Gud \u00e4r f\u00f6ruts\u00e4ttningen f\u00f6r allt, Gud vill mitt liv. Ibland kommer jag fastna i min oro f\u00f6r morgondagen, men Gud kommer finnas d\u00e4r med mig \u00e4nd\u00e5.<\/p>\n","protected":false},"excerpt":{"rendered":"<p>Listan \u00f6ver saker som beh\u00f6ver g\u00f6ras fylls p\u00e5: jobba, handla, st\u00e4da, laga mat och tr\u00e4na fotbollslaget, umg\u00e5s med familjen och s\u00e5 hinna f\u00e5 till n\u00e5gra egna tr\u00e4ningspass. Det var n\u00e5got mer det \u00e4r jag s\u00e4ker p\u00e5, just det: denna vecka f\u00e5r jag verkligen inte gl\u00f6mma att r\u00f6sta. Jag kan bara f\u00f6rest\u00e4lla mig hur listan fylls [&hellip;]<\/p>\n","protected":false},"author":607,"featured_media":1474,"comment_status":"open","ping_status":"open","sticky":false,"template":"","format":"standard","meta":{"_acf_changed":false,"footnotes":""},"categories":[131309],"tags":[142461,142457],"class_list":["post-1473","post","type-post","status-publish","format-standard","has-post-thumbnail","hentry","category-15e-sondagen-efter-trefaldighet","tag-josefine-jehrlander","tag-tankarinforhelgen"],"acf":[],"yoast_head":"<!-- This site is optimized with the Yoast SEO plugin v27.1.1 - https:\/\/yoast.com\/product\/yoast-seo-wordpress\/ -->\n<title>Pusselliv och livspussel - Tankar inf\u00f6r helgen<\/title>\n<meta name=\"robots\" content=\"index, follow, max-snippet:-1, max-image-preview:large, max-video-preview:-1\" \/>\n<link rel=\"canonical\" href=\"https:\/\/blogg.svenskakyrkan.se\/tankarinforhelgen\/2018\/09\/04\/pusselliv-och-livspussel\/\" \/>\n<meta property=\"og:locale\" content=\"sv_SE\" \/>\n<meta property=\"og:type\" content=\"article\" \/>\n<meta property=\"og:title\" content=\"Pusselliv och livspussel - Tankar inf\u00f6r helgen\" \/>\n<meta property=\"og:description\" content=\"Listan \u00f6ver saker som beh\u00f6ver g\u00f6ras fylls p\u00e5: jobba, handla, st\u00e4da, laga mat och tr\u00e4na fotbollslaget, umg\u00e5s med familjen och s\u00e5 hinna f\u00e5 till n\u00e5gra egna tr\u00e4ningspass. Det var n\u00e5got mer det \u00e4r jag s\u00e4ker p\u00e5, just det: denna vecka f\u00e5r jag verkligen inte gl\u00f6mma att r\u00f6sta. Jag kan bara f\u00f6rest\u00e4lla mig hur listan fylls [&hellip;]\" \/>\n<meta property=\"og:url\" content=\"https:\/\/blogg.svenskakyrkan.se\/tankarinforhelgen\/2018\/09\/04\/pusselliv-och-livspussel\/\" \/>\n<meta property=\"og:site_name\" content=\"Tankar inf\u00f6r helgen\" \/>\n<meta property=\"article:published_time\" content=\"2018-09-04T07:37:01+00:00\" \/>\n<meta property=\"article:modified_time\" content=\"2018-09-04T07:44:14+00:00\" \/>\n<meta name=\"author\" content=\"Josefine Jehrlander, pr\u00e4st\" \/>\n<meta name=\"twitter:card\" content=\"summary_large_image\" \/>\n<meta name=\"twitter:label1\" content=\"Skriven av\" \/>\n\t<meta name=\"twitter:data1\" content=\"Josefine Jehrlander, pr\u00e4st\" \/>\n\t<meta name=\"twitter:label2\" content=\"Ber\u00e4knad l\u00e4stid\" \/>\n\t<meta name=\"twitter:data2\" content=\"3 minuter\" \/>\n<script type=\"application\/ld+json\" class=\"yoast-schema-graph\">{\"@context\":\"https:\/\/schema.org\",\"@graph\":[{\"@type\":\"Article\",\"@id\":\"https:\/\/blogg.svenskakyrkan.se\/tankarinforhelgen\/2018\/09\/04\/pusselliv-och-livspussel\/#article\",\"isPartOf\":{\"@id\":\"https:\/\/blogg.svenskakyrkan.se\/tankarinforhelgen\/2018\/09\/04\/pusselliv-och-livspussel\/\"},\"author\":{\"name\":\"Josefine Jehrlander, pr\u00e4st\",\"@id\":\"https:\/\/blogg.svenskakyrkan.se\/tankarinforhelgen\/#\/schema\/person\/c36874f848a4f6a14b804d1949a7df2f\"},\"headline\":\"Pusselliv och livspussel\",\"datePublished\":\"2018-09-04T07:37:01+00:00\",\"dateModified\":\"2018-09-04T07:44:14+00:00\",\"mainEntityOfPage\":{\"@id\":\"https:\/\/blogg.svenskakyrkan.se\/tankarinforhelgen\/2018\/09\/04\/pusselliv-och-livspussel\/\"},\"wordCount\":627,\"commentCount\":4,\"image\":{\"@id\":\"https:\/\/blogg.svenskakyrkan.se\/tankarinforhelgen\/2018\/09\/04\/pusselliv-och-livspussel\/#primaryimage\"},\"thumbnailUrl\":\"https:\/\/blogg.svenskakyrkan.se\/tankarinforhelgen\/files\/2018\/09\/pusselbitar.png\",\"keywords\":[\"Josefine Jehrlander\",\"TANKARINFORHELGEN\"],\"articleSection\":[\"15:e s\u00f6ndagen efter trefaldighet\"],\"inLanguage\":\"sv-SE\",\"potentialAction\":[{\"@type\":\"CommentAction\",\"name\":\"Comment\",\"target\":[\"https:\/\/blogg.svenskakyrkan.se\/tankarinforhelgen\/2018\/09\/04\/pusselliv-och-livspussel\/#respond\"]}]},{\"@type\":\"WebPage\",\"@id\":\"https:\/\/blogg.svenskakyrkan.se\/tankarinforhelgen\/2018\/09\/04\/pusselliv-och-livspussel\/\",\"url\":\"https:\/\/blogg.svenskakyrkan.se\/tankarinforhelgen\/2018\/09\/04\/pusselliv-och-livspussel\/\",\"name\":\"Pusselliv och livspussel - Tankar inf\u00f6r helgen\",\"isPartOf\":{\"@id\":\"https:\/\/blogg.svenskakyrkan.se\/tankarinforhelgen\/#website\"},\"primaryImageOfPage\":{\"@id\":\"https:\/\/blogg.svenskakyrkan.se\/tankarinforhelgen\/2018\/09\/04\/pusselliv-och-livspussel\/#primaryimage\"},\"image\":{\"@id\":\"https:\/\/blogg.svenskakyrkan.se\/tankarinforhelgen\/2018\/09\/04\/pusselliv-och-livspussel\/#primaryimage\"},\"thumbnailUrl\":\"https:\/\/blogg.svenskakyrkan.se\/tankarinforhelgen\/files\/2018\/09\/pusselbitar.png\",\"datePublished\":\"2018-09-04T07:37:01+00:00\",\"dateModified\":\"2018-09-04T07:44:14+00:00\",\"author\":{\"@id\":\"https:\/\/blogg.svenskakyrkan.se\/tankarinforhelgen\/#\/schema\/person\/c36874f848a4f6a14b804d1949a7df2f\"},\"breadcrumb\":{\"@id\":\"https:\/\/blogg.svenskakyrkan.se\/tankarinforhelgen\/2018\/09\/04\/pusselliv-och-livspussel\/#breadcrumb\"},\"inLanguage\":\"sv-SE\",\"potentialAction\":[{\"@type\":\"ReadAction\",\"target\":[\"https:\/\/blogg.svenskakyrkan.se\/tankarinforhelgen\/2018\/09\/04\/pusselliv-och-livspussel\/\"]}]},{\"@type\":\"ImageObject\",\"inLanguage\":\"sv-SE\",\"@id\":\"https:\/\/blogg.svenskakyrkan.se\/tankarinforhelgen\/2018\/09\/04\/pusselliv-och-livspussel\/#primaryimage\",\"url\":\"https:\/\/blogg.svenskakyrkan.se\/tankarinforhelgen\/files\/2018\/09\/pusselbitar.png\",\"contentUrl\":\"https:\/\/blogg.svenskakyrkan.se\/tankarinforhelgen\/files\/2018\/09\/pusselbitar.png\",\"width\":936,\"height\":628},{\"@type\":\"BreadcrumbList\",\"@id\":\"https:\/\/blogg.svenskakyrkan.se\/tankarinforhelgen\/2018\/09\/04\/pusselliv-och-livspussel\/#breadcrumb\",\"itemListElement\":[{\"@type\":\"ListItem\",\"position\":1,\"name\":\"Hem\",\"item\":\"https:\/\/blogg.svenskakyrkan.se\/tankarinforhelgen\/\"},{\"@type\":\"ListItem\",\"position\":2,\"name\":\"Pusselliv och livspussel\"}]},{\"@type\":\"WebSite\",\"@id\":\"https:\/\/blogg.svenskakyrkan.se\/tankarinforhelgen\/#website\",\"url\":\"https:\/\/blogg.svenskakyrkan.se\/tankarinforhelgen\/\",\"name\":\"Tankar inf\u00f6r helgen\",\"description\":\"Pr\u00e4ster funderar utifr\u00e5n kommande s\u00f6ndags texter\",\"potentialAction\":[{\"@type\":\"SearchAction\",\"target\":{\"@type\":\"EntryPoint\",\"urlTemplate\":\"https:\/\/blogg.svenskakyrkan.se\/tankarinforhelgen\/?s={search_term_string}\"},\"query-input\":{\"@type\":\"PropertyValueSpecification\",\"valueRequired\":true,\"valueName\":\"search_term_string\"}}],\"inLanguage\":\"sv-SE\"},{\"@type\":\"Person\",\"@id\":\"https:\/\/blogg.svenskakyrkan.se\/tankarinforhelgen\/#\/schema\/person\/c36874f848a4f6a14b804d1949a7df2f\",\"name\":\"Josefine Jehrlander, pr\u00e4st\",\"image\":{\"@type\":\"ImageObject\",\"inLanguage\":\"sv-SE\",\"@id\":\"https:\/\/blogg.svenskakyrkan.se\/tankarinforhelgen\/#\/schema\/person\/image\/\",\"url\":\"https:\/\/secure.gravatar.com\/avatar\/df313e69d5320e02f0f6a886bdf67a99a945b04cfbfbb08da965ee285eb8f1f4?s=96&d=mm&r=g\",\"contentUrl\":\"https:\/\/secure.gravatar.com\/avatar\/df313e69d5320e02f0f6a886bdf67a99a945b04cfbfbb08da965ee285eb8f1f4?s=96&d=mm&r=g\",\"caption\":\"Josefine Jehrlander, pr\u00e4st\"},\"url\":\"https:\/\/blogg.svenskakyrkan.se\/tankarinforhelgen\/author\/josefinefranzen\/\"}]}<\/script>\n<!-- \/ Yoast SEO plugin. -->","yoast_head_json":{"title":"Pusselliv och livspussel - Tankar inf\u00f6r helgen","robots":{"index":"index","follow":"follow","max-snippet":"max-snippet:-1","max-image-preview":"max-image-preview:large","max-video-preview":"max-video-preview:-1"},"canonical":"https:\/\/blogg.svenskakyrkan.se\/tankarinforhelgen\/2018\/09\/04\/pusselliv-och-livspussel\/","og_locale":"sv_SE","og_type":"article","og_title":"Pusselliv och livspussel - Tankar inf\u00f6r helgen","og_description":"Listan \u00f6ver saker som beh\u00f6ver g\u00f6ras fylls p\u00e5: jobba, handla, st\u00e4da, laga mat och tr\u00e4na fotbollslaget, umg\u00e5s med familjen och s\u00e5 hinna f\u00e5 till n\u00e5gra egna tr\u00e4ningspass. Det var n\u00e5got mer det \u00e4r jag s\u00e4ker p\u00e5, just det: denna vecka f\u00e5r jag verkligen inte gl\u00f6mma att r\u00f6sta. Jag kan bara f\u00f6rest\u00e4lla mig hur listan fylls [&hellip;]","og_url":"https:\/\/blogg.svenskakyrkan.se\/tankarinforhelgen\/2018\/09\/04\/pusselliv-och-livspussel\/","og_site_name":"Tankar inf\u00f6r helgen","article_published_time":"2018-09-04T07:37:01+00:00","article_modified_time":"2018-09-04T07:44:14+00:00","author":"Josefine Jehrlander, pr\u00e4st","twitter_card":"summary_large_image","twitter_misc":{"Skriven av":"Josefine Jehrlander, pr\u00e4st","Ber\u00e4knad l\u00e4stid":"3 minuter"},"schema":{"@context":"https:\/\/schema.org","@graph":[{"@type":"Article","@id":"https:\/\/blogg.svenskakyrkan.se\/tankarinforhelgen\/2018\/09\/04\/pusselliv-och-livspussel\/#article","isPartOf":{"@id":"https:\/\/blogg.svenskakyrkan.se\/tankarinforhelgen\/2018\/09\/04\/pusselliv-och-livspussel\/"},"author":{"name":"Josefine Jehrlander, pr\u00e4st","@id":"https:\/\/blogg.svenskakyrkan.se\/tankarinforhelgen\/#\/schema\/person\/c36874f848a4f6a14b804d1949a7df2f"},"headline":"Pusselliv och livspussel","datePublished":"2018-09-04T07:37:01+00:00","dateModified":"2018-09-04T07:44:14+00:00","mainEntityOfPage":{"@id":"https:\/\/blogg.svenskakyrkan.se\/tankarinforhelgen\/2018\/09\/04\/pusselliv-och-livspussel\/"},"wordCount":627,"commentCount":4,"image":{"@id":"https:\/\/blogg.svenskakyrkan.se\/tankarinforhelgen\/2018\/09\/04\/pusselliv-och-livspussel\/#primaryimage"},"thumbnailUrl":"https:\/\/blogg.svenskakyrkan.se\/tankarinforhelgen\/files\/2018\/09\/pusselbitar.png","keywords":["Josefine Jehrlander","TANKARINFORHELGEN"],"articleSection":["15:e s\u00f6ndagen efter trefaldighet"],"inLanguage":"sv-SE","potentialAction":[{"@type":"CommentAction","name":"Comment","target":["https:\/\/blogg.svenskakyrkan.se\/tankarinforhelgen\/2018\/09\/04\/pusselliv-och-livspussel\/#respond"]}]},{"@type":"WebPage","@id":"https:\/\/blogg.svenskakyrkan.se\/tankarinforhelgen\/2018\/09\/04\/pusselliv-och-livspussel\/","url":"https:\/\/blogg.svenskakyrkan.se\/tankarinforhelgen\/2018\/09\/04\/pusselliv-och-livspussel\/","name":"Pusselliv och livspussel - Tankar inf\u00f6r helgen","isPartOf":{"@id":"https:\/\/blogg.svenskakyrkan.se\/tankarinforhelgen\/#website"},"primaryImageOfPage":{"@id":"https:\/\/blogg.svenskakyrkan.se\/tankarinforhelgen\/2018\/09\/04\/pusselliv-och-livspussel\/#primaryimage"},"image":{"@id":"https:\/\/blogg.svenskakyrkan.se\/tankarinforhelgen\/2018\/09\/04\/pusselliv-och-livspussel\/#primaryimage"},"thumbnailUrl":"https:\/\/blogg.svenskakyrkan.se\/tankarinforhelgen\/files\/2018\/09\/pusselbitar.png","datePublished":"2018-09-04T07:37:01+00:00","dateModified":"2018-09-04T07:44:14+00:00","author":{"@id":"https:\/\/blogg.svenskakyrkan.se\/tankarinforhelgen\/#\/schema\/person\/c36874f848a4f6a14b804d1949a7df2f"},"breadcrumb":{"@id":"https:\/\/blogg.svenskakyrkan.se\/tankarinforhelgen\/2018\/09\/04\/pusselliv-och-livspussel\/#breadcrumb"},"inLanguage":"sv-SE","potentialAction":[{"@type":"ReadAction","target":["https:\/\/blogg.svenskakyrkan.se\/tankarinforhelgen\/2018\/09\/04\/pusselliv-och-livspussel\/"]}]},{"@type":"ImageObject","inLanguage":"sv-SE","@id":"https:\/\/blogg.svenskakyrkan.se\/tankarinforhelgen\/2018\/09\/04\/pusselliv-och-livspussel\/#primaryimage","url":"https:\/\/blogg.svenskakyrkan.se\/tankarinforhelgen\/files\/2018\/09\/pusselbitar.png","contentUrl":"https:\/\/blogg.svenskakyrkan.se\/tankarinforhelgen\/files\/2018\/09\/pusselbitar.png","width":936,"height":628},{"@type":"BreadcrumbList","@id":"https:\/\/blogg.svenskakyrkan.se\/tankarinforhelgen\/2018\/09\/04\/pusselliv-och-livspussel\/#breadcrumb","itemListElement":[{"@type":"ListItem","position":1,"name":"Hem","item":"https:\/\/blogg.svenskakyrkan.se\/tankarinforhelgen\/"},{"@type":"ListItem","position":2,"name":"Pusselliv och livspussel"}]},{"@type":"WebSite","@id":"https:\/\/blogg.svenskakyrkan.se\/tankarinforhelgen\/#website","url":"https:\/\/blogg.svenskakyrkan.se\/tankarinforhelgen\/","name":"Tankar inf\u00f6r helgen","description":"Pr\u00e4ster funderar utifr\u00e5n kommande s\u00f6ndags texter","potentialAction":[{"@type":"SearchAction","target":{"@type":"EntryPoint","urlTemplate":"https:\/\/blogg.svenskakyrkan.se\/tankarinforhelgen\/?s={search_term_string}"},"query-input":{"@type":"PropertyValueSpecification","valueRequired":true,"valueName":"search_term_string"}}],"inLanguage":"sv-SE"},{"@type":"Person","@id":"https:\/\/blogg.svenskakyrkan.se\/tankarinforhelgen\/#\/schema\/person\/c36874f848a4f6a14b804d1949a7df2f","name":"Josefine Jehrlander, pr\u00e4st","image":{"@type":"ImageObject","inLanguage":"sv-SE","@id":"https:\/\/blogg.svenskakyrkan.se\/tankarinforhelgen\/#\/schema\/person\/image\/","url":"https:\/\/secure.gravatar.com\/avatar\/df313e69d5320e02f0f6a886bdf67a99a945b04cfbfbb08da965ee285eb8f1f4?s=96&d=mm&r=g","contentUrl":"https:\/\/secure.gravatar.com\/avatar\/df313e69d5320e02f0f6a886bdf67a99a945b04cfbfbb08da965ee285eb8f1f4?s=96&d=mm&r=g","caption":"Josefine Jehrlander, pr\u00e4st"},"url":"https:\/\/blogg.svenskakyrkan.se\/tankarinforhelgen\/author\/josefinefranzen\/"}]}},"author_meta":{"ID":"607","user_nicename":"josefinefranzen","user_registered":"2017-01-25 14:48:02","display_name":"Josefine Jehrlander, pr\u00e4st","first_name":"Josefine","last_name":"Jehrlander, pr\u00e4st","avatar":"https:\/\/secure.gravatar.com\/avatar\/df313e69d5320e02f0f6a886bdf67a99a945b04cfbfbb08da965ee285eb8f1f4?s=96&d=mm&r=g"},"featured_image":["https:\/\/blogg.svenskakyrkan.se\/tankarinforhelgen\/files\/2018\/09\/pusselbitar.png",936,628,false],"bloginfo":{"name":"Tankar inf\u00f6r helgen","url":"https:\/\/blogg.svenskakyrkan.se\/tankarinforhelgen"},"_links":{"self":[{"href":"https:\/\/blogg.svenskakyrkan.se\/tankarinforhelgen\/wp-json\/wp\/v2\/posts\/1473","targetHints":{"allow":["GET"]}}],"collection":[{"href":"https:\/\/blogg.svenskakyrkan.se\/tankarinforhelgen\/wp-json\/wp\/v2\/posts"}],"about":[{"href":"https:\/\/blogg.svenskakyrkan.se\/tankarinforhelgen\/wp-json\/wp\/v2\/types\/post"}],"author":[{"embeddable":true,"href":"https:\/\/blogg.svenskakyrkan.se\/tankarinforhelgen\/wp-json\/wp\/v2\/users\/607"}],"replies":[{"embeddable":true,"href":"https:\/\/blogg.svenskakyrkan.se\/tankarinforhelgen\/wp-json\/wp\/v2\/comments?post=1473"}],"version-history":[{"count":1,"href":"https:\/\/blogg.svenskakyrkan.se\/tankarinforhelgen\/wp-json\/wp\/v2\/posts\/1473\/revisions"}],"predecessor-version":[{"id":1475,"href":"https:\/\/blogg.svenskakyrkan.se\/tankarinforhelgen\/wp-json\/wp\/v2\/posts\/1473\/revisions\/1475"}],"wp:featuredmedia":[{"embeddable":true,"href":"https:\/\/blogg.svenskakyrkan.se\/tankarinforhelgen\/wp-json\/wp\/v2\/media\/1474"}],"wp:attachment":[{"href":"https:\/\/blogg.svenskakyrkan.se\/tankarinforhelgen\/wp-json\/wp\/v2\/media?parent=1473"}],"wp:term":[{"taxonomy":"category","embeddable":true,"href":"https:\/\/blogg.svenskakyrkan.se\/tankarinforhelgen\/wp-json\/wp\/v2\/categories?post=1473"},{"taxonomy":"post_tag","embeddable":true,"href":"https:\/\/blogg.svenskakyrkan.se\/tankarinforhelgen\/wp-json\/wp\/v2\/tags?post=1473"}],"curies":[{"name":"wp","href":"https:\/\/api.w.org\/{rel}","templated":true}]}}