{"id":1478,"date":"2018-09-18T09:33:07","date_gmt":"2018-09-18T07:33:07","guid":{"rendered":"http:\/\/blogg.svenskakyrkan.se\/tankarinforhelgen\/?p=1478"},"modified":"2018-09-18T09:40:06","modified_gmt":"2018-09-18T07:40:06","slug":"du-ar-min-skatt","status":"publish","type":"post","link":"https:\/\/blogg.svenskakyrkan.se\/tankarinforhelgen\/2018\/09\/18\/du-ar-min-skatt\/","title":{"rendered":"Du \u00e4r min skatt"},"content":{"rendered":"<p>Det \u00e4r en s\u00e5n d\u00e4r tr\u00f6tt kv\u00e4ll. Jag har huvudv\u00e4rk och k\u00e4nner mig redan stressad inf\u00f6r morgondagens fulla schema. Vill mest dricka en kopp te och g\u00e5 till s\u00e4ngs. Men f\u00f6rst ska barnen nattas. Mitt yngsta barn insisterar p\u00e5 en l\u00e5ng nattning: tv\u00e5 s\u00e5nger, l\u00e4sa bok och sedan \u201dGud som haver\u201d. Det \u00e4r n\u00e4ra att jag s\u00e4ger \u201dnej\u201d, men eftersom jag inte hunnit med n\u00e5gon l\u00e5ng nattning p\u00e5 n\u00e5gra dagar svarar jag \u00e4nd\u00e5 \u201dok\u201d.<\/p>\n<p>Vi borstar t\u00e4nder, ordnar med pyjamas och g\u00e5r till sovrummet. Vi sjunger tv\u00e5 s\u00e5nger och l\u00e4ser en bok om storsj\u00f6odjuret. Vi avslutar med aftonb\u00f6n och en kram, och sedan s\u00e4ger jag utan att egentligen reflektera \u00f6ver det \u201dGod natt, min skatt\u201d och b\u00f6rjar g\u00e5 mot k\u00f6ket. Jag har knappt hunnit ut ur sovrummet innan mitt barn s\u00e4tter sig upp i s\u00e4ngen, tittar p\u00e5 mig allvarligt och s\u00e4ger \u201dPappa, du \u00e4r min skatt\u201d. Och tiden stannar.<\/p>\n<p>Jesus sa \u201dd\u00e4r din skatt \u00e4r, d\u00e4r kommer ocks\u00e5 ditt hj\u00e4rta att vara\u201d.<\/p>\n<p>Ibland t\u00e4nker jag p\u00e5 all den tid vi m\u00e4nniskor l\u00e4gger ner p\u00e5 alla \u201dm\u00e5sten\u201d. P\u00e5 stress, oro och f\u00f6rv\u00e4ntningar. Allt det vi spenderar v\u00e5r kraft p\u00e5, men egentligen inte skattar s\u00e4rskilt h\u00f6gt. Skatter vi ger allt f\u00f6r, men som egentligen inte \u00e4r best\u00e5ende. Status, yta, verklighetsflykt, pengar, makt, tillf\u00e4lliga njutningar.<\/p>\n<p>F\u00f6r mig blev mitt barns ord p\u00e5 en tr\u00f6tt kv\u00e4ll v\u00e4ndpunkten. F\u00f6r orden \u201dpappa, du \u00e4r min skatt\u201d p\u00e5minde mig om en sanning som \u00e4r l\u00e4tt att gl\u00f6mma. Det \u00e5teruppr\u00e4ttade ett helt omv\u00e4nt perspektiv som \u00e4r allt f\u00f6r l\u00e4tt att tappa bort. Himmelrikets perspektiv.<\/p>\n<p>Att samla skatter i himlen, att ha himmelrikets perspektiv, handlar inte om \u201dflest grejer vinner\u201d eller \u201dstarkast \u00e4r b\u00e4st\u201d. Det handlar inte om en abstrakt inre inst\u00e4llning till Gud och tillvaron, eller en v\u00e4ntan p\u00e5 ett \u201db\u00e4ttre\u201d liv efter detta.<\/p>\n<p>Att samla skatter i himlen handlar om att lyssna till k\u00e4rnan i Jesu f\u00f6rkunnelse om att \u00e4lska Gud och sin n\u00e4sta, om att det \u00e4r saligare att ge \u00e4n att f\u00e5 och att vi ska f\u00f6rl\u00e5ta s\u00e5som vi har blivit f\u00f6rl\u00e5tna. Det handlar om att den v\u00e4rdefullaste skatten som finns \u00e4r en annan m\u00e4nniska. Att samla skatter i himlen handlar om att ge vidare av k\u00e4rleken Gud ger oss. Ingen skatt \u00e4r s\u00e5 v\u00e4rdefull som de vi \u00e4lskar. F\u00f6r d\u00e4r din skatt \u00e4r, d\u00e4r kommer ocks\u00e5 ditt hj\u00e4rta att vara. Allt det h\u00e4r far igenom huvudet p\u00e5 mig p\u00e5 mig n\u00e4r mitt barn markerar hur viktig jag \u00e4r f\u00f6r honom.<\/p>\n<p>Tiden startar igen, och jag b\u00f6rjar n\u00e4stan att gr\u00e5ta. Jag v\u00e4nder mig om och g\u00e5r tillbaka, s\u00e4tter mig p\u00e5 s\u00e4ngkanten och ger mitt barn \u00e4nnu en kram och s\u00e4ger \u201doch du \u00e4r min skatt\u201d. Vi kommer \u00f6verens om att vi ska bygga med lego en stund imorgon efter f\u00f6rskolan, s\u00e4ger \u201dgod natt\u201d en g\u00e5ng till, och sedan l\u00e4mnar jag sovrummet f\u00f6r kv\u00e4llen.<\/p>\n<p>Jag \u00e4r fortfarande tr\u00f6tt. Jag \u00e4r fortfarande stressad. Jag har fortfarande huvudv\u00e4rk. Men n\u00e5got har f\u00f6r\u00e4ndrats. Jag vet att jag \u00e4r n\u00e5gons skatt, och denne n\u00e5gon \u00e4r min skatt. Och jag anar att det kanske \u00e4r s\u00e5 h\u00e4r Gud k\u00e4nner f\u00f6r mig och alla sina barn. Att Gud \u00e4r v\u00e5r skatt, och vi \u00e4r hans.<\/p>\n","protected":false},"excerpt":{"rendered":"<p>Det \u00e4r en s\u00e5n d\u00e4r tr\u00f6tt kv\u00e4ll. Jag har huvudv\u00e4rk och k\u00e4nner mig redan stressad inf\u00f6r morgondagens fulla schema. Vill mest dricka en kopp te och g\u00e5 till s\u00e4ngs. Men f\u00f6rst ska barnen nattas. Mitt yngsta barn insisterar p\u00e5 en l\u00e5ng nattning: tv\u00e5 s\u00e5nger, l\u00e4sa bok och sedan \u201dGud som haver\u201d. Det \u00e4r n\u00e4ra att [&hellip;]<\/p>\n","protected":false},"author":458,"featured_media":1488,"comment_status":"open","ping_status":"open","sticky":false,"template":"","format":"standard","meta":{"_acf_changed":false,"footnotes":""},"categories":[130724],"tags":[159854,29565],"class_list":["post-1478","post","type-post","status-publish","format-standard","has-post-thumbnail","hentry","category-17e-sondagen-efter-trefaldighet","tag-andreas-sundstrom","tag-tankar-infor-helgen"],"acf":[],"yoast_head":"<!-- This site is optimized with the Yoast SEO plugin v27.1.1 - https:\/\/yoast.com\/product\/yoast-seo-wordpress\/ -->\n<title>Du \u00e4r min skatt - Tankar inf\u00f6r helgen<\/title>\n<meta name=\"robots\" content=\"index, follow, max-snippet:-1, max-image-preview:large, max-video-preview:-1\" \/>\n<link rel=\"canonical\" href=\"https:\/\/blogg.svenskakyrkan.se\/tankarinforhelgen\/2018\/09\/18\/du-ar-min-skatt\/\" \/>\n<meta property=\"og:locale\" content=\"sv_SE\" \/>\n<meta property=\"og:type\" content=\"article\" \/>\n<meta property=\"og:title\" content=\"Du \u00e4r min skatt - Tankar inf\u00f6r helgen\" \/>\n<meta property=\"og:description\" content=\"Det \u00e4r en s\u00e5n d\u00e4r tr\u00f6tt kv\u00e4ll. Jag har huvudv\u00e4rk och k\u00e4nner mig redan stressad inf\u00f6r morgondagens fulla schema. Vill mest dricka en kopp te och g\u00e5 till s\u00e4ngs. Men f\u00f6rst ska barnen nattas. Mitt yngsta barn insisterar p\u00e5 en l\u00e5ng nattning: tv\u00e5 s\u00e5nger, l\u00e4sa bok och sedan \u201dGud som haver\u201d. Det \u00e4r n\u00e4ra att [&hellip;]\" \/>\n<meta property=\"og:url\" content=\"https:\/\/blogg.svenskakyrkan.se\/tankarinforhelgen\/2018\/09\/18\/du-ar-min-skatt\/\" \/>\n<meta property=\"og:site_name\" content=\"Tankar inf\u00f6r helgen\" \/>\n<meta property=\"article:published_time\" content=\"2018-09-18T07:33:07+00:00\" \/>\n<meta property=\"article:modified_time\" content=\"2018-09-18T07:40:06+00:00\" \/>\n<meta name=\"author\" content=\"Magdalena Wernefeldt\" \/>\n<meta name=\"twitter:card\" content=\"summary_large_image\" \/>\n<meta name=\"twitter:label1\" content=\"Skriven av\" \/>\n\t<meta name=\"twitter:data1\" content=\"Magdalena Wernefeldt\" \/>\n\t<meta name=\"twitter:label2\" content=\"Ber\u00e4knad l\u00e4stid\" \/>\n\t<meta name=\"twitter:data2\" content=\"3 minuter\" \/>\n<script type=\"application\/ld+json\" class=\"yoast-schema-graph\">{\"@context\":\"https:\/\/schema.org\",\"@graph\":[{\"@type\":\"Article\",\"@id\":\"https:\/\/blogg.svenskakyrkan.se\/tankarinforhelgen\/2018\/09\/18\/du-ar-min-skatt\/#article\",\"isPartOf\":{\"@id\":\"https:\/\/blogg.svenskakyrkan.se\/tankarinforhelgen\/2018\/09\/18\/du-ar-min-skatt\/\"},\"author\":{\"name\":\"Magdalena Wernefeldt\",\"@id\":\"https:\/\/blogg.svenskakyrkan.se\/tankarinforhelgen\/#\/schema\/person\/c19e8a124f507336a7f712f3b02d924b\"},\"headline\":\"Du \u00e4r min skatt\",\"datePublished\":\"2018-09-18T07:33:07+00:00\",\"dateModified\":\"2018-09-18T07:40:06+00:00\",\"mainEntityOfPage\":{\"@id\":\"https:\/\/blogg.svenskakyrkan.se\/tankarinforhelgen\/2018\/09\/18\/du-ar-min-skatt\/\"},\"wordCount\":631,\"commentCount\":2,\"image\":{\"@id\":\"https:\/\/blogg.svenskakyrkan.se\/tankarinforhelgen\/2018\/09\/18\/du-ar-min-skatt\/#primaryimage\"},\"thumbnailUrl\":\"https:\/\/blogg.svenskakyrkan.se\/tankarinforhelgen\/files\/2018\/09\/godnattsaga.png\",\"keywords\":[\"Andreas Sundstr\u00f6m\",\"TANKAR INF\u00d6R HELGEN\"],\"articleSection\":[\"17:e s\u00f6ndagen efter trefaldighet\"],\"inLanguage\":\"sv-SE\",\"potentialAction\":[{\"@type\":\"CommentAction\",\"name\":\"Comment\",\"target\":[\"https:\/\/blogg.svenskakyrkan.se\/tankarinforhelgen\/2018\/09\/18\/du-ar-min-skatt\/#respond\"]}]},{\"@type\":\"WebPage\",\"@id\":\"https:\/\/blogg.svenskakyrkan.se\/tankarinforhelgen\/2018\/09\/18\/du-ar-min-skatt\/\",\"url\":\"https:\/\/blogg.svenskakyrkan.se\/tankarinforhelgen\/2018\/09\/18\/du-ar-min-skatt\/\",\"name\":\"Du \u00e4r min skatt - Tankar inf\u00f6r helgen\",\"isPartOf\":{\"@id\":\"https:\/\/blogg.svenskakyrkan.se\/tankarinforhelgen\/#website\"},\"primaryImageOfPage\":{\"@id\":\"https:\/\/blogg.svenskakyrkan.se\/tankarinforhelgen\/2018\/09\/18\/du-ar-min-skatt\/#primaryimage\"},\"image\":{\"@id\":\"https:\/\/blogg.svenskakyrkan.se\/tankarinforhelgen\/2018\/09\/18\/du-ar-min-skatt\/#primaryimage\"},\"thumbnailUrl\":\"https:\/\/blogg.svenskakyrkan.se\/tankarinforhelgen\/files\/2018\/09\/godnattsaga.png\",\"datePublished\":\"2018-09-18T07:33:07+00:00\",\"dateModified\":\"2018-09-18T07:40:06+00:00\",\"author\":{\"@id\":\"https:\/\/blogg.svenskakyrkan.se\/tankarinforhelgen\/#\/schema\/person\/c19e8a124f507336a7f712f3b02d924b\"},\"breadcrumb\":{\"@id\":\"https:\/\/blogg.svenskakyrkan.se\/tankarinforhelgen\/2018\/09\/18\/du-ar-min-skatt\/#breadcrumb\"},\"inLanguage\":\"sv-SE\",\"potentialAction\":[{\"@type\":\"ReadAction\",\"target\":[\"https:\/\/blogg.svenskakyrkan.se\/tankarinforhelgen\/2018\/09\/18\/du-ar-min-skatt\/\"]}]},{\"@type\":\"ImageObject\",\"inLanguage\":\"sv-SE\",\"@id\":\"https:\/\/blogg.svenskakyrkan.se\/tankarinforhelgen\/2018\/09\/18\/du-ar-min-skatt\/#primaryimage\",\"url\":\"https:\/\/blogg.svenskakyrkan.se\/tankarinforhelgen\/files\/2018\/09\/godnattsaga.png\",\"contentUrl\":\"https:\/\/blogg.svenskakyrkan.se\/tankarinforhelgen\/files\/2018\/09\/godnattsaga.png\",\"width\":1009,\"height\":659},{\"@type\":\"BreadcrumbList\",\"@id\":\"https:\/\/blogg.svenskakyrkan.se\/tankarinforhelgen\/2018\/09\/18\/du-ar-min-skatt\/#breadcrumb\",\"itemListElement\":[{\"@type\":\"ListItem\",\"position\":1,\"name\":\"Hem\",\"item\":\"https:\/\/blogg.svenskakyrkan.se\/tankarinforhelgen\/\"},{\"@type\":\"ListItem\",\"position\":2,\"name\":\"Du \u00e4r min skatt\"}]},{\"@type\":\"WebSite\",\"@id\":\"https:\/\/blogg.svenskakyrkan.se\/tankarinforhelgen\/#website\",\"url\":\"https:\/\/blogg.svenskakyrkan.se\/tankarinforhelgen\/\",\"name\":\"Tankar inf\u00f6r helgen\",\"description\":\"Pr\u00e4ster funderar utifr\u00e5n kommande s\u00f6ndags texter\",\"potentialAction\":[{\"@type\":\"SearchAction\",\"target\":{\"@type\":\"EntryPoint\",\"urlTemplate\":\"https:\/\/blogg.svenskakyrkan.se\/tankarinforhelgen\/?s={search_term_string}\"},\"query-input\":{\"@type\":\"PropertyValueSpecification\",\"valueRequired\":true,\"valueName\":\"search_term_string\"}}],\"inLanguage\":\"sv-SE\"},{\"@type\":\"Person\",\"@id\":\"https:\/\/blogg.svenskakyrkan.se\/tankarinforhelgen\/#\/schema\/person\/c19e8a124f507336a7f712f3b02d924b\",\"name\":\"Magdalena Wernefeldt\",\"image\":{\"@type\":\"ImageObject\",\"inLanguage\":\"sv-SE\",\"@id\":\"https:\/\/blogg.svenskakyrkan.se\/tankarinforhelgen\/#\/schema\/person\/image\/\",\"url\":\"https:\/\/secure.gravatar.com\/avatar\/23dab26aed51bdfcff5c1559ea1a5d339f00dac73f3d56d1d8b724c1d9074328?s=96&d=mm&r=g\",\"contentUrl\":\"https:\/\/secure.gravatar.com\/avatar\/23dab26aed51bdfcff5c1559ea1a5d339f00dac73f3d56d1d8b724c1d9074328?s=96&d=mm&r=g\",\"caption\":\"Magdalena Wernefeldt\"},\"url\":\"https:\/\/blogg.svenskakyrkan.se\/tankarinforhelgen\/author\/svkmwt\/\"}]}<\/script>\n<!-- \/ Yoast SEO plugin. -->","yoast_head_json":{"title":"Du \u00e4r min skatt - Tankar inf\u00f6r helgen","robots":{"index":"index","follow":"follow","max-snippet":"max-snippet:-1","max-image-preview":"max-image-preview:large","max-video-preview":"max-video-preview:-1"},"canonical":"https:\/\/blogg.svenskakyrkan.se\/tankarinforhelgen\/2018\/09\/18\/du-ar-min-skatt\/","og_locale":"sv_SE","og_type":"article","og_title":"Du \u00e4r min skatt - Tankar inf\u00f6r helgen","og_description":"Det \u00e4r en s\u00e5n d\u00e4r tr\u00f6tt kv\u00e4ll. Jag har huvudv\u00e4rk och k\u00e4nner mig redan stressad inf\u00f6r morgondagens fulla schema. Vill mest dricka en kopp te och g\u00e5 till s\u00e4ngs. Men f\u00f6rst ska barnen nattas. Mitt yngsta barn insisterar p\u00e5 en l\u00e5ng nattning: tv\u00e5 s\u00e5nger, l\u00e4sa bok och sedan \u201dGud som haver\u201d. Det \u00e4r n\u00e4ra att [&hellip;]","og_url":"https:\/\/blogg.svenskakyrkan.se\/tankarinforhelgen\/2018\/09\/18\/du-ar-min-skatt\/","og_site_name":"Tankar inf\u00f6r helgen","article_published_time":"2018-09-18T07:33:07+00:00","article_modified_time":"2018-09-18T07:40:06+00:00","author":"Magdalena Wernefeldt","twitter_card":"summary_large_image","twitter_misc":{"Skriven av":"Magdalena Wernefeldt","Ber\u00e4knad l\u00e4stid":"3 minuter"},"schema":{"@context":"https:\/\/schema.org","@graph":[{"@type":"Article","@id":"https:\/\/blogg.svenskakyrkan.se\/tankarinforhelgen\/2018\/09\/18\/du-ar-min-skatt\/#article","isPartOf":{"@id":"https:\/\/blogg.svenskakyrkan.se\/tankarinforhelgen\/2018\/09\/18\/du-ar-min-skatt\/"},"author":{"name":"Magdalena Wernefeldt","@id":"https:\/\/blogg.svenskakyrkan.se\/tankarinforhelgen\/#\/schema\/person\/c19e8a124f507336a7f712f3b02d924b"},"headline":"Du \u00e4r min skatt","datePublished":"2018-09-18T07:33:07+00:00","dateModified":"2018-09-18T07:40:06+00:00","mainEntityOfPage":{"@id":"https:\/\/blogg.svenskakyrkan.se\/tankarinforhelgen\/2018\/09\/18\/du-ar-min-skatt\/"},"wordCount":631,"commentCount":2,"image":{"@id":"https:\/\/blogg.svenskakyrkan.se\/tankarinforhelgen\/2018\/09\/18\/du-ar-min-skatt\/#primaryimage"},"thumbnailUrl":"https:\/\/blogg.svenskakyrkan.se\/tankarinforhelgen\/files\/2018\/09\/godnattsaga.png","keywords":["Andreas Sundstr\u00f6m","TANKAR INF\u00d6R HELGEN"],"articleSection":["17:e s\u00f6ndagen efter trefaldighet"],"inLanguage":"sv-SE","potentialAction":[{"@type":"CommentAction","name":"Comment","target":["https:\/\/blogg.svenskakyrkan.se\/tankarinforhelgen\/2018\/09\/18\/du-ar-min-skatt\/#respond"]}]},{"@type":"WebPage","@id":"https:\/\/blogg.svenskakyrkan.se\/tankarinforhelgen\/2018\/09\/18\/du-ar-min-skatt\/","url":"https:\/\/blogg.svenskakyrkan.se\/tankarinforhelgen\/2018\/09\/18\/du-ar-min-skatt\/","name":"Du \u00e4r min skatt - Tankar inf\u00f6r helgen","isPartOf":{"@id":"https:\/\/blogg.svenskakyrkan.se\/tankarinforhelgen\/#website"},"primaryImageOfPage":{"@id":"https:\/\/blogg.svenskakyrkan.se\/tankarinforhelgen\/2018\/09\/18\/du-ar-min-skatt\/#primaryimage"},"image":{"@id":"https:\/\/blogg.svenskakyrkan.se\/tankarinforhelgen\/2018\/09\/18\/du-ar-min-skatt\/#primaryimage"},"thumbnailUrl":"https:\/\/blogg.svenskakyrkan.se\/tankarinforhelgen\/files\/2018\/09\/godnattsaga.png","datePublished":"2018-09-18T07:33:07+00:00","dateModified":"2018-09-18T07:40:06+00:00","author":{"@id":"https:\/\/blogg.svenskakyrkan.se\/tankarinforhelgen\/#\/schema\/person\/c19e8a124f507336a7f712f3b02d924b"},"breadcrumb":{"@id":"https:\/\/blogg.svenskakyrkan.se\/tankarinforhelgen\/2018\/09\/18\/du-ar-min-skatt\/#breadcrumb"},"inLanguage":"sv-SE","potentialAction":[{"@type":"ReadAction","target":["https:\/\/blogg.svenskakyrkan.se\/tankarinforhelgen\/2018\/09\/18\/du-ar-min-skatt\/"]}]},{"@type":"ImageObject","inLanguage":"sv-SE","@id":"https:\/\/blogg.svenskakyrkan.se\/tankarinforhelgen\/2018\/09\/18\/du-ar-min-skatt\/#primaryimage","url":"https:\/\/blogg.svenskakyrkan.se\/tankarinforhelgen\/files\/2018\/09\/godnattsaga.png","contentUrl":"https:\/\/blogg.svenskakyrkan.se\/tankarinforhelgen\/files\/2018\/09\/godnattsaga.png","width":1009,"height":659},{"@type":"BreadcrumbList","@id":"https:\/\/blogg.svenskakyrkan.se\/tankarinforhelgen\/2018\/09\/18\/du-ar-min-skatt\/#breadcrumb","itemListElement":[{"@type":"ListItem","position":1,"name":"Hem","item":"https:\/\/blogg.svenskakyrkan.se\/tankarinforhelgen\/"},{"@type":"ListItem","position":2,"name":"Du \u00e4r min skatt"}]},{"@type":"WebSite","@id":"https:\/\/blogg.svenskakyrkan.se\/tankarinforhelgen\/#website","url":"https:\/\/blogg.svenskakyrkan.se\/tankarinforhelgen\/","name":"Tankar inf\u00f6r helgen","description":"Pr\u00e4ster funderar utifr\u00e5n kommande s\u00f6ndags texter","potentialAction":[{"@type":"SearchAction","target":{"@type":"EntryPoint","urlTemplate":"https:\/\/blogg.svenskakyrkan.se\/tankarinforhelgen\/?s={search_term_string}"},"query-input":{"@type":"PropertyValueSpecification","valueRequired":true,"valueName":"search_term_string"}}],"inLanguage":"sv-SE"},{"@type":"Person","@id":"https:\/\/blogg.svenskakyrkan.se\/tankarinforhelgen\/#\/schema\/person\/c19e8a124f507336a7f712f3b02d924b","name":"Magdalena Wernefeldt","image":{"@type":"ImageObject","inLanguage":"sv-SE","@id":"https:\/\/blogg.svenskakyrkan.se\/tankarinforhelgen\/#\/schema\/person\/image\/","url":"https:\/\/secure.gravatar.com\/avatar\/23dab26aed51bdfcff5c1559ea1a5d339f00dac73f3d56d1d8b724c1d9074328?s=96&d=mm&r=g","contentUrl":"https:\/\/secure.gravatar.com\/avatar\/23dab26aed51bdfcff5c1559ea1a5d339f00dac73f3d56d1d8b724c1d9074328?s=96&d=mm&r=g","caption":"Magdalena Wernefeldt"},"url":"https:\/\/blogg.svenskakyrkan.se\/tankarinforhelgen\/author\/svkmwt\/"}]}},"author_meta":{"ID":"458","user_nicename":"svkmwt","user_registered":"2014-10-14 11:18:34","display_name":"Magdalena Wernefeldt","first_name":"Magdalena","last_name":"Wernefeldt","avatar":"https:\/\/secure.gravatar.com\/avatar\/23dab26aed51bdfcff5c1559ea1a5d339f00dac73f3d56d1d8b724c1d9074328?s=96&d=mm&r=g"},"featured_image":["https:\/\/blogg.svenskakyrkan.se\/tankarinforhelgen\/files\/2018\/09\/godnattsaga.png",1009,659,false],"bloginfo":{"name":"Tankar inf\u00f6r helgen","url":"https:\/\/blogg.svenskakyrkan.se\/tankarinforhelgen"},"_links":{"self":[{"href":"https:\/\/blogg.svenskakyrkan.se\/tankarinforhelgen\/wp-json\/wp\/v2\/posts\/1478","targetHints":{"allow":["GET"]}}],"collection":[{"href":"https:\/\/blogg.svenskakyrkan.se\/tankarinforhelgen\/wp-json\/wp\/v2\/posts"}],"about":[{"href":"https:\/\/blogg.svenskakyrkan.se\/tankarinforhelgen\/wp-json\/wp\/v2\/types\/post"}],"author":[{"embeddable":true,"href":"https:\/\/blogg.svenskakyrkan.se\/tankarinforhelgen\/wp-json\/wp\/v2\/users\/458"}],"replies":[{"embeddable":true,"href":"https:\/\/blogg.svenskakyrkan.se\/tankarinforhelgen\/wp-json\/wp\/v2\/comments?post=1478"}],"version-history":[{"count":3,"href":"https:\/\/blogg.svenskakyrkan.se\/tankarinforhelgen\/wp-json\/wp\/v2\/posts\/1478\/revisions"}],"predecessor-version":[{"id":1490,"href":"https:\/\/blogg.svenskakyrkan.se\/tankarinforhelgen\/wp-json\/wp\/v2\/posts\/1478\/revisions\/1490"}],"wp:featuredmedia":[{"embeddable":true,"href":"https:\/\/blogg.svenskakyrkan.se\/tankarinforhelgen\/wp-json\/wp\/v2\/media\/1488"}],"wp:attachment":[{"href":"https:\/\/blogg.svenskakyrkan.se\/tankarinforhelgen\/wp-json\/wp\/v2\/media?parent=1478"}],"wp:term":[{"taxonomy":"category","embeddable":true,"href":"https:\/\/blogg.svenskakyrkan.se\/tankarinforhelgen\/wp-json\/wp\/v2\/categories?post=1478"},{"taxonomy":"post_tag","embeddable":true,"href":"https:\/\/blogg.svenskakyrkan.se\/tankarinforhelgen\/wp-json\/wp\/v2\/tags?post=1478"}],"curies":[{"name":"wp","href":"https:\/\/api.w.org\/{rel}","templated":true}]}}