{"id":1496,"date":"2018-10-01T14:10:49","date_gmt":"2018-10-01T12:10:49","guid":{"rendered":"http:\/\/blogg.svenskakyrkan.se\/tankarinforhelgen\/?p=1496"},"modified":"2018-10-01T14:11:22","modified_gmt":"2018-10-01T12:11:22","slug":"men-helst-vill-jag-folja-ankan","status":"publish","type":"post","link":"https:\/\/blogg.svenskakyrkan.se\/tankarinforhelgen\/2018\/10\/01\/men-helst-vill-jag-folja-ankan\/","title":{"rendered":"Men helst vill jag f\u00f6lja \u00e4nkan"},"content":{"rendered":"<p>Jag var p\u00e5 konsert f\u00f6rra helgen, och s\u00e5g U2 i K\u00f6penhamn. Det var den sj\u00e4tte g\u00e5ngen jag ser dem live, f\u00f6rsta g\u00e5ngen var 1993. Det \u00e4r som att vi firar silverkonsertbr\u00f6llop, jag och de irl\u00e4ndska grabbarna. De har f\u00f6ljt mig genom hela mitt vuxenliv, och flera av deras s\u00e5nger har blivit temamusik f\u00f6r mitt livs stora h\u00e4ndelser.<\/p>\n<p>Jag var inte ensam d\u00e4r p\u00e5 arenan. 16000 personer hade vallf\u00e4rdat dit f\u00f6r att lyssna och se, en del fr\u00e5n andra sidan jorden. Och bandet levererade, som de alltid g\u00f6r, en blandning mellan ett religi\u00f6st v\u00e4ckelsem\u00f6te, en politisk manifestation och en helt vanlig arenarock-konsert. Starka bilder av krigsh\u00e4rjade st\u00e4der och \u00f6verfulla gummib\u00e5tar p\u00e5 Medelhavet blandades med blinkande ljus och alls\u00e5ng. Vi dansade, hoppade och sj\u00f6ng, och emellan\u00e5t h\u00f6ll vi om varandra och gr\u00e4t. Och n\u00e4r jag \u00e5kte d\u00e4rifr\u00e5n var jag helt urlakad av k\u00e4nslostorm och intryck, m\u00f6r i hela kroppen.<\/p>\n<p>Budskapet som Bono, s\u00e5ngaren, predikar \u00e4r ett av gr\u00e4nsl\u00f6s k\u00e4rlek, av omsorg f\u00f6r de svagaste, av kamp f\u00f6r det goda. Och det \u00e4r inte okomplicerat, f\u00f6r han som talar \u00e4r en stormrik vit man, som skatteplanerar och investerar och flyger runt v\u00e4rlden, samtidigt som han pekar p\u00e5 vikten av att kvinnor h\u00f6rs, att milj\u00f6n v\u00e5rdas, att vi alla har ett gemensamt ansvar finansiellt och etiskt f\u00f6r att den h\u00e4r v\u00e4rlden ska klara sig. Naturligtvis har Bono m\u00e5nga g\u00e5nger blivit anklagad f\u00f6r hyckleri, och nog finns det ett visst fog f\u00f6r det.<\/p>\n<p>Men det \u00e4r f\u00e5 av oss som lyckas vara alltigenom konsekventa i v\u00e5r etik och moral, som verkligen lever som vi l\u00e4r. Och kanske \u00e4r det som allra sv\u00e5rast att g\u00f6ra det n\u00e4r vi lever i en privilegierad del av v\u00e4rlden, med en medelinkomst och generell levnadsstandard som vida \u00f6verstiger de flestas.<\/p>\n<p>Precis den sv\u00e5righeten pekar Jesus p\u00e5 d\u00e4r framf\u00f6r skattkistan. M\u00e5nga rika gav mycket. D\u00e4r st\u00e5r Bill Gates och Bono och alla de andra filantroperna, de som sk\u00e4nker mycket. Men de \u00e4r alla \u00f6vertr\u00e4ffade av en fattig \u00e4nka som ger allt. En g\u00e5ng l\u00e4ste jag att de som ger mest till v\u00e4lg\u00f6renhet \u00e4r studenter och pension\u00e4rer, det vill s\u00e4ga de som har minst att ge egentligen. De som sj\u00e4lva beh\u00f6ver hj\u00e4lp \u00e4r ocks\u00e5 de som ofta ger.<\/p>\n<p>Finns det d\u00e5 n\u00e5got hopp f\u00f6r oss relativt rika? Alltid. Rikedom och privilegier \u00e4r skygglappar, st\u00f6td\u00e4mpare inf\u00f6r den h\u00e4r v\u00e4rldens h\u00e5rdhet och sm\u00e4rta, men de hindrar oss inte fr\u00e5n att f\u00e5 Guds n\u00e5d och k\u00e4rlek. Vi har f\u00e5tt stora g\u00e5vor att f\u00f6rvalta, och med det f\u00f6ljer stort ansvar. Och m\u00e5nga m\u00f6jligheter att be om, och f\u00e5 ta emot, f\u00f6rl\u00e5telse f\u00f6r de g\u00e5nger vi misslyckas. Det g\u00e4ller att v\u00e4lja r\u00e4tt f\u00f6rebilder.<\/p>\n<p>S\u00e5 \u00e4ven om U2s musik har varit min st\u00e4ndiga inspirationsk\u00e4lla och st\u00f6d, vill jag helst f\u00f6lja \u00e4nkan. \u00c4ven om jag respekterar och \u00e4r glad \u00f6ver Bonos engagemang och patos, \u00e4r det \u00e4nkans sk\u00e4rv som imponerar p\u00e5 mig. Idag blir min b\u00f6n: \u201dHerre, hj\u00e4lp mig ge mer \u00e4n av mitt \u00f6verfl\u00f6d\u201d, t\u00e4tt f\u00f6ljd av \u201dHerre, hj\u00e4lp mig n\u00e4r jag inte v\u00e5gar\u201d. I Jesu namn. In the name of love.<\/p>\n","protected":false},"excerpt":{"rendered":"<p>Jag var p\u00e5 konsert f\u00f6rra helgen, och s\u00e5g U2 i K\u00f6penhamn. Det var den sj\u00e4tte g\u00e5ngen jag ser dem live, f\u00f6rsta g\u00e5ngen var 1993. Det \u00e4r som att vi firar silverkonsertbr\u00f6llop, jag och de irl\u00e4ndska grabbarna. De har f\u00f6ljt mig genom hela mitt vuxenliv, och flera av deras s\u00e5nger har blivit temamusik f\u00f6r mitt livs [&hellip;]<\/p>\n","protected":false},"author":606,"featured_media":1497,"comment_status":"open","ping_status":"open","sticky":false,"template":"","format":"standard","meta":{"_acf_changed":false,"footnotes":""},"categories":[142444],"tags":[141795,142457],"class_list":["post-1496","post","type-post","status-publish","format-standard","has-post-thumbnail","hentry","category-19e-sondagen-efter-trefaldighet","tag-maria-bergius","tag-tankarinforhelgen"],"acf":[],"yoast_head":"<!-- This site is optimized with the Yoast SEO plugin v27.1.1 - https:\/\/yoast.com\/product\/yoast-seo-wordpress\/ -->\n<title>Men helst vill jag f\u00f6lja \u00e4nkan - Tankar inf\u00f6r helgen<\/title>\n<meta name=\"robots\" content=\"index, follow, max-snippet:-1, max-image-preview:large, max-video-preview:-1\" \/>\n<link rel=\"canonical\" href=\"https:\/\/blogg.svenskakyrkan.se\/tankarinforhelgen\/2018\/10\/01\/men-helst-vill-jag-folja-ankan\/\" \/>\n<meta property=\"og:locale\" content=\"sv_SE\" \/>\n<meta property=\"og:type\" content=\"article\" \/>\n<meta property=\"og:title\" content=\"Men helst vill jag f\u00f6lja \u00e4nkan - Tankar inf\u00f6r helgen\" \/>\n<meta property=\"og:description\" content=\"Jag var p\u00e5 konsert f\u00f6rra helgen, och s\u00e5g U2 i K\u00f6penhamn. Det var den sj\u00e4tte g\u00e5ngen jag ser dem live, f\u00f6rsta g\u00e5ngen var 1993. Det \u00e4r som att vi firar silverkonsertbr\u00f6llop, jag och de irl\u00e4ndska grabbarna. De har f\u00f6ljt mig genom hela mitt vuxenliv, och flera av deras s\u00e5nger har blivit temamusik f\u00f6r mitt livs [&hellip;]\" \/>\n<meta property=\"og:url\" content=\"https:\/\/blogg.svenskakyrkan.se\/tankarinforhelgen\/2018\/10\/01\/men-helst-vill-jag-folja-ankan\/\" \/>\n<meta property=\"og:site_name\" content=\"Tankar inf\u00f6r helgen\" \/>\n<meta property=\"article:published_time\" content=\"2018-10-01T12:10:49+00:00\" \/>\n<meta property=\"article:modified_time\" content=\"2018-10-01T12:11:22+00:00\" \/>\n<meta name=\"author\" content=\"Maria Bergius, pr\u00e4st\" \/>\n<meta name=\"twitter:card\" content=\"summary_large_image\" \/>\n<meta name=\"twitter:label1\" content=\"Skriven av\" \/>\n\t<meta name=\"twitter:data1\" content=\"Maria Bergius, pr\u00e4st\" \/>\n\t<meta name=\"twitter:label2\" content=\"Ber\u00e4knad l\u00e4stid\" \/>\n\t<meta name=\"twitter:data2\" content=\"3 minuter\" \/>\n<script type=\"application\/ld+json\" class=\"yoast-schema-graph\">{\"@context\":\"https:\/\/schema.org\",\"@graph\":[{\"@type\":\"Article\",\"@id\":\"https:\/\/blogg.svenskakyrkan.se\/tankarinforhelgen\/2018\/10\/01\/men-helst-vill-jag-folja-ankan\/#article\",\"isPartOf\":{\"@id\":\"https:\/\/blogg.svenskakyrkan.se\/tankarinforhelgen\/2018\/10\/01\/men-helst-vill-jag-folja-ankan\/\"},\"author\":{\"name\":\"Maria Bergius, pr\u00e4st\",\"@id\":\"https:\/\/blogg.svenskakyrkan.se\/tankarinforhelgen\/#\/schema\/person\/51402ee78d61b200104320043c6474b5\"},\"headline\":\"Men helst vill jag f\u00f6lja \u00e4nkan\",\"datePublished\":\"2018-10-01T12:10:49+00:00\",\"dateModified\":\"2018-10-01T12:11:22+00:00\",\"mainEntityOfPage\":{\"@id\":\"https:\/\/blogg.svenskakyrkan.se\/tankarinforhelgen\/2018\/10\/01\/men-helst-vill-jag-folja-ankan\/\"},\"wordCount\":624,\"commentCount\":2,\"image\":{\"@id\":\"https:\/\/blogg.svenskakyrkan.se\/tankarinforhelgen\/2018\/10\/01\/men-helst-vill-jag-folja-ankan\/#primaryimage\"},\"thumbnailUrl\":\"https:\/\/blogg.svenskakyrkan.se\/tankarinforhelgen\/files\/2018\/10\/h\u00e4nderna.jpg\",\"keywords\":[\"Maria Bergius\",\"TANKARINFORHELGEN\"],\"articleSection\":[\"19:e s\u00f6ndagen efter trefaldighet\"],\"inLanguage\":\"sv-SE\",\"potentialAction\":[{\"@type\":\"CommentAction\",\"name\":\"Comment\",\"target\":[\"https:\/\/blogg.svenskakyrkan.se\/tankarinforhelgen\/2018\/10\/01\/men-helst-vill-jag-folja-ankan\/#respond\"]}]},{\"@type\":\"WebPage\",\"@id\":\"https:\/\/blogg.svenskakyrkan.se\/tankarinforhelgen\/2018\/10\/01\/men-helst-vill-jag-folja-ankan\/\",\"url\":\"https:\/\/blogg.svenskakyrkan.se\/tankarinforhelgen\/2018\/10\/01\/men-helst-vill-jag-folja-ankan\/\",\"name\":\"Men helst vill jag f\u00f6lja \u00e4nkan - Tankar inf\u00f6r helgen\",\"isPartOf\":{\"@id\":\"https:\/\/blogg.svenskakyrkan.se\/tankarinforhelgen\/#website\"},\"primaryImageOfPage\":{\"@id\":\"https:\/\/blogg.svenskakyrkan.se\/tankarinforhelgen\/2018\/10\/01\/men-helst-vill-jag-folja-ankan\/#primaryimage\"},\"image\":{\"@id\":\"https:\/\/blogg.svenskakyrkan.se\/tankarinforhelgen\/2018\/10\/01\/men-helst-vill-jag-folja-ankan\/#primaryimage\"},\"thumbnailUrl\":\"https:\/\/blogg.svenskakyrkan.se\/tankarinforhelgen\/files\/2018\/10\/h\u00e4nderna.jpg\",\"datePublished\":\"2018-10-01T12:10:49+00:00\",\"dateModified\":\"2018-10-01T12:11:22+00:00\",\"author\":{\"@id\":\"https:\/\/blogg.svenskakyrkan.se\/tankarinforhelgen\/#\/schema\/person\/51402ee78d61b200104320043c6474b5\"},\"breadcrumb\":{\"@id\":\"https:\/\/blogg.svenskakyrkan.se\/tankarinforhelgen\/2018\/10\/01\/men-helst-vill-jag-folja-ankan\/#breadcrumb\"},\"inLanguage\":\"sv-SE\",\"potentialAction\":[{\"@type\":\"ReadAction\",\"target\":[\"https:\/\/blogg.svenskakyrkan.se\/tankarinforhelgen\/2018\/10\/01\/men-helst-vill-jag-folja-ankan\/\"]}]},{\"@type\":\"ImageObject\",\"inLanguage\":\"sv-SE\",\"@id\":\"https:\/\/blogg.svenskakyrkan.se\/tankarinforhelgen\/2018\/10\/01\/men-helst-vill-jag-folja-ankan\/#primaryimage\",\"url\":\"https:\/\/blogg.svenskakyrkan.se\/tankarinforhelgen\/files\/2018\/10\/h\u00e4nderna.jpg\",\"contentUrl\":\"https:\/\/blogg.svenskakyrkan.se\/tankarinforhelgen\/files\/2018\/10\/h\u00e4nderna.jpg\",\"width\":7744,\"height\":5583},{\"@type\":\"BreadcrumbList\",\"@id\":\"https:\/\/blogg.svenskakyrkan.se\/tankarinforhelgen\/2018\/10\/01\/men-helst-vill-jag-folja-ankan\/#breadcrumb\",\"itemListElement\":[{\"@type\":\"ListItem\",\"position\":1,\"name\":\"Hem\",\"item\":\"https:\/\/blogg.svenskakyrkan.se\/tankarinforhelgen\/\"},{\"@type\":\"ListItem\",\"position\":2,\"name\":\"Men helst vill jag f\u00f6lja \u00e4nkan\"}]},{\"@type\":\"WebSite\",\"@id\":\"https:\/\/blogg.svenskakyrkan.se\/tankarinforhelgen\/#website\",\"url\":\"https:\/\/blogg.svenskakyrkan.se\/tankarinforhelgen\/\",\"name\":\"Tankar inf\u00f6r helgen\",\"description\":\"Pr\u00e4ster funderar utifr\u00e5n kommande s\u00f6ndags texter\",\"potentialAction\":[{\"@type\":\"SearchAction\",\"target\":{\"@type\":\"EntryPoint\",\"urlTemplate\":\"https:\/\/blogg.svenskakyrkan.se\/tankarinforhelgen\/?s={search_term_string}\"},\"query-input\":{\"@type\":\"PropertyValueSpecification\",\"valueRequired\":true,\"valueName\":\"search_term_string\"}}],\"inLanguage\":\"sv-SE\"},{\"@type\":\"Person\",\"@id\":\"https:\/\/blogg.svenskakyrkan.se\/tankarinforhelgen\/#\/schema\/person\/51402ee78d61b200104320043c6474b5\",\"name\":\"Maria Bergius, pr\u00e4st\",\"image\":{\"@type\":\"ImageObject\",\"inLanguage\":\"sv-SE\",\"@id\":\"https:\/\/blogg.svenskakyrkan.se\/tankarinforhelgen\/#\/schema\/person\/image\/\",\"url\":\"https:\/\/secure.gravatar.com\/avatar\/624463bbbe48169ec9693e665d4198400fd71f79652705d0ff2f62aa3878a59b?s=96&d=mm&r=g\",\"contentUrl\":\"https:\/\/secure.gravatar.com\/avatar\/624463bbbe48169ec9693e665d4198400fd71f79652705d0ff2f62aa3878a59b?s=96&d=mm&r=g\",\"caption\":\"Maria Bergius, pr\u00e4st\"},\"url\":\"https:\/\/blogg.svenskakyrkan.se\/tankarinforhelgen\/author\/mariabergius\/\"}]}<\/script>\n<!-- \/ Yoast SEO plugin. -->","yoast_head_json":{"title":"Men helst vill jag f\u00f6lja \u00e4nkan - Tankar inf\u00f6r helgen","robots":{"index":"index","follow":"follow","max-snippet":"max-snippet:-1","max-image-preview":"max-image-preview:large","max-video-preview":"max-video-preview:-1"},"canonical":"https:\/\/blogg.svenskakyrkan.se\/tankarinforhelgen\/2018\/10\/01\/men-helst-vill-jag-folja-ankan\/","og_locale":"sv_SE","og_type":"article","og_title":"Men helst vill jag f\u00f6lja \u00e4nkan - Tankar inf\u00f6r helgen","og_description":"Jag var p\u00e5 konsert f\u00f6rra helgen, och s\u00e5g U2 i K\u00f6penhamn. Det var den sj\u00e4tte g\u00e5ngen jag ser dem live, f\u00f6rsta g\u00e5ngen var 1993. Det \u00e4r som att vi firar silverkonsertbr\u00f6llop, jag och de irl\u00e4ndska grabbarna. De har f\u00f6ljt mig genom hela mitt vuxenliv, och flera av deras s\u00e5nger har blivit temamusik f\u00f6r mitt livs [&hellip;]","og_url":"https:\/\/blogg.svenskakyrkan.se\/tankarinforhelgen\/2018\/10\/01\/men-helst-vill-jag-folja-ankan\/","og_site_name":"Tankar inf\u00f6r helgen","article_published_time":"2018-10-01T12:10:49+00:00","article_modified_time":"2018-10-01T12:11:22+00:00","author":"Maria Bergius, pr\u00e4st","twitter_card":"summary_large_image","twitter_misc":{"Skriven av":"Maria Bergius, pr\u00e4st","Ber\u00e4knad l\u00e4stid":"3 minuter"},"schema":{"@context":"https:\/\/schema.org","@graph":[{"@type":"Article","@id":"https:\/\/blogg.svenskakyrkan.se\/tankarinforhelgen\/2018\/10\/01\/men-helst-vill-jag-folja-ankan\/#article","isPartOf":{"@id":"https:\/\/blogg.svenskakyrkan.se\/tankarinforhelgen\/2018\/10\/01\/men-helst-vill-jag-folja-ankan\/"},"author":{"name":"Maria Bergius, pr\u00e4st","@id":"https:\/\/blogg.svenskakyrkan.se\/tankarinforhelgen\/#\/schema\/person\/51402ee78d61b200104320043c6474b5"},"headline":"Men helst vill jag f\u00f6lja \u00e4nkan","datePublished":"2018-10-01T12:10:49+00:00","dateModified":"2018-10-01T12:11:22+00:00","mainEntityOfPage":{"@id":"https:\/\/blogg.svenskakyrkan.se\/tankarinforhelgen\/2018\/10\/01\/men-helst-vill-jag-folja-ankan\/"},"wordCount":624,"commentCount":2,"image":{"@id":"https:\/\/blogg.svenskakyrkan.se\/tankarinforhelgen\/2018\/10\/01\/men-helst-vill-jag-folja-ankan\/#primaryimage"},"thumbnailUrl":"https:\/\/blogg.svenskakyrkan.se\/tankarinforhelgen\/files\/2018\/10\/h\u00e4nderna.jpg","keywords":["Maria Bergius","TANKARINFORHELGEN"],"articleSection":["19:e s\u00f6ndagen efter trefaldighet"],"inLanguage":"sv-SE","potentialAction":[{"@type":"CommentAction","name":"Comment","target":["https:\/\/blogg.svenskakyrkan.se\/tankarinforhelgen\/2018\/10\/01\/men-helst-vill-jag-folja-ankan\/#respond"]}]},{"@type":"WebPage","@id":"https:\/\/blogg.svenskakyrkan.se\/tankarinforhelgen\/2018\/10\/01\/men-helst-vill-jag-folja-ankan\/","url":"https:\/\/blogg.svenskakyrkan.se\/tankarinforhelgen\/2018\/10\/01\/men-helst-vill-jag-folja-ankan\/","name":"Men helst vill jag f\u00f6lja \u00e4nkan - Tankar inf\u00f6r helgen","isPartOf":{"@id":"https:\/\/blogg.svenskakyrkan.se\/tankarinforhelgen\/#website"},"primaryImageOfPage":{"@id":"https:\/\/blogg.svenskakyrkan.se\/tankarinforhelgen\/2018\/10\/01\/men-helst-vill-jag-folja-ankan\/#primaryimage"},"image":{"@id":"https:\/\/blogg.svenskakyrkan.se\/tankarinforhelgen\/2018\/10\/01\/men-helst-vill-jag-folja-ankan\/#primaryimage"},"thumbnailUrl":"https:\/\/blogg.svenskakyrkan.se\/tankarinforhelgen\/files\/2018\/10\/h\u00e4nderna.jpg","datePublished":"2018-10-01T12:10:49+00:00","dateModified":"2018-10-01T12:11:22+00:00","author":{"@id":"https:\/\/blogg.svenskakyrkan.se\/tankarinforhelgen\/#\/schema\/person\/51402ee78d61b200104320043c6474b5"},"breadcrumb":{"@id":"https:\/\/blogg.svenskakyrkan.se\/tankarinforhelgen\/2018\/10\/01\/men-helst-vill-jag-folja-ankan\/#breadcrumb"},"inLanguage":"sv-SE","potentialAction":[{"@type":"ReadAction","target":["https:\/\/blogg.svenskakyrkan.se\/tankarinforhelgen\/2018\/10\/01\/men-helst-vill-jag-folja-ankan\/"]}]},{"@type":"ImageObject","inLanguage":"sv-SE","@id":"https:\/\/blogg.svenskakyrkan.se\/tankarinforhelgen\/2018\/10\/01\/men-helst-vill-jag-folja-ankan\/#primaryimage","url":"https:\/\/blogg.svenskakyrkan.se\/tankarinforhelgen\/files\/2018\/10\/h\u00e4nderna.jpg","contentUrl":"https:\/\/blogg.svenskakyrkan.se\/tankarinforhelgen\/files\/2018\/10\/h\u00e4nderna.jpg","width":7744,"height":5583},{"@type":"BreadcrumbList","@id":"https:\/\/blogg.svenskakyrkan.se\/tankarinforhelgen\/2018\/10\/01\/men-helst-vill-jag-folja-ankan\/#breadcrumb","itemListElement":[{"@type":"ListItem","position":1,"name":"Hem","item":"https:\/\/blogg.svenskakyrkan.se\/tankarinforhelgen\/"},{"@type":"ListItem","position":2,"name":"Men helst vill jag f\u00f6lja \u00e4nkan"}]},{"@type":"WebSite","@id":"https:\/\/blogg.svenskakyrkan.se\/tankarinforhelgen\/#website","url":"https:\/\/blogg.svenskakyrkan.se\/tankarinforhelgen\/","name":"Tankar inf\u00f6r helgen","description":"Pr\u00e4ster funderar utifr\u00e5n kommande s\u00f6ndags texter","potentialAction":[{"@type":"SearchAction","target":{"@type":"EntryPoint","urlTemplate":"https:\/\/blogg.svenskakyrkan.se\/tankarinforhelgen\/?s={search_term_string}"},"query-input":{"@type":"PropertyValueSpecification","valueRequired":true,"valueName":"search_term_string"}}],"inLanguage":"sv-SE"},{"@type":"Person","@id":"https:\/\/blogg.svenskakyrkan.se\/tankarinforhelgen\/#\/schema\/person\/51402ee78d61b200104320043c6474b5","name":"Maria Bergius, pr\u00e4st","image":{"@type":"ImageObject","inLanguage":"sv-SE","@id":"https:\/\/blogg.svenskakyrkan.se\/tankarinforhelgen\/#\/schema\/person\/image\/","url":"https:\/\/secure.gravatar.com\/avatar\/624463bbbe48169ec9693e665d4198400fd71f79652705d0ff2f62aa3878a59b?s=96&d=mm&r=g","contentUrl":"https:\/\/secure.gravatar.com\/avatar\/624463bbbe48169ec9693e665d4198400fd71f79652705d0ff2f62aa3878a59b?s=96&d=mm&r=g","caption":"Maria Bergius, pr\u00e4st"},"url":"https:\/\/blogg.svenskakyrkan.se\/tankarinforhelgen\/author\/mariabergius\/"}]}},"author_meta":{"ID":"606","user_nicename":"mariabergius","user_registered":"2017-01-20 18:04:44","display_name":"Maria Bergius, pr\u00e4st","first_name":"Maria","last_name":"Bergius, pr\u00e4st","avatar":"https:\/\/secure.gravatar.com\/avatar\/624463bbbe48169ec9693e665d4198400fd71f79652705d0ff2f62aa3878a59b?s=96&d=mm&r=g"},"featured_image":["https:\/\/blogg.svenskakyrkan.se\/tankarinforhelgen\/files\/2018\/10\/h\u00e4nderna-1024x738.jpg",1024,738,true],"bloginfo":{"name":"Tankar inf\u00f6r helgen","url":"https:\/\/blogg.svenskakyrkan.se\/tankarinforhelgen"},"_links":{"self":[{"href":"https:\/\/blogg.svenskakyrkan.se\/tankarinforhelgen\/wp-json\/wp\/v2\/posts\/1496","targetHints":{"allow":["GET"]}}],"collection":[{"href":"https:\/\/blogg.svenskakyrkan.se\/tankarinforhelgen\/wp-json\/wp\/v2\/posts"}],"about":[{"href":"https:\/\/blogg.svenskakyrkan.se\/tankarinforhelgen\/wp-json\/wp\/v2\/types\/post"}],"author":[{"embeddable":true,"href":"https:\/\/blogg.svenskakyrkan.se\/tankarinforhelgen\/wp-json\/wp\/v2\/users\/606"}],"replies":[{"embeddable":true,"href":"https:\/\/blogg.svenskakyrkan.se\/tankarinforhelgen\/wp-json\/wp\/v2\/comments?post=1496"}],"version-history":[{"count":1,"href":"https:\/\/blogg.svenskakyrkan.se\/tankarinforhelgen\/wp-json\/wp\/v2\/posts\/1496\/revisions"}],"predecessor-version":[{"id":1498,"href":"https:\/\/blogg.svenskakyrkan.se\/tankarinforhelgen\/wp-json\/wp\/v2\/posts\/1496\/revisions\/1498"}],"wp:featuredmedia":[{"embeddable":true,"href":"https:\/\/blogg.svenskakyrkan.se\/tankarinforhelgen\/wp-json\/wp\/v2\/media\/1497"}],"wp:attachment":[{"href":"https:\/\/blogg.svenskakyrkan.se\/tankarinforhelgen\/wp-json\/wp\/v2\/media?parent=1496"}],"wp:term":[{"taxonomy":"category","embeddable":true,"href":"https:\/\/blogg.svenskakyrkan.se\/tankarinforhelgen\/wp-json\/wp\/v2\/categories?post=1496"},{"taxonomy":"post_tag","embeddable":true,"href":"https:\/\/blogg.svenskakyrkan.se\/tankarinforhelgen\/wp-json\/wp\/v2\/tags?post=1496"}],"curies":[{"name":"wp","href":"https:\/\/api.w.org\/{rel}","templated":true}]}}