{"id":1499,"date":"2018-10-16T14:57:40","date_gmt":"2018-10-16T12:57:40","guid":{"rendered":"http:\/\/blogg.svenskakyrkan.se\/tankarinforhelgen\/?p=1499"},"modified":"2018-10-18T09:08:47","modified_gmt":"2018-10-18T07:08:47","slug":"alla-har-asikter","status":"publish","type":"post","link":"https:\/\/blogg.svenskakyrkan.se\/tankarinforhelgen\/2018\/10\/16\/alla-har-asikter\/","title":{"rendered":"Alla har \u00e5sikter"},"content":{"rendered":"<p>Han visste att de f\u00f6rs\u00f6kte lura honom i en f\u00e4lla. De kom d\u00e4r, lismande och leende. B\u00f6rjade med att smickra honom. Tala om hur bra han var och hur duktig han var. Hur mycket de beundrade honom.<br \/>\nSedan kom fr\u00e5gan! Den d\u00e4r skenbart enkla och oskyldiga. De hade varit noga med formuleringen m\u00e4rkte han. Oavsett hur han skulle svara skulle de kunna s\u00e4tta dit honom. Nu n\u00e4r han tittade noga p\u00e5 gruppen som stod framf\u00f6r honom s\u00e5g han ocks\u00e5 att de hade f\u00f6renat sig. D\u00e4r var personer fr\u00e5n b\u00e5da grupperna som var ute efter honom. Svarade han si, s\u00e5 skulle den ena gruppen reagera, bli uppr\u00f6rda och h\u00e4vda att han hade fel. Svarade han s\u00e5, skulle de andra reagera likadant.<br \/>\nHan k\u00e4nde sig b\u00e5de tr\u00f6tt och uppgiven n\u00e4r han besvarade deras noggrant formulerade fr\u00e5ga med en enkel motfr\u00e5ga.<\/p>\n<p>Alla har \u00e5sikter.<br \/>\nOm vad som borde g\u00f6ras och vem som ska g\u00f6ra det<br \/>\nFramf\u00f6rallt har vi \u00e5sikter om varandra. Helst om dem som vi inte har tr\u00e4ffat. Men det beh\u00f6ver man ju inte, f\u00f6r man vet ju \u00e4nd\u00e5.<br \/>\nAlla vet ju att de d\u00e4r g\u00f6r s\u00e5. S\u00e5 \u00e4r det.<br \/>\nOch n\u00e4r argumenten tryter kommer det: \u201datt jag k\u00e4nner faktiskt en som r\u00e5kade ut f\u00f6r\u2026 s\u00e5 det vet man ju.\u201d<br \/>\nOch vi konstaterar alla att N\u00e5gon borde faktiskt ta tag i det h\u00e4r, f\u00f6r det \u00e4r ju egentligen s\u00e5 enkelt, n\u00e4r man t\u00e4nker p\u00e5 det.<br \/>\nJaa, N\u00e5gon borde verkligen ta tag i det h\u00e4r.<br \/>\nOch s\u00e5 st\u00e5r alla d\u00e4r och v\u00e4ntar p\u00e5\u2026.N\u00e5gon<\/p>\n<p>Samtidigt som vi g\u00e4rna h\u00f6gt och tydligt uttrycker v\u00e5ra tankar och \u00e5sikter om vad n\u00e5gon borde g\u00f6ra i v\u00e5rt samh\u00e4lle.<br \/>\nVad som beh\u00f6ver st\u00e4llas tillr\u00e4tta.<br \/>\nOch \u00e4ven om f\u00e5 erk\u00e4nner det \u00f6ppet, s\u00e5 har alla \u00e5sikter om vilka som f\u00e5r vistas var i v\u00e5rt samh\u00e4lle, och vilka som \u00e4r \u201dicke \u00f6nskv\u00e4rda\u201d.<br \/>\nAlla anser att det m\u00e5ste g\u00f6ras n\u00e5got.<br \/>\nF\u00e5 vill bo granne med, eller bli sedda tillsammans<br \/>\nmed de m\u00e4nniskor som allm\u00e4nt anses vara \u201dproblem\u201d ett orosmoment. Och s\u00e5 f\u00f6rs\u00f6ker vi sn\u00e4rja med kluriga fr\u00e5gor eller regler.<\/p>\n<p>Vi s\u00e4ger en sak, men g\u00f6r s\u00e5 l\u00e4tt en annan.<br \/>\nS\u00e4ger att vi skall st\u00f6tta och hj\u00e4lpa, men f\u00f6rs\u00f6ker samtidigt sn\u00e4rja med kluriga fr\u00e5gor f\u00f6r att se, \u00e4r det r\u00e4tt? \u00c4r detta n\u00e5gon som verkligen f\u00f6rtj\u00e4nar v\u00e5r hj\u00e4lp?<\/p>\n<p>Ge Kejsaren vad kejsaren tillh\u00f6r och Gud det som tillh\u00f6r Gud.<br \/>\nP\u00e5 vilket s\u00e4tt bidrar jag till att g\u00f6ra v\u00e5r v\u00e4rld, v\u00e5rt samh\u00e4lle b\u00e4ttre? Ger jag Gud det som tillh\u00f6r Gud? Eller f\u00f6rs\u00f6ker jag slingra mig, st\u00e4lla de kluriga v\u00e4l utt\u00e4nkta fr\u00e5gorna. F\u00f6ra de skenbart logiska invecklade resonemangen f\u00f6r att r\u00e4ttf\u00e4rdiga mitt eget agerande, eller allt som oftast brist p\u00e5 agerande?<\/p>\n<p>Alla har \u00e5sikter, s\u00e5 \u00e4ven jag.<br \/>\nFr\u00e5gan jag st\u00e4ller mig sj\u00e4lv \u00e4r: V\u00e5gar jag se p\u00e5 mina egna \u00e5sikter med Guds \u00f6gon?<\/p>\n<p>L\u00e4s s\u00f6ndagens <a href=\"https:\/\/www.svenskakyrkan.se\/kyrkoaret\/bibeltexter\">bibeltexter<\/a><\/p>\n","protected":false},"excerpt":{"rendered":"<p>Han visste att de f\u00f6rs\u00f6kte lura honom i en f\u00e4lla. De kom d\u00e4r, lismande och leende. B\u00f6rjade med att smickra honom. Tala om hur bra han var och hur duktig han var. Hur mycket de beundrade honom. Sedan kom fr\u00e5gan! Den d\u00e4r skenbart enkla och oskyldiga. De hade varit noga med formuleringen m\u00e4rkte han. Oavsett [&hellip;]<\/p>\n","protected":false},"author":620,"featured_media":1509,"comment_status":"open","ping_status":"open","sticky":false,"template":"","format":"standard","meta":{"_acf_changed":false,"footnotes":""},"categories":[129882],"tags":[142440,142457],"class_list":["post-1499","post","type-post","status-publish","format-standard","has-post-thumbnail","hentry","category-21a-sondagen-efter-trefaldighet","tag-maria-scharffenberg","tag-tankarinforhelgen"],"acf":[],"yoast_head":"<!-- This site is optimized with the Yoast SEO plugin v27.1.1 - https:\/\/yoast.com\/product\/yoast-seo-wordpress\/ -->\n<title>Alla har \u00e5sikter - Tankar inf\u00f6r helgen<\/title>\n<meta name=\"robots\" content=\"index, follow, max-snippet:-1, max-image-preview:large, max-video-preview:-1\" \/>\n<link rel=\"canonical\" href=\"https:\/\/blogg.svenskakyrkan.se\/tankarinforhelgen\/2018\/10\/16\/alla-har-asikter\/\" \/>\n<meta property=\"og:locale\" content=\"sv_SE\" \/>\n<meta property=\"og:type\" content=\"article\" \/>\n<meta property=\"og:title\" content=\"Alla har \u00e5sikter - Tankar inf\u00f6r helgen\" \/>\n<meta property=\"og:description\" content=\"Han visste att de f\u00f6rs\u00f6kte lura honom i en f\u00e4lla. De kom d\u00e4r, lismande och leende. B\u00f6rjade med att smickra honom. Tala om hur bra han var och hur duktig han var. Hur mycket de beundrade honom. Sedan kom fr\u00e5gan! Den d\u00e4r skenbart enkla och oskyldiga. De hade varit noga med formuleringen m\u00e4rkte han. Oavsett [&hellip;]\" \/>\n<meta property=\"og:url\" content=\"https:\/\/blogg.svenskakyrkan.se\/tankarinforhelgen\/2018\/10\/16\/alla-har-asikter\/\" \/>\n<meta property=\"og:site_name\" content=\"Tankar inf\u00f6r helgen\" \/>\n<meta property=\"article:published_time\" content=\"2018-10-16T12:57:40+00:00\" \/>\n<meta property=\"article:modified_time\" content=\"2018-10-18T07:08:47+00:00\" \/>\n<meta name=\"author\" content=\"Maria Scharffenberg, pr\u00e4st\" \/>\n<meta name=\"twitter:card\" content=\"summary_large_image\" \/>\n<meta name=\"twitter:label1\" content=\"Skriven av\" \/>\n\t<meta name=\"twitter:data1\" content=\"Maria Scharffenberg, pr\u00e4st\" \/>\n\t<meta name=\"twitter:label2\" content=\"Ber\u00e4knad l\u00e4stid\" \/>\n\t<meta name=\"twitter:data2\" content=\"3 minuter\" \/>\n<script type=\"application\/ld+json\" class=\"yoast-schema-graph\">{\"@context\":\"https:\/\/schema.org\",\"@graph\":[{\"@type\":\"Article\",\"@id\":\"https:\/\/blogg.svenskakyrkan.se\/tankarinforhelgen\/2018\/10\/16\/alla-har-asikter\/#article\",\"isPartOf\":{\"@id\":\"https:\/\/blogg.svenskakyrkan.se\/tankarinforhelgen\/2018\/10\/16\/alla-har-asikter\/\"},\"author\":{\"name\":\"Maria Scharffenberg, pr\u00e4st\",\"@id\":\"https:\/\/blogg.svenskakyrkan.se\/tankarinforhelgen\/#\/schema\/person\/3f50c58ee789e9c3a0f46452362f6294\"},\"headline\":\"Alla har \u00e5sikter\",\"datePublished\":\"2018-10-16T12:57:40+00:00\",\"dateModified\":\"2018-10-18T07:08:47+00:00\",\"mainEntityOfPage\":{\"@id\":\"https:\/\/blogg.svenskakyrkan.se\/tankarinforhelgen\/2018\/10\/16\/alla-har-asikter\/\"},\"wordCount\":579,\"commentCount\":0,\"image\":{\"@id\":\"https:\/\/blogg.svenskakyrkan.se\/tankarinforhelgen\/2018\/10\/16\/alla-har-asikter\/#primaryimage\"},\"thumbnailUrl\":\"https:\/\/blogg.svenskakyrkan.se\/tankarinforhelgen\/files\/2018\/10\/lanes2.png\",\"keywords\":[\"Maria Scharffenberg\",\"TANKARINFORHELGEN\"],\"articleSection\":[\"21:a s\u00f6ndagen efter trefaldighet\"],\"inLanguage\":\"sv-SE\",\"potentialAction\":[{\"@type\":\"CommentAction\",\"name\":\"Comment\",\"target\":[\"https:\/\/blogg.svenskakyrkan.se\/tankarinforhelgen\/2018\/10\/16\/alla-har-asikter\/#respond\"]}]},{\"@type\":\"WebPage\",\"@id\":\"https:\/\/blogg.svenskakyrkan.se\/tankarinforhelgen\/2018\/10\/16\/alla-har-asikter\/\",\"url\":\"https:\/\/blogg.svenskakyrkan.se\/tankarinforhelgen\/2018\/10\/16\/alla-har-asikter\/\",\"name\":\"Alla har \u00e5sikter - Tankar inf\u00f6r helgen\",\"isPartOf\":{\"@id\":\"https:\/\/blogg.svenskakyrkan.se\/tankarinforhelgen\/#website\"},\"primaryImageOfPage\":{\"@id\":\"https:\/\/blogg.svenskakyrkan.se\/tankarinforhelgen\/2018\/10\/16\/alla-har-asikter\/#primaryimage\"},\"image\":{\"@id\":\"https:\/\/blogg.svenskakyrkan.se\/tankarinforhelgen\/2018\/10\/16\/alla-har-asikter\/#primaryimage\"},\"thumbnailUrl\":\"https:\/\/blogg.svenskakyrkan.se\/tankarinforhelgen\/files\/2018\/10\/lanes2.png\",\"datePublished\":\"2018-10-16T12:57:40+00:00\",\"dateModified\":\"2018-10-18T07:08:47+00:00\",\"author\":{\"@id\":\"https:\/\/blogg.svenskakyrkan.se\/tankarinforhelgen\/#\/schema\/person\/3f50c58ee789e9c3a0f46452362f6294\"},\"breadcrumb\":{\"@id\":\"https:\/\/blogg.svenskakyrkan.se\/tankarinforhelgen\/2018\/10\/16\/alla-har-asikter\/#breadcrumb\"},\"inLanguage\":\"sv-SE\",\"potentialAction\":[{\"@type\":\"ReadAction\",\"target\":[\"https:\/\/blogg.svenskakyrkan.se\/tankarinforhelgen\/2018\/10\/16\/alla-har-asikter\/\"]}]},{\"@type\":\"ImageObject\",\"inLanguage\":\"sv-SE\",\"@id\":\"https:\/\/blogg.svenskakyrkan.se\/tankarinforhelgen\/2018\/10\/16\/alla-har-asikter\/#primaryimage\",\"url\":\"https:\/\/blogg.svenskakyrkan.se\/tankarinforhelgen\/files\/2018\/10\/lanes2.png\",\"contentUrl\":\"https:\/\/blogg.svenskakyrkan.se\/tankarinforhelgen\/files\/2018\/10\/lanes2.png\",\"width\":1200,\"height\":900},{\"@type\":\"BreadcrumbList\",\"@id\":\"https:\/\/blogg.svenskakyrkan.se\/tankarinforhelgen\/2018\/10\/16\/alla-har-asikter\/#breadcrumb\",\"itemListElement\":[{\"@type\":\"ListItem\",\"position\":1,\"name\":\"Hem\",\"item\":\"https:\/\/blogg.svenskakyrkan.se\/tankarinforhelgen\/\"},{\"@type\":\"ListItem\",\"position\":2,\"name\":\"Alla har \u00e5sikter\"}]},{\"@type\":\"WebSite\",\"@id\":\"https:\/\/blogg.svenskakyrkan.se\/tankarinforhelgen\/#website\",\"url\":\"https:\/\/blogg.svenskakyrkan.se\/tankarinforhelgen\/\",\"name\":\"Tankar inf\u00f6r helgen\",\"description\":\"Pr\u00e4ster funderar utifr\u00e5n kommande s\u00f6ndags texter\",\"potentialAction\":[{\"@type\":\"SearchAction\",\"target\":{\"@type\":\"EntryPoint\",\"urlTemplate\":\"https:\/\/blogg.svenskakyrkan.se\/tankarinforhelgen\/?s={search_term_string}\"},\"query-input\":{\"@type\":\"PropertyValueSpecification\",\"valueRequired\":true,\"valueName\":\"search_term_string\"}}],\"inLanguage\":\"sv-SE\"},{\"@type\":\"Person\",\"@id\":\"https:\/\/blogg.svenskakyrkan.se\/tankarinforhelgen\/#\/schema\/person\/3f50c58ee789e9c3a0f46452362f6294\",\"name\":\"Maria Scharffenberg, pr\u00e4st\",\"image\":{\"@type\":\"ImageObject\",\"inLanguage\":\"sv-SE\",\"@id\":\"https:\/\/blogg.svenskakyrkan.se\/tankarinforhelgen\/#\/schema\/person\/image\/\",\"url\":\"https:\/\/secure.gravatar.com\/avatar\/107a9e0984072024dc45f018755d2248f476561fc0eafc75d51f93d1e06c36ff?s=96&d=mm&r=g\",\"contentUrl\":\"https:\/\/secure.gravatar.com\/avatar\/107a9e0984072024dc45f018755d2248f476561fc0eafc75d51f93d1e06c36ff?s=96&d=mm&r=g\",\"caption\":\"Maria Scharffenberg, pr\u00e4st\"},\"url\":\"https:\/\/blogg.svenskakyrkan.se\/tankarinforhelgen\/author\/mariascharffenberg\/\"}]}<\/script>\n<!-- \/ Yoast SEO plugin. -->","yoast_head_json":{"title":"Alla har \u00e5sikter - Tankar inf\u00f6r helgen","robots":{"index":"index","follow":"follow","max-snippet":"max-snippet:-1","max-image-preview":"max-image-preview:large","max-video-preview":"max-video-preview:-1"},"canonical":"https:\/\/blogg.svenskakyrkan.se\/tankarinforhelgen\/2018\/10\/16\/alla-har-asikter\/","og_locale":"sv_SE","og_type":"article","og_title":"Alla har \u00e5sikter - Tankar inf\u00f6r helgen","og_description":"Han visste att de f\u00f6rs\u00f6kte lura honom i en f\u00e4lla. De kom d\u00e4r, lismande och leende. B\u00f6rjade med att smickra honom. Tala om hur bra han var och hur duktig han var. Hur mycket de beundrade honom. Sedan kom fr\u00e5gan! Den d\u00e4r skenbart enkla och oskyldiga. De hade varit noga med formuleringen m\u00e4rkte han. Oavsett [&hellip;]","og_url":"https:\/\/blogg.svenskakyrkan.se\/tankarinforhelgen\/2018\/10\/16\/alla-har-asikter\/","og_site_name":"Tankar inf\u00f6r helgen","article_published_time":"2018-10-16T12:57:40+00:00","article_modified_time":"2018-10-18T07:08:47+00:00","author":"Maria Scharffenberg, pr\u00e4st","twitter_card":"summary_large_image","twitter_misc":{"Skriven av":"Maria Scharffenberg, pr\u00e4st","Ber\u00e4knad l\u00e4stid":"3 minuter"},"schema":{"@context":"https:\/\/schema.org","@graph":[{"@type":"Article","@id":"https:\/\/blogg.svenskakyrkan.se\/tankarinforhelgen\/2018\/10\/16\/alla-har-asikter\/#article","isPartOf":{"@id":"https:\/\/blogg.svenskakyrkan.se\/tankarinforhelgen\/2018\/10\/16\/alla-har-asikter\/"},"author":{"name":"Maria Scharffenberg, pr\u00e4st","@id":"https:\/\/blogg.svenskakyrkan.se\/tankarinforhelgen\/#\/schema\/person\/3f50c58ee789e9c3a0f46452362f6294"},"headline":"Alla har \u00e5sikter","datePublished":"2018-10-16T12:57:40+00:00","dateModified":"2018-10-18T07:08:47+00:00","mainEntityOfPage":{"@id":"https:\/\/blogg.svenskakyrkan.se\/tankarinforhelgen\/2018\/10\/16\/alla-har-asikter\/"},"wordCount":579,"commentCount":0,"image":{"@id":"https:\/\/blogg.svenskakyrkan.se\/tankarinforhelgen\/2018\/10\/16\/alla-har-asikter\/#primaryimage"},"thumbnailUrl":"https:\/\/blogg.svenskakyrkan.se\/tankarinforhelgen\/files\/2018\/10\/lanes2.png","keywords":["Maria Scharffenberg","TANKARINFORHELGEN"],"articleSection":["21:a s\u00f6ndagen efter trefaldighet"],"inLanguage":"sv-SE","potentialAction":[{"@type":"CommentAction","name":"Comment","target":["https:\/\/blogg.svenskakyrkan.se\/tankarinforhelgen\/2018\/10\/16\/alla-har-asikter\/#respond"]}]},{"@type":"WebPage","@id":"https:\/\/blogg.svenskakyrkan.se\/tankarinforhelgen\/2018\/10\/16\/alla-har-asikter\/","url":"https:\/\/blogg.svenskakyrkan.se\/tankarinforhelgen\/2018\/10\/16\/alla-har-asikter\/","name":"Alla har \u00e5sikter - Tankar inf\u00f6r helgen","isPartOf":{"@id":"https:\/\/blogg.svenskakyrkan.se\/tankarinforhelgen\/#website"},"primaryImageOfPage":{"@id":"https:\/\/blogg.svenskakyrkan.se\/tankarinforhelgen\/2018\/10\/16\/alla-har-asikter\/#primaryimage"},"image":{"@id":"https:\/\/blogg.svenskakyrkan.se\/tankarinforhelgen\/2018\/10\/16\/alla-har-asikter\/#primaryimage"},"thumbnailUrl":"https:\/\/blogg.svenskakyrkan.se\/tankarinforhelgen\/files\/2018\/10\/lanes2.png","datePublished":"2018-10-16T12:57:40+00:00","dateModified":"2018-10-18T07:08:47+00:00","author":{"@id":"https:\/\/blogg.svenskakyrkan.se\/tankarinforhelgen\/#\/schema\/person\/3f50c58ee789e9c3a0f46452362f6294"},"breadcrumb":{"@id":"https:\/\/blogg.svenskakyrkan.se\/tankarinforhelgen\/2018\/10\/16\/alla-har-asikter\/#breadcrumb"},"inLanguage":"sv-SE","potentialAction":[{"@type":"ReadAction","target":["https:\/\/blogg.svenskakyrkan.se\/tankarinforhelgen\/2018\/10\/16\/alla-har-asikter\/"]}]},{"@type":"ImageObject","inLanguage":"sv-SE","@id":"https:\/\/blogg.svenskakyrkan.se\/tankarinforhelgen\/2018\/10\/16\/alla-har-asikter\/#primaryimage","url":"https:\/\/blogg.svenskakyrkan.se\/tankarinforhelgen\/files\/2018\/10\/lanes2.png","contentUrl":"https:\/\/blogg.svenskakyrkan.se\/tankarinforhelgen\/files\/2018\/10\/lanes2.png","width":1200,"height":900},{"@type":"BreadcrumbList","@id":"https:\/\/blogg.svenskakyrkan.se\/tankarinforhelgen\/2018\/10\/16\/alla-har-asikter\/#breadcrumb","itemListElement":[{"@type":"ListItem","position":1,"name":"Hem","item":"https:\/\/blogg.svenskakyrkan.se\/tankarinforhelgen\/"},{"@type":"ListItem","position":2,"name":"Alla har \u00e5sikter"}]},{"@type":"WebSite","@id":"https:\/\/blogg.svenskakyrkan.se\/tankarinforhelgen\/#website","url":"https:\/\/blogg.svenskakyrkan.se\/tankarinforhelgen\/","name":"Tankar inf\u00f6r helgen","description":"Pr\u00e4ster funderar utifr\u00e5n kommande s\u00f6ndags texter","potentialAction":[{"@type":"SearchAction","target":{"@type":"EntryPoint","urlTemplate":"https:\/\/blogg.svenskakyrkan.se\/tankarinforhelgen\/?s={search_term_string}"},"query-input":{"@type":"PropertyValueSpecification","valueRequired":true,"valueName":"search_term_string"}}],"inLanguage":"sv-SE"},{"@type":"Person","@id":"https:\/\/blogg.svenskakyrkan.se\/tankarinforhelgen\/#\/schema\/person\/3f50c58ee789e9c3a0f46452362f6294","name":"Maria Scharffenberg, pr\u00e4st","image":{"@type":"ImageObject","inLanguage":"sv-SE","@id":"https:\/\/blogg.svenskakyrkan.se\/tankarinforhelgen\/#\/schema\/person\/image\/","url":"https:\/\/secure.gravatar.com\/avatar\/107a9e0984072024dc45f018755d2248f476561fc0eafc75d51f93d1e06c36ff?s=96&d=mm&r=g","contentUrl":"https:\/\/secure.gravatar.com\/avatar\/107a9e0984072024dc45f018755d2248f476561fc0eafc75d51f93d1e06c36ff?s=96&d=mm&r=g","caption":"Maria Scharffenberg, pr\u00e4st"},"url":"https:\/\/blogg.svenskakyrkan.se\/tankarinforhelgen\/author\/mariascharffenberg\/"}]}},"author_meta":{"ID":"620","user_nicename":"mariascharffenberg","user_registered":"2017-04-09 08:20:01","display_name":"Maria Scharffenberg, pr\u00e4st","first_name":"Maria","last_name":"Scharffenberg, pr\u00e4st","avatar":"https:\/\/secure.gravatar.com\/avatar\/107a9e0984072024dc45f018755d2248f476561fc0eafc75d51f93d1e06c36ff?s=96&d=mm&r=g"},"featured_image":["https:\/\/blogg.svenskakyrkan.se\/tankarinforhelgen\/files\/2018\/10\/lanes2-1024x768.png",1024,768,true],"bloginfo":{"name":"Tankar inf\u00f6r helgen","url":"https:\/\/blogg.svenskakyrkan.se\/tankarinforhelgen"},"_links":{"self":[{"href":"https:\/\/blogg.svenskakyrkan.se\/tankarinforhelgen\/wp-json\/wp\/v2\/posts\/1499","targetHints":{"allow":["GET"]}}],"collection":[{"href":"https:\/\/blogg.svenskakyrkan.se\/tankarinforhelgen\/wp-json\/wp\/v2\/posts"}],"about":[{"href":"https:\/\/blogg.svenskakyrkan.se\/tankarinforhelgen\/wp-json\/wp\/v2\/types\/post"}],"author":[{"embeddable":true,"href":"https:\/\/blogg.svenskakyrkan.se\/tankarinforhelgen\/wp-json\/wp\/v2\/users\/620"}],"replies":[{"embeddable":true,"href":"https:\/\/blogg.svenskakyrkan.se\/tankarinforhelgen\/wp-json\/wp\/v2\/comments?post=1499"}],"version-history":[{"count":5,"href":"https:\/\/blogg.svenskakyrkan.se\/tankarinforhelgen\/wp-json\/wp\/v2\/posts\/1499\/revisions"}],"predecessor-version":[{"id":1510,"href":"https:\/\/blogg.svenskakyrkan.se\/tankarinforhelgen\/wp-json\/wp\/v2\/posts\/1499\/revisions\/1510"}],"wp:featuredmedia":[{"embeddable":true,"href":"https:\/\/blogg.svenskakyrkan.se\/tankarinforhelgen\/wp-json\/wp\/v2\/media\/1509"}],"wp:attachment":[{"href":"https:\/\/blogg.svenskakyrkan.se\/tankarinforhelgen\/wp-json\/wp\/v2\/media?parent=1499"}],"wp:term":[{"taxonomy":"category","embeddable":true,"href":"https:\/\/blogg.svenskakyrkan.se\/tankarinforhelgen\/wp-json\/wp\/v2\/categories?post=1499"},{"taxonomy":"post_tag","embeddable":true,"href":"https:\/\/blogg.svenskakyrkan.se\/tankarinforhelgen\/wp-json\/wp\/v2\/tags?post=1499"}],"curies":[{"name":"wp","href":"https:\/\/api.w.org\/{rel}","templated":true}]}}