{"id":1500,"date":"2018-10-10T13:39:50","date_gmt":"2018-10-10T11:39:50","guid":{"rendered":"http:\/\/blogg.svenskakyrkan.se\/tankarinforhelgen\/?p=1500"},"modified":"2018-10-12T15:26:49","modified_gmt":"2018-10-12T13:26:49","slug":"nar-hjartat-sjunger","status":"publish","type":"post","link":"https:\/\/blogg.svenskakyrkan.se\/tankarinforhelgen\/2018\/10\/10\/nar-hjartat-sjunger\/","title":{"rendered":"N\u00e4r hj\u00e4rtat sjunger"},"content":{"rendered":"<p>&nbsp;<\/p>\n<p>&nbsp;<\/p>\n<p>Var tacksam! Du har ju mat f\u00f6r dagen.<br \/>\nVar tacksam! Du har ju tack \u00f6ver huvudet.<br \/>\nVar tacksam! Du har ju funnit k\u00e4rleken.<br \/>\nVar tacksam! Du har ju i \u00f6verfl\u00f6d vad andra saknar.<\/p>\n<p>Tacksamhet kommer sig inte alltid naturligt. Ibland \u00e4r det n\u00e5got som k\u00e4nns p\u00e5tvingat. Det finns alltid n\u00e5got att vara tacksam f\u00f6r, s\u00e4gs det till den som har det sv\u00e5rt. Det kan t\u00e4nkas vara sant, men det k\u00e4nns kanske inte alltid s\u00e5. Det \u00e4r l\u00e4tt att tacksamhet k\u00e4nns som ett krav och det kan vara sv\u00e5rt n\u00e4r k\u00e4nslan inte infinner sig, n\u00e4stan lite skamset.<\/p>\n<p>Var tacksam!<\/p>\n<p>Men ibland f\u00e5r i alla fall jag den d\u00e4r starka k\u00e4nslan av tacksamhet. Inte den som alla p\u00e5minner mig om att jag borde k\u00e4nna. Utan en tacksamhet som jag inte riktigt vet var den kommer ifr\u00e5n, en k\u00e4nsla som sk\u00f6ljer \u00f6ver mig. Ofta sker det ute i naturen, det kan vara en vacker h\u00f6stdag n\u00e4r tr\u00e4den byter f\u00e4rg och f\u00e5gelkvittret fr\u00e5n tr\u00e4den blir som ljuv musik. Det kan vara n\u00e4r en flock f\u00e5glar flyger f\u00f6rbi i solljuset eller n\u00e4r r\u00e5djur skuttar fritt \u00f6ver en \u00e5ker. Dessa g\u00e5nger fylls hela jag av en tacksamhet, och blir stilla och tackar Gud. Inte f\u00f6r att jag m\u00e5ste utan f\u00f6r att jag bara inte kan annat. K\u00e4nslan omsluter hela mig.<\/p>\n<p>L\u00e4nge har tacks\u00e4gelsedagen varit en dag d\u00e4r denna tacksamhet \u00f6ver vad Gud ger oss tas med in i kyrkorna. \u00c5rets sk\u00f6rd b\u00e4rs in i kyrkor runt om i landet och tacksamheten riktas mot Gud. F\u00f6r Gud har gett oss skapelsens g\u00e5va.<\/p>\n<p>Var tacksam!<\/p>\n<p>M\u00e5nga g\u00e5nger har jag funderat \u00f6ver vad som skiljer dessa former av tacksamhet \u00e5t. Den d\u00e4r jag uppmanas att tacka och att jag borde k\u00e4nna tacksamhet f\u00f6r att jag har vad andra saknar. Och den d\u00e4r tacksamheten som omsluter mig och som jag inte kan styra \u00f6ver, d\u00e5 jag blickar upp mot himlen och ler.<\/p>\n<p>Jag vet inte om jag har n\u00e5got f\u00e4rdig formulerat svar, men jag tror att i det samh\u00e4llet som vi lever i s\u00e4gs det ofta att vi \u00e4r v\u00e5r egen lyckas smed. En har sig sj\u00e4lv att tacka f\u00f6r att en har kommit dit en \u00e4r och d\u00e4r \u00e4r det l\u00e4tt att se att andra inte har det en sj\u00e4lv har och d\u00e4rf\u00f6r borde tacksamhet vara svaret. Men n\u00e4r jag ser och h\u00f6r skapelsens under runt omkring mig s\u00e5 \u00e4r det en bild av vad Gud ger. Gud som ger oss livet som g\u00e5va.<\/p>\n<p>Var tacksam!<\/p>\n<p>Jag \u00e4r tacksam, jag \u00e4r tacksam f\u00f6r allt det jag har. Inte f\u00f6r att jag m\u00e5ste, inte f\u00f6r att jag \u00e4r min lyckas smed. Utan att jag inte hade haft det om jag inte hade haft m\u00e4nniskor som g\u00e5tt f\u00f6re mig. Som har k\u00e4mpat f\u00f6r att ge mig r\u00e4ttigheter. Jag \u00e4r tacksam f\u00f6r att jag inte funnit k\u00e4rleken utan f\u00f6r att den har drabbat mig. Jag \u00e4r tacksam f\u00f6r att jag f\u00e5r vara en del av Guds skapar under.<\/p>\n<p>Men jag tror tacksamhet beh\u00f6ver f\u00f6ljas av handling. Tacksamheten hj\u00e4lper oss att vilja forts\u00e4tta g\u00f6ra v\u00e4rlden till en b\u00e4ttre plats f\u00f6r dem som saknar vad vi \u00e4ger i \u00f6verfl\u00f6d. Jag \u00e4r tacksam \u00f6ver livet. S\u00e5 jag kan inte annat \u00e4n att bli stilla och andas mitt tack till Gud.<\/p>\n","protected":false},"excerpt":{"rendered":"<p>&nbsp; &nbsp; Var tacksam! Du har ju mat f\u00f6r dagen. Var tacksam! Du har ju tack \u00f6ver huvudet. Var tacksam! Du har ju funnit k\u00e4rleken. Var tacksam! Du har ju i \u00f6verfl\u00f6d vad andra saknar. Tacksamhet kommer sig inte alltid naturligt. Ibland \u00e4r det n\u00e5got som k\u00e4nns p\u00e5tvingat. Det finns alltid n\u00e5got att vara tacksam [&hellip;]<\/p>\n","protected":false},"author":607,"featured_media":1501,"comment_status":"open","ping_status":"open","sticky":false,"template":"","format":"standard","meta":{"_acf_changed":false,"footnotes":""},"categories":[130057],"tags":[142461,142457],"class_list":["post-1500","post","type-post","status-publish","format-standard","has-post-thumbnail","hentry","category-tacksagelsedagen","tag-josefine-jehrlander","tag-tankarinforhelgen"],"acf":[],"yoast_head":"<!-- This site is optimized with the Yoast SEO plugin v27.1.1 - https:\/\/yoast.com\/product\/yoast-seo-wordpress\/ -->\n<title>N\u00e4r hj\u00e4rtat sjunger - Tankar inf\u00f6r helgen<\/title>\n<meta name=\"robots\" content=\"index, follow, max-snippet:-1, max-image-preview:large, max-video-preview:-1\" \/>\n<link rel=\"canonical\" href=\"https:\/\/blogg.svenskakyrkan.se\/tankarinforhelgen\/2018\/10\/10\/nar-hjartat-sjunger\/\" \/>\n<meta property=\"og:locale\" content=\"sv_SE\" \/>\n<meta property=\"og:type\" content=\"article\" \/>\n<meta property=\"og:title\" content=\"N\u00e4r hj\u00e4rtat sjunger - Tankar inf\u00f6r helgen\" \/>\n<meta property=\"og:description\" content=\"&nbsp; &nbsp; Var tacksam! Du har ju mat f\u00f6r dagen. Var tacksam! Du har ju tack \u00f6ver huvudet. Var tacksam! Du har ju funnit k\u00e4rleken. Var tacksam! Du har ju i \u00f6verfl\u00f6d vad andra saknar. Tacksamhet kommer sig inte alltid naturligt. Ibland \u00e4r det n\u00e5got som k\u00e4nns p\u00e5tvingat. Det finns alltid n\u00e5got att vara tacksam [&hellip;]\" \/>\n<meta property=\"og:url\" content=\"https:\/\/blogg.svenskakyrkan.se\/tankarinforhelgen\/2018\/10\/10\/nar-hjartat-sjunger\/\" \/>\n<meta property=\"og:site_name\" content=\"Tankar inf\u00f6r helgen\" \/>\n<meta property=\"article:published_time\" content=\"2018-10-10T11:39:50+00:00\" \/>\n<meta property=\"article:modified_time\" content=\"2018-10-12T13:26:49+00:00\" \/>\n<meta name=\"author\" content=\"Josefine Jehrlander, pr\u00e4st\" \/>\n<meta name=\"twitter:card\" content=\"summary_large_image\" \/>\n<meta name=\"twitter:label1\" content=\"Skriven av\" \/>\n\t<meta name=\"twitter:data1\" content=\"Josefine Jehrlander, pr\u00e4st\" \/>\n\t<meta name=\"twitter:label2\" content=\"Ber\u00e4knad l\u00e4stid\" \/>\n\t<meta name=\"twitter:data2\" content=\"3 minuter\" \/>\n<script type=\"application\/ld+json\" class=\"yoast-schema-graph\">{\"@context\":\"https:\/\/schema.org\",\"@graph\":[{\"@type\":\"Article\",\"@id\":\"https:\/\/blogg.svenskakyrkan.se\/tankarinforhelgen\/2018\/10\/10\/nar-hjartat-sjunger\/#article\",\"isPartOf\":{\"@id\":\"https:\/\/blogg.svenskakyrkan.se\/tankarinforhelgen\/2018\/10\/10\/nar-hjartat-sjunger\/\"},\"author\":{\"name\":\"Josefine Jehrlander, pr\u00e4st\",\"@id\":\"https:\/\/blogg.svenskakyrkan.se\/tankarinforhelgen\/#\/schema\/person\/c36874f848a4f6a14b804d1949a7df2f\"},\"headline\":\"N\u00e4r hj\u00e4rtat sjunger\",\"datePublished\":\"2018-10-10T11:39:50+00:00\",\"dateModified\":\"2018-10-12T13:26:49+00:00\",\"mainEntityOfPage\":{\"@id\":\"https:\/\/blogg.svenskakyrkan.se\/tankarinforhelgen\/2018\/10\/10\/nar-hjartat-sjunger\/\"},\"wordCount\":637,\"commentCount\":1,\"image\":{\"@id\":\"https:\/\/blogg.svenskakyrkan.se\/tankarinforhelgen\/2018\/10\/10\/nar-hjartat-sjunger\/#primaryimage\"},\"thumbnailUrl\":\"https:\/\/blogg.svenskakyrkan.se\/tankarinforhelgen\/files\/2018\/10\/tacksmahet.png\",\"keywords\":[\"Josefine Jehrlander\",\"TANKARINFORHELGEN\"],\"articleSection\":[\"Tacks\u00e4gelsedagen\"],\"inLanguage\":\"sv-SE\",\"potentialAction\":[{\"@type\":\"CommentAction\",\"name\":\"Comment\",\"target\":[\"https:\/\/blogg.svenskakyrkan.se\/tankarinforhelgen\/2018\/10\/10\/nar-hjartat-sjunger\/#respond\"]}]},{\"@type\":\"WebPage\",\"@id\":\"https:\/\/blogg.svenskakyrkan.se\/tankarinforhelgen\/2018\/10\/10\/nar-hjartat-sjunger\/\",\"url\":\"https:\/\/blogg.svenskakyrkan.se\/tankarinforhelgen\/2018\/10\/10\/nar-hjartat-sjunger\/\",\"name\":\"N\u00e4r hj\u00e4rtat sjunger - Tankar inf\u00f6r helgen\",\"isPartOf\":{\"@id\":\"https:\/\/blogg.svenskakyrkan.se\/tankarinforhelgen\/#website\"},\"primaryImageOfPage\":{\"@id\":\"https:\/\/blogg.svenskakyrkan.se\/tankarinforhelgen\/2018\/10\/10\/nar-hjartat-sjunger\/#primaryimage\"},\"image\":{\"@id\":\"https:\/\/blogg.svenskakyrkan.se\/tankarinforhelgen\/2018\/10\/10\/nar-hjartat-sjunger\/#primaryimage\"},\"thumbnailUrl\":\"https:\/\/blogg.svenskakyrkan.se\/tankarinforhelgen\/files\/2018\/10\/tacksmahet.png\",\"datePublished\":\"2018-10-10T11:39:50+00:00\",\"dateModified\":\"2018-10-12T13:26:49+00:00\",\"author\":{\"@id\":\"https:\/\/blogg.svenskakyrkan.se\/tankarinforhelgen\/#\/schema\/person\/c36874f848a4f6a14b804d1949a7df2f\"},\"breadcrumb\":{\"@id\":\"https:\/\/blogg.svenskakyrkan.se\/tankarinforhelgen\/2018\/10\/10\/nar-hjartat-sjunger\/#breadcrumb\"},\"inLanguage\":\"sv-SE\",\"potentialAction\":[{\"@type\":\"ReadAction\",\"target\":[\"https:\/\/blogg.svenskakyrkan.se\/tankarinforhelgen\/2018\/10\/10\/nar-hjartat-sjunger\/\"]}]},{\"@type\":\"ImageObject\",\"inLanguage\":\"sv-SE\",\"@id\":\"https:\/\/blogg.svenskakyrkan.se\/tankarinforhelgen\/2018\/10\/10\/nar-hjartat-sjunger\/#primaryimage\",\"url\":\"https:\/\/blogg.svenskakyrkan.se\/tankarinforhelgen\/files\/2018\/10\/tacksmahet.png\",\"contentUrl\":\"https:\/\/blogg.svenskakyrkan.se\/tankarinforhelgen\/files\/2018\/10\/tacksmahet.png\",\"width\":989,\"height\":662},{\"@type\":\"BreadcrumbList\",\"@id\":\"https:\/\/blogg.svenskakyrkan.se\/tankarinforhelgen\/2018\/10\/10\/nar-hjartat-sjunger\/#breadcrumb\",\"itemListElement\":[{\"@type\":\"ListItem\",\"position\":1,\"name\":\"Hem\",\"item\":\"https:\/\/blogg.svenskakyrkan.se\/tankarinforhelgen\/\"},{\"@type\":\"ListItem\",\"position\":2,\"name\":\"N\u00e4r hj\u00e4rtat sjunger\"}]},{\"@type\":\"WebSite\",\"@id\":\"https:\/\/blogg.svenskakyrkan.se\/tankarinforhelgen\/#website\",\"url\":\"https:\/\/blogg.svenskakyrkan.se\/tankarinforhelgen\/\",\"name\":\"Tankar inf\u00f6r helgen\",\"description\":\"Pr\u00e4ster funderar utifr\u00e5n kommande s\u00f6ndags texter\",\"potentialAction\":[{\"@type\":\"SearchAction\",\"target\":{\"@type\":\"EntryPoint\",\"urlTemplate\":\"https:\/\/blogg.svenskakyrkan.se\/tankarinforhelgen\/?s={search_term_string}\"},\"query-input\":{\"@type\":\"PropertyValueSpecification\",\"valueRequired\":true,\"valueName\":\"search_term_string\"}}],\"inLanguage\":\"sv-SE\"},{\"@type\":\"Person\",\"@id\":\"https:\/\/blogg.svenskakyrkan.se\/tankarinforhelgen\/#\/schema\/person\/c36874f848a4f6a14b804d1949a7df2f\",\"name\":\"Josefine Jehrlander, pr\u00e4st\",\"image\":{\"@type\":\"ImageObject\",\"inLanguage\":\"sv-SE\",\"@id\":\"https:\/\/blogg.svenskakyrkan.se\/tankarinforhelgen\/#\/schema\/person\/image\/\",\"url\":\"https:\/\/secure.gravatar.com\/avatar\/df313e69d5320e02f0f6a886bdf67a99a945b04cfbfbb08da965ee285eb8f1f4?s=96&d=mm&r=g\",\"contentUrl\":\"https:\/\/secure.gravatar.com\/avatar\/df313e69d5320e02f0f6a886bdf67a99a945b04cfbfbb08da965ee285eb8f1f4?s=96&d=mm&r=g\",\"caption\":\"Josefine Jehrlander, pr\u00e4st\"},\"url\":\"https:\/\/blogg.svenskakyrkan.se\/tankarinforhelgen\/author\/josefinefranzen\/\"}]}<\/script>\n<!-- \/ Yoast SEO plugin. -->","yoast_head_json":{"title":"N\u00e4r hj\u00e4rtat sjunger - Tankar inf\u00f6r helgen","robots":{"index":"index","follow":"follow","max-snippet":"max-snippet:-1","max-image-preview":"max-image-preview:large","max-video-preview":"max-video-preview:-1"},"canonical":"https:\/\/blogg.svenskakyrkan.se\/tankarinforhelgen\/2018\/10\/10\/nar-hjartat-sjunger\/","og_locale":"sv_SE","og_type":"article","og_title":"N\u00e4r hj\u00e4rtat sjunger - Tankar inf\u00f6r helgen","og_description":"&nbsp; &nbsp; Var tacksam! Du har ju mat f\u00f6r dagen. Var tacksam! Du har ju tack \u00f6ver huvudet. Var tacksam! Du har ju funnit k\u00e4rleken. Var tacksam! Du har ju i \u00f6verfl\u00f6d vad andra saknar. Tacksamhet kommer sig inte alltid naturligt. Ibland \u00e4r det n\u00e5got som k\u00e4nns p\u00e5tvingat. Det finns alltid n\u00e5got att vara tacksam [&hellip;]","og_url":"https:\/\/blogg.svenskakyrkan.se\/tankarinforhelgen\/2018\/10\/10\/nar-hjartat-sjunger\/","og_site_name":"Tankar inf\u00f6r helgen","article_published_time":"2018-10-10T11:39:50+00:00","article_modified_time":"2018-10-12T13:26:49+00:00","author":"Josefine Jehrlander, pr\u00e4st","twitter_card":"summary_large_image","twitter_misc":{"Skriven av":"Josefine Jehrlander, pr\u00e4st","Ber\u00e4knad l\u00e4stid":"3 minuter"},"schema":{"@context":"https:\/\/schema.org","@graph":[{"@type":"Article","@id":"https:\/\/blogg.svenskakyrkan.se\/tankarinforhelgen\/2018\/10\/10\/nar-hjartat-sjunger\/#article","isPartOf":{"@id":"https:\/\/blogg.svenskakyrkan.se\/tankarinforhelgen\/2018\/10\/10\/nar-hjartat-sjunger\/"},"author":{"name":"Josefine Jehrlander, pr\u00e4st","@id":"https:\/\/blogg.svenskakyrkan.se\/tankarinforhelgen\/#\/schema\/person\/c36874f848a4f6a14b804d1949a7df2f"},"headline":"N\u00e4r hj\u00e4rtat sjunger","datePublished":"2018-10-10T11:39:50+00:00","dateModified":"2018-10-12T13:26:49+00:00","mainEntityOfPage":{"@id":"https:\/\/blogg.svenskakyrkan.se\/tankarinforhelgen\/2018\/10\/10\/nar-hjartat-sjunger\/"},"wordCount":637,"commentCount":1,"image":{"@id":"https:\/\/blogg.svenskakyrkan.se\/tankarinforhelgen\/2018\/10\/10\/nar-hjartat-sjunger\/#primaryimage"},"thumbnailUrl":"https:\/\/blogg.svenskakyrkan.se\/tankarinforhelgen\/files\/2018\/10\/tacksmahet.png","keywords":["Josefine Jehrlander","TANKARINFORHELGEN"],"articleSection":["Tacks\u00e4gelsedagen"],"inLanguage":"sv-SE","potentialAction":[{"@type":"CommentAction","name":"Comment","target":["https:\/\/blogg.svenskakyrkan.se\/tankarinforhelgen\/2018\/10\/10\/nar-hjartat-sjunger\/#respond"]}]},{"@type":"WebPage","@id":"https:\/\/blogg.svenskakyrkan.se\/tankarinforhelgen\/2018\/10\/10\/nar-hjartat-sjunger\/","url":"https:\/\/blogg.svenskakyrkan.se\/tankarinforhelgen\/2018\/10\/10\/nar-hjartat-sjunger\/","name":"N\u00e4r hj\u00e4rtat sjunger - Tankar inf\u00f6r helgen","isPartOf":{"@id":"https:\/\/blogg.svenskakyrkan.se\/tankarinforhelgen\/#website"},"primaryImageOfPage":{"@id":"https:\/\/blogg.svenskakyrkan.se\/tankarinforhelgen\/2018\/10\/10\/nar-hjartat-sjunger\/#primaryimage"},"image":{"@id":"https:\/\/blogg.svenskakyrkan.se\/tankarinforhelgen\/2018\/10\/10\/nar-hjartat-sjunger\/#primaryimage"},"thumbnailUrl":"https:\/\/blogg.svenskakyrkan.se\/tankarinforhelgen\/files\/2018\/10\/tacksmahet.png","datePublished":"2018-10-10T11:39:50+00:00","dateModified":"2018-10-12T13:26:49+00:00","author":{"@id":"https:\/\/blogg.svenskakyrkan.se\/tankarinforhelgen\/#\/schema\/person\/c36874f848a4f6a14b804d1949a7df2f"},"breadcrumb":{"@id":"https:\/\/blogg.svenskakyrkan.se\/tankarinforhelgen\/2018\/10\/10\/nar-hjartat-sjunger\/#breadcrumb"},"inLanguage":"sv-SE","potentialAction":[{"@type":"ReadAction","target":["https:\/\/blogg.svenskakyrkan.se\/tankarinforhelgen\/2018\/10\/10\/nar-hjartat-sjunger\/"]}]},{"@type":"ImageObject","inLanguage":"sv-SE","@id":"https:\/\/blogg.svenskakyrkan.se\/tankarinforhelgen\/2018\/10\/10\/nar-hjartat-sjunger\/#primaryimage","url":"https:\/\/blogg.svenskakyrkan.se\/tankarinforhelgen\/files\/2018\/10\/tacksmahet.png","contentUrl":"https:\/\/blogg.svenskakyrkan.se\/tankarinforhelgen\/files\/2018\/10\/tacksmahet.png","width":989,"height":662},{"@type":"BreadcrumbList","@id":"https:\/\/blogg.svenskakyrkan.se\/tankarinforhelgen\/2018\/10\/10\/nar-hjartat-sjunger\/#breadcrumb","itemListElement":[{"@type":"ListItem","position":1,"name":"Hem","item":"https:\/\/blogg.svenskakyrkan.se\/tankarinforhelgen\/"},{"@type":"ListItem","position":2,"name":"N\u00e4r hj\u00e4rtat sjunger"}]},{"@type":"WebSite","@id":"https:\/\/blogg.svenskakyrkan.se\/tankarinforhelgen\/#website","url":"https:\/\/blogg.svenskakyrkan.se\/tankarinforhelgen\/","name":"Tankar inf\u00f6r helgen","description":"Pr\u00e4ster funderar utifr\u00e5n kommande s\u00f6ndags texter","potentialAction":[{"@type":"SearchAction","target":{"@type":"EntryPoint","urlTemplate":"https:\/\/blogg.svenskakyrkan.se\/tankarinforhelgen\/?s={search_term_string}"},"query-input":{"@type":"PropertyValueSpecification","valueRequired":true,"valueName":"search_term_string"}}],"inLanguage":"sv-SE"},{"@type":"Person","@id":"https:\/\/blogg.svenskakyrkan.se\/tankarinforhelgen\/#\/schema\/person\/c36874f848a4f6a14b804d1949a7df2f","name":"Josefine Jehrlander, pr\u00e4st","image":{"@type":"ImageObject","inLanguage":"sv-SE","@id":"https:\/\/blogg.svenskakyrkan.se\/tankarinforhelgen\/#\/schema\/person\/image\/","url":"https:\/\/secure.gravatar.com\/avatar\/df313e69d5320e02f0f6a886bdf67a99a945b04cfbfbb08da965ee285eb8f1f4?s=96&d=mm&r=g","contentUrl":"https:\/\/secure.gravatar.com\/avatar\/df313e69d5320e02f0f6a886bdf67a99a945b04cfbfbb08da965ee285eb8f1f4?s=96&d=mm&r=g","caption":"Josefine Jehrlander, pr\u00e4st"},"url":"https:\/\/blogg.svenskakyrkan.se\/tankarinforhelgen\/author\/josefinefranzen\/"}]}},"author_meta":{"ID":"607","user_nicename":"josefinefranzen","user_registered":"2017-01-25 14:48:02","display_name":"Josefine Jehrlander, pr\u00e4st","first_name":"Josefine","last_name":"Jehrlander, pr\u00e4st","avatar":"https:\/\/secure.gravatar.com\/avatar\/df313e69d5320e02f0f6a886bdf67a99a945b04cfbfbb08da965ee285eb8f1f4?s=96&d=mm&r=g"},"featured_image":["https:\/\/blogg.svenskakyrkan.se\/tankarinforhelgen\/files\/2018\/10\/tacksmahet.png",989,662,false],"bloginfo":{"name":"Tankar inf\u00f6r helgen","url":"https:\/\/blogg.svenskakyrkan.se\/tankarinforhelgen"},"_links":{"self":[{"href":"https:\/\/blogg.svenskakyrkan.se\/tankarinforhelgen\/wp-json\/wp\/v2\/posts\/1500","targetHints":{"allow":["GET"]}}],"collection":[{"href":"https:\/\/blogg.svenskakyrkan.se\/tankarinforhelgen\/wp-json\/wp\/v2\/posts"}],"about":[{"href":"https:\/\/blogg.svenskakyrkan.se\/tankarinforhelgen\/wp-json\/wp\/v2\/types\/post"}],"author":[{"embeddable":true,"href":"https:\/\/blogg.svenskakyrkan.se\/tankarinforhelgen\/wp-json\/wp\/v2\/users\/607"}],"replies":[{"embeddable":true,"href":"https:\/\/blogg.svenskakyrkan.se\/tankarinforhelgen\/wp-json\/wp\/v2\/comments?post=1500"}],"version-history":[{"count":1,"href":"https:\/\/blogg.svenskakyrkan.se\/tankarinforhelgen\/wp-json\/wp\/v2\/posts\/1500\/revisions"}],"predecessor-version":[{"id":1502,"href":"https:\/\/blogg.svenskakyrkan.se\/tankarinforhelgen\/wp-json\/wp\/v2\/posts\/1500\/revisions\/1502"}],"wp:featuredmedia":[{"embeddable":true,"href":"https:\/\/blogg.svenskakyrkan.se\/tankarinforhelgen\/wp-json\/wp\/v2\/media\/1501"}],"wp:attachment":[{"href":"https:\/\/blogg.svenskakyrkan.se\/tankarinforhelgen\/wp-json\/wp\/v2\/media?parent=1500"}],"wp:term":[{"taxonomy":"category","embeddable":true,"href":"https:\/\/blogg.svenskakyrkan.se\/tankarinforhelgen\/wp-json\/wp\/v2\/categories?post=1500"},{"taxonomy":"post_tag","embeddable":true,"href":"https:\/\/blogg.svenskakyrkan.se\/tankarinforhelgen\/wp-json\/wp\/v2\/tags?post=1500"}],"curies":[{"name":"wp","href":"https:\/\/api.w.org\/{rel}","templated":true}]}}