{"id":1512,"date":"2018-10-24T13:53:31","date_gmt":"2018-10-24T11:53:31","guid":{"rendered":"http:\/\/blogg.svenskakyrkan.se\/tankarinforhelgen\/?p=1512"},"modified":"2018-10-26T08:51:32","modified_gmt":"2018-10-26T06:51:32","slug":"en-uppgiven-gud","status":"publish","type":"post","link":"https:\/\/blogg.svenskakyrkan.se\/tankarinforhelgen\/2018\/10\/24\/en-uppgiven-gud\/","title":{"rendered":"En uppgiven Gud"},"content":{"rendered":"<p>Tack Jesus att du k\u00e4nt det vi k\u00e4nner.<br \/>\nJesus har ocks\u00e5 k\u00e4nt hoppl\u00f6shet och uppgivenhet.<br \/>\nJesus har ocks\u00e5 f\u00f6rs\u00f6kt g\u00f6ra sig f\u00f6rst\u00e5dd men inte f\u00e5tt gensvar.<br \/>\nJesus har ocks\u00e5 satsat allt, och m\u00e4rkt att de runt omkring inte alls f\u00f6rst\u00e5r.<br \/>\nJesus har ocks\u00e5 sett m\u00e4nniskor han bryr sig om g\u00f6ra samma misstag om och om igen.<br \/>\nJesus vet allt om tr\u00f6ttheten, ledsenheten och f\u00f6rtvivlan. Han vet allt om att vara modf\u00e4lld och resignerad.<\/p>\n<p>M\u00e5nga g\u00e5nger har jag drabbats av fr\u00e4lsningen, det vill s\u00e4ga blivit r\u00e4ddad, just d\u00e4r i hoppl\u00f6sheten. N\u00e4r jag sl\u00e4ngt ner med armarna och sagt &#8221;jag ger upp&#8221;. D\u00e5 fylls pl\u00f6tsligt tillvaron av ett annat ljus, som inte kommer fr\u00e5n mej eller n\u00e5gon av mina medm\u00e4nniskor, utan fr\u00e5n Gud sj\u00e4lv.<\/p>\n<p>Gud lyser med sin stora ficklampa p\u00e5 mina bekymmer och ber\u00e4ttar f\u00f6r mig att de g\u00e5r att l\u00f6sa.<br \/>\nGud h\u00e5ller om mig s\u00e5d\u00e4r alldeles lagom h\u00e5rdl\u00f6st s\u00e5 jag f\u00f6rst\u00e5r att jag r\u00e4cker till, precis s\u00e5 uttr\u00f6ttad som jag \u00e4r.<br \/>\nOch n\u00e4r jag har vilat f\u00e4rdigt ser pl\u00f6tsligt saker och ting som upptagit mitt medvetande ut p\u00e5 ett annat s\u00e4tt.<\/p>\n<p>Jesus f\u00e5r m\u00e5nga g\u00e5nger \u201dge upp\u201d, v\u00e4nta in, ha t\u00e5lamod. Ett fint ord f\u00f6r det \u00e4r \u201d\u00f6verl\u00e5telse\u201d och det t\u00e5ls att \u00f6vas p\u00e5.<br \/>\nI sinnesrob\u00f6nen s\u00e4ger vi att vi ska acceptera det vi inte kan f\u00f6r\u00e4ndra, det \u00e4r lika sv\u00e5rt som det l\u00e5ter, men n\u00e4r vi v\u00e4l lyckas \u00f6ppnas helt andra dimensioner. S\u00e5 h\u00e4r ber vi d\u00e5:<\/p>\n<p>Gud, ge mig sinnesro att acceptera det jag inte kan f\u00f6r\u00e4ndra,<br \/>\nmod att f\u00f6r\u00e4ndra det jag kan<br \/>\noch f\u00f6rst\u00e5nd att inse skillnaden.<\/p>\n<p>Det finns en r\u00e4ddning f\u00f6r den som inte orkar l\u00e4ngre. Vi har en Gud som vet hur det k\u00e4nns.<\/p>\n<p>Tack Jesus att du k\u00e4nt det vi k\u00e4nner. Och visar oss uppgivenhetens fr\u00e4lsning.<\/p>\n","protected":false},"excerpt":{"rendered":"<p>Tack Jesus att du k\u00e4nt det vi k\u00e4nner. Jesus har ocks\u00e5 k\u00e4nt hoppl\u00f6shet och uppgivenhet. Jesus har ocks\u00e5 f\u00f6rs\u00f6kt g\u00f6ra sig f\u00f6rst\u00e5dd men inte f\u00e5tt gensvar. Jesus har ocks\u00e5 satsat allt, och m\u00e4rkt att de runt omkring inte alls f\u00f6rst\u00e5r. Jesus har ocks\u00e5 sett m\u00e4nniskor han bryr sig om g\u00f6ra samma misstag om och om [&hellip;]<\/p>\n","protected":false},"author":673,"featured_media":1513,"comment_status":"open","ping_status":"open","sticky":false,"template":"","format":"standard","meta":{"_acf_changed":false,"footnotes":""},"categories":[129767],"tags":[159859,142457],"class_list":["post-1512","post","type-post","status-publish","format-standard","has-post-thumbnail","hentry","category-22a-sondagen-efter-trefaldiget","tag-magdalena-erixon-devall","tag-tankarinforhelgen"],"acf":[],"yoast_head":"<!-- This site is optimized with the Yoast SEO plugin v27.1.1 - https:\/\/yoast.com\/product\/yoast-seo-wordpress\/ -->\n<title>En uppgiven Gud - Tankar inf\u00f6r helgen<\/title>\n<meta name=\"robots\" content=\"index, follow, max-snippet:-1, max-image-preview:large, max-video-preview:-1\" \/>\n<link rel=\"canonical\" href=\"https:\/\/blogg.svenskakyrkan.se\/tankarinforhelgen\/2018\/10\/24\/en-uppgiven-gud\/\" \/>\n<meta property=\"og:locale\" content=\"sv_SE\" \/>\n<meta property=\"og:type\" content=\"article\" \/>\n<meta property=\"og:title\" content=\"En uppgiven Gud - Tankar inf\u00f6r helgen\" \/>\n<meta property=\"og:description\" content=\"Tack Jesus att du k\u00e4nt det vi k\u00e4nner. Jesus har ocks\u00e5 k\u00e4nt hoppl\u00f6shet och uppgivenhet. Jesus har ocks\u00e5 f\u00f6rs\u00f6kt g\u00f6ra sig f\u00f6rst\u00e5dd men inte f\u00e5tt gensvar. Jesus har ocks\u00e5 satsat allt, och m\u00e4rkt att de runt omkring inte alls f\u00f6rst\u00e5r. Jesus har ocks\u00e5 sett m\u00e4nniskor han bryr sig om g\u00f6ra samma misstag om och om [&hellip;]\" \/>\n<meta property=\"og:url\" content=\"https:\/\/blogg.svenskakyrkan.se\/tankarinforhelgen\/2018\/10\/24\/en-uppgiven-gud\/\" \/>\n<meta property=\"og:site_name\" content=\"Tankar inf\u00f6r helgen\" \/>\n<meta property=\"article:published_time\" content=\"2018-10-24T11:53:31+00:00\" \/>\n<meta property=\"article:modified_time\" content=\"2018-10-26T06:51:32+00:00\" \/>\n<meta name=\"author\" content=\"Magdalena Erixon, pr\u00e4st\" \/>\n<meta name=\"twitter:card\" content=\"summary_large_image\" \/>\n<meta name=\"twitter:label1\" content=\"Skriven av\" \/>\n\t<meta name=\"twitter:data1\" content=\"Magdalena Erixon, pr\u00e4st\" \/>\n\t<meta name=\"twitter:label2\" content=\"Ber\u00e4knad l\u00e4stid\" \/>\n\t<meta name=\"twitter:data2\" content=\"2 minuter\" \/>\n<script type=\"application\/ld+json\" class=\"yoast-schema-graph\">{\"@context\":\"https:\/\/schema.org\",\"@graph\":[{\"@type\":\"Article\",\"@id\":\"https:\/\/blogg.svenskakyrkan.se\/tankarinforhelgen\/2018\/10\/24\/en-uppgiven-gud\/#article\",\"isPartOf\":{\"@id\":\"https:\/\/blogg.svenskakyrkan.se\/tankarinforhelgen\/2018\/10\/24\/en-uppgiven-gud\/\"},\"author\":{\"name\":\"Magdalena Erixon, pr\u00e4st\",\"@id\":\"https:\/\/blogg.svenskakyrkan.se\/tankarinforhelgen\/#\/schema\/person\/06f9ef63b668d2893c6ed6e973eae1b4\"},\"headline\":\"En uppgiven Gud\",\"datePublished\":\"2018-10-24T11:53:31+00:00\",\"dateModified\":\"2018-10-26T06:51:32+00:00\",\"mainEntityOfPage\":{\"@id\":\"https:\/\/blogg.svenskakyrkan.se\/tankarinforhelgen\/2018\/10\/24\/en-uppgiven-gud\/\"},\"wordCount\":375,\"commentCount\":13,\"image\":{\"@id\":\"https:\/\/blogg.svenskakyrkan.se\/tankarinforhelgen\/2018\/10\/24\/en-uppgiven-gud\/#primaryimage\"},\"thumbnailUrl\":\"https:\/\/blogg.svenskakyrkan.se\/tankarinforhelgen\/files\/2018\/10\/exasperated2.jpg\",\"keywords\":[\"Magdalena Erixon Devall\",\"TANKARINFORHELGEN\"],\"articleSection\":[\"22:a s\u00f6ndagen efter trefaldiget\"],\"inLanguage\":\"sv-SE\",\"potentialAction\":[{\"@type\":\"CommentAction\",\"name\":\"Comment\",\"target\":[\"https:\/\/blogg.svenskakyrkan.se\/tankarinforhelgen\/2018\/10\/24\/en-uppgiven-gud\/#respond\"]}]},{\"@type\":\"WebPage\",\"@id\":\"https:\/\/blogg.svenskakyrkan.se\/tankarinforhelgen\/2018\/10\/24\/en-uppgiven-gud\/\",\"url\":\"https:\/\/blogg.svenskakyrkan.se\/tankarinforhelgen\/2018\/10\/24\/en-uppgiven-gud\/\",\"name\":\"En uppgiven Gud - Tankar inf\u00f6r helgen\",\"isPartOf\":{\"@id\":\"https:\/\/blogg.svenskakyrkan.se\/tankarinforhelgen\/#website\"},\"primaryImageOfPage\":{\"@id\":\"https:\/\/blogg.svenskakyrkan.se\/tankarinforhelgen\/2018\/10\/24\/en-uppgiven-gud\/#primaryimage\"},\"image\":{\"@id\":\"https:\/\/blogg.svenskakyrkan.se\/tankarinforhelgen\/2018\/10\/24\/en-uppgiven-gud\/#primaryimage\"},\"thumbnailUrl\":\"https:\/\/blogg.svenskakyrkan.se\/tankarinforhelgen\/files\/2018\/10\/exasperated2.jpg\",\"datePublished\":\"2018-10-24T11:53:31+00:00\",\"dateModified\":\"2018-10-26T06:51:32+00:00\",\"author\":{\"@id\":\"https:\/\/blogg.svenskakyrkan.se\/tankarinforhelgen\/#\/schema\/person\/06f9ef63b668d2893c6ed6e973eae1b4\"},\"breadcrumb\":{\"@id\":\"https:\/\/blogg.svenskakyrkan.se\/tankarinforhelgen\/2018\/10\/24\/en-uppgiven-gud\/#breadcrumb\"},\"inLanguage\":\"sv-SE\",\"potentialAction\":[{\"@type\":\"ReadAction\",\"target\":[\"https:\/\/blogg.svenskakyrkan.se\/tankarinforhelgen\/2018\/10\/24\/en-uppgiven-gud\/\"]}]},{\"@type\":\"ImageObject\",\"inLanguage\":\"sv-SE\",\"@id\":\"https:\/\/blogg.svenskakyrkan.se\/tankarinforhelgen\/2018\/10\/24\/en-uppgiven-gud\/#primaryimage\",\"url\":\"https:\/\/blogg.svenskakyrkan.se\/tankarinforhelgen\/files\/2018\/10\/exasperated2.jpg\",\"contentUrl\":\"https:\/\/blogg.svenskakyrkan.se\/tankarinforhelgen\/files\/2018\/10\/exasperated2.jpg\",\"width\":1118,\"height\":834},{\"@type\":\"BreadcrumbList\",\"@id\":\"https:\/\/blogg.svenskakyrkan.se\/tankarinforhelgen\/2018\/10\/24\/en-uppgiven-gud\/#breadcrumb\",\"itemListElement\":[{\"@type\":\"ListItem\",\"position\":1,\"name\":\"Hem\",\"item\":\"https:\/\/blogg.svenskakyrkan.se\/tankarinforhelgen\/\"},{\"@type\":\"ListItem\",\"position\":2,\"name\":\"En uppgiven Gud\"}]},{\"@type\":\"WebSite\",\"@id\":\"https:\/\/blogg.svenskakyrkan.se\/tankarinforhelgen\/#website\",\"url\":\"https:\/\/blogg.svenskakyrkan.se\/tankarinforhelgen\/\",\"name\":\"Tankar inf\u00f6r helgen\",\"description\":\"Pr\u00e4ster funderar utifr\u00e5n kommande s\u00f6ndags texter\",\"potentialAction\":[{\"@type\":\"SearchAction\",\"target\":{\"@type\":\"EntryPoint\",\"urlTemplate\":\"https:\/\/blogg.svenskakyrkan.se\/tankarinforhelgen\/?s={search_term_string}\"},\"query-input\":{\"@type\":\"PropertyValueSpecification\",\"valueRequired\":true,\"valueName\":\"search_term_string\"}}],\"inLanguage\":\"sv-SE\"},{\"@type\":\"Person\",\"@id\":\"https:\/\/blogg.svenskakyrkan.se\/tankarinforhelgen\/#\/schema\/person\/06f9ef63b668d2893c6ed6e973eae1b4\",\"name\":\"Magdalena Erixon, pr\u00e4st\",\"image\":{\"@type\":\"ImageObject\",\"inLanguage\":\"sv-SE\",\"@id\":\"https:\/\/blogg.svenskakyrkan.se\/tankarinforhelgen\/#\/schema\/person\/image\/\",\"url\":\"https:\/\/secure.gravatar.com\/avatar\/0c0079562c0ba3bbbb0d4645a01896a330df74cc4e8648ba98b12655273934b9?s=96&d=mm&r=g\",\"contentUrl\":\"https:\/\/secure.gravatar.com\/avatar\/0c0079562c0ba3bbbb0d4645a01896a330df74cc4e8648ba98b12655273934b9?s=96&d=mm&r=g\",\"caption\":\"Magdalena Erixon, pr\u00e4st\"},\"url\":\"https:\/\/blogg.svenskakyrkan.se\/tankarinforhelgen\/author\/magdalenaerixon\/\"}]}<\/script>\n<!-- \/ Yoast SEO plugin. -->","yoast_head_json":{"title":"En uppgiven Gud - Tankar inf\u00f6r helgen","robots":{"index":"index","follow":"follow","max-snippet":"max-snippet:-1","max-image-preview":"max-image-preview:large","max-video-preview":"max-video-preview:-1"},"canonical":"https:\/\/blogg.svenskakyrkan.se\/tankarinforhelgen\/2018\/10\/24\/en-uppgiven-gud\/","og_locale":"sv_SE","og_type":"article","og_title":"En uppgiven Gud - Tankar inf\u00f6r helgen","og_description":"Tack Jesus att du k\u00e4nt det vi k\u00e4nner. Jesus har ocks\u00e5 k\u00e4nt hoppl\u00f6shet och uppgivenhet. Jesus har ocks\u00e5 f\u00f6rs\u00f6kt g\u00f6ra sig f\u00f6rst\u00e5dd men inte f\u00e5tt gensvar. Jesus har ocks\u00e5 satsat allt, och m\u00e4rkt att de runt omkring inte alls f\u00f6rst\u00e5r. Jesus har ocks\u00e5 sett m\u00e4nniskor han bryr sig om g\u00f6ra samma misstag om och om [&hellip;]","og_url":"https:\/\/blogg.svenskakyrkan.se\/tankarinforhelgen\/2018\/10\/24\/en-uppgiven-gud\/","og_site_name":"Tankar inf\u00f6r helgen","article_published_time":"2018-10-24T11:53:31+00:00","article_modified_time":"2018-10-26T06:51:32+00:00","author":"Magdalena Erixon, pr\u00e4st","twitter_card":"summary_large_image","twitter_misc":{"Skriven av":"Magdalena Erixon, pr\u00e4st","Ber\u00e4knad l\u00e4stid":"2 minuter"},"schema":{"@context":"https:\/\/schema.org","@graph":[{"@type":"Article","@id":"https:\/\/blogg.svenskakyrkan.se\/tankarinforhelgen\/2018\/10\/24\/en-uppgiven-gud\/#article","isPartOf":{"@id":"https:\/\/blogg.svenskakyrkan.se\/tankarinforhelgen\/2018\/10\/24\/en-uppgiven-gud\/"},"author":{"name":"Magdalena Erixon, pr\u00e4st","@id":"https:\/\/blogg.svenskakyrkan.se\/tankarinforhelgen\/#\/schema\/person\/06f9ef63b668d2893c6ed6e973eae1b4"},"headline":"En uppgiven Gud","datePublished":"2018-10-24T11:53:31+00:00","dateModified":"2018-10-26T06:51:32+00:00","mainEntityOfPage":{"@id":"https:\/\/blogg.svenskakyrkan.se\/tankarinforhelgen\/2018\/10\/24\/en-uppgiven-gud\/"},"wordCount":375,"commentCount":13,"image":{"@id":"https:\/\/blogg.svenskakyrkan.se\/tankarinforhelgen\/2018\/10\/24\/en-uppgiven-gud\/#primaryimage"},"thumbnailUrl":"https:\/\/blogg.svenskakyrkan.se\/tankarinforhelgen\/files\/2018\/10\/exasperated2.jpg","keywords":["Magdalena Erixon Devall","TANKARINFORHELGEN"],"articleSection":["22:a s\u00f6ndagen efter trefaldiget"],"inLanguage":"sv-SE","potentialAction":[{"@type":"CommentAction","name":"Comment","target":["https:\/\/blogg.svenskakyrkan.se\/tankarinforhelgen\/2018\/10\/24\/en-uppgiven-gud\/#respond"]}]},{"@type":"WebPage","@id":"https:\/\/blogg.svenskakyrkan.se\/tankarinforhelgen\/2018\/10\/24\/en-uppgiven-gud\/","url":"https:\/\/blogg.svenskakyrkan.se\/tankarinforhelgen\/2018\/10\/24\/en-uppgiven-gud\/","name":"En uppgiven Gud - Tankar inf\u00f6r helgen","isPartOf":{"@id":"https:\/\/blogg.svenskakyrkan.se\/tankarinforhelgen\/#website"},"primaryImageOfPage":{"@id":"https:\/\/blogg.svenskakyrkan.se\/tankarinforhelgen\/2018\/10\/24\/en-uppgiven-gud\/#primaryimage"},"image":{"@id":"https:\/\/blogg.svenskakyrkan.se\/tankarinforhelgen\/2018\/10\/24\/en-uppgiven-gud\/#primaryimage"},"thumbnailUrl":"https:\/\/blogg.svenskakyrkan.se\/tankarinforhelgen\/files\/2018\/10\/exasperated2.jpg","datePublished":"2018-10-24T11:53:31+00:00","dateModified":"2018-10-26T06:51:32+00:00","author":{"@id":"https:\/\/blogg.svenskakyrkan.se\/tankarinforhelgen\/#\/schema\/person\/06f9ef63b668d2893c6ed6e973eae1b4"},"breadcrumb":{"@id":"https:\/\/blogg.svenskakyrkan.se\/tankarinforhelgen\/2018\/10\/24\/en-uppgiven-gud\/#breadcrumb"},"inLanguage":"sv-SE","potentialAction":[{"@type":"ReadAction","target":["https:\/\/blogg.svenskakyrkan.se\/tankarinforhelgen\/2018\/10\/24\/en-uppgiven-gud\/"]}]},{"@type":"ImageObject","inLanguage":"sv-SE","@id":"https:\/\/blogg.svenskakyrkan.se\/tankarinforhelgen\/2018\/10\/24\/en-uppgiven-gud\/#primaryimage","url":"https:\/\/blogg.svenskakyrkan.se\/tankarinforhelgen\/files\/2018\/10\/exasperated2.jpg","contentUrl":"https:\/\/blogg.svenskakyrkan.se\/tankarinforhelgen\/files\/2018\/10\/exasperated2.jpg","width":1118,"height":834},{"@type":"BreadcrumbList","@id":"https:\/\/blogg.svenskakyrkan.se\/tankarinforhelgen\/2018\/10\/24\/en-uppgiven-gud\/#breadcrumb","itemListElement":[{"@type":"ListItem","position":1,"name":"Hem","item":"https:\/\/blogg.svenskakyrkan.se\/tankarinforhelgen\/"},{"@type":"ListItem","position":2,"name":"En uppgiven Gud"}]},{"@type":"WebSite","@id":"https:\/\/blogg.svenskakyrkan.se\/tankarinforhelgen\/#website","url":"https:\/\/blogg.svenskakyrkan.se\/tankarinforhelgen\/","name":"Tankar inf\u00f6r helgen","description":"Pr\u00e4ster funderar utifr\u00e5n kommande s\u00f6ndags texter","potentialAction":[{"@type":"SearchAction","target":{"@type":"EntryPoint","urlTemplate":"https:\/\/blogg.svenskakyrkan.se\/tankarinforhelgen\/?s={search_term_string}"},"query-input":{"@type":"PropertyValueSpecification","valueRequired":true,"valueName":"search_term_string"}}],"inLanguage":"sv-SE"},{"@type":"Person","@id":"https:\/\/blogg.svenskakyrkan.se\/tankarinforhelgen\/#\/schema\/person\/06f9ef63b668d2893c6ed6e973eae1b4","name":"Magdalena Erixon, pr\u00e4st","image":{"@type":"ImageObject","inLanguage":"sv-SE","@id":"https:\/\/blogg.svenskakyrkan.se\/tankarinforhelgen\/#\/schema\/person\/image\/","url":"https:\/\/secure.gravatar.com\/avatar\/0c0079562c0ba3bbbb0d4645a01896a330df74cc4e8648ba98b12655273934b9?s=96&d=mm&r=g","contentUrl":"https:\/\/secure.gravatar.com\/avatar\/0c0079562c0ba3bbbb0d4645a01896a330df74cc4e8648ba98b12655273934b9?s=96&d=mm&r=g","caption":"Magdalena Erixon, pr\u00e4st"},"url":"https:\/\/blogg.svenskakyrkan.se\/tankarinforhelgen\/author\/magdalenaerixon\/"}]}},"author_meta":{"ID":"673","user_nicename":"magdalenaerixon","user_registered":"2018-04-10 11:23:18","display_name":"Magdalena Erixon, pr\u00e4st","first_name":"Magdalena","last_name":"Erixon, pr\u00e4st","avatar":"https:\/\/secure.gravatar.com\/avatar\/0c0079562c0ba3bbbb0d4645a01896a330df74cc4e8648ba98b12655273934b9?s=96&d=mm&r=g"},"featured_image":["https:\/\/blogg.svenskakyrkan.se\/tankarinforhelgen\/files\/2018\/10\/exasperated2-1024x764.jpg",1024,764,true],"bloginfo":{"name":"Tankar inf\u00f6r helgen","url":"https:\/\/blogg.svenskakyrkan.se\/tankarinforhelgen"},"_links":{"self":[{"href":"https:\/\/blogg.svenskakyrkan.se\/tankarinforhelgen\/wp-json\/wp\/v2\/posts\/1512","targetHints":{"allow":["GET"]}}],"collection":[{"href":"https:\/\/blogg.svenskakyrkan.se\/tankarinforhelgen\/wp-json\/wp\/v2\/posts"}],"about":[{"href":"https:\/\/blogg.svenskakyrkan.se\/tankarinforhelgen\/wp-json\/wp\/v2\/types\/post"}],"author":[{"embeddable":true,"href":"https:\/\/blogg.svenskakyrkan.se\/tankarinforhelgen\/wp-json\/wp\/v2\/users\/673"}],"replies":[{"embeddable":true,"href":"https:\/\/blogg.svenskakyrkan.se\/tankarinforhelgen\/wp-json\/wp\/v2\/comments?post=1512"}],"version-history":[{"count":3,"href":"https:\/\/blogg.svenskakyrkan.se\/tankarinforhelgen\/wp-json\/wp\/v2\/posts\/1512\/revisions"}],"predecessor-version":[{"id":1516,"href":"https:\/\/blogg.svenskakyrkan.se\/tankarinforhelgen\/wp-json\/wp\/v2\/posts\/1512\/revisions\/1516"}],"wp:featuredmedia":[{"embeddable":true,"href":"https:\/\/blogg.svenskakyrkan.se\/tankarinforhelgen\/wp-json\/wp\/v2\/media\/1513"}],"wp:attachment":[{"href":"https:\/\/blogg.svenskakyrkan.se\/tankarinforhelgen\/wp-json\/wp\/v2\/media?parent=1512"}],"wp:term":[{"taxonomy":"category","embeddable":true,"href":"https:\/\/blogg.svenskakyrkan.se\/tankarinforhelgen\/wp-json\/wp\/v2\/categories?post=1512"},{"taxonomy":"post_tag","embeddable":true,"href":"https:\/\/blogg.svenskakyrkan.se\/tankarinforhelgen\/wp-json\/wp\/v2\/tags?post=1512"}],"curies":[{"name":"wp","href":"https:\/\/api.w.org\/{rel}","templated":true}]}}