{"id":1518,"date":"2018-10-31T14:28:11","date_gmt":"2018-10-31T13:28:11","guid":{"rendered":"http:\/\/blogg.svenskakyrkan.se\/tankarinforhelgen\/?p=1518"},"modified":"2018-11-01T12:29:18","modified_gmt":"2018-11-01T11:29:18","slug":"svaga-ljus-starkt-trots","status":"publish","type":"post","link":"https:\/\/blogg.svenskakyrkan.se\/tankarinforhelgen\/2018\/10\/31\/svaga-ljus-starkt-trots\/","title":{"rendered":"Svaga ljus, starkt trots"},"content":{"rendered":"<p>Ljusen p\u00e5 kyrkog\u00e5rdarna den h\u00e4r helgen lyser i natten, v\u00e4rmer i kylan. Varje l\u00e5ga ett minne, varje t\u00e4ndning en ritual. Varje s\u00f6rjande en k\u00e4mpe i den l\u00e5nga, m\u00f6rka, sv\u00e5ra kampen mot m\u00f6rker och meningsl\u00f6shet.<\/p>\n<p>Ljusen flammar d\u00e4r, mitt ibland alla d\u00f6da. Svaga i l\u00e5gan men starka i trotset. En protestr\u00f6relse f\u00f6r s\u00f6rjande.<\/p>\n<p>Du (du, vem du nu \u00e4r \u2013 ondskan, f\u00f6rg\u00f6raren, dj\u00e4vulen, meningsl\u00f6sheten, liemannen \u2013 jag ger dig inget namn men jag hatar dig) du kan ta v\u00e5ra k\u00e4ra ifr\u00e5n oss. D\u00f6den kan \u00f6verskugga livet. Vi vet. Vi har varit med. Det borde inte vara s\u00e5, men det \u00e4r s\u00e5. Vi har sett din makt. Du kan krossa.<\/p>\n<p>Men du kan inte g\u00f6ra m\u00f6rkret kompakt. Du har tagit mycket ifr\u00e5n oss: gl\u00e4dje, lycka, fridfullhet, bekymmersl\u00f6shet. Men du kan inte ge oss ett m\u00f6rker som \u00e4r s\u00e5 stort att vi inte kan g\u00f6ra det mindre.<\/p>\n<p>V\u00e5ra ljus \u00e4r patetiskt svaga, faktiskt. De lyser inte upp v\u00e4gen vi har att vandra, de ger ingen synstyrka, d\u00e4r i allhelgonanatten. De ger ingen st\u00f6rre v\u00e4rme heller, ingen att tala om. Man \u00e4r aldrig varm p\u00e5 en kyrkog\u00e5rd, man fryser \u00e4nda in i sj\u00e4len. S\u00e5 inga stora f\u00f6r\u00e4ndringar i v\u00e5ra liv. Ingen sikt, ingen v\u00e4rme. Men vi t\u00e4nder v\u00e5ra ljus \u00e4nd\u00e5.<\/p>\n<p>Och de fl\u00e4mtar, bland andra fl\u00e4mtande ljus. De fl\u00e4mtar, de finns d\u00e4r. P\u00e5 det s\u00e4ttet p\u00e5minner de om oss s\u00f6rjande. Vi \u00e4r inte str\u00e5lkastare eller l\u00e4gereldar, vi \u00e4r svaga som br\u00e4ckliga t\u00e4ndstickor. Men vi finns. Och vi \u00e4r m\u00e5nga. Vi \u00e4r m\u00e5nga som t\u00e4nder ljus. M\u00e5nga som \u00e4r svaga och fl\u00e4mtande, m\u00e5nga som trotsar.<\/p>\n<p>Och i takt med att kyrkog\u00e5rdens ljus blir fler och fler, i takt med att vi ser dem v\u00e4xa till en matta av ljus, i takt med att fler och fler m\u00e4nniskor g\u00e5r att hedra sina d\u00f6da, h\u00e4nder n\u00e5got med ljuset. Det ger fortfarande ingen riktningsvisning, de \u00e4r inga spotlights, inget helljus.<\/p>\n<p>Men de syns. De syns fr\u00e5n l\u00e5ngt h\u00e5ll, i all sin fl\u00e4mtande sk\u00f6rhet. Och jag t\u00e4nker mig att det \u00e4r h\u00e4r och nu som all v\u00e5r sorg syns. Allt det vi b\u00e4r inom oss hela tiden f\u00e5r denna dag synas. V\u00e5r sorg blir en ljusmatta. Den lyser inte upp hela v\u00e4rlden, men den flammar milt, med budskapet att vi \u00e4r m\u00e5nga. M\u00e5nga som g\u00e5r, s\u00e5rade och sargade, med var sitt svaga ljus. Tillsammans \u00e4r vi m\u00e5nga. Tillsammans \u00e4r vi sk\u00f6ra. Men i all v\u00e5r gemensamma sk\u00f6rhet kanske vi \u00e4r lite starka \u00e4nd\u00e5.<\/p>\n<p>S\u00e5 idag g\u00e5r vi s\u00f6rjande till v\u00e5ra gravar. Vi g\u00e5r, trasiga, illa tilltygade, n\u00e5gra av oss till faktiska kyrkog\u00e5rdar, n\u00e5gra av oss t\u00e4nder ljus i hj\u00e4rtat eller p\u00e5 n\u00e5got annat st\u00e4lle som \u00e4r viktigt. Men vi g\u00e5r. Och vi b\u00e4r n\u00e5got med oss, n\u00e5got som kommer ur djupet, som kommer ur dimman, som kommer ur hj\u00e4rtats envisa l\u00e4ngtan efter att k\u00e4rleken skall segra.<\/p>\n<p>Ett svagt ljus.<\/p>\n<p>En del av ett starkt sken.<\/p>\n<p>V\u00e5rt lilla bidrag till att g\u00f6ra sorgen synlig. Att g\u00f6ra v\u00e4rlden meningsfull igen. Att l\u00e5ta k\u00e4rleken v\u00e4rma \u00e4ven i det kallaste m\u00f6rker.<\/p>\n<p>Gud, ge oss alla ett ljus att b\u00e4ra<br \/>\nN\u00e5gra att h\u00f6ra ihop med<br \/>\nEtt flammande hopp<br \/>\nOch en tro p\u00e5 k\u00e4rleken.<\/p>\n<p>Amen.<\/p>\n","protected":false},"excerpt":{"rendered":"<p>Ljusen p\u00e5 kyrkog\u00e5rdarna den h\u00e4r helgen lyser i natten, v\u00e4rmer i kylan. Varje l\u00e5ga ett minne, varje t\u00e4ndning en ritual. Varje s\u00f6rjande en k\u00e4mpe i den l\u00e5nga, m\u00f6rka, sv\u00e5ra kampen mot m\u00f6rker och meningsl\u00f6shet. Ljusen flammar d\u00e4r, mitt ibland alla d\u00f6da. Svaga i l\u00e5gan men starka i trotset. En protestr\u00f6relse f\u00f6r s\u00f6rjande. Du (du, vem [&hellip;]<\/p>\n","protected":false},"author":569,"featured_media":1527,"comment_status":"open","ping_status":"open","sticky":false,"template":"","format":"standard","meta":{"_acf_changed":false,"footnotes":""},"categories":[22846],"tags":[142062,142457],"class_list":["post-1518","post","type-post","status-publish","format-standard","has-post-thumbnail","hentry","category-alla-helgons-dag","tag-charlotte-frycklund","tag-tankarinforhelgen"],"acf":[],"yoast_head":"<!-- This site is optimized with the Yoast SEO plugin v27.1.1 - https:\/\/yoast.com\/product\/yoast-seo-wordpress\/ -->\n<title>Svaga ljus, starkt trots - Tankar inf\u00f6r helgen<\/title>\n<meta name=\"robots\" content=\"index, follow, max-snippet:-1, max-image-preview:large, max-video-preview:-1\" \/>\n<link rel=\"canonical\" href=\"https:\/\/blogg.svenskakyrkan.se\/tankarinforhelgen\/2018\/10\/31\/svaga-ljus-starkt-trots\/\" \/>\n<meta property=\"og:locale\" content=\"sv_SE\" \/>\n<meta property=\"og:type\" content=\"article\" \/>\n<meta property=\"og:title\" content=\"Svaga ljus, starkt trots - Tankar inf\u00f6r helgen\" \/>\n<meta property=\"og:description\" content=\"Ljusen p\u00e5 kyrkog\u00e5rdarna den h\u00e4r helgen lyser i natten, v\u00e4rmer i kylan. Varje l\u00e5ga ett minne, varje t\u00e4ndning en ritual. Varje s\u00f6rjande en k\u00e4mpe i den l\u00e5nga, m\u00f6rka, sv\u00e5ra kampen mot m\u00f6rker och meningsl\u00f6shet. Ljusen flammar d\u00e4r, mitt ibland alla d\u00f6da. Svaga i l\u00e5gan men starka i trotset. En protestr\u00f6relse f\u00f6r s\u00f6rjande. Du (du, vem [&hellip;]\" \/>\n<meta property=\"og:url\" content=\"https:\/\/blogg.svenskakyrkan.se\/tankarinforhelgen\/2018\/10\/31\/svaga-ljus-starkt-trots\/\" \/>\n<meta property=\"og:site_name\" content=\"Tankar inf\u00f6r helgen\" \/>\n<meta property=\"article:published_time\" content=\"2018-10-31T13:28:11+00:00\" \/>\n<meta property=\"article:modified_time\" content=\"2018-11-01T11:29:18+00:00\" \/>\n<meta name=\"author\" content=\"Charlotte Frycklund, pr\u00e4st\" \/>\n<meta name=\"twitter:card\" content=\"summary_large_image\" \/>\n<meta name=\"twitter:label1\" content=\"Skriven av\" \/>\n\t<meta name=\"twitter:data1\" content=\"Charlotte Frycklund, pr\u00e4st\" \/>\n\t<meta name=\"twitter:label2\" content=\"Ber\u00e4knad l\u00e4stid\" \/>\n\t<meta name=\"twitter:data2\" content=\"3 minuter\" \/>\n<script type=\"application\/ld+json\" class=\"yoast-schema-graph\">{\"@context\":\"https:\/\/schema.org\",\"@graph\":[{\"@type\":\"Article\",\"@id\":\"https:\/\/blogg.svenskakyrkan.se\/tankarinforhelgen\/2018\/10\/31\/svaga-ljus-starkt-trots\/#article\",\"isPartOf\":{\"@id\":\"https:\/\/blogg.svenskakyrkan.se\/tankarinforhelgen\/2018\/10\/31\/svaga-ljus-starkt-trots\/\"},\"author\":{\"name\":\"Charlotte Frycklund, pr\u00e4st\",\"@id\":\"https:\/\/blogg.svenskakyrkan.se\/tankarinforhelgen\/#\/schema\/person\/595d75da5bf93cf9ca814c398b63ed6d\"},\"headline\":\"Svaga ljus, starkt trots\",\"datePublished\":\"2018-10-31T13:28:11+00:00\",\"dateModified\":\"2018-11-01T11:29:18+00:00\",\"mainEntityOfPage\":{\"@id\":\"https:\/\/blogg.svenskakyrkan.se\/tankarinforhelgen\/2018\/10\/31\/svaga-ljus-starkt-trots\/\"},\"wordCount\":642,\"commentCount\":4,\"image\":{\"@id\":\"https:\/\/blogg.svenskakyrkan.se\/tankarinforhelgen\/2018\/10\/31\/svaga-ljus-starkt-trots\/#primaryimage\"},\"thumbnailUrl\":\"https:\/\/blogg.svenskakyrkan.se\/tankarinforhelgen\/files\/2018\/10\/kyrkog\u00e5rd1-1.jpg\",\"keywords\":[\"Charlotte Frycklund\",\"TANKARINFORHELGEN\"],\"articleSection\":[\"Alla helgons dag\"],\"inLanguage\":\"sv-SE\",\"potentialAction\":[{\"@type\":\"CommentAction\",\"name\":\"Comment\",\"target\":[\"https:\/\/blogg.svenskakyrkan.se\/tankarinforhelgen\/2018\/10\/31\/svaga-ljus-starkt-trots\/#respond\"]}]},{\"@type\":\"WebPage\",\"@id\":\"https:\/\/blogg.svenskakyrkan.se\/tankarinforhelgen\/2018\/10\/31\/svaga-ljus-starkt-trots\/\",\"url\":\"https:\/\/blogg.svenskakyrkan.se\/tankarinforhelgen\/2018\/10\/31\/svaga-ljus-starkt-trots\/\",\"name\":\"Svaga ljus, starkt trots - Tankar inf\u00f6r helgen\",\"isPartOf\":{\"@id\":\"https:\/\/blogg.svenskakyrkan.se\/tankarinforhelgen\/#website\"},\"primaryImageOfPage\":{\"@id\":\"https:\/\/blogg.svenskakyrkan.se\/tankarinforhelgen\/2018\/10\/31\/svaga-ljus-starkt-trots\/#primaryimage\"},\"image\":{\"@id\":\"https:\/\/blogg.svenskakyrkan.se\/tankarinforhelgen\/2018\/10\/31\/svaga-ljus-starkt-trots\/#primaryimage\"},\"thumbnailUrl\":\"https:\/\/blogg.svenskakyrkan.se\/tankarinforhelgen\/files\/2018\/10\/kyrkog\u00e5rd1-1.jpg\",\"datePublished\":\"2018-10-31T13:28:11+00:00\",\"dateModified\":\"2018-11-01T11:29:18+00:00\",\"author\":{\"@id\":\"https:\/\/blogg.svenskakyrkan.se\/tankarinforhelgen\/#\/schema\/person\/595d75da5bf93cf9ca814c398b63ed6d\"},\"breadcrumb\":{\"@id\":\"https:\/\/blogg.svenskakyrkan.se\/tankarinforhelgen\/2018\/10\/31\/svaga-ljus-starkt-trots\/#breadcrumb\"},\"inLanguage\":\"sv-SE\",\"potentialAction\":[{\"@type\":\"ReadAction\",\"target\":[\"https:\/\/blogg.svenskakyrkan.se\/tankarinforhelgen\/2018\/10\/31\/svaga-ljus-starkt-trots\/\"]}]},{\"@type\":\"ImageObject\",\"inLanguage\":\"sv-SE\",\"@id\":\"https:\/\/blogg.svenskakyrkan.se\/tankarinforhelgen\/2018\/10\/31\/svaga-ljus-starkt-trots\/#primaryimage\",\"url\":\"https:\/\/blogg.svenskakyrkan.se\/tankarinforhelgen\/files\/2018\/10\/kyrkog\u00e5rd1-1.jpg\",\"contentUrl\":\"https:\/\/blogg.svenskakyrkan.se\/tankarinforhelgen\/files\/2018\/10\/kyrkog\u00e5rd1-1.jpg\",\"width\":796,\"height\":597},{\"@type\":\"BreadcrumbList\",\"@id\":\"https:\/\/blogg.svenskakyrkan.se\/tankarinforhelgen\/2018\/10\/31\/svaga-ljus-starkt-trots\/#breadcrumb\",\"itemListElement\":[{\"@type\":\"ListItem\",\"position\":1,\"name\":\"Hem\",\"item\":\"https:\/\/blogg.svenskakyrkan.se\/tankarinforhelgen\/\"},{\"@type\":\"ListItem\",\"position\":2,\"name\":\"Svaga ljus, starkt trots\"}]},{\"@type\":\"WebSite\",\"@id\":\"https:\/\/blogg.svenskakyrkan.se\/tankarinforhelgen\/#website\",\"url\":\"https:\/\/blogg.svenskakyrkan.se\/tankarinforhelgen\/\",\"name\":\"Tankar inf\u00f6r helgen\",\"description\":\"Pr\u00e4ster funderar utifr\u00e5n kommande s\u00f6ndags texter\",\"potentialAction\":[{\"@type\":\"SearchAction\",\"target\":{\"@type\":\"EntryPoint\",\"urlTemplate\":\"https:\/\/blogg.svenskakyrkan.se\/tankarinforhelgen\/?s={search_term_string}\"},\"query-input\":{\"@type\":\"PropertyValueSpecification\",\"valueRequired\":true,\"valueName\":\"search_term_string\"}}],\"inLanguage\":\"sv-SE\"},{\"@type\":\"Person\",\"@id\":\"https:\/\/blogg.svenskakyrkan.se\/tankarinforhelgen\/#\/schema\/person\/595d75da5bf93cf9ca814c398b63ed6d\",\"name\":\"Charlotte Frycklund, pr\u00e4st\",\"image\":{\"@type\":\"ImageObject\",\"inLanguage\":\"sv-SE\",\"@id\":\"https:\/\/blogg.svenskakyrkan.se\/tankarinforhelgen\/#\/schema\/person\/image\/\",\"url\":\"https:\/\/secure.gravatar.com\/avatar\/10f37b82bf44def60f716a446302420cc1eb214cca306b573a488614ab47ee87?s=96&d=mm&r=g\",\"contentUrl\":\"https:\/\/secure.gravatar.com\/avatar\/10f37b82bf44def60f716a446302420cc1eb214cca306b573a488614ab47ee87?s=96&d=mm&r=g\",\"caption\":\"Charlotte Frycklund, pr\u00e4st\"},\"url\":\"https:\/\/blogg.svenskakyrkan.se\/tankarinforhelgen\/author\/charlottefrycklund\/\"}]}<\/script>\n<!-- \/ Yoast SEO plugin. -->","yoast_head_json":{"title":"Svaga ljus, starkt trots - Tankar inf\u00f6r helgen","robots":{"index":"index","follow":"follow","max-snippet":"max-snippet:-1","max-image-preview":"max-image-preview:large","max-video-preview":"max-video-preview:-1"},"canonical":"https:\/\/blogg.svenskakyrkan.se\/tankarinforhelgen\/2018\/10\/31\/svaga-ljus-starkt-trots\/","og_locale":"sv_SE","og_type":"article","og_title":"Svaga ljus, starkt trots - Tankar inf\u00f6r helgen","og_description":"Ljusen p\u00e5 kyrkog\u00e5rdarna den h\u00e4r helgen lyser i natten, v\u00e4rmer i kylan. Varje l\u00e5ga ett minne, varje t\u00e4ndning en ritual. Varje s\u00f6rjande en k\u00e4mpe i den l\u00e5nga, m\u00f6rka, sv\u00e5ra kampen mot m\u00f6rker och meningsl\u00f6shet. Ljusen flammar d\u00e4r, mitt ibland alla d\u00f6da. Svaga i l\u00e5gan men starka i trotset. En protestr\u00f6relse f\u00f6r s\u00f6rjande. Du (du, vem [&hellip;]","og_url":"https:\/\/blogg.svenskakyrkan.se\/tankarinforhelgen\/2018\/10\/31\/svaga-ljus-starkt-trots\/","og_site_name":"Tankar inf\u00f6r helgen","article_published_time":"2018-10-31T13:28:11+00:00","article_modified_time":"2018-11-01T11:29:18+00:00","author":"Charlotte Frycklund, pr\u00e4st","twitter_card":"summary_large_image","twitter_misc":{"Skriven av":"Charlotte Frycklund, pr\u00e4st","Ber\u00e4knad l\u00e4stid":"3 minuter"},"schema":{"@context":"https:\/\/schema.org","@graph":[{"@type":"Article","@id":"https:\/\/blogg.svenskakyrkan.se\/tankarinforhelgen\/2018\/10\/31\/svaga-ljus-starkt-trots\/#article","isPartOf":{"@id":"https:\/\/blogg.svenskakyrkan.se\/tankarinforhelgen\/2018\/10\/31\/svaga-ljus-starkt-trots\/"},"author":{"name":"Charlotte Frycklund, pr\u00e4st","@id":"https:\/\/blogg.svenskakyrkan.se\/tankarinforhelgen\/#\/schema\/person\/595d75da5bf93cf9ca814c398b63ed6d"},"headline":"Svaga ljus, starkt trots","datePublished":"2018-10-31T13:28:11+00:00","dateModified":"2018-11-01T11:29:18+00:00","mainEntityOfPage":{"@id":"https:\/\/blogg.svenskakyrkan.se\/tankarinforhelgen\/2018\/10\/31\/svaga-ljus-starkt-trots\/"},"wordCount":642,"commentCount":4,"image":{"@id":"https:\/\/blogg.svenskakyrkan.se\/tankarinforhelgen\/2018\/10\/31\/svaga-ljus-starkt-trots\/#primaryimage"},"thumbnailUrl":"https:\/\/blogg.svenskakyrkan.se\/tankarinforhelgen\/files\/2018\/10\/kyrkog\u00e5rd1-1.jpg","keywords":["Charlotte Frycklund","TANKARINFORHELGEN"],"articleSection":["Alla helgons dag"],"inLanguage":"sv-SE","potentialAction":[{"@type":"CommentAction","name":"Comment","target":["https:\/\/blogg.svenskakyrkan.se\/tankarinforhelgen\/2018\/10\/31\/svaga-ljus-starkt-trots\/#respond"]}]},{"@type":"WebPage","@id":"https:\/\/blogg.svenskakyrkan.se\/tankarinforhelgen\/2018\/10\/31\/svaga-ljus-starkt-trots\/","url":"https:\/\/blogg.svenskakyrkan.se\/tankarinforhelgen\/2018\/10\/31\/svaga-ljus-starkt-trots\/","name":"Svaga ljus, starkt trots - Tankar inf\u00f6r helgen","isPartOf":{"@id":"https:\/\/blogg.svenskakyrkan.se\/tankarinforhelgen\/#website"},"primaryImageOfPage":{"@id":"https:\/\/blogg.svenskakyrkan.se\/tankarinforhelgen\/2018\/10\/31\/svaga-ljus-starkt-trots\/#primaryimage"},"image":{"@id":"https:\/\/blogg.svenskakyrkan.se\/tankarinforhelgen\/2018\/10\/31\/svaga-ljus-starkt-trots\/#primaryimage"},"thumbnailUrl":"https:\/\/blogg.svenskakyrkan.se\/tankarinforhelgen\/files\/2018\/10\/kyrkog\u00e5rd1-1.jpg","datePublished":"2018-10-31T13:28:11+00:00","dateModified":"2018-11-01T11:29:18+00:00","author":{"@id":"https:\/\/blogg.svenskakyrkan.se\/tankarinforhelgen\/#\/schema\/person\/595d75da5bf93cf9ca814c398b63ed6d"},"breadcrumb":{"@id":"https:\/\/blogg.svenskakyrkan.se\/tankarinforhelgen\/2018\/10\/31\/svaga-ljus-starkt-trots\/#breadcrumb"},"inLanguage":"sv-SE","potentialAction":[{"@type":"ReadAction","target":["https:\/\/blogg.svenskakyrkan.se\/tankarinforhelgen\/2018\/10\/31\/svaga-ljus-starkt-trots\/"]}]},{"@type":"ImageObject","inLanguage":"sv-SE","@id":"https:\/\/blogg.svenskakyrkan.se\/tankarinforhelgen\/2018\/10\/31\/svaga-ljus-starkt-trots\/#primaryimage","url":"https:\/\/blogg.svenskakyrkan.se\/tankarinforhelgen\/files\/2018\/10\/kyrkog\u00e5rd1-1.jpg","contentUrl":"https:\/\/blogg.svenskakyrkan.se\/tankarinforhelgen\/files\/2018\/10\/kyrkog\u00e5rd1-1.jpg","width":796,"height":597},{"@type":"BreadcrumbList","@id":"https:\/\/blogg.svenskakyrkan.se\/tankarinforhelgen\/2018\/10\/31\/svaga-ljus-starkt-trots\/#breadcrumb","itemListElement":[{"@type":"ListItem","position":1,"name":"Hem","item":"https:\/\/blogg.svenskakyrkan.se\/tankarinforhelgen\/"},{"@type":"ListItem","position":2,"name":"Svaga ljus, starkt trots"}]},{"@type":"WebSite","@id":"https:\/\/blogg.svenskakyrkan.se\/tankarinforhelgen\/#website","url":"https:\/\/blogg.svenskakyrkan.se\/tankarinforhelgen\/","name":"Tankar inf\u00f6r helgen","description":"Pr\u00e4ster funderar utifr\u00e5n kommande s\u00f6ndags texter","potentialAction":[{"@type":"SearchAction","target":{"@type":"EntryPoint","urlTemplate":"https:\/\/blogg.svenskakyrkan.se\/tankarinforhelgen\/?s={search_term_string}"},"query-input":{"@type":"PropertyValueSpecification","valueRequired":true,"valueName":"search_term_string"}}],"inLanguage":"sv-SE"},{"@type":"Person","@id":"https:\/\/blogg.svenskakyrkan.se\/tankarinforhelgen\/#\/schema\/person\/595d75da5bf93cf9ca814c398b63ed6d","name":"Charlotte Frycklund, pr\u00e4st","image":{"@type":"ImageObject","inLanguage":"sv-SE","@id":"https:\/\/blogg.svenskakyrkan.se\/tankarinforhelgen\/#\/schema\/person\/image\/","url":"https:\/\/secure.gravatar.com\/avatar\/10f37b82bf44def60f716a446302420cc1eb214cca306b573a488614ab47ee87?s=96&d=mm&r=g","contentUrl":"https:\/\/secure.gravatar.com\/avatar\/10f37b82bf44def60f716a446302420cc1eb214cca306b573a488614ab47ee87?s=96&d=mm&r=g","caption":"Charlotte Frycklund, pr\u00e4st"},"url":"https:\/\/blogg.svenskakyrkan.se\/tankarinforhelgen\/author\/charlottefrycklund\/"}]}},"author_meta":{"ID":"569","user_nicename":"charlottefrycklund","user_registered":"2016-05-24 11:46:19","display_name":"Charlotte Frycklund, pr\u00e4st","first_name":"Charlotte","last_name":"Frycklund, pr\u00e4st","avatar":"https:\/\/secure.gravatar.com\/avatar\/10f37b82bf44def60f716a446302420cc1eb214cca306b573a488614ab47ee87?s=96&d=mm&r=g"},"featured_image":["https:\/\/blogg.svenskakyrkan.se\/tankarinforhelgen\/files\/2018\/10\/kyrkog\u00e5rd1-1.jpg",796,597,false],"bloginfo":{"name":"Tankar inf\u00f6r helgen","url":"https:\/\/blogg.svenskakyrkan.se\/tankarinforhelgen"},"_links":{"self":[{"href":"https:\/\/blogg.svenskakyrkan.se\/tankarinforhelgen\/wp-json\/wp\/v2\/posts\/1518","targetHints":{"allow":["GET"]}}],"collection":[{"href":"https:\/\/blogg.svenskakyrkan.se\/tankarinforhelgen\/wp-json\/wp\/v2\/posts"}],"about":[{"href":"https:\/\/blogg.svenskakyrkan.se\/tankarinforhelgen\/wp-json\/wp\/v2\/types\/post"}],"author":[{"embeddable":true,"href":"https:\/\/blogg.svenskakyrkan.se\/tankarinforhelgen\/wp-json\/wp\/v2\/users\/569"}],"replies":[{"embeddable":true,"href":"https:\/\/blogg.svenskakyrkan.se\/tankarinforhelgen\/wp-json\/wp\/v2\/comments?post=1518"}],"version-history":[{"count":5,"href":"https:\/\/blogg.svenskakyrkan.se\/tankarinforhelgen\/wp-json\/wp\/v2\/posts\/1518\/revisions"}],"predecessor-version":[{"id":1528,"href":"https:\/\/blogg.svenskakyrkan.se\/tankarinforhelgen\/wp-json\/wp\/v2\/posts\/1518\/revisions\/1528"}],"wp:featuredmedia":[{"embeddable":true,"href":"https:\/\/blogg.svenskakyrkan.se\/tankarinforhelgen\/wp-json\/wp\/v2\/media\/1527"}],"wp:attachment":[{"href":"https:\/\/blogg.svenskakyrkan.se\/tankarinforhelgen\/wp-json\/wp\/v2\/media?parent=1518"}],"wp:term":[{"taxonomy":"category","embeddable":true,"href":"https:\/\/blogg.svenskakyrkan.se\/tankarinforhelgen\/wp-json\/wp\/v2\/categories?post=1518"},{"taxonomy":"post_tag","embeddable":true,"href":"https:\/\/blogg.svenskakyrkan.se\/tankarinforhelgen\/wp-json\/wp\/v2\/tags?post=1518"}],"curies":[{"name":"wp","href":"https:\/\/api.w.org\/{rel}","templated":true}]}}