{"id":1524,"date":"2018-11-05T11:35:08","date_gmt":"2018-11-05T10:35:08","guid":{"rendered":"http:\/\/blogg.svenskakyrkan.se\/tankarinforhelgen\/?p=1524"},"modified":"2018-11-08T15:04:32","modified_gmt":"2018-11-08T14:04:32","slug":"hur-lang-ar-en-evighet","status":"publish","type":"post","link":"https:\/\/blogg.svenskakyrkan.se\/tankarinforhelgen\/2018\/11\/05\/hur-lang-ar-en-evighet\/","title":{"rendered":"Hur l\u00e5ng \u00e4r en evighet?"},"content":{"rendered":"<p>N\u00e4r jag var ungef\u00e4r fyra \u00e5r, h\u00f6rde jag n\u00e5gon s\u00e4ga att n\u00e4r man \u00e4r d\u00f6d s\u00e5 blir man en \u00e4ngel och det \u00e4r man i evighet. Jag tror egentligen inte vi blir \u00e4nglar n\u00e4r vi d\u00f6r utan jag tror att vi blir de vi redan \u00e4r. Men n\u00e5v\u00e4l, jag funderade mycket p\u00e5 det d\u00e4r ordet \u201devighet\u201d. Det gick inte att t\u00e4nka sig n\u00e5got som aldrig skulle ta slut. N\u00e5got som bara fanns och fanns och fanns. Det var en helt svindlande k\u00e4nsla. Mina tankar r\u00e4ckte inte till f\u00f6r att f\u00f6rst\u00e5 det. Och fast jag \u00e4r bra mycket \u00e4ldre nu r\u00e4cker tankarna fortfarande inte till.<\/p>\n<p>S\u00f6ndagens tema \u00e4r \u201dyttersta tiden\u201d och Jesus talar om den \u201dsista tiden\u201d i texten. Det \u00e4r ord som kan l\u00e5ta b\u00e5de skr\u00e4mmande och sp\u00e4nnande.<br \/>\nVad \u00e4r den yttersta tiden eller den sista tiden? \u00c4r det samma sak? N\u00e4r infaller den? Ibland t\u00e4nker jag att den yttersta tiden kanske inte \u00e4r samma f\u00f6r alla? Den yttersta tiden kanske \u00e4r n\u00e4r detta livet vi kan se h\u00e4r \u00e4r slut? Och att det \u00e4r personligt f\u00f6r var och en n\u00e4r det intr\u00e4ffar?<\/p>\n<p>Samtidigt s\u00e5 t\u00e4nker jag mig ocks\u00e5 yttersta tiden som en tidspunkt n\u00e4r det goda slutligen ska segra \u00f6ver det onda. D\u00e5 \u00e4r det slutet p\u00e5 tiden f\u00f6r det onda. Men det goda \u00e4r evigt. Dessa tv\u00e5 tankar kanske s\u00e4ger emot varandra, eller s\u00e5 g\u00f6r de det inte. F\u00f6r v\u00e5ra logiska hj\u00e4rnor kan inte f\u00f6rst\u00e5 hur det h\u00e4nger ihop.<\/p>\n<p>Jesus pratar i Bibeln om att den yttersta tiden \u00e4r som f\u00f6dslov\u00e4rkar. Det ger mig hoppet att d\u00f6den inte \u00e4r slutet. Att tidens slut inte \u00e4r tillvarons slut. Ordet f\u00f6dslov\u00e4rkar ger sken av att det \u00e4r n\u00e5got nytt som b\u00f6rjar, att tidens slut \u00e4r b\u00f6rjan p\u00e5 n\u00e5got nytt. Och det \u00e4r d\u00e4r det ordet som \u00e4r s\u00e5 sv\u00e5rt att f\u00f6rst\u00e5, ordet \u201devighet\u201d, kommer in. Jag tror inte att evigheten b\u00f6rjar, f\u00f6r den finns redan h\u00e4r. Jag tror att vi f\u00f6ds in i evigheten n\u00e4r v\u00e5rt liv \u00e4r slut. Som en ny b\u00f6rjan.<\/p>\n<p>Samtidigt tror jag att vi redan nu p\u00e5 ett s\u00e4tt \u00e4r i evigheten fast vi befinner oss i tiden. Jag t\u00e4nker att n\u00e4r vi kan landa i nuet s\u00e5 kan vi ibland ana evigheten. Gud \u00e4r alltid med mig och hos mig, b\u00e5de i det f\u00f6rflutna och i framtiden. Men det \u00e4r kanske n\u00e4r jag landar i nuet, landar i mig sj\u00e4lv, i min kropp och i mitt hj\u00e4rta som jag l\u00e4ttare kan erfara Gud? Kanske \u00e4r det d\u00e5 jag kan v\u00e4nda mig mot Gud och i n\u00e5gon m\u00e5n besvara den k\u00e4rlek som Gud alltid ger mig?<\/p>\n<p>Gud ser mig och \u00e4lskar mig alltid. Det st\u00e5r i en av texterna att om vi stannar i Jesus s\u00e5 beh\u00f6ver vi inte v\u00e4nda oss bort i skam utan kan frimodigt ta emot insikten att vi \u00e4r Guds \u00e4lskade barn. Jag t\u00e4nker att orden &#8221;stanna i Jesus&#8221; kan bytas ut mot att &#8221;v\u00e4nda oss mot Gud&#8221;. Att landa i nuet kan hj\u00e4lpa oss med det tror jag.<\/p>\n<p>Men oavsett om vi ser eller v\u00e4nder oss mot Gud eller inte \u00e4r vi \u00e4lskade och sedda av Gud och Gud finns alltid d\u00e4r. Den insikten t\u00e4nker jag mig \u00e4r l\u00e4tt f\u00f6r en liten 4-\u00e5ring att ta till sig. Barn komplicerar det inte som vi vuxna g\u00f6r. Det kan vi l\u00e4ra oss av barnen: att vila i Guds k\u00e4rlek.<\/p>\n","protected":false},"excerpt":{"rendered":"<p>N\u00e4r jag var ungef\u00e4r fyra \u00e5r, h\u00f6rde jag n\u00e5gon s\u00e4ga att n\u00e4r man \u00e4r d\u00f6d s\u00e5 blir man en \u00e4ngel och det \u00e4r man i evighet. Jag tror egentligen inte vi blir \u00e4nglar n\u00e4r vi d\u00f6r utan jag tror att vi blir de vi redan \u00e4r. Men n\u00e5v\u00e4l, jag funderade mycket p\u00e5 det d\u00e4r ordet [&hellip;]<\/p>\n","protected":false},"author":663,"featured_media":1534,"comment_status":"open","ping_status":"open","sticky":false,"template":"","format":"standard","meta":{"_acf_changed":false,"footnotes":""},"categories":[159860],"tags":[142460,142457],"class_list":["post-1524","post","type-post","status-publish","format-standard","has-post-thumbnail","hentry","category-24e-sondagen-efter-trefaldighet","tag-agneta-holmstrom","tag-tankarinforhelgen"],"acf":[],"yoast_head":"<!-- This site is optimized with the Yoast SEO plugin v27.1.1 - https:\/\/yoast.com\/product\/yoast-seo-wordpress\/ -->\n<title>Hur l\u00e5ng \u00e4r en evighet? - Tankar inf\u00f6r helgen<\/title>\n<meta name=\"robots\" content=\"index, follow, max-snippet:-1, max-image-preview:large, max-video-preview:-1\" \/>\n<link rel=\"canonical\" href=\"https:\/\/blogg.svenskakyrkan.se\/tankarinforhelgen\/2018\/11\/05\/hur-lang-ar-en-evighet\/\" \/>\n<meta property=\"og:locale\" content=\"sv_SE\" \/>\n<meta property=\"og:type\" content=\"article\" \/>\n<meta property=\"og:title\" content=\"Hur l\u00e5ng \u00e4r en evighet? - Tankar inf\u00f6r helgen\" \/>\n<meta property=\"og:description\" content=\"N\u00e4r jag var ungef\u00e4r fyra \u00e5r, h\u00f6rde jag n\u00e5gon s\u00e4ga att n\u00e4r man \u00e4r d\u00f6d s\u00e5 blir man en \u00e4ngel och det \u00e4r man i evighet. Jag tror egentligen inte vi blir \u00e4nglar n\u00e4r vi d\u00f6r utan jag tror att vi blir de vi redan \u00e4r. Men n\u00e5v\u00e4l, jag funderade mycket p\u00e5 det d\u00e4r ordet [&hellip;]\" \/>\n<meta property=\"og:url\" content=\"https:\/\/blogg.svenskakyrkan.se\/tankarinforhelgen\/2018\/11\/05\/hur-lang-ar-en-evighet\/\" \/>\n<meta property=\"og:site_name\" content=\"Tankar inf\u00f6r helgen\" \/>\n<meta property=\"article:published_time\" content=\"2018-11-05T10:35:08+00:00\" \/>\n<meta property=\"article:modified_time\" content=\"2018-11-08T14:04:32+00:00\" \/>\n<meta name=\"author\" content=\"Agneta Holmstr\u00f6m, pr\u00e4st\" \/>\n<meta name=\"twitter:card\" content=\"summary_large_image\" \/>\n<meta name=\"twitter:label1\" content=\"Skriven av\" \/>\n\t<meta name=\"twitter:data1\" content=\"Agneta Holmstr\u00f6m, pr\u00e4st\" \/>\n\t<meta name=\"twitter:label2\" content=\"Ber\u00e4knad l\u00e4stid\" \/>\n\t<meta name=\"twitter:data2\" content=\"3 minuter\" \/>\n<script type=\"application\/ld+json\" class=\"yoast-schema-graph\">{\"@context\":\"https:\/\/schema.org\",\"@graph\":[{\"@type\":\"Article\",\"@id\":\"https:\/\/blogg.svenskakyrkan.se\/tankarinforhelgen\/2018\/11\/05\/hur-lang-ar-en-evighet\/#article\",\"isPartOf\":{\"@id\":\"https:\/\/blogg.svenskakyrkan.se\/tankarinforhelgen\/2018\/11\/05\/hur-lang-ar-en-evighet\/\"},\"author\":{\"name\":\"Agneta Holmstr\u00f6m, pr\u00e4st\",\"@id\":\"https:\/\/blogg.svenskakyrkan.se\/tankarinforhelgen\/#\/schema\/person\/6e2f249737f65007a8daf203ed669cb1\"},\"headline\":\"Hur l\u00e5ng \u00e4r en evighet?\",\"datePublished\":\"2018-11-05T10:35:08+00:00\",\"dateModified\":\"2018-11-08T14:04:32+00:00\",\"mainEntityOfPage\":{\"@id\":\"https:\/\/blogg.svenskakyrkan.se\/tankarinforhelgen\/2018\/11\/05\/hur-lang-ar-en-evighet\/\"},\"wordCount\":652,\"commentCount\":2,\"image\":{\"@id\":\"https:\/\/blogg.svenskakyrkan.se\/tankarinforhelgen\/2018\/11\/05\/hur-lang-ar-en-evighet\/#primaryimage\"},\"thumbnailUrl\":\"https:\/\/blogg.svenskakyrkan.se\/tankarinforhelgen\/files\/2018\/11\/havet3.jpg\",\"keywords\":[\"Agneta Holmstr\u00f6m\",\"TANKARINFORHELGEN\"],\"articleSection\":[\"24:e s\u00f6ndagen efter trefaldighet\"],\"inLanguage\":\"sv-SE\",\"potentialAction\":[{\"@type\":\"CommentAction\",\"name\":\"Comment\",\"target\":[\"https:\/\/blogg.svenskakyrkan.se\/tankarinforhelgen\/2018\/11\/05\/hur-lang-ar-en-evighet\/#respond\"]}]},{\"@type\":\"WebPage\",\"@id\":\"https:\/\/blogg.svenskakyrkan.se\/tankarinforhelgen\/2018\/11\/05\/hur-lang-ar-en-evighet\/\",\"url\":\"https:\/\/blogg.svenskakyrkan.se\/tankarinforhelgen\/2018\/11\/05\/hur-lang-ar-en-evighet\/\",\"name\":\"Hur l\u00e5ng \u00e4r en evighet? - Tankar inf\u00f6r helgen\",\"isPartOf\":{\"@id\":\"https:\/\/blogg.svenskakyrkan.se\/tankarinforhelgen\/#website\"},\"primaryImageOfPage\":{\"@id\":\"https:\/\/blogg.svenskakyrkan.se\/tankarinforhelgen\/2018\/11\/05\/hur-lang-ar-en-evighet\/#primaryimage\"},\"image\":{\"@id\":\"https:\/\/blogg.svenskakyrkan.se\/tankarinforhelgen\/2018\/11\/05\/hur-lang-ar-en-evighet\/#primaryimage\"},\"thumbnailUrl\":\"https:\/\/blogg.svenskakyrkan.se\/tankarinforhelgen\/files\/2018\/11\/havet3.jpg\",\"datePublished\":\"2018-11-05T10:35:08+00:00\",\"dateModified\":\"2018-11-08T14:04:32+00:00\",\"author\":{\"@id\":\"https:\/\/blogg.svenskakyrkan.se\/tankarinforhelgen\/#\/schema\/person\/6e2f249737f65007a8daf203ed669cb1\"},\"breadcrumb\":{\"@id\":\"https:\/\/blogg.svenskakyrkan.se\/tankarinforhelgen\/2018\/11\/05\/hur-lang-ar-en-evighet\/#breadcrumb\"},\"inLanguage\":\"sv-SE\",\"potentialAction\":[{\"@type\":\"ReadAction\",\"target\":[\"https:\/\/blogg.svenskakyrkan.se\/tankarinforhelgen\/2018\/11\/05\/hur-lang-ar-en-evighet\/\"]}]},{\"@type\":\"ImageObject\",\"inLanguage\":\"sv-SE\",\"@id\":\"https:\/\/blogg.svenskakyrkan.se\/tankarinforhelgen\/2018\/11\/05\/hur-lang-ar-en-evighet\/#primaryimage\",\"url\":\"https:\/\/blogg.svenskakyrkan.se\/tankarinforhelgen\/files\/2018\/11\/havet3.jpg\",\"contentUrl\":\"https:\/\/blogg.svenskakyrkan.se\/tankarinforhelgen\/files\/2018\/11\/havet3.jpg\",\"width\":1127,\"height\":844},{\"@type\":\"BreadcrumbList\",\"@id\":\"https:\/\/blogg.svenskakyrkan.se\/tankarinforhelgen\/2018\/11\/05\/hur-lang-ar-en-evighet\/#breadcrumb\",\"itemListElement\":[{\"@type\":\"ListItem\",\"position\":1,\"name\":\"Hem\",\"item\":\"https:\/\/blogg.svenskakyrkan.se\/tankarinforhelgen\/\"},{\"@type\":\"ListItem\",\"position\":2,\"name\":\"Hur l\u00e5ng \u00e4r en evighet?\"}]},{\"@type\":\"WebSite\",\"@id\":\"https:\/\/blogg.svenskakyrkan.se\/tankarinforhelgen\/#website\",\"url\":\"https:\/\/blogg.svenskakyrkan.se\/tankarinforhelgen\/\",\"name\":\"Tankar inf\u00f6r helgen\",\"description\":\"Pr\u00e4ster funderar utifr\u00e5n kommande s\u00f6ndags texter\",\"potentialAction\":[{\"@type\":\"SearchAction\",\"target\":{\"@type\":\"EntryPoint\",\"urlTemplate\":\"https:\/\/blogg.svenskakyrkan.se\/tankarinforhelgen\/?s={search_term_string}\"},\"query-input\":{\"@type\":\"PropertyValueSpecification\",\"valueRequired\":true,\"valueName\":\"search_term_string\"}}],\"inLanguage\":\"sv-SE\"},{\"@type\":\"Person\",\"@id\":\"https:\/\/blogg.svenskakyrkan.se\/tankarinforhelgen\/#\/schema\/person\/6e2f249737f65007a8daf203ed669cb1\",\"name\":\"Agneta Holmstr\u00f6m, pr\u00e4st\",\"image\":{\"@type\":\"ImageObject\",\"inLanguage\":\"sv-SE\",\"@id\":\"https:\/\/blogg.svenskakyrkan.se\/tankarinforhelgen\/#\/schema\/person\/image\/\",\"url\":\"https:\/\/secure.gravatar.com\/avatar\/a47a1c72651dc25e0dbb01297c5f1384bc6800dd38d27c6e571be8465e3efe02?s=96&d=mm&r=g\",\"contentUrl\":\"https:\/\/secure.gravatar.com\/avatar\/a47a1c72651dc25e0dbb01297c5f1384bc6800dd38d27c6e571be8465e3efe02?s=96&d=mm&r=g\",\"caption\":\"Agneta Holmstr\u00f6m, pr\u00e4st\"},\"url\":\"https:\/\/blogg.svenskakyrkan.se\/tankarinforhelgen\/author\/agnetaholmstrom\/\"}]}<\/script>\n<!-- \/ Yoast SEO plugin. -->","yoast_head_json":{"title":"Hur l\u00e5ng \u00e4r en evighet? - Tankar inf\u00f6r helgen","robots":{"index":"index","follow":"follow","max-snippet":"max-snippet:-1","max-image-preview":"max-image-preview:large","max-video-preview":"max-video-preview:-1"},"canonical":"https:\/\/blogg.svenskakyrkan.se\/tankarinforhelgen\/2018\/11\/05\/hur-lang-ar-en-evighet\/","og_locale":"sv_SE","og_type":"article","og_title":"Hur l\u00e5ng \u00e4r en evighet? - Tankar inf\u00f6r helgen","og_description":"N\u00e4r jag var ungef\u00e4r fyra \u00e5r, h\u00f6rde jag n\u00e5gon s\u00e4ga att n\u00e4r man \u00e4r d\u00f6d s\u00e5 blir man en \u00e4ngel och det \u00e4r man i evighet. Jag tror egentligen inte vi blir \u00e4nglar n\u00e4r vi d\u00f6r utan jag tror att vi blir de vi redan \u00e4r. Men n\u00e5v\u00e4l, jag funderade mycket p\u00e5 det d\u00e4r ordet [&hellip;]","og_url":"https:\/\/blogg.svenskakyrkan.se\/tankarinforhelgen\/2018\/11\/05\/hur-lang-ar-en-evighet\/","og_site_name":"Tankar inf\u00f6r helgen","article_published_time":"2018-11-05T10:35:08+00:00","article_modified_time":"2018-11-08T14:04:32+00:00","author":"Agneta Holmstr\u00f6m, pr\u00e4st","twitter_card":"summary_large_image","twitter_misc":{"Skriven av":"Agneta Holmstr\u00f6m, pr\u00e4st","Ber\u00e4knad l\u00e4stid":"3 minuter"},"schema":{"@context":"https:\/\/schema.org","@graph":[{"@type":"Article","@id":"https:\/\/blogg.svenskakyrkan.se\/tankarinforhelgen\/2018\/11\/05\/hur-lang-ar-en-evighet\/#article","isPartOf":{"@id":"https:\/\/blogg.svenskakyrkan.se\/tankarinforhelgen\/2018\/11\/05\/hur-lang-ar-en-evighet\/"},"author":{"name":"Agneta Holmstr\u00f6m, pr\u00e4st","@id":"https:\/\/blogg.svenskakyrkan.se\/tankarinforhelgen\/#\/schema\/person\/6e2f249737f65007a8daf203ed669cb1"},"headline":"Hur l\u00e5ng \u00e4r en evighet?","datePublished":"2018-11-05T10:35:08+00:00","dateModified":"2018-11-08T14:04:32+00:00","mainEntityOfPage":{"@id":"https:\/\/blogg.svenskakyrkan.se\/tankarinforhelgen\/2018\/11\/05\/hur-lang-ar-en-evighet\/"},"wordCount":652,"commentCount":2,"image":{"@id":"https:\/\/blogg.svenskakyrkan.se\/tankarinforhelgen\/2018\/11\/05\/hur-lang-ar-en-evighet\/#primaryimage"},"thumbnailUrl":"https:\/\/blogg.svenskakyrkan.se\/tankarinforhelgen\/files\/2018\/11\/havet3.jpg","keywords":["Agneta Holmstr\u00f6m","TANKARINFORHELGEN"],"articleSection":["24:e s\u00f6ndagen efter trefaldighet"],"inLanguage":"sv-SE","potentialAction":[{"@type":"CommentAction","name":"Comment","target":["https:\/\/blogg.svenskakyrkan.se\/tankarinforhelgen\/2018\/11\/05\/hur-lang-ar-en-evighet\/#respond"]}]},{"@type":"WebPage","@id":"https:\/\/blogg.svenskakyrkan.se\/tankarinforhelgen\/2018\/11\/05\/hur-lang-ar-en-evighet\/","url":"https:\/\/blogg.svenskakyrkan.se\/tankarinforhelgen\/2018\/11\/05\/hur-lang-ar-en-evighet\/","name":"Hur l\u00e5ng \u00e4r en evighet? - Tankar inf\u00f6r helgen","isPartOf":{"@id":"https:\/\/blogg.svenskakyrkan.se\/tankarinforhelgen\/#website"},"primaryImageOfPage":{"@id":"https:\/\/blogg.svenskakyrkan.se\/tankarinforhelgen\/2018\/11\/05\/hur-lang-ar-en-evighet\/#primaryimage"},"image":{"@id":"https:\/\/blogg.svenskakyrkan.se\/tankarinforhelgen\/2018\/11\/05\/hur-lang-ar-en-evighet\/#primaryimage"},"thumbnailUrl":"https:\/\/blogg.svenskakyrkan.se\/tankarinforhelgen\/files\/2018\/11\/havet3.jpg","datePublished":"2018-11-05T10:35:08+00:00","dateModified":"2018-11-08T14:04:32+00:00","author":{"@id":"https:\/\/blogg.svenskakyrkan.se\/tankarinforhelgen\/#\/schema\/person\/6e2f249737f65007a8daf203ed669cb1"},"breadcrumb":{"@id":"https:\/\/blogg.svenskakyrkan.se\/tankarinforhelgen\/2018\/11\/05\/hur-lang-ar-en-evighet\/#breadcrumb"},"inLanguage":"sv-SE","potentialAction":[{"@type":"ReadAction","target":["https:\/\/blogg.svenskakyrkan.se\/tankarinforhelgen\/2018\/11\/05\/hur-lang-ar-en-evighet\/"]}]},{"@type":"ImageObject","inLanguage":"sv-SE","@id":"https:\/\/blogg.svenskakyrkan.se\/tankarinforhelgen\/2018\/11\/05\/hur-lang-ar-en-evighet\/#primaryimage","url":"https:\/\/blogg.svenskakyrkan.se\/tankarinforhelgen\/files\/2018\/11\/havet3.jpg","contentUrl":"https:\/\/blogg.svenskakyrkan.se\/tankarinforhelgen\/files\/2018\/11\/havet3.jpg","width":1127,"height":844},{"@type":"BreadcrumbList","@id":"https:\/\/blogg.svenskakyrkan.se\/tankarinforhelgen\/2018\/11\/05\/hur-lang-ar-en-evighet\/#breadcrumb","itemListElement":[{"@type":"ListItem","position":1,"name":"Hem","item":"https:\/\/blogg.svenskakyrkan.se\/tankarinforhelgen\/"},{"@type":"ListItem","position":2,"name":"Hur l\u00e5ng \u00e4r en evighet?"}]},{"@type":"WebSite","@id":"https:\/\/blogg.svenskakyrkan.se\/tankarinforhelgen\/#website","url":"https:\/\/blogg.svenskakyrkan.se\/tankarinforhelgen\/","name":"Tankar inf\u00f6r helgen","description":"Pr\u00e4ster funderar utifr\u00e5n kommande s\u00f6ndags texter","potentialAction":[{"@type":"SearchAction","target":{"@type":"EntryPoint","urlTemplate":"https:\/\/blogg.svenskakyrkan.se\/tankarinforhelgen\/?s={search_term_string}"},"query-input":{"@type":"PropertyValueSpecification","valueRequired":true,"valueName":"search_term_string"}}],"inLanguage":"sv-SE"},{"@type":"Person","@id":"https:\/\/blogg.svenskakyrkan.se\/tankarinforhelgen\/#\/schema\/person\/6e2f249737f65007a8daf203ed669cb1","name":"Agneta Holmstr\u00f6m, pr\u00e4st","image":{"@type":"ImageObject","inLanguage":"sv-SE","@id":"https:\/\/blogg.svenskakyrkan.se\/tankarinforhelgen\/#\/schema\/person\/image\/","url":"https:\/\/secure.gravatar.com\/avatar\/a47a1c72651dc25e0dbb01297c5f1384bc6800dd38d27c6e571be8465e3efe02?s=96&d=mm&r=g","contentUrl":"https:\/\/secure.gravatar.com\/avatar\/a47a1c72651dc25e0dbb01297c5f1384bc6800dd38d27c6e571be8465e3efe02?s=96&d=mm&r=g","caption":"Agneta Holmstr\u00f6m, pr\u00e4st"},"url":"https:\/\/blogg.svenskakyrkan.se\/tankarinforhelgen\/author\/agnetaholmstrom\/"}]}},"author_meta":{"ID":"663","user_nicename":"agnetaholmstrom","user_registered":"2018-02-06 12:29:16","display_name":"Agneta Holmstr\u00f6m, pr\u00e4st","first_name":"Agneta","last_name":"Holmstr\u00f6m, pr\u00e4st","avatar":"https:\/\/secure.gravatar.com\/avatar\/a47a1c72651dc25e0dbb01297c5f1384bc6800dd38d27c6e571be8465e3efe02?s=96&d=mm&r=g"},"featured_image":["https:\/\/blogg.svenskakyrkan.se\/tankarinforhelgen\/files\/2018\/11\/havet3-1024x767.jpg",1024,767,true],"bloginfo":{"name":"Tankar inf\u00f6r helgen","url":"https:\/\/blogg.svenskakyrkan.se\/tankarinforhelgen"},"_links":{"self":[{"href":"https:\/\/blogg.svenskakyrkan.se\/tankarinforhelgen\/wp-json\/wp\/v2\/posts\/1524","targetHints":{"allow":["GET"]}}],"collection":[{"href":"https:\/\/blogg.svenskakyrkan.se\/tankarinforhelgen\/wp-json\/wp\/v2\/posts"}],"about":[{"href":"https:\/\/blogg.svenskakyrkan.se\/tankarinforhelgen\/wp-json\/wp\/v2\/types\/post"}],"author":[{"embeddable":true,"href":"https:\/\/blogg.svenskakyrkan.se\/tankarinforhelgen\/wp-json\/wp\/v2\/users\/663"}],"replies":[{"embeddable":true,"href":"https:\/\/blogg.svenskakyrkan.se\/tankarinforhelgen\/wp-json\/wp\/v2\/comments?post=1524"}],"version-history":[{"count":4,"href":"https:\/\/blogg.svenskakyrkan.se\/tankarinforhelgen\/wp-json\/wp\/v2\/posts\/1524\/revisions"}],"predecessor-version":[{"id":1535,"href":"https:\/\/blogg.svenskakyrkan.se\/tankarinforhelgen\/wp-json\/wp\/v2\/posts\/1524\/revisions\/1535"}],"wp:featuredmedia":[{"embeddable":true,"href":"https:\/\/blogg.svenskakyrkan.se\/tankarinforhelgen\/wp-json\/wp\/v2\/media\/1534"}],"wp:attachment":[{"href":"https:\/\/blogg.svenskakyrkan.se\/tankarinforhelgen\/wp-json\/wp\/v2\/media?parent=1524"}],"wp:term":[{"taxonomy":"category","embeddable":true,"href":"https:\/\/blogg.svenskakyrkan.se\/tankarinforhelgen\/wp-json\/wp\/v2\/categories?post=1524"},{"taxonomy":"post_tag","embeddable":true,"href":"https:\/\/blogg.svenskakyrkan.se\/tankarinforhelgen\/wp-json\/wp\/v2\/tags?post=1524"}],"curies":[{"name":"wp","href":"https:\/\/api.w.org\/{rel}","templated":true}]}}