{"id":1536,"date":"2018-11-12T11:17:48","date_gmt":"2018-11-12T10:17:48","guid":{"rendered":"http:\/\/blogg.svenskakyrkan.se\/tankarinforhelgen\/?p=1536"},"modified":"2018-11-12T11:42:49","modified_gmt":"2018-11-12T10:42:49","slug":"samtalet-om-det-svara","status":"publish","type":"post","link":"https:\/\/blogg.svenskakyrkan.se\/tankarinforhelgen\/2018\/11\/12\/samtalet-om-det-svara\/","title":{"rendered":"Samtalet om det sv\u00e5ra"},"content":{"rendered":"<p>Jesus tar ibland med sina v\u00e4nner till en plats d\u00e4r de kan vara i fred. Ibland v\u00e4ljer han en enslig plats, ibland ett hus och ibland ett berg. Idag sl\u00e5r Jesus sig ner p\u00e5 Olivberget och runt omkring honom sitter hans v\u00e4nner fr\u00e5n olika tider och fr\u00e5n andra h\u00e5ll i v\u00e4rlden. Jag tittar mot staden Jerusalem. Den \u00e4r inte l\u00e4ngre bort \u00e4n att m\u00e4nniskovimlets dofter och v\u00e4rme k\u00e4nns i kroppsminnet.<\/p>\n<p>N\u00e5gra dagar tidigare var jag med i k\u00f6ren av hosianna-sjungande m\u00e4nniskor som gav sin f\u00f6rhoppning till Jesus. D\u00e5 kom han ridande p\u00e5 en \u00e5sna och det var n\u00e4ra till p\u00e5skh\u00f6gtiden. Nu, n\u00e5gra dagar innan Jesus ska korsf\u00e4stas, tar han med mig, en av l\u00e4rjungarna, f\u00f6r att en allvarlig samtalsstund. Han, och jag, st\u00e5r inf\u00f6r avg\u00f6rande dagar och det blir n\u00f6dv\u00e4ndigt att tala om det som \u00e4r riktigt viktigt. Han talar om tidens slut. Jag kan ana att det han s\u00e4ger handlar om en enskild m\u00e4nniskas livstid, om hans egen livstid p\u00e5 jorden och om hela v\u00e4rldens livstid. N\u00e4r jag sl\u00e5r mig ner tillsammans med Jesus, d\u00e4r han sitter p\u00e5 Olivberget den h\u00e4r helgen, handlar det om att summera mitt liv. Det handlar om att sortera och avg\u00f6ra vad som \u00e4r vad medan det \u00e4nnu finns tid. Det kanske st\u00f6rsta och sv\u00e5raste av allt.<\/p>\n<p>N\u00e4r Jesus samtalar med mig, idag och om vad det nu \u00e4n g\u00e4ller, l\u00e4ggs tre olika livstider samman och blir oskiljaktiga. Hans tid, min tid och v\u00e4rldens tid.<br \/>\nHan talar i liknelser och han anv\u00e4nder bilder.<\/p>\n<p>-Med himmelriket \u00e4r det, s\u00e4ger Jesus, som i ber\u00e4ttelsen om brudt\u00e4rnorna. Kort sagt: de \u00e4r tio stycken och de v\u00e4ntar p\u00e5 att br\u00f6llopsfesten ska b\u00f6rja. Men det blir s\u00e5 att fem av dem \u00e4r p\u00e5 plats n\u00e4r festen b\u00f6rjar och fem har av olika sk\u00e4l hamnat p\u00e5 annat st\u00e4lle och de missat d\u00e4rf\u00f6r alltsammans.<\/p>\n<p>I de avg\u00f6rande \u00f6gonblicken \u00e4r det b\u00e4st att vara p\u00e5 plats. N\u00e4r framtiden avg\u00f6rs, till gl\u00e4dje eller sorg, \u00e4r det oftast bra att vara med och se med egna \u00f6gon. M\u00e5nga kan ber\u00e4tta om den erfarenheten och s\u00e4ga:<\/p>\n<p>-Jag var i alla fall d\u00e4r! Jesus l\u00e5ter mig, i slutet av kyrko\u00e5ret, vara med i hans avg\u00f6rande \u00f6gonblick och han l\u00e5ter mig ta del i samtalet om det allra sv\u00e5raste. Samtalet om tidens slut.<\/p>\n<p>Han pratar med mig om himmelriket. Och det \u00e4r tur att han \u00e4r med i det samtalet! Hur sv\u00e5rt \u00e4r det inte till vardags att tala om himmelriket och att k\u00e4nna sig ovan vid att tala om d\u00f6den och det som kommer sedan. Om vad som d\u00e5 h\u00e4nder med mig, mina v\u00e4nner och med mina ov\u00e4nner. Om mitt ansvar f\u00f6r det jag kunde v\u00e4lja och p\u00e5verka i mitt liv. Om mitt ansvar att inte v\u00e4nta till sen med det jag kunde v\u00e4lja att reda ut. Om mitt ansvar att s\u00e4ga f\u00f6rl\u00e5t och att s\u00e4ga jag f\u00f6rl\u00e5ter dig, n\u00e4r det fortfarande fanns tid.<\/p>\n<p>Att sitta p\u00e5 Olivberget och samtala med Jesus blir bilden f\u00f6r det som h\u00e4nder i \u00f6gonblicket f\u00f6re domen, f\u00f6re det avg\u00f6rande \u00f6gonblicket. Vi g\u00e5r igenom mitt liv f\u00f6r att han sedan ska ta det som blev mitt kors och b\u00e4ra det som sitt till den plats d\u00e4r sorg, skuld och d\u00f6d kan v\u00e4ndas till liv och bli den fred och frid han vill ge mig f\u00f6r evigt. Han l\u00e4gger samman mitt avg\u00f6rande \u00f6gonblick med sitt eget.<\/p>\n","protected":false},"excerpt":{"rendered":"<p>Jesus tar ibland med sina v\u00e4nner till en plats d\u00e4r de kan vara i fred. Ibland v\u00e4ljer han en enslig plats, ibland ett hus och ibland ett berg. Idag sl\u00e5r Jesus sig ner p\u00e5 Olivberget och runt omkring honom sitter hans v\u00e4nner fr\u00e5n olika tider och fr\u00e5n andra h\u00e5ll i v\u00e4rlden. Jag tittar mot staden [&hellip;]<\/p>\n","protected":false},"author":666,"featured_media":1537,"comment_status":"open","ping_status":"open","sticky":false,"template":"","format":"standard","meta":{"_acf_changed":false,"footnotes":""},"categories":[128940],"tags":[159853,142457],"class_list":["post-1536","post","type-post","status-publish","format-standard","has-post-thumbnail","hentry","category-sondagen-fore-domssondagen","tag-b-k-ekstrand","tag-tankarinforhelgen"],"acf":[],"yoast_head":"<!-- This site is optimized with the Yoast SEO plugin v27.1.1 - https:\/\/yoast.com\/product\/yoast-seo-wordpress\/ -->\n<title>Samtalet om det sv\u00e5ra - Tankar inf\u00f6r helgen<\/title>\n<meta name=\"robots\" content=\"index, follow, max-snippet:-1, max-image-preview:large, max-video-preview:-1\" \/>\n<link rel=\"canonical\" href=\"https:\/\/blogg.svenskakyrkan.se\/tankarinforhelgen\/2018\/11\/12\/samtalet-om-det-svara\/\" \/>\n<meta property=\"og:locale\" content=\"sv_SE\" \/>\n<meta property=\"og:type\" content=\"article\" \/>\n<meta property=\"og:title\" content=\"Samtalet om det sv\u00e5ra - Tankar inf\u00f6r helgen\" \/>\n<meta property=\"og:description\" content=\"Jesus tar ibland med sina v\u00e4nner till en plats d\u00e4r de kan vara i fred. Ibland v\u00e4ljer han en enslig plats, ibland ett hus och ibland ett berg. Idag sl\u00e5r Jesus sig ner p\u00e5 Olivberget och runt omkring honom sitter hans v\u00e4nner fr\u00e5n olika tider och fr\u00e5n andra h\u00e5ll i v\u00e4rlden. Jag tittar mot staden [&hellip;]\" \/>\n<meta property=\"og:url\" content=\"https:\/\/blogg.svenskakyrkan.se\/tankarinforhelgen\/2018\/11\/12\/samtalet-om-det-svara\/\" \/>\n<meta property=\"og:site_name\" content=\"Tankar inf\u00f6r helgen\" \/>\n<meta property=\"article:published_time\" content=\"2018-11-12T10:17:48+00:00\" \/>\n<meta property=\"article:modified_time\" content=\"2018-11-12T10:42:49+00:00\" \/>\n<meta name=\"author\" content=\"Britt-Karin Ekstrand, pr\u00e4st\" \/>\n<meta name=\"twitter:card\" content=\"summary_large_image\" \/>\n<meta name=\"twitter:label1\" content=\"Skriven av\" \/>\n\t<meta name=\"twitter:data1\" content=\"Britt-Karin Ekstrand, pr\u00e4st\" \/>\n\t<meta name=\"twitter:label2\" content=\"Ber\u00e4knad l\u00e4stid\" \/>\n\t<meta name=\"twitter:data2\" content=\"3 minuter\" \/>\n<script type=\"application\/ld+json\" class=\"yoast-schema-graph\">{\"@context\":\"https:\/\/schema.org\",\"@graph\":[{\"@type\":\"Article\",\"@id\":\"https:\/\/blogg.svenskakyrkan.se\/tankarinforhelgen\/2018\/11\/12\/samtalet-om-det-svara\/#article\",\"isPartOf\":{\"@id\":\"https:\/\/blogg.svenskakyrkan.se\/tankarinforhelgen\/2018\/11\/12\/samtalet-om-det-svara\/\"},\"author\":{\"name\":\"Britt-Karin Ekstrand, pr\u00e4st\",\"@id\":\"https:\/\/blogg.svenskakyrkan.se\/tankarinforhelgen\/#\/schema\/person\/b71e37fb25791f886e690531c593d0ce\"},\"headline\":\"Samtalet om det sv\u00e5ra\",\"datePublished\":\"2018-11-12T10:17:48+00:00\",\"dateModified\":\"2018-11-12T10:42:49+00:00\",\"mainEntityOfPage\":{\"@id\":\"https:\/\/blogg.svenskakyrkan.se\/tankarinforhelgen\/2018\/11\/12\/samtalet-om-det-svara\/\"},\"wordCount\":661,\"commentCount\":1,\"image\":{\"@id\":\"https:\/\/blogg.svenskakyrkan.se\/tankarinforhelgen\/2018\/11\/12\/samtalet-om-det-svara\/#primaryimage\"},\"thumbnailUrl\":\"https:\/\/blogg.svenskakyrkan.se\/tankarinforhelgen\/files\/2018\/11\/promenad2.jpg\",\"keywords\":[\"B-K Ekstrand\",\"TANKARINFORHELGEN\"],\"articleSection\":[\"S\u00f6ndagen f\u00f6re domss\u00f6ndagen\"],\"inLanguage\":\"sv-SE\",\"potentialAction\":[{\"@type\":\"CommentAction\",\"name\":\"Comment\",\"target\":[\"https:\/\/blogg.svenskakyrkan.se\/tankarinforhelgen\/2018\/11\/12\/samtalet-om-det-svara\/#respond\"]}]},{\"@type\":\"WebPage\",\"@id\":\"https:\/\/blogg.svenskakyrkan.se\/tankarinforhelgen\/2018\/11\/12\/samtalet-om-det-svara\/\",\"url\":\"https:\/\/blogg.svenskakyrkan.se\/tankarinforhelgen\/2018\/11\/12\/samtalet-om-det-svara\/\",\"name\":\"Samtalet om det sv\u00e5ra - Tankar inf\u00f6r helgen\",\"isPartOf\":{\"@id\":\"https:\/\/blogg.svenskakyrkan.se\/tankarinforhelgen\/#website\"},\"primaryImageOfPage\":{\"@id\":\"https:\/\/blogg.svenskakyrkan.se\/tankarinforhelgen\/2018\/11\/12\/samtalet-om-det-svara\/#primaryimage\"},\"image\":{\"@id\":\"https:\/\/blogg.svenskakyrkan.se\/tankarinforhelgen\/2018\/11\/12\/samtalet-om-det-svara\/#primaryimage\"},\"thumbnailUrl\":\"https:\/\/blogg.svenskakyrkan.se\/tankarinforhelgen\/files\/2018\/11\/promenad2.jpg\",\"datePublished\":\"2018-11-12T10:17:48+00:00\",\"dateModified\":\"2018-11-12T10:42:49+00:00\",\"author\":{\"@id\":\"https:\/\/blogg.svenskakyrkan.se\/tankarinforhelgen\/#\/schema\/person\/b71e37fb25791f886e690531c593d0ce\"},\"breadcrumb\":{\"@id\":\"https:\/\/blogg.svenskakyrkan.se\/tankarinforhelgen\/2018\/11\/12\/samtalet-om-det-svara\/#breadcrumb\"},\"inLanguage\":\"sv-SE\",\"potentialAction\":[{\"@type\":\"ReadAction\",\"target\":[\"https:\/\/blogg.svenskakyrkan.se\/tankarinforhelgen\/2018\/11\/12\/samtalet-om-det-svara\/\"]}]},{\"@type\":\"ImageObject\",\"inLanguage\":\"sv-SE\",\"@id\":\"https:\/\/blogg.svenskakyrkan.se\/tankarinforhelgen\/2018\/11\/12\/samtalet-om-det-svara\/#primaryimage\",\"url\":\"https:\/\/blogg.svenskakyrkan.se\/tankarinforhelgen\/files\/2018\/11\/promenad2.jpg\",\"contentUrl\":\"https:\/\/blogg.svenskakyrkan.se\/tankarinforhelgen\/files\/2018\/11\/promenad2.jpg\",\"width\":1126,\"height\":840},{\"@type\":\"BreadcrumbList\",\"@id\":\"https:\/\/blogg.svenskakyrkan.se\/tankarinforhelgen\/2018\/11\/12\/samtalet-om-det-svara\/#breadcrumb\",\"itemListElement\":[{\"@type\":\"ListItem\",\"position\":1,\"name\":\"Hem\",\"item\":\"https:\/\/blogg.svenskakyrkan.se\/tankarinforhelgen\/\"},{\"@type\":\"ListItem\",\"position\":2,\"name\":\"Samtalet om det sv\u00e5ra\"}]},{\"@type\":\"WebSite\",\"@id\":\"https:\/\/blogg.svenskakyrkan.se\/tankarinforhelgen\/#website\",\"url\":\"https:\/\/blogg.svenskakyrkan.se\/tankarinforhelgen\/\",\"name\":\"Tankar inf\u00f6r helgen\",\"description\":\"Pr\u00e4ster funderar utifr\u00e5n kommande s\u00f6ndags texter\",\"potentialAction\":[{\"@type\":\"SearchAction\",\"target\":{\"@type\":\"EntryPoint\",\"urlTemplate\":\"https:\/\/blogg.svenskakyrkan.se\/tankarinforhelgen\/?s={search_term_string}\"},\"query-input\":{\"@type\":\"PropertyValueSpecification\",\"valueRequired\":true,\"valueName\":\"search_term_string\"}}],\"inLanguage\":\"sv-SE\"},{\"@type\":\"Person\",\"@id\":\"https:\/\/blogg.svenskakyrkan.se\/tankarinforhelgen\/#\/schema\/person\/b71e37fb25791f886e690531c593d0ce\",\"name\":\"Britt-Karin Ekstrand, pr\u00e4st\",\"image\":{\"@type\":\"ImageObject\",\"inLanguage\":\"sv-SE\",\"@id\":\"https:\/\/blogg.svenskakyrkan.se\/tankarinforhelgen\/#\/schema\/person\/image\/\",\"url\":\"https:\/\/secure.gravatar.com\/avatar\/3084173b0a543e6addb65bacfbd387a5e64218fe28445217e6f305bab4f14203?s=96&d=mm&r=g\",\"contentUrl\":\"https:\/\/secure.gravatar.com\/avatar\/3084173b0a543e6addb65bacfbd387a5e64218fe28445217e6f305bab4f14203?s=96&d=mm&r=g\",\"caption\":\"Britt-Karin Ekstrand, pr\u00e4st\"},\"url\":\"https:\/\/blogg.svenskakyrkan.se\/tankarinforhelgen\/author\/brittkarinekstrand\/\"}]}<\/script>\n<!-- \/ Yoast SEO plugin. -->","yoast_head_json":{"title":"Samtalet om det sv\u00e5ra - Tankar inf\u00f6r helgen","robots":{"index":"index","follow":"follow","max-snippet":"max-snippet:-1","max-image-preview":"max-image-preview:large","max-video-preview":"max-video-preview:-1"},"canonical":"https:\/\/blogg.svenskakyrkan.se\/tankarinforhelgen\/2018\/11\/12\/samtalet-om-det-svara\/","og_locale":"sv_SE","og_type":"article","og_title":"Samtalet om det sv\u00e5ra - Tankar inf\u00f6r helgen","og_description":"Jesus tar ibland med sina v\u00e4nner till en plats d\u00e4r de kan vara i fred. Ibland v\u00e4ljer han en enslig plats, ibland ett hus och ibland ett berg. Idag sl\u00e5r Jesus sig ner p\u00e5 Olivberget och runt omkring honom sitter hans v\u00e4nner fr\u00e5n olika tider och fr\u00e5n andra h\u00e5ll i v\u00e4rlden. Jag tittar mot staden [&hellip;]","og_url":"https:\/\/blogg.svenskakyrkan.se\/tankarinforhelgen\/2018\/11\/12\/samtalet-om-det-svara\/","og_site_name":"Tankar inf\u00f6r helgen","article_published_time":"2018-11-12T10:17:48+00:00","article_modified_time":"2018-11-12T10:42:49+00:00","author":"Britt-Karin Ekstrand, pr\u00e4st","twitter_card":"summary_large_image","twitter_misc":{"Skriven av":"Britt-Karin Ekstrand, pr\u00e4st","Ber\u00e4knad l\u00e4stid":"3 minuter"},"schema":{"@context":"https:\/\/schema.org","@graph":[{"@type":"Article","@id":"https:\/\/blogg.svenskakyrkan.se\/tankarinforhelgen\/2018\/11\/12\/samtalet-om-det-svara\/#article","isPartOf":{"@id":"https:\/\/blogg.svenskakyrkan.se\/tankarinforhelgen\/2018\/11\/12\/samtalet-om-det-svara\/"},"author":{"name":"Britt-Karin Ekstrand, pr\u00e4st","@id":"https:\/\/blogg.svenskakyrkan.se\/tankarinforhelgen\/#\/schema\/person\/b71e37fb25791f886e690531c593d0ce"},"headline":"Samtalet om det sv\u00e5ra","datePublished":"2018-11-12T10:17:48+00:00","dateModified":"2018-11-12T10:42:49+00:00","mainEntityOfPage":{"@id":"https:\/\/blogg.svenskakyrkan.se\/tankarinforhelgen\/2018\/11\/12\/samtalet-om-det-svara\/"},"wordCount":661,"commentCount":1,"image":{"@id":"https:\/\/blogg.svenskakyrkan.se\/tankarinforhelgen\/2018\/11\/12\/samtalet-om-det-svara\/#primaryimage"},"thumbnailUrl":"https:\/\/blogg.svenskakyrkan.se\/tankarinforhelgen\/files\/2018\/11\/promenad2.jpg","keywords":["B-K Ekstrand","TANKARINFORHELGEN"],"articleSection":["S\u00f6ndagen f\u00f6re domss\u00f6ndagen"],"inLanguage":"sv-SE","potentialAction":[{"@type":"CommentAction","name":"Comment","target":["https:\/\/blogg.svenskakyrkan.se\/tankarinforhelgen\/2018\/11\/12\/samtalet-om-det-svara\/#respond"]}]},{"@type":"WebPage","@id":"https:\/\/blogg.svenskakyrkan.se\/tankarinforhelgen\/2018\/11\/12\/samtalet-om-det-svara\/","url":"https:\/\/blogg.svenskakyrkan.se\/tankarinforhelgen\/2018\/11\/12\/samtalet-om-det-svara\/","name":"Samtalet om det sv\u00e5ra - Tankar inf\u00f6r helgen","isPartOf":{"@id":"https:\/\/blogg.svenskakyrkan.se\/tankarinforhelgen\/#website"},"primaryImageOfPage":{"@id":"https:\/\/blogg.svenskakyrkan.se\/tankarinforhelgen\/2018\/11\/12\/samtalet-om-det-svara\/#primaryimage"},"image":{"@id":"https:\/\/blogg.svenskakyrkan.se\/tankarinforhelgen\/2018\/11\/12\/samtalet-om-det-svara\/#primaryimage"},"thumbnailUrl":"https:\/\/blogg.svenskakyrkan.se\/tankarinforhelgen\/files\/2018\/11\/promenad2.jpg","datePublished":"2018-11-12T10:17:48+00:00","dateModified":"2018-11-12T10:42:49+00:00","author":{"@id":"https:\/\/blogg.svenskakyrkan.se\/tankarinforhelgen\/#\/schema\/person\/b71e37fb25791f886e690531c593d0ce"},"breadcrumb":{"@id":"https:\/\/blogg.svenskakyrkan.se\/tankarinforhelgen\/2018\/11\/12\/samtalet-om-det-svara\/#breadcrumb"},"inLanguage":"sv-SE","potentialAction":[{"@type":"ReadAction","target":["https:\/\/blogg.svenskakyrkan.se\/tankarinforhelgen\/2018\/11\/12\/samtalet-om-det-svara\/"]}]},{"@type":"ImageObject","inLanguage":"sv-SE","@id":"https:\/\/blogg.svenskakyrkan.se\/tankarinforhelgen\/2018\/11\/12\/samtalet-om-det-svara\/#primaryimage","url":"https:\/\/blogg.svenskakyrkan.se\/tankarinforhelgen\/files\/2018\/11\/promenad2.jpg","contentUrl":"https:\/\/blogg.svenskakyrkan.se\/tankarinforhelgen\/files\/2018\/11\/promenad2.jpg","width":1126,"height":840},{"@type":"BreadcrumbList","@id":"https:\/\/blogg.svenskakyrkan.se\/tankarinforhelgen\/2018\/11\/12\/samtalet-om-det-svara\/#breadcrumb","itemListElement":[{"@type":"ListItem","position":1,"name":"Hem","item":"https:\/\/blogg.svenskakyrkan.se\/tankarinforhelgen\/"},{"@type":"ListItem","position":2,"name":"Samtalet om det sv\u00e5ra"}]},{"@type":"WebSite","@id":"https:\/\/blogg.svenskakyrkan.se\/tankarinforhelgen\/#website","url":"https:\/\/blogg.svenskakyrkan.se\/tankarinforhelgen\/","name":"Tankar inf\u00f6r helgen","description":"Pr\u00e4ster funderar utifr\u00e5n kommande s\u00f6ndags texter","potentialAction":[{"@type":"SearchAction","target":{"@type":"EntryPoint","urlTemplate":"https:\/\/blogg.svenskakyrkan.se\/tankarinforhelgen\/?s={search_term_string}"},"query-input":{"@type":"PropertyValueSpecification","valueRequired":true,"valueName":"search_term_string"}}],"inLanguage":"sv-SE"},{"@type":"Person","@id":"https:\/\/blogg.svenskakyrkan.se\/tankarinforhelgen\/#\/schema\/person\/b71e37fb25791f886e690531c593d0ce","name":"Britt-Karin Ekstrand, pr\u00e4st","image":{"@type":"ImageObject","inLanguage":"sv-SE","@id":"https:\/\/blogg.svenskakyrkan.se\/tankarinforhelgen\/#\/schema\/person\/image\/","url":"https:\/\/secure.gravatar.com\/avatar\/3084173b0a543e6addb65bacfbd387a5e64218fe28445217e6f305bab4f14203?s=96&d=mm&r=g","contentUrl":"https:\/\/secure.gravatar.com\/avatar\/3084173b0a543e6addb65bacfbd387a5e64218fe28445217e6f305bab4f14203?s=96&d=mm&r=g","caption":"Britt-Karin Ekstrand, pr\u00e4st"},"url":"https:\/\/blogg.svenskakyrkan.se\/tankarinforhelgen\/author\/brittkarinekstrand\/"}]}},"author_meta":{"ID":"666","user_nicename":"brittkarinekstrand","user_registered":"2018-02-06 12:32:13","display_name":"Britt-Karin Ekstrand, pr\u00e4st","first_name":"Britt-Karin","last_name":"Ekstrand, pr\u00e4st","avatar":"https:\/\/secure.gravatar.com\/avatar\/3084173b0a543e6addb65bacfbd387a5e64218fe28445217e6f305bab4f14203?s=96&d=mm&r=g"},"featured_image":["https:\/\/blogg.svenskakyrkan.se\/tankarinforhelgen\/files\/2018\/11\/promenad2-1024x764.jpg",1024,764,true],"bloginfo":{"name":"Tankar inf\u00f6r helgen","url":"https:\/\/blogg.svenskakyrkan.se\/tankarinforhelgen"},"_links":{"self":[{"href":"https:\/\/blogg.svenskakyrkan.se\/tankarinforhelgen\/wp-json\/wp\/v2\/posts\/1536","targetHints":{"allow":["GET"]}}],"collection":[{"href":"https:\/\/blogg.svenskakyrkan.se\/tankarinforhelgen\/wp-json\/wp\/v2\/posts"}],"about":[{"href":"https:\/\/blogg.svenskakyrkan.se\/tankarinforhelgen\/wp-json\/wp\/v2\/types\/post"}],"author":[{"embeddable":true,"href":"https:\/\/blogg.svenskakyrkan.se\/tankarinforhelgen\/wp-json\/wp\/v2\/users\/666"}],"replies":[{"embeddable":true,"href":"https:\/\/blogg.svenskakyrkan.se\/tankarinforhelgen\/wp-json\/wp\/v2\/comments?post=1536"}],"version-history":[{"count":1,"href":"https:\/\/blogg.svenskakyrkan.se\/tankarinforhelgen\/wp-json\/wp\/v2\/posts\/1536\/revisions"}],"predecessor-version":[{"id":1538,"href":"https:\/\/blogg.svenskakyrkan.se\/tankarinforhelgen\/wp-json\/wp\/v2\/posts\/1536\/revisions\/1538"}],"wp:featuredmedia":[{"embeddable":true,"href":"https:\/\/blogg.svenskakyrkan.se\/tankarinforhelgen\/wp-json\/wp\/v2\/media\/1537"}],"wp:attachment":[{"href":"https:\/\/blogg.svenskakyrkan.se\/tankarinforhelgen\/wp-json\/wp\/v2\/media?parent=1536"}],"wp:term":[{"taxonomy":"category","embeddable":true,"href":"https:\/\/blogg.svenskakyrkan.se\/tankarinforhelgen\/wp-json\/wp\/v2\/categories?post=1536"},{"taxonomy":"post_tag","embeddable":true,"href":"https:\/\/blogg.svenskakyrkan.se\/tankarinforhelgen\/wp-json\/wp\/v2\/tags?post=1536"}],"curies":[{"name":"wp","href":"https:\/\/api.w.org\/{rel}","templated":true}]}}