{"id":1543,"date":"2018-11-21T15:32:45","date_gmt":"2018-11-21T14:32:45","guid":{"rendered":"http:\/\/blogg.svenskakyrkan.se\/tankarinforhelgen\/?p=1543"},"modified":"2018-11-21T20:43:53","modified_gmt":"2018-11-21T19:43:53","slug":"domaren-inte-domen","status":"publish","type":"post","link":"https:\/\/blogg.svenskakyrkan.se\/tankarinforhelgen\/2018\/11\/21\/domaren-inte-domen\/","title":{"rendered":"Domaren, inte domen"},"content":{"rendered":"<p>Jag vet inte hur det \u00e4r med dig, men ibland d\u00f6mer jag mig sj\u00e4lv ganska h\u00e5rt. Jag t\u00e4nker att jag inte duger, att jag inte \u00e4r tillr\u00e4ckligt bra. Jag s\u00e4tter mitt eget v\u00e4rde i hur jag ser ut, vad jag g\u00f6r och vad jag s\u00e4ger. G\u00f6r du ocks\u00e5 det ibland?<\/p>\n<p>Denna s\u00f6ndags text handlar egentligen inte om den typen av dom, utan om den slutgiltiga domen. Den som M\u00e4nniskosonen ska komma med p\u00e5 den yttersta dagen. I evangeliet s\u00e5 s\u00e4ger Jesus att han kommer tillbaka f\u00f6r att skilja f\u00e5r fr\u00e5n getter, m\u00e4nniskor fr\u00e5n m\u00e4nniskor. En tanke som skr\u00e4mt m\u00e5nga, och som skr\u00e4mmer m\u00e5nga \u00e4ven idag.<\/p>\n<p>Jag vet inte om jag sj\u00e4lv \u00e4r s\u00e5 r\u00e4dd faktiskt. Jag v\u00e4ljer att t\u00e4nka mer p\u00e5 domaren \u00e4n p\u00e5 domen. Det \u00e4r mitt s\u00e4tt att m\u00f6ta oro med tro. Vem \u00e4r denna domare som ska d\u00f6ma? Domaren \u00e4r Jesus Kristus, v\u00e5r Herre, v\u00e5r fr\u00e4lsare: han som kallar dig och mig f\u00f6r v\u00e4n. Han som k\u00e4nner oss b\u00e4ttre \u00e4n ord kan beskriva och som har r\u00e4knat varje h\u00e5rstr\u00e5 p\u00e5 v\u00e5rt huvud. Det \u00e4r inte en fr\u00e4mmande makt &#8211; det \u00e4r v\u00e5r Gud som d\u00f6mer. Det \u00e4r inf\u00f6r honom vi ska st\u00e5.<\/p>\n<p>Vad kallar Jesus dig och mig att g\u00f6ra? Det \u00e4r inte r\u00e4dsla eller oro som han vill ha av oss. Nej, han kallar oss till tj\u00e4nst och uppriktighet. &#8221;Sannerligen, vad ni har gjort f\u00f6r n\u00e5gon av dessa minsta som \u00e4r mina br\u00f6der, det har ni gjort f\u00f6r mig.&#8221; Jesus kallar oss, precis som vi \u00e4r med alla v\u00e5ra otillr\u00e4ckligheter och styrkor, att gripa in i v\u00e4rlden. Ge mat \u00e5t den som hungrar, dryck \u00e5t den som t\u00f6rstar, hem \u00e5t den heml\u00f6se, kl\u00e4der \u00e5t den nakne, omsorg om den sjuke och barmh\u00e4rtighet mot den f\u00e4ngslade. Han kallar oss, dig och mig, att g\u00f6ra skillnad. Att \u00e4lska v\u00e4rlden som om alla m\u00e4nniskor vore han. Han ger oss en utmaning &#8211; och han ger oss g\u00e5vor.<\/p>\n<p>T\u00e4nk om jag ist\u00e4llet f\u00f6r att d\u00f6ma mig sj\u00e4lv skulle stanna upp vid de g\u00e5vor och v\u00e4lsignelser som Gud har gett mig. Mitt v\u00e4rde sitter inte i vad jag g\u00f6r, s\u00e4ger eller i hur jag ser ut. Du \u00e4r mer \u00e4n dina handlingar, dina ord och ditt utseende. Du \u00e4r \u00e4lskad, v\u00e4lsignad och skapad till Guds avbild &#8211; det kan ingen ta ifr\u00e5n dig! Verkligt \u00e4r att vi, Kyrkan, tror att M\u00e4nniskosonen kommer att komma tillbaka.<\/p>\n<p>Han ska komma i en h\u00e4rlighet som \u00e4r hans med sina \u00e4nglar. M\u00e4nniskor i alla tider har f\u00f6rs\u00f6kt att best\u00e4mma n\u00e4r den dagen \u00e4r. Jesus sj\u00e4lv s\u00e4ger att han kommer n\u00e4r vi minst anar det. Vi kan inte veta dagen, tiden eller hur det kommer bli &#8211; men vi kan ana vem det \u00e4r som kommer. Den Gud som \u00e4lskade v\u00e4rlden s\u00e5 mycket att han s\u00e4nde sin ende Son till v\u00e4rlden f\u00f6r att var och en som tror p\u00e5 honom inte ska g\u00e5 under utan ha evigt liv. Den Gud som k\u00e4nner och \u00e4lskar v\u00e4rlden kommer.<\/p>\n<p>D\u00e4rf\u00f6r vill jag f\u00e4sta blicken inte p\u00e5 den yttersta dagen eller domen utan p\u00e5 Domaren, Jesus. Och att f\u00e4sta blicken p\u00e5 honom \u00e4r att tydligt se dessa som han kallar sina minsta. L\u00e5t oss k\u00e4mpa den goda kampen och i tro v\u00e4nta p\u00e5 Jesu \u00e5terkomst i h\u00e4rlighet. Det \u00e4r en dag att l\u00e4ngta efter och vi kan v\u00e5ga be: Kom herre Jesus snart!<\/p>\n","protected":false},"excerpt":{"rendered":"<p>Jag vet inte hur det \u00e4r med dig, men ibland d\u00f6mer jag mig sj\u00e4lv ganska h\u00e5rt. Jag t\u00e4nker att jag inte duger, att jag inte \u00e4r tillr\u00e4ckligt bra. Jag s\u00e4tter mitt eget v\u00e4rde i hur jag ser ut, vad jag g\u00f6r och vad jag s\u00e4ger. G\u00f6r du ocks\u00e5 det ibland? Denna s\u00f6ndags text handlar egentligen [&hellip;]<\/p>\n","protected":false},"author":672,"featured_media":1544,"comment_status":"open","ping_status":"open","sticky":false,"template":"","format":"standard","meta":{"_acf_changed":false,"footnotes":""},"categories":[128610],"tags":[142465,142457],"class_list":["post-1543","post","type-post","status-publish","format-standard","has-post-thumbnail","hentry","category-domsondagen","tag-catharina-carlsson","tag-tankarinforhelgen"],"acf":[],"yoast_head":"<!-- This site is optimized with the Yoast SEO plugin v27.1.1 - https:\/\/yoast.com\/product\/yoast-seo-wordpress\/ -->\n<title>Domaren, inte domen - Tankar inf\u00f6r helgen<\/title>\n<meta name=\"robots\" content=\"index, follow, max-snippet:-1, max-image-preview:large, max-video-preview:-1\" \/>\n<link rel=\"canonical\" href=\"https:\/\/blogg.svenskakyrkan.se\/tankarinforhelgen\/2018\/11\/21\/domaren-inte-domen\/\" \/>\n<meta property=\"og:locale\" content=\"sv_SE\" \/>\n<meta property=\"og:type\" content=\"article\" \/>\n<meta property=\"og:title\" content=\"Domaren, inte domen - Tankar inf\u00f6r helgen\" \/>\n<meta property=\"og:description\" content=\"Jag vet inte hur det \u00e4r med dig, men ibland d\u00f6mer jag mig sj\u00e4lv ganska h\u00e5rt. Jag t\u00e4nker att jag inte duger, att jag inte \u00e4r tillr\u00e4ckligt bra. Jag s\u00e4tter mitt eget v\u00e4rde i hur jag ser ut, vad jag g\u00f6r och vad jag s\u00e4ger. G\u00f6r du ocks\u00e5 det ibland? Denna s\u00f6ndags text handlar egentligen [&hellip;]\" \/>\n<meta property=\"og:url\" content=\"https:\/\/blogg.svenskakyrkan.se\/tankarinforhelgen\/2018\/11\/21\/domaren-inte-domen\/\" \/>\n<meta property=\"og:site_name\" content=\"Tankar inf\u00f6r helgen\" \/>\n<meta property=\"article:published_time\" content=\"2018-11-21T14:32:45+00:00\" \/>\n<meta property=\"article:modified_time\" content=\"2018-11-21T19:43:53+00:00\" \/>\n<meta name=\"author\" content=\"Catharina Carlsson, pr\u00e4st\" \/>\n<meta name=\"twitter:card\" content=\"summary_large_image\" \/>\n<meta name=\"twitter:label1\" content=\"Skriven av\" \/>\n\t<meta name=\"twitter:data1\" content=\"Catharina Carlsson, pr\u00e4st\" \/>\n\t<meta name=\"twitter:label2\" content=\"Ber\u00e4knad l\u00e4stid\" \/>\n\t<meta name=\"twitter:data2\" content=\"3 minuter\" \/>\n<script type=\"application\/ld+json\" class=\"yoast-schema-graph\">{\"@context\":\"https:\/\/schema.org\",\"@graph\":[{\"@type\":\"Article\",\"@id\":\"https:\/\/blogg.svenskakyrkan.se\/tankarinforhelgen\/2018\/11\/21\/domaren-inte-domen\/#article\",\"isPartOf\":{\"@id\":\"https:\/\/blogg.svenskakyrkan.se\/tankarinforhelgen\/2018\/11\/21\/domaren-inte-domen\/\"},\"author\":{\"name\":\"Catharina Carlsson, pr\u00e4st\",\"@id\":\"https:\/\/blogg.svenskakyrkan.se\/tankarinforhelgen\/#\/schema\/person\/d822d69bf74ba8b653a523a24142ad17\"},\"headline\":\"Domaren, inte domen\",\"datePublished\":\"2018-11-21T14:32:45+00:00\",\"dateModified\":\"2018-11-21T19:43:53+00:00\",\"mainEntityOfPage\":{\"@id\":\"https:\/\/blogg.svenskakyrkan.se\/tankarinforhelgen\/2018\/11\/21\/domaren-inte-domen\/\"},\"wordCount\":657,\"commentCount\":6,\"image\":{\"@id\":\"https:\/\/blogg.svenskakyrkan.se\/tankarinforhelgen\/2018\/11\/21\/domaren-inte-domen\/#primaryimage\"},\"thumbnailUrl\":\"https:\/\/blogg.svenskakyrkan.se\/tankarinforhelgen\/files\/2018\/11\/heartshape2.jpg\",\"keywords\":[\"Catharina Carlsson\",\"TANKARINFORHELGEN\"],\"articleSection\":[\"Domss\u00f6ndagen\"],\"inLanguage\":\"sv-SE\",\"potentialAction\":[{\"@type\":\"CommentAction\",\"name\":\"Comment\",\"target\":[\"https:\/\/blogg.svenskakyrkan.se\/tankarinforhelgen\/2018\/11\/21\/domaren-inte-domen\/#respond\"]}]},{\"@type\":\"WebPage\",\"@id\":\"https:\/\/blogg.svenskakyrkan.se\/tankarinforhelgen\/2018\/11\/21\/domaren-inte-domen\/\",\"url\":\"https:\/\/blogg.svenskakyrkan.se\/tankarinforhelgen\/2018\/11\/21\/domaren-inte-domen\/\",\"name\":\"Domaren, inte domen - Tankar inf\u00f6r helgen\",\"isPartOf\":{\"@id\":\"https:\/\/blogg.svenskakyrkan.se\/tankarinforhelgen\/#website\"},\"primaryImageOfPage\":{\"@id\":\"https:\/\/blogg.svenskakyrkan.se\/tankarinforhelgen\/2018\/11\/21\/domaren-inte-domen\/#primaryimage\"},\"image\":{\"@id\":\"https:\/\/blogg.svenskakyrkan.se\/tankarinforhelgen\/2018\/11\/21\/domaren-inte-domen\/#primaryimage\"},\"thumbnailUrl\":\"https:\/\/blogg.svenskakyrkan.se\/tankarinforhelgen\/files\/2018\/11\/heartshape2.jpg\",\"datePublished\":\"2018-11-21T14:32:45+00:00\",\"dateModified\":\"2018-11-21T19:43:53+00:00\",\"author\":{\"@id\":\"https:\/\/blogg.svenskakyrkan.se\/tankarinforhelgen\/#\/schema\/person\/d822d69bf74ba8b653a523a24142ad17\"},\"breadcrumb\":{\"@id\":\"https:\/\/blogg.svenskakyrkan.se\/tankarinforhelgen\/2018\/11\/21\/domaren-inte-domen\/#breadcrumb\"},\"inLanguage\":\"sv-SE\",\"potentialAction\":[{\"@type\":\"ReadAction\",\"target\":[\"https:\/\/blogg.svenskakyrkan.se\/tankarinforhelgen\/2018\/11\/21\/domaren-inte-domen\/\"]}]},{\"@type\":\"ImageObject\",\"inLanguage\":\"sv-SE\",\"@id\":\"https:\/\/blogg.svenskakyrkan.se\/tankarinforhelgen\/2018\/11\/21\/domaren-inte-domen\/#primaryimage\",\"url\":\"https:\/\/blogg.svenskakyrkan.se\/tankarinforhelgen\/files\/2018\/11\/heartshape2.jpg\",\"contentUrl\":\"https:\/\/blogg.svenskakyrkan.se\/tankarinforhelgen\/files\/2018\/11\/heartshape2.jpg\",\"width\":798,\"height\":598},{\"@type\":\"BreadcrumbList\",\"@id\":\"https:\/\/blogg.svenskakyrkan.se\/tankarinforhelgen\/2018\/11\/21\/domaren-inte-domen\/#breadcrumb\",\"itemListElement\":[{\"@type\":\"ListItem\",\"position\":1,\"name\":\"Hem\",\"item\":\"https:\/\/blogg.svenskakyrkan.se\/tankarinforhelgen\/\"},{\"@type\":\"ListItem\",\"position\":2,\"name\":\"Domaren, inte domen\"}]},{\"@type\":\"WebSite\",\"@id\":\"https:\/\/blogg.svenskakyrkan.se\/tankarinforhelgen\/#website\",\"url\":\"https:\/\/blogg.svenskakyrkan.se\/tankarinforhelgen\/\",\"name\":\"Tankar inf\u00f6r helgen\",\"description\":\"Pr\u00e4ster funderar utifr\u00e5n kommande s\u00f6ndags texter\",\"potentialAction\":[{\"@type\":\"SearchAction\",\"target\":{\"@type\":\"EntryPoint\",\"urlTemplate\":\"https:\/\/blogg.svenskakyrkan.se\/tankarinforhelgen\/?s={search_term_string}\"},\"query-input\":{\"@type\":\"PropertyValueSpecification\",\"valueRequired\":true,\"valueName\":\"search_term_string\"}}],\"inLanguage\":\"sv-SE\"},{\"@type\":\"Person\",\"@id\":\"https:\/\/blogg.svenskakyrkan.se\/tankarinforhelgen\/#\/schema\/person\/d822d69bf74ba8b653a523a24142ad17\",\"name\":\"Catharina Carlsson, pr\u00e4st\",\"image\":{\"@type\":\"ImageObject\",\"inLanguage\":\"sv-SE\",\"@id\":\"https:\/\/blogg.svenskakyrkan.se\/tankarinforhelgen\/#\/schema\/person\/image\/\",\"url\":\"https:\/\/secure.gravatar.com\/avatar\/a05095351d4bef3936c8e5eb4759b56ae7498e54a3370d1dbcd55cd306192198?s=96&d=mm&r=g\",\"contentUrl\":\"https:\/\/secure.gravatar.com\/avatar\/a05095351d4bef3936c8e5eb4759b56ae7498e54a3370d1dbcd55cd306192198?s=96&d=mm&r=g\",\"caption\":\"Catharina Carlsson, pr\u00e4st\"},\"url\":\"https:\/\/blogg.svenskakyrkan.se\/tankarinforhelgen\/author\/catharinacarlsson\/\"}]}<\/script>\n<!-- \/ Yoast SEO plugin. -->","yoast_head_json":{"title":"Domaren, inte domen - Tankar inf\u00f6r helgen","robots":{"index":"index","follow":"follow","max-snippet":"max-snippet:-1","max-image-preview":"max-image-preview:large","max-video-preview":"max-video-preview:-1"},"canonical":"https:\/\/blogg.svenskakyrkan.se\/tankarinforhelgen\/2018\/11\/21\/domaren-inte-domen\/","og_locale":"sv_SE","og_type":"article","og_title":"Domaren, inte domen - Tankar inf\u00f6r helgen","og_description":"Jag vet inte hur det \u00e4r med dig, men ibland d\u00f6mer jag mig sj\u00e4lv ganska h\u00e5rt. Jag t\u00e4nker att jag inte duger, att jag inte \u00e4r tillr\u00e4ckligt bra. Jag s\u00e4tter mitt eget v\u00e4rde i hur jag ser ut, vad jag g\u00f6r och vad jag s\u00e4ger. G\u00f6r du ocks\u00e5 det ibland? Denna s\u00f6ndags text handlar egentligen [&hellip;]","og_url":"https:\/\/blogg.svenskakyrkan.se\/tankarinforhelgen\/2018\/11\/21\/domaren-inte-domen\/","og_site_name":"Tankar inf\u00f6r helgen","article_published_time":"2018-11-21T14:32:45+00:00","article_modified_time":"2018-11-21T19:43:53+00:00","author":"Catharina Carlsson, pr\u00e4st","twitter_card":"summary_large_image","twitter_misc":{"Skriven av":"Catharina Carlsson, pr\u00e4st","Ber\u00e4knad l\u00e4stid":"3 minuter"},"schema":{"@context":"https:\/\/schema.org","@graph":[{"@type":"Article","@id":"https:\/\/blogg.svenskakyrkan.se\/tankarinforhelgen\/2018\/11\/21\/domaren-inte-domen\/#article","isPartOf":{"@id":"https:\/\/blogg.svenskakyrkan.se\/tankarinforhelgen\/2018\/11\/21\/domaren-inte-domen\/"},"author":{"name":"Catharina Carlsson, pr\u00e4st","@id":"https:\/\/blogg.svenskakyrkan.se\/tankarinforhelgen\/#\/schema\/person\/d822d69bf74ba8b653a523a24142ad17"},"headline":"Domaren, inte domen","datePublished":"2018-11-21T14:32:45+00:00","dateModified":"2018-11-21T19:43:53+00:00","mainEntityOfPage":{"@id":"https:\/\/blogg.svenskakyrkan.se\/tankarinforhelgen\/2018\/11\/21\/domaren-inte-domen\/"},"wordCount":657,"commentCount":6,"image":{"@id":"https:\/\/blogg.svenskakyrkan.se\/tankarinforhelgen\/2018\/11\/21\/domaren-inte-domen\/#primaryimage"},"thumbnailUrl":"https:\/\/blogg.svenskakyrkan.se\/tankarinforhelgen\/files\/2018\/11\/heartshape2.jpg","keywords":["Catharina Carlsson","TANKARINFORHELGEN"],"articleSection":["Domss\u00f6ndagen"],"inLanguage":"sv-SE","potentialAction":[{"@type":"CommentAction","name":"Comment","target":["https:\/\/blogg.svenskakyrkan.se\/tankarinforhelgen\/2018\/11\/21\/domaren-inte-domen\/#respond"]}]},{"@type":"WebPage","@id":"https:\/\/blogg.svenskakyrkan.se\/tankarinforhelgen\/2018\/11\/21\/domaren-inte-domen\/","url":"https:\/\/blogg.svenskakyrkan.se\/tankarinforhelgen\/2018\/11\/21\/domaren-inte-domen\/","name":"Domaren, inte domen - Tankar inf\u00f6r helgen","isPartOf":{"@id":"https:\/\/blogg.svenskakyrkan.se\/tankarinforhelgen\/#website"},"primaryImageOfPage":{"@id":"https:\/\/blogg.svenskakyrkan.se\/tankarinforhelgen\/2018\/11\/21\/domaren-inte-domen\/#primaryimage"},"image":{"@id":"https:\/\/blogg.svenskakyrkan.se\/tankarinforhelgen\/2018\/11\/21\/domaren-inte-domen\/#primaryimage"},"thumbnailUrl":"https:\/\/blogg.svenskakyrkan.se\/tankarinforhelgen\/files\/2018\/11\/heartshape2.jpg","datePublished":"2018-11-21T14:32:45+00:00","dateModified":"2018-11-21T19:43:53+00:00","author":{"@id":"https:\/\/blogg.svenskakyrkan.se\/tankarinforhelgen\/#\/schema\/person\/d822d69bf74ba8b653a523a24142ad17"},"breadcrumb":{"@id":"https:\/\/blogg.svenskakyrkan.se\/tankarinforhelgen\/2018\/11\/21\/domaren-inte-domen\/#breadcrumb"},"inLanguage":"sv-SE","potentialAction":[{"@type":"ReadAction","target":["https:\/\/blogg.svenskakyrkan.se\/tankarinforhelgen\/2018\/11\/21\/domaren-inte-domen\/"]}]},{"@type":"ImageObject","inLanguage":"sv-SE","@id":"https:\/\/blogg.svenskakyrkan.se\/tankarinforhelgen\/2018\/11\/21\/domaren-inte-domen\/#primaryimage","url":"https:\/\/blogg.svenskakyrkan.se\/tankarinforhelgen\/files\/2018\/11\/heartshape2.jpg","contentUrl":"https:\/\/blogg.svenskakyrkan.se\/tankarinforhelgen\/files\/2018\/11\/heartshape2.jpg","width":798,"height":598},{"@type":"BreadcrumbList","@id":"https:\/\/blogg.svenskakyrkan.se\/tankarinforhelgen\/2018\/11\/21\/domaren-inte-domen\/#breadcrumb","itemListElement":[{"@type":"ListItem","position":1,"name":"Hem","item":"https:\/\/blogg.svenskakyrkan.se\/tankarinforhelgen\/"},{"@type":"ListItem","position":2,"name":"Domaren, inte domen"}]},{"@type":"WebSite","@id":"https:\/\/blogg.svenskakyrkan.se\/tankarinforhelgen\/#website","url":"https:\/\/blogg.svenskakyrkan.se\/tankarinforhelgen\/","name":"Tankar inf\u00f6r helgen","description":"Pr\u00e4ster funderar utifr\u00e5n kommande s\u00f6ndags texter","potentialAction":[{"@type":"SearchAction","target":{"@type":"EntryPoint","urlTemplate":"https:\/\/blogg.svenskakyrkan.se\/tankarinforhelgen\/?s={search_term_string}"},"query-input":{"@type":"PropertyValueSpecification","valueRequired":true,"valueName":"search_term_string"}}],"inLanguage":"sv-SE"},{"@type":"Person","@id":"https:\/\/blogg.svenskakyrkan.se\/tankarinforhelgen\/#\/schema\/person\/d822d69bf74ba8b653a523a24142ad17","name":"Catharina Carlsson, pr\u00e4st","image":{"@type":"ImageObject","inLanguage":"sv-SE","@id":"https:\/\/blogg.svenskakyrkan.se\/tankarinforhelgen\/#\/schema\/person\/image\/","url":"https:\/\/secure.gravatar.com\/avatar\/a05095351d4bef3936c8e5eb4759b56ae7498e54a3370d1dbcd55cd306192198?s=96&d=mm&r=g","contentUrl":"https:\/\/secure.gravatar.com\/avatar\/a05095351d4bef3936c8e5eb4759b56ae7498e54a3370d1dbcd55cd306192198?s=96&d=mm&r=g","caption":"Catharina Carlsson, pr\u00e4st"},"url":"https:\/\/blogg.svenskakyrkan.se\/tankarinforhelgen\/author\/catharinacarlsson\/"}]}},"author_meta":{"ID":"672","user_nicename":"catharinacarlsson","user_registered":"2018-04-10 11:22:30","display_name":"Catharina Carlsson, pr\u00e4st","first_name":"Catharina","last_name":"Carlsson, pr\u00e4st","avatar":"https:\/\/secure.gravatar.com\/avatar\/a05095351d4bef3936c8e5eb4759b56ae7498e54a3370d1dbcd55cd306192198?s=96&d=mm&r=g"},"featured_image":["https:\/\/blogg.svenskakyrkan.se\/tankarinforhelgen\/files\/2018\/11\/heartshape2.jpg",798,598,false],"bloginfo":{"name":"Tankar inf\u00f6r helgen","url":"https:\/\/blogg.svenskakyrkan.se\/tankarinforhelgen"},"_links":{"self":[{"href":"https:\/\/blogg.svenskakyrkan.se\/tankarinforhelgen\/wp-json\/wp\/v2\/posts\/1543","targetHints":{"allow":["GET"]}}],"collection":[{"href":"https:\/\/blogg.svenskakyrkan.se\/tankarinforhelgen\/wp-json\/wp\/v2\/posts"}],"about":[{"href":"https:\/\/blogg.svenskakyrkan.se\/tankarinforhelgen\/wp-json\/wp\/v2\/types\/post"}],"author":[{"embeddable":true,"href":"https:\/\/blogg.svenskakyrkan.se\/tankarinforhelgen\/wp-json\/wp\/v2\/users\/672"}],"replies":[{"embeddable":true,"href":"https:\/\/blogg.svenskakyrkan.se\/tankarinforhelgen\/wp-json\/wp\/v2\/comments?post=1543"}],"version-history":[{"count":1,"href":"https:\/\/blogg.svenskakyrkan.se\/tankarinforhelgen\/wp-json\/wp\/v2\/posts\/1543\/revisions"}],"predecessor-version":[{"id":1545,"href":"https:\/\/blogg.svenskakyrkan.se\/tankarinforhelgen\/wp-json\/wp\/v2\/posts\/1543\/revisions\/1545"}],"wp:featuredmedia":[{"embeddable":true,"href":"https:\/\/blogg.svenskakyrkan.se\/tankarinforhelgen\/wp-json\/wp\/v2\/media\/1544"}],"wp:attachment":[{"href":"https:\/\/blogg.svenskakyrkan.se\/tankarinforhelgen\/wp-json\/wp\/v2\/media?parent=1543"}],"wp:term":[{"taxonomy":"category","embeddable":true,"href":"https:\/\/blogg.svenskakyrkan.se\/tankarinforhelgen\/wp-json\/wp\/v2\/categories?post=1543"},{"taxonomy":"post_tag","embeddable":true,"href":"https:\/\/blogg.svenskakyrkan.se\/tankarinforhelgen\/wp-json\/wp\/v2\/tags?post=1543"}],"curies":[{"name":"wp","href":"https:\/\/api.w.org\/{rel}","templated":true}]}}