{"id":1610,"date":"2019-01-29T15:53:14","date_gmt":"2019-01-29T14:53:14","guid":{"rendered":"http:\/\/blogg.svenskakyrkan.se\/tankarinforhelgen\/?p=1610"},"modified":"2019-01-31T09:06:24","modified_gmt":"2019-01-31T08:06:24","slug":"en-forandrad-varld","status":"publish","type":"post","link":"https:\/\/blogg.svenskakyrkan.se\/tankarinforhelgen\/2019\/01\/29\/en-forandrad-varld\/","title":{"rendered":"En f\u00f6r\u00e4ndrad v\u00e4rld"},"content":{"rendered":"<p>Har du f\u00e5tt ditt liv f\u00f6r\u00e4ndrat n\u00e5gon g\u00e5ng? Det har jag, flera g\u00e5nger tror jag till och med. S\u00e5h\u00e4r i efterhand kan jag se att det inte var jag som ledde. Jag kan se tillbaka p\u00e5 mitt liv och ana att helig Ande ledde mina steg mot m\u00e5l, m\u00e4nniskor och platser som jag inte sj\u00e4lv hade valt. Vi kan l\u00e4sa i Bibeln om en s\u00e5dan h\u00e4ndelse. Josef, Maria och det lilla Jesusbarnet som Maria b\u00e4r i sin famn var p\u00e5 v\u00e4g till templet. D\u00e4r m\u00f6tte tv\u00e5 personer dem.<\/p>\n<p>Vi f\u00e5r ber\u00e4ttat f\u00f6r oss om tv\u00e5 personer: Symeon och Hanna. Symeon ser den lilla familjen och f\u00e5r ta barnet i sin famn. Symeon verkar f\u00f6rst\u00e5 vem det lilla sp\u00e4da barnet \u00e4r. Han ser sin och hela v\u00e4rldens fr\u00e4lsning i barnets blick. Han s\u00e4ger att han kan g\u00e5 hem i frid nu:<br \/>\n<em>Mina \u00f6gon har sk\u00e5dat fr\u00e4lsningen,<\/em><br \/>\n<em>Ett ljus f\u00f6r alla folk.<\/em><br \/>\nHan k\u00e4nner nu att hans liv \u00e4r komplett, han hade f\u00e5tt ber\u00e4ttat f\u00f6r sig att han inte skulle m\u00f6ta d\u00f6den f\u00f6rr\u00e4n han sett Messias.<\/p>\n<p>Hanna d\u00e4remot ber\u00e4ttar f\u00f6r alla om barnet hon sett, att befrielsen har kommit. V\u00e4rlden \u00e4r f\u00f6r\u00e4ndrad: Gud har uppfyllt sitt l\u00f6fte.<\/p>\n<p>Jag ser tre bilder framf\u00f6r mig n\u00e4r jag l\u00e4ser om detta m\u00f6te: Hemmet, Ljuset och det Livsf\u00f6r\u00e4ndrande. Jag tror att alla tre kan vara s\u00e4tt att beskriva Gud. I Jesus har vi ett hem, en gemenskap d\u00e4r vi aldrig \u00e4r ensamma, d\u00e4r vi inte \u00e4r ensamma och d\u00e4r det finns k\u00e4rlek. I Jesus \u00e4r v\u00e5rt och hela v\u00e4rldens ljus, allts\u00e5 n\u00e5gon som \u00e4r ljuss\u00e4ttare: som ger oss kraft, mod och energi. I Jesus har vi v\u00e5r chans, livet kan \u00e4ndras. Han kallar oss att t\u00e4nka nytt, att g\u00e5 p\u00e5 nya v\u00e4gar och att \u00e4lska oss sj\u00e4lva och v\u00e5r n\u00e4sta.<\/p>\n<p>Dessa tre bilder kan ocks\u00e5 vara fr\u00e5gor att st\u00e4lla till sig sj\u00e4lv:<\/p>\n<p>Var har du ditt hem n\u00e5gonstans? D\u00e5 menar jag inte att svaret beh\u00f6ver vara en gatuadress utan n\u00e5got annat. Snarare t\u00e4nker jag att ett hem \u00e4r en trygg plats, en trygg person, en famn eller en Gudsbild.<\/p>\n<p>Var hittar du ditt ljus? Alla m\u00e4nniskor beh\u00f6ver ljus. D\u00e5 menar jag kanske inte specifikt ljus fr\u00e5n en lampa eller solen utan n\u00e5got annat. Ljus kan vara en bild f\u00f6r det som f\u00e5r en att v\u00e4xa, trivas och frodas, det kan vara personer, sammanhang, b\u00f6ner, platser, ja lite vad som.<\/p>\n<p>Lever du \u00f6ppen f\u00f6r f\u00f6r\u00e4ndring? Symeon leddes den d\u00e4r morgonen till Templet av helig Ande st\u00e5r det. Gud hade talat till honom. Jag tror att Gud talar till oss ofta, men att vi \u00e4r f\u00f6r upptagna av livet s\u00e5 att vi inte h\u00f6r. T\u00e4nk om Jesus har n\u00e5got att s\u00e4ga till just dig?<\/p>\n<p>Svaret p\u00e5 fr\u00e5gorna kan vara \u201dJesus\u201d. Symeon och Hanna ser svaret framf\u00f6r sig den d\u00e4r morgonen, men vilka fr\u00e5gorna \u00e4r f\u00f6r\u00e4ndras st\u00e4ndigt. I Jesus har vi Guds svar, svaret som aldrig f\u00f6r\u00e4ndras, som \u00e4lskar, som s\u00f6ker, som l\u00e4ngtar och som vill m\u00f6ta oss alla \u2013 mig och dig.<\/p>\n<p>Catharina Carlsson, pr\u00e4st<\/p>\n","protected":false},"excerpt":{"rendered":"<p>Har du f\u00e5tt ditt liv f\u00f6r\u00e4ndrat n\u00e5gon g\u00e5ng? Det har jag, flera g\u00e5nger tror jag till och med. S\u00e5h\u00e4r i efterhand kan jag se att det inte var jag som ledde. Jag kan se tillbaka p\u00e5 mitt liv och ana att helig Ande ledde mina steg mot m\u00e5l, m\u00e4nniskor och platser som jag inte sj\u00e4lv [&hellip;]<\/p>\n","protected":false},"author":672,"featured_media":1613,"comment_status":"open","ping_status":"open","sticky":false,"template":"","format":"standard","meta":{"_acf_changed":false,"footnotes":""},"categories":[138248],"tags":[142465,142457],"class_list":["post-1610","post","type-post","status-publish","format-standard","has-post-thumbnail","hentry","category-kyndelmassodagen","tag-catharina-carlsson","tag-tankarinforhelgen"],"acf":[],"yoast_head":"<!-- This site is optimized with the Yoast SEO plugin v27.1.1 - https:\/\/yoast.com\/product\/yoast-seo-wordpress\/ -->\n<title>En f\u00f6r\u00e4ndrad v\u00e4rld - Tankar inf\u00f6r helgen<\/title>\n<meta name=\"robots\" content=\"index, follow, max-snippet:-1, max-image-preview:large, max-video-preview:-1\" \/>\n<link rel=\"canonical\" href=\"https:\/\/blogg.svenskakyrkan.se\/tankarinforhelgen\/2019\/01\/29\/en-forandrad-varld\/\" \/>\n<meta property=\"og:locale\" content=\"sv_SE\" \/>\n<meta property=\"og:type\" content=\"article\" \/>\n<meta property=\"og:title\" content=\"En f\u00f6r\u00e4ndrad v\u00e4rld - Tankar inf\u00f6r helgen\" \/>\n<meta property=\"og:description\" content=\"Har du f\u00e5tt ditt liv f\u00f6r\u00e4ndrat n\u00e5gon g\u00e5ng? Det har jag, flera g\u00e5nger tror jag till och med. S\u00e5h\u00e4r i efterhand kan jag se att det inte var jag som ledde. Jag kan se tillbaka p\u00e5 mitt liv och ana att helig Ande ledde mina steg mot m\u00e5l, m\u00e4nniskor och platser som jag inte sj\u00e4lv [&hellip;]\" \/>\n<meta property=\"og:url\" content=\"https:\/\/blogg.svenskakyrkan.se\/tankarinforhelgen\/2019\/01\/29\/en-forandrad-varld\/\" \/>\n<meta property=\"og:site_name\" content=\"Tankar inf\u00f6r helgen\" \/>\n<meta property=\"article:published_time\" content=\"2019-01-29T14:53:14+00:00\" \/>\n<meta property=\"article:modified_time\" content=\"2019-01-31T08:06:24+00:00\" \/>\n<meta name=\"author\" content=\"Catharina Carlsson, pr\u00e4st\" \/>\n<meta name=\"twitter:card\" content=\"summary_large_image\" \/>\n<meta name=\"twitter:label1\" content=\"Skriven av\" \/>\n\t<meta name=\"twitter:data1\" content=\"Catharina Carlsson, pr\u00e4st\" \/>\n\t<meta name=\"twitter:label2\" content=\"Ber\u00e4knad l\u00e4stid\" \/>\n\t<meta name=\"twitter:data2\" content=\"3 minuter\" \/>\n<script type=\"application\/ld+json\" class=\"yoast-schema-graph\">{\"@context\":\"https:\/\/schema.org\",\"@graph\":[{\"@type\":\"Article\",\"@id\":\"https:\/\/blogg.svenskakyrkan.se\/tankarinforhelgen\/2019\/01\/29\/en-forandrad-varld\/#article\",\"isPartOf\":{\"@id\":\"https:\/\/blogg.svenskakyrkan.se\/tankarinforhelgen\/2019\/01\/29\/en-forandrad-varld\/\"},\"author\":{\"name\":\"Catharina Carlsson, pr\u00e4st\",\"@id\":\"https:\/\/blogg.svenskakyrkan.se\/tankarinforhelgen\/#\/schema\/person\/d822d69bf74ba8b653a523a24142ad17\"},\"headline\":\"En f\u00f6r\u00e4ndrad v\u00e4rld\",\"datePublished\":\"2019-01-29T14:53:14+00:00\",\"dateModified\":\"2019-01-31T08:06:24+00:00\",\"mainEntityOfPage\":{\"@id\":\"https:\/\/blogg.svenskakyrkan.se\/tankarinforhelgen\/2019\/01\/29\/en-forandrad-varld\/\"},\"wordCount\":606,\"commentCount\":8,\"image\":{\"@id\":\"https:\/\/blogg.svenskakyrkan.se\/tankarinforhelgen\/2019\/01\/29\/en-forandrad-varld\/#primaryimage\"},\"thumbnailUrl\":\"https:\/\/blogg.svenskakyrkan.se\/tankarinforhelgen\/files\/2019\/01\/shutter1.jpg\",\"keywords\":[\"Catharina Carlsson\",\"TANKARINFORHELGEN\"],\"articleSection\":[\"Kyndelm\u00e4ssodagen\"],\"inLanguage\":\"sv-SE\",\"potentialAction\":[{\"@type\":\"CommentAction\",\"name\":\"Comment\",\"target\":[\"https:\/\/blogg.svenskakyrkan.se\/tankarinforhelgen\/2019\/01\/29\/en-forandrad-varld\/#respond\"]}]},{\"@type\":\"WebPage\",\"@id\":\"https:\/\/blogg.svenskakyrkan.se\/tankarinforhelgen\/2019\/01\/29\/en-forandrad-varld\/\",\"url\":\"https:\/\/blogg.svenskakyrkan.se\/tankarinforhelgen\/2019\/01\/29\/en-forandrad-varld\/\",\"name\":\"En f\u00f6r\u00e4ndrad v\u00e4rld - Tankar inf\u00f6r helgen\",\"isPartOf\":{\"@id\":\"https:\/\/blogg.svenskakyrkan.se\/tankarinforhelgen\/#website\"},\"primaryImageOfPage\":{\"@id\":\"https:\/\/blogg.svenskakyrkan.se\/tankarinforhelgen\/2019\/01\/29\/en-forandrad-varld\/#primaryimage\"},\"image\":{\"@id\":\"https:\/\/blogg.svenskakyrkan.se\/tankarinforhelgen\/2019\/01\/29\/en-forandrad-varld\/#primaryimage\"},\"thumbnailUrl\":\"https:\/\/blogg.svenskakyrkan.se\/tankarinforhelgen\/files\/2019\/01\/shutter1.jpg\",\"datePublished\":\"2019-01-29T14:53:14+00:00\",\"dateModified\":\"2019-01-31T08:06:24+00:00\",\"author\":{\"@id\":\"https:\/\/blogg.svenskakyrkan.se\/tankarinforhelgen\/#\/schema\/person\/d822d69bf74ba8b653a523a24142ad17\"},\"breadcrumb\":{\"@id\":\"https:\/\/blogg.svenskakyrkan.se\/tankarinforhelgen\/2019\/01\/29\/en-forandrad-varld\/#breadcrumb\"},\"inLanguage\":\"sv-SE\",\"potentialAction\":[{\"@type\":\"ReadAction\",\"target\":[\"https:\/\/blogg.svenskakyrkan.se\/tankarinforhelgen\/2019\/01\/29\/en-forandrad-varld\/\"]}]},{\"@type\":\"ImageObject\",\"inLanguage\":\"sv-SE\",\"@id\":\"https:\/\/blogg.svenskakyrkan.se\/tankarinforhelgen\/2019\/01\/29\/en-forandrad-varld\/#primaryimage\",\"url\":\"https:\/\/blogg.svenskakyrkan.se\/tankarinforhelgen\/files\/2019\/01\/shutter1.jpg\",\"contentUrl\":\"https:\/\/blogg.svenskakyrkan.se\/tankarinforhelgen\/files\/2019\/01\/shutter1.jpg\",\"width\":1200,\"height\":900},{\"@type\":\"BreadcrumbList\",\"@id\":\"https:\/\/blogg.svenskakyrkan.se\/tankarinforhelgen\/2019\/01\/29\/en-forandrad-varld\/#breadcrumb\",\"itemListElement\":[{\"@type\":\"ListItem\",\"position\":1,\"name\":\"Hem\",\"item\":\"https:\/\/blogg.svenskakyrkan.se\/tankarinforhelgen\/\"},{\"@type\":\"ListItem\",\"position\":2,\"name\":\"En f\u00f6r\u00e4ndrad v\u00e4rld\"}]},{\"@type\":\"WebSite\",\"@id\":\"https:\/\/blogg.svenskakyrkan.se\/tankarinforhelgen\/#website\",\"url\":\"https:\/\/blogg.svenskakyrkan.se\/tankarinforhelgen\/\",\"name\":\"Tankar inf\u00f6r helgen\",\"description\":\"Pr\u00e4ster funderar utifr\u00e5n kommande s\u00f6ndags texter\",\"potentialAction\":[{\"@type\":\"SearchAction\",\"target\":{\"@type\":\"EntryPoint\",\"urlTemplate\":\"https:\/\/blogg.svenskakyrkan.se\/tankarinforhelgen\/?s={search_term_string}\"},\"query-input\":{\"@type\":\"PropertyValueSpecification\",\"valueRequired\":true,\"valueName\":\"search_term_string\"}}],\"inLanguage\":\"sv-SE\"},{\"@type\":\"Person\",\"@id\":\"https:\/\/blogg.svenskakyrkan.se\/tankarinforhelgen\/#\/schema\/person\/d822d69bf74ba8b653a523a24142ad17\",\"name\":\"Catharina Carlsson, pr\u00e4st\",\"image\":{\"@type\":\"ImageObject\",\"inLanguage\":\"sv-SE\",\"@id\":\"https:\/\/blogg.svenskakyrkan.se\/tankarinforhelgen\/#\/schema\/person\/image\/\",\"url\":\"https:\/\/secure.gravatar.com\/avatar\/a05095351d4bef3936c8e5eb4759b56ae7498e54a3370d1dbcd55cd306192198?s=96&d=mm&r=g\",\"contentUrl\":\"https:\/\/secure.gravatar.com\/avatar\/a05095351d4bef3936c8e5eb4759b56ae7498e54a3370d1dbcd55cd306192198?s=96&d=mm&r=g\",\"caption\":\"Catharina Carlsson, pr\u00e4st\"},\"url\":\"https:\/\/blogg.svenskakyrkan.se\/tankarinforhelgen\/author\/catharinacarlsson\/\"}]}<\/script>\n<!-- \/ Yoast SEO plugin. -->","yoast_head_json":{"title":"En f\u00f6r\u00e4ndrad v\u00e4rld - Tankar inf\u00f6r helgen","robots":{"index":"index","follow":"follow","max-snippet":"max-snippet:-1","max-image-preview":"max-image-preview:large","max-video-preview":"max-video-preview:-1"},"canonical":"https:\/\/blogg.svenskakyrkan.se\/tankarinforhelgen\/2019\/01\/29\/en-forandrad-varld\/","og_locale":"sv_SE","og_type":"article","og_title":"En f\u00f6r\u00e4ndrad v\u00e4rld - Tankar inf\u00f6r helgen","og_description":"Har du f\u00e5tt ditt liv f\u00f6r\u00e4ndrat n\u00e5gon g\u00e5ng? Det har jag, flera g\u00e5nger tror jag till och med. S\u00e5h\u00e4r i efterhand kan jag se att det inte var jag som ledde. Jag kan se tillbaka p\u00e5 mitt liv och ana att helig Ande ledde mina steg mot m\u00e5l, m\u00e4nniskor och platser som jag inte sj\u00e4lv [&hellip;]","og_url":"https:\/\/blogg.svenskakyrkan.se\/tankarinforhelgen\/2019\/01\/29\/en-forandrad-varld\/","og_site_name":"Tankar inf\u00f6r helgen","article_published_time":"2019-01-29T14:53:14+00:00","article_modified_time":"2019-01-31T08:06:24+00:00","author":"Catharina Carlsson, pr\u00e4st","twitter_card":"summary_large_image","twitter_misc":{"Skriven av":"Catharina Carlsson, pr\u00e4st","Ber\u00e4knad l\u00e4stid":"3 minuter"},"schema":{"@context":"https:\/\/schema.org","@graph":[{"@type":"Article","@id":"https:\/\/blogg.svenskakyrkan.se\/tankarinforhelgen\/2019\/01\/29\/en-forandrad-varld\/#article","isPartOf":{"@id":"https:\/\/blogg.svenskakyrkan.se\/tankarinforhelgen\/2019\/01\/29\/en-forandrad-varld\/"},"author":{"name":"Catharina Carlsson, pr\u00e4st","@id":"https:\/\/blogg.svenskakyrkan.se\/tankarinforhelgen\/#\/schema\/person\/d822d69bf74ba8b653a523a24142ad17"},"headline":"En f\u00f6r\u00e4ndrad v\u00e4rld","datePublished":"2019-01-29T14:53:14+00:00","dateModified":"2019-01-31T08:06:24+00:00","mainEntityOfPage":{"@id":"https:\/\/blogg.svenskakyrkan.se\/tankarinforhelgen\/2019\/01\/29\/en-forandrad-varld\/"},"wordCount":606,"commentCount":8,"image":{"@id":"https:\/\/blogg.svenskakyrkan.se\/tankarinforhelgen\/2019\/01\/29\/en-forandrad-varld\/#primaryimage"},"thumbnailUrl":"https:\/\/blogg.svenskakyrkan.se\/tankarinforhelgen\/files\/2019\/01\/shutter1.jpg","keywords":["Catharina Carlsson","TANKARINFORHELGEN"],"articleSection":["Kyndelm\u00e4ssodagen"],"inLanguage":"sv-SE","potentialAction":[{"@type":"CommentAction","name":"Comment","target":["https:\/\/blogg.svenskakyrkan.se\/tankarinforhelgen\/2019\/01\/29\/en-forandrad-varld\/#respond"]}]},{"@type":"WebPage","@id":"https:\/\/blogg.svenskakyrkan.se\/tankarinforhelgen\/2019\/01\/29\/en-forandrad-varld\/","url":"https:\/\/blogg.svenskakyrkan.se\/tankarinforhelgen\/2019\/01\/29\/en-forandrad-varld\/","name":"En f\u00f6r\u00e4ndrad v\u00e4rld - Tankar inf\u00f6r helgen","isPartOf":{"@id":"https:\/\/blogg.svenskakyrkan.se\/tankarinforhelgen\/#website"},"primaryImageOfPage":{"@id":"https:\/\/blogg.svenskakyrkan.se\/tankarinforhelgen\/2019\/01\/29\/en-forandrad-varld\/#primaryimage"},"image":{"@id":"https:\/\/blogg.svenskakyrkan.se\/tankarinforhelgen\/2019\/01\/29\/en-forandrad-varld\/#primaryimage"},"thumbnailUrl":"https:\/\/blogg.svenskakyrkan.se\/tankarinforhelgen\/files\/2019\/01\/shutter1.jpg","datePublished":"2019-01-29T14:53:14+00:00","dateModified":"2019-01-31T08:06:24+00:00","author":{"@id":"https:\/\/blogg.svenskakyrkan.se\/tankarinforhelgen\/#\/schema\/person\/d822d69bf74ba8b653a523a24142ad17"},"breadcrumb":{"@id":"https:\/\/blogg.svenskakyrkan.se\/tankarinforhelgen\/2019\/01\/29\/en-forandrad-varld\/#breadcrumb"},"inLanguage":"sv-SE","potentialAction":[{"@type":"ReadAction","target":["https:\/\/blogg.svenskakyrkan.se\/tankarinforhelgen\/2019\/01\/29\/en-forandrad-varld\/"]}]},{"@type":"ImageObject","inLanguage":"sv-SE","@id":"https:\/\/blogg.svenskakyrkan.se\/tankarinforhelgen\/2019\/01\/29\/en-forandrad-varld\/#primaryimage","url":"https:\/\/blogg.svenskakyrkan.se\/tankarinforhelgen\/files\/2019\/01\/shutter1.jpg","contentUrl":"https:\/\/blogg.svenskakyrkan.se\/tankarinforhelgen\/files\/2019\/01\/shutter1.jpg","width":1200,"height":900},{"@type":"BreadcrumbList","@id":"https:\/\/blogg.svenskakyrkan.se\/tankarinforhelgen\/2019\/01\/29\/en-forandrad-varld\/#breadcrumb","itemListElement":[{"@type":"ListItem","position":1,"name":"Hem","item":"https:\/\/blogg.svenskakyrkan.se\/tankarinforhelgen\/"},{"@type":"ListItem","position":2,"name":"En f\u00f6r\u00e4ndrad v\u00e4rld"}]},{"@type":"WebSite","@id":"https:\/\/blogg.svenskakyrkan.se\/tankarinforhelgen\/#website","url":"https:\/\/blogg.svenskakyrkan.se\/tankarinforhelgen\/","name":"Tankar inf\u00f6r helgen","description":"Pr\u00e4ster funderar utifr\u00e5n kommande s\u00f6ndags texter","potentialAction":[{"@type":"SearchAction","target":{"@type":"EntryPoint","urlTemplate":"https:\/\/blogg.svenskakyrkan.se\/tankarinforhelgen\/?s={search_term_string}"},"query-input":{"@type":"PropertyValueSpecification","valueRequired":true,"valueName":"search_term_string"}}],"inLanguage":"sv-SE"},{"@type":"Person","@id":"https:\/\/blogg.svenskakyrkan.se\/tankarinforhelgen\/#\/schema\/person\/d822d69bf74ba8b653a523a24142ad17","name":"Catharina Carlsson, pr\u00e4st","image":{"@type":"ImageObject","inLanguage":"sv-SE","@id":"https:\/\/blogg.svenskakyrkan.se\/tankarinforhelgen\/#\/schema\/person\/image\/","url":"https:\/\/secure.gravatar.com\/avatar\/a05095351d4bef3936c8e5eb4759b56ae7498e54a3370d1dbcd55cd306192198?s=96&d=mm&r=g","contentUrl":"https:\/\/secure.gravatar.com\/avatar\/a05095351d4bef3936c8e5eb4759b56ae7498e54a3370d1dbcd55cd306192198?s=96&d=mm&r=g","caption":"Catharina Carlsson, pr\u00e4st"},"url":"https:\/\/blogg.svenskakyrkan.se\/tankarinforhelgen\/author\/catharinacarlsson\/"}]}},"author_meta":{"ID":"672","user_nicename":"catharinacarlsson","user_registered":"2018-04-10 11:22:30","display_name":"Catharina Carlsson, pr\u00e4st","first_name":"Catharina","last_name":"Carlsson, pr\u00e4st","avatar":"https:\/\/secure.gravatar.com\/avatar\/a05095351d4bef3936c8e5eb4759b56ae7498e54a3370d1dbcd55cd306192198?s=96&d=mm&r=g"},"featured_image":["https:\/\/blogg.svenskakyrkan.se\/tankarinforhelgen\/files\/2019\/01\/shutter1-1024x768.jpg",1024,768,true],"bloginfo":{"name":"Tankar inf\u00f6r helgen","url":"https:\/\/blogg.svenskakyrkan.se\/tankarinforhelgen"},"_links":{"self":[{"href":"https:\/\/blogg.svenskakyrkan.se\/tankarinforhelgen\/wp-json\/wp\/v2\/posts\/1610","targetHints":{"allow":["GET"]}}],"collection":[{"href":"https:\/\/blogg.svenskakyrkan.se\/tankarinforhelgen\/wp-json\/wp\/v2\/posts"}],"about":[{"href":"https:\/\/blogg.svenskakyrkan.se\/tankarinforhelgen\/wp-json\/wp\/v2\/types\/post"}],"author":[{"embeddable":true,"href":"https:\/\/blogg.svenskakyrkan.se\/tankarinforhelgen\/wp-json\/wp\/v2\/users\/672"}],"replies":[{"embeddable":true,"href":"https:\/\/blogg.svenskakyrkan.se\/tankarinforhelgen\/wp-json\/wp\/v2\/comments?post=1610"}],"version-history":[{"count":2,"href":"https:\/\/blogg.svenskakyrkan.se\/tankarinforhelgen\/wp-json\/wp\/v2\/posts\/1610\/revisions"}],"predecessor-version":[{"id":1614,"href":"https:\/\/blogg.svenskakyrkan.se\/tankarinforhelgen\/wp-json\/wp\/v2\/posts\/1610\/revisions\/1614"}],"wp:featuredmedia":[{"embeddable":true,"href":"https:\/\/blogg.svenskakyrkan.se\/tankarinforhelgen\/wp-json\/wp\/v2\/media\/1613"}],"wp:attachment":[{"href":"https:\/\/blogg.svenskakyrkan.se\/tankarinforhelgen\/wp-json\/wp\/v2\/media?parent=1610"}],"wp:term":[{"taxonomy":"category","embeddable":true,"href":"https:\/\/blogg.svenskakyrkan.se\/tankarinforhelgen\/wp-json\/wp\/v2\/categories?post=1610"},{"taxonomy":"post_tag","embeddable":true,"href":"https:\/\/blogg.svenskakyrkan.se\/tankarinforhelgen\/wp-json\/wp\/v2\/tags?post=1610"}],"curies":[{"name":"wp","href":"https:\/\/api.w.org\/{rel}","templated":true}]}}