{"id":1617,"date":"2019-02-07T09:48:42","date_gmt":"2019-02-07T08:48:42","guid":{"rendered":"http:\/\/blogg.svenskakyrkan.se\/tankarinforhelgen\/?p=1617"},"modified":"2019-02-07T10:52:00","modified_gmt":"2019-02-07T09:52:00","slug":"att-odla-sin-tradgard","status":"publish","type":"post","link":"https:\/\/blogg.svenskakyrkan.se\/tankarinforhelgen\/2019\/02\/07\/att-odla-sin-tradgard\/","title":{"rendered":"Att odla sin tr\u00e4dg\u00e5rd"},"content":{"rendered":"<p>Under n\u00e5gra \u00e5r arbetade jag p\u00e5 Teater Pero i Stockholm. D\u00e4r skapades en f\u00f6rest\u00e4llning som turnerade runt i landet, vid namn &#8221;\u00c5 andra sidan&#8230;&#8221;. Den handlar om hur hur goda handlingar smittade. Om du s\u00e4ger eller g\u00f6r n\u00e5got gott mot en annan m\u00e4nniska kommer hen fyllas av h\u00e4rliga endorfiner och p\u00e5 s\u00e5 s\u00e4tt g\u00f6ra gott mot en ytterligare person &#8211; och s\u00e5 smittar det vidare.<\/p>\n<p>P\u00e5 s\u00f6ndag \u00e4r temat &#8221;s\u00e5dd och sk\u00f6rd&#8221; och det handlar om att vi kommer f\u00e5 sk\u00f6rda det vi s\u00e5r. S\u00e5 \u00e4r det oavsett om du planterar tomater nu n\u00e4r v\u00e5ren snart \u00e4r h\u00e4r eller om du odlar godhet genom goda ord och handlingar.<\/p>\n<p>Jesus ber\u00e4ttar f\u00f6r sina l\u00e4rjungar att alla som g\u00f6r gott tillh\u00f6r honom, oavsett om personen p\u00e5st\u00e5r sig tillh\u00f6ra Jesus eller ej.<\/p>\n<p>I flera sammanhang har jag h\u00f6rt hur vi talar om andra som &#8221;j\u00e4ttekristen&#8221; eller &#8221;han m\u00e5ste ju vara troende p\u00e5 n\u00e5got s\u00e4tt&#8221; n\u00e4r vi pratar om personer som g\u00f6r gott, kanske till och med offrar n\u00e5got av sitt eget f\u00f6r andras v\u00e4lbefinnande.Du beh\u00f6ver inte vara troende \u00f6verhuvudtaget f\u00f6r att g\u00f6ra Guds vilja. M\u00e5nga av oss g\u00f6r det f\u00f6r att vi har l\u00e4rt oss av andra att godhet, sanning och medm\u00e4nsklighet \u00e4r bra f\u00f6r b\u00e5de mig och den jag visar det till.<\/p>\n<p>En sak som d\u00e4remot \u00e4r l\u00e4ttare att gl\u00f6mma \u00e4r att ocks\u00e5 v\u00e5ga ta emot godhet, sanning och medm\u00e4nsklighet. Vi kan st\u00e4lla krav p\u00e5 oss sj\u00e4lva att vara s\u00e5 kallat &#8221;goda m\u00e4nniskor&#8221;, men gl\u00f6mma bort att \u00e4ven vi sj\u00e4lva beh\u00f6ver medm\u00e4nsklighet ibland. Det \u00e4r inte det Gud \u00f6nskar av oss. Utan att vi ska behandla oss sj\u00e4lva som vi behandlar v\u00e5r n\u00e4sta, behandla v\u00e5r n\u00e4sta som vi behandlar oss sj\u00e4lva.<\/p>\n<p>N\u00e4r vi tar hand om oss sj\u00e4lva har vi betydligt l\u00e4ttare att ta hand om andra. Om vi v\u00e5gar lyssna p\u00e5 v\u00e5rt innersta kan vi snart h\u00f6ra andras innersta. Vi kan s\u00e5 fantastiska gr\u00f6dor i n\u00e5gon annans tr\u00e4dg\u00e5rd men ocks\u00e5 spara fr\u00f6n till v\u00e5rt eget v\u00e4lbefinnande.<\/p>\n<p>Och som i all odlingskunskap kan det beh\u00f6vas ett stort t\u00e5lamod. Allt gott vi s\u00e5r dyker inte upp som sk\u00f6rd strax d\u00e4rp\u00e5. Vi kan beh\u00f6va vattna, g\u00f6da, prata med det vi odlar &#8211; liksom vi beh\u00f6ver vattna, g\u00f6da och prata med relationen till oss sj\u00e4lva &#8211; varandra och till Gud sj\u00e4lv.<\/p>\n","protected":false},"excerpt":{"rendered":"<p>Under n\u00e5gra \u00e5r arbetade jag p\u00e5 Teater Pero i Stockholm. D\u00e4r skapades en f\u00f6rest\u00e4llning som turnerade runt i landet, vid namn &#8221;\u00c5 andra sidan&#8230;&#8221;. Den handlar om hur hur goda handlingar smittade. Om du s\u00e4ger eller g\u00f6r n\u00e5got gott mot en annan m\u00e4nniska kommer hen fyllas av h\u00e4rliga endorfiner och p\u00e5 s\u00e5 s\u00e4tt g\u00f6ra gott [&hellip;]<\/p>\n","protected":false},"author":673,"featured_media":1622,"comment_status":"open","ping_status":"open","sticky":false,"template":"","format":"standard","meta":{"_acf_changed":false,"footnotes":""},"categories":[159862],"tags":[159859,142457],"class_list":["post-1617","post","type-post","status-publish","format-standard","has-post-thumbnail","hentry","category-femte-sondagen-efter-trettondagen","tag-magdalena-erixon-devall","tag-tankarinforhelgen"],"acf":[],"yoast_head":"<!-- This site is optimized with the Yoast SEO plugin v27.1.1 - https:\/\/yoast.com\/product\/yoast-seo-wordpress\/ -->\n<title>Att odla sin tr\u00e4dg\u00e5rd - Tankar inf\u00f6r helgen<\/title>\n<meta name=\"robots\" content=\"index, follow, max-snippet:-1, max-image-preview:large, max-video-preview:-1\" \/>\n<link rel=\"canonical\" href=\"https:\/\/blogg.svenskakyrkan.se\/tankarinforhelgen\/2019\/02\/07\/att-odla-sin-tradgard\/\" \/>\n<meta property=\"og:locale\" content=\"sv_SE\" \/>\n<meta property=\"og:type\" content=\"article\" \/>\n<meta property=\"og:title\" content=\"Att odla sin tr\u00e4dg\u00e5rd - Tankar inf\u00f6r helgen\" \/>\n<meta property=\"og:description\" content=\"Under n\u00e5gra \u00e5r arbetade jag p\u00e5 Teater Pero i Stockholm. D\u00e4r skapades en f\u00f6rest\u00e4llning som turnerade runt i landet, vid namn &#8221;\u00c5 andra sidan&#8230;&#8221;. Den handlar om hur hur goda handlingar smittade. Om du s\u00e4ger eller g\u00f6r n\u00e5got gott mot en annan m\u00e4nniska kommer hen fyllas av h\u00e4rliga endorfiner och p\u00e5 s\u00e5 s\u00e4tt g\u00f6ra gott [&hellip;]\" \/>\n<meta property=\"og:url\" content=\"https:\/\/blogg.svenskakyrkan.se\/tankarinforhelgen\/2019\/02\/07\/att-odla-sin-tradgard\/\" \/>\n<meta property=\"og:site_name\" content=\"Tankar inf\u00f6r helgen\" \/>\n<meta property=\"article:published_time\" content=\"2019-02-07T08:48:42+00:00\" \/>\n<meta property=\"article:modified_time\" content=\"2019-02-07T09:52:00+00:00\" \/>\n<meta name=\"author\" content=\"Magdalena Erixon, pr\u00e4st\" \/>\n<meta name=\"twitter:card\" content=\"summary_large_image\" \/>\n<meta name=\"twitter:label1\" content=\"Skriven av\" \/>\n\t<meta name=\"twitter:data1\" content=\"Magdalena Erixon, pr\u00e4st\" \/>\n\t<meta name=\"twitter:label2\" content=\"Ber\u00e4knad l\u00e4stid\" \/>\n\t<meta name=\"twitter:data2\" content=\"2 minuter\" \/>\n<script type=\"application\/ld+json\" class=\"yoast-schema-graph\">{\"@context\":\"https:\/\/schema.org\",\"@graph\":[{\"@type\":\"Article\",\"@id\":\"https:\/\/blogg.svenskakyrkan.se\/tankarinforhelgen\/2019\/02\/07\/att-odla-sin-tradgard\/#article\",\"isPartOf\":{\"@id\":\"https:\/\/blogg.svenskakyrkan.se\/tankarinforhelgen\/2019\/02\/07\/att-odla-sin-tradgard\/\"},\"author\":{\"name\":\"Magdalena Erixon, pr\u00e4st\",\"@id\":\"https:\/\/blogg.svenskakyrkan.se\/tankarinforhelgen\/#\/schema\/person\/06f9ef63b668d2893c6ed6e973eae1b4\"},\"headline\":\"Att odla sin tr\u00e4dg\u00e5rd\",\"datePublished\":\"2019-02-07T08:48:42+00:00\",\"dateModified\":\"2019-02-07T09:52:00+00:00\",\"mainEntityOfPage\":{\"@id\":\"https:\/\/blogg.svenskakyrkan.se\/tankarinforhelgen\/2019\/02\/07\/att-odla-sin-tradgard\/\"},\"wordCount\":471,\"commentCount\":4,\"image\":{\"@id\":\"https:\/\/blogg.svenskakyrkan.se\/tankarinforhelgen\/2019\/02\/07\/att-odla-sin-tradgard\/#primaryimage\"},\"thumbnailUrl\":\"https:\/\/blogg.svenskakyrkan.se\/tankarinforhelgen\/files\/2019\/02\/plantering.jpg\",\"keywords\":[\"Magdalena Erixon Devall\",\"TANKARINFORHELGEN\"],\"articleSection\":[\"Femte s\u00f6ndagen efter trettondagen\"],\"inLanguage\":\"sv-SE\",\"potentialAction\":[{\"@type\":\"CommentAction\",\"name\":\"Comment\",\"target\":[\"https:\/\/blogg.svenskakyrkan.se\/tankarinforhelgen\/2019\/02\/07\/att-odla-sin-tradgard\/#respond\"]}]},{\"@type\":\"WebPage\",\"@id\":\"https:\/\/blogg.svenskakyrkan.se\/tankarinforhelgen\/2019\/02\/07\/att-odla-sin-tradgard\/\",\"url\":\"https:\/\/blogg.svenskakyrkan.se\/tankarinforhelgen\/2019\/02\/07\/att-odla-sin-tradgard\/\",\"name\":\"Att odla sin tr\u00e4dg\u00e5rd - Tankar inf\u00f6r helgen\",\"isPartOf\":{\"@id\":\"https:\/\/blogg.svenskakyrkan.se\/tankarinforhelgen\/#website\"},\"primaryImageOfPage\":{\"@id\":\"https:\/\/blogg.svenskakyrkan.se\/tankarinforhelgen\/2019\/02\/07\/att-odla-sin-tradgard\/#primaryimage\"},\"image\":{\"@id\":\"https:\/\/blogg.svenskakyrkan.se\/tankarinforhelgen\/2019\/02\/07\/att-odla-sin-tradgard\/#primaryimage\"},\"thumbnailUrl\":\"https:\/\/blogg.svenskakyrkan.se\/tankarinforhelgen\/files\/2019\/02\/plantering.jpg\",\"datePublished\":\"2019-02-07T08:48:42+00:00\",\"dateModified\":\"2019-02-07T09:52:00+00:00\",\"author\":{\"@id\":\"https:\/\/blogg.svenskakyrkan.se\/tankarinforhelgen\/#\/schema\/person\/06f9ef63b668d2893c6ed6e973eae1b4\"},\"breadcrumb\":{\"@id\":\"https:\/\/blogg.svenskakyrkan.se\/tankarinforhelgen\/2019\/02\/07\/att-odla-sin-tradgard\/#breadcrumb\"},\"inLanguage\":\"sv-SE\",\"potentialAction\":[{\"@type\":\"ReadAction\",\"target\":[\"https:\/\/blogg.svenskakyrkan.se\/tankarinforhelgen\/2019\/02\/07\/att-odla-sin-tradgard\/\"]}]},{\"@type\":\"ImageObject\",\"inLanguage\":\"sv-SE\",\"@id\":\"https:\/\/blogg.svenskakyrkan.se\/tankarinforhelgen\/2019\/02\/07\/att-odla-sin-tradgard\/#primaryimage\",\"url\":\"https:\/\/blogg.svenskakyrkan.se\/tankarinforhelgen\/files\/2019\/02\/plantering.jpg\",\"contentUrl\":\"https:\/\/blogg.svenskakyrkan.se\/tankarinforhelgen\/files\/2019\/02\/plantering.jpg\",\"width\":1350,\"height\":901},{\"@type\":\"BreadcrumbList\",\"@id\":\"https:\/\/blogg.svenskakyrkan.se\/tankarinforhelgen\/2019\/02\/07\/att-odla-sin-tradgard\/#breadcrumb\",\"itemListElement\":[{\"@type\":\"ListItem\",\"position\":1,\"name\":\"Hem\",\"item\":\"https:\/\/blogg.svenskakyrkan.se\/tankarinforhelgen\/\"},{\"@type\":\"ListItem\",\"position\":2,\"name\":\"Att odla sin tr\u00e4dg\u00e5rd\"}]},{\"@type\":\"WebSite\",\"@id\":\"https:\/\/blogg.svenskakyrkan.se\/tankarinforhelgen\/#website\",\"url\":\"https:\/\/blogg.svenskakyrkan.se\/tankarinforhelgen\/\",\"name\":\"Tankar inf\u00f6r helgen\",\"description\":\"Pr\u00e4ster funderar utifr\u00e5n kommande s\u00f6ndags texter\",\"potentialAction\":[{\"@type\":\"SearchAction\",\"target\":{\"@type\":\"EntryPoint\",\"urlTemplate\":\"https:\/\/blogg.svenskakyrkan.se\/tankarinforhelgen\/?s={search_term_string}\"},\"query-input\":{\"@type\":\"PropertyValueSpecification\",\"valueRequired\":true,\"valueName\":\"search_term_string\"}}],\"inLanguage\":\"sv-SE\"},{\"@type\":\"Person\",\"@id\":\"https:\/\/blogg.svenskakyrkan.se\/tankarinforhelgen\/#\/schema\/person\/06f9ef63b668d2893c6ed6e973eae1b4\",\"name\":\"Magdalena Erixon, pr\u00e4st\",\"image\":{\"@type\":\"ImageObject\",\"inLanguage\":\"sv-SE\",\"@id\":\"https:\/\/blogg.svenskakyrkan.se\/tankarinforhelgen\/#\/schema\/person\/image\/\",\"url\":\"https:\/\/secure.gravatar.com\/avatar\/0c0079562c0ba3bbbb0d4645a01896a330df74cc4e8648ba98b12655273934b9?s=96&d=mm&r=g\",\"contentUrl\":\"https:\/\/secure.gravatar.com\/avatar\/0c0079562c0ba3bbbb0d4645a01896a330df74cc4e8648ba98b12655273934b9?s=96&d=mm&r=g\",\"caption\":\"Magdalena Erixon, pr\u00e4st\"},\"url\":\"https:\/\/blogg.svenskakyrkan.se\/tankarinforhelgen\/author\/magdalenaerixon\/\"}]}<\/script>\n<!-- \/ Yoast SEO plugin. -->","yoast_head_json":{"title":"Att odla sin tr\u00e4dg\u00e5rd - Tankar inf\u00f6r helgen","robots":{"index":"index","follow":"follow","max-snippet":"max-snippet:-1","max-image-preview":"max-image-preview:large","max-video-preview":"max-video-preview:-1"},"canonical":"https:\/\/blogg.svenskakyrkan.se\/tankarinforhelgen\/2019\/02\/07\/att-odla-sin-tradgard\/","og_locale":"sv_SE","og_type":"article","og_title":"Att odla sin tr\u00e4dg\u00e5rd - Tankar inf\u00f6r helgen","og_description":"Under n\u00e5gra \u00e5r arbetade jag p\u00e5 Teater Pero i Stockholm. D\u00e4r skapades en f\u00f6rest\u00e4llning som turnerade runt i landet, vid namn &#8221;\u00c5 andra sidan&#8230;&#8221;. Den handlar om hur hur goda handlingar smittade. Om du s\u00e4ger eller g\u00f6r n\u00e5got gott mot en annan m\u00e4nniska kommer hen fyllas av h\u00e4rliga endorfiner och p\u00e5 s\u00e5 s\u00e4tt g\u00f6ra gott [&hellip;]","og_url":"https:\/\/blogg.svenskakyrkan.se\/tankarinforhelgen\/2019\/02\/07\/att-odla-sin-tradgard\/","og_site_name":"Tankar inf\u00f6r helgen","article_published_time":"2019-02-07T08:48:42+00:00","article_modified_time":"2019-02-07T09:52:00+00:00","author":"Magdalena Erixon, pr\u00e4st","twitter_card":"summary_large_image","twitter_misc":{"Skriven av":"Magdalena Erixon, pr\u00e4st","Ber\u00e4knad l\u00e4stid":"2 minuter"},"schema":{"@context":"https:\/\/schema.org","@graph":[{"@type":"Article","@id":"https:\/\/blogg.svenskakyrkan.se\/tankarinforhelgen\/2019\/02\/07\/att-odla-sin-tradgard\/#article","isPartOf":{"@id":"https:\/\/blogg.svenskakyrkan.se\/tankarinforhelgen\/2019\/02\/07\/att-odla-sin-tradgard\/"},"author":{"name":"Magdalena Erixon, pr\u00e4st","@id":"https:\/\/blogg.svenskakyrkan.se\/tankarinforhelgen\/#\/schema\/person\/06f9ef63b668d2893c6ed6e973eae1b4"},"headline":"Att odla sin tr\u00e4dg\u00e5rd","datePublished":"2019-02-07T08:48:42+00:00","dateModified":"2019-02-07T09:52:00+00:00","mainEntityOfPage":{"@id":"https:\/\/blogg.svenskakyrkan.se\/tankarinforhelgen\/2019\/02\/07\/att-odla-sin-tradgard\/"},"wordCount":471,"commentCount":4,"image":{"@id":"https:\/\/blogg.svenskakyrkan.se\/tankarinforhelgen\/2019\/02\/07\/att-odla-sin-tradgard\/#primaryimage"},"thumbnailUrl":"https:\/\/blogg.svenskakyrkan.se\/tankarinforhelgen\/files\/2019\/02\/plantering.jpg","keywords":["Magdalena Erixon Devall","TANKARINFORHELGEN"],"articleSection":["Femte s\u00f6ndagen efter trettondagen"],"inLanguage":"sv-SE","potentialAction":[{"@type":"CommentAction","name":"Comment","target":["https:\/\/blogg.svenskakyrkan.se\/tankarinforhelgen\/2019\/02\/07\/att-odla-sin-tradgard\/#respond"]}]},{"@type":"WebPage","@id":"https:\/\/blogg.svenskakyrkan.se\/tankarinforhelgen\/2019\/02\/07\/att-odla-sin-tradgard\/","url":"https:\/\/blogg.svenskakyrkan.se\/tankarinforhelgen\/2019\/02\/07\/att-odla-sin-tradgard\/","name":"Att odla sin tr\u00e4dg\u00e5rd - Tankar inf\u00f6r helgen","isPartOf":{"@id":"https:\/\/blogg.svenskakyrkan.se\/tankarinforhelgen\/#website"},"primaryImageOfPage":{"@id":"https:\/\/blogg.svenskakyrkan.se\/tankarinforhelgen\/2019\/02\/07\/att-odla-sin-tradgard\/#primaryimage"},"image":{"@id":"https:\/\/blogg.svenskakyrkan.se\/tankarinforhelgen\/2019\/02\/07\/att-odla-sin-tradgard\/#primaryimage"},"thumbnailUrl":"https:\/\/blogg.svenskakyrkan.se\/tankarinforhelgen\/files\/2019\/02\/plantering.jpg","datePublished":"2019-02-07T08:48:42+00:00","dateModified":"2019-02-07T09:52:00+00:00","author":{"@id":"https:\/\/blogg.svenskakyrkan.se\/tankarinforhelgen\/#\/schema\/person\/06f9ef63b668d2893c6ed6e973eae1b4"},"breadcrumb":{"@id":"https:\/\/blogg.svenskakyrkan.se\/tankarinforhelgen\/2019\/02\/07\/att-odla-sin-tradgard\/#breadcrumb"},"inLanguage":"sv-SE","potentialAction":[{"@type":"ReadAction","target":["https:\/\/blogg.svenskakyrkan.se\/tankarinforhelgen\/2019\/02\/07\/att-odla-sin-tradgard\/"]}]},{"@type":"ImageObject","inLanguage":"sv-SE","@id":"https:\/\/blogg.svenskakyrkan.se\/tankarinforhelgen\/2019\/02\/07\/att-odla-sin-tradgard\/#primaryimage","url":"https:\/\/blogg.svenskakyrkan.se\/tankarinforhelgen\/files\/2019\/02\/plantering.jpg","contentUrl":"https:\/\/blogg.svenskakyrkan.se\/tankarinforhelgen\/files\/2019\/02\/plantering.jpg","width":1350,"height":901},{"@type":"BreadcrumbList","@id":"https:\/\/blogg.svenskakyrkan.se\/tankarinforhelgen\/2019\/02\/07\/att-odla-sin-tradgard\/#breadcrumb","itemListElement":[{"@type":"ListItem","position":1,"name":"Hem","item":"https:\/\/blogg.svenskakyrkan.se\/tankarinforhelgen\/"},{"@type":"ListItem","position":2,"name":"Att odla sin tr\u00e4dg\u00e5rd"}]},{"@type":"WebSite","@id":"https:\/\/blogg.svenskakyrkan.se\/tankarinforhelgen\/#website","url":"https:\/\/blogg.svenskakyrkan.se\/tankarinforhelgen\/","name":"Tankar inf\u00f6r helgen","description":"Pr\u00e4ster funderar utifr\u00e5n kommande s\u00f6ndags texter","potentialAction":[{"@type":"SearchAction","target":{"@type":"EntryPoint","urlTemplate":"https:\/\/blogg.svenskakyrkan.se\/tankarinforhelgen\/?s={search_term_string}"},"query-input":{"@type":"PropertyValueSpecification","valueRequired":true,"valueName":"search_term_string"}}],"inLanguage":"sv-SE"},{"@type":"Person","@id":"https:\/\/blogg.svenskakyrkan.se\/tankarinforhelgen\/#\/schema\/person\/06f9ef63b668d2893c6ed6e973eae1b4","name":"Magdalena Erixon, pr\u00e4st","image":{"@type":"ImageObject","inLanguage":"sv-SE","@id":"https:\/\/blogg.svenskakyrkan.se\/tankarinforhelgen\/#\/schema\/person\/image\/","url":"https:\/\/secure.gravatar.com\/avatar\/0c0079562c0ba3bbbb0d4645a01896a330df74cc4e8648ba98b12655273934b9?s=96&d=mm&r=g","contentUrl":"https:\/\/secure.gravatar.com\/avatar\/0c0079562c0ba3bbbb0d4645a01896a330df74cc4e8648ba98b12655273934b9?s=96&d=mm&r=g","caption":"Magdalena Erixon, pr\u00e4st"},"url":"https:\/\/blogg.svenskakyrkan.se\/tankarinforhelgen\/author\/magdalenaerixon\/"}]}},"author_meta":{"ID":"673","user_nicename":"magdalenaerixon","user_registered":"2018-04-10 11:23:18","display_name":"Magdalena Erixon, pr\u00e4st","first_name":"Magdalena","last_name":"Erixon, pr\u00e4st","avatar":"https:\/\/secure.gravatar.com\/avatar\/0c0079562c0ba3bbbb0d4645a01896a330df74cc4e8648ba98b12655273934b9?s=96&d=mm&r=g"},"featured_image":["https:\/\/blogg.svenskakyrkan.se\/tankarinforhelgen\/files\/2019\/02\/plantering-1024x683.jpg",1024,683,true],"bloginfo":{"name":"Tankar inf\u00f6r helgen","url":"https:\/\/blogg.svenskakyrkan.se\/tankarinforhelgen"},"_links":{"self":[{"href":"https:\/\/blogg.svenskakyrkan.se\/tankarinforhelgen\/wp-json\/wp\/v2\/posts\/1617","targetHints":{"allow":["GET"]}}],"collection":[{"href":"https:\/\/blogg.svenskakyrkan.se\/tankarinforhelgen\/wp-json\/wp\/v2\/posts"}],"about":[{"href":"https:\/\/blogg.svenskakyrkan.se\/tankarinforhelgen\/wp-json\/wp\/v2\/types\/post"}],"author":[{"embeddable":true,"href":"https:\/\/blogg.svenskakyrkan.se\/tankarinforhelgen\/wp-json\/wp\/v2\/users\/673"}],"replies":[{"embeddable":true,"href":"https:\/\/blogg.svenskakyrkan.se\/tankarinforhelgen\/wp-json\/wp\/v2\/comments?post=1617"}],"version-history":[{"count":5,"href":"https:\/\/blogg.svenskakyrkan.se\/tankarinforhelgen\/wp-json\/wp\/v2\/posts\/1617\/revisions"}],"predecessor-version":[{"id":1625,"href":"https:\/\/blogg.svenskakyrkan.se\/tankarinforhelgen\/wp-json\/wp\/v2\/posts\/1617\/revisions\/1625"}],"wp:featuredmedia":[{"embeddable":true,"href":"https:\/\/blogg.svenskakyrkan.se\/tankarinforhelgen\/wp-json\/wp\/v2\/media\/1622"}],"wp:attachment":[{"href":"https:\/\/blogg.svenskakyrkan.se\/tankarinforhelgen\/wp-json\/wp\/v2\/media?parent=1617"}],"wp:term":[{"taxonomy":"category","embeddable":true,"href":"https:\/\/blogg.svenskakyrkan.se\/tankarinforhelgen\/wp-json\/wp\/v2\/categories?post=1617"},{"taxonomy":"post_tag","embeddable":true,"href":"https:\/\/blogg.svenskakyrkan.se\/tankarinforhelgen\/wp-json\/wp\/v2\/tags?post=1617"}],"curies":[{"name":"wp","href":"https:\/\/api.w.org\/{rel}","templated":true}]}}