{"id":1626,"date":"2019-02-13T10:23:00","date_gmt":"2019-02-13T09:23:00","guid":{"rendered":"http:\/\/blogg.svenskakyrkan.se\/tankarinforhelgen\/?p=1626"},"modified":"2019-02-13T10:23:00","modified_gmt":"2019-02-13T09:23:00","slug":"sagan-om-lennart","status":"publish","type":"post","link":"https:\/\/blogg.svenskakyrkan.se\/tankarinforhelgen\/2019\/02\/13\/sagan-om-lennart\/","title":{"rendered":"Sagan om Lennart"},"content":{"rendered":"<p>Jag \u00e4r vuxen. S\u00e5 d\u00e4rf\u00f6r g\u00f6r jag vuxensaker p\u00e5 dagarna: Har snygga jobbkl\u00e4der, g\u00e5r p\u00e5 m\u00f6ten. Har integritet. V\u00e4rdighet. Fast inte p\u00e5 kv\u00e4llarna. P\u00e5 kv\u00e4llarna g\u00f6r jag helt andra saker.<\/p>\n<p>Jag letar efter Lennart. F\u00f6r Lennart f\u00f6rsvinner ofta p\u00e5 kv\u00e4llarna, och utan Lennart fungerar det bara inte hemma hos oss.Lennart \u00e4r femton centimeter l\u00e5ng, gr\u00f6n, en slags dinosaurie i tyg, och han bor i min dotters famn som en mobiltelefon i en ton\u00e5rshand, hela tiden, f\u00f6rutom varje kv\u00e4ll, d\u00e5 han \u00e4r f\u00f6rsvunnen.<\/p>\n<p>Och d\u00e5 letar jag efter honom. Och jag \u00e4r en vuxen person som \u00e4r respekterad och kompetent p\u00e5 dagtid. Men p\u00e5 kv\u00e4llstid \u00e4r jag en desperat gosedjursletare som, som Holmes s\u00f6ker Moriarty, f\u00f6rs\u00f6ker hitta Lennart.<\/p>\n<p>Vart g\u00e5r gosedjur som rymmer? Lennart har m\u00e5nga g\u00f6mst\u00e4llen. Jag har hittat honom l\u00e4ngst ner ibland Legot, bakom ton\u00e5ringens dator, i kylsk\u00e5pet. En hemsk g\u00e5ng l\u00e5g han i kompostp\u00e5sen och f\u00f6rs\u00f6kte sm\u00e4lta in bland gurkskal och gammal sallad.<\/p>\n<p>Ikv\u00e4ll finns han ingenstans. Jag har letat bland gosedjuren p\u00e5 dotterns s\u00e4ng &#8211; ja, de \u00e4r m\u00e5nga men ingen av dem kan ers\u00e4tta Lennart. Jag har letat inuti st\u00f6vlarna i hallen, i kastrullsk\u00e5pet, skr\u00e4ckslaget rafsande genom den bl\u00f6ta tv\u00e4tten i tv\u00e4ttmaskinen.<\/p>\n<p>Jag kommer p\u00e5 mig sj\u00e4lv med att ropa hans namn. Som att han skulle komma d\u00e5. Sedan uppt\u00e4cker jag att jag ber till Jesus: \u201cl\u00e5t mig hitta Lennart v\u00e4lbeh\u00e5llen.\u201d F\u00e5nigt. Men innerligt.<\/p>\n<p>Vad gjorde vi n\u00e4r vi kom hem? Overallen sl\u00e4ngdes p\u00e5 golvet i hallen. Sedan vattenf\u00e4rgerna, sedan h\u00e4llde hon tv\u00e5l och havregryn i hundens matsk\u00e5l. Men Lennart d\u00e5?<\/p>\n<p>Kan han vara kvar ute i bilen? Jag g\u00e5r ut och kollar, bakom och under barnstolen. Ingen Lennart. In igen, och n\u00e4r jag ska lyfta upp en overall fr\u00e5n golvet i hallen s\u00e5 k\u00e4nns den ovanligt kn\u00f6lig i h\u00f6ger \u00e4rm. Och jo, d\u00e4r ligger Lennart, s\u00e5 h\u00e5rt h\u00e5llen i en k\u00e4rleksfull barnhand att n\u00e4r overallen \u00e5kte av \u00e5kte Lennart med in i \u00e4rmen. Nu tittar han p\u00e5 mig med kolsvarta garn\u00f6gon. Det k\u00e4nns som att han blinkar \u00e5t mig.<\/p>\n<p>Jag f\u00f6rklarar f\u00f6r honom igen, det d\u00e4r med mitt jobb och snygga kl\u00e4der. Att jag faktiskt \u00e4r en person v\u00e4rd respekt och integritet. Lennart ler (det g\u00f6r han i och f\u00f6r sig alltid) och jag t\u00e4nker mig att han har en viss sympati, en viss respekt.<\/p>\n<p>Men den beror inte p\u00e5 mitt jobb, inte p\u00e5 min v\u00e4rdighet. Den beror bara p\u00e5 att jag varje kv\u00e4ll g\u00e5r k\u00e4rlekens \u00e4renden. Hittar Lennart f\u00f6r att \u00e5terf\u00f6ra honom i sin \u00e4lskades famn. G\u00e5ng p\u00e5 g\u00e5ng.<\/p>\n<p>Och pl\u00f6tsligt vet jag att det h\u00e4r \u00e4r det viktigaste jag g\u00f6r. Det som ger trygghet \u00e5t min dotter \u00e4r v\u00e4rt varje sekund av s\u00f6kande, varje dyrbar minut av det som annars skulle ha varit egentid. Det som jag g\u00f6r av k\u00e4rlek, \u00e4r det viktigaste jobb jag g\u00f6r.<\/p>\n<p>S\u00e5 jag ber en snabb tackb\u00f6n till Gud. Tack f\u00f6r Lennart, tack f\u00f6r att overallen l\u00e5g sl\u00e4ngd p\u00e5 golvet &#8211; annars skulle jag fortfarande inte hittat honom &#8211; och framf\u00f6r allt tack f\u00f6r de m\u00e4nniskor som Gud gett mig att \u00e4lska. De som varje kv\u00e4ll ser till att jag s\u00f6ker laddsladdar, favorittr\u00f6jor och &#8211; sj\u00e4lvklart &#8211; Lennart.<\/p>\n","protected":false},"excerpt":{"rendered":"<p>Jag \u00e4r vuxen. S\u00e5 d\u00e4rf\u00f6r g\u00f6r jag vuxensaker p\u00e5 dagarna: Har snygga jobbkl\u00e4der, g\u00e5r p\u00e5 m\u00f6ten. Har integritet. V\u00e4rdighet. Fast inte p\u00e5 kv\u00e4llarna. P\u00e5 kv\u00e4llarna g\u00f6r jag helt andra saker. Jag letar efter Lennart. F\u00f6r Lennart f\u00f6rsvinner ofta p\u00e5 kv\u00e4llarna, och utan Lennart fungerar det bara inte hemma hos oss.Lennart \u00e4r femton centimeter l\u00e5ng, gr\u00f6n, [&hellip;]<\/p>\n","protected":false},"author":569,"featured_media":1629,"comment_status":"open","ping_status":"open","sticky":false,"template":"","format":"standard","meta":{"_acf_changed":false,"footnotes":""},"categories":[138525],"tags":[142062,142457],"class_list":["post-1626","post","type-post","status-publish","format-standard","has-post-thumbnail","hentry","category-septuagesima","tag-charlotte-frycklund","tag-tankarinforhelgen"],"acf":[],"yoast_head":"<!-- This site is optimized with the Yoast SEO plugin v27.1.1 - https:\/\/yoast.com\/product\/yoast-seo-wordpress\/ -->\n<title>Sagan om Lennart - Tankar inf\u00f6r helgen<\/title>\n<meta name=\"robots\" content=\"index, follow, max-snippet:-1, max-image-preview:large, max-video-preview:-1\" \/>\n<link rel=\"canonical\" href=\"https:\/\/blogg.svenskakyrkan.se\/tankarinforhelgen\/2019\/02\/13\/sagan-om-lennart\/\" \/>\n<meta property=\"og:locale\" content=\"sv_SE\" \/>\n<meta property=\"og:type\" content=\"article\" \/>\n<meta property=\"og:title\" content=\"Sagan om Lennart - Tankar inf\u00f6r helgen\" \/>\n<meta property=\"og:description\" content=\"Jag \u00e4r vuxen. S\u00e5 d\u00e4rf\u00f6r g\u00f6r jag vuxensaker p\u00e5 dagarna: Har snygga jobbkl\u00e4der, g\u00e5r p\u00e5 m\u00f6ten. Har integritet. V\u00e4rdighet. Fast inte p\u00e5 kv\u00e4llarna. P\u00e5 kv\u00e4llarna g\u00f6r jag helt andra saker. Jag letar efter Lennart. F\u00f6r Lennart f\u00f6rsvinner ofta p\u00e5 kv\u00e4llarna, och utan Lennart fungerar det bara inte hemma hos oss.Lennart \u00e4r femton centimeter l\u00e5ng, gr\u00f6n, [&hellip;]\" \/>\n<meta property=\"og:url\" content=\"https:\/\/blogg.svenskakyrkan.se\/tankarinforhelgen\/2019\/02\/13\/sagan-om-lennart\/\" \/>\n<meta property=\"og:site_name\" content=\"Tankar inf\u00f6r helgen\" \/>\n<meta property=\"article:published_time\" content=\"2019-02-13T09:23:00+00:00\" \/>\n<meta name=\"author\" content=\"Charlotte Frycklund, pr\u00e4st\" \/>\n<meta name=\"twitter:card\" content=\"summary_large_image\" \/>\n<meta name=\"twitter:label1\" content=\"Skriven av\" \/>\n\t<meta name=\"twitter:data1\" content=\"Charlotte Frycklund, pr\u00e4st\" \/>\n\t<meta name=\"twitter:label2\" content=\"Ber\u00e4knad l\u00e4stid\" \/>\n\t<meta name=\"twitter:data2\" content=\"3 minuter\" \/>\n<script type=\"application\/ld+json\" class=\"yoast-schema-graph\">{\"@context\":\"https:\/\/schema.org\",\"@graph\":[{\"@type\":\"Article\",\"@id\":\"https:\/\/blogg.svenskakyrkan.se\/tankarinforhelgen\/2019\/02\/13\/sagan-om-lennart\/#article\",\"isPartOf\":{\"@id\":\"https:\/\/blogg.svenskakyrkan.se\/tankarinforhelgen\/2019\/02\/13\/sagan-om-lennart\/\"},\"author\":{\"name\":\"Charlotte Frycklund, pr\u00e4st\",\"@id\":\"https:\/\/blogg.svenskakyrkan.se\/tankarinforhelgen\/#\/schema\/person\/595d75da5bf93cf9ca814c398b63ed6d\"},\"headline\":\"Sagan om Lennart\",\"datePublished\":\"2019-02-13T09:23:00+00:00\",\"mainEntityOfPage\":{\"@id\":\"https:\/\/blogg.svenskakyrkan.se\/tankarinforhelgen\/2019\/02\/13\/sagan-om-lennart\/\"},\"wordCount\":631,\"commentCount\":16,\"image\":{\"@id\":\"https:\/\/blogg.svenskakyrkan.se\/tankarinforhelgen\/2019\/02\/13\/sagan-om-lennart\/#primaryimage\"},\"thumbnailUrl\":\"https:\/\/blogg.svenskakyrkan.se\/tankarinforhelgen\/files\/2019\/02\/Lennart.jpg\",\"keywords\":[\"Charlotte Frycklund\",\"TANKARINFORHELGEN\"],\"articleSection\":[\"Septuagesima\"],\"inLanguage\":\"sv-SE\",\"potentialAction\":[{\"@type\":\"CommentAction\",\"name\":\"Comment\",\"target\":[\"https:\/\/blogg.svenskakyrkan.se\/tankarinforhelgen\/2019\/02\/13\/sagan-om-lennart\/#respond\"]}]},{\"@type\":\"WebPage\",\"@id\":\"https:\/\/blogg.svenskakyrkan.se\/tankarinforhelgen\/2019\/02\/13\/sagan-om-lennart\/\",\"url\":\"https:\/\/blogg.svenskakyrkan.se\/tankarinforhelgen\/2019\/02\/13\/sagan-om-lennart\/\",\"name\":\"Sagan om Lennart - Tankar inf\u00f6r helgen\",\"isPartOf\":{\"@id\":\"https:\/\/blogg.svenskakyrkan.se\/tankarinforhelgen\/#website\"},\"primaryImageOfPage\":{\"@id\":\"https:\/\/blogg.svenskakyrkan.se\/tankarinforhelgen\/2019\/02\/13\/sagan-om-lennart\/#primaryimage\"},\"image\":{\"@id\":\"https:\/\/blogg.svenskakyrkan.se\/tankarinforhelgen\/2019\/02\/13\/sagan-om-lennart\/#primaryimage\"},\"thumbnailUrl\":\"https:\/\/blogg.svenskakyrkan.se\/tankarinforhelgen\/files\/2019\/02\/Lennart.jpg\",\"datePublished\":\"2019-02-13T09:23:00+00:00\",\"author\":{\"@id\":\"https:\/\/blogg.svenskakyrkan.se\/tankarinforhelgen\/#\/schema\/person\/595d75da5bf93cf9ca814c398b63ed6d\"},\"breadcrumb\":{\"@id\":\"https:\/\/blogg.svenskakyrkan.se\/tankarinforhelgen\/2019\/02\/13\/sagan-om-lennart\/#breadcrumb\"},\"inLanguage\":\"sv-SE\",\"potentialAction\":[{\"@type\":\"ReadAction\",\"target\":[\"https:\/\/blogg.svenskakyrkan.se\/tankarinforhelgen\/2019\/02\/13\/sagan-om-lennart\/\"]}]},{\"@type\":\"ImageObject\",\"inLanguage\":\"sv-SE\",\"@id\":\"https:\/\/blogg.svenskakyrkan.se\/tankarinforhelgen\/2019\/02\/13\/sagan-om-lennart\/#primaryimage\",\"url\":\"https:\/\/blogg.svenskakyrkan.se\/tankarinforhelgen\/files\/2019\/02\/Lennart.jpg\",\"contentUrl\":\"https:\/\/blogg.svenskakyrkan.se\/tankarinforhelgen\/files\/2019\/02\/Lennart.jpg\",\"width\":1200,\"height\":900},{\"@type\":\"BreadcrumbList\",\"@id\":\"https:\/\/blogg.svenskakyrkan.se\/tankarinforhelgen\/2019\/02\/13\/sagan-om-lennart\/#breadcrumb\",\"itemListElement\":[{\"@type\":\"ListItem\",\"position\":1,\"name\":\"Hem\",\"item\":\"https:\/\/blogg.svenskakyrkan.se\/tankarinforhelgen\/\"},{\"@type\":\"ListItem\",\"position\":2,\"name\":\"Sagan om Lennart\"}]},{\"@type\":\"WebSite\",\"@id\":\"https:\/\/blogg.svenskakyrkan.se\/tankarinforhelgen\/#website\",\"url\":\"https:\/\/blogg.svenskakyrkan.se\/tankarinforhelgen\/\",\"name\":\"Tankar inf\u00f6r helgen\",\"description\":\"Pr\u00e4ster funderar utifr\u00e5n kommande s\u00f6ndags texter\",\"potentialAction\":[{\"@type\":\"SearchAction\",\"target\":{\"@type\":\"EntryPoint\",\"urlTemplate\":\"https:\/\/blogg.svenskakyrkan.se\/tankarinforhelgen\/?s={search_term_string}\"},\"query-input\":{\"@type\":\"PropertyValueSpecification\",\"valueRequired\":true,\"valueName\":\"search_term_string\"}}],\"inLanguage\":\"sv-SE\"},{\"@type\":\"Person\",\"@id\":\"https:\/\/blogg.svenskakyrkan.se\/tankarinforhelgen\/#\/schema\/person\/595d75da5bf93cf9ca814c398b63ed6d\",\"name\":\"Charlotte Frycklund, pr\u00e4st\",\"image\":{\"@type\":\"ImageObject\",\"inLanguage\":\"sv-SE\",\"@id\":\"https:\/\/blogg.svenskakyrkan.se\/tankarinforhelgen\/#\/schema\/person\/image\/\",\"url\":\"https:\/\/secure.gravatar.com\/avatar\/10f37b82bf44def60f716a446302420cc1eb214cca306b573a488614ab47ee87?s=96&d=mm&r=g\",\"contentUrl\":\"https:\/\/secure.gravatar.com\/avatar\/10f37b82bf44def60f716a446302420cc1eb214cca306b573a488614ab47ee87?s=96&d=mm&r=g\",\"caption\":\"Charlotte Frycklund, pr\u00e4st\"},\"url\":\"https:\/\/blogg.svenskakyrkan.se\/tankarinforhelgen\/author\/charlottefrycklund\/\"}]}<\/script>\n<!-- \/ Yoast SEO plugin. -->","yoast_head_json":{"title":"Sagan om Lennart - Tankar inf\u00f6r helgen","robots":{"index":"index","follow":"follow","max-snippet":"max-snippet:-1","max-image-preview":"max-image-preview:large","max-video-preview":"max-video-preview:-1"},"canonical":"https:\/\/blogg.svenskakyrkan.se\/tankarinforhelgen\/2019\/02\/13\/sagan-om-lennart\/","og_locale":"sv_SE","og_type":"article","og_title":"Sagan om Lennart - Tankar inf\u00f6r helgen","og_description":"Jag \u00e4r vuxen. S\u00e5 d\u00e4rf\u00f6r g\u00f6r jag vuxensaker p\u00e5 dagarna: Har snygga jobbkl\u00e4der, g\u00e5r p\u00e5 m\u00f6ten. Har integritet. V\u00e4rdighet. Fast inte p\u00e5 kv\u00e4llarna. P\u00e5 kv\u00e4llarna g\u00f6r jag helt andra saker. Jag letar efter Lennart. F\u00f6r Lennart f\u00f6rsvinner ofta p\u00e5 kv\u00e4llarna, och utan Lennart fungerar det bara inte hemma hos oss.Lennart \u00e4r femton centimeter l\u00e5ng, gr\u00f6n, [&hellip;]","og_url":"https:\/\/blogg.svenskakyrkan.se\/tankarinforhelgen\/2019\/02\/13\/sagan-om-lennart\/","og_site_name":"Tankar inf\u00f6r helgen","article_published_time":"2019-02-13T09:23:00+00:00","author":"Charlotte Frycklund, pr\u00e4st","twitter_card":"summary_large_image","twitter_misc":{"Skriven av":"Charlotte Frycklund, pr\u00e4st","Ber\u00e4knad l\u00e4stid":"3 minuter"},"schema":{"@context":"https:\/\/schema.org","@graph":[{"@type":"Article","@id":"https:\/\/blogg.svenskakyrkan.se\/tankarinforhelgen\/2019\/02\/13\/sagan-om-lennart\/#article","isPartOf":{"@id":"https:\/\/blogg.svenskakyrkan.se\/tankarinforhelgen\/2019\/02\/13\/sagan-om-lennart\/"},"author":{"name":"Charlotte Frycklund, pr\u00e4st","@id":"https:\/\/blogg.svenskakyrkan.se\/tankarinforhelgen\/#\/schema\/person\/595d75da5bf93cf9ca814c398b63ed6d"},"headline":"Sagan om Lennart","datePublished":"2019-02-13T09:23:00+00:00","mainEntityOfPage":{"@id":"https:\/\/blogg.svenskakyrkan.se\/tankarinforhelgen\/2019\/02\/13\/sagan-om-lennart\/"},"wordCount":631,"commentCount":16,"image":{"@id":"https:\/\/blogg.svenskakyrkan.se\/tankarinforhelgen\/2019\/02\/13\/sagan-om-lennart\/#primaryimage"},"thumbnailUrl":"https:\/\/blogg.svenskakyrkan.se\/tankarinforhelgen\/files\/2019\/02\/Lennart.jpg","keywords":["Charlotte Frycklund","TANKARINFORHELGEN"],"articleSection":["Septuagesima"],"inLanguage":"sv-SE","potentialAction":[{"@type":"CommentAction","name":"Comment","target":["https:\/\/blogg.svenskakyrkan.se\/tankarinforhelgen\/2019\/02\/13\/sagan-om-lennart\/#respond"]}]},{"@type":"WebPage","@id":"https:\/\/blogg.svenskakyrkan.se\/tankarinforhelgen\/2019\/02\/13\/sagan-om-lennart\/","url":"https:\/\/blogg.svenskakyrkan.se\/tankarinforhelgen\/2019\/02\/13\/sagan-om-lennart\/","name":"Sagan om Lennart - Tankar inf\u00f6r helgen","isPartOf":{"@id":"https:\/\/blogg.svenskakyrkan.se\/tankarinforhelgen\/#website"},"primaryImageOfPage":{"@id":"https:\/\/blogg.svenskakyrkan.se\/tankarinforhelgen\/2019\/02\/13\/sagan-om-lennart\/#primaryimage"},"image":{"@id":"https:\/\/blogg.svenskakyrkan.se\/tankarinforhelgen\/2019\/02\/13\/sagan-om-lennart\/#primaryimage"},"thumbnailUrl":"https:\/\/blogg.svenskakyrkan.se\/tankarinforhelgen\/files\/2019\/02\/Lennart.jpg","datePublished":"2019-02-13T09:23:00+00:00","author":{"@id":"https:\/\/blogg.svenskakyrkan.se\/tankarinforhelgen\/#\/schema\/person\/595d75da5bf93cf9ca814c398b63ed6d"},"breadcrumb":{"@id":"https:\/\/blogg.svenskakyrkan.se\/tankarinforhelgen\/2019\/02\/13\/sagan-om-lennart\/#breadcrumb"},"inLanguage":"sv-SE","potentialAction":[{"@type":"ReadAction","target":["https:\/\/blogg.svenskakyrkan.se\/tankarinforhelgen\/2019\/02\/13\/sagan-om-lennart\/"]}]},{"@type":"ImageObject","inLanguage":"sv-SE","@id":"https:\/\/blogg.svenskakyrkan.se\/tankarinforhelgen\/2019\/02\/13\/sagan-om-lennart\/#primaryimage","url":"https:\/\/blogg.svenskakyrkan.se\/tankarinforhelgen\/files\/2019\/02\/Lennart.jpg","contentUrl":"https:\/\/blogg.svenskakyrkan.se\/tankarinforhelgen\/files\/2019\/02\/Lennart.jpg","width":1200,"height":900},{"@type":"BreadcrumbList","@id":"https:\/\/blogg.svenskakyrkan.se\/tankarinforhelgen\/2019\/02\/13\/sagan-om-lennart\/#breadcrumb","itemListElement":[{"@type":"ListItem","position":1,"name":"Hem","item":"https:\/\/blogg.svenskakyrkan.se\/tankarinforhelgen\/"},{"@type":"ListItem","position":2,"name":"Sagan om Lennart"}]},{"@type":"WebSite","@id":"https:\/\/blogg.svenskakyrkan.se\/tankarinforhelgen\/#website","url":"https:\/\/blogg.svenskakyrkan.se\/tankarinforhelgen\/","name":"Tankar inf\u00f6r helgen","description":"Pr\u00e4ster funderar utifr\u00e5n kommande s\u00f6ndags texter","potentialAction":[{"@type":"SearchAction","target":{"@type":"EntryPoint","urlTemplate":"https:\/\/blogg.svenskakyrkan.se\/tankarinforhelgen\/?s={search_term_string}"},"query-input":{"@type":"PropertyValueSpecification","valueRequired":true,"valueName":"search_term_string"}}],"inLanguage":"sv-SE"},{"@type":"Person","@id":"https:\/\/blogg.svenskakyrkan.se\/tankarinforhelgen\/#\/schema\/person\/595d75da5bf93cf9ca814c398b63ed6d","name":"Charlotte Frycklund, pr\u00e4st","image":{"@type":"ImageObject","inLanguage":"sv-SE","@id":"https:\/\/blogg.svenskakyrkan.se\/tankarinforhelgen\/#\/schema\/person\/image\/","url":"https:\/\/secure.gravatar.com\/avatar\/10f37b82bf44def60f716a446302420cc1eb214cca306b573a488614ab47ee87?s=96&d=mm&r=g","contentUrl":"https:\/\/secure.gravatar.com\/avatar\/10f37b82bf44def60f716a446302420cc1eb214cca306b573a488614ab47ee87?s=96&d=mm&r=g","caption":"Charlotte Frycklund, pr\u00e4st"},"url":"https:\/\/blogg.svenskakyrkan.se\/tankarinforhelgen\/author\/charlottefrycklund\/"}]}},"author_meta":{"ID":"569","user_nicename":"charlottefrycklund","user_registered":"2016-05-24 11:46:19","display_name":"Charlotte Frycklund, pr\u00e4st","first_name":"Charlotte","last_name":"Frycklund, pr\u00e4st","avatar":"https:\/\/secure.gravatar.com\/avatar\/10f37b82bf44def60f716a446302420cc1eb214cca306b573a488614ab47ee87?s=96&d=mm&r=g"},"featured_image":["https:\/\/blogg.svenskakyrkan.se\/tankarinforhelgen\/files\/2019\/02\/Lennart-1024x768.jpg",1024,768,true],"bloginfo":{"name":"Tankar inf\u00f6r helgen","url":"https:\/\/blogg.svenskakyrkan.se\/tankarinforhelgen"},"_links":{"self":[{"href":"https:\/\/blogg.svenskakyrkan.se\/tankarinforhelgen\/wp-json\/wp\/v2\/posts\/1626","targetHints":{"allow":["GET"]}}],"collection":[{"href":"https:\/\/blogg.svenskakyrkan.se\/tankarinforhelgen\/wp-json\/wp\/v2\/posts"}],"about":[{"href":"https:\/\/blogg.svenskakyrkan.se\/tankarinforhelgen\/wp-json\/wp\/v2\/types\/post"}],"author":[{"embeddable":true,"href":"https:\/\/blogg.svenskakyrkan.se\/tankarinforhelgen\/wp-json\/wp\/v2\/users\/569"}],"replies":[{"embeddable":true,"href":"https:\/\/blogg.svenskakyrkan.se\/tankarinforhelgen\/wp-json\/wp\/v2\/comments?post=1626"}],"version-history":[{"count":3,"href":"https:\/\/blogg.svenskakyrkan.se\/tankarinforhelgen\/wp-json\/wp\/v2\/posts\/1626\/revisions"}],"predecessor-version":[{"id":1857,"href":"https:\/\/blogg.svenskakyrkan.se\/tankarinforhelgen\/wp-json\/wp\/v2\/posts\/1626\/revisions\/1857"}],"wp:featuredmedia":[{"embeddable":true,"href":"https:\/\/blogg.svenskakyrkan.se\/tankarinforhelgen\/wp-json\/wp\/v2\/media\/1629"}],"wp:attachment":[{"href":"https:\/\/blogg.svenskakyrkan.se\/tankarinforhelgen\/wp-json\/wp\/v2\/media?parent=1626"}],"wp:term":[{"taxonomy":"category","embeddable":true,"href":"https:\/\/blogg.svenskakyrkan.se\/tankarinforhelgen\/wp-json\/wp\/v2\/categories?post=1626"},{"taxonomy":"post_tag","embeddable":true,"href":"https:\/\/blogg.svenskakyrkan.se\/tankarinforhelgen\/wp-json\/wp\/v2\/tags?post=1626"}],"curies":[{"name":"wp","href":"https:\/\/api.w.org\/{rel}","templated":true}]}}