{"id":1632,"date":"2019-02-22T09:08:39","date_gmt":"2019-02-22T08:08:39","guid":{"rendered":"http:\/\/blogg.svenskakyrkan.se\/tankarinforhelgen\/?p=1632"},"modified":"2021-10-07T21:20:14","modified_gmt":"2021-10-07T19:20:14","slug":"ar-inte-min-karlek-lika-mycket-vard","status":"publish","type":"post","link":"https:\/\/blogg.svenskakyrkan.se\/tankarinforhelgen\/2019\/02\/22\/ar-inte-min-karlek-lika-mycket-vard\/","title":{"rendered":"\u00c4r inte min k\u00e4rlek lika mycket v\u00e4rd?"},"content":{"rendered":"<p>\u201dMenar du p\u00e5 allvar att min k\u00e4rlek inte \u00e4r lika mycket v\u00e4rd?\u201d<br \/>\nDet finns v\u00e4ldigt m\u00e5nga omr\u00e5den d\u00e4r jag som pr\u00e4st kan tala, predika och skriva om kristen tro med stor trov\u00e4rdighet. Utifr\u00e5n min vigning, utbildning och mina personliga erfarenheter.<\/p>\n<p>Men ibland m\u00e5ste jag, liksom i s\u00f6ndagens text fr\u00e5n Johannesevangeliet, st\u00e4lla mig fr\u00e5gan: Vart ifr\u00e5n kommer jag? Jag uppvuxen i en kontext d\u00e4r synen p\u00e5 samk\u00f6nade relationer har varit, och ofta fortfarande \u00e4r, negativ.<\/p>\n<p>Kan n\u00e5got gott komma ur den bakgrund jag har?<\/p>\n<p>Som f\u00e4rsk pr\u00e4st fick jag den h\u00f6gst relevanta fr\u00e5gan: \u201dMen Andreas, menar du p\u00e5 allvar att min k\u00e4rlek inte \u00e4r lika mycket v\u00e4rd?\u201d. Fr\u00e5gan st\u00e4lldes av en person som jag betraktar som ett kristet f\u00f6red\u00f6me. En person som med mer t\u00e5lamod och tolerans \u00e4n jag f\u00f6rtj\u00e4nar st\u00e4llde det hela p\u00e5 sin spets f\u00f6r mig med sina v\u00e4nliga med laddade ord.<\/p>\n<p>Ord som l\u00e4nge levt och ekat inom mig. Levande ord som f\u00e5tt mig att pr\u00f6va mig sj\u00e4lv, min tro och min syn p\u00e5 vad det \u00e4r att vara kristen. Ord som f\u00f6r\u00e4ndrat mig och kallat mig till omv\u00e4ndelse.<\/p>\n<p>Idag har jag gl\u00e4djen att f\u00e5 se hur m\u00e4nniskor, som f\u00f6rr inte var v\u00e4lkomna, inte bara ges plats, utan r\u00e4ttm\u00e4tigt tar plats. Tar plats och visar prov p\u00e5 sann kristen k\u00e4rlek, vilket g\u00f6r kyrkans gemenskap och mitt eget kristna liv \u00e4r rikare. En k\u00e4rlek jag personligen har f\u00e5tt se hos fantastiska brudpar, kloka kollegor och engagerade ideella i min egen f\u00f6rsamling.<\/p>\n<p>Det \u00e4r m\u00e5nga m\u00e4nniskor som under de senaste \u00e5rtiondena f\u00e5tt g\u00f6ra en liknande resa och f\u00f6r\u00e4ndrat sin syn p\u00e5 vad k\u00e4rlek \u00e4r och kan vara. B\u00e5de i v\u00e5r kyrka och i v\u00e5rt samh\u00e4lle. En omv\u00e4ndelse som ytterst handlar om att det levande ordet, Guds ord, \u00e4r en f\u00f6r\u00e4ndrande kraft som utmanar. Utmanar till att st\u00e4ndig pr\u00f6va v\u00e5r egen kontext, tro och \u00f6vertygelse i ljuset av evangeliet.<\/p>\n<p>Vart i ditt liv utmanas du av evangeliet? Vart i ditt liv har du m\u00f6tt k\u00e4rlek och n\u00e5d som f\u00f6r\u00e4ndrar? F\u00f6r min del blev det i detta m\u00f6te med en m\u00e4nniska som visade mig mer t\u00e5lamod och kristlig k\u00e4rlek \u00e4n jag sj\u00e4lv f\u00f6rm\u00e5dde. En Guds k\u00e4rlek, som grundar sig i n\u00e5den att bli accepterad som man \u00e4r. En k\u00e4rlek som kan reformera och f\u00f6r\u00e4ndra v\u00e4rlden.<\/p>\n<p>En b\u00f6n:<br \/>\nGud, sluta aldrig kalla oss, mana oss och pr\u00f6va oss.<br \/>\nL\u00e4r oss att leva helt och fullt ut som m\u00e4nniskor.<br \/>\nForma oss efter din vilja.<br \/>\nAmen.<\/p>\n","protected":false},"excerpt":{"rendered":"<p>\u201dMenar du p\u00e5 allvar att min k\u00e4rlek inte \u00e4r lika mycket v\u00e4rd?\u201d Det finns v\u00e4ldigt m\u00e5nga omr\u00e5den d\u00e4r jag som pr\u00e4st kan tala, predika och skriva om kristen tro med stor trov\u00e4rdighet. Utifr\u00e5n min vigning, utbildning och mina personliga erfarenheter. Men ibland m\u00e5ste jag, liksom i s\u00f6ndagens text fr\u00e5n Johannesevangeliet, st\u00e4lla mig fr\u00e5gan: Vart ifr\u00e5n [&hellip;]<\/p>\n","protected":false},"author":719,"featured_media":1633,"comment_status":"open","ping_status":"open","sticky":false,"template":"","format":"standard","meta":{"_acf_changed":false,"footnotes":""},"categories":[142439],"tags":[159854,142457],"class_list":["post-1632","post","type-post","status-publish","format-standard","has-post-thumbnail","hentry","category-sexagesima","tag-andreas-sundstrom","tag-tankarinforhelgen"],"acf":[],"yoast_head":"<!-- This site is optimized with the Yoast SEO plugin v27.1.1 - https:\/\/yoast.com\/product\/yoast-seo-wordpress\/ -->\n<title>\u00c4r inte min k\u00e4rlek lika mycket v\u00e4rd? - Tankar inf\u00f6r helgen<\/title>\n<meta name=\"robots\" content=\"index, follow, max-snippet:-1, max-image-preview:large, max-video-preview:-1\" \/>\n<link rel=\"canonical\" href=\"https:\/\/blogg.svenskakyrkan.se\/tankarinforhelgen\/2019\/02\/22\/ar-inte-min-karlek-lika-mycket-vard\/\" \/>\n<meta property=\"og:locale\" content=\"sv_SE\" \/>\n<meta property=\"og:type\" content=\"article\" \/>\n<meta property=\"og:title\" content=\"\u00c4r inte min k\u00e4rlek lika mycket v\u00e4rd? - Tankar inf\u00f6r helgen\" \/>\n<meta property=\"og:description\" content=\"\u201dMenar du p\u00e5 allvar att min k\u00e4rlek inte \u00e4r lika mycket v\u00e4rd?\u201d Det finns v\u00e4ldigt m\u00e5nga omr\u00e5den d\u00e4r jag som pr\u00e4st kan tala, predika och skriva om kristen tro med stor trov\u00e4rdighet. Utifr\u00e5n min vigning, utbildning och mina personliga erfarenheter. Men ibland m\u00e5ste jag, liksom i s\u00f6ndagens text fr\u00e5n Johannesevangeliet, st\u00e4lla mig fr\u00e5gan: Vart ifr\u00e5n [&hellip;]\" \/>\n<meta property=\"og:url\" content=\"https:\/\/blogg.svenskakyrkan.se\/tankarinforhelgen\/2019\/02\/22\/ar-inte-min-karlek-lika-mycket-vard\/\" \/>\n<meta property=\"og:site_name\" content=\"Tankar inf\u00f6r helgen\" \/>\n<meta property=\"article:published_time\" content=\"2019-02-22T08:08:39+00:00\" \/>\n<meta property=\"article:modified_time\" content=\"2021-10-07T19:20:14+00:00\" \/>\n<meta name=\"author\" content=\"Andreas Sundstr\u00f6m, pr\u00e4st\" \/>\n<meta name=\"twitter:card\" content=\"summary_large_image\" \/>\n<meta name=\"twitter:label1\" content=\"Skriven av\" \/>\n\t<meta name=\"twitter:data1\" content=\"Andreas Sundstr\u00f6m, pr\u00e4st\" \/>\n\t<meta name=\"twitter:label2\" content=\"Ber\u00e4knad l\u00e4stid\" \/>\n\t<meta name=\"twitter:data2\" content=\"2 minuter\" \/>\n<script type=\"application\/ld+json\" class=\"yoast-schema-graph\">{\"@context\":\"https:\/\/schema.org\",\"@graph\":[{\"@type\":\"Article\",\"@id\":\"https:\/\/blogg.svenskakyrkan.se\/tankarinforhelgen\/2019\/02\/22\/ar-inte-min-karlek-lika-mycket-vard\/#article\",\"isPartOf\":{\"@id\":\"https:\/\/blogg.svenskakyrkan.se\/tankarinforhelgen\/2019\/02\/22\/ar-inte-min-karlek-lika-mycket-vard\/\"},\"author\":{\"name\":\"Andreas Sundstr\u00f6m, pr\u00e4st\",\"@id\":\"https:\/\/blogg.svenskakyrkan.se\/tankarinforhelgen\/#\/schema\/person\/9ebf33bd626a5ec1785dca07ea32e322\"},\"headline\":\"\u00c4r inte min k\u00e4rlek lika mycket v\u00e4rd?\",\"datePublished\":\"2019-02-22T08:08:39+00:00\",\"dateModified\":\"2021-10-07T19:20:14+00:00\",\"mainEntityOfPage\":{\"@id\":\"https:\/\/blogg.svenskakyrkan.se\/tankarinforhelgen\/2019\/02\/22\/ar-inte-min-karlek-lika-mycket-vard\/\"},\"wordCount\":502,\"commentCount\":4,\"image\":{\"@id\":\"https:\/\/blogg.svenskakyrkan.se\/tankarinforhelgen\/2019\/02\/22\/ar-inte-min-karlek-lika-mycket-vard\/#primaryimage\"},\"thumbnailUrl\":\"https:\/\/blogg.svenskakyrkan.se\/tankarinforhelgen\/files\/2019\/02\/E2793592-FC01-4B25-8883-685EC735C4F4.jpeg\",\"keywords\":[\"Andreas Sundstr\u00f6m\",\"TANKARINFORHELGEN\"],\"articleSection\":[\"Sexagesima\"],\"inLanguage\":\"sv-SE\",\"potentialAction\":[{\"@type\":\"CommentAction\",\"name\":\"Comment\",\"target\":[\"https:\/\/blogg.svenskakyrkan.se\/tankarinforhelgen\/2019\/02\/22\/ar-inte-min-karlek-lika-mycket-vard\/#respond\"]}]},{\"@type\":\"WebPage\",\"@id\":\"https:\/\/blogg.svenskakyrkan.se\/tankarinforhelgen\/2019\/02\/22\/ar-inte-min-karlek-lika-mycket-vard\/\",\"url\":\"https:\/\/blogg.svenskakyrkan.se\/tankarinforhelgen\/2019\/02\/22\/ar-inte-min-karlek-lika-mycket-vard\/\",\"name\":\"\u00c4r inte min k\u00e4rlek lika mycket v\u00e4rd? - Tankar inf\u00f6r helgen\",\"isPartOf\":{\"@id\":\"https:\/\/blogg.svenskakyrkan.se\/tankarinforhelgen\/#website\"},\"primaryImageOfPage\":{\"@id\":\"https:\/\/blogg.svenskakyrkan.se\/tankarinforhelgen\/2019\/02\/22\/ar-inte-min-karlek-lika-mycket-vard\/#primaryimage\"},\"image\":{\"@id\":\"https:\/\/blogg.svenskakyrkan.se\/tankarinforhelgen\/2019\/02\/22\/ar-inte-min-karlek-lika-mycket-vard\/#primaryimage\"},\"thumbnailUrl\":\"https:\/\/blogg.svenskakyrkan.se\/tankarinforhelgen\/files\/2019\/02\/E2793592-FC01-4B25-8883-685EC735C4F4.jpeg\",\"datePublished\":\"2019-02-22T08:08:39+00:00\",\"dateModified\":\"2021-10-07T19:20:14+00:00\",\"author\":{\"@id\":\"https:\/\/blogg.svenskakyrkan.se\/tankarinforhelgen\/#\/schema\/person\/9ebf33bd626a5ec1785dca07ea32e322\"},\"breadcrumb\":{\"@id\":\"https:\/\/blogg.svenskakyrkan.se\/tankarinforhelgen\/2019\/02\/22\/ar-inte-min-karlek-lika-mycket-vard\/#breadcrumb\"},\"inLanguage\":\"sv-SE\",\"potentialAction\":[{\"@type\":\"ReadAction\",\"target\":[\"https:\/\/blogg.svenskakyrkan.se\/tankarinforhelgen\/2019\/02\/22\/ar-inte-min-karlek-lika-mycket-vard\/\"]}]},{\"@type\":\"ImageObject\",\"inLanguage\":\"sv-SE\",\"@id\":\"https:\/\/blogg.svenskakyrkan.se\/tankarinforhelgen\/2019\/02\/22\/ar-inte-min-karlek-lika-mycket-vard\/#primaryimage\",\"url\":\"https:\/\/blogg.svenskakyrkan.se\/tankarinforhelgen\/files\/2019\/02\/E2793592-FC01-4B25-8883-685EC735C4F4.jpeg\",\"contentUrl\":\"https:\/\/blogg.svenskakyrkan.se\/tankarinforhelgen\/files\/2019\/02\/E2793592-FC01-4B25-8883-685EC735C4F4.jpeg\",\"width\":5605,\"height\":3682},{\"@type\":\"BreadcrumbList\",\"@id\":\"https:\/\/blogg.svenskakyrkan.se\/tankarinforhelgen\/2019\/02\/22\/ar-inte-min-karlek-lika-mycket-vard\/#breadcrumb\",\"itemListElement\":[{\"@type\":\"ListItem\",\"position\":1,\"name\":\"Hem\",\"item\":\"https:\/\/blogg.svenskakyrkan.se\/tankarinforhelgen\/\"},{\"@type\":\"ListItem\",\"position\":2,\"name\":\"\u00c4r inte min k\u00e4rlek lika mycket v\u00e4rd?\"}]},{\"@type\":\"WebSite\",\"@id\":\"https:\/\/blogg.svenskakyrkan.se\/tankarinforhelgen\/#website\",\"url\":\"https:\/\/blogg.svenskakyrkan.se\/tankarinforhelgen\/\",\"name\":\"Tankar inf\u00f6r helgen\",\"description\":\"Pr\u00e4ster funderar utifr\u00e5n kommande s\u00f6ndags texter\",\"potentialAction\":[{\"@type\":\"SearchAction\",\"target\":{\"@type\":\"EntryPoint\",\"urlTemplate\":\"https:\/\/blogg.svenskakyrkan.se\/tankarinforhelgen\/?s={search_term_string}\"},\"query-input\":{\"@type\":\"PropertyValueSpecification\",\"valueRequired\":true,\"valueName\":\"search_term_string\"}}],\"inLanguage\":\"sv-SE\"},{\"@type\":\"Person\",\"@id\":\"https:\/\/blogg.svenskakyrkan.se\/tankarinforhelgen\/#\/schema\/person\/9ebf33bd626a5ec1785dca07ea32e322\",\"name\":\"Andreas Sundstr\u00f6m, pr\u00e4st\",\"image\":{\"@type\":\"ImageObject\",\"inLanguage\":\"sv-SE\",\"@id\":\"https:\/\/blogg.svenskakyrkan.se\/tankarinforhelgen\/#\/schema\/person\/image\/\",\"url\":\"https:\/\/secure.gravatar.com\/avatar\/e56a8928b6ee0133544ac2e61ef69fc66ed0e5b59a7d3119bed3b70249edbda9?s=96&d=mm&r=g\",\"contentUrl\":\"https:\/\/secure.gravatar.com\/avatar\/e56a8928b6ee0133544ac2e61ef69fc66ed0e5b59a7d3119bed3b70249edbda9?s=96&d=mm&r=g\",\"caption\":\"Andreas Sundstr\u00f6m, pr\u00e4st\"},\"url\":\"https:\/\/blogg.svenskakyrkan.se\/tankarinforhelgen\/author\/andreassundstrom\/\"}]}<\/script>\n<!-- \/ Yoast SEO plugin. -->","yoast_head_json":{"title":"\u00c4r inte min k\u00e4rlek lika mycket v\u00e4rd? - Tankar inf\u00f6r helgen","robots":{"index":"index","follow":"follow","max-snippet":"max-snippet:-1","max-image-preview":"max-image-preview:large","max-video-preview":"max-video-preview:-1"},"canonical":"https:\/\/blogg.svenskakyrkan.se\/tankarinforhelgen\/2019\/02\/22\/ar-inte-min-karlek-lika-mycket-vard\/","og_locale":"sv_SE","og_type":"article","og_title":"\u00c4r inte min k\u00e4rlek lika mycket v\u00e4rd? - Tankar inf\u00f6r helgen","og_description":"\u201dMenar du p\u00e5 allvar att min k\u00e4rlek inte \u00e4r lika mycket v\u00e4rd?\u201d Det finns v\u00e4ldigt m\u00e5nga omr\u00e5den d\u00e4r jag som pr\u00e4st kan tala, predika och skriva om kristen tro med stor trov\u00e4rdighet. Utifr\u00e5n min vigning, utbildning och mina personliga erfarenheter. Men ibland m\u00e5ste jag, liksom i s\u00f6ndagens text fr\u00e5n Johannesevangeliet, st\u00e4lla mig fr\u00e5gan: Vart ifr\u00e5n [&hellip;]","og_url":"https:\/\/blogg.svenskakyrkan.se\/tankarinforhelgen\/2019\/02\/22\/ar-inte-min-karlek-lika-mycket-vard\/","og_site_name":"Tankar inf\u00f6r helgen","article_published_time":"2019-02-22T08:08:39+00:00","article_modified_time":"2021-10-07T19:20:14+00:00","author":"Andreas Sundstr\u00f6m, pr\u00e4st","twitter_card":"summary_large_image","twitter_misc":{"Skriven av":"Andreas Sundstr\u00f6m, pr\u00e4st","Ber\u00e4knad l\u00e4stid":"2 minuter"},"schema":{"@context":"https:\/\/schema.org","@graph":[{"@type":"Article","@id":"https:\/\/blogg.svenskakyrkan.se\/tankarinforhelgen\/2019\/02\/22\/ar-inte-min-karlek-lika-mycket-vard\/#article","isPartOf":{"@id":"https:\/\/blogg.svenskakyrkan.se\/tankarinforhelgen\/2019\/02\/22\/ar-inte-min-karlek-lika-mycket-vard\/"},"author":{"name":"Andreas Sundstr\u00f6m, pr\u00e4st","@id":"https:\/\/blogg.svenskakyrkan.se\/tankarinforhelgen\/#\/schema\/person\/9ebf33bd626a5ec1785dca07ea32e322"},"headline":"\u00c4r inte min k\u00e4rlek lika mycket v\u00e4rd?","datePublished":"2019-02-22T08:08:39+00:00","dateModified":"2021-10-07T19:20:14+00:00","mainEntityOfPage":{"@id":"https:\/\/blogg.svenskakyrkan.se\/tankarinforhelgen\/2019\/02\/22\/ar-inte-min-karlek-lika-mycket-vard\/"},"wordCount":502,"commentCount":4,"image":{"@id":"https:\/\/blogg.svenskakyrkan.se\/tankarinforhelgen\/2019\/02\/22\/ar-inte-min-karlek-lika-mycket-vard\/#primaryimage"},"thumbnailUrl":"https:\/\/blogg.svenskakyrkan.se\/tankarinforhelgen\/files\/2019\/02\/E2793592-FC01-4B25-8883-685EC735C4F4.jpeg","keywords":["Andreas Sundstr\u00f6m","TANKARINFORHELGEN"],"articleSection":["Sexagesima"],"inLanguage":"sv-SE","potentialAction":[{"@type":"CommentAction","name":"Comment","target":["https:\/\/blogg.svenskakyrkan.se\/tankarinforhelgen\/2019\/02\/22\/ar-inte-min-karlek-lika-mycket-vard\/#respond"]}]},{"@type":"WebPage","@id":"https:\/\/blogg.svenskakyrkan.se\/tankarinforhelgen\/2019\/02\/22\/ar-inte-min-karlek-lika-mycket-vard\/","url":"https:\/\/blogg.svenskakyrkan.se\/tankarinforhelgen\/2019\/02\/22\/ar-inte-min-karlek-lika-mycket-vard\/","name":"\u00c4r inte min k\u00e4rlek lika mycket v\u00e4rd? - Tankar inf\u00f6r helgen","isPartOf":{"@id":"https:\/\/blogg.svenskakyrkan.se\/tankarinforhelgen\/#website"},"primaryImageOfPage":{"@id":"https:\/\/blogg.svenskakyrkan.se\/tankarinforhelgen\/2019\/02\/22\/ar-inte-min-karlek-lika-mycket-vard\/#primaryimage"},"image":{"@id":"https:\/\/blogg.svenskakyrkan.se\/tankarinforhelgen\/2019\/02\/22\/ar-inte-min-karlek-lika-mycket-vard\/#primaryimage"},"thumbnailUrl":"https:\/\/blogg.svenskakyrkan.se\/tankarinforhelgen\/files\/2019\/02\/E2793592-FC01-4B25-8883-685EC735C4F4.jpeg","datePublished":"2019-02-22T08:08:39+00:00","dateModified":"2021-10-07T19:20:14+00:00","author":{"@id":"https:\/\/blogg.svenskakyrkan.se\/tankarinforhelgen\/#\/schema\/person\/9ebf33bd626a5ec1785dca07ea32e322"},"breadcrumb":{"@id":"https:\/\/blogg.svenskakyrkan.se\/tankarinforhelgen\/2019\/02\/22\/ar-inte-min-karlek-lika-mycket-vard\/#breadcrumb"},"inLanguage":"sv-SE","potentialAction":[{"@type":"ReadAction","target":["https:\/\/blogg.svenskakyrkan.se\/tankarinforhelgen\/2019\/02\/22\/ar-inte-min-karlek-lika-mycket-vard\/"]}]},{"@type":"ImageObject","inLanguage":"sv-SE","@id":"https:\/\/blogg.svenskakyrkan.se\/tankarinforhelgen\/2019\/02\/22\/ar-inte-min-karlek-lika-mycket-vard\/#primaryimage","url":"https:\/\/blogg.svenskakyrkan.se\/tankarinforhelgen\/files\/2019\/02\/E2793592-FC01-4B25-8883-685EC735C4F4.jpeg","contentUrl":"https:\/\/blogg.svenskakyrkan.se\/tankarinforhelgen\/files\/2019\/02\/E2793592-FC01-4B25-8883-685EC735C4F4.jpeg","width":5605,"height":3682},{"@type":"BreadcrumbList","@id":"https:\/\/blogg.svenskakyrkan.se\/tankarinforhelgen\/2019\/02\/22\/ar-inte-min-karlek-lika-mycket-vard\/#breadcrumb","itemListElement":[{"@type":"ListItem","position":1,"name":"Hem","item":"https:\/\/blogg.svenskakyrkan.se\/tankarinforhelgen\/"},{"@type":"ListItem","position":2,"name":"\u00c4r inte min k\u00e4rlek lika mycket v\u00e4rd?"}]},{"@type":"WebSite","@id":"https:\/\/blogg.svenskakyrkan.se\/tankarinforhelgen\/#website","url":"https:\/\/blogg.svenskakyrkan.se\/tankarinforhelgen\/","name":"Tankar inf\u00f6r helgen","description":"Pr\u00e4ster funderar utifr\u00e5n kommande s\u00f6ndags texter","potentialAction":[{"@type":"SearchAction","target":{"@type":"EntryPoint","urlTemplate":"https:\/\/blogg.svenskakyrkan.se\/tankarinforhelgen\/?s={search_term_string}"},"query-input":{"@type":"PropertyValueSpecification","valueRequired":true,"valueName":"search_term_string"}}],"inLanguage":"sv-SE"},{"@type":"Person","@id":"https:\/\/blogg.svenskakyrkan.se\/tankarinforhelgen\/#\/schema\/person\/9ebf33bd626a5ec1785dca07ea32e322","name":"Andreas Sundstr\u00f6m, pr\u00e4st","image":{"@type":"ImageObject","inLanguage":"sv-SE","@id":"https:\/\/blogg.svenskakyrkan.se\/tankarinforhelgen\/#\/schema\/person\/image\/","url":"https:\/\/secure.gravatar.com\/avatar\/e56a8928b6ee0133544ac2e61ef69fc66ed0e5b59a7d3119bed3b70249edbda9?s=96&d=mm&r=g","contentUrl":"https:\/\/secure.gravatar.com\/avatar\/e56a8928b6ee0133544ac2e61ef69fc66ed0e5b59a7d3119bed3b70249edbda9?s=96&d=mm&r=g","caption":"Andreas Sundstr\u00f6m, pr\u00e4st"},"url":"https:\/\/blogg.svenskakyrkan.se\/tankarinforhelgen\/author\/andreassundstrom\/"}]}},"author_meta":{"ID":"719","user_nicename":"andreassundstrom","user_registered":"2019-08-07 15:03:29","display_name":"Andreas Sundstr\u00f6m, pr\u00e4st","first_name":"Andreas","last_name":"Sundstr\u00f6m, pr\u00e4st","avatar":"https:\/\/secure.gravatar.com\/avatar\/e56a8928b6ee0133544ac2e61ef69fc66ed0e5b59a7d3119bed3b70249edbda9?s=96&d=mm&r=g"},"featured_image":["https:\/\/blogg.svenskakyrkan.se\/tankarinforhelgen\/files\/2019\/02\/E2793592-FC01-4B25-8883-685EC735C4F4-1024x673.jpeg",1024,673,true],"bloginfo":{"name":"Tankar inf\u00f6r helgen","url":"https:\/\/blogg.svenskakyrkan.se\/tankarinforhelgen"},"_links":{"self":[{"href":"https:\/\/blogg.svenskakyrkan.se\/tankarinforhelgen\/wp-json\/wp\/v2\/posts\/1632","targetHints":{"allow":["GET"]}}],"collection":[{"href":"https:\/\/blogg.svenskakyrkan.se\/tankarinforhelgen\/wp-json\/wp\/v2\/posts"}],"about":[{"href":"https:\/\/blogg.svenskakyrkan.se\/tankarinforhelgen\/wp-json\/wp\/v2\/types\/post"}],"author":[{"embeddable":true,"href":"https:\/\/blogg.svenskakyrkan.se\/tankarinforhelgen\/wp-json\/wp\/v2\/users\/719"}],"replies":[{"embeddable":true,"href":"https:\/\/blogg.svenskakyrkan.se\/tankarinforhelgen\/wp-json\/wp\/v2\/comments?post=1632"}],"version-history":[{"count":1,"href":"https:\/\/blogg.svenskakyrkan.se\/tankarinforhelgen\/wp-json\/wp\/v2\/posts\/1632\/revisions"}],"predecessor-version":[{"id":1634,"href":"https:\/\/blogg.svenskakyrkan.se\/tankarinforhelgen\/wp-json\/wp\/v2\/posts\/1632\/revisions\/1634"}],"wp:featuredmedia":[{"embeddable":true,"href":"https:\/\/blogg.svenskakyrkan.se\/tankarinforhelgen\/wp-json\/wp\/v2\/media\/1633"}],"wp:attachment":[{"href":"https:\/\/blogg.svenskakyrkan.se\/tankarinforhelgen\/wp-json\/wp\/v2\/media?parent=1632"}],"wp:term":[{"taxonomy":"category","embeddable":true,"href":"https:\/\/blogg.svenskakyrkan.se\/tankarinforhelgen\/wp-json\/wp\/v2\/categories?post=1632"},{"taxonomy":"post_tag","embeddable":true,"href":"https:\/\/blogg.svenskakyrkan.se\/tankarinforhelgen\/wp-json\/wp\/v2\/tags?post=1632"}],"curies":[{"name":"wp","href":"https:\/\/api.w.org\/{rel}","templated":true}]}}