{"id":1635,"date":"2019-02-25T11:39:11","date_gmt":"2019-02-25T10:39:11","guid":{"rendered":"http:\/\/blogg.svenskakyrkan.se\/tankarinforhelgen\/?p=1635"},"modified":"2019-02-25T12:57:06","modified_gmt":"2019-02-25T11:57:06","slug":"hur-syns-gud","status":"publish","type":"post","link":"https:\/\/blogg.svenskakyrkan.se\/tankarinforhelgen\/2019\/02\/25\/hur-syns-gud\/","title":{"rendered":"Hur syns Gud?"},"content":{"rendered":"<p>Vad har du f\u00f6r bild av Gud? Hur ser Gud ut? Det har h\u00e4nt mig flera g\u00e5nger att v\u00e4nner och andra har fr\u00e5gat mig hur jag kan tro p\u00e5 en Gud som inte syns.<\/p>\n<p>Ofta har jag v\u00e4nt p\u00e5 fr\u00e5gan och fr\u00e5gat hur de inte kan se att v\u00e4rlden har en Skapare. Hur kan vi se sm\u00e5 sn\u00f6droppar kriga sig upp ur den vintertr\u00f6tta marken och inte uppfyllas av hopp? S\u00e4g mig att alla m\u00e4nniskor jag m\u00f6tt som vittnat om m\u00f6ten med den levande Guden inte \u00e4r bevis?<\/p>\n<p>Jag beh\u00f6ver inte se en man p\u00e5 ett moln, l\u00e4gga h\u00e4nderna p\u00e5 Jesus eller se tecken p\u00e5 himlen. Min Gud har inte ett ansikte, men det betyder inte att Gud \u00e4r om\u00f6jlig att se. Min tro \u00e4r inte visshet, utan en l\u00e4ngtan, en \u00f6nskan: Jag vill g\u00e4rna se Jesus.<\/p>\n<p>Orden kommer fr\u00e5n ett g\u00e4ng som kom till en av Jesu l\u00e4rjungar. De ville se honom som det skvallrades om. Han som fick d\u00f6va att h\u00f6ra, blinda att se, lama att g\u00e5 och talade med tullindrivare. Han var en bland m\u00e5nga profeter, men \u00e4nd\u00e5 tror jag att folket f\u00f6rstod att det var n\u00e5got speciellt med honom.<\/p>\n<p>Vad svarar Jesus? H\u00e4r \u00e4r jag! Nej, ist\u00e4llet b\u00f6rjar Jesus tala om sin egen d\u00f6d. Han beskriver sig sj\u00e4lv som ett vetekorn som beh\u00f6ver falla till jorden f\u00f6r att kunna ge liv. Det \u00e4r liksom meningen att kornet ska bli n\u00e5got annat. Ett ensamt korn \u00e4r utan verkan, men inom sig b\u00e4r det m\u00f6jligheter. Jesu d\u00f6d \u00e4r inte utan verkan. T\u00e4nk att vara bland hans v\u00e4nner n\u00e4r denna m\u00e4ktiga man s\u00e4ger att han m\u00e5ste d\u00f6. Nu \u00e4r ju tiden f\u00f6r gl\u00e4djens segert\u00e5g &#8211; inte d\u00f6d?<\/p>\n<p>L\u00e4rjungarna f\u00f6rstod nog inte alls vad han pratade om. Det \u00e4r tr\u00f6sterikt tycker jag. De h\u00e4nger inte alltid med, det g\u00f6r inte jag heller. Jesus s\u00e4ger d\u00e5 om och om igen till sina v\u00e4nner: F\u00f6lj mig!<\/p>\n<p>Som om han vet att jag inte fattar, men att han vet att jag kommer att g\u00f6ra det. D\u00e4r jag \u00e4r, d\u00e4r kommer mina v\u00e4nner att vara, s\u00e4ger Jesus. Han ber\u00e4ttar f\u00f6r dem att det h\u00e4nder n\u00e5got nytt. Han ber\u00e4ttar om ett vetekorn som m\u00e5ste falla i marken och d\u00f6 &#8211; annars kan det inte v\u00e4xa. \u00d6verallt i v\u00e4rlden ska Jesu namn uttalas och bli verksamt i m\u00e4nniskors liv. Det \u00e4r ett segert\u00e5g, men inte p\u00e5 det s\u00e4ttet vi v\u00e4ntar oss. S\u00e5 \u00e4r det med Jesus, det blir inte alltid som vi har t\u00e4nkt det.<\/p>\n<p>Denna helg kommer Jesus till oss med en liknelse om sann k\u00e4rlek. K\u00e4rlekens v\u00e4g talar vi ibland om, det l\u00e5ter vackert. Det \u00e4r den offrande k\u00e4rleken som vi talar om. Den k\u00e4rleken som m\u00e5ste d\u00f6 f\u00f6r att livet ska segra. Jesus g\u00e5r k\u00e4rlekens v\u00e4g, den skitiga v\u00e4gen, den sm\u00e4rtfyllda v\u00e4gen. Han g\u00e5r till korset f\u00f6r din och min skull, och \u00e4n idag vandrar han med oss i m\u00f6rker och ljus.<\/p>\n<p>Vi vill g\u00e4rna se Jesus, men han \u00e4r h\u00e4r. I varje andetag, i varje medm\u00e4nniska, i liv, i d\u00f6d och han \u00e4lskar oss mer \u00e4n ord kan s\u00e4ga.<\/p>\n<p>Med sitt liv, sina handlingar och sina ord visar han oss vad k\u00e4rlek \u00e4r. Jesus uppmanar: \u00c4lska varandra s\u00e5som jag har \u00e4lskat er. D\u00e4r \u00e4r Guds ansikte &#8211; i v\u00e5r n\u00e4sta, fullt synlig och alltid n\u00e4rvarande.<\/p>\n","protected":false},"excerpt":{"rendered":"<p>Vad har du f\u00f6r bild av Gud? Hur ser Gud ut? Det har h\u00e4nt mig flera g\u00e5nger att v\u00e4nner och andra har fr\u00e5gat mig hur jag kan tro p\u00e5 en Gud som inte syns. Ofta har jag v\u00e4nt p\u00e5 fr\u00e5gan och fr\u00e5gat hur de inte kan se att v\u00e4rlden har en Skapare. Hur kan vi [&hellip;]<\/p>\n","protected":false},"author":672,"featured_media":1638,"comment_status":"open","ping_status":"open","sticky":false,"template":"","format":"standard","meta":{"_acf_changed":false,"footnotes":""},"categories":[138009],"tags":[142465,142457],"class_list":["post-1635","post","type-post","status-publish","format-standard","has-post-thumbnail","hentry","category-fastlagssondagen","tag-catharina-carlsson","tag-tankarinforhelgen"],"acf":[],"yoast_head":"<!-- This site is optimized with the Yoast SEO plugin v27.1.1 - https:\/\/yoast.com\/product\/yoast-seo-wordpress\/ -->\n<title>Hur syns Gud? - Tankar inf\u00f6r helgen<\/title>\n<meta name=\"robots\" content=\"index, follow, max-snippet:-1, max-image-preview:large, max-video-preview:-1\" \/>\n<link rel=\"canonical\" href=\"https:\/\/blogg.svenskakyrkan.se\/tankarinforhelgen\/2019\/02\/25\/hur-syns-gud\/\" \/>\n<meta property=\"og:locale\" content=\"sv_SE\" \/>\n<meta property=\"og:type\" content=\"article\" \/>\n<meta property=\"og:title\" content=\"Hur syns Gud? - Tankar inf\u00f6r helgen\" \/>\n<meta property=\"og:description\" content=\"Vad har du f\u00f6r bild av Gud? Hur ser Gud ut? Det har h\u00e4nt mig flera g\u00e5nger att v\u00e4nner och andra har fr\u00e5gat mig hur jag kan tro p\u00e5 en Gud som inte syns. Ofta har jag v\u00e4nt p\u00e5 fr\u00e5gan och fr\u00e5gat hur de inte kan se att v\u00e4rlden har en Skapare. Hur kan vi [&hellip;]\" \/>\n<meta property=\"og:url\" content=\"https:\/\/blogg.svenskakyrkan.se\/tankarinforhelgen\/2019\/02\/25\/hur-syns-gud\/\" \/>\n<meta property=\"og:site_name\" content=\"Tankar inf\u00f6r helgen\" \/>\n<meta property=\"article:published_time\" content=\"2019-02-25T10:39:11+00:00\" \/>\n<meta property=\"article:modified_time\" content=\"2019-02-25T11:57:06+00:00\" \/>\n<meta name=\"author\" content=\"Catharina Carlsson, pr\u00e4st\" \/>\n<meta name=\"twitter:card\" content=\"summary_large_image\" \/>\n<meta name=\"twitter:label1\" content=\"Skriven av\" \/>\n\t<meta name=\"twitter:data1\" content=\"Catharina Carlsson, pr\u00e4st\" \/>\n\t<meta name=\"twitter:label2\" content=\"Ber\u00e4knad l\u00e4stid\" \/>\n\t<meta name=\"twitter:data2\" content=\"3 minuter\" \/>\n<script type=\"application\/ld+json\" class=\"yoast-schema-graph\">{\"@context\":\"https:\/\/schema.org\",\"@graph\":[{\"@type\":\"Article\",\"@id\":\"https:\/\/blogg.svenskakyrkan.se\/tankarinforhelgen\/2019\/02\/25\/hur-syns-gud\/#article\",\"isPartOf\":{\"@id\":\"https:\/\/blogg.svenskakyrkan.se\/tankarinforhelgen\/2019\/02\/25\/hur-syns-gud\/\"},\"author\":{\"name\":\"Catharina Carlsson, pr\u00e4st\",\"@id\":\"https:\/\/blogg.svenskakyrkan.se\/tankarinforhelgen\/#\/schema\/person\/d822d69bf74ba8b653a523a24142ad17\"},\"headline\":\"Hur syns Gud?\",\"datePublished\":\"2019-02-25T10:39:11+00:00\",\"dateModified\":\"2019-02-25T11:57:06+00:00\",\"mainEntityOfPage\":{\"@id\":\"https:\/\/blogg.svenskakyrkan.se\/tankarinforhelgen\/2019\/02\/25\/hur-syns-gud\/\"},\"wordCount\":650,\"commentCount\":4,\"image\":{\"@id\":\"https:\/\/blogg.svenskakyrkan.se\/tankarinforhelgen\/2019\/02\/25\/hur-syns-gud\/#primaryimage\"},\"thumbnailUrl\":\"https:\/\/blogg.svenskakyrkan.se\/tankarinforhelgen\/files\/2019\/02\/fr\u00f6n1.jpg\",\"keywords\":[\"Catharina Carlsson\",\"TANKARINFORHELGEN\"],\"articleSection\":[\"Fastlagss\u00f6ndagen\"],\"inLanguage\":\"sv-SE\",\"potentialAction\":[{\"@type\":\"CommentAction\",\"name\":\"Comment\",\"target\":[\"https:\/\/blogg.svenskakyrkan.se\/tankarinforhelgen\/2019\/02\/25\/hur-syns-gud\/#respond\"]}]},{\"@type\":\"WebPage\",\"@id\":\"https:\/\/blogg.svenskakyrkan.se\/tankarinforhelgen\/2019\/02\/25\/hur-syns-gud\/\",\"url\":\"https:\/\/blogg.svenskakyrkan.se\/tankarinforhelgen\/2019\/02\/25\/hur-syns-gud\/\",\"name\":\"Hur syns Gud? - Tankar inf\u00f6r helgen\",\"isPartOf\":{\"@id\":\"https:\/\/blogg.svenskakyrkan.se\/tankarinforhelgen\/#website\"},\"primaryImageOfPage\":{\"@id\":\"https:\/\/blogg.svenskakyrkan.se\/tankarinforhelgen\/2019\/02\/25\/hur-syns-gud\/#primaryimage\"},\"image\":{\"@id\":\"https:\/\/blogg.svenskakyrkan.se\/tankarinforhelgen\/2019\/02\/25\/hur-syns-gud\/#primaryimage\"},\"thumbnailUrl\":\"https:\/\/blogg.svenskakyrkan.se\/tankarinforhelgen\/files\/2019\/02\/fr\u00f6n1.jpg\",\"datePublished\":\"2019-02-25T10:39:11+00:00\",\"dateModified\":\"2019-02-25T11:57:06+00:00\",\"author\":{\"@id\":\"https:\/\/blogg.svenskakyrkan.se\/tankarinforhelgen\/#\/schema\/person\/d822d69bf74ba8b653a523a24142ad17\"},\"breadcrumb\":{\"@id\":\"https:\/\/blogg.svenskakyrkan.se\/tankarinforhelgen\/2019\/02\/25\/hur-syns-gud\/#breadcrumb\"},\"inLanguage\":\"sv-SE\",\"potentialAction\":[{\"@type\":\"ReadAction\",\"target\":[\"https:\/\/blogg.svenskakyrkan.se\/tankarinforhelgen\/2019\/02\/25\/hur-syns-gud\/\"]}]},{\"@type\":\"ImageObject\",\"inLanguage\":\"sv-SE\",\"@id\":\"https:\/\/blogg.svenskakyrkan.se\/tankarinforhelgen\/2019\/02\/25\/hur-syns-gud\/#primaryimage\",\"url\":\"https:\/\/blogg.svenskakyrkan.se\/tankarinforhelgen\/files\/2019\/02\/fr\u00f6n1.jpg\",\"contentUrl\":\"https:\/\/blogg.svenskakyrkan.se\/tankarinforhelgen\/files\/2019\/02\/fr\u00f6n1.jpg\",\"width\":1200,\"height\":900},{\"@type\":\"BreadcrumbList\",\"@id\":\"https:\/\/blogg.svenskakyrkan.se\/tankarinforhelgen\/2019\/02\/25\/hur-syns-gud\/#breadcrumb\",\"itemListElement\":[{\"@type\":\"ListItem\",\"position\":1,\"name\":\"Hem\",\"item\":\"https:\/\/blogg.svenskakyrkan.se\/tankarinforhelgen\/\"},{\"@type\":\"ListItem\",\"position\":2,\"name\":\"Hur syns Gud?\"}]},{\"@type\":\"WebSite\",\"@id\":\"https:\/\/blogg.svenskakyrkan.se\/tankarinforhelgen\/#website\",\"url\":\"https:\/\/blogg.svenskakyrkan.se\/tankarinforhelgen\/\",\"name\":\"Tankar inf\u00f6r helgen\",\"description\":\"Pr\u00e4ster funderar utifr\u00e5n kommande s\u00f6ndags texter\",\"potentialAction\":[{\"@type\":\"SearchAction\",\"target\":{\"@type\":\"EntryPoint\",\"urlTemplate\":\"https:\/\/blogg.svenskakyrkan.se\/tankarinforhelgen\/?s={search_term_string}\"},\"query-input\":{\"@type\":\"PropertyValueSpecification\",\"valueRequired\":true,\"valueName\":\"search_term_string\"}}],\"inLanguage\":\"sv-SE\"},{\"@type\":\"Person\",\"@id\":\"https:\/\/blogg.svenskakyrkan.se\/tankarinforhelgen\/#\/schema\/person\/d822d69bf74ba8b653a523a24142ad17\",\"name\":\"Catharina Carlsson, pr\u00e4st\",\"image\":{\"@type\":\"ImageObject\",\"inLanguage\":\"sv-SE\",\"@id\":\"https:\/\/blogg.svenskakyrkan.se\/tankarinforhelgen\/#\/schema\/person\/image\/\",\"url\":\"https:\/\/secure.gravatar.com\/avatar\/a05095351d4bef3936c8e5eb4759b56ae7498e54a3370d1dbcd55cd306192198?s=96&d=mm&r=g\",\"contentUrl\":\"https:\/\/secure.gravatar.com\/avatar\/a05095351d4bef3936c8e5eb4759b56ae7498e54a3370d1dbcd55cd306192198?s=96&d=mm&r=g\",\"caption\":\"Catharina Carlsson, pr\u00e4st\"},\"url\":\"https:\/\/blogg.svenskakyrkan.se\/tankarinforhelgen\/author\/catharinacarlsson\/\"}]}<\/script>\n<!-- \/ Yoast SEO plugin. -->","yoast_head_json":{"title":"Hur syns Gud? - Tankar inf\u00f6r helgen","robots":{"index":"index","follow":"follow","max-snippet":"max-snippet:-1","max-image-preview":"max-image-preview:large","max-video-preview":"max-video-preview:-1"},"canonical":"https:\/\/blogg.svenskakyrkan.se\/tankarinforhelgen\/2019\/02\/25\/hur-syns-gud\/","og_locale":"sv_SE","og_type":"article","og_title":"Hur syns Gud? - Tankar inf\u00f6r helgen","og_description":"Vad har du f\u00f6r bild av Gud? Hur ser Gud ut? Det har h\u00e4nt mig flera g\u00e5nger att v\u00e4nner och andra har fr\u00e5gat mig hur jag kan tro p\u00e5 en Gud som inte syns. Ofta har jag v\u00e4nt p\u00e5 fr\u00e5gan och fr\u00e5gat hur de inte kan se att v\u00e4rlden har en Skapare. Hur kan vi [&hellip;]","og_url":"https:\/\/blogg.svenskakyrkan.se\/tankarinforhelgen\/2019\/02\/25\/hur-syns-gud\/","og_site_name":"Tankar inf\u00f6r helgen","article_published_time":"2019-02-25T10:39:11+00:00","article_modified_time":"2019-02-25T11:57:06+00:00","author":"Catharina Carlsson, pr\u00e4st","twitter_card":"summary_large_image","twitter_misc":{"Skriven av":"Catharina Carlsson, pr\u00e4st","Ber\u00e4knad l\u00e4stid":"3 minuter"},"schema":{"@context":"https:\/\/schema.org","@graph":[{"@type":"Article","@id":"https:\/\/blogg.svenskakyrkan.se\/tankarinforhelgen\/2019\/02\/25\/hur-syns-gud\/#article","isPartOf":{"@id":"https:\/\/blogg.svenskakyrkan.se\/tankarinforhelgen\/2019\/02\/25\/hur-syns-gud\/"},"author":{"name":"Catharina Carlsson, pr\u00e4st","@id":"https:\/\/blogg.svenskakyrkan.se\/tankarinforhelgen\/#\/schema\/person\/d822d69bf74ba8b653a523a24142ad17"},"headline":"Hur syns Gud?","datePublished":"2019-02-25T10:39:11+00:00","dateModified":"2019-02-25T11:57:06+00:00","mainEntityOfPage":{"@id":"https:\/\/blogg.svenskakyrkan.se\/tankarinforhelgen\/2019\/02\/25\/hur-syns-gud\/"},"wordCount":650,"commentCount":4,"image":{"@id":"https:\/\/blogg.svenskakyrkan.se\/tankarinforhelgen\/2019\/02\/25\/hur-syns-gud\/#primaryimage"},"thumbnailUrl":"https:\/\/blogg.svenskakyrkan.se\/tankarinforhelgen\/files\/2019\/02\/fr\u00f6n1.jpg","keywords":["Catharina Carlsson","TANKARINFORHELGEN"],"articleSection":["Fastlagss\u00f6ndagen"],"inLanguage":"sv-SE","potentialAction":[{"@type":"CommentAction","name":"Comment","target":["https:\/\/blogg.svenskakyrkan.se\/tankarinforhelgen\/2019\/02\/25\/hur-syns-gud\/#respond"]}]},{"@type":"WebPage","@id":"https:\/\/blogg.svenskakyrkan.se\/tankarinforhelgen\/2019\/02\/25\/hur-syns-gud\/","url":"https:\/\/blogg.svenskakyrkan.se\/tankarinforhelgen\/2019\/02\/25\/hur-syns-gud\/","name":"Hur syns Gud? - Tankar inf\u00f6r helgen","isPartOf":{"@id":"https:\/\/blogg.svenskakyrkan.se\/tankarinforhelgen\/#website"},"primaryImageOfPage":{"@id":"https:\/\/blogg.svenskakyrkan.se\/tankarinforhelgen\/2019\/02\/25\/hur-syns-gud\/#primaryimage"},"image":{"@id":"https:\/\/blogg.svenskakyrkan.se\/tankarinforhelgen\/2019\/02\/25\/hur-syns-gud\/#primaryimage"},"thumbnailUrl":"https:\/\/blogg.svenskakyrkan.se\/tankarinforhelgen\/files\/2019\/02\/fr\u00f6n1.jpg","datePublished":"2019-02-25T10:39:11+00:00","dateModified":"2019-02-25T11:57:06+00:00","author":{"@id":"https:\/\/blogg.svenskakyrkan.se\/tankarinforhelgen\/#\/schema\/person\/d822d69bf74ba8b653a523a24142ad17"},"breadcrumb":{"@id":"https:\/\/blogg.svenskakyrkan.se\/tankarinforhelgen\/2019\/02\/25\/hur-syns-gud\/#breadcrumb"},"inLanguage":"sv-SE","potentialAction":[{"@type":"ReadAction","target":["https:\/\/blogg.svenskakyrkan.se\/tankarinforhelgen\/2019\/02\/25\/hur-syns-gud\/"]}]},{"@type":"ImageObject","inLanguage":"sv-SE","@id":"https:\/\/blogg.svenskakyrkan.se\/tankarinforhelgen\/2019\/02\/25\/hur-syns-gud\/#primaryimage","url":"https:\/\/blogg.svenskakyrkan.se\/tankarinforhelgen\/files\/2019\/02\/fr\u00f6n1.jpg","contentUrl":"https:\/\/blogg.svenskakyrkan.se\/tankarinforhelgen\/files\/2019\/02\/fr\u00f6n1.jpg","width":1200,"height":900},{"@type":"BreadcrumbList","@id":"https:\/\/blogg.svenskakyrkan.se\/tankarinforhelgen\/2019\/02\/25\/hur-syns-gud\/#breadcrumb","itemListElement":[{"@type":"ListItem","position":1,"name":"Hem","item":"https:\/\/blogg.svenskakyrkan.se\/tankarinforhelgen\/"},{"@type":"ListItem","position":2,"name":"Hur syns Gud?"}]},{"@type":"WebSite","@id":"https:\/\/blogg.svenskakyrkan.se\/tankarinforhelgen\/#website","url":"https:\/\/blogg.svenskakyrkan.se\/tankarinforhelgen\/","name":"Tankar inf\u00f6r helgen","description":"Pr\u00e4ster funderar utifr\u00e5n kommande s\u00f6ndags texter","potentialAction":[{"@type":"SearchAction","target":{"@type":"EntryPoint","urlTemplate":"https:\/\/blogg.svenskakyrkan.se\/tankarinforhelgen\/?s={search_term_string}"},"query-input":{"@type":"PropertyValueSpecification","valueRequired":true,"valueName":"search_term_string"}}],"inLanguage":"sv-SE"},{"@type":"Person","@id":"https:\/\/blogg.svenskakyrkan.se\/tankarinforhelgen\/#\/schema\/person\/d822d69bf74ba8b653a523a24142ad17","name":"Catharina Carlsson, pr\u00e4st","image":{"@type":"ImageObject","inLanguage":"sv-SE","@id":"https:\/\/blogg.svenskakyrkan.se\/tankarinforhelgen\/#\/schema\/person\/image\/","url":"https:\/\/secure.gravatar.com\/avatar\/a05095351d4bef3936c8e5eb4759b56ae7498e54a3370d1dbcd55cd306192198?s=96&d=mm&r=g","contentUrl":"https:\/\/secure.gravatar.com\/avatar\/a05095351d4bef3936c8e5eb4759b56ae7498e54a3370d1dbcd55cd306192198?s=96&d=mm&r=g","caption":"Catharina Carlsson, pr\u00e4st"},"url":"https:\/\/blogg.svenskakyrkan.se\/tankarinforhelgen\/author\/catharinacarlsson\/"}]}},"author_meta":{"ID":"672","user_nicename":"catharinacarlsson","user_registered":"2018-04-10 11:22:30","display_name":"Catharina Carlsson, pr\u00e4st","first_name":"Catharina","last_name":"Carlsson, pr\u00e4st","avatar":"https:\/\/secure.gravatar.com\/avatar\/a05095351d4bef3936c8e5eb4759b56ae7498e54a3370d1dbcd55cd306192198?s=96&d=mm&r=g"},"featured_image":["https:\/\/blogg.svenskakyrkan.se\/tankarinforhelgen\/files\/2019\/02\/fr\u00f6n1-1024x768.jpg",1024,768,true],"bloginfo":{"name":"Tankar inf\u00f6r helgen","url":"https:\/\/blogg.svenskakyrkan.se\/tankarinforhelgen"},"_links":{"self":[{"href":"https:\/\/blogg.svenskakyrkan.se\/tankarinforhelgen\/wp-json\/wp\/v2\/posts\/1635","targetHints":{"allow":["GET"]}}],"collection":[{"href":"https:\/\/blogg.svenskakyrkan.se\/tankarinforhelgen\/wp-json\/wp\/v2\/posts"}],"about":[{"href":"https:\/\/blogg.svenskakyrkan.se\/tankarinforhelgen\/wp-json\/wp\/v2\/types\/post"}],"author":[{"embeddable":true,"href":"https:\/\/blogg.svenskakyrkan.se\/tankarinforhelgen\/wp-json\/wp\/v2\/users\/672"}],"replies":[{"embeddable":true,"href":"https:\/\/blogg.svenskakyrkan.se\/tankarinforhelgen\/wp-json\/wp\/v2\/comments?post=1635"}],"version-history":[{"count":3,"href":"https:\/\/blogg.svenskakyrkan.se\/tankarinforhelgen\/wp-json\/wp\/v2\/posts\/1635\/revisions"}],"predecessor-version":[{"id":1640,"href":"https:\/\/blogg.svenskakyrkan.se\/tankarinforhelgen\/wp-json\/wp\/v2\/posts\/1635\/revisions\/1640"}],"wp:featuredmedia":[{"embeddable":true,"href":"https:\/\/blogg.svenskakyrkan.se\/tankarinforhelgen\/wp-json\/wp\/v2\/media\/1638"}],"wp:attachment":[{"href":"https:\/\/blogg.svenskakyrkan.se\/tankarinforhelgen\/wp-json\/wp\/v2\/media?parent=1635"}],"wp:term":[{"taxonomy":"category","embeddable":true,"href":"https:\/\/blogg.svenskakyrkan.se\/tankarinforhelgen\/wp-json\/wp\/v2\/categories?post=1635"},{"taxonomy":"post_tag","embeddable":true,"href":"https:\/\/blogg.svenskakyrkan.se\/tankarinforhelgen\/wp-json\/wp\/v2\/tags?post=1635"}],"curies":[{"name":"wp","href":"https:\/\/api.w.org\/{rel}","templated":true}]}}