{"id":1651,"date":"2019-03-14T15:45:12","date_gmt":"2019-03-14T14:45:12","guid":{"rendered":"http:\/\/blogg.svenskakyrkan.se\/tankarinforhelgen\/?p=1651"},"modified":"2019-03-14T15:49:52","modified_gmt":"2019-03-14T14:49:52","slug":"1651","status":"publish","type":"post","link":"https:\/\/blogg.svenskakyrkan.se\/tankarinforhelgen\/2019\/03\/14\/1651\/","title":{"rendered":"F\u00f6tternas plats"},"content":{"rendered":"<p>-L\u00e5t honom ha f\u00f6tterna p\u00e5 bordet!<\/p>\n<p>Byggm\u00e4starens order ekar i tomrummet. Sp\u00e4nningen stiger. Byggm\u00e4staren har trott p\u00e5 det h\u00e4r. K\u00e4mpat, t\u00e4nkt, och ber\u00e4knat. Han \u00e4r \u00f6vertygad om att Jesu f\u00f6tter ska f\u00e5 plats p\u00e5 bordet.<\/p>\n<p>&nbsp;<\/p>\n<p>F\u00f6tterna b\u00e4r upp resten av Jesu kropp med hans v\u00e4lkomnande armar och l\u00e4tt b\u00f6jda huvud. L\u00e4nge har byggm\u00e4staren k\u00e4mpat f\u00f6r sin tro p\u00e5 att det ska lyckas. Nu ska den tron pr\u00f6vas. Tron p\u00e5 att Jesu f\u00f6tter b\u00e4r. Tron p\u00e5 att Jesus kommer att st\u00e5 upp f\u00f6r den som kommer in i rummet. Tron p\u00e5 att den som kommer in i rummet m\u00e4rker att Jesus st\u00e5r upp f\u00f6r just den personen.<\/p>\n<p>&nbsp;<\/p>\n<p>Jag ser en stund p\u00e5 Jesus-figuren. Med ett leende t\u00e4nker jag att det skulle kunnat ha g\u00e5tt till ungef\u00e4r s\u00e5 d\u00e4r n\u00e4r Jesus fick sin plats p\u00e5 bordet. Bordet \u00e4r altaret i en av kyrkorna i min n\u00e4rhet. Bredvid blommor och ljus har Jesus sina f\u00f6tter. Figuren \u00e4r i min dubbla l\u00e4ngd och jag hoppas varje g\u00e5ng jag st\u00e5r vid hans f\u00f6tter att han lutar sig mot v\u00e4ggen. Jag tror att han st\u00e5r stilla n\u00e4r jag kommer till honom med det som hj\u00e4rtat \u00e4r fyllt av. Tror att han b\u00e4r mitt tvivel och mina sorger utan att falla s\u00f6nder. Tror att han ger mig en plats vid bordet p\u00e5 samma s\u00e4tt som han gjorde en g\u00e5ng f\u00f6r l\u00e4nge sedan vid ett annat bord. Den h\u00e4r s\u00f6ndagens evangelium serveras vid det bordet.<\/p>\n<p>&nbsp;<\/p>\n<p>Bordet st\u00e5r hemma hos Simon. Men det kunde vara hemma hos dig eller mig. Jesus kommer p\u00e5 hembes\u00f6k och vi bjuder honom till bords. \u2013Bon apetit! Och i ett andetag \u00e4r m\u00e5ltiden ig\u00e5ng. Vem vill bli st\u00f6rd n\u00e4r en m\u00e5ltid med s\u00e5dant finbes\u00f6k just har b\u00f6rjat? Vem vill f\u00e5 tankar och liv utmanade? Vem vill bli p\u00e5mind om sorger, saknade och sjukdomar n\u00e4r vi \u00e4ntligen har satt oss ner i gott s\u00e4llskap?<\/p>\n<p>&nbsp;<\/p>\n<p>Jag vill inte. Eller r\u00e4ttare sagt, jag kanske vill men jag vill inte g\u00e5 in i kampen som ett samtal med bordsgrannen Jesus kan leda till. Det g\u00f6r ont och \u00e4r sv\u00e5rt och jag v\u00e4rjer mig. Det \u00e4r m\u00e4nskligt!<\/p>\n<p>&nbsp;<\/p>\n<p>En ny person kommer in i rummet n\u00e4r m\u00e5ltiden \u00e4r ig\u00e5ng. Med stor k\u00e4rlek l\u00e4gger den nya g\u00e4sten sin uppm\u00e4rksamhet vid Jesu f\u00f6tter. Sina sorger och sin omsorg l\u00e4gger hon ocks\u00e5 d\u00e4r. Hon verkar veta att det \u00e4r just d\u00e4r som de allra b\u00e4st h\u00f6r hemma. Hur kan hon g\u00f6ra det jag skulle vilja men inte f\u00f6rm\u00e5r mig att g\u00f6ra? Hur kan Jesus l\u00e5ta henne g\u00f6ra s\u00e5? Mina ord missar Jesu f\u00f6tter och riktar sig in i hans ansikte. Som om jag gl\u00f6mt att fotperspektiv verkar rymma en hemlighet.<\/p>\n<p>&nbsp;<\/p>\n<p>-F\u00f6r att du ska kunna g\u00e5 i frid fr\u00e5n det h\u00e4r bordet, svarar Jesus.<\/p>\n<p>-F\u00f6r att jag vill hj\u00e4lpa dig att l\u00e4gga din l\u00e4ngtan och din kamp vid mina f\u00f6tter. N\u00e5gon beh\u00f6vs som kan visa dig, som kan v\u00e4cka ditt mod att tro mig. Mina f\u00f6tter st\u00e5r stilla och de trampar inte p\u00e5 det som \u00e4r \u00f6mt\u00e5ligt. Jag b\u00e4r ditt f\u00f6rtroende utan att falla s\u00f6nder.<\/p>\n<p>&nbsp;<\/p>\n<p>Jag sitter tyst vid bordet en stund. T\u00e4nker p\u00e5 Jesus-figuren i kyrkan och att han faktiskt st\u00e5r upp trots alla b\u00f6ner som riktats till honom. Jag v\u00e4rms av bilden. Och jag f\u00f6rnimmer en aning av mod, en aning av den verklige Jesus. En mening i orden: -G\u00e5 i frid, din tro har hj\u00e4lpt dig!<\/p>\n","protected":false},"excerpt":{"rendered":"<p>-L\u00e5t honom ha f\u00f6tterna p\u00e5 bordet! Byggm\u00e4starens order ekar i tomrummet. Sp\u00e4nningen stiger. Byggm\u00e4staren har trott p\u00e5 det h\u00e4r. K\u00e4mpat, t\u00e4nkt, och ber\u00e4knat. Han \u00e4r \u00f6vertygad om att Jesu f\u00f6tter ska f\u00e5 plats p\u00e5 bordet. &nbsp; F\u00f6tterna b\u00e4r upp resten av Jesu kropp med hans v\u00e4lkomnande armar och l\u00e4tt b\u00f6jda huvud. L\u00e4nge har byggm\u00e4staren k\u00e4mpat [&hellip;]<\/p>\n","protected":false},"author":666,"featured_media":1655,"comment_status":"open","ping_status":"open","sticky":false,"template":"","format":"standard","meta":{"_acf_changed":false,"footnotes":""},"categories":[99409],"tags":[159864,142457],"class_list":["post-1651","post","type-post","status-publish","format-standard","has-post-thumbnail","hentry","category-andra-sondagen-i-fastan","tag-bk-ekstrand","tag-tankarinforhelgen"],"acf":[],"yoast_head":"<!-- This site is optimized with the Yoast SEO plugin v27.1.1 - https:\/\/yoast.com\/product\/yoast-seo-wordpress\/ -->\n<title>F\u00f6tternas plats - Tankar inf\u00f6r helgen<\/title>\n<meta name=\"robots\" content=\"index, follow, max-snippet:-1, max-image-preview:large, max-video-preview:-1\" \/>\n<link rel=\"canonical\" href=\"https:\/\/blogg.svenskakyrkan.se\/tankarinforhelgen\/2019\/03\/14\/1651\/\" \/>\n<meta property=\"og:locale\" content=\"sv_SE\" \/>\n<meta property=\"og:type\" content=\"article\" \/>\n<meta property=\"og:title\" content=\"F\u00f6tternas plats - Tankar inf\u00f6r helgen\" \/>\n<meta property=\"og:description\" content=\"-L\u00e5t honom ha f\u00f6tterna p\u00e5 bordet! Byggm\u00e4starens order ekar i tomrummet. Sp\u00e4nningen stiger. Byggm\u00e4staren har trott p\u00e5 det h\u00e4r. K\u00e4mpat, t\u00e4nkt, och ber\u00e4knat. Han \u00e4r \u00f6vertygad om att Jesu f\u00f6tter ska f\u00e5 plats p\u00e5 bordet. &nbsp; F\u00f6tterna b\u00e4r upp resten av Jesu kropp med hans v\u00e4lkomnande armar och l\u00e4tt b\u00f6jda huvud. L\u00e4nge har byggm\u00e4staren k\u00e4mpat [&hellip;]\" \/>\n<meta property=\"og:url\" content=\"https:\/\/blogg.svenskakyrkan.se\/tankarinforhelgen\/2019\/03\/14\/1651\/\" \/>\n<meta property=\"og:site_name\" content=\"Tankar inf\u00f6r helgen\" \/>\n<meta property=\"article:published_time\" content=\"2019-03-14T14:45:12+00:00\" \/>\n<meta property=\"article:modified_time\" content=\"2019-03-14T14:49:52+00:00\" \/>\n<meta name=\"author\" content=\"Britt-Karin Ekstrand, pr\u00e4st\" \/>\n<meta name=\"twitter:card\" content=\"summary_large_image\" \/>\n<meta name=\"twitter:label1\" content=\"Skriven av\" \/>\n\t<meta name=\"twitter:data1\" content=\"Britt-Karin Ekstrand, pr\u00e4st\" \/>\n\t<meta name=\"twitter:label2\" content=\"Ber\u00e4knad l\u00e4stid\" \/>\n\t<meta name=\"twitter:data2\" content=\"3 minuter\" \/>\n<script type=\"application\/ld+json\" class=\"yoast-schema-graph\">{\"@context\":\"https:\/\/schema.org\",\"@graph\":[{\"@type\":\"Article\",\"@id\":\"https:\/\/blogg.svenskakyrkan.se\/tankarinforhelgen\/2019\/03\/14\/1651\/#article\",\"isPartOf\":{\"@id\":\"https:\/\/blogg.svenskakyrkan.se\/tankarinforhelgen\/2019\/03\/14\/1651\/\"},\"author\":{\"name\":\"Britt-Karin Ekstrand, pr\u00e4st\",\"@id\":\"https:\/\/blogg.svenskakyrkan.se\/tankarinforhelgen\/#\/schema\/person\/b71e37fb25791f886e690531c593d0ce\"},\"headline\":\"F\u00f6tternas plats\",\"datePublished\":\"2019-03-14T14:45:12+00:00\",\"dateModified\":\"2019-03-14T14:49:52+00:00\",\"mainEntityOfPage\":{\"@id\":\"https:\/\/blogg.svenskakyrkan.se\/tankarinforhelgen\/2019\/03\/14\/1651\/\"},\"wordCount\":677,\"commentCount\":3,\"image\":{\"@id\":\"https:\/\/blogg.svenskakyrkan.se\/tankarinforhelgen\/2019\/03\/14\/1651\/#primaryimage\"},\"thumbnailUrl\":\"https:\/\/blogg.svenskakyrkan.se\/tankarinforhelgen\/files\/2019\/03\/jesusf\u00f6tter.jpg\",\"keywords\":[\"BK Ekstrand\",\"TANKARINFORHELGEN\"],\"articleSection\":[\"Andra s\u00f6ndagen i fastan\"],\"inLanguage\":\"sv-SE\",\"potentialAction\":[{\"@type\":\"CommentAction\",\"name\":\"Comment\",\"target\":[\"https:\/\/blogg.svenskakyrkan.se\/tankarinforhelgen\/2019\/03\/14\/1651\/#respond\"]}]},{\"@type\":\"WebPage\",\"@id\":\"https:\/\/blogg.svenskakyrkan.se\/tankarinforhelgen\/2019\/03\/14\/1651\/\",\"url\":\"https:\/\/blogg.svenskakyrkan.se\/tankarinforhelgen\/2019\/03\/14\/1651\/\",\"name\":\"F\u00f6tternas plats - Tankar inf\u00f6r helgen\",\"isPartOf\":{\"@id\":\"https:\/\/blogg.svenskakyrkan.se\/tankarinforhelgen\/#website\"},\"primaryImageOfPage\":{\"@id\":\"https:\/\/blogg.svenskakyrkan.se\/tankarinforhelgen\/2019\/03\/14\/1651\/#primaryimage\"},\"image\":{\"@id\":\"https:\/\/blogg.svenskakyrkan.se\/tankarinforhelgen\/2019\/03\/14\/1651\/#primaryimage\"},\"thumbnailUrl\":\"https:\/\/blogg.svenskakyrkan.se\/tankarinforhelgen\/files\/2019\/03\/jesusf\u00f6tter.jpg\",\"datePublished\":\"2019-03-14T14:45:12+00:00\",\"dateModified\":\"2019-03-14T14:49:52+00:00\",\"author\":{\"@id\":\"https:\/\/blogg.svenskakyrkan.se\/tankarinforhelgen\/#\/schema\/person\/b71e37fb25791f886e690531c593d0ce\"},\"breadcrumb\":{\"@id\":\"https:\/\/blogg.svenskakyrkan.se\/tankarinforhelgen\/2019\/03\/14\/1651\/#breadcrumb\"},\"inLanguage\":\"sv-SE\",\"potentialAction\":[{\"@type\":\"ReadAction\",\"target\":[\"https:\/\/blogg.svenskakyrkan.se\/tankarinforhelgen\/2019\/03\/14\/1651\/\"]}]},{\"@type\":\"ImageObject\",\"inLanguage\":\"sv-SE\",\"@id\":\"https:\/\/blogg.svenskakyrkan.se\/tankarinforhelgen\/2019\/03\/14\/1651\/#primaryimage\",\"url\":\"https:\/\/blogg.svenskakyrkan.se\/tankarinforhelgen\/files\/2019\/03\/jesusf\u00f6tter.jpg\",\"contentUrl\":\"https:\/\/blogg.svenskakyrkan.se\/tankarinforhelgen\/files\/2019\/03\/jesusf\u00f6tter.jpg\",\"width\":1180,\"height\":771},{\"@type\":\"BreadcrumbList\",\"@id\":\"https:\/\/blogg.svenskakyrkan.se\/tankarinforhelgen\/2019\/03\/14\/1651\/#breadcrumb\",\"itemListElement\":[{\"@type\":\"ListItem\",\"position\":1,\"name\":\"Hem\",\"item\":\"https:\/\/blogg.svenskakyrkan.se\/tankarinforhelgen\/\"},{\"@type\":\"ListItem\",\"position\":2,\"name\":\"F\u00f6tternas plats\"}]},{\"@type\":\"WebSite\",\"@id\":\"https:\/\/blogg.svenskakyrkan.se\/tankarinforhelgen\/#website\",\"url\":\"https:\/\/blogg.svenskakyrkan.se\/tankarinforhelgen\/\",\"name\":\"Tankar inf\u00f6r helgen\",\"description\":\"Pr\u00e4ster funderar utifr\u00e5n kommande s\u00f6ndags texter\",\"potentialAction\":[{\"@type\":\"SearchAction\",\"target\":{\"@type\":\"EntryPoint\",\"urlTemplate\":\"https:\/\/blogg.svenskakyrkan.se\/tankarinforhelgen\/?s={search_term_string}\"},\"query-input\":{\"@type\":\"PropertyValueSpecification\",\"valueRequired\":true,\"valueName\":\"search_term_string\"}}],\"inLanguage\":\"sv-SE\"},{\"@type\":\"Person\",\"@id\":\"https:\/\/blogg.svenskakyrkan.se\/tankarinforhelgen\/#\/schema\/person\/b71e37fb25791f886e690531c593d0ce\",\"name\":\"Britt-Karin Ekstrand, pr\u00e4st\",\"image\":{\"@type\":\"ImageObject\",\"inLanguage\":\"sv-SE\",\"@id\":\"https:\/\/blogg.svenskakyrkan.se\/tankarinforhelgen\/#\/schema\/person\/image\/\",\"url\":\"https:\/\/secure.gravatar.com\/avatar\/3084173b0a543e6addb65bacfbd387a5e64218fe28445217e6f305bab4f14203?s=96&d=mm&r=g\",\"contentUrl\":\"https:\/\/secure.gravatar.com\/avatar\/3084173b0a543e6addb65bacfbd387a5e64218fe28445217e6f305bab4f14203?s=96&d=mm&r=g\",\"caption\":\"Britt-Karin Ekstrand, pr\u00e4st\"},\"url\":\"https:\/\/blogg.svenskakyrkan.se\/tankarinforhelgen\/author\/brittkarinekstrand\/\"}]}<\/script>\n<!-- \/ Yoast SEO plugin. -->","yoast_head_json":{"title":"F\u00f6tternas plats - Tankar inf\u00f6r helgen","robots":{"index":"index","follow":"follow","max-snippet":"max-snippet:-1","max-image-preview":"max-image-preview:large","max-video-preview":"max-video-preview:-1"},"canonical":"https:\/\/blogg.svenskakyrkan.se\/tankarinforhelgen\/2019\/03\/14\/1651\/","og_locale":"sv_SE","og_type":"article","og_title":"F\u00f6tternas plats - Tankar inf\u00f6r helgen","og_description":"-L\u00e5t honom ha f\u00f6tterna p\u00e5 bordet! Byggm\u00e4starens order ekar i tomrummet. Sp\u00e4nningen stiger. Byggm\u00e4staren har trott p\u00e5 det h\u00e4r. K\u00e4mpat, t\u00e4nkt, och ber\u00e4knat. Han \u00e4r \u00f6vertygad om att Jesu f\u00f6tter ska f\u00e5 plats p\u00e5 bordet. &nbsp; F\u00f6tterna b\u00e4r upp resten av Jesu kropp med hans v\u00e4lkomnande armar och l\u00e4tt b\u00f6jda huvud. L\u00e4nge har byggm\u00e4staren k\u00e4mpat [&hellip;]","og_url":"https:\/\/blogg.svenskakyrkan.se\/tankarinforhelgen\/2019\/03\/14\/1651\/","og_site_name":"Tankar inf\u00f6r helgen","article_published_time":"2019-03-14T14:45:12+00:00","article_modified_time":"2019-03-14T14:49:52+00:00","author":"Britt-Karin Ekstrand, pr\u00e4st","twitter_card":"summary_large_image","twitter_misc":{"Skriven av":"Britt-Karin Ekstrand, pr\u00e4st","Ber\u00e4knad l\u00e4stid":"3 minuter"},"schema":{"@context":"https:\/\/schema.org","@graph":[{"@type":"Article","@id":"https:\/\/blogg.svenskakyrkan.se\/tankarinforhelgen\/2019\/03\/14\/1651\/#article","isPartOf":{"@id":"https:\/\/blogg.svenskakyrkan.se\/tankarinforhelgen\/2019\/03\/14\/1651\/"},"author":{"name":"Britt-Karin Ekstrand, pr\u00e4st","@id":"https:\/\/blogg.svenskakyrkan.se\/tankarinforhelgen\/#\/schema\/person\/b71e37fb25791f886e690531c593d0ce"},"headline":"F\u00f6tternas plats","datePublished":"2019-03-14T14:45:12+00:00","dateModified":"2019-03-14T14:49:52+00:00","mainEntityOfPage":{"@id":"https:\/\/blogg.svenskakyrkan.se\/tankarinforhelgen\/2019\/03\/14\/1651\/"},"wordCount":677,"commentCount":3,"image":{"@id":"https:\/\/blogg.svenskakyrkan.se\/tankarinforhelgen\/2019\/03\/14\/1651\/#primaryimage"},"thumbnailUrl":"https:\/\/blogg.svenskakyrkan.se\/tankarinforhelgen\/files\/2019\/03\/jesusf\u00f6tter.jpg","keywords":["BK Ekstrand","TANKARINFORHELGEN"],"articleSection":["Andra s\u00f6ndagen i fastan"],"inLanguage":"sv-SE","potentialAction":[{"@type":"CommentAction","name":"Comment","target":["https:\/\/blogg.svenskakyrkan.se\/tankarinforhelgen\/2019\/03\/14\/1651\/#respond"]}]},{"@type":"WebPage","@id":"https:\/\/blogg.svenskakyrkan.se\/tankarinforhelgen\/2019\/03\/14\/1651\/","url":"https:\/\/blogg.svenskakyrkan.se\/tankarinforhelgen\/2019\/03\/14\/1651\/","name":"F\u00f6tternas plats - Tankar inf\u00f6r helgen","isPartOf":{"@id":"https:\/\/blogg.svenskakyrkan.se\/tankarinforhelgen\/#website"},"primaryImageOfPage":{"@id":"https:\/\/blogg.svenskakyrkan.se\/tankarinforhelgen\/2019\/03\/14\/1651\/#primaryimage"},"image":{"@id":"https:\/\/blogg.svenskakyrkan.se\/tankarinforhelgen\/2019\/03\/14\/1651\/#primaryimage"},"thumbnailUrl":"https:\/\/blogg.svenskakyrkan.se\/tankarinforhelgen\/files\/2019\/03\/jesusf\u00f6tter.jpg","datePublished":"2019-03-14T14:45:12+00:00","dateModified":"2019-03-14T14:49:52+00:00","author":{"@id":"https:\/\/blogg.svenskakyrkan.se\/tankarinforhelgen\/#\/schema\/person\/b71e37fb25791f886e690531c593d0ce"},"breadcrumb":{"@id":"https:\/\/blogg.svenskakyrkan.se\/tankarinforhelgen\/2019\/03\/14\/1651\/#breadcrumb"},"inLanguage":"sv-SE","potentialAction":[{"@type":"ReadAction","target":["https:\/\/blogg.svenskakyrkan.se\/tankarinforhelgen\/2019\/03\/14\/1651\/"]}]},{"@type":"ImageObject","inLanguage":"sv-SE","@id":"https:\/\/blogg.svenskakyrkan.se\/tankarinforhelgen\/2019\/03\/14\/1651\/#primaryimage","url":"https:\/\/blogg.svenskakyrkan.se\/tankarinforhelgen\/files\/2019\/03\/jesusf\u00f6tter.jpg","contentUrl":"https:\/\/blogg.svenskakyrkan.se\/tankarinforhelgen\/files\/2019\/03\/jesusf\u00f6tter.jpg","width":1180,"height":771},{"@type":"BreadcrumbList","@id":"https:\/\/blogg.svenskakyrkan.se\/tankarinforhelgen\/2019\/03\/14\/1651\/#breadcrumb","itemListElement":[{"@type":"ListItem","position":1,"name":"Hem","item":"https:\/\/blogg.svenskakyrkan.se\/tankarinforhelgen\/"},{"@type":"ListItem","position":2,"name":"F\u00f6tternas plats"}]},{"@type":"WebSite","@id":"https:\/\/blogg.svenskakyrkan.se\/tankarinforhelgen\/#website","url":"https:\/\/blogg.svenskakyrkan.se\/tankarinforhelgen\/","name":"Tankar inf\u00f6r helgen","description":"Pr\u00e4ster funderar utifr\u00e5n kommande s\u00f6ndags texter","potentialAction":[{"@type":"SearchAction","target":{"@type":"EntryPoint","urlTemplate":"https:\/\/blogg.svenskakyrkan.se\/tankarinforhelgen\/?s={search_term_string}"},"query-input":{"@type":"PropertyValueSpecification","valueRequired":true,"valueName":"search_term_string"}}],"inLanguage":"sv-SE"},{"@type":"Person","@id":"https:\/\/blogg.svenskakyrkan.se\/tankarinforhelgen\/#\/schema\/person\/b71e37fb25791f886e690531c593d0ce","name":"Britt-Karin Ekstrand, pr\u00e4st","image":{"@type":"ImageObject","inLanguage":"sv-SE","@id":"https:\/\/blogg.svenskakyrkan.se\/tankarinforhelgen\/#\/schema\/person\/image\/","url":"https:\/\/secure.gravatar.com\/avatar\/3084173b0a543e6addb65bacfbd387a5e64218fe28445217e6f305bab4f14203?s=96&d=mm&r=g","contentUrl":"https:\/\/secure.gravatar.com\/avatar\/3084173b0a543e6addb65bacfbd387a5e64218fe28445217e6f305bab4f14203?s=96&d=mm&r=g","caption":"Britt-Karin Ekstrand, pr\u00e4st"},"url":"https:\/\/blogg.svenskakyrkan.se\/tankarinforhelgen\/author\/brittkarinekstrand\/"}]}},"author_meta":{"ID":"666","user_nicename":"brittkarinekstrand","user_registered":"2018-02-06 12:32:13","display_name":"Britt-Karin Ekstrand, pr\u00e4st","first_name":"Britt-Karin","last_name":"Ekstrand, pr\u00e4st","avatar":"https:\/\/secure.gravatar.com\/avatar\/3084173b0a543e6addb65bacfbd387a5e64218fe28445217e6f305bab4f14203?s=96&d=mm&r=g"},"featured_image":["https:\/\/blogg.svenskakyrkan.se\/tankarinforhelgen\/files\/2019\/03\/jesusf\u00f6tter-1024x669.jpg",1024,669,true],"bloginfo":{"name":"Tankar inf\u00f6r helgen","url":"https:\/\/blogg.svenskakyrkan.se\/tankarinforhelgen"},"_links":{"self":[{"href":"https:\/\/blogg.svenskakyrkan.se\/tankarinforhelgen\/wp-json\/wp\/v2\/posts\/1651","targetHints":{"allow":["GET"]}}],"collection":[{"href":"https:\/\/blogg.svenskakyrkan.se\/tankarinforhelgen\/wp-json\/wp\/v2\/posts"}],"about":[{"href":"https:\/\/blogg.svenskakyrkan.se\/tankarinforhelgen\/wp-json\/wp\/v2\/types\/post"}],"author":[{"embeddable":true,"href":"https:\/\/blogg.svenskakyrkan.se\/tankarinforhelgen\/wp-json\/wp\/v2\/users\/666"}],"replies":[{"embeddable":true,"href":"https:\/\/blogg.svenskakyrkan.se\/tankarinforhelgen\/wp-json\/wp\/v2\/comments?post=1651"}],"version-history":[{"count":3,"href":"https:\/\/blogg.svenskakyrkan.se\/tankarinforhelgen\/wp-json\/wp\/v2\/posts\/1651\/revisions"}],"predecessor-version":[{"id":1656,"href":"https:\/\/blogg.svenskakyrkan.se\/tankarinforhelgen\/wp-json\/wp\/v2\/posts\/1651\/revisions\/1656"}],"wp:featuredmedia":[{"embeddable":true,"href":"https:\/\/blogg.svenskakyrkan.se\/tankarinforhelgen\/wp-json\/wp\/v2\/media\/1655"}],"wp:attachment":[{"href":"https:\/\/blogg.svenskakyrkan.se\/tankarinforhelgen\/wp-json\/wp\/v2\/media?parent=1651"}],"wp:term":[{"taxonomy":"category","embeddable":true,"href":"https:\/\/blogg.svenskakyrkan.se\/tankarinforhelgen\/wp-json\/wp\/v2\/categories?post=1651"},{"taxonomy":"post_tag","embeddable":true,"href":"https:\/\/blogg.svenskakyrkan.se\/tankarinforhelgen\/wp-json\/wp\/v2\/tags?post=1651"}],"curies":[{"name":"wp","href":"https:\/\/api.w.org\/{rel}","templated":true}]}}