{"id":1657,"date":"2019-03-18T11:22:50","date_gmt":"2019-03-18T10:22:50","guid":{"rendered":"http:\/\/blogg.svenskakyrkan.se\/tankarinforhelgen\/?p=1657"},"modified":"2019-03-20T21:11:05","modified_gmt":"2019-03-20T20:11:05","slug":"natten-maria-var-vaken","status":"publish","type":"post","link":"https:\/\/blogg.svenskakyrkan.se\/tankarinforhelgen\/2019\/03\/18\/natten-maria-var-vaken\/","title":{"rendered":"Natten Maria var vaken"},"content":{"rendered":"<p>Maria kunde inte sova mer den natten \u00e4ngeln hade bes\u00f6kt henne. Det var n\u00e5got som f\u00f6rbryllade henne, n\u00e5got som hon inte riktigt kunde s\u00e4tta fingret p\u00e5. Det var naturligtvis n\u00e5got enormt hon hade f\u00e5tt veta, att hon skulle f\u00f6da en kung. Hon skulle f\u00f6da den H\u00f6gstes son. \u00c4nd\u00e5 var det inte det som f\u00f6rbryllade henne, inte mest. Att hon skulle f\u00f6da barn utan att n\u00e5gonsin ha haft en man var naturligtvis ocks\u00e5 n\u00e5got otroligt. Det borde ju egentligen inte vara m\u00f6jligt, men Maria hade alltid t\u00e4nkt att f\u00f6r Gud var ingenting om\u00f6jligt. Eftersom hon var s\u00e4ker p\u00e5 att \u00e4ngeln var Guds budb\u00e4rare accepterade hon budskapet. Hon s\u00e5g p\u00e5 sig sj\u00e4lv som Herrens tj\u00e4narinna och hon visste att Gud var kapabel att genomf\u00f6ra det ingen m\u00e4nniska trodde var m\u00f6jligt. S\u00e5 det var inte heller det som f\u00f6rbryllade henne. Inte mest.<\/p>\n<p>Maria gick ut genom d\u00f6rren och l\u00e4t den svala nattluften omsvepa henne. Hon var klarvaken, och hon var fortfarande f\u00f6rbryllad. Hon f\u00f6rstod att det kunde bli sv\u00e5rt att tala med Josef, hennes trolovade, om det \u00e4ngeln hade sagt. \u00c4ven om han var en gudfruktig och god man s\u00e5 hade han kanske n\u00e4rmare till tvivel \u00e4n hon. Han var en s\u00e5 praktisk m\u00e4nniska. Han visste mer om hur man hanterade snickarverktygen \u00e4n om hur man lyfte sina h\u00e4nder och bad till Herren. Men det var inte det heller som fick henne att fundera. Maria k\u00e4nde tillit och lugn, hon var s\u00e4ker p\u00e5 att hon s\u00e5 sm\u00e5ningom skulle kunna f\u00f6rklara f\u00f6r Josef.<\/p>\n<p>Maria slog armarna om sig. Hon fr\u00f6s en smula och funderade p\u00e5 att g\u00e5 in igen och f\u00f6rs\u00f6ka sova. Hon s\u00e5g upp mot den m\u00f6rka himlen, och hon s\u00e5g stj\u00e4rnorna som t\u00e4ckte den. \u201dT\u00e4nk, s\u00e5 l\u00e5ngt bort stj\u00e4rnorna \u00e4r\u201d, t\u00e4nkte Maria. \u201dT\u00e4nk s\u00e5 liten en m\u00e4nniska \u00e4nd\u00e5 \u00e4r.\u201d Och det var n\u00e4r hon stod d\u00e4r, mitt i natten i staden Nasaret, och s\u00e5g upp mot himlen som hon pl\u00f6tsligt kom p\u00e5 vad det varit som f\u00f6rbryllat henne. Det var att hon skulle anv\u00e4ndas av Gud. Just hon. Maria fr\u00e5n Nasaret. F\u00f6r en m\u00e4nniska \u00e4r s\u00e5 liten, bara en liten fl\u00e4ck i Guds stora, fantastiska v\u00e4rld. S\u00e5 liten att hon egentligen aldrig skulle kunna tillf\u00f6ra n\u00e5gonting till Guds underbara skapelse. Och \u00e4nd\u00e5, t\u00e4nkte Maria, och ett leende spred sig \u00f6ver hennes l\u00e4ppar. \u00c4nd\u00e5 kan varje liten m\u00e4nniska anv\u00e4ndas av Gud. Ingen m\u00e4nniska \u00e4r bortgl\u00f6md av Gud.<\/p>\n<p>Trots att Gud har gjort hela den stora, ljuvliga och skr\u00e4mmande v\u00e4rlden, s\u00e5 har Gud \u00e4nd\u00e5 tid med varenda liten m\u00e4nniska p\u00e5 hela jorden. Gud har anv\u00e4ndning f\u00f6r varenda liten m\u00e4nniska p\u00e5 hela jorden. Det var f\u00f6rbryllande, t\u00e4nkte Maria. F\u00f6rbryllande, svindlande \u2013 och alldeles fantastiskt. Precis som Gud har skapat varenda liten stj\u00e4rna och gett den en plats p\u00e5 himlen, s\u00e5 har Gud skapat varenda liten m\u00e4nniska och gett henne en plats p\u00e5 jorden, en plats i livet, och en plats i Guds alltid v\u00e4lkomnande famn.<\/p>\n<p>Maria kunde inte sova mer den natten \u00e4ngeln hade bes\u00f6kt henne.<\/p>\n","protected":false},"excerpt":{"rendered":"<p>Maria kunde inte sova mer den natten \u00e4ngeln hade bes\u00f6kt henne. Det var n\u00e5got som f\u00f6rbryllade henne, n\u00e5got som hon inte riktigt kunde s\u00e4tta fingret p\u00e5. Det var naturligtvis n\u00e5got enormt hon hade f\u00e5tt veta, att hon skulle f\u00f6da en kung. Hon skulle f\u00f6da den H\u00f6gstes son. \u00c4nd\u00e5 var det inte det som f\u00f6rbryllade henne, [&hellip;]<\/p>\n","protected":false},"author":622,"featured_media":1658,"comment_status":"open","ping_status":"open","sticky":false,"template":"","format":"standard","meta":{"_acf_changed":false,"footnotes":""},"categories":[137648],"tags":[142450,142457],"class_list":["post-1657","post","type-post","status-publish","format-standard","has-post-thumbnail","hentry","category-jungfru-marie-bebadelsedag","tag-kjell-dellert","tag-tankarinforhelgen"],"acf":[],"yoast_head":"<!-- This site is optimized with the Yoast SEO plugin v27.1.1 - https:\/\/yoast.com\/product\/yoast-seo-wordpress\/ -->\n<title>Natten Maria var vaken - Tankar inf\u00f6r helgen<\/title>\n<meta name=\"robots\" content=\"index, follow, max-snippet:-1, max-image-preview:large, max-video-preview:-1\" \/>\n<link rel=\"canonical\" href=\"https:\/\/blogg.svenskakyrkan.se\/tankarinforhelgen\/2019\/03\/18\/natten-maria-var-vaken\/\" \/>\n<meta property=\"og:locale\" content=\"sv_SE\" \/>\n<meta property=\"og:type\" content=\"article\" \/>\n<meta property=\"og:title\" content=\"Natten Maria var vaken - Tankar inf\u00f6r helgen\" \/>\n<meta property=\"og:description\" content=\"Maria kunde inte sova mer den natten \u00e4ngeln hade bes\u00f6kt henne. Det var n\u00e5got som f\u00f6rbryllade henne, n\u00e5got som hon inte riktigt kunde s\u00e4tta fingret p\u00e5. Det var naturligtvis n\u00e5got enormt hon hade f\u00e5tt veta, att hon skulle f\u00f6da en kung. Hon skulle f\u00f6da den H\u00f6gstes son. \u00c4nd\u00e5 var det inte det som f\u00f6rbryllade henne, [&hellip;]\" \/>\n<meta property=\"og:url\" content=\"https:\/\/blogg.svenskakyrkan.se\/tankarinforhelgen\/2019\/03\/18\/natten-maria-var-vaken\/\" \/>\n<meta property=\"og:site_name\" content=\"Tankar inf\u00f6r helgen\" \/>\n<meta property=\"article:published_time\" content=\"2019-03-18T10:22:50+00:00\" \/>\n<meta property=\"article:modified_time\" content=\"2019-03-20T20:11:05+00:00\" \/>\n<meta name=\"author\" content=\"Kjell Dellert, pr\u00e4st\" \/>\n<meta name=\"twitter:card\" content=\"summary_large_image\" \/>\n<meta name=\"twitter:label1\" content=\"Skriven av\" \/>\n\t<meta name=\"twitter:data1\" content=\"Kjell Dellert, pr\u00e4st\" \/>\n\t<meta name=\"twitter:label2\" content=\"Ber\u00e4knad l\u00e4stid\" \/>\n\t<meta name=\"twitter:data2\" content=\"3 minuter\" \/>\n<script type=\"application\/ld+json\" class=\"yoast-schema-graph\">{\"@context\":\"https:\/\/schema.org\",\"@graph\":[{\"@type\":\"Article\",\"@id\":\"https:\/\/blogg.svenskakyrkan.se\/tankarinforhelgen\/2019\/03\/18\/natten-maria-var-vaken\/#article\",\"isPartOf\":{\"@id\":\"https:\/\/blogg.svenskakyrkan.se\/tankarinforhelgen\/2019\/03\/18\/natten-maria-var-vaken\/\"},\"author\":{\"name\":\"Kjell Dellert, pr\u00e4st\",\"@id\":\"https:\/\/blogg.svenskakyrkan.se\/tankarinforhelgen\/#\/schema\/person\/9fbb20960ac259b95769de25e0ef7002\"},\"headline\":\"Natten Maria var vaken\",\"datePublished\":\"2019-03-18T10:22:50+00:00\",\"dateModified\":\"2019-03-20T20:11:05+00:00\",\"mainEntityOfPage\":{\"@id\":\"https:\/\/blogg.svenskakyrkan.se\/tankarinforhelgen\/2019\/03\/18\/natten-maria-var-vaken\/\"},\"wordCount\":580,\"commentCount\":3,\"image\":{\"@id\":\"https:\/\/blogg.svenskakyrkan.se\/tankarinforhelgen\/2019\/03\/18\/natten-maria-var-vaken\/#primaryimage\"},\"thumbnailUrl\":\"https:\/\/blogg.svenskakyrkan.se\/tankarinforhelgen\/files\/2019\/03\/mariabeb.jpg\",\"keywords\":[\"Kjell Dellert\",\"TANKARINFORHELGEN\"],\"articleSection\":[\"Jungfru Marie beb\u00e5delsedag\"],\"inLanguage\":\"sv-SE\",\"potentialAction\":[{\"@type\":\"CommentAction\",\"name\":\"Comment\",\"target\":[\"https:\/\/blogg.svenskakyrkan.se\/tankarinforhelgen\/2019\/03\/18\/natten-maria-var-vaken\/#respond\"]}]},{\"@type\":\"WebPage\",\"@id\":\"https:\/\/blogg.svenskakyrkan.se\/tankarinforhelgen\/2019\/03\/18\/natten-maria-var-vaken\/\",\"url\":\"https:\/\/blogg.svenskakyrkan.se\/tankarinforhelgen\/2019\/03\/18\/natten-maria-var-vaken\/\",\"name\":\"Natten Maria var vaken - Tankar inf\u00f6r helgen\",\"isPartOf\":{\"@id\":\"https:\/\/blogg.svenskakyrkan.se\/tankarinforhelgen\/#website\"},\"primaryImageOfPage\":{\"@id\":\"https:\/\/blogg.svenskakyrkan.se\/tankarinforhelgen\/2019\/03\/18\/natten-maria-var-vaken\/#primaryimage\"},\"image\":{\"@id\":\"https:\/\/blogg.svenskakyrkan.se\/tankarinforhelgen\/2019\/03\/18\/natten-maria-var-vaken\/#primaryimage\"},\"thumbnailUrl\":\"https:\/\/blogg.svenskakyrkan.se\/tankarinforhelgen\/files\/2019\/03\/mariabeb.jpg\",\"datePublished\":\"2019-03-18T10:22:50+00:00\",\"dateModified\":\"2019-03-20T20:11:05+00:00\",\"author\":{\"@id\":\"https:\/\/blogg.svenskakyrkan.se\/tankarinforhelgen\/#\/schema\/person\/9fbb20960ac259b95769de25e0ef7002\"},\"breadcrumb\":{\"@id\":\"https:\/\/blogg.svenskakyrkan.se\/tankarinforhelgen\/2019\/03\/18\/natten-maria-var-vaken\/#breadcrumb\"},\"inLanguage\":\"sv-SE\",\"potentialAction\":[{\"@type\":\"ReadAction\",\"target\":[\"https:\/\/blogg.svenskakyrkan.se\/tankarinforhelgen\/2019\/03\/18\/natten-maria-var-vaken\/\"]}]},{\"@type\":\"ImageObject\",\"inLanguage\":\"sv-SE\",\"@id\":\"https:\/\/blogg.svenskakyrkan.se\/tankarinforhelgen\/2019\/03\/18\/natten-maria-var-vaken\/#primaryimage\",\"url\":\"https:\/\/blogg.svenskakyrkan.se\/tankarinforhelgen\/files\/2019\/03\/mariabeb.jpg\",\"contentUrl\":\"https:\/\/blogg.svenskakyrkan.se\/tankarinforhelgen\/files\/2019\/03\/mariabeb.jpg\",\"width\":494,\"height\":377},{\"@type\":\"BreadcrumbList\",\"@id\":\"https:\/\/blogg.svenskakyrkan.se\/tankarinforhelgen\/2019\/03\/18\/natten-maria-var-vaken\/#breadcrumb\",\"itemListElement\":[{\"@type\":\"ListItem\",\"position\":1,\"name\":\"Hem\",\"item\":\"https:\/\/blogg.svenskakyrkan.se\/tankarinforhelgen\/\"},{\"@type\":\"ListItem\",\"position\":2,\"name\":\"Natten Maria var vaken\"}]},{\"@type\":\"WebSite\",\"@id\":\"https:\/\/blogg.svenskakyrkan.se\/tankarinforhelgen\/#website\",\"url\":\"https:\/\/blogg.svenskakyrkan.se\/tankarinforhelgen\/\",\"name\":\"Tankar inf\u00f6r helgen\",\"description\":\"Pr\u00e4ster funderar utifr\u00e5n kommande s\u00f6ndags texter\",\"potentialAction\":[{\"@type\":\"SearchAction\",\"target\":{\"@type\":\"EntryPoint\",\"urlTemplate\":\"https:\/\/blogg.svenskakyrkan.se\/tankarinforhelgen\/?s={search_term_string}\"},\"query-input\":{\"@type\":\"PropertyValueSpecification\",\"valueRequired\":true,\"valueName\":\"search_term_string\"}}],\"inLanguage\":\"sv-SE\"},{\"@type\":\"Person\",\"@id\":\"https:\/\/blogg.svenskakyrkan.se\/tankarinforhelgen\/#\/schema\/person\/9fbb20960ac259b95769de25e0ef7002\",\"name\":\"Kjell Dellert, pr\u00e4st\",\"image\":{\"@type\":\"ImageObject\",\"inLanguage\":\"sv-SE\",\"@id\":\"https:\/\/blogg.svenskakyrkan.se\/tankarinforhelgen\/#\/schema\/person\/image\/\",\"url\":\"https:\/\/secure.gravatar.com\/avatar\/23eb7a08c9ca38f9ae7525f37de54e71d121503f9420825a7029fe46ea1acba8?s=96&d=mm&r=g\",\"contentUrl\":\"https:\/\/secure.gravatar.com\/avatar\/23eb7a08c9ca38f9ae7525f37de54e71d121503f9420825a7029fe46ea1acba8?s=96&d=mm&r=g\",\"caption\":\"Kjell Dellert, pr\u00e4st\"},\"url\":\"https:\/\/blogg.svenskakyrkan.se\/tankarinforhelgen\/author\/kjelldellert\/\"}]}<\/script>\n<!-- \/ Yoast SEO plugin. -->","yoast_head_json":{"title":"Natten Maria var vaken - Tankar inf\u00f6r helgen","robots":{"index":"index","follow":"follow","max-snippet":"max-snippet:-1","max-image-preview":"max-image-preview:large","max-video-preview":"max-video-preview:-1"},"canonical":"https:\/\/blogg.svenskakyrkan.se\/tankarinforhelgen\/2019\/03\/18\/natten-maria-var-vaken\/","og_locale":"sv_SE","og_type":"article","og_title":"Natten Maria var vaken - Tankar inf\u00f6r helgen","og_description":"Maria kunde inte sova mer den natten \u00e4ngeln hade bes\u00f6kt henne. Det var n\u00e5got som f\u00f6rbryllade henne, n\u00e5got som hon inte riktigt kunde s\u00e4tta fingret p\u00e5. Det var naturligtvis n\u00e5got enormt hon hade f\u00e5tt veta, att hon skulle f\u00f6da en kung. Hon skulle f\u00f6da den H\u00f6gstes son. \u00c4nd\u00e5 var det inte det som f\u00f6rbryllade henne, [&hellip;]","og_url":"https:\/\/blogg.svenskakyrkan.se\/tankarinforhelgen\/2019\/03\/18\/natten-maria-var-vaken\/","og_site_name":"Tankar inf\u00f6r helgen","article_published_time":"2019-03-18T10:22:50+00:00","article_modified_time":"2019-03-20T20:11:05+00:00","author":"Kjell Dellert, pr\u00e4st","twitter_card":"summary_large_image","twitter_misc":{"Skriven av":"Kjell Dellert, pr\u00e4st","Ber\u00e4knad l\u00e4stid":"3 minuter"},"schema":{"@context":"https:\/\/schema.org","@graph":[{"@type":"Article","@id":"https:\/\/blogg.svenskakyrkan.se\/tankarinforhelgen\/2019\/03\/18\/natten-maria-var-vaken\/#article","isPartOf":{"@id":"https:\/\/blogg.svenskakyrkan.se\/tankarinforhelgen\/2019\/03\/18\/natten-maria-var-vaken\/"},"author":{"name":"Kjell Dellert, pr\u00e4st","@id":"https:\/\/blogg.svenskakyrkan.se\/tankarinforhelgen\/#\/schema\/person\/9fbb20960ac259b95769de25e0ef7002"},"headline":"Natten Maria var vaken","datePublished":"2019-03-18T10:22:50+00:00","dateModified":"2019-03-20T20:11:05+00:00","mainEntityOfPage":{"@id":"https:\/\/blogg.svenskakyrkan.se\/tankarinforhelgen\/2019\/03\/18\/natten-maria-var-vaken\/"},"wordCount":580,"commentCount":3,"image":{"@id":"https:\/\/blogg.svenskakyrkan.se\/tankarinforhelgen\/2019\/03\/18\/natten-maria-var-vaken\/#primaryimage"},"thumbnailUrl":"https:\/\/blogg.svenskakyrkan.se\/tankarinforhelgen\/files\/2019\/03\/mariabeb.jpg","keywords":["Kjell Dellert","TANKARINFORHELGEN"],"articleSection":["Jungfru Marie beb\u00e5delsedag"],"inLanguage":"sv-SE","potentialAction":[{"@type":"CommentAction","name":"Comment","target":["https:\/\/blogg.svenskakyrkan.se\/tankarinforhelgen\/2019\/03\/18\/natten-maria-var-vaken\/#respond"]}]},{"@type":"WebPage","@id":"https:\/\/blogg.svenskakyrkan.se\/tankarinforhelgen\/2019\/03\/18\/natten-maria-var-vaken\/","url":"https:\/\/blogg.svenskakyrkan.se\/tankarinforhelgen\/2019\/03\/18\/natten-maria-var-vaken\/","name":"Natten Maria var vaken - Tankar inf\u00f6r helgen","isPartOf":{"@id":"https:\/\/blogg.svenskakyrkan.se\/tankarinforhelgen\/#website"},"primaryImageOfPage":{"@id":"https:\/\/blogg.svenskakyrkan.se\/tankarinforhelgen\/2019\/03\/18\/natten-maria-var-vaken\/#primaryimage"},"image":{"@id":"https:\/\/blogg.svenskakyrkan.se\/tankarinforhelgen\/2019\/03\/18\/natten-maria-var-vaken\/#primaryimage"},"thumbnailUrl":"https:\/\/blogg.svenskakyrkan.se\/tankarinforhelgen\/files\/2019\/03\/mariabeb.jpg","datePublished":"2019-03-18T10:22:50+00:00","dateModified":"2019-03-20T20:11:05+00:00","author":{"@id":"https:\/\/blogg.svenskakyrkan.se\/tankarinforhelgen\/#\/schema\/person\/9fbb20960ac259b95769de25e0ef7002"},"breadcrumb":{"@id":"https:\/\/blogg.svenskakyrkan.se\/tankarinforhelgen\/2019\/03\/18\/natten-maria-var-vaken\/#breadcrumb"},"inLanguage":"sv-SE","potentialAction":[{"@type":"ReadAction","target":["https:\/\/blogg.svenskakyrkan.se\/tankarinforhelgen\/2019\/03\/18\/natten-maria-var-vaken\/"]}]},{"@type":"ImageObject","inLanguage":"sv-SE","@id":"https:\/\/blogg.svenskakyrkan.se\/tankarinforhelgen\/2019\/03\/18\/natten-maria-var-vaken\/#primaryimage","url":"https:\/\/blogg.svenskakyrkan.se\/tankarinforhelgen\/files\/2019\/03\/mariabeb.jpg","contentUrl":"https:\/\/blogg.svenskakyrkan.se\/tankarinforhelgen\/files\/2019\/03\/mariabeb.jpg","width":494,"height":377},{"@type":"BreadcrumbList","@id":"https:\/\/blogg.svenskakyrkan.se\/tankarinforhelgen\/2019\/03\/18\/natten-maria-var-vaken\/#breadcrumb","itemListElement":[{"@type":"ListItem","position":1,"name":"Hem","item":"https:\/\/blogg.svenskakyrkan.se\/tankarinforhelgen\/"},{"@type":"ListItem","position":2,"name":"Natten Maria var vaken"}]},{"@type":"WebSite","@id":"https:\/\/blogg.svenskakyrkan.se\/tankarinforhelgen\/#website","url":"https:\/\/blogg.svenskakyrkan.se\/tankarinforhelgen\/","name":"Tankar inf\u00f6r helgen","description":"Pr\u00e4ster funderar utifr\u00e5n kommande s\u00f6ndags texter","potentialAction":[{"@type":"SearchAction","target":{"@type":"EntryPoint","urlTemplate":"https:\/\/blogg.svenskakyrkan.se\/tankarinforhelgen\/?s={search_term_string}"},"query-input":{"@type":"PropertyValueSpecification","valueRequired":true,"valueName":"search_term_string"}}],"inLanguage":"sv-SE"},{"@type":"Person","@id":"https:\/\/blogg.svenskakyrkan.se\/tankarinforhelgen\/#\/schema\/person\/9fbb20960ac259b95769de25e0ef7002","name":"Kjell Dellert, pr\u00e4st","image":{"@type":"ImageObject","inLanguage":"sv-SE","@id":"https:\/\/blogg.svenskakyrkan.se\/tankarinforhelgen\/#\/schema\/person\/image\/","url":"https:\/\/secure.gravatar.com\/avatar\/23eb7a08c9ca38f9ae7525f37de54e71d121503f9420825a7029fe46ea1acba8?s=96&d=mm&r=g","contentUrl":"https:\/\/secure.gravatar.com\/avatar\/23eb7a08c9ca38f9ae7525f37de54e71d121503f9420825a7029fe46ea1acba8?s=96&d=mm&r=g","caption":"Kjell Dellert, pr\u00e4st"},"url":"https:\/\/blogg.svenskakyrkan.se\/tankarinforhelgen\/author\/kjelldellert\/"}]}},"author_meta":{"ID":"622","user_nicename":"kjelldellert","user_registered":"2017-04-29 07:18:27","display_name":"Kjell Dellert, pr\u00e4st","first_name":"Kjell","last_name":"Dellert, pr\u00e4st","avatar":"https:\/\/secure.gravatar.com\/avatar\/23eb7a08c9ca38f9ae7525f37de54e71d121503f9420825a7029fe46ea1acba8?s=96&d=mm&r=g"},"featured_image":["https:\/\/blogg.svenskakyrkan.se\/tankarinforhelgen\/files\/2019\/03\/mariabeb.jpg",494,377,false],"bloginfo":{"name":"Tankar inf\u00f6r helgen","url":"https:\/\/blogg.svenskakyrkan.se\/tankarinforhelgen"},"_links":{"self":[{"href":"https:\/\/blogg.svenskakyrkan.se\/tankarinforhelgen\/wp-json\/wp\/v2\/posts\/1657","targetHints":{"allow":["GET"]}}],"collection":[{"href":"https:\/\/blogg.svenskakyrkan.se\/tankarinforhelgen\/wp-json\/wp\/v2\/posts"}],"about":[{"href":"https:\/\/blogg.svenskakyrkan.se\/tankarinforhelgen\/wp-json\/wp\/v2\/types\/post"}],"author":[{"embeddable":true,"href":"https:\/\/blogg.svenskakyrkan.se\/tankarinforhelgen\/wp-json\/wp\/v2\/users\/622"}],"replies":[{"embeddable":true,"href":"https:\/\/blogg.svenskakyrkan.se\/tankarinforhelgen\/wp-json\/wp\/v2\/comments?post=1657"}],"version-history":[{"count":1,"href":"https:\/\/blogg.svenskakyrkan.se\/tankarinforhelgen\/wp-json\/wp\/v2\/posts\/1657\/revisions"}],"predecessor-version":[{"id":1659,"href":"https:\/\/blogg.svenskakyrkan.se\/tankarinforhelgen\/wp-json\/wp\/v2\/posts\/1657\/revisions\/1659"}],"wp:featuredmedia":[{"embeddable":true,"href":"https:\/\/blogg.svenskakyrkan.se\/tankarinforhelgen\/wp-json\/wp\/v2\/media\/1658"}],"wp:attachment":[{"href":"https:\/\/blogg.svenskakyrkan.se\/tankarinforhelgen\/wp-json\/wp\/v2\/media?parent=1657"}],"wp:term":[{"taxonomy":"category","embeddable":true,"href":"https:\/\/blogg.svenskakyrkan.se\/tankarinforhelgen\/wp-json\/wp\/v2\/categories?post=1657"},{"taxonomy":"post_tag","embeddable":true,"href":"https:\/\/blogg.svenskakyrkan.se\/tankarinforhelgen\/wp-json\/wp\/v2\/tags?post=1657"}],"curies":[{"name":"wp","href":"https:\/\/api.w.org\/{rel}","templated":true}]}}