{"id":1668,"date":"2019-04-10T18:12:23","date_gmt":"2019-04-10T16:12:23","guid":{"rendered":"http:\/\/blogg.svenskakyrkan.se\/tankarinforhelgen\/?p=1668"},"modified":"2019-04-11T09:21:25","modified_gmt":"2019-04-11T07:21:25","slug":"grundbultar-och-odesstunder","status":"publish","type":"post","link":"https:\/\/blogg.svenskakyrkan.se\/tankarinforhelgen\/2019\/04\/10\/grundbultar-och-odesstunder\/","title":{"rendered":"Grundbultar och \u00f6desstunder"},"content":{"rendered":"<p>Jag spelade en tid i mitt liv v\u00e4ldigt mycket spel. Kortspel, br\u00e4dspel, strategispel&#8230; alla sorter, egentligen. Ett kortspel som ofta kom fram heter Chrononauts. I det ska spelarna f\u00f6rs\u00f6ka manipulera historien genom att f\u00e5 vissa historiska h\u00e4ndelser att h\u00e4nda eller inte h\u00e4nda. Dessa h\u00e4ndelser som p\u00e5verkat historien p\u00e5 ett eller annat s\u00e4tt kallas \u201dlinchpins\u201d, dvs grundbult. \u00c4ndra en grundbult, och historien skulle kunna g\u00e5 en annan v\u00e4g.<\/p>\n<p>I v\u00e5ra egna liv finns det m\u00e5nga s\u00e5dana grundbultar, \u00f6desstunder. Kanske \u00e4r det att tacka ja eller nej till den d\u00e4r inbjudan, som sedan skulle leda till att m\u00f6ta den stora k\u00e4rleken. Kanske \u00e4r det en v\u00e4nstersv\u00e4ng ist\u00e4llet f\u00f6r h\u00f6ger, och undvikandet av en olycka. Vi ser s\u00e4llan \u00f6desstunderna n\u00e4r de sker, men i efterhand blir det ibland tydligt att d\u00e4r, just d\u00e4r, kunde allt ha \u00e4ndrats och g\u00e5tt i en helt annan riktning.<\/p>\n<p>Palms\u00f6ndagens text ber\u00e4ttar om en s\u00e5dan \u00f6desstund i Jesu liv. Int\u00e5get i Jerusalem kunde ha lett till n\u00e5got helt annat \u00e4n det gjorde. Kanske best\u00e4mdes det d\u00e4r hemma hos Marta i Betania. Kanske var det doften av balsamet som Maria h\u00e4llde ut, kanske var det Judas of\u00f6rst\u00e5else, men oavsett vad det var som h\u00e4nde d\u00e4r, blev f\u00f6ljden att Jesus inte red in till politisk makt eller er\u00f6vring, utan till sin egen d\u00f6d.<\/p>\n<p>Kunde det ha g\u00e5tt annorlunda? S\u00e4kert. Jesus kunde ha hindrat Maria, sk\u00e4nkt pengarna till de fattiga, och tagit upp kampen f\u00f6r en ny v\u00e4rldsordning, d\u00e4r och d\u00e5. Det tycker s\u00e4kert m\u00e5nga av oss hade varit rimligt, det logiska och mest solidariska. Men Jesus var aldrig ute efter den makten. Att g\u00f6ra sig till v\u00e4lg\u00f6rare, till storsint h\u00e4rskare, till v\u00e4lvillig despot, var aldrig hans avsikt. S\u00e5 ist\u00e4llet l\u00e5ter han Maria g\u00f6ra det hon vill g\u00f6ra, och axlar sedan uppgiften att dela lidandet och dela d\u00f6den.<\/p>\n<p>Det \u00e4r inte sista g\u00e5ngen Jesus f\u00e5r en chans att \u00e4ndra historiens g\u00e5ng. Men jag tror personligen att hans beslut fattades, slutgiltigt, d\u00e4r. Begravningsdoften, den stillsamma f\u00f6rtvivlan i Marias handlande, och reaktionen fr\u00e5n Judas samverkade. V\u00e4rlden kan aldrig f\u00f6rst\u00e5, men de som lidit, de som hoppats, de som f\u00f6rtvivlat, de vet vad s\u00e4llskap i m\u00f6rkret betyder.<\/p>\n<p>F\u00f6r \u00f6desstunderna i v\u00e5ra liv leder lika ofta till sorg som till gl\u00e4dje. Ibland \u00e4r det den stora k\u00e4rleken som finns runt h\u00f6rnet, men ibland \u00e4r det ist\u00e4llet f\u00f6rlusten av den vi \u00e4lskar. Ibland \u00e4r det en olycka som vi undviker, men ibland \u00e4r det den som vi r\u00e5kar ut f\u00f6r. Och vi vet inte n\u00e4r det \u00e4r det ena, och n\u00e4r det \u00e4r det andra.<\/p>\n<p>Livet \u00e4r inte som kortspelet, vi kan inte \u00e4ndra p\u00e5 v\u00e5ra \u00f6desstunder och grundbultar, utan bara se tillbaka och kanske l\u00e4ra oss n\u00e5got av v\u00e5ra val eller det som drabbat oss. Kanske kan vi l\u00e4ra oss att leva med det. F\u00f6r mig \u00e4r det tr\u00f6st att veta att d\u00e5 Jesus st\u00e4lldes inf\u00f6r sina \u00f6desstunder valde han, hela tiden, att dela m\u00e4nniskornas liv. Han visste vad insatserna var, vilka m\u00f6jligheter som l\u00e5g framf\u00f6r honom, och valde v\u00e5rt liv, v\u00e5rt lidande, och v\u00e5r d\u00f6d. Och f\u00f6r det \u00e4r jag s\u00e5 o\u00e4ndligt tacksam, f\u00f6r jag \u00e4r aldrig l\u00e4mnad ensam.<\/p>\n","protected":false},"excerpt":{"rendered":"<p>Jag spelade en tid i mitt liv v\u00e4ldigt mycket spel. Kortspel, br\u00e4dspel, strategispel&#8230; alla sorter, egentligen. Ett kortspel som ofta kom fram heter Chrononauts. I det ska spelarna f\u00f6rs\u00f6ka manipulera historien genom att f\u00e5 vissa historiska h\u00e4ndelser att h\u00e4nda eller inte h\u00e4nda. Dessa h\u00e4ndelser som p\u00e5verkat historien p\u00e5 ett eller annat s\u00e4tt kallas \u201dlinchpins\u201d, dvs [&hellip;]<\/p>\n","protected":false},"author":606,"featured_media":1669,"comment_status":"open","ping_status":"open","sticky":false,"template":"","format":"standard","meta":{"_acf_changed":false,"footnotes":""},"categories":[99413],"tags":[141795,142457],"class_list":["post-1668","post","type-post","status-publish","format-standard","has-post-thumbnail","hentry","category-palmsondagen","tag-maria-bergius","tag-tankarinforhelgen"],"acf":[],"yoast_head":"<!-- This site is optimized with the Yoast SEO plugin v27.1.1 - https:\/\/yoast.com\/product\/yoast-seo-wordpress\/ -->\n<title>Grundbultar och \u00f6desstunder - Tankar inf\u00f6r helgen<\/title>\n<meta name=\"robots\" content=\"index, follow, max-snippet:-1, max-image-preview:large, max-video-preview:-1\" \/>\n<link rel=\"canonical\" href=\"https:\/\/blogg.svenskakyrkan.se\/tankarinforhelgen\/2019\/04\/10\/grundbultar-och-odesstunder\/\" \/>\n<meta property=\"og:locale\" content=\"sv_SE\" \/>\n<meta property=\"og:type\" content=\"article\" \/>\n<meta property=\"og:title\" content=\"Grundbultar och \u00f6desstunder - Tankar inf\u00f6r helgen\" \/>\n<meta property=\"og:description\" content=\"Jag spelade en tid i mitt liv v\u00e4ldigt mycket spel. Kortspel, br\u00e4dspel, strategispel&#8230; alla sorter, egentligen. Ett kortspel som ofta kom fram heter Chrononauts. I det ska spelarna f\u00f6rs\u00f6ka manipulera historien genom att f\u00e5 vissa historiska h\u00e4ndelser att h\u00e4nda eller inte h\u00e4nda. Dessa h\u00e4ndelser som p\u00e5verkat historien p\u00e5 ett eller annat s\u00e4tt kallas \u201dlinchpins\u201d, dvs [&hellip;]\" \/>\n<meta property=\"og:url\" content=\"https:\/\/blogg.svenskakyrkan.se\/tankarinforhelgen\/2019\/04\/10\/grundbultar-och-odesstunder\/\" \/>\n<meta property=\"og:site_name\" content=\"Tankar inf\u00f6r helgen\" \/>\n<meta property=\"article:published_time\" content=\"2019-04-10T16:12:23+00:00\" \/>\n<meta property=\"article:modified_time\" content=\"2019-04-11T07:21:25+00:00\" \/>\n<meta name=\"author\" content=\"Maria Bergius, pr\u00e4st\" \/>\n<meta name=\"twitter:card\" content=\"summary_large_image\" \/>\n<meta name=\"twitter:label1\" content=\"Skriven av\" \/>\n\t<meta name=\"twitter:data1\" content=\"Maria Bergius, pr\u00e4st\" \/>\n\t<meta name=\"twitter:label2\" content=\"Ber\u00e4knad l\u00e4stid\" \/>\n\t<meta name=\"twitter:data2\" content=\"3 minuter\" \/>\n<script type=\"application\/ld+json\" class=\"yoast-schema-graph\">{\"@context\":\"https:\/\/schema.org\",\"@graph\":[{\"@type\":\"Article\",\"@id\":\"https:\/\/blogg.svenskakyrkan.se\/tankarinforhelgen\/2019\/04\/10\/grundbultar-och-odesstunder\/#article\",\"isPartOf\":{\"@id\":\"https:\/\/blogg.svenskakyrkan.se\/tankarinforhelgen\/2019\/04\/10\/grundbultar-och-odesstunder\/\"},\"author\":{\"name\":\"Maria Bergius, pr\u00e4st\",\"@id\":\"https:\/\/blogg.svenskakyrkan.se\/tankarinforhelgen\/#\/schema\/person\/51402ee78d61b200104320043c6474b5\"},\"headline\":\"Grundbultar och \u00f6desstunder\",\"datePublished\":\"2019-04-10T16:12:23+00:00\",\"dateModified\":\"2019-04-11T07:21:25+00:00\",\"mainEntityOfPage\":{\"@id\":\"https:\/\/blogg.svenskakyrkan.se\/tankarinforhelgen\/2019\/04\/10\/grundbultar-och-odesstunder\/\"},\"wordCount\":621,\"commentCount\":2,\"image\":{\"@id\":\"https:\/\/blogg.svenskakyrkan.se\/tankarinforhelgen\/2019\/04\/10\/grundbultar-och-odesstunder\/#primaryimage\"},\"thumbnailUrl\":\"https:\/\/blogg.svenskakyrkan.se\/tankarinforhelgen\/files\/2019\/04\/AC9B06C0-28E7-494F-9CE3-5C980DEA77C5.jpeg\",\"keywords\":[\"Maria Bergius\",\"TANKARINFORHELGEN\"],\"articleSection\":[\"Palms\u00f6ndagen\"],\"inLanguage\":\"sv-SE\",\"potentialAction\":[{\"@type\":\"CommentAction\",\"name\":\"Comment\",\"target\":[\"https:\/\/blogg.svenskakyrkan.se\/tankarinforhelgen\/2019\/04\/10\/grundbultar-och-odesstunder\/#respond\"]}]},{\"@type\":\"WebPage\",\"@id\":\"https:\/\/blogg.svenskakyrkan.se\/tankarinforhelgen\/2019\/04\/10\/grundbultar-och-odesstunder\/\",\"url\":\"https:\/\/blogg.svenskakyrkan.se\/tankarinforhelgen\/2019\/04\/10\/grundbultar-och-odesstunder\/\",\"name\":\"Grundbultar och \u00f6desstunder - Tankar inf\u00f6r helgen\",\"isPartOf\":{\"@id\":\"https:\/\/blogg.svenskakyrkan.se\/tankarinforhelgen\/#website\"},\"primaryImageOfPage\":{\"@id\":\"https:\/\/blogg.svenskakyrkan.se\/tankarinforhelgen\/2019\/04\/10\/grundbultar-och-odesstunder\/#primaryimage\"},\"image\":{\"@id\":\"https:\/\/blogg.svenskakyrkan.se\/tankarinforhelgen\/2019\/04\/10\/grundbultar-och-odesstunder\/#primaryimage\"},\"thumbnailUrl\":\"https:\/\/blogg.svenskakyrkan.se\/tankarinforhelgen\/files\/2019\/04\/AC9B06C0-28E7-494F-9CE3-5C980DEA77C5.jpeg\",\"datePublished\":\"2019-04-10T16:12:23+00:00\",\"dateModified\":\"2019-04-11T07:21:25+00:00\",\"author\":{\"@id\":\"https:\/\/blogg.svenskakyrkan.se\/tankarinforhelgen\/#\/schema\/person\/51402ee78d61b200104320043c6474b5\"},\"breadcrumb\":{\"@id\":\"https:\/\/blogg.svenskakyrkan.se\/tankarinforhelgen\/2019\/04\/10\/grundbultar-och-odesstunder\/#breadcrumb\"},\"inLanguage\":\"sv-SE\",\"potentialAction\":[{\"@type\":\"ReadAction\",\"target\":[\"https:\/\/blogg.svenskakyrkan.se\/tankarinforhelgen\/2019\/04\/10\/grundbultar-och-odesstunder\/\"]}]},{\"@type\":\"ImageObject\",\"inLanguage\":\"sv-SE\",\"@id\":\"https:\/\/blogg.svenskakyrkan.se\/tankarinforhelgen\/2019\/04\/10\/grundbultar-och-odesstunder\/#primaryimage\",\"url\":\"https:\/\/blogg.svenskakyrkan.se\/tankarinforhelgen\/files\/2019\/04\/AC9B06C0-28E7-494F-9CE3-5C980DEA77C5.jpeg\",\"contentUrl\":\"https:\/\/blogg.svenskakyrkan.se\/tankarinforhelgen\/files\/2019\/04\/AC9B06C0-28E7-494F-9CE3-5C980DEA77C5.jpeg\",\"width\":1708,\"height\":1302},{\"@type\":\"BreadcrumbList\",\"@id\":\"https:\/\/blogg.svenskakyrkan.se\/tankarinforhelgen\/2019\/04\/10\/grundbultar-och-odesstunder\/#breadcrumb\",\"itemListElement\":[{\"@type\":\"ListItem\",\"position\":1,\"name\":\"Hem\",\"item\":\"https:\/\/blogg.svenskakyrkan.se\/tankarinforhelgen\/\"},{\"@type\":\"ListItem\",\"position\":2,\"name\":\"Grundbultar och \u00f6desstunder\"}]},{\"@type\":\"WebSite\",\"@id\":\"https:\/\/blogg.svenskakyrkan.se\/tankarinforhelgen\/#website\",\"url\":\"https:\/\/blogg.svenskakyrkan.se\/tankarinforhelgen\/\",\"name\":\"Tankar inf\u00f6r helgen\",\"description\":\"Pr\u00e4ster funderar utifr\u00e5n kommande s\u00f6ndags texter\",\"potentialAction\":[{\"@type\":\"SearchAction\",\"target\":{\"@type\":\"EntryPoint\",\"urlTemplate\":\"https:\/\/blogg.svenskakyrkan.se\/tankarinforhelgen\/?s={search_term_string}\"},\"query-input\":{\"@type\":\"PropertyValueSpecification\",\"valueRequired\":true,\"valueName\":\"search_term_string\"}}],\"inLanguage\":\"sv-SE\"},{\"@type\":\"Person\",\"@id\":\"https:\/\/blogg.svenskakyrkan.se\/tankarinforhelgen\/#\/schema\/person\/51402ee78d61b200104320043c6474b5\",\"name\":\"Maria Bergius, pr\u00e4st\",\"image\":{\"@type\":\"ImageObject\",\"inLanguage\":\"sv-SE\",\"@id\":\"https:\/\/blogg.svenskakyrkan.se\/tankarinforhelgen\/#\/schema\/person\/image\/\",\"url\":\"https:\/\/secure.gravatar.com\/avatar\/624463bbbe48169ec9693e665d4198400fd71f79652705d0ff2f62aa3878a59b?s=96&d=mm&r=g\",\"contentUrl\":\"https:\/\/secure.gravatar.com\/avatar\/624463bbbe48169ec9693e665d4198400fd71f79652705d0ff2f62aa3878a59b?s=96&d=mm&r=g\",\"caption\":\"Maria Bergius, pr\u00e4st\"},\"url\":\"https:\/\/blogg.svenskakyrkan.se\/tankarinforhelgen\/author\/mariabergius\/\"}]}<\/script>\n<!-- \/ Yoast SEO plugin. -->","yoast_head_json":{"title":"Grundbultar och \u00f6desstunder - Tankar inf\u00f6r helgen","robots":{"index":"index","follow":"follow","max-snippet":"max-snippet:-1","max-image-preview":"max-image-preview:large","max-video-preview":"max-video-preview:-1"},"canonical":"https:\/\/blogg.svenskakyrkan.se\/tankarinforhelgen\/2019\/04\/10\/grundbultar-och-odesstunder\/","og_locale":"sv_SE","og_type":"article","og_title":"Grundbultar och \u00f6desstunder - Tankar inf\u00f6r helgen","og_description":"Jag spelade en tid i mitt liv v\u00e4ldigt mycket spel. Kortspel, br\u00e4dspel, strategispel&#8230; alla sorter, egentligen. Ett kortspel som ofta kom fram heter Chrononauts. I det ska spelarna f\u00f6rs\u00f6ka manipulera historien genom att f\u00e5 vissa historiska h\u00e4ndelser att h\u00e4nda eller inte h\u00e4nda. Dessa h\u00e4ndelser som p\u00e5verkat historien p\u00e5 ett eller annat s\u00e4tt kallas \u201dlinchpins\u201d, dvs [&hellip;]","og_url":"https:\/\/blogg.svenskakyrkan.se\/tankarinforhelgen\/2019\/04\/10\/grundbultar-och-odesstunder\/","og_site_name":"Tankar inf\u00f6r helgen","article_published_time":"2019-04-10T16:12:23+00:00","article_modified_time":"2019-04-11T07:21:25+00:00","author":"Maria Bergius, pr\u00e4st","twitter_card":"summary_large_image","twitter_misc":{"Skriven av":"Maria Bergius, pr\u00e4st","Ber\u00e4knad l\u00e4stid":"3 minuter"},"schema":{"@context":"https:\/\/schema.org","@graph":[{"@type":"Article","@id":"https:\/\/blogg.svenskakyrkan.se\/tankarinforhelgen\/2019\/04\/10\/grundbultar-och-odesstunder\/#article","isPartOf":{"@id":"https:\/\/blogg.svenskakyrkan.se\/tankarinforhelgen\/2019\/04\/10\/grundbultar-och-odesstunder\/"},"author":{"name":"Maria Bergius, pr\u00e4st","@id":"https:\/\/blogg.svenskakyrkan.se\/tankarinforhelgen\/#\/schema\/person\/51402ee78d61b200104320043c6474b5"},"headline":"Grundbultar och \u00f6desstunder","datePublished":"2019-04-10T16:12:23+00:00","dateModified":"2019-04-11T07:21:25+00:00","mainEntityOfPage":{"@id":"https:\/\/blogg.svenskakyrkan.se\/tankarinforhelgen\/2019\/04\/10\/grundbultar-och-odesstunder\/"},"wordCount":621,"commentCount":2,"image":{"@id":"https:\/\/blogg.svenskakyrkan.se\/tankarinforhelgen\/2019\/04\/10\/grundbultar-och-odesstunder\/#primaryimage"},"thumbnailUrl":"https:\/\/blogg.svenskakyrkan.se\/tankarinforhelgen\/files\/2019\/04\/AC9B06C0-28E7-494F-9CE3-5C980DEA77C5.jpeg","keywords":["Maria Bergius","TANKARINFORHELGEN"],"articleSection":["Palms\u00f6ndagen"],"inLanguage":"sv-SE","potentialAction":[{"@type":"CommentAction","name":"Comment","target":["https:\/\/blogg.svenskakyrkan.se\/tankarinforhelgen\/2019\/04\/10\/grundbultar-och-odesstunder\/#respond"]}]},{"@type":"WebPage","@id":"https:\/\/blogg.svenskakyrkan.se\/tankarinforhelgen\/2019\/04\/10\/grundbultar-och-odesstunder\/","url":"https:\/\/blogg.svenskakyrkan.se\/tankarinforhelgen\/2019\/04\/10\/grundbultar-och-odesstunder\/","name":"Grundbultar och \u00f6desstunder - Tankar inf\u00f6r helgen","isPartOf":{"@id":"https:\/\/blogg.svenskakyrkan.se\/tankarinforhelgen\/#website"},"primaryImageOfPage":{"@id":"https:\/\/blogg.svenskakyrkan.se\/tankarinforhelgen\/2019\/04\/10\/grundbultar-och-odesstunder\/#primaryimage"},"image":{"@id":"https:\/\/blogg.svenskakyrkan.se\/tankarinforhelgen\/2019\/04\/10\/grundbultar-och-odesstunder\/#primaryimage"},"thumbnailUrl":"https:\/\/blogg.svenskakyrkan.se\/tankarinforhelgen\/files\/2019\/04\/AC9B06C0-28E7-494F-9CE3-5C980DEA77C5.jpeg","datePublished":"2019-04-10T16:12:23+00:00","dateModified":"2019-04-11T07:21:25+00:00","author":{"@id":"https:\/\/blogg.svenskakyrkan.se\/tankarinforhelgen\/#\/schema\/person\/51402ee78d61b200104320043c6474b5"},"breadcrumb":{"@id":"https:\/\/blogg.svenskakyrkan.se\/tankarinforhelgen\/2019\/04\/10\/grundbultar-och-odesstunder\/#breadcrumb"},"inLanguage":"sv-SE","potentialAction":[{"@type":"ReadAction","target":["https:\/\/blogg.svenskakyrkan.se\/tankarinforhelgen\/2019\/04\/10\/grundbultar-och-odesstunder\/"]}]},{"@type":"ImageObject","inLanguage":"sv-SE","@id":"https:\/\/blogg.svenskakyrkan.se\/tankarinforhelgen\/2019\/04\/10\/grundbultar-och-odesstunder\/#primaryimage","url":"https:\/\/blogg.svenskakyrkan.se\/tankarinforhelgen\/files\/2019\/04\/AC9B06C0-28E7-494F-9CE3-5C980DEA77C5.jpeg","contentUrl":"https:\/\/blogg.svenskakyrkan.se\/tankarinforhelgen\/files\/2019\/04\/AC9B06C0-28E7-494F-9CE3-5C980DEA77C5.jpeg","width":1708,"height":1302},{"@type":"BreadcrumbList","@id":"https:\/\/blogg.svenskakyrkan.se\/tankarinforhelgen\/2019\/04\/10\/grundbultar-och-odesstunder\/#breadcrumb","itemListElement":[{"@type":"ListItem","position":1,"name":"Hem","item":"https:\/\/blogg.svenskakyrkan.se\/tankarinforhelgen\/"},{"@type":"ListItem","position":2,"name":"Grundbultar och \u00f6desstunder"}]},{"@type":"WebSite","@id":"https:\/\/blogg.svenskakyrkan.se\/tankarinforhelgen\/#website","url":"https:\/\/blogg.svenskakyrkan.se\/tankarinforhelgen\/","name":"Tankar inf\u00f6r helgen","description":"Pr\u00e4ster funderar utifr\u00e5n kommande s\u00f6ndags texter","potentialAction":[{"@type":"SearchAction","target":{"@type":"EntryPoint","urlTemplate":"https:\/\/blogg.svenskakyrkan.se\/tankarinforhelgen\/?s={search_term_string}"},"query-input":{"@type":"PropertyValueSpecification","valueRequired":true,"valueName":"search_term_string"}}],"inLanguage":"sv-SE"},{"@type":"Person","@id":"https:\/\/blogg.svenskakyrkan.se\/tankarinforhelgen\/#\/schema\/person\/51402ee78d61b200104320043c6474b5","name":"Maria Bergius, pr\u00e4st","image":{"@type":"ImageObject","inLanguage":"sv-SE","@id":"https:\/\/blogg.svenskakyrkan.se\/tankarinforhelgen\/#\/schema\/person\/image\/","url":"https:\/\/secure.gravatar.com\/avatar\/624463bbbe48169ec9693e665d4198400fd71f79652705d0ff2f62aa3878a59b?s=96&d=mm&r=g","contentUrl":"https:\/\/secure.gravatar.com\/avatar\/624463bbbe48169ec9693e665d4198400fd71f79652705d0ff2f62aa3878a59b?s=96&d=mm&r=g","caption":"Maria Bergius, pr\u00e4st"},"url":"https:\/\/blogg.svenskakyrkan.se\/tankarinforhelgen\/author\/mariabergius\/"}]}},"author_meta":{"ID":"606","user_nicename":"mariabergius","user_registered":"2017-01-20 18:04:44","display_name":"Maria Bergius, pr\u00e4st","first_name":"Maria","last_name":"Bergius, pr\u00e4st","avatar":"https:\/\/secure.gravatar.com\/avatar\/624463bbbe48169ec9693e665d4198400fd71f79652705d0ff2f62aa3878a59b?s=96&d=mm&r=g"},"featured_image":["https:\/\/blogg.svenskakyrkan.se\/tankarinforhelgen\/files\/2019\/04\/AC9B06C0-28E7-494F-9CE3-5C980DEA77C5-1024x781.jpeg",1024,781,true],"bloginfo":{"name":"Tankar inf\u00f6r helgen","url":"https:\/\/blogg.svenskakyrkan.se\/tankarinforhelgen"},"_links":{"self":[{"href":"https:\/\/blogg.svenskakyrkan.se\/tankarinforhelgen\/wp-json\/wp\/v2\/posts\/1668","targetHints":{"allow":["GET"]}}],"collection":[{"href":"https:\/\/blogg.svenskakyrkan.se\/tankarinforhelgen\/wp-json\/wp\/v2\/posts"}],"about":[{"href":"https:\/\/blogg.svenskakyrkan.se\/tankarinforhelgen\/wp-json\/wp\/v2\/types\/post"}],"author":[{"embeddable":true,"href":"https:\/\/blogg.svenskakyrkan.se\/tankarinforhelgen\/wp-json\/wp\/v2\/users\/606"}],"replies":[{"embeddable":true,"href":"https:\/\/blogg.svenskakyrkan.se\/tankarinforhelgen\/wp-json\/wp\/v2\/comments?post=1668"}],"version-history":[{"count":1,"href":"https:\/\/blogg.svenskakyrkan.se\/tankarinforhelgen\/wp-json\/wp\/v2\/posts\/1668\/revisions"}],"predecessor-version":[{"id":1670,"href":"https:\/\/blogg.svenskakyrkan.se\/tankarinforhelgen\/wp-json\/wp\/v2\/posts\/1668\/revisions\/1670"}],"wp:featuredmedia":[{"embeddable":true,"href":"https:\/\/blogg.svenskakyrkan.se\/tankarinforhelgen\/wp-json\/wp\/v2\/media\/1669"}],"wp:attachment":[{"href":"https:\/\/blogg.svenskakyrkan.se\/tankarinforhelgen\/wp-json\/wp\/v2\/media?parent=1668"}],"wp:term":[{"taxonomy":"category","embeddable":true,"href":"https:\/\/blogg.svenskakyrkan.se\/tankarinforhelgen\/wp-json\/wp\/v2\/categories?post=1668"},{"taxonomy":"post_tag","embeddable":true,"href":"https:\/\/blogg.svenskakyrkan.se\/tankarinforhelgen\/wp-json\/wp\/v2\/tags?post=1668"}],"curies":[{"name":"wp","href":"https:\/\/api.w.org\/{rel}","templated":true}]}}