{"id":1676,"date":"2019-04-25T11:32:04","date_gmt":"2019-04-25T09:32:04","guid":{"rendered":"http:\/\/blogg.svenskakyrkan.se\/tankarinforhelgen\/?p=1676"},"modified":"2019-04-25T11:32:16","modified_gmt":"2019-04-25T09:32:16","slug":"det-handlar-om-oss","status":"publish","type":"post","link":"https:\/\/blogg.svenskakyrkan.se\/tankarinforhelgen\/2019\/04\/25\/det-handlar-om-oss\/","title":{"rendered":"Det handlar om oss"},"content":{"rendered":"<p>Har du n\u00e5gon g\u00e5ng l\u00e4st en bok eller h\u00f6rt en s\u00e5ng och t\u00e4nkt &#8211; det handlar om mig! Det h\u00e4nder mig ibland n\u00e4r jag l\u00e4ser Bibelns ber\u00e4ttelser. Jag skulle ocks\u00e5 st\u00f6kat runt som Marta om Jesus var p\u00e5 bes\u00f6k hemma hos mig. Jag hade ocks\u00e5 blivit arg som Mose om mina v\u00e4nner hittade p\u00e5 en egen gud. Jag har ocks\u00e5 som profeten Jeremia sagt att jag inte duger till att predika.<\/p>\n<p>En pr\u00e4st r\u00e5kade l\u00e4ra mig att l\u00e4sa Bibeln s\u00e5 n\u00e4r jag var ungdom. Jag ber\u00e4ttade att jag uppskattade en ber\u00e4ttelse om Petrus. Det \u00e4r klart du gjorde, svarade pr\u00e4sten, ni \u00e4r ju lite lika. F\u00f6rst fattade jag inte vad han menade. Skulle jag vara lik Petrus? Fick man t\u00e4nka s\u00e5? Om det var en komplimang eller inte det vet jag inte.<\/p>\n<p>Petrus var en av de tolv l\u00e4rjungarna. Han var fiskare. Han var med n\u00e4r Jesus uppv\u00e4ckte d\u00f6da, helade sjuka och p\u00e5 olika s\u00e4tt m\u00f6tte m\u00e4nniskor. Petrus kallade Jesus f\u00f6r Messias, och verkade f\u00f6rst\u00e5 att hans v\u00e4n inte \u00e4r en vanlig man. G\u00e5ng p\u00e5 g\u00e5ng kan vi ana den djupa v\u00e4nskapen. Som den d\u00e4r g\u00e5ngen n\u00e4r Petrus gick p\u00e5 vatten. Att Jesus gjorde det \u00e4r kanske inte s\u00e5 konstigt, men v\u00e4l att Petrus gjorde det.<\/p>\n<p>&#8230; men v\u00e5r v\u00e4n Petrus verkar ocks\u00e5 agera f\u00f6rst och t\u00e4nka sen. Som n\u00e4r han ville bygga hyddor p\u00e5 F\u00f6rklaringsberget d\u00e4r Jesus visade sin helighet f\u00f6r honom. Jag tror att han ville stanna kvar i det heliga &#8211; det vill jag ocks\u00e5 ibland. Eller som n\u00e4r han h\u00f6gg av \u00f6rat p\u00e5 en soldat som skulle gripa hans v\u00e4n.<\/p>\n<p>S\u00e5 har vi stunden som kanske \u00e4r den v\u00e4rsta i hans liv. Jesus har blivit korsf\u00e4st, och tre g\u00e5nger s\u00e4ger Petrus att han inte tillh\u00f6rde Jesus v\u00e4nner. Som tre knivar i hans hj\u00e4rta, tre g\u00e5nger sviker han sin v\u00e4n, sin identitet. Petrus f\u00e5r sen h\u00f6ra att Jesu grav \u00e4r tom. Han springer dit s\u00e5 fort benen b\u00e4r honom.<\/p>\n<p>Senare kom den d\u00e4r natten n\u00e4r Petrus \u00e5terigen fiskar. Han g\u00f6r det han alltid gjort. L\u00e4gger ut n\u00e4ten och v\u00e4ntar. \u00c5ngesten dr\u00f6jer kvar.<\/p>\n<p>Den uppst\u00e5ndne Jesus uppenbarar sig f\u00f6r sina v\u00e4nner. De k\u00e4nner inte igen honom. Kasta ut n\u00e4ten p\u00e5 h\u00f6ger sida, s\u00e4ger han. De lyder och f\u00e5r enorma m\u00e4ngder fisk. Johannes k\u00e4nner igen sin M\u00e4stare. De \u00e4ter tillsammans, men \u00e5ngesten gnager i Petrus.<\/p>\n<p>Jesus ser p\u00e5 honom. Han ser p\u00e5 honom som bara Jesus kan. \u00c4lskar du mig, Petrus, fr\u00e5gar han. Ja, svarar Petrus. Tre g\u00e5nger st\u00e4ller Jesus fr\u00e5gan. Tre g\u00e5nger f\u00e5r Petrus svara Ja. Han beh\u00f6ver inte t\u00e4nka, han bara svarar. Denna kv\u00e4ll blir hans \u00e5ngest utpl\u00e5nad. Tre g\u00e5nger str\u00f6mmar de f\u00f6rsonande orden ur honom.<\/p>\n<p>F\u00f6lj mig, s\u00e4ger Jesus. Han s\u00e4ger inget om hur han betett sig, vad han sagt eller vad han kommer att s\u00e4ga. F\u00f6lj mig, kallar han.<\/p>\n<p>Kallelsen ekar \u00e4n idag. Till dig och till mig. Det spelar ingen roll vad du gjort, vad du sagt eller vad du t\u00e4nker. F\u00f6lj mig, s\u00e4ger Jesus. F\u00f6lj mig, och l\u00e4gg bort det andra.<\/p>\n<p>Det finns plats f\u00f6r dig och mig i den brokiga skaran som \u00e4r Jesus v\u00e4nner. Till alla oss med g\u00e5vor, med utmaningar, med m\u00f6rker, med ljus. Till alla oss som handlar f\u00f6rst och t\u00e4nker sen. Till alla oss som t\u00e4nker och avst\u00e5r fr\u00e5n att handla. Till alla oss &#8211; trasiga och knasiga &#8211; s\u00e4ger M\u00e4staren: F\u00f6lj mig!<\/p>\n","protected":false},"excerpt":{"rendered":"<p>Har du n\u00e5gon g\u00e5ng l\u00e4st en bok eller h\u00f6rt en s\u00e5ng och t\u00e4nkt &#8211; det handlar om mig! Det h\u00e4nder mig ibland n\u00e4r jag l\u00e4ser Bibelns ber\u00e4ttelser. Jag skulle ocks\u00e5 st\u00f6kat runt som Marta om Jesus var p\u00e5 bes\u00f6k hemma hos mig. Jag hade ocks\u00e5 blivit arg som Mose om mina v\u00e4nner hittade p\u00e5 en [&hellip;]<\/p>\n","protected":false},"author":672,"featured_media":1682,"comment_status":"open","ping_status":"open","sticky":false,"template":"","format":"standard","meta":{"_acf_changed":false,"footnotes":""},"categories":[137055],"tags":[142465,142457],"class_list":["post-1676","post","type-post","status-publish","format-standard","has-post-thumbnail","hentry","category-andra-sondagen-i-pasktiden","tag-catharina-carlsson","tag-tankarinforhelgen"],"acf":[],"yoast_head":"<!-- This site is optimized with the Yoast SEO plugin v27.1.1 - https:\/\/yoast.com\/product\/yoast-seo-wordpress\/ -->\n<title>Det handlar om oss - Tankar inf\u00f6r helgen<\/title>\n<meta name=\"robots\" content=\"index, follow, max-snippet:-1, max-image-preview:large, max-video-preview:-1\" \/>\n<link rel=\"canonical\" href=\"https:\/\/blogg.svenskakyrkan.se\/tankarinforhelgen\/2019\/04\/25\/det-handlar-om-oss\/\" \/>\n<meta property=\"og:locale\" content=\"sv_SE\" \/>\n<meta property=\"og:type\" content=\"article\" \/>\n<meta property=\"og:title\" content=\"Det handlar om oss - Tankar inf\u00f6r helgen\" \/>\n<meta property=\"og:description\" content=\"Har du n\u00e5gon g\u00e5ng l\u00e4st en bok eller h\u00f6rt en s\u00e5ng och t\u00e4nkt &#8211; det handlar om mig! Det h\u00e4nder mig ibland n\u00e4r jag l\u00e4ser Bibelns ber\u00e4ttelser. Jag skulle ocks\u00e5 st\u00f6kat runt som Marta om Jesus var p\u00e5 bes\u00f6k hemma hos mig. Jag hade ocks\u00e5 blivit arg som Mose om mina v\u00e4nner hittade p\u00e5 en [&hellip;]\" \/>\n<meta property=\"og:url\" content=\"https:\/\/blogg.svenskakyrkan.se\/tankarinforhelgen\/2019\/04\/25\/det-handlar-om-oss\/\" \/>\n<meta property=\"og:site_name\" content=\"Tankar inf\u00f6r helgen\" \/>\n<meta property=\"article:published_time\" content=\"2019-04-25T09:32:04+00:00\" \/>\n<meta property=\"article:modified_time\" content=\"2019-04-25T09:32:16+00:00\" \/>\n<meta name=\"author\" content=\"Catharina Carlsson, pr\u00e4st\" \/>\n<meta name=\"twitter:card\" content=\"summary_large_image\" \/>\n<meta name=\"twitter:label1\" content=\"Skriven av\" \/>\n\t<meta name=\"twitter:data1\" content=\"Catharina Carlsson, pr\u00e4st\" \/>\n\t<meta name=\"twitter:label2\" content=\"Ber\u00e4knad l\u00e4stid\" \/>\n\t<meta name=\"twitter:data2\" content=\"3 minuter\" \/>\n<script type=\"application\/ld+json\" class=\"yoast-schema-graph\">{\"@context\":\"https:\/\/schema.org\",\"@graph\":[{\"@type\":\"Article\",\"@id\":\"https:\/\/blogg.svenskakyrkan.se\/tankarinforhelgen\/2019\/04\/25\/det-handlar-om-oss\/#article\",\"isPartOf\":{\"@id\":\"https:\/\/blogg.svenskakyrkan.se\/tankarinforhelgen\/2019\/04\/25\/det-handlar-om-oss\/\"},\"author\":{\"name\":\"Catharina Carlsson, pr\u00e4st\",\"@id\":\"https:\/\/blogg.svenskakyrkan.se\/tankarinforhelgen\/#\/schema\/person\/d822d69bf74ba8b653a523a24142ad17\"},\"headline\":\"Det handlar om oss\",\"datePublished\":\"2019-04-25T09:32:04+00:00\",\"dateModified\":\"2019-04-25T09:32:16+00:00\",\"mainEntityOfPage\":{\"@id\":\"https:\/\/blogg.svenskakyrkan.se\/tankarinforhelgen\/2019\/04\/25\/det-handlar-om-oss\/\"},\"wordCount\":674,\"commentCount\":6,\"image\":{\"@id\":\"https:\/\/blogg.svenskakyrkan.se\/tankarinforhelgen\/2019\/04\/25\/det-handlar-om-oss\/#primaryimage\"},\"thumbnailUrl\":\"https:\/\/blogg.svenskakyrkan.se\/tankarinforhelgen\/files\/2019\/04\/90887FDE-E09F-4A0F-B672-394E2D46D181.jpeg\",\"keywords\":[\"Catharina Carlsson\",\"TANKARINFORHELGEN\"],\"articleSection\":[\"Andra s\u00f6ndagen i p\u00e5sktiden\"],\"inLanguage\":\"sv-SE\",\"potentialAction\":[{\"@type\":\"CommentAction\",\"name\":\"Comment\",\"target\":[\"https:\/\/blogg.svenskakyrkan.se\/tankarinforhelgen\/2019\/04\/25\/det-handlar-om-oss\/#respond\"]}]},{\"@type\":\"WebPage\",\"@id\":\"https:\/\/blogg.svenskakyrkan.se\/tankarinforhelgen\/2019\/04\/25\/det-handlar-om-oss\/\",\"url\":\"https:\/\/blogg.svenskakyrkan.se\/tankarinforhelgen\/2019\/04\/25\/det-handlar-om-oss\/\",\"name\":\"Det handlar om oss - Tankar inf\u00f6r helgen\",\"isPartOf\":{\"@id\":\"https:\/\/blogg.svenskakyrkan.se\/tankarinforhelgen\/#website\"},\"primaryImageOfPage\":{\"@id\":\"https:\/\/blogg.svenskakyrkan.se\/tankarinforhelgen\/2019\/04\/25\/det-handlar-om-oss\/#primaryimage\"},\"image\":{\"@id\":\"https:\/\/blogg.svenskakyrkan.se\/tankarinforhelgen\/2019\/04\/25\/det-handlar-om-oss\/#primaryimage\"},\"thumbnailUrl\":\"https:\/\/blogg.svenskakyrkan.se\/tankarinforhelgen\/files\/2019\/04\/90887FDE-E09F-4A0F-B672-394E2D46D181.jpeg\",\"datePublished\":\"2019-04-25T09:32:04+00:00\",\"dateModified\":\"2019-04-25T09:32:16+00:00\",\"author\":{\"@id\":\"https:\/\/blogg.svenskakyrkan.se\/tankarinforhelgen\/#\/schema\/person\/d822d69bf74ba8b653a523a24142ad17\"},\"breadcrumb\":{\"@id\":\"https:\/\/blogg.svenskakyrkan.se\/tankarinforhelgen\/2019\/04\/25\/det-handlar-om-oss\/#breadcrumb\"},\"inLanguage\":\"sv-SE\",\"potentialAction\":[{\"@type\":\"ReadAction\",\"target\":[\"https:\/\/blogg.svenskakyrkan.se\/tankarinforhelgen\/2019\/04\/25\/det-handlar-om-oss\/\"]}]},{\"@type\":\"ImageObject\",\"inLanguage\":\"sv-SE\",\"@id\":\"https:\/\/blogg.svenskakyrkan.se\/tankarinforhelgen\/2019\/04\/25\/det-handlar-om-oss\/#primaryimage\",\"url\":\"https:\/\/blogg.svenskakyrkan.se\/tankarinforhelgen\/files\/2019\/04\/90887FDE-E09F-4A0F-B672-394E2D46D181.jpeg\",\"contentUrl\":\"https:\/\/blogg.svenskakyrkan.se\/tankarinforhelgen\/files\/2019\/04\/90887FDE-E09F-4A0F-B672-394E2D46D181.jpeg\",\"width\":1572,\"height\":1107},{\"@type\":\"BreadcrumbList\",\"@id\":\"https:\/\/blogg.svenskakyrkan.se\/tankarinforhelgen\/2019\/04\/25\/det-handlar-om-oss\/#breadcrumb\",\"itemListElement\":[{\"@type\":\"ListItem\",\"position\":1,\"name\":\"Hem\",\"item\":\"https:\/\/blogg.svenskakyrkan.se\/tankarinforhelgen\/\"},{\"@type\":\"ListItem\",\"position\":2,\"name\":\"Det handlar om oss\"}]},{\"@type\":\"WebSite\",\"@id\":\"https:\/\/blogg.svenskakyrkan.se\/tankarinforhelgen\/#website\",\"url\":\"https:\/\/blogg.svenskakyrkan.se\/tankarinforhelgen\/\",\"name\":\"Tankar inf\u00f6r helgen\",\"description\":\"Pr\u00e4ster funderar utifr\u00e5n kommande s\u00f6ndags texter\",\"potentialAction\":[{\"@type\":\"SearchAction\",\"target\":{\"@type\":\"EntryPoint\",\"urlTemplate\":\"https:\/\/blogg.svenskakyrkan.se\/tankarinforhelgen\/?s={search_term_string}\"},\"query-input\":{\"@type\":\"PropertyValueSpecification\",\"valueRequired\":true,\"valueName\":\"search_term_string\"}}],\"inLanguage\":\"sv-SE\"},{\"@type\":\"Person\",\"@id\":\"https:\/\/blogg.svenskakyrkan.se\/tankarinforhelgen\/#\/schema\/person\/d822d69bf74ba8b653a523a24142ad17\",\"name\":\"Catharina Carlsson, pr\u00e4st\",\"image\":{\"@type\":\"ImageObject\",\"inLanguage\":\"sv-SE\",\"@id\":\"https:\/\/blogg.svenskakyrkan.se\/tankarinforhelgen\/#\/schema\/person\/image\/\",\"url\":\"https:\/\/secure.gravatar.com\/avatar\/a05095351d4bef3936c8e5eb4759b56ae7498e54a3370d1dbcd55cd306192198?s=96&d=mm&r=g\",\"contentUrl\":\"https:\/\/secure.gravatar.com\/avatar\/a05095351d4bef3936c8e5eb4759b56ae7498e54a3370d1dbcd55cd306192198?s=96&d=mm&r=g\",\"caption\":\"Catharina Carlsson, pr\u00e4st\"},\"url\":\"https:\/\/blogg.svenskakyrkan.se\/tankarinforhelgen\/author\/catharinacarlsson\/\"}]}<\/script>\n<!-- \/ Yoast SEO plugin. -->","yoast_head_json":{"title":"Det handlar om oss - Tankar inf\u00f6r helgen","robots":{"index":"index","follow":"follow","max-snippet":"max-snippet:-1","max-image-preview":"max-image-preview:large","max-video-preview":"max-video-preview:-1"},"canonical":"https:\/\/blogg.svenskakyrkan.se\/tankarinforhelgen\/2019\/04\/25\/det-handlar-om-oss\/","og_locale":"sv_SE","og_type":"article","og_title":"Det handlar om oss - Tankar inf\u00f6r helgen","og_description":"Har du n\u00e5gon g\u00e5ng l\u00e4st en bok eller h\u00f6rt en s\u00e5ng och t\u00e4nkt &#8211; det handlar om mig! Det h\u00e4nder mig ibland n\u00e4r jag l\u00e4ser Bibelns ber\u00e4ttelser. Jag skulle ocks\u00e5 st\u00f6kat runt som Marta om Jesus var p\u00e5 bes\u00f6k hemma hos mig. Jag hade ocks\u00e5 blivit arg som Mose om mina v\u00e4nner hittade p\u00e5 en [&hellip;]","og_url":"https:\/\/blogg.svenskakyrkan.se\/tankarinforhelgen\/2019\/04\/25\/det-handlar-om-oss\/","og_site_name":"Tankar inf\u00f6r helgen","article_published_time":"2019-04-25T09:32:04+00:00","article_modified_time":"2019-04-25T09:32:16+00:00","author":"Catharina Carlsson, pr\u00e4st","twitter_card":"summary_large_image","twitter_misc":{"Skriven av":"Catharina Carlsson, pr\u00e4st","Ber\u00e4knad l\u00e4stid":"3 minuter"},"schema":{"@context":"https:\/\/schema.org","@graph":[{"@type":"Article","@id":"https:\/\/blogg.svenskakyrkan.se\/tankarinforhelgen\/2019\/04\/25\/det-handlar-om-oss\/#article","isPartOf":{"@id":"https:\/\/blogg.svenskakyrkan.se\/tankarinforhelgen\/2019\/04\/25\/det-handlar-om-oss\/"},"author":{"name":"Catharina Carlsson, pr\u00e4st","@id":"https:\/\/blogg.svenskakyrkan.se\/tankarinforhelgen\/#\/schema\/person\/d822d69bf74ba8b653a523a24142ad17"},"headline":"Det handlar om oss","datePublished":"2019-04-25T09:32:04+00:00","dateModified":"2019-04-25T09:32:16+00:00","mainEntityOfPage":{"@id":"https:\/\/blogg.svenskakyrkan.se\/tankarinforhelgen\/2019\/04\/25\/det-handlar-om-oss\/"},"wordCount":674,"commentCount":6,"image":{"@id":"https:\/\/blogg.svenskakyrkan.se\/tankarinforhelgen\/2019\/04\/25\/det-handlar-om-oss\/#primaryimage"},"thumbnailUrl":"https:\/\/blogg.svenskakyrkan.se\/tankarinforhelgen\/files\/2019\/04\/90887FDE-E09F-4A0F-B672-394E2D46D181.jpeg","keywords":["Catharina Carlsson","TANKARINFORHELGEN"],"articleSection":["Andra s\u00f6ndagen i p\u00e5sktiden"],"inLanguage":"sv-SE","potentialAction":[{"@type":"CommentAction","name":"Comment","target":["https:\/\/blogg.svenskakyrkan.se\/tankarinforhelgen\/2019\/04\/25\/det-handlar-om-oss\/#respond"]}]},{"@type":"WebPage","@id":"https:\/\/blogg.svenskakyrkan.se\/tankarinforhelgen\/2019\/04\/25\/det-handlar-om-oss\/","url":"https:\/\/blogg.svenskakyrkan.se\/tankarinforhelgen\/2019\/04\/25\/det-handlar-om-oss\/","name":"Det handlar om oss - Tankar inf\u00f6r helgen","isPartOf":{"@id":"https:\/\/blogg.svenskakyrkan.se\/tankarinforhelgen\/#website"},"primaryImageOfPage":{"@id":"https:\/\/blogg.svenskakyrkan.se\/tankarinforhelgen\/2019\/04\/25\/det-handlar-om-oss\/#primaryimage"},"image":{"@id":"https:\/\/blogg.svenskakyrkan.se\/tankarinforhelgen\/2019\/04\/25\/det-handlar-om-oss\/#primaryimage"},"thumbnailUrl":"https:\/\/blogg.svenskakyrkan.se\/tankarinforhelgen\/files\/2019\/04\/90887FDE-E09F-4A0F-B672-394E2D46D181.jpeg","datePublished":"2019-04-25T09:32:04+00:00","dateModified":"2019-04-25T09:32:16+00:00","author":{"@id":"https:\/\/blogg.svenskakyrkan.se\/tankarinforhelgen\/#\/schema\/person\/d822d69bf74ba8b653a523a24142ad17"},"breadcrumb":{"@id":"https:\/\/blogg.svenskakyrkan.se\/tankarinforhelgen\/2019\/04\/25\/det-handlar-om-oss\/#breadcrumb"},"inLanguage":"sv-SE","potentialAction":[{"@type":"ReadAction","target":["https:\/\/blogg.svenskakyrkan.se\/tankarinforhelgen\/2019\/04\/25\/det-handlar-om-oss\/"]}]},{"@type":"ImageObject","inLanguage":"sv-SE","@id":"https:\/\/blogg.svenskakyrkan.se\/tankarinforhelgen\/2019\/04\/25\/det-handlar-om-oss\/#primaryimage","url":"https:\/\/blogg.svenskakyrkan.se\/tankarinforhelgen\/files\/2019\/04\/90887FDE-E09F-4A0F-B672-394E2D46D181.jpeg","contentUrl":"https:\/\/blogg.svenskakyrkan.se\/tankarinforhelgen\/files\/2019\/04\/90887FDE-E09F-4A0F-B672-394E2D46D181.jpeg","width":1572,"height":1107},{"@type":"BreadcrumbList","@id":"https:\/\/blogg.svenskakyrkan.se\/tankarinforhelgen\/2019\/04\/25\/det-handlar-om-oss\/#breadcrumb","itemListElement":[{"@type":"ListItem","position":1,"name":"Hem","item":"https:\/\/blogg.svenskakyrkan.se\/tankarinforhelgen\/"},{"@type":"ListItem","position":2,"name":"Det handlar om oss"}]},{"@type":"WebSite","@id":"https:\/\/blogg.svenskakyrkan.se\/tankarinforhelgen\/#website","url":"https:\/\/blogg.svenskakyrkan.se\/tankarinforhelgen\/","name":"Tankar inf\u00f6r helgen","description":"Pr\u00e4ster funderar utifr\u00e5n kommande s\u00f6ndags texter","potentialAction":[{"@type":"SearchAction","target":{"@type":"EntryPoint","urlTemplate":"https:\/\/blogg.svenskakyrkan.se\/tankarinforhelgen\/?s={search_term_string}"},"query-input":{"@type":"PropertyValueSpecification","valueRequired":true,"valueName":"search_term_string"}}],"inLanguage":"sv-SE"},{"@type":"Person","@id":"https:\/\/blogg.svenskakyrkan.se\/tankarinforhelgen\/#\/schema\/person\/d822d69bf74ba8b653a523a24142ad17","name":"Catharina Carlsson, pr\u00e4st","image":{"@type":"ImageObject","inLanguage":"sv-SE","@id":"https:\/\/blogg.svenskakyrkan.se\/tankarinforhelgen\/#\/schema\/person\/image\/","url":"https:\/\/secure.gravatar.com\/avatar\/a05095351d4bef3936c8e5eb4759b56ae7498e54a3370d1dbcd55cd306192198?s=96&d=mm&r=g","contentUrl":"https:\/\/secure.gravatar.com\/avatar\/a05095351d4bef3936c8e5eb4759b56ae7498e54a3370d1dbcd55cd306192198?s=96&d=mm&r=g","caption":"Catharina Carlsson, pr\u00e4st"},"url":"https:\/\/blogg.svenskakyrkan.se\/tankarinforhelgen\/author\/catharinacarlsson\/"}]}},"author_meta":{"ID":"672","user_nicename":"catharinacarlsson","user_registered":"2018-04-10 11:22:30","display_name":"Catharina Carlsson, pr\u00e4st","first_name":"Catharina","last_name":"Carlsson, pr\u00e4st","avatar":"https:\/\/secure.gravatar.com\/avatar\/a05095351d4bef3936c8e5eb4759b56ae7498e54a3370d1dbcd55cd306192198?s=96&d=mm&r=g"},"featured_image":["https:\/\/blogg.svenskakyrkan.se\/tankarinforhelgen\/files\/2019\/04\/90887FDE-E09F-4A0F-B672-394E2D46D181-1024x721.jpeg",1024,721,true],"bloginfo":{"name":"Tankar inf\u00f6r helgen","url":"https:\/\/blogg.svenskakyrkan.se\/tankarinforhelgen"},"_links":{"self":[{"href":"https:\/\/blogg.svenskakyrkan.se\/tankarinforhelgen\/wp-json\/wp\/v2\/posts\/1676","targetHints":{"allow":["GET"]}}],"collection":[{"href":"https:\/\/blogg.svenskakyrkan.se\/tankarinforhelgen\/wp-json\/wp\/v2\/posts"}],"about":[{"href":"https:\/\/blogg.svenskakyrkan.se\/tankarinforhelgen\/wp-json\/wp\/v2\/types\/post"}],"author":[{"embeddable":true,"href":"https:\/\/blogg.svenskakyrkan.se\/tankarinforhelgen\/wp-json\/wp\/v2\/users\/672"}],"replies":[{"embeddable":true,"href":"https:\/\/blogg.svenskakyrkan.se\/tankarinforhelgen\/wp-json\/wp\/v2\/comments?post=1676"}],"version-history":[{"count":2,"href":"https:\/\/blogg.svenskakyrkan.se\/tankarinforhelgen\/wp-json\/wp\/v2\/posts\/1676\/revisions"}],"predecessor-version":[{"id":1683,"href":"https:\/\/blogg.svenskakyrkan.se\/tankarinforhelgen\/wp-json\/wp\/v2\/posts\/1676\/revisions\/1683"}],"wp:featuredmedia":[{"embeddable":true,"href":"https:\/\/blogg.svenskakyrkan.se\/tankarinforhelgen\/wp-json\/wp\/v2\/media\/1682"}],"wp:attachment":[{"href":"https:\/\/blogg.svenskakyrkan.se\/tankarinforhelgen\/wp-json\/wp\/v2\/media?parent=1676"}],"wp:term":[{"taxonomy":"category","embeddable":true,"href":"https:\/\/blogg.svenskakyrkan.se\/tankarinforhelgen\/wp-json\/wp\/v2\/categories?post=1676"},{"taxonomy":"post_tag","embeddable":true,"href":"https:\/\/blogg.svenskakyrkan.se\/tankarinforhelgen\/wp-json\/wp\/v2\/tags?post=1676"}],"curies":[{"name":"wp","href":"https:\/\/api.w.org\/{rel}","templated":true}]}}