{"id":1685,"date":"2019-05-02T14:12:13","date_gmt":"2019-05-02T12:12:13","guid":{"rendered":"http:\/\/blogg.svenskakyrkan.se\/tankarinforhelgen\/?p=1685"},"modified":"2019-05-02T14:12:26","modified_gmt":"2019-05-02T12:12:26","slug":"alskar-du-dig-sjalv","status":"publish","type":"post","link":"https:\/\/blogg.svenskakyrkan.se\/tankarinforhelgen\/2019\/05\/02\/alskar-du-dig-sjalv\/","title":{"rendered":"\u00c4lskar du dig sj\u00e4lv?"},"content":{"rendered":"<p>Du m\u00e5ste \u00e4lska dig sj\u00e4lv f\u00f6r att kunna \u00e4lska andra. En v\u00e4lk\u00e4nd &#8221;sanning&#8221;, men jag tycker det \u00e4r en elak och d\u00f6mande l\u00f6gn. F\u00f6rutom att de som inte \u00e4lskar sig sj\u00e4lv redan b\u00e4r b\u00f6rdan att inte tycka om sig sj\u00e4lv ,s\u00e5 blir deras k\u00e4rlek till andra underk\u00e4nd. Som att den k\u00e4rleken inte vore p\u00e5 riktigt. Jag har ofta k\u00e4nt att det p\u00e5st\u00e5endet skaver i mig. S\u00e5 m\u00e5nga g\u00e5nger har jag m\u00f6tt det motsatta, m\u00e4nniskor som inte tyckt om sig sj\u00e4lv men visat och gett stor k\u00e4rlek till andra.<\/p>\n<p>Jag menar inte att vi inte skulle beh\u00f6va k\u00e4rlek, det beh\u00f6ver varje m\u00e4nniska. Men k\u00e4rlek f\u00f6ruts\u00e4tter inte alltid k\u00e4rlek. Och den g\u00e5r inte att beskriva och f\u00f6rklara. Att vi p\u00e5 n\u00e5got s\u00e4tt skulle kunna avg\u00f6ra hur k\u00e4rlek fungerar och vem som kan ge k\u00e4rlek gr\u00e4nsar n\u00e4stan till h\u00f6gmod.<\/p>\n<p>Jesus s\u00e4ger aldrig att jag m\u00e5ste \u00e4lska mig sj\u00e4lv f\u00f6r att kunna \u00e4lska andra. Han pratar om att han sj\u00e4lv ger sitt liv f\u00f6r m\u00e4nniskorna. Guds k\u00e4rlek som inte verkar f\u00f6ruts\u00e4tta n\u00e5gon sj\u00e4lvk\u00e4rlek.<\/p>\n<p>Jag vet inte om det finns m\u00e4nniskor som kan \u00e4lska sig sj\u00e4lv villkorsl\u00f6st. Jag har m\u00f6tt m\u00e4nniskor som hatar sig sj\u00e4lv n\u00e4stan j\u00e4mt. Och kanske en del av oss pendlar n\u00e5gonstans d\u00e4r emellan? Och kanske g\u00e5r det f\u00f6r en del upp och ner? Vet vi ens egentligen vad det inneb\u00e4r att \u00e4lska sig sj\u00e4lv?<\/p>\n<p>Vi pratar om att Gud l\u00e4gger sin skatt i br\u00e4ckliga lerk\u00e4rl. Att vi \u00e4r de br\u00e4ckliga lerk\u00e4rlen. Att vi inte beh\u00f6ver vara perfekta. Att Gud inte kallar oss f\u00f6r att vi g\u00f6r saker bra utan kallar oss som vi \u00e4r. Att v\u00e5ra brister till och med kan bli tillg\u00e5ngar. Och samtidigt kan vi s\u00e4ga: \u201ddu m\u00e5ste \u00e4lska dig sj\u00e4lv f\u00f6r att kunna \u00e4lska andra\u201d. Jag ser en dubbelmoral. Gud s\u00e4ger faktiskt inte att vi f\u00e5r vara bristf\u00e4lliga med villkoret att vi \u00e4lskar oss sj\u00e4lva.<\/p>\n<p>Gud st\u00e4ller inte det kriteriet. Gud s\u00e4ger \u201dF\u00f6lj mig!\u201d och \u201d\u00c4lska varandra!\u201d<\/p>\n<p>Ibland har man talat om att \u00e4lska andra p\u00e5 ett s\u00e4tt som om det vore bra att f\u00f6rtrycka sig sj\u00e4lv. Idag upplever jag att vi pratar om vikten att \u00e4lska sig sj\u00e4lv. Jag har sj\u00e4lv pratat om det f\u00f6r att jag velat lyfta andra m\u00e4nniskor. Men jag tvivlar p\u00e5 att jag fattat po\u00e4ngen.<\/p>\n<p>Om jag inte kan \u00e4lska mig sj\u00e4lv? Om n\u00e5gon s\u00e4ger att jag ska \u00e4lska mig sj\u00e4lv och jag inte kan, hur blir det? \u201dDu vet v\u00e4l om att du \u00e4r v\u00e4rdefull\u201d sjungs i en psalm. Men om jag inte vet om det? K\u00e4nns inte hela tanken som ett krav d\u00e5?<\/p>\n<p>Kanske m\u00e5ste jag inte \u00e4lska mig sj\u00e4lv. Kanske beh\u00f6ver jag ist\u00e4llet uppleva Guds k\u00e4rlek till mig? M\u00e4nniskors k\u00e4rlek till mig? Kanske beh\u00f6ver jag veta att jag kan ge k\u00e4rlek till andra? Att veta att min k\u00e4rlek till andra faktiskt duger v\u00e4ldigt bra \u00e4ven n\u00e4r jag inte tycker om mig sj\u00e4lv?<\/p>\n<p>Jag fick fr\u00e5gan f\u00f6r ett tag sedan: \u201dHur f\u00e5r man tillit till sig sj\u00e4lv och Gud?\u201d Jag hade inget bra svar. Men kanske \u00e4r en del av svaret att f\u00e5 uppleva sig \u00e4lskad av Gud och m\u00e4nniskor? Att bli sedd p\u00e5 riktigt? Min k\u00e4rlek till andra \u00e4r riktig, viktig och duger. Precis som den \u00e4r. Precis som jag duger, precis som jag \u00e4r.<\/p>\n","protected":false},"excerpt":{"rendered":"<p>Du m\u00e5ste \u00e4lska dig sj\u00e4lv f\u00f6r att kunna \u00e4lska andra. En v\u00e4lk\u00e4nd &#8221;sanning&#8221;, men jag tycker det \u00e4r en elak och d\u00f6mande l\u00f6gn. F\u00f6rutom att de som inte \u00e4lskar sig sj\u00e4lv redan b\u00e4r b\u00f6rdan att inte tycka om sig sj\u00e4lv ,s\u00e5 blir deras k\u00e4rlek till andra underk\u00e4nd. Som att den k\u00e4rleken inte vore p\u00e5 riktigt. [&hellip;]<\/p>\n","protected":false},"author":663,"featured_media":1688,"comment_status":"open","ping_status":"open","sticky":false,"template":"","format":"standard","meta":{"_acf_changed":false,"footnotes":""},"categories":[136870],"tags":[142460,142457],"class_list":["post-1685","post","type-post","status-publish","format-standard","has-post-thumbnail","hentry","category-tredje-sondagen-i-pasktiden","tag-agneta-holmstrom","tag-tankarinforhelgen"],"acf":[],"yoast_head":"<!-- This site is optimized with the Yoast SEO plugin v27.1.1 - https:\/\/yoast.com\/product\/yoast-seo-wordpress\/ -->\n<title>\u00c4lskar du dig sj\u00e4lv? - Tankar inf\u00f6r helgen<\/title>\n<meta name=\"robots\" content=\"index, follow, max-snippet:-1, max-image-preview:large, max-video-preview:-1\" \/>\n<link rel=\"canonical\" href=\"https:\/\/blogg.svenskakyrkan.se\/tankarinforhelgen\/2019\/05\/02\/alskar-du-dig-sjalv\/\" \/>\n<meta property=\"og:locale\" content=\"sv_SE\" \/>\n<meta property=\"og:type\" content=\"article\" \/>\n<meta property=\"og:title\" content=\"\u00c4lskar du dig sj\u00e4lv? - Tankar inf\u00f6r helgen\" \/>\n<meta property=\"og:description\" content=\"Du m\u00e5ste \u00e4lska dig sj\u00e4lv f\u00f6r att kunna \u00e4lska andra. En v\u00e4lk\u00e4nd &#8221;sanning&#8221;, men jag tycker det \u00e4r en elak och d\u00f6mande l\u00f6gn. F\u00f6rutom att de som inte \u00e4lskar sig sj\u00e4lv redan b\u00e4r b\u00f6rdan att inte tycka om sig sj\u00e4lv ,s\u00e5 blir deras k\u00e4rlek till andra underk\u00e4nd. Som att den k\u00e4rleken inte vore p\u00e5 riktigt. [&hellip;]\" \/>\n<meta property=\"og:url\" content=\"https:\/\/blogg.svenskakyrkan.se\/tankarinforhelgen\/2019\/05\/02\/alskar-du-dig-sjalv\/\" \/>\n<meta property=\"og:site_name\" content=\"Tankar inf\u00f6r helgen\" \/>\n<meta property=\"article:published_time\" content=\"2019-05-02T12:12:13+00:00\" \/>\n<meta property=\"article:modified_time\" content=\"2019-05-02T12:12:26+00:00\" \/>\n<meta name=\"author\" content=\"Agneta Holmstr\u00f6m, pr\u00e4st\" \/>\n<meta name=\"twitter:card\" content=\"summary_large_image\" \/>\n<meta name=\"twitter:label1\" content=\"Skriven av\" \/>\n\t<meta name=\"twitter:data1\" content=\"Agneta Holmstr\u00f6m, pr\u00e4st\" \/>\n\t<meta name=\"twitter:label2\" content=\"Ber\u00e4knad l\u00e4stid\" \/>\n\t<meta name=\"twitter:data2\" content=\"3 minuter\" \/>\n<script type=\"application\/ld+json\" class=\"yoast-schema-graph\">{\"@context\":\"https:\/\/schema.org\",\"@graph\":[{\"@type\":\"Article\",\"@id\":\"https:\/\/blogg.svenskakyrkan.se\/tankarinforhelgen\/2019\/05\/02\/alskar-du-dig-sjalv\/#article\",\"isPartOf\":{\"@id\":\"https:\/\/blogg.svenskakyrkan.se\/tankarinforhelgen\/2019\/05\/02\/alskar-du-dig-sjalv\/\"},\"author\":{\"name\":\"Agneta Holmstr\u00f6m, pr\u00e4st\",\"@id\":\"https:\/\/blogg.svenskakyrkan.se\/tankarinforhelgen\/#\/schema\/person\/6e2f249737f65007a8daf203ed669cb1\"},\"headline\":\"\u00c4lskar du dig sj\u00e4lv?\",\"datePublished\":\"2019-05-02T12:12:13+00:00\",\"dateModified\":\"2019-05-02T12:12:26+00:00\",\"mainEntityOfPage\":{\"@id\":\"https:\/\/blogg.svenskakyrkan.se\/tankarinforhelgen\/2019\/05\/02\/alskar-du-dig-sjalv\/\"},\"wordCount\":664,\"commentCount\":9,\"image\":{\"@id\":\"https:\/\/blogg.svenskakyrkan.se\/tankarinforhelgen\/2019\/05\/02\/alskar-du-dig-sjalv\/#primaryimage\"},\"thumbnailUrl\":\"https:\/\/blogg.svenskakyrkan.se\/tankarinforhelgen\/files\/2019\/05\/f\u00f6nsterhj\u00e4rta.jpg\",\"keywords\":[\"Agneta Holmstr\u00f6m\",\"TANKARINFORHELGEN\"],\"articleSection\":[\"Tredje s\u00f6ndagen i p\u00e5sktiden\"],\"inLanguage\":\"sv-SE\",\"potentialAction\":[{\"@type\":\"CommentAction\",\"name\":\"Comment\",\"target\":[\"https:\/\/blogg.svenskakyrkan.se\/tankarinforhelgen\/2019\/05\/02\/alskar-du-dig-sjalv\/#respond\"]}]},{\"@type\":\"WebPage\",\"@id\":\"https:\/\/blogg.svenskakyrkan.se\/tankarinforhelgen\/2019\/05\/02\/alskar-du-dig-sjalv\/\",\"url\":\"https:\/\/blogg.svenskakyrkan.se\/tankarinforhelgen\/2019\/05\/02\/alskar-du-dig-sjalv\/\",\"name\":\"\u00c4lskar du dig sj\u00e4lv? - Tankar inf\u00f6r helgen\",\"isPartOf\":{\"@id\":\"https:\/\/blogg.svenskakyrkan.se\/tankarinforhelgen\/#website\"},\"primaryImageOfPage\":{\"@id\":\"https:\/\/blogg.svenskakyrkan.se\/tankarinforhelgen\/2019\/05\/02\/alskar-du-dig-sjalv\/#primaryimage\"},\"image\":{\"@id\":\"https:\/\/blogg.svenskakyrkan.se\/tankarinforhelgen\/2019\/05\/02\/alskar-du-dig-sjalv\/#primaryimage\"},\"thumbnailUrl\":\"https:\/\/blogg.svenskakyrkan.se\/tankarinforhelgen\/files\/2019\/05\/f\u00f6nsterhj\u00e4rta.jpg\",\"datePublished\":\"2019-05-02T12:12:13+00:00\",\"dateModified\":\"2019-05-02T12:12:26+00:00\",\"author\":{\"@id\":\"https:\/\/blogg.svenskakyrkan.se\/tankarinforhelgen\/#\/schema\/person\/6e2f249737f65007a8daf203ed669cb1\"},\"breadcrumb\":{\"@id\":\"https:\/\/blogg.svenskakyrkan.se\/tankarinforhelgen\/2019\/05\/02\/alskar-du-dig-sjalv\/#breadcrumb\"},\"inLanguage\":\"sv-SE\",\"potentialAction\":[{\"@type\":\"ReadAction\",\"target\":[\"https:\/\/blogg.svenskakyrkan.se\/tankarinforhelgen\/2019\/05\/02\/alskar-du-dig-sjalv\/\"]}]},{\"@type\":\"ImageObject\",\"inLanguage\":\"sv-SE\",\"@id\":\"https:\/\/blogg.svenskakyrkan.se\/tankarinforhelgen\/2019\/05\/02\/alskar-du-dig-sjalv\/#primaryimage\",\"url\":\"https:\/\/blogg.svenskakyrkan.se\/tankarinforhelgen\/files\/2019\/05\/f\u00f6nsterhj\u00e4rta.jpg\",\"contentUrl\":\"https:\/\/blogg.svenskakyrkan.se\/tankarinforhelgen\/files\/2019\/05\/f\u00f6nsterhj\u00e4rta.jpg\",\"width\":502,\"height\":466},{\"@type\":\"BreadcrumbList\",\"@id\":\"https:\/\/blogg.svenskakyrkan.se\/tankarinforhelgen\/2019\/05\/02\/alskar-du-dig-sjalv\/#breadcrumb\",\"itemListElement\":[{\"@type\":\"ListItem\",\"position\":1,\"name\":\"Hem\",\"item\":\"https:\/\/blogg.svenskakyrkan.se\/tankarinforhelgen\/\"},{\"@type\":\"ListItem\",\"position\":2,\"name\":\"\u00c4lskar du dig sj\u00e4lv?\"}]},{\"@type\":\"WebSite\",\"@id\":\"https:\/\/blogg.svenskakyrkan.se\/tankarinforhelgen\/#website\",\"url\":\"https:\/\/blogg.svenskakyrkan.se\/tankarinforhelgen\/\",\"name\":\"Tankar inf\u00f6r helgen\",\"description\":\"Pr\u00e4ster funderar utifr\u00e5n kommande s\u00f6ndags texter\",\"potentialAction\":[{\"@type\":\"SearchAction\",\"target\":{\"@type\":\"EntryPoint\",\"urlTemplate\":\"https:\/\/blogg.svenskakyrkan.se\/tankarinforhelgen\/?s={search_term_string}\"},\"query-input\":{\"@type\":\"PropertyValueSpecification\",\"valueRequired\":true,\"valueName\":\"search_term_string\"}}],\"inLanguage\":\"sv-SE\"},{\"@type\":\"Person\",\"@id\":\"https:\/\/blogg.svenskakyrkan.se\/tankarinforhelgen\/#\/schema\/person\/6e2f249737f65007a8daf203ed669cb1\",\"name\":\"Agneta Holmstr\u00f6m, pr\u00e4st\",\"image\":{\"@type\":\"ImageObject\",\"inLanguage\":\"sv-SE\",\"@id\":\"https:\/\/blogg.svenskakyrkan.se\/tankarinforhelgen\/#\/schema\/person\/image\/\",\"url\":\"https:\/\/secure.gravatar.com\/avatar\/a47a1c72651dc25e0dbb01297c5f1384bc6800dd38d27c6e571be8465e3efe02?s=96&d=mm&r=g\",\"contentUrl\":\"https:\/\/secure.gravatar.com\/avatar\/a47a1c72651dc25e0dbb01297c5f1384bc6800dd38d27c6e571be8465e3efe02?s=96&d=mm&r=g\",\"caption\":\"Agneta Holmstr\u00f6m, pr\u00e4st\"},\"url\":\"https:\/\/blogg.svenskakyrkan.se\/tankarinforhelgen\/author\/agnetaholmstrom\/\"}]}<\/script>\n<!-- \/ Yoast SEO plugin. -->","yoast_head_json":{"title":"\u00c4lskar du dig sj\u00e4lv? - Tankar inf\u00f6r helgen","robots":{"index":"index","follow":"follow","max-snippet":"max-snippet:-1","max-image-preview":"max-image-preview:large","max-video-preview":"max-video-preview:-1"},"canonical":"https:\/\/blogg.svenskakyrkan.se\/tankarinforhelgen\/2019\/05\/02\/alskar-du-dig-sjalv\/","og_locale":"sv_SE","og_type":"article","og_title":"\u00c4lskar du dig sj\u00e4lv? - Tankar inf\u00f6r helgen","og_description":"Du m\u00e5ste \u00e4lska dig sj\u00e4lv f\u00f6r att kunna \u00e4lska andra. En v\u00e4lk\u00e4nd &#8221;sanning&#8221;, men jag tycker det \u00e4r en elak och d\u00f6mande l\u00f6gn. F\u00f6rutom att de som inte \u00e4lskar sig sj\u00e4lv redan b\u00e4r b\u00f6rdan att inte tycka om sig sj\u00e4lv ,s\u00e5 blir deras k\u00e4rlek till andra underk\u00e4nd. Som att den k\u00e4rleken inte vore p\u00e5 riktigt. [&hellip;]","og_url":"https:\/\/blogg.svenskakyrkan.se\/tankarinforhelgen\/2019\/05\/02\/alskar-du-dig-sjalv\/","og_site_name":"Tankar inf\u00f6r helgen","article_published_time":"2019-05-02T12:12:13+00:00","article_modified_time":"2019-05-02T12:12:26+00:00","author":"Agneta Holmstr\u00f6m, pr\u00e4st","twitter_card":"summary_large_image","twitter_misc":{"Skriven av":"Agneta Holmstr\u00f6m, pr\u00e4st","Ber\u00e4knad l\u00e4stid":"3 minuter"},"schema":{"@context":"https:\/\/schema.org","@graph":[{"@type":"Article","@id":"https:\/\/blogg.svenskakyrkan.se\/tankarinforhelgen\/2019\/05\/02\/alskar-du-dig-sjalv\/#article","isPartOf":{"@id":"https:\/\/blogg.svenskakyrkan.se\/tankarinforhelgen\/2019\/05\/02\/alskar-du-dig-sjalv\/"},"author":{"name":"Agneta Holmstr\u00f6m, pr\u00e4st","@id":"https:\/\/blogg.svenskakyrkan.se\/tankarinforhelgen\/#\/schema\/person\/6e2f249737f65007a8daf203ed669cb1"},"headline":"\u00c4lskar du dig sj\u00e4lv?","datePublished":"2019-05-02T12:12:13+00:00","dateModified":"2019-05-02T12:12:26+00:00","mainEntityOfPage":{"@id":"https:\/\/blogg.svenskakyrkan.se\/tankarinforhelgen\/2019\/05\/02\/alskar-du-dig-sjalv\/"},"wordCount":664,"commentCount":9,"image":{"@id":"https:\/\/blogg.svenskakyrkan.se\/tankarinforhelgen\/2019\/05\/02\/alskar-du-dig-sjalv\/#primaryimage"},"thumbnailUrl":"https:\/\/blogg.svenskakyrkan.se\/tankarinforhelgen\/files\/2019\/05\/f\u00f6nsterhj\u00e4rta.jpg","keywords":["Agneta Holmstr\u00f6m","TANKARINFORHELGEN"],"articleSection":["Tredje s\u00f6ndagen i p\u00e5sktiden"],"inLanguage":"sv-SE","potentialAction":[{"@type":"CommentAction","name":"Comment","target":["https:\/\/blogg.svenskakyrkan.se\/tankarinforhelgen\/2019\/05\/02\/alskar-du-dig-sjalv\/#respond"]}]},{"@type":"WebPage","@id":"https:\/\/blogg.svenskakyrkan.se\/tankarinforhelgen\/2019\/05\/02\/alskar-du-dig-sjalv\/","url":"https:\/\/blogg.svenskakyrkan.se\/tankarinforhelgen\/2019\/05\/02\/alskar-du-dig-sjalv\/","name":"\u00c4lskar du dig sj\u00e4lv? - Tankar inf\u00f6r helgen","isPartOf":{"@id":"https:\/\/blogg.svenskakyrkan.se\/tankarinforhelgen\/#website"},"primaryImageOfPage":{"@id":"https:\/\/blogg.svenskakyrkan.se\/tankarinforhelgen\/2019\/05\/02\/alskar-du-dig-sjalv\/#primaryimage"},"image":{"@id":"https:\/\/blogg.svenskakyrkan.se\/tankarinforhelgen\/2019\/05\/02\/alskar-du-dig-sjalv\/#primaryimage"},"thumbnailUrl":"https:\/\/blogg.svenskakyrkan.se\/tankarinforhelgen\/files\/2019\/05\/f\u00f6nsterhj\u00e4rta.jpg","datePublished":"2019-05-02T12:12:13+00:00","dateModified":"2019-05-02T12:12:26+00:00","author":{"@id":"https:\/\/blogg.svenskakyrkan.se\/tankarinforhelgen\/#\/schema\/person\/6e2f249737f65007a8daf203ed669cb1"},"breadcrumb":{"@id":"https:\/\/blogg.svenskakyrkan.se\/tankarinforhelgen\/2019\/05\/02\/alskar-du-dig-sjalv\/#breadcrumb"},"inLanguage":"sv-SE","potentialAction":[{"@type":"ReadAction","target":["https:\/\/blogg.svenskakyrkan.se\/tankarinforhelgen\/2019\/05\/02\/alskar-du-dig-sjalv\/"]}]},{"@type":"ImageObject","inLanguage":"sv-SE","@id":"https:\/\/blogg.svenskakyrkan.se\/tankarinforhelgen\/2019\/05\/02\/alskar-du-dig-sjalv\/#primaryimage","url":"https:\/\/blogg.svenskakyrkan.se\/tankarinforhelgen\/files\/2019\/05\/f\u00f6nsterhj\u00e4rta.jpg","contentUrl":"https:\/\/blogg.svenskakyrkan.se\/tankarinforhelgen\/files\/2019\/05\/f\u00f6nsterhj\u00e4rta.jpg","width":502,"height":466},{"@type":"BreadcrumbList","@id":"https:\/\/blogg.svenskakyrkan.se\/tankarinforhelgen\/2019\/05\/02\/alskar-du-dig-sjalv\/#breadcrumb","itemListElement":[{"@type":"ListItem","position":1,"name":"Hem","item":"https:\/\/blogg.svenskakyrkan.se\/tankarinforhelgen\/"},{"@type":"ListItem","position":2,"name":"\u00c4lskar du dig sj\u00e4lv?"}]},{"@type":"WebSite","@id":"https:\/\/blogg.svenskakyrkan.se\/tankarinforhelgen\/#website","url":"https:\/\/blogg.svenskakyrkan.se\/tankarinforhelgen\/","name":"Tankar inf\u00f6r helgen","description":"Pr\u00e4ster funderar utifr\u00e5n kommande s\u00f6ndags texter","potentialAction":[{"@type":"SearchAction","target":{"@type":"EntryPoint","urlTemplate":"https:\/\/blogg.svenskakyrkan.se\/tankarinforhelgen\/?s={search_term_string}"},"query-input":{"@type":"PropertyValueSpecification","valueRequired":true,"valueName":"search_term_string"}}],"inLanguage":"sv-SE"},{"@type":"Person","@id":"https:\/\/blogg.svenskakyrkan.se\/tankarinforhelgen\/#\/schema\/person\/6e2f249737f65007a8daf203ed669cb1","name":"Agneta Holmstr\u00f6m, pr\u00e4st","image":{"@type":"ImageObject","inLanguage":"sv-SE","@id":"https:\/\/blogg.svenskakyrkan.se\/tankarinforhelgen\/#\/schema\/person\/image\/","url":"https:\/\/secure.gravatar.com\/avatar\/a47a1c72651dc25e0dbb01297c5f1384bc6800dd38d27c6e571be8465e3efe02?s=96&d=mm&r=g","contentUrl":"https:\/\/secure.gravatar.com\/avatar\/a47a1c72651dc25e0dbb01297c5f1384bc6800dd38d27c6e571be8465e3efe02?s=96&d=mm&r=g","caption":"Agneta Holmstr\u00f6m, pr\u00e4st"},"url":"https:\/\/blogg.svenskakyrkan.se\/tankarinforhelgen\/author\/agnetaholmstrom\/"}]}},"author_meta":{"ID":"663","user_nicename":"agnetaholmstrom","user_registered":"2018-02-06 12:29:16","display_name":"Agneta Holmstr\u00f6m, pr\u00e4st","first_name":"Agneta","last_name":"Holmstr\u00f6m, pr\u00e4st","avatar":"https:\/\/secure.gravatar.com\/avatar\/a47a1c72651dc25e0dbb01297c5f1384bc6800dd38d27c6e571be8465e3efe02?s=96&d=mm&r=g"},"featured_image":["https:\/\/blogg.svenskakyrkan.se\/tankarinforhelgen\/files\/2019\/05\/f\u00f6nsterhj\u00e4rta.jpg",502,466,false],"bloginfo":{"name":"Tankar inf\u00f6r helgen","url":"https:\/\/blogg.svenskakyrkan.se\/tankarinforhelgen"},"_links":{"self":[{"href":"https:\/\/blogg.svenskakyrkan.se\/tankarinforhelgen\/wp-json\/wp\/v2\/posts\/1685","targetHints":{"allow":["GET"]}}],"collection":[{"href":"https:\/\/blogg.svenskakyrkan.se\/tankarinforhelgen\/wp-json\/wp\/v2\/posts"}],"about":[{"href":"https:\/\/blogg.svenskakyrkan.se\/tankarinforhelgen\/wp-json\/wp\/v2\/types\/post"}],"author":[{"embeddable":true,"href":"https:\/\/blogg.svenskakyrkan.se\/tankarinforhelgen\/wp-json\/wp\/v2\/users\/663"}],"replies":[{"embeddable":true,"href":"https:\/\/blogg.svenskakyrkan.se\/tankarinforhelgen\/wp-json\/wp\/v2\/comments?post=1685"}],"version-history":[{"count":2,"href":"https:\/\/blogg.svenskakyrkan.se\/tankarinforhelgen\/wp-json\/wp\/v2\/posts\/1685\/revisions"}],"predecessor-version":[{"id":1689,"href":"https:\/\/blogg.svenskakyrkan.se\/tankarinforhelgen\/wp-json\/wp\/v2\/posts\/1685\/revisions\/1689"}],"wp:featuredmedia":[{"embeddable":true,"href":"https:\/\/blogg.svenskakyrkan.se\/tankarinforhelgen\/wp-json\/wp\/v2\/media\/1688"}],"wp:attachment":[{"href":"https:\/\/blogg.svenskakyrkan.se\/tankarinforhelgen\/wp-json\/wp\/v2\/media?parent=1685"}],"wp:term":[{"taxonomy":"category","embeddable":true,"href":"https:\/\/blogg.svenskakyrkan.se\/tankarinforhelgen\/wp-json\/wp\/v2\/categories?post=1685"},{"taxonomy":"post_tag","embeddable":true,"href":"https:\/\/blogg.svenskakyrkan.se\/tankarinforhelgen\/wp-json\/wp\/v2\/tags?post=1685"}],"curies":[{"name":"wp","href":"https:\/\/api.w.org\/{rel}","templated":true}]}}